{"id":25192,"date":"2025-08-12T19:18:25","date_gmt":"2025-08-12T22:18:25","guid":{"rendered":"https:\/\/diarioprincipios.com\/?p=25192"},"modified":"2025-08-12T19:18:26","modified_gmt":"2025-08-12T22:18:26","slug":"sucesos-asombrosos-en-el-rio-de-la-plata-frente-a-la-costa-de-berazategui","status":"publish","type":"post","link":"https:\/\/diarioprincipios.com\/index.php\/2025\/08\/12\/sucesos-asombrosos-en-el-rio-de-la-plata-frente-a-la-costa-de-berazategui\/","title":{"rendered":"Sucesos Asombrosos en el R\u00edo de la Plata frente a la Costa de Berazategui"},"content":{"rendered":"\n<p>A lo largo del tiempo sucedieron un sin n\u00fameros de acontecimientos en el R\u00edo de Plata frente a la costa de Berazategui, en esta ocasi\u00f3n me voy a referir a tres de ellos: UNA BALLENA, UN NADADOR y UN BOMBARDERO ESTRELLADO; dejando abierta la investigaci\u00f3n para otros acontecimientos como: Los Contrabandos de Mercader\u00edas, Los Contrabandos de Esclavos, La Batalla de Punta Colares y Los cuerpos hallados con posibilidad de que sean de los denominados \u201cVuelos de la Muerte\u201d.<\/p>\n\n\n\n<p>UNA BALLENA<\/p>\n\n\n\n<p>La revista \u201cCaras y Caretas\u201d el 29 de agosto de 1903 titulaba \u201cLa Ballena Encontrada en Samboromb\u00f3n\u201d y en su primer foto \u201cEL CET\u00c1CEO EN LAS COSTAS DE CONCHITAS\u201d.<br>La nota se\u00f1alaba que todo empez\u00f3 en la Bah\u00eda de Samboromb\u00f3n, en donde el marinero Rafael Melillo y cinco compa\u00f1eros, despu\u00e9s de mucho esfuerzo lograron capturar una ballena, que med\u00eda unos 30 metros de largo por unos 7 metros de ancho. Melillo y sus compa\u00f1eros fueron a Buenos Aires a los efectos interesar al Museo Nacional para que la comprara; el Museo env\u00edo un representante para \u201cincautarse\u201d del enorme al cet\u00e1ceo. Lo que no previeron fue que la ballena herida y atada, comenz\u00f3 a desplazarse a la \u201ccosta del Tuyu\u201d; all\u00ed el \u201cVaporcito Castell\u201d, enviado por el armador Santiago Lambruschini, la amarr\u00f3 nuevamente remolc\u00e1ndola hasta la costa de Berazategui, en cuya playa se pretendi\u00f3 infructuosamente cambiar el rumbo de la embarcaci\u00f3n, fracasando todas las tentativas por la bajante del r\u00edo, siendo luego trasladada a \u201cConchitas\u201d.<br>El 5 de septiembre de 1903, en otra nota se enfatiz\u00f3, que muchos vecinos se aproximaron a ver al cet\u00e1ceo y se acerc\u00f3 hasta el lugar el Dr. Fernando Lahille, director de la Oficina Nacional de Caza y Pesca, manifestando entre otras cosas, que la ballena era de la familia de los Balenopt\u00e9ridos.<\/p>\n\n\n\n<p>Otra ballena: El 21 de abril de 2014, el diario \u201cLa Naci\u00f3n\u201d destacaba entre otras cosas, que \u201cEncontraron una ballena muerta en la costa del R\u00edo de la Plata\u201d, Seg\u00fan inform\u00f3 el Organismo Provincial para el Desarrollo Sostenible (OPDS), el cet\u00e1ceo fue hallado sin vida a la altura de Berazategui.<br>La ballena fue hallada muerta sobre uno de los m\u00e1rgenes del arroyo Conchitas, a unos 1500 metros de la l\u00ednea de la costa del R\u00edo de La Plata. Sus restos fueron rescatados por personal de la OPDS, con la colaboraci\u00f3n de la Prefectura y de personal de la ECAS del Ministerio de Asuntos Agrarios. La ballena pertenec\u00eda a la especie Berardiusarnuxii (especies de ballenas picudas); era de unos 6,40 metros de longitud y 6 unas toneladas de peso, la misma fue donada al Museo de Ciencias Naturales de La Plata.<\/p>\n\n\n\n<p>UN NADADOR:<\/p>\n\n\n\n<p>El 2 de marzo de 1964, Agenor Carlos Almada logr\u00f3 cruzar el R\u00edo de la Plata, entre la ciudad de Colonia del Sacramento en Uruguay y Hudson en Berazategui, con el agregado de haber establecido el mejor registro hasta ese momento con 19 horas 10 minutos y 30 segundos.<\/p>\n\n\n\n<figure class=\"wp-block-image size-large\"><img loading=\"lazy\" decoding=\"async\" width=\"1024\" height=\"546\" src=\"https:\/\/diarioprincipios.com\/wp-content\/uploads\/2025\/08\/Screenshot_20250812_173224_Adobe-Acrobat-1024x546.jpg\" alt=\"\" class=\"wp-image-25193\" srcset=\"https:\/\/diarioprincipios.com\/wp-content\/uploads\/2025\/08\/Screenshot_20250812_173224_Adobe-Acrobat-1024x546.jpg 1024w, https:\/\/diarioprincipios.com\/wp-content\/uploads\/2025\/08\/Screenshot_20250812_173224_Adobe-Acrobat-300x160.jpg 300w, https:\/\/diarioprincipios.com\/wp-content\/uploads\/2025\/08\/Screenshot_20250812_173224_Adobe-Acrobat-768x410.jpg 768w, https:\/\/diarioprincipios.com\/wp-content\/uploads\/2025\/08\/Screenshot_20250812_173224_Adobe-Acrobat.jpg 1080w\" sizes=\"auto, (max-width: 1024px) 100vw, 1024px\" \/><\/figure>\n\n\n\n<p><br>El logro del oriundo de San Pedro, provincia de Buenos Aires, apodado el \u00abYacar\u00e9 del Paran\u00e1\u00bb, comenz\u00f3 el domingo 1 de marzo, a las 15:30 hs cuando se lanz\u00f3 al agua desde el puerto viejo de Colonia; luego de recorrer unos 38 kil\u00f3metros arrib\u00f3 a la costa de Hudson el lunes 2 a las 10:40 hs, estableciendo un nuevo r\u00e9cord. Se convirti\u00f3 en el sexto deportista en lograr esa gesta. El record despu\u00e9s de varios a\u00f1os pas\u00f3 por distintas manos y actualmente lo tiene el nadador argentino Dami\u00e1n Blaum que uni\u00f3 Colonia y Punta Lara, 42,2 km en 9 horas 6 minutos, en el 2018.<br>Almada falleci\u00f3 el 8 de enero de 2012, a los 79 a\u00f1os. En San Pedro, para homenajearlo varios espacios p\u00fablicos llevan su nombre.<\/p>\n\n\n\n<p>UN BOMBARDERO ESTRELLADO:<\/p>\n\n\n\n<p>El 20 de octubre de 1953 por la ma\u00f1ana, el avi\u00f3n Avro Lancaster matr\u00edcula B-036 despeg\u00f3 de la VII Brigada A\u00e9rea con asiento en Mor\u00f3n. Lo piloteaba el aviador argentino Carlos Muhlenberg; lo acompa\u00f1aban Werner Baumbach en la posici\u00f3n del comando de la bomba; el radio operador Alfredo Lieberwith; el suboficial auxiliar Iv\u00e1n Viola y Karl Heinrici, uno de los responsables del proyecto PAT-1 y ex piloto de pruebas durante la Segunda Guerra Mundial.<\/p>\n\n\n\n<figure class=\"wp-block-image size-full\"><img loading=\"lazy\" decoding=\"async\" width=\"680\" height=\"991\" src=\"https:\/\/diarioprincipios.com\/wp-content\/uploads\/2025\/08\/Screenshot_20250812_173239_Adobe-Acrobat.jpg\" alt=\"\" class=\"wp-image-25194\" srcset=\"https:\/\/diarioprincipios.com\/wp-content\/uploads\/2025\/08\/Screenshot_20250812_173239_Adobe-Acrobat.jpg 680w, https:\/\/diarioprincipios.com\/wp-content\/uploads\/2025\/08\/Screenshot_20250812_173239_Adobe-Acrobat-206x300.jpg 206w\" sizes=\"auto, (max-width: 680px) 100vw, 680px\" \/><\/figure>\n\n\n\n<p><br>De acuerdo al comunicado oficial, dado a conocer el d\u00eda siguiente por el Ministerio de Aeron\u00e1utica; a las 10:40 hs uno de los motores del ala izquierda del Lancaster comenz\u00f3 a hacer fuego, como los tanques de combustible estaban completos y no todos a bordo contaban con paraca\u00eddas, el capit\u00e1n Muhlenberg decidi\u00f3 acuatizar en el R\u00edo de la Plata. Cuando el piloto estaba a punto de posar el avi\u00f3n sobre la superficie del r\u00edo, el ala izquierda toc\u00f3 el agua, provocando un impacto muy violento. El accidente sucedi\u00f3 a unos 6.000 metros frente a la costa de Berazategui. Si bien el impacto fue tremendo, el fuselaje permaneci\u00f3 completo; y pronto pudo verse con prism\u00e1ticos haciendo se\u00f1ales hacia la playa a dos tripulantes subidos al aparato. De acuerdo al diario \u201cLa Naci\u00f3n\u201d, el buque del MOP OP \u201c509-B\u201d, puso rumbo de inmediato hacia la nave que se hund\u00eda lentamente. Lograron rescatar al radio operador Lieberwith y al piloto Muhlenberg; sin embargo no hab\u00eda rastros de Baumbach, Heinrici y Viola. Tambi\u00e9n se hizo presente en cuesti\u00f3n de minutos una lancha de la Prefectura Naval de Quilmes. Al d\u00eda siguiente apareci\u00f3 el cuerpo de Baumbach y el 29 de octubre la Fragata Sarmiento encontr\u00f3 los restos de Heinrici. No existen registros del cuerpo de Viola pero se supone que tambi\u00e9n fue recuperado. El avi\u00f3n fue retirado d\u00edas m\u00e1s tarde del lecho del r\u00edo.<br>Cabe aclarar que en 1947, la Fuerza A\u00e9rea Argentina, creada en 1945, adquiri\u00f3 a la Avro inglesa varios bombarderos Lincoln y Lancaster. Estos \u00faltimos eran veteranos de la Segunda Guerra Mundial.<br>El proyecto PAT-1 (Proyectil Argentino Teledirigido 1) era uno de los primeros misiles dirigido aire &#8211; tierra. Ten\u00eda la forma de un peque\u00f1o avi\u00f3n de 3,54 metros de longitud, y en \u00e9l se alojaba la carga explosiva, el sistema de guiado, la c\u00e1mara de combusti\u00f3n y la tobera de escape. Debajo del mismo, colgaba un cuerpo cil\u00edndrico desprendible de 2,52 metros, donde se transportaban los carburantes (ox\u00edgeno y metanol). El PAT-1 era un misil guiado, para atacar a distancia con sus 500 kg de explosivo objetivos como barcos o fortificaciones terrestres. Como el guiado era visual, un operador ubicado en el avi\u00f3n, guiado por dos bengalas en la cola de la nave, controlaba con una suerte de joystick la direcci\u00f3n.<\/p>\n\n\n\n<p>Agradecimiento a Julio Mutti. u-boatargentina.blogspot.com<\/p>\n\n\n\n<p>Prof. Claudio Egisti Staniscia<br>Asociaci\u00f3n Or\u00edgenes de Berazategui<\/p>\n","protected":false},"excerpt":{"rendered":"<p>A lo largo del tiempo sucedieron un sin n\u00fameros de acontecimientos en el R\u00edo de Plata frente a la costa de Berazategui, en esta ocasi\u00f3n me voy a referir a tres de ellos: UNA BALLENA, UN NADADOR y UN BOMBARDERO ESTRELLADO; dejando abierta la investigaci\u00f3n para otros acontecimientos como: Los Contrabandos de Mercader\u00edas, Los Contrabandos&#8230;<\/p>\n","protected":false},"author":2,"featured_media":25195,"comment_status":"open","ping_status":"open","sticky":false,"template":"","format":"standard","meta":{"footnotes":""},"categories":[3],"tags":[],"class_list":["post-25192","post","type-post","status-publish","format-standard","has-post-thumbnail","hentry","category-berazategui"],"featured_image_src":"https:\/\/diarioprincipios.com\/wp-content\/uploads\/2025\/08\/Screenshot_20250812_173206_Adobe-Acrobat.jpg","blog_images":{"medium":"https:\/\/diarioprincipios.com\/wp-content\/uploads\/2025\/08\/Screenshot_20250812_173206_Adobe-Acrobat-300x166.jpg","large":"https:\/\/diarioprincipios.com\/wp-content\/uploads\/2025\/08\/Screenshot_20250812_173206_Adobe-Acrobat.jpg"},"ams_acf":[],"yoast_head":"<!-- This site is optimized with the Yoast SEO plugin v27.3 - https:\/\/yoast.com\/product\/yoast-seo-wordpress\/ -->\n<title>Sucesos Asombrosos en el R\u00edo de la Plata frente a la Costa de Berazategui - Principios<\/title>\n<meta name=\"robots\" content=\"index, follow, max-snippet:-1, max-image-preview:large, max-video-preview:-1\" \/>\n<link rel=\"canonical\" href=\"https:\/\/diarioprincipios.com\/index.php\/2025\/08\/12\/sucesos-asombrosos-en-el-rio-de-la-plata-frente-a-la-costa-de-berazategui\/\" \/>\n<meta property=\"og:locale\" content=\"es_ES\" \/>\n<meta property=\"og:type\" content=\"article\" \/>\n<meta property=\"og:title\" content=\"Sucesos Asombrosos en el R\u00edo de la Plata frente a la Costa de Berazategui - Principios\" \/>\n<meta property=\"og:description\" content=\"A lo largo del tiempo sucedieron un sin n\u00fameros de acontecimientos en el R\u00edo de Plata frente a la costa de Berazategui, en esta ocasi\u00f3n me voy a referir a tres de ellos: UNA BALLENA, UN NADADOR y UN BOMBARDERO ESTRELLADO; dejando abierta la investigaci\u00f3n para otros acontecimientos como: Los Contrabandos de Mercader\u00edas, Los Contrabandos...\" \/>\n<meta property=\"og:url\" content=\"https:\/\/diarioprincipios.com\/index.php\/2025\/08\/12\/sucesos-asombrosos-en-el-rio-de-la-plata-frente-a-la-costa-de-berazategui\/\" \/>\n<meta property=\"og:site_name\" content=\"Principios\" \/>\n<meta property=\"article:published_time\" content=\"2025-08-12T22:18:25+00:00\" \/>\n<meta property=\"article:modified_time\" content=\"2025-08-12T22:18:26+00:00\" \/>\n<meta property=\"og:image\" content=\"https:\/\/diarioprincipios.com\/wp-content\/uploads\/2025\/08\/Screenshot_20250812_173206_Adobe-Acrobat.jpg\" \/>\n\t<meta property=\"og:image:width\" content=\"985\" \/>\n\t<meta property=\"og:image:height\" content=\"544\" \/>\n\t<meta property=\"og:image:type\" content=\"image\/jpeg\" \/>\n<meta name=\"author\" content=\"Hern\u00e1n L\u00f3pez\" \/>\n<meta name=\"twitter:card\" content=\"summary_large_image\" \/>\n<meta name=\"twitter:label1\" content=\"Escrito por\" \/>\n\t<meta name=\"twitter:data1\" content=\"Hern\u00e1n L\u00f3pez\" \/>\n\t<meta name=\"twitter:label2\" content=\"Tiempo de lectura\" \/>\n\t<meta name=\"twitter:data2\" content=\"6 minutos\" \/>\n<script type=\"application\/ld+json\" class=\"yoast-schema-graph\">{\"@context\":\"https:\\\/\\\/schema.org\",\"@graph\":[{\"@type\":\"Article\",\"@id\":\"https:\\\/\\\/diarioprincipios.com\\\/index.php\\\/2025\\\/08\\\/12\\\/sucesos-asombrosos-en-el-rio-de-la-plata-frente-a-la-costa-de-berazategui\\\/#article\",\"isPartOf\":{\"@id\":\"https:\\\/\\\/diarioprincipios.com\\\/index.php\\\/2025\\\/08\\\/12\\\/sucesos-asombrosos-en-el-rio-de-la-plata-frente-a-la-costa-de-berazategui\\\/\"},\"author\":{\"name\":\"Hern\u00e1n L\u00f3pez\",\"@id\":\"https:\\\/\\\/diarioprincipios.com\\\/#\\\/schema\\\/person\\\/436d5a1fd41a5e250e23ff5a6a7cb080\"},\"headline\":\"Sucesos Asombrosos en el R\u00edo de la Plata frente a la Costa de Berazategui\",\"datePublished\":\"2025-08-12T22:18:25+00:00\",\"dateModified\":\"2025-08-12T22:18:26+00:00\",\"mainEntityOfPage\":{\"@id\":\"https:\\\/\\\/diarioprincipios.com\\\/index.php\\\/2025\\\/08\\\/12\\\/sucesos-asombrosos-en-el-rio-de-la-plata-frente-a-la-costa-de-berazategui\\\/\"},\"wordCount\":1142,\"commentCount\":0,\"publisher\":{\"@id\":\"https:\\\/\\\/diarioprincipios.com\\\/#organization\"},\"image\":{\"@id\":\"https:\\\/\\\/diarioprincipios.com\\\/index.php\\\/2025\\\/08\\\/12\\\/sucesos-asombrosos-en-el-rio-de-la-plata-frente-a-la-costa-de-berazategui\\\/#primaryimage\"},\"thumbnailUrl\":\"https:\\\/\\\/diarioprincipios.com\\\/wp-content\\\/uploads\\\/2025\\\/08\\\/Screenshot_20250812_173206_Adobe-Acrobat.jpg\",\"articleSection\":[\"Berazategui\"],\"inLanguage\":\"es\",\"potentialAction\":[{\"@type\":\"CommentAction\",\"name\":\"Comment\",\"target\":[\"https:\\\/\\\/diarioprincipios.com\\\/index.php\\\/2025\\\/08\\\/12\\\/sucesos-asombrosos-en-el-rio-de-la-plata-frente-a-la-costa-de-berazategui\\\/#respond\"]}]},{\"@type\":\"WebPage\",\"@id\":\"https:\\\/\\\/diarioprincipios.com\\\/index.php\\\/2025\\\/08\\\/12\\\/sucesos-asombrosos-en-el-rio-de-la-plata-frente-a-la-costa-de-berazategui\\\/\",\"url\":\"https:\\\/\\\/diarioprincipios.com\\\/index.php\\\/2025\\\/08\\\/12\\\/sucesos-asombrosos-en-el-rio-de-la-plata-frente-a-la-costa-de-berazategui\\\/\",\"name\":\"Sucesos Asombrosos en el R\u00edo de la Plata frente a la Costa de Berazategui - Principios\",\"isPartOf\":{\"@id\":\"https:\\\/\\\/diarioprincipios.com\\\/#website\"},\"primaryImageOfPage\":{\"@id\":\"https:\\\/\\\/diarioprincipios.com\\\/index.php\\\/2025\\\/08\\\/12\\\/sucesos-asombrosos-en-el-rio-de-la-plata-frente-a-la-costa-de-berazategui\\\/#primaryimage\"},\"image\":{\"@id\":\"https:\\\/\\\/diarioprincipios.com\\\/index.php\\\/2025\\\/08\\\/12\\\/sucesos-asombrosos-en-el-rio-de-la-plata-frente-a-la-costa-de-berazategui\\\/#primaryimage\"},\"thumbnailUrl\":\"https:\\\/\\\/diarioprincipios.com\\\/wp-content\\\/uploads\\\/2025\\\/08\\\/Screenshot_20250812_173206_Adobe-Acrobat.jpg\",\"datePublished\":\"2025-08-12T22:18:25+00:00\",\"dateModified\":\"2025-08-12T22:18:26+00:00\",\"breadcrumb\":{\"@id\":\"https:\\\/\\\/diarioprincipios.com\\\/index.php\\\/2025\\\/08\\\/12\\\/sucesos-asombrosos-en-el-rio-de-la-plata-frente-a-la-costa-de-berazategui\\\/#breadcrumb\"},\"inLanguage\":\"es\",\"potentialAction\":[{\"@type\":\"ReadAction\",\"target\":[\"https:\\\/\\\/diarioprincipios.com\\\/index.php\\\/2025\\\/08\\\/12\\\/sucesos-asombrosos-en-el-rio-de-la-plata-frente-a-la-costa-de-berazategui\\\/\"]}]},{\"@type\":\"ImageObject\",\"inLanguage\":\"es\",\"@id\":\"https:\\\/\\\/diarioprincipios.com\\\/index.php\\\/2025\\\/08\\\/12\\\/sucesos-asombrosos-en-el-rio-de-la-plata-frente-a-la-costa-de-berazategui\\\/#primaryimage\",\"url\":\"https:\\\/\\\/diarioprincipios.com\\\/wp-content\\\/uploads\\\/2025\\\/08\\\/Screenshot_20250812_173206_Adobe-Acrobat.jpg\",\"contentUrl\":\"https:\\\/\\\/diarioprincipios.com\\\/wp-content\\\/uploads\\\/2025\\\/08\\\/Screenshot_20250812_173206_Adobe-Acrobat.jpg\",\"width\":985,\"height\":544},{\"@type\":\"BreadcrumbList\",\"@id\":\"https:\\\/\\\/diarioprincipios.com\\\/index.php\\\/2025\\\/08\\\/12\\\/sucesos-asombrosos-en-el-rio-de-la-plata-frente-a-la-costa-de-berazategui\\\/#breadcrumb\",\"itemListElement\":[{\"@type\":\"ListItem\",\"position\":1,\"name\":\"Portada\",\"item\":\"https:\\\/\\\/diarioprincipios.com\\\/\"},{\"@type\":\"ListItem\",\"position\":2,\"name\":\"Sucesos Asombrosos en el R\u00edo de la Plata frente a la Costa de Berazategui\"}]},{\"@type\":\"WebSite\",\"@id\":\"https:\\\/\\\/diarioprincipios.com\\\/#website\",\"url\":\"https:\\\/\\\/diarioprincipios.com\\\/\",\"name\":\"Principios\",\"description\":\"Principios Diario\",\"publisher\":{\"@id\":\"https:\\\/\\\/diarioprincipios.com\\\/#organization\"},\"potentialAction\":[{\"@type\":\"SearchAction\",\"target\":{\"@type\":\"EntryPoint\",\"urlTemplate\":\"https:\\\/\\\/diarioprincipios.com\\\/?s={search_term_string}\"},\"query-input\":{\"@type\":\"PropertyValueSpecification\",\"valueRequired\":true,\"valueName\":\"search_term_string\"}}],\"inLanguage\":\"es\"},{\"@type\":\"Organization\",\"@id\":\"https:\\\/\\\/diarioprincipios.com\\\/#organization\",\"name\":\"Principios\",\"url\":\"https:\\\/\\\/diarioprincipios.com\\\/\",\"logo\":{\"@type\":\"ImageObject\",\"inLanguage\":\"es\",\"@id\":\"https:\\\/\\\/diarioprincipios.com\\\/#\\\/schema\\\/logo\\\/image\\\/\",\"url\":\"https:\\\/\\\/diarioprincipios.com\\\/wp-content\\\/uploads\\\/2024\\\/04\\\/cropped-www.diarioprincipios.com_-1.png\",\"contentUrl\":\"https:\\\/\\\/diarioprincipios.com\\\/wp-content\\\/uploads\\\/2024\\\/04\\\/cropped-www.diarioprincipios.com_-1.png\",\"width\":5325,\"height\":1454,\"caption\":\"Principios\"},\"image\":{\"@id\":\"https:\\\/\\\/diarioprincipios.com\\\/#\\\/schema\\\/logo\\\/image\\\/\"}},{\"@type\":\"Person\",\"@id\":\"https:\\\/\\\/diarioprincipios.com\\\/#\\\/schema\\\/person\\\/436d5a1fd41a5e250e23ff5a6a7cb080\",\"name\":\"Hern\u00e1n L\u00f3pez\",\"image\":{\"@type\":\"ImageObject\",\"inLanguage\":\"es\",\"@id\":\"https:\\\/\\\/diarioprincipios.com\\\/wp-content\\\/litespeed\\\/avatar\\\/11ddfe5610ff3bd100522525b2571f48.jpg?ver=1777653193\",\"url\":\"https:\\\/\\\/diarioprincipios.com\\\/wp-content\\\/litespeed\\\/avatar\\\/11ddfe5610ff3bd100522525b2571f48.jpg?ver=1777653193\",\"contentUrl\":\"https:\\\/\\\/diarioprincipios.com\\\/wp-content\\\/litespeed\\\/avatar\\\/11ddfe5610ff3bd100522525b2571f48.jpg?ver=1777653193\",\"caption\":\"Hern\u00e1n L\u00f3pez\"},\"url\":\"https:\\\/\\\/diarioprincipios.com\\\/index.php\\\/author\\\/hernan\\\/\"}]}<\/script>\n<!-- \/ Yoast SEO plugin. -->","yoast_head_json":{"title":"Sucesos Asombrosos en el R\u00edo de la Plata frente a la Costa de Berazategui - Principios","robots":{"index":"index","follow":"follow","max-snippet":"max-snippet:-1","max-image-preview":"max-image-preview:large","max-video-preview":"max-video-preview:-1"},"canonical":"https:\/\/diarioprincipios.com\/index.php\/2025\/08\/12\/sucesos-asombrosos-en-el-rio-de-la-plata-frente-a-la-costa-de-berazategui\/","og_locale":"es_ES","og_type":"article","og_title":"Sucesos Asombrosos en el R\u00edo de la Plata frente a la Costa de Berazategui - Principios","og_description":"A lo largo del tiempo sucedieron un sin n\u00fameros de acontecimientos en el R\u00edo de Plata frente a la costa de Berazategui, en esta ocasi\u00f3n me voy a referir a tres de ellos: UNA BALLENA, UN NADADOR y UN BOMBARDERO ESTRELLADO; dejando abierta la investigaci\u00f3n para otros acontecimientos como: Los Contrabandos de Mercader\u00edas, Los Contrabandos...","og_url":"https:\/\/diarioprincipios.com\/index.php\/2025\/08\/12\/sucesos-asombrosos-en-el-rio-de-la-plata-frente-a-la-costa-de-berazategui\/","og_site_name":"Principios","article_published_time":"2025-08-12T22:18:25+00:00","article_modified_time":"2025-08-12T22:18:26+00:00","og_image":[{"width":985,"height":544,"url":"https:\/\/diarioprincipios.com\/wp-content\/uploads\/2025\/08\/Screenshot_20250812_173206_Adobe-Acrobat.jpg","type":"image\/jpeg"}],"author":"Hern\u00e1n L\u00f3pez","twitter_card":"summary_large_image","twitter_misc":{"Escrito por":"Hern\u00e1n L\u00f3pez","Tiempo de lectura":"6 minutos"},"schema":{"@context":"https:\/\/schema.org","@graph":[{"@type":"Article","@id":"https:\/\/diarioprincipios.com\/index.php\/2025\/08\/12\/sucesos-asombrosos-en-el-rio-de-la-plata-frente-a-la-costa-de-berazategui\/#article","isPartOf":{"@id":"https:\/\/diarioprincipios.com\/index.php\/2025\/08\/12\/sucesos-asombrosos-en-el-rio-de-la-plata-frente-a-la-costa-de-berazategui\/"},"author":{"name":"Hern\u00e1n L\u00f3pez","@id":"https:\/\/diarioprincipios.com\/#\/schema\/person\/436d5a1fd41a5e250e23ff5a6a7cb080"},"headline":"Sucesos Asombrosos en el R\u00edo de la Plata frente a la Costa de Berazategui","datePublished":"2025-08-12T22:18:25+00:00","dateModified":"2025-08-12T22:18:26+00:00","mainEntityOfPage":{"@id":"https:\/\/diarioprincipios.com\/index.php\/2025\/08\/12\/sucesos-asombrosos-en-el-rio-de-la-plata-frente-a-la-costa-de-berazategui\/"},"wordCount":1142,"commentCount":0,"publisher":{"@id":"https:\/\/diarioprincipios.com\/#organization"},"image":{"@id":"https:\/\/diarioprincipios.com\/index.php\/2025\/08\/12\/sucesos-asombrosos-en-el-rio-de-la-plata-frente-a-la-costa-de-berazategui\/#primaryimage"},"thumbnailUrl":"https:\/\/diarioprincipios.com\/wp-content\/uploads\/2025\/08\/Screenshot_20250812_173206_Adobe-Acrobat.jpg","articleSection":["Berazategui"],"inLanguage":"es","potentialAction":[{"@type":"CommentAction","name":"Comment","target":["https:\/\/diarioprincipios.com\/index.php\/2025\/08\/12\/sucesos-asombrosos-en-el-rio-de-la-plata-frente-a-la-costa-de-berazategui\/#respond"]}]},{"@type":"WebPage","@id":"https:\/\/diarioprincipios.com\/index.php\/2025\/08\/12\/sucesos-asombrosos-en-el-rio-de-la-plata-frente-a-la-costa-de-berazategui\/","url":"https:\/\/diarioprincipios.com\/index.php\/2025\/08\/12\/sucesos-asombrosos-en-el-rio-de-la-plata-frente-a-la-costa-de-berazategui\/","name":"Sucesos Asombrosos en el R\u00edo de la Plata frente a la Costa de Berazategui - Principios","isPartOf":{"@id":"https:\/\/diarioprincipios.com\/#website"},"primaryImageOfPage":{"@id":"https:\/\/diarioprincipios.com\/index.php\/2025\/08\/12\/sucesos-asombrosos-en-el-rio-de-la-plata-frente-a-la-costa-de-berazategui\/#primaryimage"},"image":{"@id":"https:\/\/diarioprincipios.com\/index.php\/2025\/08\/12\/sucesos-asombrosos-en-el-rio-de-la-plata-frente-a-la-costa-de-berazategui\/#primaryimage"},"thumbnailUrl":"https:\/\/diarioprincipios.com\/wp-content\/uploads\/2025\/08\/Screenshot_20250812_173206_Adobe-Acrobat.jpg","datePublished":"2025-08-12T22:18:25+00:00","dateModified":"2025-08-12T22:18:26+00:00","breadcrumb":{"@id":"https:\/\/diarioprincipios.com\/index.php\/2025\/08\/12\/sucesos-asombrosos-en-el-rio-de-la-plata-frente-a-la-costa-de-berazategui\/#breadcrumb"},"inLanguage":"es","potentialAction":[{"@type":"ReadAction","target":["https:\/\/diarioprincipios.com\/index.php\/2025\/08\/12\/sucesos-asombrosos-en-el-rio-de-la-plata-frente-a-la-costa-de-berazategui\/"]}]},{"@type":"ImageObject","inLanguage":"es","@id":"https:\/\/diarioprincipios.com\/index.php\/2025\/08\/12\/sucesos-asombrosos-en-el-rio-de-la-plata-frente-a-la-costa-de-berazategui\/#primaryimage","url":"https:\/\/diarioprincipios.com\/wp-content\/uploads\/2025\/08\/Screenshot_20250812_173206_Adobe-Acrobat.jpg","contentUrl":"https:\/\/diarioprincipios.com\/wp-content\/uploads\/2025\/08\/Screenshot_20250812_173206_Adobe-Acrobat.jpg","width":985,"height":544},{"@type":"BreadcrumbList","@id":"https:\/\/diarioprincipios.com\/index.php\/2025\/08\/12\/sucesos-asombrosos-en-el-rio-de-la-plata-frente-a-la-costa-de-berazategui\/#breadcrumb","itemListElement":[{"@type":"ListItem","position":1,"name":"Portada","item":"https:\/\/diarioprincipios.com\/"},{"@type":"ListItem","position":2,"name":"Sucesos Asombrosos en el R\u00edo de la Plata frente a la Costa de Berazategui"}]},{"@type":"WebSite","@id":"https:\/\/diarioprincipios.com\/#website","url":"https:\/\/diarioprincipios.com\/","name":"Principios","description":"Principios Diario","publisher":{"@id":"https:\/\/diarioprincipios.com\/#organization"},"potentialAction":[{"@type":"SearchAction","target":{"@type":"EntryPoint","urlTemplate":"https:\/\/diarioprincipios.com\/?s={search_term_string}"},"query-input":{"@type":"PropertyValueSpecification","valueRequired":true,"valueName":"search_term_string"}}],"inLanguage":"es"},{"@type":"Organization","@id":"https:\/\/diarioprincipios.com\/#organization","name":"Principios","url":"https:\/\/diarioprincipios.com\/","logo":{"@type":"ImageObject","inLanguage":"es","@id":"https:\/\/diarioprincipios.com\/#\/schema\/logo\/image\/","url":"https:\/\/diarioprincipios.com\/wp-content\/uploads\/2024\/04\/cropped-www.diarioprincipios.com_-1.png","contentUrl":"https:\/\/diarioprincipios.com\/wp-content\/uploads\/2024\/04\/cropped-www.diarioprincipios.com_-1.png","width":5325,"height":1454,"caption":"Principios"},"image":{"@id":"https:\/\/diarioprincipios.com\/#\/schema\/logo\/image\/"}},{"@type":"Person","@id":"https:\/\/diarioprincipios.com\/#\/schema\/person\/436d5a1fd41a5e250e23ff5a6a7cb080","name":"Hern\u00e1n L\u00f3pez","image":{"@type":"ImageObject","inLanguage":"es","@id":"https:\/\/diarioprincipios.com\/wp-content\/litespeed\/avatar\/11ddfe5610ff3bd100522525b2571f48.jpg?ver=1777653193","url":"https:\/\/diarioprincipios.com\/wp-content\/litespeed\/avatar\/11ddfe5610ff3bd100522525b2571f48.jpg?ver=1777653193","contentUrl":"https:\/\/diarioprincipios.com\/wp-content\/litespeed\/avatar\/11ddfe5610ff3bd100522525b2571f48.jpg?ver=1777653193","caption":"Hern\u00e1n L\u00f3pez"},"url":"https:\/\/diarioprincipios.com\/index.php\/author\/hernan\/"}]}},"jetpack_featured_media_url":"https:\/\/diarioprincipios.com\/wp-content\/uploads\/2025\/08\/Screenshot_20250812_173206_Adobe-Acrobat.jpg","_links":{"self":[{"href":"https:\/\/diarioprincipios.com\/index.php\/wp-json\/wp\/v2\/posts\/25192","targetHints":{"allow":["GET"]}}],"collection":[{"href":"https:\/\/diarioprincipios.com\/index.php\/wp-json\/wp\/v2\/posts"}],"about":[{"href":"https:\/\/diarioprincipios.com\/index.php\/wp-json\/wp\/v2\/types\/post"}],"author":[{"embeddable":true,"href":"https:\/\/diarioprincipios.com\/index.php\/wp-json\/wp\/v2\/users\/2"}],"replies":[{"embeddable":true,"href":"https:\/\/diarioprincipios.com\/index.php\/wp-json\/wp\/v2\/comments?post=25192"}],"version-history":[{"count":1,"href":"https:\/\/diarioprincipios.com\/index.php\/wp-json\/wp\/v2\/posts\/25192\/revisions"}],"predecessor-version":[{"id":25196,"href":"https:\/\/diarioprincipios.com\/index.php\/wp-json\/wp\/v2\/posts\/25192\/revisions\/25196"}],"wp:featuredmedia":[{"embeddable":true,"href":"https:\/\/diarioprincipios.com\/index.php\/wp-json\/wp\/v2\/media\/25195"}],"wp:attachment":[{"href":"https:\/\/diarioprincipios.com\/index.php\/wp-json\/wp\/v2\/media?parent=25192"}],"wp:term":[{"taxonomy":"category","embeddable":true,"href":"https:\/\/diarioprincipios.com\/index.php\/wp-json\/wp\/v2\/categories?post=25192"},{"taxonomy":"post_tag","embeddable":true,"href":"https:\/\/diarioprincipios.com\/index.php\/wp-json\/wp\/v2\/tags?post=25192"}],"curies":[{"name":"wp","href":"https:\/\/api.w.org\/{rel}","templated":true}]}}