{"id":25188,"date":"2025-08-12T14:27:55","date_gmt":"2025-08-12T17:27:55","guid":{"rendered":"https:\/\/diarioprincipios.com\/?p=25188"},"modified":"2025-08-12T14:27:56","modified_gmt":"2025-08-12T17:27:56","slug":"kicillof-y-ferraresi-encabezaron-el-inicio-de-las-obras-de-ampliacion-del-muelle-en-el-puerto-de-dock-sud","status":"publish","type":"post","link":"https:\/\/diarioprincipios.com\/index.php\/2025\/08\/12\/kicillof-y-ferraresi-encabezaron-el-inicio-de-las-obras-de-ampliacion-del-muelle-en-el-puerto-de-dock-sud\/","title":{"rendered":"Kicillof y Ferraresi encabezaron el inicio de las obras de ampliaci\u00f3n del muelle en el Puerto de Dock Sud"},"content":{"rendered":"\n<p>El gobernador de la provincia de Buenos Aires, Axel Kicillof; la intendenta de Avellaneda, Magdalena Sierra; y el primer candidato a concejal por Fuerza Patria Avellaneda, Jorge Ferraresi, participaron del inicio de las obras de ampliaci\u00f3n del muelle del puerto de Dock Sud. Junto a ellos estuvieron el subsecretario de Asuntos Portuarios, Juan Cruz Lucero; la presidenta del Consorcio de Gesti\u00f3n del puerto, Carla Monrabal; y el CEO de Exolgan, Roberto Negro.<\/p>\n\n\n\n<p>\u201cHoy es un d\u00eda hist\u00f3rico porque implica desarrollo y futuro para los y las bonaerenses\u201d, expres\u00f3 Kicillof y asegur\u00f3 que se trata de \u201cuna inversi\u00f3n fundamental para la Provincia y una de las m\u00e1s importantes que est\u00e1 recibiendo el pa\u00eds: con esta obra se posicionar\u00e1 al puerto de Dock Sud dentro del mapa internacional del manejo de contenedores\u201d.<\/p>\n\n\n\n<p>\u201cEsta obra clave, que llevar\u00e1 aproximadamente dos a\u00f1os, permitir\u00e1 el acceso de buques de \u00faltima generaci\u00f3n. Esto no es discurso, es competitividad genuina para el desarrollo de la provincia y de la Argentina\u201d, remarc\u00f3 el Gobernador.<\/p>\n\n\n\n<p>Por su parte, Ferraresi sostuvo: \u201cLa gran inversi\u00f3n privada demuestra tambi\u00e9n el apoyo y la confianza de la empresa en Avellaneda y en la provincia de Buenos Aires\u201d.<\/p>\n\n\n\n<figure class=\"wp-block-image size-large\"><img loading=\"lazy\" decoding=\"async\" width=\"1024\" height=\"681\" src=\"https:\/\/diarioprincipios.com\/wp-content\/uploads\/2025\/08\/531344064_1305594250926640_4369444449206548854_n-1024x681.jpg\" alt=\"\" class=\"wp-image-25189\" srcset=\"https:\/\/diarioprincipios.com\/wp-content\/uploads\/2025\/08\/531344064_1305594250926640_4369444449206548854_n-1024x681.jpg 1024w, https:\/\/diarioprincipios.com\/wp-content\/uploads\/2025\/08\/531344064_1305594250926640_4369444449206548854_n-300x200.jpg 300w, https:\/\/diarioprincipios.com\/wp-content\/uploads\/2025\/08\/531344064_1305594250926640_4369444449206548854_n-768x511.jpg 768w, https:\/\/diarioprincipios.com\/wp-content\/uploads\/2025\/08\/531344064_1305594250926640_4369444449206548854_n-1536x1021.jpg 1536w, https:\/\/diarioprincipios.com\/wp-content\/uploads\/2025\/08\/531344064_1305594250926640_4369444449206548854_n-820x545.jpg 820w, https:\/\/diarioprincipios.com\/wp-content\/uploads\/2025\/08\/531344064_1305594250926640_4369444449206548854_n-600x400.jpg 600w, https:\/\/diarioprincipios.com\/wp-content\/uploads\/2025\/08\/531344064_1305594250926640_4369444449206548854_n.jpg 1600w\" sizes=\"auto, (max-width: 1024px) 100vw, 1024px\" \/><\/figure>\n\n\n\n<p>Con la demolici\u00f3n de una de las tres gr\u00faas p\u00f3rtico que hab\u00edan quedado obsoletas, comenzaron las obras de un proyecto que contempla una inversi\u00f3n de US$143 millones por parte de la empresa Exolgan para ampliar el ancho del canal frente al muelle.<\/p>\n\n\n\n<p>Adem\u00e1s de las obras, se sumar\u00e1n cuatro nuevas gr\u00faas de \u00faltima generaci\u00f3n y el equipamiento necesario para incrementar la capacidad operativa, la eficiencia y la competitividad portuaria. Una vez finalizadas, podr\u00e1n operar tres buques en simult\u00e1neo (uno m\u00e1s que en la actualidad) y recibir barcos de mayor porte, posicionando al puerto para una mayor inserci\u00f3n en el comercio internacional.<\/p>\n\n\n\n<p>En el acto tambi\u00e9n estuvieron presentes el asesor general de Gobierno, Santiago P\u00e9rez Teruel; y la candidata a diputada provincial, Romina Barreiro.<\/p>\n","protected":false},"excerpt":{"rendered":"<p>El gobernador de la provincia de Buenos Aires, Axel Kicillof; la intendenta de Avellaneda, Magdalena Sierra; y el primer candidato a concejal por Fuerza Patria Avellaneda, Jorge Ferraresi, participaron del inicio de las obras de ampliaci\u00f3n del muelle del puerto de Dock Sud. Junto a ellos estuvieron el subsecretario de Asuntos Portuarios, Juan Cruz Lucero;&#8230;<\/p>\n","protected":false},"author":2,"featured_media":25190,"comment_status":"open","ping_status":"open","sticky":false,"template":"","format":"standard","meta":{"footnotes":""},"categories":[7,17],"tags":[],"class_list":["post-25188","post","type-post","status-publish","format-standard","has-post-thumbnail","hentry","category-provincia","category-zona-sur"],"featured_image_src":"https:\/\/diarioprincipios.com\/wp-content\/uploads\/2025\/08\/530817560_1305594230926642_86359760190621162_n-1024x681.jpg","blog_images":{"medium":"https:\/\/diarioprincipios.com\/wp-content\/uploads\/2025\/08\/530817560_1305594230926642_86359760190621162_n-300x200.jpg","large":"https:\/\/diarioprincipios.com\/wp-content\/uploads\/2025\/08\/530817560_1305594230926642_86359760190621162_n-1024x681.jpg"},"ams_acf":[],"yoast_head":"<!-- This site is optimized with the Yoast SEO plugin v27.3 - https:\/\/yoast.com\/product\/yoast-seo-wordpress\/ -->\n<title>Kicillof y Ferraresi encabezaron el inicio de las obras de ampliaci\u00f3n del muelle en el Puerto de Dock Sud - Principios<\/title>\n<meta name=\"robots\" content=\"index, follow, max-snippet:-1, max-image-preview:large, max-video-preview:-1\" \/>\n<link rel=\"canonical\" href=\"https:\/\/diarioprincipios.com\/index.php\/2025\/08\/12\/kicillof-y-ferraresi-encabezaron-el-inicio-de-las-obras-de-ampliacion-del-muelle-en-el-puerto-de-dock-sud\/\" \/>\n<meta property=\"og:locale\" content=\"es_ES\" \/>\n<meta property=\"og:type\" content=\"article\" \/>\n<meta property=\"og:title\" content=\"Kicillof y Ferraresi encabezaron el inicio de las obras de ampliaci\u00f3n del muelle en el Puerto de Dock Sud - Principios\" \/>\n<meta property=\"og:description\" content=\"El gobernador de la provincia de Buenos Aires, Axel Kicillof; la intendenta de Avellaneda, Magdalena Sierra; y el primer candidato a concejal por Fuerza Patria Avellaneda, Jorge Ferraresi, participaron del inicio de las obras de ampliaci\u00f3n del muelle del puerto de Dock Sud. Junto a ellos estuvieron el subsecretario de Asuntos Portuarios, Juan Cruz Lucero;...\" \/>\n<meta property=\"og:url\" content=\"https:\/\/diarioprincipios.com\/index.php\/2025\/08\/12\/kicillof-y-ferraresi-encabezaron-el-inicio-de-las-obras-de-ampliacion-del-muelle-en-el-puerto-de-dock-sud\/\" \/>\n<meta property=\"og:site_name\" content=\"Principios\" \/>\n<meta property=\"article:published_time\" content=\"2025-08-12T17:27:55+00:00\" \/>\n<meta property=\"article:modified_time\" content=\"2025-08-12T17:27:56+00:00\" \/>\n<meta property=\"og:image\" content=\"https:\/\/diarioprincipios.com\/wp-content\/uploads\/2025\/08\/530817560_1305594230926642_86359760190621162_n.jpg\" \/>\n\t<meta property=\"og:image:width\" content=\"1396\" \/>\n\t<meta property=\"og:image:height\" content=\"929\" \/>\n\t<meta property=\"og:image:type\" content=\"image\/jpeg\" \/>\n<meta name=\"author\" content=\"Hern\u00e1n L\u00f3pez\" \/>\n<meta name=\"twitter:card\" content=\"summary_large_image\" \/>\n<meta name=\"twitter:label1\" content=\"Escrito por\" \/>\n\t<meta name=\"twitter:data1\" content=\"Hern\u00e1n L\u00f3pez\" \/>\n\t<meta name=\"twitter:label2\" content=\"Tiempo de lectura\" \/>\n\t<meta name=\"twitter:data2\" content=\"2 minutos\" \/>\n<script type=\"application\/ld+json\" class=\"yoast-schema-graph\">{\"@context\":\"https:\\\/\\\/schema.org\",\"@graph\":[{\"@type\":\"Article\",\"@id\":\"https:\\\/\\\/diarioprincipios.com\\\/index.php\\\/2025\\\/08\\\/12\\\/kicillof-y-ferraresi-encabezaron-el-inicio-de-las-obras-de-ampliacion-del-muelle-en-el-puerto-de-dock-sud\\\/#article\",\"isPartOf\":{\"@id\":\"https:\\\/\\\/diarioprincipios.com\\\/index.php\\\/2025\\\/08\\\/12\\\/kicillof-y-ferraresi-encabezaron-el-inicio-de-las-obras-de-ampliacion-del-muelle-en-el-puerto-de-dock-sud\\\/\"},\"author\":{\"name\":\"Hern\u00e1n L\u00f3pez\",\"@id\":\"https:\\\/\\\/diarioprincipios.com\\\/#\\\/schema\\\/person\\\/436d5a1fd41a5e250e23ff5a6a7cb080\"},\"headline\":\"Kicillof y Ferraresi encabezaron el inicio de las obras de ampliaci\u00f3n del muelle en el Puerto de Dock Sud\",\"datePublished\":\"2025-08-12T17:27:55+00:00\",\"dateModified\":\"2025-08-12T17:27:56+00:00\",\"mainEntityOfPage\":{\"@id\":\"https:\\\/\\\/diarioprincipios.com\\\/index.php\\\/2025\\\/08\\\/12\\\/kicillof-y-ferraresi-encabezaron-el-inicio-de-las-obras-de-ampliacion-del-muelle-en-el-puerto-de-dock-sud\\\/\"},\"wordCount\":363,\"commentCount\":0,\"publisher\":{\"@id\":\"https:\\\/\\\/diarioprincipios.com\\\/#organization\"},\"image\":{\"@id\":\"https:\\\/\\\/diarioprincipios.com\\\/index.php\\\/2025\\\/08\\\/12\\\/kicillof-y-ferraresi-encabezaron-el-inicio-de-las-obras-de-ampliacion-del-muelle-en-el-puerto-de-dock-sud\\\/#primaryimage\"},\"thumbnailUrl\":\"https:\\\/\\\/diarioprincipios.com\\\/wp-content\\\/uploads\\\/2025\\\/08\\\/530817560_1305594230926642_86359760190621162_n.jpg\",\"articleSection\":[\"Provincia\",\"Zonar Sur\"],\"inLanguage\":\"es\",\"potentialAction\":[{\"@type\":\"CommentAction\",\"name\":\"Comment\",\"target\":[\"https:\\\/\\\/diarioprincipios.com\\\/index.php\\\/2025\\\/08\\\/12\\\/kicillof-y-ferraresi-encabezaron-el-inicio-de-las-obras-de-ampliacion-del-muelle-en-el-puerto-de-dock-sud\\\/#respond\"]}]},{\"@type\":\"WebPage\",\"@id\":\"https:\\\/\\\/diarioprincipios.com\\\/index.php\\\/2025\\\/08\\\/12\\\/kicillof-y-ferraresi-encabezaron-el-inicio-de-las-obras-de-ampliacion-del-muelle-en-el-puerto-de-dock-sud\\\/\",\"url\":\"https:\\\/\\\/diarioprincipios.com\\\/index.php\\\/2025\\\/08\\\/12\\\/kicillof-y-ferraresi-encabezaron-el-inicio-de-las-obras-de-ampliacion-del-muelle-en-el-puerto-de-dock-sud\\\/\",\"name\":\"Kicillof y Ferraresi encabezaron el inicio de las obras de ampliaci\u00f3n del muelle en el Puerto de Dock Sud - Principios\",\"isPartOf\":{\"@id\":\"https:\\\/\\\/diarioprincipios.com\\\/#website\"},\"primaryImageOfPage\":{\"@id\":\"https:\\\/\\\/diarioprincipios.com\\\/index.php\\\/2025\\\/08\\\/12\\\/kicillof-y-ferraresi-encabezaron-el-inicio-de-las-obras-de-ampliacion-del-muelle-en-el-puerto-de-dock-sud\\\/#primaryimage\"},\"image\":{\"@id\":\"https:\\\/\\\/diarioprincipios.com\\\/index.php\\\/2025\\\/08\\\/12\\\/kicillof-y-ferraresi-encabezaron-el-inicio-de-las-obras-de-ampliacion-del-muelle-en-el-puerto-de-dock-sud\\\/#primaryimage\"},\"thumbnailUrl\":\"https:\\\/\\\/diarioprincipios.com\\\/wp-content\\\/uploads\\\/2025\\\/08\\\/530817560_1305594230926642_86359760190621162_n.jpg\",\"datePublished\":\"2025-08-12T17:27:55+00:00\",\"dateModified\":\"2025-08-12T17:27:56+00:00\",\"breadcrumb\":{\"@id\":\"https:\\\/\\\/diarioprincipios.com\\\/index.php\\\/2025\\\/08\\\/12\\\/kicillof-y-ferraresi-encabezaron-el-inicio-de-las-obras-de-ampliacion-del-muelle-en-el-puerto-de-dock-sud\\\/#breadcrumb\"},\"inLanguage\":\"es\",\"potentialAction\":[{\"@type\":\"ReadAction\",\"target\":[\"https:\\\/\\\/diarioprincipios.com\\\/index.php\\\/2025\\\/08\\\/12\\\/kicillof-y-ferraresi-encabezaron-el-inicio-de-las-obras-de-ampliacion-del-muelle-en-el-puerto-de-dock-sud\\\/\"]}]},{\"@type\":\"ImageObject\",\"inLanguage\":\"es\",\"@id\":\"https:\\\/\\\/diarioprincipios.com\\\/index.php\\\/2025\\\/08\\\/12\\\/kicillof-y-ferraresi-encabezaron-el-inicio-de-las-obras-de-ampliacion-del-muelle-en-el-puerto-de-dock-sud\\\/#primaryimage\",\"url\":\"https:\\\/\\\/diarioprincipios.com\\\/wp-content\\\/uploads\\\/2025\\\/08\\\/530817560_1305594230926642_86359760190621162_n.jpg\",\"contentUrl\":\"https:\\\/\\\/diarioprincipios.com\\\/wp-content\\\/uploads\\\/2025\\\/08\\\/530817560_1305594230926642_86359760190621162_n.jpg\",\"width\":1396,\"height\":929},{\"@type\":\"BreadcrumbList\",\"@id\":\"https:\\\/\\\/diarioprincipios.com\\\/index.php\\\/2025\\\/08\\\/12\\\/kicillof-y-ferraresi-encabezaron-el-inicio-de-las-obras-de-ampliacion-del-muelle-en-el-puerto-de-dock-sud\\\/#breadcrumb\",\"itemListElement\":[{\"@type\":\"ListItem\",\"position\":1,\"name\":\"Portada\",\"item\":\"https:\\\/\\\/diarioprincipios.com\\\/\"},{\"@type\":\"ListItem\",\"position\":2,\"name\":\"Kicillof y Ferraresi encabezaron el inicio de las obras de ampliaci\u00f3n del muelle en el Puerto de Dock Sud\"}]},{\"@type\":\"WebSite\",\"@id\":\"https:\\\/\\\/diarioprincipios.com\\\/#website\",\"url\":\"https:\\\/\\\/diarioprincipios.com\\\/\",\"name\":\"Principios\",\"description\":\"Principios Diario\",\"publisher\":{\"@id\":\"https:\\\/\\\/diarioprincipios.com\\\/#organization\"},\"potentialAction\":[{\"@type\":\"SearchAction\",\"target\":{\"@type\":\"EntryPoint\",\"urlTemplate\":\"https:\\\/\\\/diarioprincipios.com\\\/?s={search_term_string}\"},\"query-input\":{\"@type\":\"PropertyValueSpecification\",\"valueRequired\":true,\"valueName\":\"search_term_string\"}}],\"inLanguage\":\"es\"},{\"@type\":\"Organization\",\"@id\":\"https:\\\/\\\/diarioprincipios.com\\\/#organization\",\"name\":\"Principios\",\"url\":\"https:\\\/\\\/diarioprincipios.com\\\/\",\"logo\":{\"@type\":\"ImageObject\",\"inLanguage\":\"es\",\"@id\":\"https:\\\/\\\/diarioprincipios.com\\\/#\\\/schema\\\/logo\\\/image\\\/\",\"url\":\"https:\\\/\\\/diarioprincipios.com\\\/wp-content\\\/uploads\\\/2024\\\/04\\\/cropped-www.diarioprincipios.com_-1.png\",\"contentUrl\":\"https:\\\/\\\/diarioprincipios.com\\\/wp-content\\\/uploads\\\/2024\\\/04\\\/cropped-www.diarioprincipios.com_-1.png\",\"width\":5325,\"height\":1454,\"caption\":\"Principios\"},\"image\":{\"@id\":\"https:\\\/\\\/diarioprincipios.com\\\/#\\\/schema\\\/logo\\\/image\\\/\"}},{\"@type\":\"Person\",\"@id\":\"https:\\\/\\\/diarioprincipios.com\\\/#\\\/schema\\\/person\\\/436d5a1fd41a5e250e23ff5a6a7cb080\",\"name\":\"Hern\u00e1n L\u00f3pez\",\"image\":{\"@type\":\"ImageObject\",\"inLanguage\":\"es\",\"@id\":\"https:\\\/\\\/diarioprincipios.com\\\/wp-content\\\/litespeed\\\/avatar\\\/11ddfe5610ff3bd100522525b2571f48.jpg?ver=1777653193\",\"url\":\"https:\\\/\\\/diarioprincipios.com\\\/wp-content\\\/litespeed\\\/avatar\\\/11ddfe5610ff3bd100522525b2571f48.jpg?ver=1777653193\",\"contentUrl\":\"https:\\\/\\\/diarioprincipios.com\\\/wp-content\\\/litespeed\\\/avatar\\\/11ddfe5610ff3bd100522525b2571f48.jpg?ver=1777653193\",\"caption\":\"Hern\u00e1n L\u00f3pez\"},\"url\":\"https:\\\/\\\/diarioprincipios.com\\\/index.php\\\/author\\\/hernan\\\/\"}]}<\/script>\n<!-- \/ Yoast SEO plugin. -->","yoast_head_json":{"title":"Kicillof y Ferraresi encabezaron el inicio de las obras de ampliaci\u00f3n del muelle en el Puerto de Dock Sud - Principios","robots":{"index":"index","follow":"follow","max-snippet":"max-snippet:-1","max-image-preview":"max-image-preview:large","max-video-preview":"max-video-preview:-1"},"canonical":"https:\/\/diarioprincipios.com\/index.php\/2025\/08\/12\/kicillof-y-ferraresi-encabezaron-el-inicio-de-las-obras-de-ampliacion-del-muelle-en-el-puerto-de-dock-sud\/","og_locale":"es_ES","og_type":"article","og_title":"Kicillof y Ferraresi encabezaron el inicio de las obras de ampliaci\u00f3n del muelle en el Puerto de Dock Sud - Principios","og_description":"El gobernador de la provincia de Buenos Aires, Axel Kicillof; la intendenta de Avellaneda, Magdalena Sierra; y el primer candidato a concejal por Fuerza Patria Avellaneda, Jorge Ferraresi, participaron del inicio de las obras de ampliaci\u00f3n del muelle del puerto de Dock Sud. Junto a ellos estuvieron el subsecretario de Asuntos Portuarios, Juan Cruz Lucero;...","og_url":"https:\/\/diarioprincipios.com\/index.php\/2025\/08\/12\/kicillof-y-ferraresi-encabezaron-el-inicio-de-las-obras-de-ampliacion-del-muelle-en-el-puerto-de-dock-sud\/","og_site_name":"Principios","article_published_time":"2025-08-12T17:27:55+00:00","article_modified_time":"2025-08-12T17:27:56+00:00","og_image":[{"width":1396,"height":929,"url":"https:\/\/diarioprincipios.com\/wp-content\/uploads\/2025\/08\/530817560_1305594230926642_86359760190621162_n.jpg","type":"image\/jpeg"}],"author":"Hern\u00e1n L\u00f3pez","twitter_card":"summary_large_image","twitter_misc":{"Escrito por":"Hern\u00e1n L\u00f3pez","Tiempo de lectura":"2 minutos"},"schema":{"@context":"https:\/\/schema.org","@graph":[{"@type":"Article","@id":"https:\/\/diarioprincipios.com\/index.php\/2025\/08\/12\/kicillof-y-ferraresi-encabezaron-el-inicio-de-las-obras-de-ampliacion-del-muelle-en-el-puerto-de-dock-sud\/#article","isPartOf":{"@id":"https:\/\/diarioprincipios.com\/index.php\/2025\/08\/12\/kicillof-y-ferraresi-encabezaron-el-inicio-de-las-obras-de-ampliacion-del-muelle-en-el-puerto-de-dock-sud\/"},"author":{"name":"Hern\u00e1n L\u00f3pez","@id":"https:\/\/diarioprincipios.com\/#\/schema\/person\/436d5a1fd41a5e250e23ff5a6a7cb080"},"headline":"Kicillof y Ferraresi encabezaron el inicio de las obras de ampliaci\u00f3n del muelle en el Puerto de Dock Sud","datePublished":"2025-08-12T17:27:55+00:00","dateModified":"2025-08-12T17:27:56+00:00","mainEntityOfPage":{"@id":"https:\/\/diarioprincipios.com\/index.php\/2025\/08\/12\/kicillof-y-ferraresi-encabezaron-el-inicio-de-las-obras-de-ampliacion-del-muelle-en-el-puerto-de-dock-sud\/"},"wordCount":363,"commentCount":0,"publisher":{"@id":"https:\/\/diarioprincipios.com\/#organization"},"image":{"@id":"https:\/\/diarioprincipios.com\/index.php\/2025\/08\/12\/kicillof-y-ferraresi-encabezaron-el-inicio-de-las-obras-de-ampliacion-del-muelle-en-el-puerto-de-dock-sud\/#primaryimage"},"thumbnailUrl":"https:\/\/diarioprincipios.com\/wp-content\/uploads\/2025\/08\/530817560_1305594230926642_86359760190621162_n.jpg","articleSection":["Provincia","Zonar Sur"],"inLanguage":"es","potentialAction":[{"@type":"CommentAction","name":"Comment","target":["https:\/\/diarioprincipios.com\/index.php\/2025\/08\/12\/kicillof-y-ferraresi-encabezaron-el-inicio-de-las-obras-de-ampliacion-del-muelle-en-el-puerto-de-dock-sud\/#respond"]}]},{"@type":"WebPage","@id":"https:\/\/diarioprincipios.com\/index.php\/2025\/08\/12\/kicillof-y-ferraresi-encabezaron-el-inicio-de-las-obras-de-ampliacion-del-muelle-en-el-puerto-de-dock-sud\/","url":"https:\/\/diarioprincipios.com\/index.php\/2025\/08\/12\/kicillof-y-ferraresi-encabezaron-el-inicio-de-las-obras-de-ampliacion-del-muelle-en-el-puerto-de-dock-sud\/","name":"Kicillof y Ferraresi encabezaron el inicio de las obras de ampliaci\u00f3n del muelle en el Puerto de Dock Sud - Principios","isPartOf":{"@id":"https:\/\/diarioprincipios.com\/#website"},"primaryImageOfPage":{"@id":"https:\/\/diarioprincipios.com\/index.php\/2025\/08\/12\/kicillof-y-ferraresi-encabezaron-el-inicio-de-las-obras-de-ampliacion-del-muelle-en-el-puerto-de-dock-sud\/#primaryimage"},"image":{"@id":"https:\/\/diarioprincipios.com\/index.php\/2025\/08\/12\/kicillof-y-ferraresi-encabezaron-el-inicio-de-las-obras-de-ampliacion-del-muelle-en-el-puerto-de-dock-sud\/#primaryimage"},"thumbnailUrl":"https:\/\/diarioprincipios.com\/wp-content\/uploads\/2025\/08\/530817560_1305594230926642_86359760190621162_n.jpg","datePublished":"2025-08-12T17:27:55+00:00","dateModified":"2025-08-12T17:27:56+00:00","breadcrumb":{"@id":"https:\/\/diarioprincipios.com\/index.php\/2025\/08\/12\/kicillof-y-ferraresi-encabezaron-el-inicio-de-las-obras-de-ampliacion-del-muelle-en-el-puerto-de-dock-sud\/#breadcrumb"},"inLanguage":"es","potentialAction":[{"@type":"ReadAction","target":["https:\/\/diarioprincipios.com\/index.php\/2025\/08\/12\/kicillof-y-ferraresi-encabezaron-el-inicio-de-las-obras-de-ampliacion-del-muelle-en-el-puerto-de-dock-sud\/"]}]},{"@type":"ImageObject","inLanguage":"es","@id":"https:\/\/diarioprincipios.com\/index.php\/2025\/08\/12\/kicillof-y-ferraresi-encabezaron-el-inicio-de-las-obras-de-ampliacion-del-muelle-en-el-puerto-de-dock-sud\/#primaryimage","url":"https:\/\/diarioprincipios.com\/wp-content\/uploads\/2025\/08\/530817560_1305594230926642_86359760190621162_n.jpg","contentUrl":"https:\/\/diarioprincipios.com\/wp-content\/uploads\/2025\/08\/530817560_1305594230926642_86359760190621162_n.jpg","width":1396,"height":929},{"@type":"BreadcrumbList","@id":"https:\/\/diarioprincipios.com\/index.php\/2025\/08\/12\/kicillof-y-ferraresi-encabezaron-el-inicio-de-las-obras-de-ampliacion-del-muelle-en-el-puerto-de-dock-sud\/#breadcrumb","itemListElement":[{"@type":"ListItem","position":1,"name":"Portada","item":"https:\/\/diarioprincipios.com\/"},{"@type":"ListItem","position":2,"name":"Kicillof y Ferraresi encabezaron el inicio de las obras de ampliaci\u00f3n del muelle en el Puerto de Dock Sud"}]},{"@type":"WebSite","@id":"https:\/\/diarioprincipios.com\/#website","url":"https:\/\/diarioprincipios.com\/","name":"Principios","description":"Principios Diario","publisher":{"@id":"https:\/\/diarioprincipios.com\/#organization"},"potentialAction":[{"@type":"SearchAction","target":{"@type":"EntryPoint","urlTemplate":"https:\/\/diarioprincipios.com\/?s={search_term_string}"},"query-input":{"@type":"PropertyValueSpecification","valueRequired":true,"valueName":"search_term_string"}}],"inLanguage":"es"},{"@type":"Organization","@id":"https:\/\/diarioprincipios.com\/#organization","name":"Principios","url":"https:\/\/diarioprincipios.com\/","logo":{"@type":"ImageObject","inLanguage":"es","@id":"https:\/\/diarioprincipios.com\/#\/schema\/logo\/image\/","url":"https:\/\/diarioprincipios.com\/wp-content\/uploads\/2024\/04\/cropped-www.diarioprincipios.com_-1.png","contentUrl":"https:\/\/diarioprincipios.com\/wp-content\/uploads\/2024\/04\/cropped-www.diarioprincipios.com_-1.png","width":5325,"height":1454,"caption":"Principios"},"image":{"@id":"https:\/\/diarioprincipios.com\/#\/schema\/logo\/image\/"}},{"@type":"Person","@id":"https:\/\/diarioprincipios.com\/#\/schema\/person\/436d5a1fd41a5e250e23ff5a6a7cb080","name":"Hern\u00e1n L\u00f3pez","image":{"@type":"ImageObject","inLanguage":"es","@id":"https:\/\/diarioprincipios.com\/wp-content\/litespeed\/avatar\/11ddfe5610ff3bd100522525b2571f48.jpg?ver=1777653193","url":"https:\/\/diarioprincipios.com\/wp-content\/litespeed\/avatar\/11ddfe5610ff3bd100522525b2571f48.jpg?ver=1777653193","contentUrl":"https:\/\/diarioprincipios.com\/wp-content\/litespeed\/avatar\/11ddfe5610ff3bd100522525b2571f48.jpg?ver=1777653193","caption":"Hern\u00e1n L\u00f3pez"},"url":"https:\/\/diarioprincipios.com\/index.php\/author\/hernan\/"}]}},"jetpack_featured_media_url":"https:\/\/diarioprincipios.com\/wp-content\/uploads\/2025\/08\/530817560_1305594230926642_86359760190621162_n.jpg","_links":{"self":[{"href":"https:\/\/diarioprincipios.com\/index.php\/wp-json\/wp\/v2\/posts\/25188","targetHints":{"allow":["GET"]}}],"collection":[{"href":"https:\/\/diarioprincipios.com\/index.php\/wp-json\/wp\/v2\/posts"}],"about":[{"href":"https:\/\/diarioprincipios.com\/index.php\/wp-json\/wp\/v2\/types\/post"}],"author":[{"embeddable":true,"href":"https:\/\/diarioprincipios.com\/index.php\/wp-json\/wp\/v2\/users\/2"}],"replies":[{"embeddable":true,"href":"https:\/\/diarioprincipios.com\/index.php\/wp-json\/wp\/v2\/comments?post=25188"}],"version-history":[{"count":1,"href":"https:\/\/diarioprincipios.com\/index.php\/wp-json\/wp\/v2\/posts\/25188\/revisions"}],"predecessor-version":[{"id":25191,"href":"https:\/\/diarioprincipios.com\/index.php\/wp-json\/wp\/v2\/posts\/25188\/revisions\/25191"}],"wp:featuredmedia":[{"embeddable":true,"href":"https:\/\/diarioprincipios.com\/index.php\/wp-json\/wp\/v2\/media\/25190"}],"wp:attachment":[{"href":"https:\/\/diarioprincipios.com\/index.php\/wp-json\/wp\/v2\/media?parent=25188"}],"wp:term":[{"taxonomy":"category","embeddable":true,"href":"https:\/\/diarioprincipios.com\/index.php\/wp-json\/wp\/v2\/categories?post=25188"},{"taxonomy":"post_tag","embeddable":true,"href":"https:\/\/diarioprincipios.com\/index.php\/wp-json\/wp\/v2\/tags?post=25188"}],"curies":[{"name":"wp","href":"https:\/\/api.w.org\/{rel}","templated":true}]}}