{"id":2518,"date":"2020-06-04T19:22:54","date_gmt":"2020-06-04T22:22:54","guid":{"rendered":"http:\/\/diarioprincipios.com\/?p=2518"},"modified":"2020-06-04T19:22:56","modified_gmt":"2020-06-04T22:22:56","slug":"los-bomberos-voluntarios-de-berazategui-reconocieron-a-los-5-trabajadores-municipales-que-apagaron-un-incendio","status":"publish","type":"post","link":"https:\/\/diarioprincipios.com\/index.php\/2020\/06\/04\/los-bomberos-voluntarios-de-berazategui-reconocieron-a-los-5-trabajadores-municipales-que-apagaron-un-incendio\/","title":{"rendered":"Los Bomberos Voluntarios de Berazategui reconocieron a los 5 trabajadores municipales que apagaron un incendio"},"content":{"rendered":"\n<p><strong>En el D\u00eda Nacional del Bombero Voluntario, el Destacamento del centro de la ciudad brind\u00f3 un emotivo homenaje a cinco trabajadores de la Coordinaci\u00f3n de Servicios Sanitarios de la Municipalidad de Berazategui, quienes d\u00edas atr\u00e1s evitaron que una vivienda ubicada en calle 121, entre 9 y 10, se incendiara por completo, al intervenir r\u00e1pidamente con el agua del cami\u00f3n desobstructor con el que recorr\u00edan la zona. El reconocimiento, que incluy\u00f3 la entrega de diplomas, fue para los empleados Juan Ju\u00e1rez, C\u00e9sar Lugones, Dami\u00e1n Mart\u00ednez, Edgardo An\u00edbal Mansilla y Jorge Bord\u00f3n.<\/strong><\/p>\n\n\n\n<p>\u201cEn varias ocasiones nos pas\u00f3 que acudimos a un incendio y, cuando llegamos al lugar, all\u00ed ya se encontraba personal de Servicios Sanitarios de la Municipalidad, trabajando con su cami\u00f3n para intentar apagar el fuego, de manera voluntaria y actuando como si fuesen bomberos. Por eso, en un d\u00eda tan especial para nosotros, desde la Jefatura y la Comisi\u00f3n directiva, hemos decidido hacerles este reconocimiento\u201d, explic\u00f3 el Jefe del cuartel de Bomberos Voluntarios de Berazategui, Mart\u00edn Ruiz D\u00edaz Valdez.<\/p>\n\n\n\n<p>\u201cSer bombero voluntario es no medir el tiempo de tu vida para ayudar al otro. Por eso, cuando una persona dedica parte de su tiempo -que es lo m\u00e1s preciado que tenemos- a cuidar a la sociedad, es algo sumamente importante. Y, desde el Cuartel, consideramos que esta clase de acciones hay que reconocerlas, todas las veces que se pueda\u201d, analiz\u00f3 Valdez, y resalt\u00f3 que adem\u00e1s los homenajeados \u201cbrindan diariamente un servicio muy importante para todos los vecinos\u201d.<\/p>\n\n\n\n<p>Edgardo Mansilla, uno de los empleados distinguidos, record\u00f3 el suceso de d\u00edas atr\u00e1s, cuando -junto a sus compa\u00f1eros de la Coordinaci\u00f3n de Servicios Sanitarios del Municipio- logr\u00f3 evitar que el incendio de un garaje se tornara incontrolable y llegara al resto de la vivienda.<\/p>\n\n\n\n<p>\u201cPor el humo, notamos que hab\u00eda un incendio e inmediatamente nos acercamos para ver qu\u00e9 suced\u00eda. Cuando llegamos, el techo del garaje de la casa ard\u00eda y el auto estaba prendido fuego, as\u00ed que no lo dudamos: r\u00e1pidamente sacamos la manguera y tratamos de apagar las llamas con el agua del cami\u00f3n. Fue una situaci\u00f3n muy dif\u00edcil y en un momento hasta tuve miedo, porque pens\u00e9 que el veh\u00edculo pod\u00eda explotar. Pero, tener a mis compa\u00f1eros al lado y saber que no estaba solo, me dieron valor para continuar\u201d, rememor\u00f3.<\/p>\n\n\n\n<p>Finalmente, Mansilla expres\u00f3 con emoci\u00f3n: \u201cEn ese momento jam\u00e1s se nos pas\u00f3 por la cabeza esta distinci\u00f3n. Solo pens\u00e1bamos en el bienestar de esa casa, que estuvo a punto de prenderse fuego y, por suerte, logramos evitarlo\u201d. Y agreg\u00f3: \u201cEstamos muy contentos y orgullosos por este reconocimiento que nos hicieron los Bomberos Voluntarios de Berazategui, precisamente en un d\u00eda tan importante y significativo para todos ellos\u201d.<\/p>\n\n\n\n<p>La c\u00e1lida ceremonia se desarroll\u00f3 en el galp\u00f3n de Servicios Sanitarios de Berazategui, ubicado en Av. 7 y 127, donde tambi\u00e9n estuvo presente el Titular de esta Coordinaci\u00f3n General de la Municipalidad, Ricardo Giuglio.<\/p>\n","protected":false},"excerpt":{"rendered":"<p>En el D\u00eda Nacional del Bombero Voluntario, el Destacamento del centro de la ciudad brind\u00f3 un emotivo homenaje a cinco trabajadores de la Coordinaci\u00f3n de Servicios Sanitarios de la Municipalidad de Berazategui, quienes d\u00edas atr\u00e1s evitaron que una vivienda ubicada en calle 121, entre 9 y 10, se incendiara por completo, al intervenir r\u00e1pidamente con&#8230;<\/p>\n","protected":false},"author":2,"featured_media":2519,"comment_status":"open","ping_status":"open","sticky":false,"template":"","format":"standard","meta":{"footnotes":""},"categories":[3],"tags":[],"class_list":["post-2518","post","type-post","status-publish","format-standard","has-post-thumbnail","hentry","category-berazategui"],"featured_image_src":"https:\/\/diarioprincipios.com\/wp-content\/uploads\/2020\/06\/LOS-BOMBEROS-VOLUNTARIOS-DE-BERAZATEGUI-RECONOCIERON-A-5-EMPLEADOS-MUNICIPALES-1-1024x683.jpg","blog_images":{"medium":"https:\/\/diarioprincipios.com\/wp-content\/uploads\/2020\/06\/LOS-BOMBEROS-VOLUNTARIOS-DE-BERAZATEGUI-RECONOCIERON-A-5-EMPLEADOS-MUNICIPALES-1-300x200.jpg","large":"https:\/\/diarioprincipios.com\/wp-content\/uploads\/2020\/06\/LOS-BOMBEROS-VOLUNTARIOS-DE-BERAZATEGUI-RECONOCIERON-A-5-EMPLEADOS-MUNICIPALES-1-1024x683.jpg"},"ams_acf":[],"yoast_head":"<!-- This site is optimized with the Yoast SEO plugin v27.3 - https:\/\/yoast.com\/product\/yoast-seo-wordpress\/ -->\n<title>Los Bomberos Voluntarios de Berazategui reconocieron a los 5 trabajadores municipales que apagaron un incendio - Principios<\/title>\n<meta name=\"robots\" content=\"index, follow, max-snippet:-1, max-image-preview:large, max-video-preview:-1\" \/>\n<link rel=\"canonical\" href=\"https:\/\/diarioprincipios.com\/index.php\/2020\/06\/04\/los-bomberos-voluntarios-de-berazategui-reconocieron-a-los-5-trabajadores-municipales-que-apagaron-un-incendio\/\" \/>\n<meta property=\"og:locale\" content=\"es_ES\" \/>\n<meta property=\"og:type\" content=\"article\" \/>\n<meta property=\"og:title\" content=\"Los Bomberos Voluntarios de Berazategui reconocieron a los 5 trabajadores municipales que apagaron un incendio - Principios\" \/>\n<meta property=\"og:description\" content=\"En el D\u00eda Nacional del Bombero Voluntario, el Destacamento del centro de la ciudad brind\u00f3 un emotivo homenaje a cinco trabajadores de la Coordinaci\u00f3n de Servicios Sanitarios de la Municipalidad de Berazategui, quienes d\u00edas atr\u00e1s evitaron que una vivienda ubicada en calle 121, entre 9 y 10, se incendiara por completo, al intervenir r\u00e1pidamente con...\" \/>\n<meta property=\"og:url\" content=\"https:\/\/diarioprincipios.com\/index.php\/2020\/06\/04\/los-bomberos-voluntarios-de-berazategui-reconocieron-a-los-5-trabajadores-municipales-que-apagaron-un-incendio\/\" \/>\n<meta property=\"og:site_name\" content=\"Principios\" \/>\n<meta property=\"article:published_time\" content=\"2020-06-04T22:22:54+00:00\" \/>\n<meta property=\"article:modified_time\" content=\"2020-06-04T22:22:56+00:00\" \/>\n<meta property=\"og:image\" content=\"https:\/\/diarioprincipios.com\/wp-content\/uploads\/2020\/06\/LOS-BOMBEROS-VOLUNTARIOS-DE-BERAZATEGUI-RECONOCIERON-A-5-EMPLEADOS-MUNICIPALES-1.jpg\" \/>\n\t<meta property=\"og:image:width\" content=\"1920\" \/>\n\t<meta property=\"og:image:height\" content=\"1280\" \/>\n\t<meta property=\"og:image:type\" content=\"image\/jpeg\" \/>\n<meta name=\"author\" content=\"Hern\u00e1n L\u00f3pez\" \/>\n<meta name=\"twitter:card\" content=\"summary_large_image\" \/>\n<meta name=\"twitter:label1\" content=\"Escrito por\" \/>\n\t<meta name=\"twitter:data1\" content=\"Hern\u00e1n L\u00f3pez\" \/>\n\t<meta name=\"twitter:label2\" content=\"Tiempo de lectura\" \/>\n\t<meta name=\"twitter:data2\" content=\"3 minutos\" \/>\n<script type=\"application\/ld+json\" class=\"yoast-schema-graph\">{\"@context\":\"https:\\\/\\\/schema.org\",\"@graph\":[{\"@type\":\"Article\",\"@id\":\"https:\\\/\\\/diarioprincipios.com\\\/index.php\\\/2020\\\/06\\\/04\\\/los-bomberos-voluntarios-de-berazategui-reconocieron-a-los-5-trabajadores-municipales-que-apagaron-un-incendio\\\/#article\",\"isPartOf\":{\"@id\":\"https:\\\/\\\/diarioprincipios.com\\\/index.php\\\/2020\\\/06\\\/04\\\/los-bomberos-voluntarios-de-berazategui-reconocieron-a-los-5-trabajadores-municipales-que-apagaron-un-incendio\\\/\"},\"author\":{\"name\":\"Hern\u00e1n L\u00f3pez\",\"@id\":\"https:\\\/\\\/diarioprincipios.com\\\/#\\\/schema\\\/person\\\/436d5a1fd41a5e250e23ff5a6a7cb080\"},\"headline\":\"Los Bomberos Voluntarios de Berazategui reconocieron a los 5 trabajadores municipales que apagaron un incendio\",\"datePublished\":\"2020-06-04T22:22:54+00:00\",\"dateModified\":\"2020-06-04T22:22:56+00:00\",\"mainEntityOfPage\":{\"@id\":\"https:\\\/\\\/diarioprincipios.com\\\/index.php\\\/2020\\\/06\\\/04\\\/los-bomberos-voluntarios-de-berazategui-reconocieron-a-los-5-trabajadores-municipales-que-apagaron-un-incendio\\\/\"},\"wordCount\":533,\"commentCount\":0,\"publisher\":{\"@id\":\"https:\\\/\\\/diarioprincipios.com\\\/#organization\"},\"image\":{\"@id\":\"https:\\\/\\\/diarioprincipios.com\\\/index.php\\\/2020\\\/06\\\/04\\\/los-bomberos-voluntarios-de-berazategui-reconocieron-a-los-5-trabajadores-municipales-que-apagaron-un-incendio\\\/#primaryimage\"},\"thumbnailUrl\":\"https:\\\/\\\/diarioprincipios.com\\\/wp-content\\\/uploads\\\/2020\\\/06\\\/LOS-BOMBEROS-VOLUNTARIOS-DE-BERAZATEGUI-RECONOCIERON-A-5-EMPLEADOS-MUNICIPALES-1.jpg\",\"articleSection\":[\"Berazategui\"],\"inLanguage\":\"es\",\"potentialAction\":[{\"@type\":\"CommentAction\",\"name\":\"Comment\",\"target\":[\"https:\\\/\\\/diarioprincipios.com\\\/index.php\\\/2020\\\/06\\\/04\\\/los-bomberos-voluntarios-de-berazategui-reconocieron-a-los-5-trabajadores-municipales-que-apagaron-un-incendio\\\/#respond\"]}]},{\"@type\":\"WebPage\",\"@id\":\"https:\\\/\\\/diarioprincipios.com\\\/index.php\\\/2020\\\/06\\\/04\\\/los-bomberos-voluntarios-de-berazategui-reconocieron-a-los-5-trabajadores-municipales-que-apagaron-un-incendio\\\/\",\"url\":\"https:\\\/\\\/diarioprincipios.com\\\/index.php\\\/2020\\\/06\\\/04\\\/los-bomberos-voluntarios-de-berazategui-reconocieron-a-los-5-trabajadores-municipales-que-apagaron-un-incendio\\\/\",\"name\":\"Los Bomberos Voluntarios de Berazategui reconocieron a los 5 trabajadores municipales que apagaron un incendio - Principios\",\"isPartOf\":{\"@id\":\"https:\\\/\\\/diarioprincipios.com\\\/#website\"},\"primaryImageOfPage\":{\"@id\":\"https:\\\/\\\/diarioprincipios.com\\\/index.php\\\/2020\\\/06\\\/04\\\/los-bomberos-voluntarios-de-berazategui-reconocieron-a-los-5-trabajadores-municipales-que-apagaron-un-incendio\\\/#primaryimage\"},\"image\":{\"@id\":\"https:\\\/\\\/diarioprincipios.com\\\/index.php\\\/2020\\\/06\\\/04\\\/los-bomberos-voluntarios-de-berazategui-reconocieron-a-los-5-trabajadores-municipales-que-apagaron-un-incendio\\\/#primaryimage\"},\"thumbnailUrl\":\"https:\\\/\\\/diarioprincipios.com\\\/wp-content\\\/uploads\\\/2020\\\/06\\\/LOS-BOMBEROS-VOLUNTARIOS-DE-BERAZATEGUI-RECONOCIERON-A-5-EMPLEADOS-MUNICIPALES-1.jpg\",\"datePublished\":\"2020-06-04T22:22:54+00:00\",\"dateModified\":\"2020-06-04T22:22:56+00:00\",\"breadcrumb\":{\"@id\":\"https:\\\/\\\/diarioprincipios.com\\\/index.php\\\/2020\\\/06\\\/04\\\/los-bomberos-voluntarios-de-berazategui-reconocieron-a-los-5-trabajadores-municipales-que-apagaron-un-incendio\\\/#breadcrumb\"},\"inLanguage\":\"es\",\"potentialAction\":[{\"@type\":\"ReadAction\",\"target\":[\"https:\\\/\\\/diarioprincipios.com\\\/index.php\\\/2020\\\/06\\\/04\\\/los-bomberos-voluntarios-de-berazategui-reconocieron-a-los-5-trabajadores-municipales-que-apagaron-un-incendio\\\/\"]}]},{\"@type\":\"ImageObject\",\"inLanguage\":\"es\",\"@id\":\"https:\\\/\\\/diarioprincipios.com\\\/index.php\\\/2020\\\/06\\\/04\\\/los-bomberos-voluntarios-de-berazategui-reconocieron-a-los-5-trabajadores-municipales-que-apagaron-un-incendio\\\/#primaryimage\",\"url\":\"https:\\\/\\\/diarioprincipios.com\\\/wp-content\\\/uploads\\\/2020\\\/06\\\/LOS-BOMBEROS-VOLUNTARIOS-DE-BERAZATEGUI-RECONOCIERON-A-5-EMPLEADOS-MUNICIPALES-1.jpg\",\"contentUrl\":\"https:\\\/\\\/diarioprincipios.com\\\/wp-content\\\/uploads\\\/2020\\\/06\\\/LOS-BOMBEROS-VOLUNTARIOS-DE-BERAZATEGUI-RECONOCIERON-A-5-EMPLEADOS-MUNICIPALES-1.jpg\",\"width\":1920,\"height\":1280},{\"@type\":\"BreadcrumbList\",\"@id\":\"https:\\\/\\\/diarioprincipios.com\\\/index.php\\\/2020\\\/06\\\/04\\\/los-bomberos-voluntarios-de-berazategui-reconocieron-a-los-5-trabajadores-municipales-que-apagaron-un-incendio\\\/#breadcrumb\",\"itemListElement\":[{\"@type\":\"ListItem\",\"position\":1,\"name\":\"Portada\",\"item\":\"https:\\\/\\\/diarioprincipios.com\\\/\"},{\"@type\":\"ListItem\",\"position\":2,\"name\":\"Los Bomberos Voluntarios de Berazategui reconocieron a los 5 trabajadores municipales que apagaron un incendio\"}]},{\"@type\":\"WebSite\",\"@id\":\"https:\\\/\\\/diarioprincipios.com\\\/#website\",\"url\":\"https:\\\/\\\/diarioprincipios.com\\\/\",\"name\":\"Principios\",\"description\":\"Principios Diario\",\"publisher\":{\"@id\":\"https:\\\/\\\/diarioprincipios.com\\\/#organization\"},\"potentialAction\":[{\"@type\":\"SearchAction\",\"target\":{\"@type\":\"EntryPoint\",\"urlTemplate\":\"https:\\\/\\\/diarioprincipios.com\\\/?s={search_term_string}\"},\"query-input\":{\"@type\":\"PropertyValueSpecification\",\"valueRequired\":true,\"valueName\":\"search_term_string\"}}],\"inLanguage\":\"es\"},{\"@type\":\"Organization\",\"@id\":\"https:\\\/\\\/diarioprincipios.com\\\/#organization\",\"name\":\"Principios\",\"url\":\"https:\\\/\\\/diarioprincipios.com\\\/\",\"logo\":{\"@type\":\"ImageObject\",\"inLanguage\":\"es\",\"@id\":\"https:\\\/\\\/diarioprincipios.com\\\/#\\\/schema\\\/logo\\\/image\\\/\",\"url\":\"https:\\\/\\\/diarioprincipios.com\\\/wp-content\\\/uploads\\\/2024\\\/04\\\/cropped-www.diarioprincipios.com_-1.png\",\"contentUrl\":\"https:\\\/\\\/diarioprincipios.com\\\/wp-content\\\/uploads\\\/2024\\\/04\\\/cropped-www.diarioprincipios.com_-1.png\",\"width\":5325,\"height\":1454,\"caption\":\"Principios\"},\"image\":{\"@id\":\"https:\\\/\\\/diarioprincipios.com\\\/#\\\/schema\\\/logo\\\/image\\\/\"}},{\"@type\":\"Person\",\"@id\":\"https:\\\/\\\/diarioprincipios.com\\\/#\\\/schema\\\/person\\\/436d5a1fd41a5e250e23ff5a6a7cb080\",\"name\":\"Hern\u00e1n L\u00f3pez\",\"image\":{\"@type\":\"ImageObject\",\"inLanguage\":\"es\",\"@id\":\"https:\\\/\\\/diarioprincipios.com\\\/wp-content\\\/litespeed\\\/avatar\\\/11ddfe5610ff3bd100522525b2571f48.jpg?ver=1777048341\",\"url\":\"https:\\\/\\\/diarioprincipios.com\\\/wp-content\\\/litespeed\\\/avatar\\\/11ddfe5610ff3bd100522525b2571f48.jpg?ver=1777048341\",\"contentUrl\":\"https:\\\/\\\/diarioprincipios.com\\\/wp-content\\\/litespeed\\\/avatar\\\/11ddfe5610ff3bd100522525b2571f48.jpg?ver=1777048341\",\"caption\":\"Hern\u00e1n L\u00f3pez\"},\"url\":\"https:\\\/\\\/diarioprincipios.com\\\/index.php\\\/author\\\/hernan\\\/\"}]}<\/script>\n<!-- \/ Yoast SEO plugin. -->","yoast_head_json":{"title":"Los Bomberos Voluntarios de Berazategui reconocieron a los 5 trabajadores municipales que apagaron un incendio - Principios","robots":{"index":"index","follow":"follow","max-snippet":"max-snippet:-1","max-image-preview":"max-image-preview:large","max-video-preview":"max-video-preview:-1"},"canonical":"https:\/\/diarioprincipios.com\/index.php\/2020\/06\/04\/los-bomberos-voluntarios-de-berazategui-reconocieron-a-los-5-trabajadores-municipales-que-apagaron-un-incendio\/","og_locale":"es_ES","og_type":"article","og_title":"Los Bomberos Voluntarios de Berazategui reconocieron a los 5 trabajadores municipales que apagaron un incendio - Principios","og_description":"En el D\u00eda Nacional del Bombero Voluntario, el Destacamento del centro de la ciudad brind\u00f3 un emotivo homenaje a cinco trabajadores de la Coordinaci\u00f3n de Servicios Sanitarios de la Municipalidad de Berazategui, quienes d\u00edas atr\u00e1s evitaron que una vivienda ubicada en calle 121, entre 9 y 10, se incendiara por completo, al intervenir r\u00e1pidamente con...","og_url":"https:\/\/diarioprincipios.com\/index.php\/2020\/06\/04\/los-bomberos-voluntarios-de-berazategui-reconocieron-a-los-5-trabajadores-municipales-que-apagaron-un-incendio\/","og_site_name":"Principios","article_published_time":"2020-06-04T22:22:54+00:00","article_modified_time":"2020-06-04T22:22:56+00:00","og_image":[{"width":1920,"height":1280,"url":"https:\/\/diarioprincipios.com\/wp-content\/uploads\/2020\/06\/LOS-BOMBEROS-VOLUNTARIOS-DE-BERAZATEGUI-RECONOCIERON-A-5-EMPLEADOS-MUNICIPALES-1.jpg","type":"image\/jpeg"}],"author":"Hern\u00e1n L\u00f3pez","twitter_card":"summary_large_image","twitter_misc":{"Escrito por":"Hern\u00e1n L\u00f3pez","Tiempo de lectura":"3 minutos"},"schema":{"@context":"https:\/\/schema.org","@graph":[{"@type":"Article","@id":"https:\/\/diarioprincipios.com\/index.php\/2020\/06\/04\/los-bomberos-voluntarios-de-berazategui-reconocieron-a-los-5-trabajadores-municipales-que-apagaron-un-incendio\/#article","isPartOf":{"@id":"https:\/\/diarioprincipios.com\/index.php\/2020\/06\/04\/los-bomberos-voluntarios-de-berazategui-reconocieron-a-los-5-trabajadores-municipales-que-apagaron-un-incendio\/"},"author":{"name":"Hern\u00e1n L\u00f3pez","@id":"https:\/\/diarioprincipios.com\/#\/schema\/person\/436d5a1fd41a5e250e23ff5a6a7cb080"},"headline":"Los Bomberos Voluntarios de Berazategui reconocieron a los 5 trabajadores municipales que apagaron un incendio","datePublished":"2020-06-04T22:22:54+00:00","dateModified":"2020-06-04T22:22:56+00:00","mainEntityOfPage":{"@id":"https:\/\/diarioprincipios.com\/index.php\/2020\/06\/04\/los-bomberos-voluntarios-de-berazategui-reconocieron-a-los-5-trabajadores-municipales-que-apagaron-un-incendio\/"},"wordCount":533,"commentCount":0,"publisher":{"@id":"https:\/\/diarioprincipios.com\/#organization"},"image":{"@id":"https:\/\/diarioprincipios.com\/index.php\/2020\/06\/04\/los-bomberos-voluntarios-de-berazategui-reconocieron-a-los-5-trabajadores-municipales-que-apagaron-un-incendio\/#primaryimage"},"thumbnailUrl":"https:\/\/diarioprincipios.com\/wp-content\/uploads\/2020\/06\/LOS-BOMBEROS-VOLUNTARIOS-DE-BERAZATEGUI-RECONOCIERON-A-5-EMPLEADOS-MUNICIPALES-1.jpg","articleSection":["Berazategui"],"inLanguage":"es","potentialAction":[{"@type":"CommentAction","name":"Comment","target":["https:\/\/diarioprincipios.com\/index.php\/2020\/06\/04\/los-bomberos-voluntarios-de-berazategui-reconocieron-a-los-5-trabajadores-municipales-que-apagaron-un-incendio\/#respond"]}]},{"@type":"WebPage","@id":"https:\/\/diarioprincipios.com\/index.php\/2020\/06\/04\/los-bomberos-voluntarios-de-berazategui-reconocieron-a-los-5-trabajadores-municipales-que-apagaron-un-incendio\/","url":"https:\/\/diarioprincipios.com\/index.php\/2020\/06\/04\/los-bomberos-voluntarios-de-berazategui-reconocieron-a-los-5-trabajadores-municipales-que-apagaron-un-incendio\/","name":"Los Bomberos Voluntarios de Berazategui reconocieron a los 5 trabajadores municipales que apagaron un incendio - Principios","isPartOf":{"@id":"https:\/\/diarioprincipios.com\/#website"},"primaryImageOfPage":{"@id":"https:\/\/diarioprincipios.com\/index.php\/2020\/06\/04\/los-bomberos-voluntarios-de-berazategui-reconocieron-a-los-5-trabajadores-municipales-que-apagaron-un-incendio\/#primaryimage"},"image":{"@id":"https:\/\/diarioprincipios.com\/index.php\/2020\/06\/04\/los-bomberos-voluntarios-de-berazategui-reconocieron-a-los-5-trabajadores-municipales-que-apagaron-un-incendio\/#primaryimage"},"thumbnailUrl":"https:\/\/diarioprincipios.com\/wp-content\/uploads\/2020\/06\/LOS-BOMBEROS-VOLUNTARIOS-DE-BERAZATEGUI-RECONOCIERON-A-5-EMPLEADOS-MUNICIPALES-1.jpg","datePublished":"2020-06-04T22:22:54+00:00","dateModified":"2020-06-04T22:22:56+00:00","breadcrumb":{"@id":"https:\/\/diarioprincipios.com\/index.php\/2020\/06\/04\/los-bomberos-voluntarios-de-berazategui-reconocieron-a-los-5-trabajadores-municipales-que-apagaron-un-incendio\/#breadcrumb"},"inLanguage":"es","potentialAction":[{"@type":"ReadAction","target":["https:\/\/diarioprincipios.com\/index.php\/2020\/06\/04\/los-bomberos-voluntarios-de-berazategui-reconocieron-a-los-5-trabajadores-municipales-que-apagaron-un-incendio\/"]}]},{"@type":"ImageObject","inLanguage":"es","@id":"https:\/\/diarioprincipios.com\/index.php\/2020\/06\/04\/los-bomberos-voluntarios-de-berazategui-reconocieron-a-los-5-trabajadores-municipales-que-apagaron-un-incendio\/#primaryimage","url":"https:\/\/diarioprincipios.com\/wp-content\/uploads\/2020\/06\/LOS-BOMBEROS-VOLUNTARIOS-DE-BERAZATEGUI-RECONOCIERON-A-5-EMPLEADOS-MUNICIPALES-1.jpg","contentUrl":"https:\/\/diarioprincipios.com\/wp-content\/uploads\/2020\/06\/LOS-BOMBEROS-VOLUNTARIOS-DE-BERAZATEGUI-RECONOCIERON-A-5-EMPLEADOS-MUNICIPALES-1.jpg","width":1920,"height":1280},{"@type":"BreadcrumbList","@id":"https:\/\/diarioprincipios.com\/index.php\/2020\/06\/04\/los-bomberos-voluntarios-de-berazategui-reconocieron-a-los-5-trabajadores-municipales-que-apagaron-un-incendio\/#breadcrumb","itemListElement":[{"@type":"ListItem","position":1,"name":"Portada","item":"https:\/\/diarioprincipios.com\/"},{"@type":"ListItem","position":2,"name":"Los Bomberos Voluntarios de Berazategui reconocieron a los 5 trabajadores municipales que apagaron un incendio"}]},{"@type":"WebSite","@id":"https:\/\/diarioprincipios.com\/#website","url":"https:\/\/diarioprincipios.com\/","name":"Principios","description":"Principios Diario","publisher":{"@id":"https:\/\/diarioprincipios.com\/#organization"},"potentialAction":[{"@type":"SearchAction","target":{"@type":"EntryPoint","urlTemplate":"https:\/\/diarioprincipios.com\/?s={search_term_string}"},"query-input":{"@type":"PropertyValueSpecification","valueRequired":true,"valueName":"search_term_string"}}],"inLanguage":"es"},{"@type":"Organization","@id":"https:\/\/diarioprincipios.com\/#organization","name":"Principios","url":"https:\/\/diarioprincipios.com\/","logo":{"@type":"ImageObject","inLanguage":"es","@id":"https:\/\/diarioprincipios.com\/#\/schema\/logo\/image\/","url":"https:\/\/diarioprincipios.com\/wp-content\/uploads\/2024\/04\/cropped-www.diarioprincipios.com_-1.png","contentUrl":"https:\/\/diarioprincipios.com\/wp-content\/uploads\/2024\/04\/cropped-www.diarioprincipios.com_-1.png","width":5325,"height":1454,"caption":"Principios"},"image":{"@id":"https:\/\/diarioprincipios.com\/#\/schema\/logo\/image\/"}},{"@type":"Person","@id":"https:\/\/diarioprincipios.com\/#\/schema\/person\/436d5a1fd41a5e250e23ff5a6a7cb080","name":"Hern\u00e1n L\u00f3pez","image":{"@type":"ImageObject","inLanguage":"es","@id":"https:\/\/diarioprincipios.com\/wp-content\/litespeed\/avatar\/11ddfe5610ff3bd100522525b2571f48.jpg?ver=1777048341","url":"https:\/\/diarioprincipios.com\/wp-content\/litespeed\/avatar\/11ddfe5610ff3bd100522525b2571f48.jpg?ver=1777048341","contentUrl":"https:\/\/diarioprincipios.com\/wp-content\/litespeed\/avatar\/11ddfe5610ff3bd100522525b2571f48.jpg?ver=1777048341","caption":"Hern\u00e1n L\u00f3pez"},"url":"https:\/\/diarioprincipios.com\/index.php\/author\/hernan\/"}]}},"jetpack_featured_media_url":"https:\/\/diarioprincipios.com\/wp-content\/uploads\/2020\/06\/LOS-BOMBEROS-VOLUNTARIOS-DE-BERAZATEGUI-RECONOCIERON-A-5-EMPLEADOS-MUNICIPALES-1.jpg","_links":{"self":[{"href":"https:\/\/diarioprincipios.com\/index.php\/wp-json\/wp\/v2\/posts\/2518","targetHints":{"allow":["GET"]}}],"collection":[{"href":"https:\/\/diarioprincipios.com\/index.php\/wp-json\/wp\/v2\/posts"}],"about":[{"href":"https:\/\/diarioprincipios.com\/index.php\/wp-json\/wp\/v2\/types\/post"}],"author":[{"embeddable":true,"href":"https:\/\/diarioprincipios.com\/index.php\/wp-json\/wp\/v2\/users\/2"}],"replies":[{"embeddable":true,"href":"https:\/\/diarioprincipios.com\/index.php\/wp-json\/wp\/v2\/comments?post=2518"}],"version-history":[{"count":1,"href":"https:\/\/diarioprincipios.com\/index.php\/wp-json\/wp\/v2\/posts\/2518\/revisions"}],"predecessor-version":[{"id":2520,"href":"https:\/\/diarioprincipios.com\/index.php\/wp-json\/wp\/v2\/posts\/2518\/revisions\/2520"}],"wp:featuredmedia":[{"embeddable":true,"href":"https:\/\/diarioprincipios.com\/index.php\/wp-json\/wp\/v2\/media\/2519"}],"wp:attachment":[{"href":"https:\/\/diarioprincipios.com\/index.php\/wp-json\/wp\/v2\/media?parent=2518"}],"wp:term":[{"taxonomy":"category","embeddable":true,"href":"https:\/\/diarioprincipios.com\/index.php\/wp-json\/wp\/v2\/categories?post=2518"},{"taxonomy":"post_tag","embeddable":true,"href":"https:\/\/diarioprincipios.com\/index.php\/wp-json\/wp\/v2\/tags?post=2518"}],"curies":[{"name":"wp","href":"https:\/\/api.w.org\/{rel}","templated":true}]}}