{"id":25179,"date":"2025-08-11T17:10:22","date_gmt":"2025-08-11T20:10:22","guid":{"rendered":"https:\/\/diarioprincipios.com\/?p=25179"},"modified":"2025-08-11T17:10:22","modified_gmt":"2025-08-11T20:10:22","slug":"jornada-de-asesoramiento-legal-gratuito-en-el-complejo-la-humanitaria","status":"publish","type":"post","link":"https:\/\/diarioprincipios.com\/index.php\/2025\/08\/11\/jornada-de-asesoramiento-legal-gratuito-en-el-complejo-la-humanitaria\/","title":{"rendered":"Jornada de asesoramiento legal gratuito en el Complejo La Humanitaria"},"content":{"rendered":"\n<p>La Municipalidad de Berazategui, en articulaci\u00f3n con el Ministerio P\u00fablico de la Defensa de la provincia de Buenos Aires, llev\u00f3 adelante una nueva jornada de atenci\u00f3n y orientaci\u00f3n legal gratuita para vecinos y vecinas en el Complejo Cultural Municipal La Humanitaria.<\/p>\n\n\n\n<p>Durante el operativo, los y las profesionales ofrecieron asesoramiento sobre temas vinculados a cuestiones de familia, como divorcios, derecho de comunicaci\u00f3n, cuota alimentaria y cuidado personal, entre otros. Esta iniciativa busca acercar herramientas jur\u00eddicas a la comunidad y facilitar el acceso a la justicia en los barrios.<\/p>\n\n\n\n<p>Adem\u00e1s, ofreci\u00f3 atenci\u00f3n la Oficina Municipal de Informaci\u00f3n al Consumidor (OMIC), la Coordinaci\u00f3n Integral de Prevenci\u00f3n y Asistencia a las Violencias (CIPAV) -de la Secretar\u00eda de Salud P\u00fablica e Higiene municipal-, la Defensor\u00eda Civil del Ministerio P\u00fablico de la Defensa -del Poder Judicial de la provincia de Buenos Aires con el aporte de la Defensor\u00eda General del Departamento Judicial de Quilmes- y la Agencia municipal de Tierras y H\u00e1bitat, sobre regularizaci\u00f3n dominial.<\/p>\n\n\n\n<figure class=\"wp-block-image size-large\"><img loading=\"lazy\" decoding=\"async\" width=\"1024\" height=\"683\" src=\"https:\/\/diarioprincipios.com\/wp-content\/uploads\/2025\/08\/Jornada-de-asesoramiento-legal-gratuito-en-el-Complejo-La-Humanitaria-4-1024x683.jpg\" alt=\"\" class=\"wp-image-25180\" srcset=\"https:\/\/diarioprincipios.com\/wp-content\/uploads\/2025\/08\/Jornada-de-asesoramiento-legal-gratuito-en-el-Complejo-La-Humanitaria-4-1024x683.jpg 1024w, https:\/\/diarioprincipios.com\/wp-content\/uploads\/2025\/08\/Jornada-de-asesoramiento-legal-gratuito-en-el-Complejo-La-Humanitaria-4-300x200.jpg 300w, https:\/\/diarioprincipios.com\/wp-content\/uploads\/2025\/08\/Jornada-de-asesoramiento-legal-gratuito-en-el-Complejo-La-Humanitaria-4-768x512.jpg 768w, https:\/\/diarioprincipios.com\/wp-content\/uploads\/2025\/08\/Jornada-de-asesoramiento-legal-gratuito-en-el-Complejo-La-Humanitaria-4-1536x1024.jpg 1536w, https:\/\/diarioprincipios.com\/wp-content\/uploads\/2025\/08\/Jornada-de-asesoramiento-legal-gratuito-en-el-Complejo-La-Humanitaria-4-600x400.jpg 600w, https:\/\/diarioprincipios.com\/wp-content\/uploads\/2025\/08\/Jornada-de-asesoramiento-legal-gratuito-en-el-Complejo-La-Humanitaria-4.jpg 1920w\" sizes=\"auto, (max-width: 1024px) 100vw, 1024px\" \/><\/figure>\n\n\n\n<p>En el marco de la jornada, el subsecretario de Asesor\u00eda Letrada municipal y titular de la Coordinaci\u00f3n de Cuestiones Jur\u00eddicas de Familia, Dr. Esteban Ayala, inform\u00f3: \u00abAsistieron muchos vecinos de distintas localidades. Este servicio gratuito se brinda por iniciativa del Dr. Mussi, para ofrecer acceso a la justicia en forma descentralizada. De manera privada, estas consultas tienen un valor aproximado de 90 mil pesos. Aqu\u00ed los vecinos ahorran ese dinero, ya que la atenci\u00f3n es totalmente gratuita\u201d.<\/p>\n\n\n\n<p>Marisa Serantes, vecina de Hudson que asisti\u00f3 al operativo, coment\u00f3: \u00abVine con mi esposo para asesorarnos en cuestiones legales. Estoy muy agradecida con la Municipalidad de Berazategui por brindarnos este servicio gratuito y cerca de casa. La atenci\u00f3n fue muy buena, resolvieron nuestras dudas. Nos vamos contentos y conformes\u201d.<\/p>\n\n\n\n<p>El pr\u00f3ximo operativo de asesoramiento legal gratuito ser\u00e1 el jueves 21 de agosto, de 9.00 a 13.00, en la Sociedad de Fomento Santa Rita (calle 303 y 356, Ranelagh).<\/p>\n","protected":false},"excerpt":{"rendered":"<p>La Municipalidad de Berazategui, en articulaci\u00f3n con el Ministerio P\u00fablico de la Defensa de la provincia de Buenos Aires, llev\u00f3 adelante una nueva jornada de atenci\u00f3n y orientaci\u00f3n legal gratuita para vecinos y vecinas en el Complejo Cultural Municipal La Humanitaria. Durante el operativo, los y las profesionales ofrecieron asesoramiento sobre temas vinculados a cuestiones&#8230;<\/p>\n","protected":false},"author":2,"featured_media":25181,"comment_status":"open","ping_status":"open","sticky":false,"template":"","format":"standard","meta":{"footnotes":""},"categories":[3],"tags":[],"class_list":["post-25179","post","type-post","status-publish","format-standard","has-post-thumbnail","hentry","category-berazategui"],"featured_image_src":"https:\/\/diarioprincipios.com\/wp-content\/uploads\/2025\/08\/Jornada-de-asesoramiento-legal-gratuito-en-el-Complejo-La-Humanitaria-3-1024x683.jpg","blog_images":{"medium":"https:\/\/diarioprincipios.com\/wp-content\/uploads\/2025\/08\/Jornada-de-asesoramiento-legal-gratuito-en-el-Complejo-La-Humanitaria-3-300x200.jpg","large":"https:\/\/diarioprincipios.com\/wp-content\/uploads\/2025\/08\/Jornada-de-asesoramiento-legal-gratuito-en-el-Complejo-La-Humanitaria-3-1024x683.jpg"},"ams_acf":[],"yoast_head":"<!-- This site is optimized with the Yoast SEO plugin v27.3 - https:\/\/yoast.com\/product\/yoast-seo-wordpress\/ -->\n<title>Jornada de asesoramiento legal gratuito en el Complejo La Humanitaria - Principios<\/title>\n<meta name=\"robots\" content=\"index, follow, max-snippet:-1, max-image-preview:large, max-video-preview:-1\" \/>\n<link rel=\"canonical\" href=\"https:\/\/diarioprincipios.com\/index.php\/2025\/08\/11\/jornada-de-asesoramiento-legal-gratuito-en-el-complejo-la-humanitaria\/\" \/>\n<meta property=\"og:locale\" content=\"es_ES\" \/>\n<meta property=\"og:type\" content=\"article\" \/>\n<meta property=\"og:title\" content=\"Jornada de asesoramiento legal gratuito en el Complejo La Humanitaria - Principios\" \/>\n<meta property=\"og:description\" content=\"La Municipalidad de Berazategui, en articulaci\u00f3n con el Ministerio P\u00fablico de la Defensa de la provincia de Buenos Aires, llev\u00f3 adelante una nueva jornada de atenci\u00f3n y orientaci\u00f3n legal gratuita para vecinos y vecinas en el Complejo Cultural Municipal La Humanitaria. Durante el operativo, los y las profesionales ofrecieron asesoramiento sobre temas vinculados a cuestiones...\" \/>\n<meta property=\"og:url\" content=\"https:\/\/diarioprincipios.com\/index.php\/2025\/08\/11\/jornada-de-asesoramiento-legal-gratuito-en-el-complejo-la-humanitaria\/\" \/>\n<meta property=\"og:site_name\" content=\"Principios\" \/>\n<meta property=\"article:published_time\" content=\"2025-08-11T20:10:22+00:00\" \/>\n<meta property=\"og:image\" content=\"https:\/\/diarioprincipios.com\/wp-content\/uploads\/2025\/08\/Jornada-de-asesoramiento-legal-gratuito-en-el-Complejo-La-Humanitaria-3.jpg\" \/>\n\t<meta property=\"og:image:width\" content=\"1920\" \/>\n\t<meta property=\"og:image:height\" content=\"1280\" \/>\n\t<meta property=\"og:image:type\" content=\"image\/jpeg\" \/>\n<meta name=\"author\" content=\"Hern\u00e1n L\u00f3pez\" \/>\n<meta name=\"twitter:card\" content=\"summary_large_image\" \/>\n<meta name=\"twitter:label1\" content=\"Escrito por\" \/>\n\t<meta name=\"twitter:data1\" content=\"Hern\u00e1n L\u00f3pez\" \/>\n\t<meta name=\"twitter:label2\" content=\"Tiempo de lectura\" \/>\n\t<meta name=\"twitter:data2\" content=\"2 minutos\" \/>\n<script type=\"application\/ld+json\" class=\"yoast-schema-graph\">{\"@context\":\"https:\\\/\\\/schema.org\",\"@graph\":[{\"@type\":\"Article\",\"@id\":\"https:\\\/\\\/diarioprincipios.com\\\/index.php\\\/2025\\\/08\\\/11\\\/jornada-de-asesoramiento-legal-gratuito-en-el-complejo-la-humanitaria\\\/#article\",\"isPartOf\":{\"@id\":\"https:\\\/\\\/diarioprincipios.com\\\/index.php\\\/2025\\\/08\\\/11\\\/jornada-de-asesoramiento-legal-gratuito-en-el-complejo-la-humanitaria\\\/\"},\"author\":{\"name\":\"Hern\u00e1n L\u00f3pez\",\"@id\":\"https:\\\/\\\/diarioprincipios.com\\\/#\\\/schema\\\/person\\\/436d5a1fd41a5e250e23ff5a6a7cb080\"},\"headline\":\"Jornada de asesoramiento legal gratuito en el Complejo La Humanitaria\",\"datePublished\":\"2025-08-11T20:10:22+00:00\",\"mainEntityOfPage\":{\"@id\":\"https:\\\/\\\/diarioprincipios.com\\\/index.php\\\/2025\\\/08\\\/11\\\/jornada-de-asesoramiento-legal-gratuito-en-el-complejo-la-humanitaria\\\/\"},\"wordCount\":343,\"commentCount\":0,\"publisher\":{\"@id\":\"https:\\\/\\\/diarioprincipios.com\\\/#organization\"},\"image\":{\"@id\":\"https:\\\/\\\/diarioprincipios.com\\\/index.php\\\/2025\\\/08\\\/11\\\/jornada-de-asesoramiento-legal-gratuito-en-el-complejo-la-humanitaria\\\/#primaryimage\"},\"thumbnailUrl\":\"https:\\\/\\\/diarioprincipios.com\\\/wp-content\\\/uploads\\\/2025\\\/08\\\/Jornada-de-asesoramiento-legal-gratuito-en-el-Complejo-La-Humanitaria-3.jpg\",\"articleSection\":[\"Berazategui\"],\"inLanguage\":\"es\",\"potentialAction\":[{\"@type\":\"CommentAction\",\"name\":\"Comment\",\"target\":[\"https:\\\/\\\/diarioprincipios.com\\\/index.php\\\/2025\\\/08\\\/11\\\/jornada-de-asesoramiento-legal-gratuito-en-el-complejo-la-humanitaria\\\/#respond\"]}]},{\"@type\":\"WebPage\",\"@id\":\"https:\\\/\\\/diarioprincipios.com\\\/index.php\\\/2025\\\/08\\\/11\\\/jornada-de-asesoramiento-legal-gratuito-en-el-complejo-la-humanitaria\\\/\",\"url\":\"https:\\\/\\\/diarioprincipios.com\\\/index.php\\\/2025\\\/08\\\/11\\\/jornada-de-asesoramiento-legal-gratuito-en-el-complejo-la-humanitaria\\\/\",\"name\":\"Jornada de asesoramiento legal gratuito en el Complejo La Humanitaria - Principios\",\"isPartOf\":{\"@id\":\"https:\\\/\\\/diarioprincipios.com\\\/#website\"},\"primaryImageOfPage\":{\"@id\":\"https:\\\/\\\/diarioprincipios.com\\\/index.php\\\/2025\\\/08\\\/11\\\/jornada-de-asesoramiento-legal-gratuito-en-el-complejo-la-humanitaria\\\/#primaryimage\"},\"image\":{\"@id\":\"https:\\\/\\\/diarioprincipios.com\\\/index.php\\\/2025\\\/08\\\/11\\\/jornada-de-asesoramiento-legal-gratuito-en-el-complejo-la-humanitaria\\\/#primaryimage\"},\"thumbnailUrl\":\"https:\\\/\\\/diarioprincipios.com\\\/wp-content\\\/uploads\\\/2025\\\/08\\\/Jornada-de-asesoramiento-legal-gratuito-en-el-Complejo-La-Humanitaria-3.jpg\",\"datePublished\":\"2025-08-11T20:10:22+00:00\",\"breadcrumb\":{\"@id\":\"https:\\\/\\\/diarioprincipios.com\\\/index.php\\\/2025\\\/08\\\/11\\\/jornada-de-asesoramiento-legal-gratuito-en-el-complejo-la-humanitaria\\\/#breadcrumb\"},\"inLanguage\":\"es\",\"potentialAction\":[{\"@type\":\"ReadAction\",\"target\":[\"https:\\\/\\\/diarioprincipios.com\\\/index.php\\\/2025\\\/08\\\/11\\\/jornada-de-asesoramiento-legal-gratuito-en-el-complejo-la-humanitaria\\\/\"]}]},{\"@type\":\"ImageObject\",\"inLanguage\":\"es\",\"@id\":\"https:\\\/\\\/diarioprincipios.com\\\/index.php\\\/2025\\\/08\\\/11\\\/jornada-de-asesoramiento-legal-gratuito-en-el-complejo-la-humanitaria\\\/#primaryimage\",\"url\":\"https:\\\/\\\/diarioprincipios.com\\\/wp-content\\\/uploads\\\/2025\\\/08\\\/Jornada-de-asesoramiento-legal-gratuito-en-el-Complejo-La-Humanitaria-3.jpg\",\"contentUrl\":\"https:\\\/\\\/diarioprincipios.com\\\/wp-content\\\/uploads\\\/2025\\\/08\\\/Jornada-de-asesoramiento-legal-gratuito-en-el-Complejo-La-Humanitaria-3.jpg\",\"width\":1920,\"height\":1280},{\"@type\":\"BreadcrumbList\",\"@id\":\"https:\\\/\\\/diarioprincipios.com\\\/index.php\\\/2025\\\/08\\\/11\\\/jornada-de-asesoramiento-legal-gratuito-en-el-complejo-la-humanitaria\\\/#breadcrumb\",\"itemListElement\":[{\"@type\":\"ListItem\",\"position\":1,\"name\":\"Portada\",\"item\":\"https:\\\/\\\/diarioprincipios.com\\\/\"},{\"@type\":\"ListItem\",\"position\":2,\"name\":\"Jornada de asesoramiento legal gratuito en el Complejo La Humanitaria\"}]},{\"@type\":\"WebSite\",\"@id\":\"https:\\\/\\\/diarioprincipios.com\\\/#website\",\"url\":\"https:\\\/\\\/diarioprincipios.com\\\/\",\"name\":\"Principios\",\"description\":\"Principios Diario\",\"publisher\":{\"@id\":\"https:\\\/\\\/diarioprincipios.com\\\/#organization\"},\"potentialAction\":[{\"@type\":\"SearchAction\",\"target\":{\"@type\":\"EntryPoint\",\"urlTemplate\":\"https:\\\/\\\/diarioprincipios.com\\\/?s={search_term_string}\"},\"query-input\":{\"@type\":\"PropertyValueSpecification\",\"valueRequired\":true,\"valueName\":\"search_term_string\"}}],\"inLanguage\":\"es\"},{\"@type\":\"Organization\",\"@id\":\"https:\\\/\\\/diarioprincipios.com\\\/#organization\",\"name\":\"Principios\",\"url\":\"https:\\\/\\\/diarioprincipios.com\\\/\",\"logo\":{\"@type\":\"ImageObject\",\"inLanguage\":\"es\",\"@id\":\"https:\\\/\\\/diarioprincipios.com\\\/#\\\/schema\\\/logo\\\/image\\\/\",\"url\":\"https:\\\/\\\/diarioprincipios.com\\\/wp-content\\\/uploads\\\/2024\\\/04\\\/cropped-www.diarioprincipios.com_-1.png\",\"contentUrl\":\"https:\\\/\\\/diarioprincipios.com\\\/wp-content\\\/uploads\\\/2024\\\/04\\\/cropped-www.diarioprincipios.com_-1.png\",\"width\":5325,\"height\":1454,\"caption\":\"Principios\"},\"image\":{\"@id\":\"https:\\\/\\\/diarioprincipios.com\\\/#\\\/schema\\\/logo\\\/image\\\/\"}},{\"@type\":\"Person\",\"@id\":\"https:\\\/\\\/diarioprincipios.com\\\/#\\\/schema\\\/person\\\/436d5a1fd41a5e250e23ff5a6a7cb080\",\"name\":\"Hern\u00e1n L\u00f3pez\",\"image\":{\"@type\":\"ImageObject\",\"inLanguage\":\"es\",\"@id\":\"https:\\\/\\\/diarioprincipios.com\\\/wp-content\\\/litespeed\\\/avatar\\\/11ddfe5610ff3bd100522525b2571f48.jpg?ver=1777653193\",\"url\":\"https:\\\/\\\/diarioprincipios.com\\\/wp-content\\\/litespeed\\\/avatar\\\/11ddfe5610ff3bd100522525b2571f48.jpg?ver=1777653193\",\"contentUrl\":\"https:\\\/\\\/diarioprincipios.com\\\/wp-content\\\/litespeed\\\/avatar\\\/11ddfe5610ff3bd100522525b2571f48.jpg?ver=1777653193\",\"caption\":\"Hern\u00e1n L\u00f3pez\"},\"url\":\"https:\\\/\\\/diarioprincipios.com\\\/index.php\\\/author\\\/hernan\\\/\"}]}<\/script>\n<!-- \/ Yoast SEO plugin. -->","yoast_head_json":{"title":"Jornada de asesoramiento legal gratuito en el Complejo La Humanitaria - Principios","robots":{"index":"index","follow":"follow","max-snippet":"max-snippet:-1","max-image-preview":"max-image-preview:large","max-video-preview":"max-video-preview:-1"},"canonical":"https:\/\/diarioprincipios.com\/index.php\/2025\/08\/11\/jornada-de-asesoramiento-legal-gratuito-en-el-complejo-la-humanitaria\/","og_locale":"es_ES","og_type":"article","og_title":"Jornada de asesoramiento legal gratuito en el Complejo La Humanitaria - Principios","og_description":"La Municipalidad de Berazategui, en articulaci\u00f3n con el Ministerio P\u00fablico de la Defensa de la provincia de Buenos Aires, llev\u00f3 adelante una nueva jornada de atenci\u00f3n y orientaci\u00f3n legal gratuita para vecinos y vecinas en el Complejo Cultural Municipal La Humanitaria. Durante el operativo, los y las profesionales ofrecieron asesoramiento sobre temas vinculados a cuestiones...","og_url":"https:\/\/diarioprincipios.com\/index.php\/2025\/08\/11\/jornada-de-asesoramiento-legal-gratuito-en-el-complejo-la-humanitaria\/","og_site_name":"Principios","article_published_time":"2025-08-11T20:10:22+00:00","og_image":[{"width":1920,"height":1280,"url":"https:\/\/diarioprincipios.com\/wp-content\/uploads\/2025\/08\/Jornada-de-asesoramiento-legal-gratuito-en-el-Complejo-La-Humanitaria-3.jpg","type":"image\/jpeg"}],"author":"Hern\u00e1n L\u00f3pez","twitter_card":"summary_large_image","twitter_misc":{"Escrito por":"Hern\u00e1n L\u00f3pez","Tiempo de lectura":"2 minutos"},"schema":{"@context":"https:\/\/schema.org","@graph":[{"@type":"Article","@id":"https:\/\/diarioprincipios.com\/index.php\/2025\/08\/11\/jornada-de-asesoramiento-legal-gratuito-en-el-complejo-la-humanitaria\/#article","isPartOf":{"@id":"https:\/\/diarioprincipios.com\/index.php\/2025\/08\/11\/jornada-de-asesoramiento-legal-gratuito-en-el-complejo-la-humanitaria\/"},"author":{"name":"Hern\u00e1n L\u00f3pez","@id":"https:\/\/diarioprincipios.com\/#\/schema\/person\/436d5a1fd41a5e250e23ff5a6a7cb080"},"headline":"Jornada de asesoramiento legal gratuito en el Complejo La Humanitaria","datePublished":"2025-08-11T20:10:22+00:00","mainEntityOfPage":{"@id":"https:\/\/diarioprincipios.com\/index.php\/2025\/08\/11\/jornada-de-asesoramiento-legal-gratuito-en-el-complejo-la-humanitaria\/"},"wordCount":343,"commentCount":0,"publisher":{"@id":"https:\/\/diarioprincipios.com\/#organization"},"image":{"@id":"https:\/\/diarioprincipios.com\/index.php\/2025\/08\/11\/jornada-de-asesoramiento-legal-gratuito-en-el-complejo-la-humanitaria\/#primaryimage"},"thumbnailUrl":"https:\/\/diarioprincipios.com\/wp-content\/uploads\/2025\/08\/Jornada-de-asesoramiento-legal-gratuito-en-el-Complejo-La-Humanitaria-3.jpg","articleSection":["Berazategui"],"inLanguage":"es","potentialAction":[{"@type":"CommentAction","name":"Comment","target":["https:\/\/diarioprincipios.com\/index.php\/2025\/08\/11\/jornada-de-asesoramiento-legal-gratuito-en-el-complejo-la-humanitaria\/#respond"]}]},{"@type":"WebPage","@id":"https:\/\/diarioprincipios.com\/index.php\/2025\/08\/11\/jornada-de-asesoramiento-legal-gratuito-en-el-complejo-la-humanitaria\/","url":"https:\/\/diarioprincipios.com\/index.php\/2025\/08\/11\/jornada-de-asesoramiento-legal-gratuito-en-el-complejo-la-humanitaria\/","name":"Jornada de asesoramiento legal gratuito en el Complejo La Humanitaria - Principios","isPartOf":{"@id":"https:\/\/diarioprincipios.com\/#website"},"primaryImageOfPage":{"@id":"https:\/\/diarioprincipios.com\/index.php\/2025\/08\/11\/jornada-de-asesoramiento-legal-gratuito-en-el-complejo-la-humanitaria\/#primaryimage"},"image":{"@id":"https:\/\/diarioprincipios.com\/index.php\/2025\/08\/11\/jornada-de-asesoramiento-legal-gratuito-en-el-complejo-la-humanitaria\/#primaryimage"},"thumbnailUrl":"https:\/\/diarioprincipios.com\/wp-content\/uploads\/2025\/08\/Jornada-de-asesoramiento-legal-gratuito-en-el-Complejo-La-Humanitaria-3.jpg","datePublished":"2025-08-11T20:10:22+00:00","breadcrumb":{"@id":"https:\/\/diarioprincipios.com\/index.php\/2025\/08\/11\/jornada-de-asesoramiento-legal-gratuito-en-el-complejo-la-humanitaria\/#breadcrumb"},"inLanguage":"es","potentialAction":[{"@type":"ReadAction","target":["https:\/\/diarioprincipios.com\/index.php\/2025\/08\/11\/jornada-de-asesoramiento-legal-gratuito-en-el-complejo-la-humanitaria\/"]}]},{"@type":"ImageObject","inLanguage":"es","@id":"https:\/\/diarioprincipios.com\/index.php\/2025\/08\/11\/jornada-de-asesoramiento-legal-gratuito-en-el-complejo-la-humanitaria\/#primaryimage","url":"https:\/\/diarioprincipios.com\/wp-content\/uploads\/2025\/08\/Jornada-de-asesoramiento-legal-gratuito-en-el-Complejo-La-Humanitaria-3.jpg","contentUrl":"https:\/\/diarioprincipios.com\/wp-content\/uploads\/2025\/08\/Jornada-de-asesoramiento-legal-gratuito-en-el-Complejo-La-Humanitaria-3.jpg","width":1920,"height":1280},{"@type":"BreadcrumbList","@id":"https:\/\/diarioprincipios.com\/index.php\/2025\/08\/11\/jornada-de-asesoramiento-legal-gratuito-en-el-complejo-la-humanitaria\/#breadcrumb","itemListElement":[{"@type":"ListItem","position":1,"name":"Portada","item":"https:\/\/diarioprincipios.com\/"},{"@type":"ListItem","position":2,"name":"Jornada de asesoramiento legal gratuito en el Complejo La Humanitaria"}]},{"@type":"WebSite","@id":"https:\/\/diarioprincipios.com\/#website","url":"https:\/\/diarioprincipios.com\/","name":"Principios","description":"Principios Diario","publisher":{"@id":"https:\/\/diarioprincipios.com\/#organization"},"potentialAction":[{"@type":"SearchAction","target":{"@type":"EntryPoint","urlTemplate":"https:\/\/diarioprincipios.com\/?s={search_term_string}"},"query-input":{"@type":"PropertyValueSpecification","valueRequired":true,"valueName":"search_term_string"}}],"inLanguage":"es"},{"@type":"Organization","@id":"https:\/\/diarioprincipios.com\/#organization","name":"Principios","url":"https:\/\/diarioprincipios.com\/","logo":{"@type":"ImageObject","inLanguage":"es","@id":"https:\/\/diarioprincipios.com\/#\/schema\/logo\/image\/","url":"https:\/\/diarioprincipios.com\/wp-content\/uploads\/2024\/04\/cropped-www.diarioprincipios.com_-1.png","contentUrl":"https:\/\/diarioprincipios.com\/wp-content\/uploads\/2024\/04\/cropped-www.diarioprincipios.com_-1.png","width":5325,"height":1454,"caption":"Principios"},"image":{"@id":"https:\/\/diarioprincipios.com\/#\/schema\/logo\/image\/"}},{"@type":"Person","@id":"https:\/\/diarioprincipios.com\/#\/schema\/person\/436d5a1fd41a5e250e23ff5a6a7cb080","name":"Hern\u00e1n L\u00f3pez","image":{"@type":"ImageObject","inLanguage":"es","@id":"https:\/\/diarioprincipios.com\/wp-content\/litespeed\/avatar\/11ddfe5610ff3bd100522525b2571f48.jpg?ver=1777653193","url":"https:\/\/diarioprincipios.com\/wp-content\/litespeed\/avatar\/11ddfe5610ff3bd100522525b2571f48.jpg?ver=1777653193","contentUrl":"https:\/\/diarioprincipios.com\/wp-content\/litespeed\/avatar\/11ddfe5610ff3bd100522525b2571f48.jpg?ver=1777653193","caption":"Hern\u00e1n L\u00f3pez"},"url":"https:\/\/diarioprincipios.com\/index.php\/author\/hernan\/"}]}},"jetpack_featured_media_url":"https:\/\/diarioprincipios.com\/wp-content\/uploads\/2025\/08\/Jornada-de-asesoramiento-legal-gratuito-en-el-Complejo-La-Humanitaria-3.jpg","_links":{"self":[{"href":"https:\/\/diarioprincipios.com\/index.php\/wp-json\/wp\/v2\/posts\/25179","targetHints":{"allow":["GET"]}}],"collection":[{"href":"https:\/\/diarioprincipios.com\/index.php\/wp-json\/wp\/v2\/posts"}],"about":[{"href":"https:\/\/diarioprincipios.com\/index.php\/wp-json\/wp\/v2\/types\/post"}],"author":[{"embeddable":true,"href":"https:\/\/diarioprincipios.com\/index.php\/wp-json\/wp\/v2\/users\/2"}],"replies":[{"embeddable":true,"href":"https:\/\/diarioprincipios.com\/index.php\/wp-json\/wp\/v2\/comments?post=25179"}],"version-history":[{"count":1,"href":"https:\/\/diarioprincipios.com\/index.php\/wp-json\/wp\/v2\/posts\/25179\/revisions"}],"predecessor-version":[{"id":25182,"href":"https:\/\/diarioprincipios.com\/index.php\/wp-json\/wp\/v2\/posts\/25179\/revisions\/25182"}],"wp:featuredmedia":[{"embeddable":true,"href":"https:\/\/diarioprincipios.com\/index.php\/wp-json\/wp\/v2\/media\/25181"}],"wp:attachment":[{"href":"https:\/\/diarioprincipios.com\/index.php\/wp-json\/wp\/v2\/media?parent=25179"}],"wp:term":[{"taxonomy":"category","embeddable":true,"href":"https:\/\/diarioprincipios.com\/index.php\/wp-json\/wp\/v2\/categories?post=25179"},{"taxonomy":"post_tag","embeddable":true,"href":"https:\/\/diarioprincipios.com\/index.php\/wp-json\/wp\/v2\/tags?post=25179"}],"curies":[{"name":"wp","href":"https:\/\/api.w.org\/{rel}","templated":true}]}}