{"id":25167,"date":"2025-08-11T11:29:43","date_gmt":"2025-08-11T14:29:43","guid":{"rendered":"https:\/\/diarioprincipios.com\/?p=25167"},"modified":"2025-08-11T11:29:44","modified_gmt":"2025-08-11T14:29:44","slug":"setia-quilmes-presente-en-vacaciones-de-invierno-y-en-el-mes-de-las-infancias","status":"publish","type":"post","link":"https:\/\/diarioprincipios.com\/index.php\/2025\/08\/11\/setia-quilmes-presente-en-vacaciones-de-invierno-y-en-el-mes-de-las-infancias\/","title":{"rendered":"Setia Quilmes presente en Vacaciones de Invierno y en el mes de las Infancias"},"content":{"rendered":"\n<p>La filial Quilmes de Setia, que abarca un amplio n\u00famero de distritos, entre ellos Berazategui, Quilmes y Varela, se hizo presente en las Vacaciones de Invierno y tambi\u00e9n en el mes de las Infancias.<br>Durante el receso invernal cientos de chicos participaron de la Colonia de Vacaciones de Invierno llevada a cabo en el Camping de Ezeiza.<br>Divididos en dos grupos los hijos e hijas de los afiliados a SETIA disfrutaron de una semana llena de actividades que incluy\u00f3 actividades dentro del predio y tambi\u00e9n una visita a un Parque Recreativo.<\/p>\n\n\n\n<figure class=\"wp-block-image size-large\"><img loading=\"lazy\" decoding=\"async\" width=\"768\" height=\"1024\" src=\"https:\/\/diarioprincipios.com\/wp-content\/uploads\/2025\/08\/1000144613-768x1024.jpg\" alt=\"\" class=\"wp-image-25168\" srcset=\"https:\/\/diarioprincipios.com\/wp-content\/uploads\/2025\/08\/1000144613-768x1024.jpg 768w, https:\/\/diarioprincipios.com\/wp-content\/uploads\/2025\/08\/1000144613-225x300.jpg 225w, https:\/\/diarioprincipios.com\/wp-content\/uploads\/2025\/08\/1000144613.jpg 960w\" sizes=\"auto, (max-width: 768px) 100vw, 768px\" \/><\/figure>\n\n\n\n<p><br>Por otra parte, d\u00edas atr\u00e1s, en este mes de las Infancias decenas de chicos recibieron juguetes de regalo, acorde a las diferentes edades.<br>Esta iniciativa de SETIA, tanto a nivel nacional como de la Filial Quilmes tiene un valor especial teniendo en cuenta el dif\u00edcil momento econ\u00f3mico que atraviesa el pa\u00eds y que tiene al sector textil como uno de los mas perjudicados debido a la apertura indiscriminda de Importaciones por parte del Gobierno Nacional.<\/p>\n","protected":false},"excerpt":{"rendered":"<p>La filial Quilmes de Setia, que abarca un amplio n\u00famero de distritos, entre ellos Berazategui, Quilmes y Varela, se hizo presente en las Vacaciones de Invierno y tambi\u00e9n en el mes de las Infancias.Durante el receso invernal cientos de chicos participaron de la Colonia de Vacaciones de Invierno llevada a cabo en el Camping de&#8230;<\/p>\n","protected":false},"author":2,"featured_media":25169,"comment_status":"open","ping_status":"open","sticky":false,"template":"","format":"standard","meta":{"footnotes":""},"categories":[21],"tags":[],"class_list":["post-25167","post","type-post","status-publish","format-standard","has-post-thumbnail","hentry","category-gremiales"],"featured_image_src":"https:\/\/diarioprincipios.com\/wp-content\/uploads\/2025\/08\/1000141843-1024x768-1.jpg","blog_images":{"medium":"https:\/\/diarioprincipios.com\/wp-content\/uploads\/2025\/08\/1000141843-1024x768-1-300x225.jpg","large":"https:\/\/diarioprincipios.com\/wp-content\/uploads\/2025\/08\/1000141843-1024x768-1.jpg"},"ams_acf":[],"yoast_head":"<!-- This site is optimized with the Yoast SEO plugin v27.3 - https:\/\/yoast.com\/product\/yoast-seo-wordpress\/ -->\n<title>Setia Quilmes presente en Vacaciones de Invierno y en el mes de las Infancias - Principios<\/title>\n<meta name=\"robots\" content=\"index, follow, max-snippet:-1, max-image-preview:large, max-video-preview:-1\" \/>\n<link rel=\"canonical\" href=\"https:\/\/diarioprincipios.com\/index.php\/2025\/08\/11\/setia-quilmes-presente-en-vacaciones-de-invierno-y-en-el-mes-de-las-infancias\/\" \/>\n<meta property=\"og:locale\" content=\"es_ES\" \/>\n<meta property=\"og:type\" content=\"article\" \/>\n<meta property=\"og:title\" content=\"Setia Quilmes presente en Vacaciones de Invierno y en el mes de las Infancias - Principios\" \/>\n<meta property=\"og:description\" content=\"La filial Quilmes de Setia, que abarca un amplio n\u00famero de distritos, entre ellos Berazategui, Quilmes y Varela, se hizo presente en las Vacaciones de Invierno y tambi\u00e9n en el mes de las Infancias.Durante el receso invernal cientos de chicos participaron de la Colonia de Vacaciones de Invierno llevada a cabo en el Camping de...\" \/>\n<meta property=\"og:url\" content=\"https:\/\/diarioprincipios.com\/index.php\/2025\/08\/11\/setia-quilmes-presente-en-vacaciones-de-invierno-y-en-el-mes-de-las-infancias\/\" \/>\n<meta property=\"og:site_name\" content=\"Principios\" \/>\n<meta property=\"article:published_time\" content=\"2025-08-11T14:29:43+00:00\" \/>\n<meta property=\"article:modified_time\" content=\"2025-08-11T14:29:44+00:00\" \/>\n<meta property=\"og:image\" content=\"https:\/\/diarioprincipios.com\/wp-content\/uploads\/2025\/08\/1000141843-1024x768-1.jpg\" \/>\n\t<meta property=\"og:image:width\" content=\"1024\" \/>\n\t<meta property=\"og:image:height\" content=\"768\" \/>\n\t<meta property=\"og:image:type\" content=\"image\/jpeg\" \/>\n<meta name=\"author\" content=\"Hern\u00e1n L\u00f3pez\" \/>\n<meta name=\"twitter:card\" content=\"summary_large_image\" \/>\n<meta name=\"twitter:label1\" content=\"Escrito por\" \/>\n\t<meta name=\"twitter:data1\" content=\"Hern\u00e1n L\u00f3pez\" \/>\n\t<meta name=\"twitter:label2\" content=\"Tiempo de lectura\" \/>\n\t<meta name=\"twitter:data2\" content=\"2 minutos\" \/>\n<script type=\"application\/ld+json\" class=\"yoast-schema-graph\">{\"@context\":\"https:\\\/\\\/schema.org\",\"@graph\":[{\"@type\":\"Article\",\"@id\":\"https:\\\/\\\/diarioprincipios.com\\\/index.php\\\/2025\\\/08\\\/11\\\/setia-quilmes-presente-en-vacaciones-de-invierno-y-en-el-mes-de-las-infancias\\\/#article\",\"isPartOf\":{\"@id\":\"https:\\\/\\\/diarioprincipios.com\\\/index.php\\\/2025\\\/08\\\/11\\\/setia-quilmes-presente-en-vacaciones-de-invierno-y-en-el-mes-de-las-infancias\\\/\"},\"author\":{\"name\":\"Hern\u00e1n L\u00f3pez\",\"@id\":\"https:\\\/\\\/diarioprincipios.com\\\/#\\\/schema\\\/person\\\/436d5a1fd41a5e250e23ff5a6a7cb080\"},\"headline\":\"Setia Quilmes presente en Vacaciones de Invierno y en el mes de las Infancias\",\"datePublished\":\"2025-08-11T14:29:43+00:00\",\"dateModified\":\"2025-08-11T14:29:44+00:00\",\"mainEntityOfPage\":{\"@id\":\"https:\\\/\\\/diarioprincipios.com\\\/index.php\\\/2025\\\/08\\\/11\\\/setia-quilmes-presente-en-vacaciones-de-invierno-y-en-el-mes-de-las-infancias\\\/\"},\"wordCount\":188,\"commentCount\":0,\"publisher\":{\"@id\":\"https:\\\/\\\/diarioprincipios.com\\\/#organization\"},\"image\":{\"@id\":\"https:\\\/\\\/diarioprincipios.com\\\/index.php\\\/2025\\\/08\\\/11\\\/setia-quilmes-presente-en-vacaciones-de-invierno-y-en-el-mes-de-las-infancias\\\/#primaryimage\"},\"thumbnailUrl\":\"https:\\\/\\\/diarioprincipios.com\\\/wp-content\\\/uploads\\\/2025\\\/08\\\/1000141843-1024x768-1.jpg\",\"articleSection\":[\"Gremiales\"],\"inLanguage\":\"es\",\"potentialAction\":[{\"@type\":\"CommentAction\",\"name\":\"Comment\",\"target\":[\"https:\\\/\\\/diarioprincipios.com\\\/index.php\\\/2025\\\/08\\\/11\\\/setia-quilmes-presente-en-vacaciones-de-invierno-y-en-el-mes-de-las-infancias\\\/#respond\"]}]},{\"@type\":\"WebPage\",\"@id\":\"https:\\\/\\\/diarioprincipios.com\\\/index.php\\\/2025\\\/08\\\/11\\\/setia-quilmes-presente-en-vacaciones-de-invierno-y-en-el-mes-de-las-infancias\\\/\",\"url\":\"https:\\\/\\\/diarioprincipios.com\\\/index.php\\\/2025\\\/08\\\/11\\\/setia-quilmes-presente-en-vacaciones-de-invierno-y-en-el-mes-de-las-infancias\\\/\",\"name\":\"Setia Quilmes presente en Vacaciones de Invierno y en el mes de las Infancias - Principios\",\"isPartOf\":{\"@id\":\"https:\\\/\\\/diarioprincipios.com\\\/#website\"},\"primaryImageOfPage\":{\"@id\":\"https:\\\/\\\/diarioprincipios.com\\\/index.php\\\/2025\\\/08\\\/11\\\/setia-quilmes-presente-en-vacaciones-de-invierno-y-en-el-mes-de-las-infancias\\\/#primaryimage\"},\"image\":{\"@id\":\"https:\\\/\\\/diarioprincipios.com\\\/index.php\\\/2025\\\/08\\\/11\\\/setia-quilmes-presente-en-vacaciones-de-invierno-y-en-el-mes-de-las-infancias\\\/#primaryimage\"},\"thumbnailUrl\":\"https:\\\/\\\/diarioprincipios.com\\\/wp-content\\\/uploads\\\/2025\\\/08\\\/1000141843-1024x768-1.jpg\",\"datePublished\":\"2025-08-11T14:29:43+00:00\",\"dateModified\":\"2025-08-11T14:29:44+00:00\",\"breadcrumb\":{\"@id\":\"https:\\\/\\\/diarioprincipios.com\\\/index.php\\\/2025\\\/08\\\/11\\\/setia-quilmes-presente-en-vacaciones-de-invierno-y-en-el-mes-de-las-infancias\\\/#breadcrumb\"},\"inLanguage\":\"es\",\"potentialAction\":[{\"@type\":\"ReadAction\",\"target\":[\"https:\\\/\\\/diarioprincipios.com\\\/index.php\\\/2025\\\/08\\\/11\\\/setia-quilmes-presente-en-vacaciones-de-invierno-y-en-el-mes-de-las-infancias\\\/\"]}]},{\"@type\":\"ImageObject\",\"inLanguage\":\"es\",\"@id\":\"https:\\\/\\\/diarioprincipios.com\\\/index.php\\\/2025\\\/08\\\/11\\\/setia-quilmes-presente-en-vacaciones-de-invierno-y-en-el-mes-de-las-infancias\\\/#primaryimage\",\"url\":\"https:\\\/\\\/diarioprincipios.com\\\/wp-content\\\/uploads\\\/2025\\\/08\\\/1000141843-1024x768-1.jpg\",\"contentUrl\":\"https:\\\/\\\/diarioprincipios.com\\\/wp-content\\\/uploads\\\/2025\\\/08\\\/1000141843-1024x768-1.jpg\",\"width\":1024,\"height\":768},{\"@type\":\"BreadcrumbList\",\"@id\":\"https:\\\/\\\/diarioprincipios.com\\\/index.php\\\/2025\\\/08\\\/11\\\/setia-quilmes-presente-en-vacaciones-de-invierno-y-en-el-mes-de-las-infancias\\\/#breadcrumb\",\"itemListElement\":[{\"@type\":\"ListItem\",\"position\":1,\"name\":\"Portada\",\"item\":\"https:\\\/\\\/diarioprincipios.com\\\/\"},{\"@type\":\"ListItem\",\"position\":2,\"name\":\"Setia Quilmes presente en Vacaciones de Invierno y en el mes de las Infancias\"}]},{\"@type\":\"WebSite\",\"@id\":\"https:\\\/\\\/diarioprincipios.com\\\/#website\",\"url\":\"https:\\\/\\\/diarioprincipios.com\\\/\",\"name\":\"Principios\",\"description\":\"Principios Diario\",\"publisher\":{\"@id\":\"https:\\\/\\\/diarioprincipios.com\\\/#organization\"},\"potentialAction\":[{\"@type\":\"SearchAction\",\"target\":{\"@type\":\"EntryPoint\",\"urlTemplate\":\"https:\\\/\\\/diarioprincipios.com\\\/?s={search_term_string}\"},\"query-input\":{\"@type\":\"PropertyValueSpecification\",\"valueRequired\":true,\"valueName\":\"search_term_string\"}}],\"inLanguage\":\"es\"},{\"@type\":\"Organization\",\"@id\":\"https:\\\/\\\/diarioprincipios.com\\\/#organization\",\"name\":\"Principios\",\"url\":\"https:\\\/\\\/diarioprincipios.com\\\/\",\"logo\":{\"@type\":\"ImageObject\",\"inLanguage\":\"es\",\"@id\":\"https:\\\/\\\/diarioprincipios.com\\\/#\\\/schema\\\/logo\\\/image\\\/\",\"url\":\"https:\\\/\\\/diarioprincipios.com\\\/wp-content\\\/uploads\\\/2024\\\/04\\\/cropped-www.diarioprincipios.com_-1.png\",\"contentUrl\":\"https:\\\/\\\/diarioprincipios.com\\\/wp-content\\\/uploads\\\/2024\\\/04\\\/cropped-www.diarioprincipios.com_-1.png\",\"width\":5325,\"height\":1454,\"caption\":\"Principios\"},\"image\":{\"@id\":\"https:\\\/\\\/diarioprincipios.com\\\/#\\\/schema\\\/logo\\\/image\\\/\"}},{\"@type\":\"Person\",\"@id\":\"https:\\\/\\\/diarioprincipios.com\\\/#\\\/schema\\\/person\\\/436d5a1fd41a5e250e23ff5a6a7cb080\",\"name\":\"Hern\u00e1n L\u00f3pez\",\"image\":{\"@type\":\"ImageObject\",\"inLanguage\":\"es\",\"@id\":\"https:\\\/\\\/diarioprincipios.com\\\/wp-content\\\/litespeed\\\/avatar\\\/11ddfe5610ff3bd100522525b2571f48.jpg?ver=1777653193\",\"url\":\"https:\\\/\\\/diarioprincipios.com\\\/wp-content\\\/litespeed\\\/avatar\\\/11ddfe5610ff3bd100522525b2571f48.jpg?ver=1777653193\",\"contentUrl\":\"https:\\\/\\\/diarioprincipios.com\\\/wp-content\\\/litespeed\\\/avatar\\\/11ddfe5610ff3bd100522525b2571f48.jpg?ver=1777653193\",\"caption\":\"Hern\u00e1n L\u00f3pez\"},\"url\":\"https:\\\/\\\/diarioprincipios.com\\\/index.php\\\/author\\\/hernan\\\/\"}]}<\/script>\n<!-- \/ Yoast SEO plugin. -->","yoast_head_json":{"title":"Setia Quilmes presente en Vacaciones de Invierno y en el mes de las Infancias - Principios","robots":{"index":"index","follow":"follow","max-snippet":"max-snippet:-1","max-image-preview":"max-image-preview:large","max-video-preview":"max-video-preview:-1"},"canonical":"https:\/\/diarioprincipios.com\/index.php\/2025\/08\/11\/setia-quilmes-presente-en-vacaciones-de-invierno-y-en-el-mes-de-las-infancias\/","og_locale":"es_ES","og_type":"article","og_title":"Setia Quilmes presente en Vacaciones de Invierno y en el mes de las Infancias - Principios","og_description":"La filial Quilmes de Setia, que abarca un amplio n\u00famero de distritos, entre ellos Berazategui, Quilmes y Varela, se hizo presente en las Vacaciones de Invierno y tambi\u00e9n en el mes de las Infancias.Durante el receso invernal cientos de chicos participaron de la Colonia de Vacaciones de Invierno llevada a cabo en el Camping de...","og_url":"https:\/\/diarioprincipios.com\/index.php\/2025\/08\/11\/setia-quilmes-presente-en-vacaciones-de-invierno-y-en-el-mes-de-las-infancias\/","og_site_name":"Principios","article_published_time":"2025-08-11T14:29:43+00:00","article_modified_time":"2025-08-11T14:29:44+00:00","og_image":[{"width":1024,"height":768,"url":"https:\/\/diarioprincipios.com\/wp-content\/uploads\/2025\/08\/1000141843-1024x768-1.jpg","type":"image\/jpeg"}],"author":"Hern\u00e1n L\u00f3pez","twitter_card":"summary_large_image","twitter_misc":{"Escrito por":"Hern\u00e1n L\u00f3pez","Tiempo de lectura":"2 minutos"},"schema":{"@context":"https:\/\/schema.org","@graph":[{"@type":"Article","@id":"https:\/\/diarioprincipios.com\/index.php\/2025\/08\/11\/setia-quilmes-presente-en-vacaciones-de-invierno-y-en-el-mes-de-las-infancias\/#article","isPartOf":{"@id":"https:\/\/diarioprincipios.com\/index.php\/2025\/08\/11\/setia-quilmes-presente-en-vacaciones-de-invierno-y-en-el-mes-de-las-infancias\/"},"author":{"name":"Hern\u00e1n L\u00f3pez","@id":"https:\/\/diarioprincipios.com\/#\/schema\/person\/436d5a1fd41a5e250e23ff5a6a7cb080"},"headline":"Setia Quilmes presente en Vacaciones de Invierno y en el mes de las Infancias","datePublished":"2025-08-11T14:29:43+00:00","dateModified":"2025-08-11T14:29:44+00:00","mainEntityOfPage":{"@id":"https:\/\/diarioprincipios.com\/index.php\/2025\/08\/11\/setia-quilmes-presente-en-vacaciones-de-invierno-y-en-el-mes-de-las-infancias\/"},"wordCount":188,"commentCount":0,"publisher":{"@id":"https:\/\/diarioprincipios.com\/#organization"},"image":{"@id":"https:\/\/diarioprincipios.com\/index.php\/2025\/08\/11\/setia-quilmes-presente-en-vacaciones-de-invierno-y-en-el-mes-de-las-infancias\/#primaryimage"},"thumbnailUrl":"https:\/\/diarioprincipios.com\/wp-content\/uploads\/2025\/08\/1000141843-1024x768-1.jpg","articleSection":["Gremiales"],"inLanguage":"es","potentialAction":[{"@type":"CommentAction","name":"Comment","target":["https:\/\/diarioprincipios.com\/index.php\/2025\/08\/11\/setia-quilmes-presente-en-vacaciones-de-invierno-y-en-el-mes-de-las-infancias\/#respond"]}]},{"@type":"WebPage","@id":"https:\/\/diarioprincipios.com\/index.php\/2025\/08\/11\/setia-quilmes-presente-en-vacaciones-de-invierno-y-en-el-mes-de-las-infancias\/","url":"https:\/\/diarioprincipios.com\/index.php\/2025\/08\/11\/setia-quilmes-presente-en-vacaciones-de-invierno-y-en-el-mes-de-las-infancias\/","name":"Setia Quilmes presente en Vacaciones de Invierno y en el mes de las Infancias - Principios","isPartOf":{"@id":"https:\/\/diarioprincipios.com\/#website"},"primaryImageOfPage":{"@id":"https:\/\/diarioprincipios.com\/index.php\/2025\/08\/11\/setia-quilmes-presente-en-vacaciones-de-invierno-y-en-el-mes-de-las-infancias\/#primaryimage"},"image":{"@id":"https:\/\/diarioprincipios.com\/index.php\/2025\/08\/11\/setia-quilmes-presente-en-vacaciones-de-invierno-y-en-el-mes-de-las-infancias\/#primaryimage"},"thumbnailUrl":"https:\/\/diarioprincipios.com\/wp-content\/uploads\/2025\/08\/1000141843-1024x768-1.jpg","datePublished":"2025-08-11T14:29:43+00:00","dateModified":"2025-08-11T14:29:44+00:00","breadcrumb":{"@id":"https:\/\/diarioprincipios.com\/index.php\/2025\/08\/11\/setia-quilmes-presente-en-vacaciones-de-invierno-y-en-el-mes-de-las-infancias\/#breadcrumb"},"inLanguage":"es","potentialAction":[{"@type":"ReadAction","target":["https:\/\/diarioprincipios.com\/index.php\/2025\/08\/11\/setia-quilmes-presente-en-vacaciones-de-invierno-y-en-el-mes-de-las-infancias\/"]}]},{"@type":"ImageObject","inLanguage":"es","@id":"https:\/\/diarioprincipios.com\/index.php\/2025\/08\/11\/setia-quilmes-presente-en-vacaciones-de-invierno-y-en-el-mes-de-las-infancias\/#primaryimage","url":"https:\/\/diarioprincipios.com\/wp-content\/uploads\/2025\/08\/1000141843-1024x768-1.jpg","contentUrl":"https:\/\/diarioprincipios.com\/wp-content\/uploads\/2025\/08\/1000141843-1024x768-1.jpg","width":1024,"height":768},{"@type":"BreadcrumbList","@id":"https:\/\/diarioprincipios.com\/index.php\/2025\/08\/11\/setia-quilmes-presente-en-vacaciones-de-invierno-y-en-el-mes-de-las-infancias\/#breadcrumb","itemListElement":[{"@type":"ListItem","position":1,"name":"Portada","item":"https:\/\/diarioprincipios.com\/"},{"@type":"ListItem","position":2,"name":"Setia Quilmes presente en Vacaciones de Invierno y en el mes de las Infancias"}]},{"@type":"WebSite","@id":"https:\/\/diarioprincipios.com\/#website","url":"https:\/\/diarioprincipios.com\/","name":"Principios","description":"Principios Diario","publisher":{"@id":"https:\/\/diarioprincipios.com\/#organization"},"potentialAction":[{"@type":"SearchAction","target":{"@type":"EntryPoint","urlTemplate":"https:\/\/diarioprincipios.com\/?s={search_term_string}"},"query-input":{"@type":"PropertyValueSpecification","valueRequired":true,"valueName":"search_term_string"}}],"inLanguage":"es"},{"@type":"Organization","@id":"https:\/\/diarioprincipios.com\/#organization","name":"Principios","url":"https:\/\/diarioprincipios.com\/","logo":{"@type":"ImageObject","inLanguage":"es","@id":"https:\/\/diarioprincipios.com\/#\/schema\/logo\/image\/","url":"https:\/\/diarioprincipios.com\/wp-content\/uploads\/2024\/04\/cropped-www.diarioprincipios.com_-1.png","contentUrl":"https:\/\/diarioprincipios.com\/wp-content\/uploads\/2024\/04\/cropped-www.diarioprincipios.com_-1.png","width":5325,"height":1454,"caption":"Principios"},"image":{"@id":"https:\/\/diarioprincipios.com\/#\/schema\/logo\/image\/"}},{"@type":"Person","@id":"https:\/\/diarioprincipios.com\/#\/schema\/person\/436d5a1fd41a5e250e23ff5a6a7cb080","name":"Hern\u00e1n L\u00f3pez","image":{"@type":"ImageObject","inLanguage":"es","@id":"https:\/\/diarioprincipios.com\/wp-content\/litespeed\/avatar\/11ddfe5610ff3bd100522525b2571f48.jpg?ver=1777653193","url":"https:\/\/diarioprincipios.com\/wp-content\/litespeed\/avatar\/11ddfe5610ff3bd100522525b2571f48.jpg?ver=1777653193","contentUrl":"https:\/\/diarioprincipios.com\/wp-content\/litespeed\/avatar\/11ddfe5610ff3bd100522525b2571f48.jpg?ver=1777653193","caption":"Hern\u00e1n L\u00f3pez"},"url":"https:\/\/diarioprincipios.com\/index.php\/author\/hernan\/"}]}},"jetpack_featured_media_url":"https:\/\/diarioprincipios.com\/wp-content\/uploads\/2025\/08\/1000141843-1024x768-1.jpg","_links":{"self":[{"href":"https:\/\/diarioprincipios.com\/index.php\/wp-json\/wp\/v2\/posts\/25167","targetHints":{"allow":["GET"]}}],"collection":[{"href":"https:\/\/diarioprincipios.com\/index.php\/wp-json\/wp\/v2\/posts"}],"about":[{"href":"https:\/\/diarioprincipios.com\/index.php\/wp-json\/wp\/v2\/types\/post"}],"author":[{"embeddable":true,"href":"https:\/\/diarioprincipios.com\/index.php\/wp-json\/wp\/v2\/users\/2"}],"replies":[{"embeddable":true,"href":"https:\/\/diarioprincipios.com\/index.php\/wp-json\/wp\/v2\/comments?post=25167"}],"version-history":[{"count":1,"href":"https:\/\/diarioprincipios.com\/index.php\/wp-json\/wp\/v2\/posts\/25167\/revisions"}],"predecessor-version":[{"id":25170,"href":"https:\/\/diarioprincipios.com\/index.php\/wp-json\/wp\/v2\/posts\/25167\/revisions\/25170"}],"wp:featuredmedia":[{"embeddable":true,"href":"https:\/\/diarioprincipios.com\/index.php\/wp-json\/wp\/v2\/media\/25169"}],"wp:attachment":[{"href":"https:\/\/diarioprincipios.com\/index.php\/wp-json\/wp\/v2\/media?parent=25167"}],"wp:term":[{"taxonomy":"category","embeddable":true,"href":"https:\/\/diarioprincipios.com\/index.php\/wp-json\/wp\/v2\/categories?post=25167"},{"taxonomy":"post_tag","embeddable":true,"href":"https:\/\/diarioprincipios.com\/index.php\/wp-json\/wp\/v2\/tags?post=25167"}],"curies":[{"name":"wp","href":"https:\/\/api.w.org\/{rel}","templated":true}]}}