{"id":25160,"date":"2025-08-09T20:31:44","date_gmt":"2025-08-09T23:31:44","guid":{"rendered":"https:\/\/diarioprincipios.com\/?p=25160"},"modified":"2025-08-09T20:31:44","modified_gmt":"2025-08-09T23:31:44","slug":"se-potencia-la-red-de-videovigilancia-urbana-con-la-incorporacion-de-equipamiento","status":"publish","type":"post","link":"https:\/\/diarioprincipios.com\/index.php\/2025\/08\/09\/se-potencia-la-red-de-videovigilancia-urbana-con-la-incorporacion-de-equipamiento\/","title":{"rendered":"Se potencia la Red de videovigilancia urbana con la incorporaci\u00f3n de equipamiento"},"content":{"rendered":"\n<p>M\u00e1s equipamiento para reforzar la seguridad en Berazategui<\/p>\n\n\n\n<p>Berazategui recibi\u00f3 136 nuevas c\u00e1maras fijas y domos m\u00f3viles de videovigilancia urbana que supervisar\u00e1n las calles de Berazategui. El acto fue encabezado por el intendente Juan Jos\u00e9 Mussi; y el subsecretario de Fiscalizaci\u00f3n y Control Policial del Ministerio de Seguridad de la Provincia, Andr\u00e9s Escudero; y se realiz\u00f3 en el Complejo Cultural Municipal La Calle. Estos recursos fueron financiados por el Gobierno bonaerense, que refuerza el compromiso con el fortalecimiento de la seguridad en los municipios. El objetivo es ampliar los controles y multiplicar las capacidades de prevenci\u00f3n del delito.<\/p>\n\n\n\n<p>En ese marco, Escudero expres\u00f3: \u201cLes acercamos los saludos del ministro de Seguridad, Javier Alonso, y reiteramos el compromiso del Gobierno de la Provincia en el financiamiento de la Seguridad. Estamos atravesando un momento dif\u00edcil en t\u00e9rminos de presupuesto que, adem\u00e1s, atenta contra el mismo Estado de derecho. A pesar de eso, por decisi\u00f3n del gobernador Axel Kicillof, se financi\u00f3 una de las prioridades absolutas que tiene nuestra comunidad, que es la seguridad. Esta tecnolog\u00eda es fundamental para nuestra Polic\u00eda y Fiscal\u00eda\u201d.<\/p>\n\n\n\n<p>Asimismo, Mussi declar\u00f3: \u201cAgradezco la presencia del Gobierno provincial, as\u00ed como el aporte de nuestros fiscales por el trabajo conjunto durante todos estos a\u00f1os; y al jefe departamental de Berazategui (Comisario Mayor Javier Garro), as\u00ed como a los beneficiarios de estas cosas, como la industria y el comercio. Esto tiene una gran importancia para el trabajo de la justicia\u201d. Y subray\u00f3: \u201cEl gobernador Axel Kicillof nos apoya. Estos recursos que se suman a la seguridad de Berazategui son producto de un fondo que destin\u00f3 la Provincia\u201d.<\/p>\n\n\n\n<p>La nueva adquisici\u00f3n comprende 100 c\u00e1maras fijas con \u00e1ngulo de visi\u00f3n preestablecido, 36 domos m\u00f3viles con rotaci\u00f3n, inclinaci\u00f3n y zoom; sistemas de procesamiento y almacenamiento de im\u00e1genes para los Centros de Operaciones Municipales (COM); 30 computadoras para la actualizaci\u00f3n de los puestos de observaci\u00f3n; y licencias para la gesti\u00f3n integral del sistema.<\/p>\n\n\n\n<p>Participaron, adem\u00e1s, el titular de la Fiscal\u00eda Descentralizada de Berazategui, Dr. Daniel Ichazo, y los responsables de las diferentes Unidades Fiscales del distrito; y el secretario de Control Urbano municipal, Marcelo Sieczka, junto a otros integrantes del Gabinete municipal y agentes. Estuvieron presentes representantes de distintas instituciones y organizaciones locales, de la comunidad educativa, industriales y autoridades policiales, entre otros.<\/p>\n","protected":false},"excerpt":{"rendered":"<p>M\u00e1s equipamiento para reforzar la seguridad en Berazategui Berazategui recibi\u00f3 136 nuevas c\u00e1maras fijas y domos m\u00f3viles de videovigilancia urbana que supervisar\u00e1n las calles de Berazategui. El acto fue encabezado por el intendente Juan Jos\u00e9 Mussi; y el subsecretario de Fiscalizaci\u00f3n y Control Policial del Ministerio de Seguridad de la Provincia, Andr\u00e9s Escudero; y se&#8230;<\/p>\n","protected":false},"author":2,"featured_media":25161,"comment_status":"open","ping_status":"open","sticky":false,"template":"","format":"standard","meta":{"footnotes":""},"categories":[3],"tags":[],"class_list":["post-25160","post","type-post","status-publish","format-standard","has-post-thumbnail","hentry","category-berazategui"],"featured_image_src":"https:\/\/diarioprincipios.com\/wp-content\/uploads\/2025\/08\/Nueva-Plataforma-de-Reconocimiento-Facial-basada-en-IA-en-Berazategui-1-1-1024x683.jpg","blog_images":{"medium":"https:\/\/diarioprincipios.com\/wp-content\/uploads\/2025\/08\/Nueva-Plataforma-de-Reconocimiento-Facial-basada-en-IA-en-Berazategui-1-1-300x200.jpg","large":"https:\/\/diarioprincipios.com\/wp-content\/uploads\/2025\/08\/Nueva-Plataforma-de-Reconocimiento-Facial-basada-en-IA-en-Berazategui-1-1-1024x683.jpg"},"ams_acf":[],"yoast_head":"<!-- This site is optimized with the Yoast SEO plugin v27.3 - https:\/\/yoast.com\/product\/yoast-seo-wordpress\/ -->\n<title>Se potencia la Red de videovigilancia urbana con la incorporaci\u00f3n de equipamiento - Principios<\/title>\n<meta name=\"robots\" content=\"index, follow, max-snippet:-1, max-image-preview:large, max-video-preview:-1\" \/>\n<link rel=\"canonical\" href=\"https:\/\/diarioprincipios.com\/index.php\/2025\/08\/09\/se-potencia-la-red-de-videovigilancia-urbana-con-la-incorporacion-de-equipamiento\/\" \/>\n<meta property=\"og:locale\" content=\"es_ES\" \/>\n<meta property=\"og:type\" content=\"article\" \/>\n<meta property=\"og:title\" content=\"Se potencia la Red de videovigilancia urbana con la incorporaci\u00f3n de equipamiento - Principios\" \/>\n<meta property=\"og:description\" content=\"M\u00e1s equipamiento para reforzar la seguridad en Berazategui Berazategui recibi\u00f3 136 nuevas c\u00e1maras fijas y domos m\u00f3viles de videovigilancia urbana que supervisar\u00e1n las calles de Berazategui. El acto fue encabezado por el intendente Juan Jos\u00e9 Mussi; y el subsecretario de Fiscalizaci\u00f3n y Control Policial del Ministerio de Seguridad de la Provincia, Andr\u00e9s Escudero; y se...\" \/>\n<meta property=\"og:url\" content=\"https:\/\/diarioprincipios.com\/index.php\/2025\/08\/09\/se-potencia-la-red-de-videovigilancia-urbana-con-la-incorporacion-de-equipamiento\/\" \/>\n<meta property=\"og:site_name\" content=\"Principios\" \/>\n<meta property=\"article:published_time\" content=\"2025-08-09T23:31:44+00:00\" \/>\n<meta property=\"og:image\" content=\"https:\/\/diarioprincipios.com\/wp-content\/uploads\/2025\/08\/Nueva-Plataforma-de-Reconocimiento-Facial-basada-en-IA-en-Berazategui-1-1.jpg\" \/>\n\t<meta property=\"og:image:width\" content=\"1128\" \/>\n\t<meta property=\"og:image:height\" content=\"752\" \/>\n\t<meta property=\"og:image:type\" content=\"image\/jpeg\" \/>\n<meta name=\"author\" content=\"Hern\u00e1n L\u00f3pez\" \/>\n<meta name=\"twitter:card\" content=\"summary_large_image\" \/>\n<meta name=\"twitter:label1\" content=\"Escrito por\" \/>\n\t<meta name=\"twitter:data1\" content=\"Hern\u00e1n L\u00f3pez\" \/>\n\t<meta name=\"twitter:label2\" content=\"Tiempo de lectura\" \/>\n\t<meta name=\"twitter:data2\" content=\"2 minutos\" \/>\n<script type=\"application\/ld+json\" class=\"yoast-schema-graph\">{\"@context\":\"https:\\\/\\\/schema.org\",\"@graph\":[{\"@type\":\"Article\",\"@id\":\"https:\\\/\\\/diarioprincipios.com\\\/index.php\\\/2025\\\/08\\\/09\\\/se-potencia-la-red-de-videovigilancia-urbana-con-la-incorporacion-de-equipamiento\\\/#article\",\"isPartOf\":{\"@id\":\"https:\\\/\\\/diarioprincipios.com\\\/index.php\\\/2025\\\/08\\\/09\\\/se-potencia-la-red-de-videovigilancia-urbana-con-la-incorporacion-de-equipamiento\\\/\"},\"author\":{\"name\":\"Hern\u00e1n L\u00f3pez\",\"@id\":\"https:\\\/\\\/diarioprincipios.com\\\/#\\\/schema\\\/person\\\/436d5a1fd41a5e250e23ff5a6a7cb080\"},\"headline\":\"Se potencia la Red de videovigilancia urbana con la incorporaci\u00f3n de equipamiento\",\"datePublished\":\"2025-08-09T23:31:44+00:00\",\"mainEntityOfPage\":{\"@id\":\"https:\\\/\\\/diarioprincipios.com\\\/index.php\\\/2025\\\/08\\\/09\\\/se-potencia-la-red-de-videovigilancia-urbana-con-la-incorporacion-de-equipamiento\\\/\"},\"wordCount\":414,\"commentCount\":0,\"publisher\":{\"@id\":\"https:\\\/\\\/diarioprincipios.com\\\/#organization\"},\"image\":{\"@id\":\"https:\\\/\\\/diarioprincipios.com\\\/index.php\\\/2025\\\/08\\\/09\\\/se-potencia-la-red-de-videovigilancia-urbana-con-la-incorporacion-de-equipamiento\\\/#primaryimage\"},\"thumbnailUrl\":\"https:\\\/\\\/diarioprincipios.com\\\/wp-content\\\/uploads\\\/2025\\\/08\\\/Nueva-Plataforma-de-Reconocimiento-Facial-basada-en-IA-en-Berazategui-1-1.jpg\",\"articleSection\":[\"Berazategui\"],\"inLanguage\":\"es\",\"potentialAction\":[{\"@type\":\"CommentAction\",\"name\":\"Comment\",\"target\":[\"https:\\\/\\\/diarioprincipios.com\\\/index.php\\\/2025\\\/08\\\/09\\\/se-potencia-la-red-de-videovigilancia-urbana-con-la-incorporacion-de-equipamiento\\\/#respond\"]}]},{\"@type\":\"WebPage\",\"@id\":\"https:\\\/\\\/diarioprincipios.com\\\/index.php\\\/2025\\\/08\\\/09\\\/se-potencia-la-red-de-videovigilancia-urbana-con-la-incorporacion-de-equipamiento\\\/\",\"url\":\"https:\\\/\\\/diarioprincipios.com\\\/index.php\\\/2025\\\/08\\\/09\\\/se-potencia-la-red-de-videovigilancia-urbana-con-la-incorporacion-de-equipamiento\\\/\",\"name\":\"Se potencia la Red de videovigilancia urbana con la incorporaci\u00f3n de equipamiento - Principios\",\"isPartOf\":{\"@id\":\"https:\\\/\\\/diarioprincipios.com\\\/#website\"},\"primaryImageOfPage\":{\"@id\":\"https:\\\/\\\/diarioprincipios.com\\\/index.php\\\/2025\\\/08\\\/09\\\/se-potencia-la-red-de-videovigilancia-urbana-con-la-incorporacion-de-equipamiento\\\/#primaryimage\"},\"image\":{\"@id\":\"https:\\\/\\\/diarioprincipios.com\\\/index.php\\\/2025\\\/08\\\/09\\\/se-potencia-la-red-de-videovigilancia-urbana-con-la-incorporacion-de-equipamiento\\\/#primaryimage\"},\"thumbnailUrl\":\"https:\\\/\\\/diarioprincipios.com\\\/wp-content\\\/uploads\\\/2025\\\/08\\\/Nueva-Plataforma-de-Reconocimiento-Facial-basada-en-IA-en-Berazategui-1-1.jpg\",\"datePublished\":\"2025-08-09T23:31:44+00:00\",\"breadcrumb\":{\"@id\":\"https:\\\/\\\/diarioprincipios.com\\\/index.php\\\/2025\\\/08\\\/09\\\/se-potencia-la-red-de-videovigilancia-urbana-con-la-incorporacion-de-equipamiento\\\/#breadcrumb\"},\"inLanguage\":\"es\",\"potentialAction\":[{\"@type\":\"ReadAction\",\"target\":[\"https:\\\/\\\/diarioprincipios.com\\\/index.php\\\/2025\\\/08\\\/09\\\/se-potencia-la-red-de-videovigilancia-urbana-con-la-incorporacion-de-equipamiento\\\/\"]}]},{\"@type\":\"ImageObject\",\"inLanguage\":\"es\",\"@id\":\"https:\\\/\\\/diarioprincipios.com\\\/index.php\\\/2025\\\/08\\\/09\\\/se-potencia-la-red-de-videovigilancia-urbana-con-la-incorporacion-de-equipamiento\\\/#primaryimage\",\"url\":\"https:\\\/\\\/diarioprincipios.com\\\/wp-content\\\/uploads\\\/2025\\\/08\\\/Nueva-Plataforma-de-Reconocimiento-Facial-basada-en-IA-en-Berazategui-1-1.jpg\",\"contentUrl\":\"https:\\\/\\\/diarioprincipios.com\\\/wp-content\\\/uploads\\\/2025\\\/08\\\/Nueva-Plataforma-de-Reconocimiento-Facial-basada-en-IA-en-Berazategui-1-1.jpg\",\"width\":1128,\"height\":752},{\"@type\":\"BreadcrumbList\",\"@id\":\"https:\\\/\\\/diarioprincipios.com\\\/index.php\\\/2025\\\/08\\\/09\\\/se-potencia-la-red-de-videovigilancia-urbana-con-la-incorporacion-de-equipamiento\\\/#breadcrumb\",\"itemListElement\":[{\"@type\":\"ListItem\",\"position\":1,\"name\":\"Portada\",\"item\":\"https:\\\/\\\/diarioprincipios.com\\\/\"},{\"@type\":\"ListItem\",\"position\":2,\"name\":\"Se potencia la Red de videovigilancia urbana con la incorporaci\u00f3n de equipamiento\"}]},{\"@type\":\"WebSite\",\"@id\":\"https:\\\/\\\/diarioprincipios.com\\\/#website\",\"url\":\"https:\\\/\\\/diarioprincipios.com\\\/\",\"name\":\"Principios\",\"description\":\"Principios Diario\",\"publisher\":{\"@id\":\"https:\\\/\\\/diarioprincipios.com\\\/#organization\"},\"potentialAction\":[{\"@type\":\"SearchAction\",\"target\":{\"@type\":\"EntryPoint\",\"urlTemplate\":\"https:\\\/\\\/diarioprincipios.com\\\/?s={search_term_string}\"},\"query-input\":{\"@type\":\"PropertyValueSpecification\",\"valueRequired\":true,\"valueName\":\"search_term_string\"}}],\"inLanguage\":\"es\"},{\"@type\":\"Organization\",\"@id\":\"https:\\\/\\\/diarioprincipios.com\\\/#organization\",\"name\":\"Principios\",\"url\":\"https:\\\/\\\/diarioprincipios.com\\\/\",\"logo\":{\"@type\":\"ImageObject\",\"inLanguage\":\"es\",\"@id\":\"https:\\\/\\\/diarioprincipios.com\\\/#\\\/schema\\\/logo\\\/image\\\/\",\"url\":\"https:\\\/\\\/diarioprincipios.com\\\/wp-content\\\/uploads\\\/2024\\\/04\\\/cropped-www.diarioprincipios.com_-1.png\",\"contentUrl\":\"https:\\\/\\\/diarioprincipios.com\\\/wp-content\\\/uploads\\\/2024\\\/04\\\/cropped-www.diarioprincipios.com_-1.png\",\"width\":5325,\"height\":1454,\"caption\":\"Principios\"},\"image\":{\"@id\":\"https:\\\/\\\/diarioprincipios.com\\\/#\\\/schema\\\/logo\\\/image\\\/\"}},{\"@type\":\"Person\",\"@id\":\"https:\\\/\\\/diarioprincipios.com\\\/#\\\/schema\\\/person\\\/436d5a1fd41a5e250e23ff5a6a7cb080\",\"name\":\"Hern\u00e1n L\u00f3pez\",\"image\":{\"@type\":\"ImageObject\",\"inLanguage\":\"es\",\"@id\":\"https:\\\/\\\/diarioprincipios.com\\\/wp-content\\\/litespeed\\\/avatar\\\/11ddfe5610ff3bd100522525b2571f48.jpg?ver=1777653193\",\"url\":\"https:\\\/\\\/diarioprincipios.com\\\/wp-content\\\/litespeed\\\/avatar\\\/11ddfe5610ff3bd100522525b2571f48.jpg?ver=1777653193\",\"contentUrl\":\"https:\\\/\\\/diarioprincipios.com\\\/wp-content\\\/litespeed\\\/avatar\\\/11ddfe5610ff3bd100522525b2571f48.jpg?ver=1777653193\",\"caption\":\"Hern\u00e1n L\u00f3pez\"},\"url\":\"https:\\\/\\\/diarioprincipios.com\\\/index.php\\\/author\\\/hernan\\\/\"}]}<\/script>\n<!-- \/ Yoast SEO plugin. -->","yoast_head_json":{"title":"Se potencia la Red de videovigilancia urbana con la incorporaci\u00f3n de equipamiento - Principios","robots":{"index":"index","follow":"follow","max-snippet":"max-snippet:-1","max-image-preview":"max-image-preview:large","max-video-preview":"max-video-preview:-1"},"canonical":"https:\/\/diarioprincipios.com\/index.php\/2025\/08\/09\/se-potencia-la-red-de-videovigilancia-urbana-con-la-incorporacion-de-equipamiento\/","og_locale":"es_ES","og_type":"article","og_title":"Se potencia la Red de videovigilancia urbana con la incorporaci\u00f3n de equipamiento - Principios","og_description":"M\u00e1s equipamiento para reforzar la seguridad en Berazategui Berazategui recibi\u00f3 136 nuevas c\u00e1maras fijas y domos m\u00f3viles de videovigilancia urbana que supervisar\u00e1n las calles de Berazategui. El acto fue encabezado por el intendente Juan Jos\u00e9 Mussi; y el subsecretario de Fiscalizaci\u00f3n y Control Policial del Ministerio de Seguridad de la Provincia, Andr\u00e9s Escudero; y se...","og_url":"https:\/\/diarioprincipios.com\/index.php\/2025\/08\/09\/se-potencia-la-red-de-videovigilancia-urbana-con-la-incorporacion-de-equipamiento\/","og_site_name":"Principios","article_published_time":"2025-08-09T23:31:44+00:00","og_image":[{"width":1128,"height":752,"url":"https:\/\/diarioprincipios.com\/wp-content\/uploads\/2025\/08\/Nueva-Plataforma-de-Reconocimiento-Facial-basada-en-IA-en-Berazategui-1-1.jpg","type":"image\/jpeg"}],"author":"Hern\u00e1n L\u00f3pez","twitter_card":"summary_large_image","twitter_misc":{"Escrito por":"Hern\u00e1n L\u00f3pez","Tiempo de lectura":"2 minutos"},"schema":{"@context":"https:\/\/schema.org","@graph":[{"@type":"Article","@id":"https:\/\/diarioprincipios.com\/index.php\/2025\/08\/09\/se-potencia-la-red-de-videovigilancia-urbana-con-la-incorporacion-de-equipamiento\/#article","isPartOf":{"@id":"https:\/\/diarioprincipios.com\/index.php\/2025\/08\/09\/se-potencia-la-red-de-videovigilancia-urbana-con-la-incorporacion-de-equipamiento\/"},"author":{"name":"Hern\u00e1n L\u00f3pez","@id":"https:\/\/diarioprincipios.com\/#\/schema\/person\/436d5a1fd41a5e250e23ff5a6a7cb080"},"headline":"Se potencia la Red de videovigilancia urbana con la incorporaci\u00f3n de equipamiento","datePublished":"2025-08-09T23:31:44+00:00","mainEntityOfPage":{"@id":"https:\/\/diarioprincipios.com\/index.php\/2025\/08\/09\/se-potencia-la-red-de-videovigilancia-urbana-con-la-incorporacion-de-equipamiento\/"},"wordCount":414,"commentCount":0,"publisher":{"@id":"https:\/\/diarioprincipios.com\/#organization"},"image":{"@id":"https:\/\/diarioprincipios.com\/index.php\/2025\/08\/09\/se-potencia-la-red-de-videovigilancia-urbana-con-la-incorporacion-de-equipamiento\/#primaryimage"},"thumbnailUrl":"https:\/\/diarioprincipios.com\/wp-content\/uploads\/2025\/08\/Nueva-Plataforma-de-Reconocimiento-Facial-basada-en-IA-en-Berazategui-1-1.jpg","articleSection":["Berazategui"],"inLanguage":"es","potentialAction":[{"@type":"CommentAction","name":"Comment","target":["https:\/\/diarioprincipios.com\/index.php\/2025\/08\/09\/se-potencia-la-red-de-videovigilancia-urbana-con-la-incorporacion-de-equipamiento\/#respond"]}]},{"@type":"WebPage","@id":"https:\/\/diarioprincipios.com\/index.php\/2025\/08\/09\/se-potencia-la-red-de-videovigilancia-urbana-con-la-incorporacion-de-equipamiento\/","url":"https:\/\/diarioprincipios.com\/index.php\/2025\/08\/09\/se-potencia-la-red-de-videovigilancia-urbana-con-la-incorporacion-de-equipamiento\/","name":"Se potencia la Red de videovigilancia urbana con la incorporaci\u00f3n de equipamiento - Principios","isPartOf":{"@id":"https:\/\/diarioprincipios.com\/#website"},"primaryImageOfPage":{"@id":"https:\/\/diarioprincipios.com\/index.php\/2025\/08\/09\/se-potencia-la-red-de-videovigilancia-urbana-con-la-incorporacion-de-equipamiento\/#primaryimage"},"image":{"@id":"https:\/\/diarioprincipios.com\/index.php\/2025\/08\/09\/se-potencia-la-red-de-videovigilancia-urbana-con-la-incorporacion-de-equipamiento\/#primaryimage"},"thumbnailUrl":"https:\/\/diarioprincipios.com\/wp-content\/uploads\/2025\/08\/Nueva-Plataforma-de-Reconocimiento-Facial-basada-en-IA-en-Berazategui-1-1.jpg","datePublished":"2025-08-09T23:31:44+00:00","breadcrumb":{"@id":"https:\/\/diarioprincipios.com\/index.php\/2025\/08\/09\/se-potencia-la-red-de-videovigilancia-urbana-con-la-incorporacion-de-equipamiento\/#breadcrumb"},"inLanguage":"es","potentialAction":[{"@type":"ReadAction","target":["https:\/\/diarioprincipios.com\/index.php\/2025\/08\/09\/se-potencia-la-red-de-videovigilancia-urbana-con-la-incorporacion-de-equipamiento\/"]}]},{"@type":"ImageObject","inLanguage":"es","@id":"https:\/\/diarioprincipios.com\/index.php\/2025\/08\/09\/se-potencia-la-red-de-videovigilancia-urbana-con-la-incorporacion-de-equipamiento\/#primaryimage","url":"https:\/\/diarioprincipios.com\/wp-content\/uploads\/2025\/08\/Nueva-Plataforma-de-Reconocimiento-Facial-basada-en-IA-en-Berazategui-1-1.jpg","contentUrl":"https:\/\/diarioprincipios.com\/wp-content\/uploads\/2025\/08\/Nueva-Plataforma-de-Reconocimiento-Facial-basada-en-IA-en-Berazategui-1-1.jpg","width":1128,"height":752},{"@type":"BreadcrumbList","@id":"https:\/\/diarioprincipios.com\/index.php\/2025\/08\/09\/se-potencia-la-red-de-videovigilancia-urbana-con-la-incorporacion-de-equipamiento\/#breadcrumb","itemListElement":[{"@type":"ListItem","position":1,"name":"Portada","item":"https:\/\/diarioprincipios.com\/"},{"@type":"ListItem","position":2,"name":"Se potencia la Red de videovigilancia urbana con la incorporaci\u00f3n de equipamiento"}]},{"@type":"WebSite","@id":"https:\/\/diarioprincipios.com\/#website","url":"https:\/\/diarioprincipios.com\/","name":"Principios","description":"Principios Diario","publisher":{"@id":"https:\/\/diarioprincipios.com\/#organization"},"potentialAction":[{"@type":"SearchAction","target":{"@type":"EntryPoint","urlTemplate":"https:\/\/diarioprincipios.com\/?s={search_term_string}"},"query-input":{"@type":"PropertyValueSpecification","valueRequired":true,"valueName":"search_term_string"}}],"inLanguage":"es"},{"@type":"Organization","@id":"https:\/\/diarioprincipios.com\/#organization","name":"Principios","url":"https:\/\/diarioprincipios.com\/","logo":{"@type":"ImageObject","inLanguage":"es","@id":"https:\/\/diarioprincipios.com\/#\/schema\/logo\/image\/","url":"https:\/\/diarioprincipios.com\/wp-content\/uploads\/2024\/04\/cropped-www.diarioprincipios.com_-1.png","contentUrl":"https:\/\/diarioprincipios.com\/wp-content\/uploads\/2024\/04\/cropped-www.diarioprincipios.com_-1.png","width":5325,"height":1454,"caption":"Principios"},"image":{"@id":"https:\/\/diarioprincipios.com\/#\/schema\/logo\/image\/"}},{"@type":"Person","@id":"https:\/\/diarioprincipios.com\/#\/schema\/person\/436d5a1fd41a5e250e23ff5a6a7cb080","name":"Hern\u00e1n L\u00f3pez","image":{"@type":"ImageObject","inLanguage":"es","@id":"https:\/\/diarioprincipios.com\/wp-content\/litespeed\/avatar\/11ddfe5610ff3bd100522525b2571f48.jpg?ver=1777653193","url":"https:\/\/diarioprincipios.com\/wp-content\/litespeed\/avatar\/11ddfe5610ff3bd100522525b2571f48.jpg?ver=1777653193","contentUrl":"https:\/\/diarioprincipios.com\/wp-content\/litespeed\/avatar\/11ddfe5610ff3bd100522525b2571f48.jpg?ver=1777653193","caption":"Hern\u00e1n L\u00f3pez"},"url":"https:\/\/diarioprincipios.com\/index.php\/author\/hernan\/"}]}},"jetpack_featured_media_url":"https:\/\/diarioprincipios.com\/wp-content\/uploads\/2025\/08\/Nueva-Plataforma-de-Reconocimiento-Facial-basada-en-IA-en-Berazategui-1-1.jpg","_links":{"self":[{"href":"https:\/\/diarioprincipios.com\/index.php\/wp-json\/wp\/v2\/posts\/25160","targetHints":{"allow":["GET"]}}],"collection":[{"href":"https:\/\/diarioprincipios.com\/index.php\/wp-json\/wp\/v2\/posts"}],"about":[{"href":"https:\/\/diarioprincipios.com\/index.php\/wp-json\/wp\/v2\/types\/post"}],"author":[{"embeddable":true,"href":"https:\/\/diarioprincipios.com\/index.php\/wp-json\/wp\/v2\/users\/2"}],"replies":[{"embeddable":true,"href":"https:\/\/diarioprincipios.com\/index.php\/wp-json\/wp\/v2\/comments?post=25160"}],"version-history":[{"count":1,"href":"https:\/\/diarioprincipios.com\/index.php\/wp-json\/wp\/v2\/posts\/25160\/revisions"}],"predecessor-version":[{"id":25162,"href":"https:\/\/diarioprincipios.com\/index.php\/wp-json\/wp\/v2\/posts\/25160\/revisions\/25162"}],"wp:featuredmedia":[{"embeddable":true,"href":"https:\/\/diarioprincipios.com\/index.php\/wp-json\/wp\/v2\/media\/25161"}],"wp:attachment":[{"href":"https:\/\/diarioprincipios.com\/index.php\/wp-json\/wp\/v2\/media?parent=25160"}],"wp:term":[{"taxonomy":"category","embeddable":true,"href":"https:\/\/diarioprincipios.com\/index.php\/wp-json\/wp\/v2\/categories?post=25160"},{"taxonomy":"post_tag","embeddable":true,"href":"https:\/\/diarioprincipios.com\/index.php\/wp-json\/wp\/v2\/tags?post=25160"}],"curies":[{"name":"wp","href":"https:\/\/api.w.org\/{rel}","templated":true}]}}