{"id":25136,"date":"2025-08-07T09:44:05","date_gmt":"2025-08-07T12:44:05","guid":{"rendered":"https:\/\/diarioprincipios.com\/?p=25136"},"modified":"2025-08-07T09:44:06","modified_gmt":"2025-08-07T12:44:06","slug":"reconocimiento-del-hcd-a-la-trayectoria-del-dirigente-vidriero-horacio-valdez","status":"publish","type":"post","link":"https:\/\/diarioprincipios.com\/index.php\/2025\/08\/07\/reconocimiento-del-hcd-a-la-trayectoria-del-dirigente-vidriero-horacio-valdez\/","title":{"rendered":"Reconocimiento del HCD a la trayectoria del dirigente vidriero Horacio Valdez"},"content":{"rendered":"\n<p>El Concejo Deliberante de Berazategui realiz\u00f3 esta semana un Reconocimiento al dirigente vidriero Horacio Valdez, Secretario General del Gremio en Berazategui y tambi\u00e9n, desde hace 25 a\u00f1os a nivel Nacional.<br>La concejala Celia Cabrera, que integra la familia vidriera, destac\u00f3 esta distinci\u00f3n del Concejo Deliberante con un apasionado discurso en el que expuso que \u00abpara mi es un inmenso privilegio participar de este m\u00e1s que merecido homenaje al compa\u00f1ero Horacio Valdez, secretario general del Sindicato de Obreros de la Industria del Vidrio y Afines a nivel local y tambi\u00e9n nacional\u00bb.<br><\/p>\n\n\n\n<figure class=\"wp-block-image size-large\"><img loading=\"lazy\" decoding=\"async\" width=\"1024\" height=\"606\" src=\"https:\/\/diarioprincipios.com\/wp-content\/uploads\/2025\/08\/IMG-20250807-WA0000-1024x606.jpg\" alt=\"\" class=\"wp-image-25137\" srcset=\"https:\/\/diarioprincipios.com\/wp-content\/uploads\/2025\/08\/IMG-20250807-WA0000-1024x606.jpg 1024w, https:\/\/diarioprincipios.com\/wp-content\/uploads\/2025\/08\/IMG-20250807-WA0000-300x178.jpg 300w, https:\/\/diarioprincipios.com\/wp-content\/uploads\/2025\/08\/IMG-20250807-WA0000-768x455.jpg 768w, https:\/\/diarioprincipios.com\/wp-content\/uploads\/2025\/08\/IMG-20250807-WA0000.jpg 1500w\" sizes=\"auto, (max-width: 1024px) 100vw, 1024px\" \/><\/figure>\n\n\n\n<p>Seguidamente, resumi\u00f3 que \u00abHoracio Vald\u00e9z naci\u00f3 el 27 de febrero de 1956 en la Ciudad Aut\u00f3noma de Buenos Aires y desde ni\u00f1o creci\u00f3 en el barrio San Juan de nuestro querido Berazategui, estudi\u00f3 en la Primaria 6 de R\u00e1nelagh y pas\u00f3 hermosos momentos de su adolescencia y juventud en la localidad de Villa Espa\u00f1a. Horacio es hijo de Norberta Eloisa Sanchez, padre de Valeria Valdez y abuelo de 4 nietos. Fruto de sus virtudes que poco tardaron en hacerse notar, el 19 de julio de 1987 fue elegido secretario general de la comisi\u00f3n interna de la f\u00e1brica Rigolleau. Y seguidamente fue electo Secretario General de SOIVA Berazategui.En 1991 asume como Congresal Gremial y form\u00f3 parte de la Secretaria General de la Obra Social de los vidrieros.<\/p>\n\n\n\n<figure class=\"wp-block-image size-large\"><img loading=\"lazy\" decoding=\"async\" width=\"576\" height=\"1024\" src=\"https:\/\/diarioprincipios.com\/wp-content\/uploads\/2025\/08\/IMG-20250806-WA0077-576x1024.jpg\" alt=\"\" class=\"wp-image-25138\" srcset=\"https:\/\/diarioprincipios.com\/wp-content\/uploads\/2025\/08\/IMG-20250806-WA0077-576x1024.jpg 576w, https:\/\/diarioprincipios.com\/wp-content\/uploads\/2025\/08\/IMG-20250806-WA0077-169x300.jpg 169w, https:\/\/diarioprincipios.com\/wp-content\/uploads\/2025\/08\/IMG-20250806-WA0077-768x1365.jpg 768w, https:\/\/diarioprincipios.com\/wp-content\/uploads\/2025\/08\/IMG-20250806-WA0077-864x1536.jpg 864w, https:\/\/diarioprincipios.com\/wp-content\/uploads\/2025\/08\/IMG-20250806-WA0077.jpg 900w\" sizes=\"auto, (max-width: 576px) 100vw, 576px\" \/><\/figure>\n\n\n\n<p><br>El 30 de mayo del a\u00f1o 2000 marcar\u00eda un antes y un despu\u00e9s no solo en la vida de Horacio Valdez, sino en la de todos los obreros del vidrio, pues ese d\u00eda ser\u00eda elegido como Secretario General de SOIVA a nivel nacional, dando inicio a una exitosa gesti\u00f3n que llev\u00f3 al gremio a lo m\u00e1s alto y a los trabajadores del vidrio de todo el pa\u00eds a mejores condiciones de trabajo\u00bb.<br>La edil agreg\u00f3 que \u00abDesde 2023 Valdez integra la Comisi\u00f3n Directiva del Club Boca Juniors, lo cual no sorprende porque es un hombre amante del deporte, con el que contribuye permanentemente, como lo hace por ejemplo con nuestra querida Asociaci\u00f3n de V\u00f3ley Capital Nacional del Vidrio, que integran cerca de 100 equipos de voley toda la zona sur\u00bb.<\/p>\n\n\n\n<figure class=\"wp-block-image size-large\"><img loading=\"lazy\" decoding=\"async\" width=\"1024\" height=\"570\" src=\"https:\/\/diarioprincipios.com\/wp-content\/uploads\/2025\/08\/Screenshot_20250807_090422_WhatsApp-1024x570.jpg\" alt=\"\" class=\"wp-image-25139\" srcset=\"https:\/\/diarioprincipios.com\/wp-content\/uploads\/2025\/08\/Screenshot_20250807_090422_WhatsApp-1024x570.jpg 1024w, https:\/\/diarioprincipios.com\/wp-content\/uploads\/2025\/08\/Screenshot_20250807_090422_WhatsApp-300x167.jpg 300w, https:\/\/diarioprincipios.com\/wp-content\/uploads\/2025\/08\/Screenshot_20250807_090422_WhatsApp-768x427.jpg 768w, https:\/\/diarioprincipios.com\/wp-content\/uploads\/2025\/08\/Screenshot_20250807_090422_WhatsApp.jpg 1080w\" sizes=\"auto, (max-width: 1024px) 100vw, 1024px\" \/><\/figure>\n\n\n\n<p><br>Finalmente expuso que \u00abel 30 de mayo Horacio Valdez cumpli\u00f3 25 a\u00f1os de trayectoria al frente del Secretariado Nacional del Sindicato del Vidrio, y este homenaje se hace mas que merecido puesto que se trata de un hombre de Berazategui que ha dedicado su vida a mejorar las condiciones de trabajo de los obreros del vidrio, tejiendo un vinculo cercano con cada trabajador, haciendo del gremio una familia, comprometido con el trabajo, la militancia y la lucha, promoviendo en cada una de sus acciones valores como la igualdad y la justicia social. Un hombre de dialogo, de permanente b\u00fasqueda del consenso, virtud que solo los grandes lideres y dirigentes tienen. Horacio es un hombre de la democracia, que como militante peronista luch\u00f3 por ella, siempre con humildad y espiritu solidario.<br>Todo esto, como mencion\u00e9 al principio, hace m\u00e1s que justo y necesario este reconocimiento al declarar este Concejo Deliberante \u00abde inter\u00e9s hist\u00f3rico gremial cultural y social los 25 a\u00f1os de trayector\u00eda. Una trayectoria que claramente trasciende las fronteras de Berazategui y que llena de orgullo a toda su querida familia del Vidrio\u00bb.<\/p>\n\n\n\n<figure class=\"wp-block-image size-large\"><img loading=\"lazy\" decoding=\"async\" width=\"1024\" height=\"557\" src=\"https:\/\/diarioprincipios.com\/wp-content\/uploads\/2025\/08\/Screenshot_20250807_090621_WhatsApp-1024x557.jpg\" alt=\"\" class=\"wp-image-25140\" srcset=\"https:\/\/diarioprincipios.com\/wp-content\/uploads\/2025\/08\/Screenshot_20250807_090621_WhatsApp-1024x557.jpg 1024w, https:\/\/diarioprincipios.com\/wp-content\/uploads\/2025\/08\/Screenshot_20250807_090621_WhatsApp-300x163.jpg 300w, https:\/\/diarioprincipios.com\/wp-content\/uploads\/2025\/08\/Screenshot_20250807_090621_WhatsApp-768x417.jpg 768w, https:\/\/diarioprincipios.com\/wp-content\/uploads\/2025\/08\/Screenshot_20250807_090621_WhatsApp.jpg 1080w\" sizes=\"auto, (max-width: 1024px) 100vw, 1024px\" \/><\/figure>\n\n\n\n<p><br>Al termino de la sesi\u00f3n, presidida por Andrea Canestro, se invit\u00f3 a Valdez a dirigir unas palabras, ocasi\u00f3n en la que se\u00f1al\u00f3 \u00abestoy muy agradecido por este reconocimiento, son 25 a\u00f1os de proyectos que luchamos juntos, entre todos hicimos un gremio grande y respetable, nuestra premisa es que los trabajadores tienen que ser felices hoy, hay que tener convicci\u00f3n y los sue\u00f1os se pueden concretar, la nuestra es una causa que vale la pena\u00bb.<br>Finaliz\u00f3 asegurando que \u00abllegamos en 1987 acampando a Mussi y vamos a acompa\u00f1ar \u00abal negro\u00bb en las pr\u00f3ximas elecciones, hay que salir a convocar y tenemos que ir a votar, para nosotros el super\u00e1vit fiscal es que los chicos puedan comer y estudiar\u00bb.<\/p>\n","protected":false},"excerpt":{"rendered":"<p>El Concejo Deliberante de Berazategui realiz\u00f3 esta semana un Reconocimiento al dirigente vidriero Horacio Valdez, Secretario General del Gremio en Berazategui y tambi\u00e9n, desde hace 25 a\u00f1os a nivel Nacional.La concejala Celia Cabrera, que integra la familia vidriera, destac\u00f3 esta distinci\u00f3n del Concejo Deliberante con un apasionado discurso en el que expuso que \u00abpara mi&#8230;<\/p>\n","protected":false},"author":2,"featured_media":25141,"comment_status":"open","ping_status":"open","sticky":false,"template":"","format":"standard","meta":{"footnotes":""},"categories":[3],"tags":[],"class_list":["post-25136","post","type-post","status-publish","format-standard","has-post-thumbnail","hentry","category-berazategui"],"featured_image_src":"https:\/\/diarioprincipios.com\/wp-content\/uploads\/2025\/08\/IMG-20250806-WA0079-1024x768.jpg","blog_images":{"medium":"https:\/\/diarioprincipios.com\/wp-content\/uploads\/2025\/08\/IMG-20250806-WA0079-300x225.jpg","large":"https:\/\/diarioprincipios.com\/wp-content\/uploads\/2025\/08\/IMG-20250806-WA0079-1024x768.jpg"},"ams_acf":[],"yoast_head":"<!-- This site is optimized with the Yoast SEO plugin v27.3 - https:\/\/yoast.com\/product\/yoast-seo-wordpress\/ -->\n<title>Reconocimiento del HCD a la trayectoria del dirigente vidriero Horacio Valdez - Principios<\/title>\n<meta name=\"robots\" content=\"index, follow, max-snippet:-1, max-image-preview:large, max-video-preview:-1\" \/>\n<link rel=\"canonical\" href=\"https:\/\/diarioprincipios.com\/index.php\/2025\/08\/07\/reconocimiento-del-hcd-a-la-trayectoria-del-dirigente-vidriero-horacio-valdez\/\" \/>\n<meta property=\"og:locale\" content=\"es_ES\" \/>\n<meta property=\"og:type\" content=\"article\" \/>\n<meta property=\"og:title\" content=\"Reconocimiento del HCD a la trayectoria del dirigente vidriero Horacio Valdez - Principios\" \/>\n<meta property=\"og:description\" content=\"El Concejo Deliberante de Berazategui realiz\u00f3 esta semana un Reconocimiento al dirigente vidriero Horacio Valdez, Secretario General del Gremio en Berazategui y tambi\u00e9n, desde hace 25 a\u00f1os a nivel Nacional.La concejala Celia Cabrera, que integra la familia vidriera, destac\u00f3 esta distinci\u00f3n del Concejo Deliberante con un apasionado discurso en el que expuso que \u00abpara mi...\" \/>\n<meta property=\"og:url\" content=\"https:\/\/diarioprincipios.com\/index.php\/2025\/08\/07\/reconocimiento-del-hcd-a-la-trayectoria-del-dirigente-vidriero-horacio-valdez\/\" \/>\n<meta property=\"og:site_name\" content=\"Principios\" \/>\n<meta property=\"article:published_time\" content=\"2025-08-07T12:44:05+00:00\" \/>\n<meta property=\"article:modified_time\" content=\"2025-08-07T12:44:06+00:00\" \/>\n<meta property=\"og:image\" content=\"https:\/\/diarioprincipios.com\/wp-content\/uploads\/2025\/08\/IMG-20250806-WA0079.jpg\" \/>\n\t<meta property=\"og:image:width\" content=\"1600\" \/>\n\t<meta property=\"og:image:height\" content=\"1200\" \/>\n\t<meta property=\"og:image:type\" content=\"image\/jpeg\" \/>\n<meta name=\"author\" content=\"Hern\u00e1n L\u00f3pez\" \/>\n<meta name=\"twitter:card\" content=\"summary_large_image\" \/>\n<meta name=\"twitter:label1\" content=\"Escrito por\" \/>\n\t<meta name=\"twitter:data1\" content=\"Hern\u00e1n L\u00f3pez\" \/>\n\t<meta name=\"twitter:label2\" content=\"Tiempo de lectura\" \/>\n\t<meta name=\"twitter:data2\" content=\"4 minutos\" \/>\n<script type=\"application\/ld+json\" class=\"yoast-schema-graph\">{\"@context\":\"https:\\\/\\\/schema.org\",\"@graph\":[{\"@type\":\"Article\",\"@id\":\"https:\\\/\\\/diarioprincipios.com\\\/index.php\\\/2025\\\/08\\\/07\\\/reconocimiento-del-hcd-a-la-trayectoria-del-dirigente-vidriero-horacio-valdez\\\/#article\",\"isPartOf\":{\"@id\":\"https:\\\/\\\/diarioprincipios.com\\\/index.php\\\/2025\\\/08\\\/07\\\/reconocimiento-del-hcd-a-la-trayectoria-del-dirigente-vidriero-horacio-valdez\\\/\"},\"author\":{\"name\":\"Hern\u00e1n L\u00f3pez\",\"@id\":\"https:\\\/\\\/diarioprincipios.com\\\/#\\\/schema\\\/person\\\/436d5a1fd41a5e250e23ff5a6a7cb080\"},\"headline\":\"Reconocimiento del HCD a la trayectoria del dirigente vidriero Horacio Valdez\",\"datePublished\":\"2025-08-07T12:44:05+00:00\",\"dateModified\":\"2025-08-07T12:44:06+00:00\",\"mainEntityOfPage\":{\"@id\":\"https:\\\/\\\/diarioprincipios.com\\\/index.php\\\/2025\\\/08\\\/07\\\/reconocimiento-del-hcd-a-la-trayectoria-del-dirigente-vidriero-horacio-valdez\\\/\"},\"wordCount\":680,\"commentCount\":0,\"publisher\":{\"@id\":\"https:\\\/\\\/diarioprincipios.com\\\/#organization\"},\"image\":{\"@id\":\"https:\\\/\\\/diarioprincipios.com\\\/index.php\\\/2025\\\/08\\\/07\\\/reconocimiento-del-hcd-a-la-trayectoria-del-dirigente-vidriero-horacio-valdez\\\/#primaryimage\"},\"thumbnailUrl\":\"https:\\\/\\\/diarioprincipios.com\\\/wp-content\\\/uploads\\\/2025\\\/08\\\/IMG-20250806-WA0079.jpg\",\"articleSection\":[\"Berazategui\"],\"inLanguage\":\"es\",\"potentialAction\":[{\"@type\":\"CommentAction\",\"name\":\"Comment\",\"target\":[\"https:\\\/\\\/diarioprincipios.com\\\/index.php\\\/2025\\\/08\\\/07\\\/reconocimiento-del-hcd-a-la-trayectoria-del-dirigente-vidriero-horacio-valdez\\\/#respond\"]}]},{\"@type\":\"WebPage\",\"@id\":\"https:\\\/\\\/diarioprincipios.com\\\/index.php\\\/2025\\\/08\\\/07\\\/reconocimiento-del-hcd-a-la-trayectoria-del-dirigente-vidriero-horacio-valdez\\\/\",\"url\":\"https:\\\/\\\/diarioprincipios.com\\\/index.php\\\/2025\\\/08\\\/07\\\/reconocimiento-del-hcd-a-la-trayectoria-del-dirigente-vidriero-horacio-valdez\\\/\",\"name\":\"Reconocimiento del HCD a la trayectoria del dirigente vidriero Horacio Valdez - Principios\",\"isPartOf\":{\"@id\":\"https:\\\/\\\/diarioprincipios.com\\\/#website\"},\"primaryImageOfPage\":{\"@id\":\"https:\\\/\\\/diarioprincipios.com\\\/index.php\\\/2025\\\/08\\\/07\\\/reconocimiento-del-hcd-a-la-trayectoria-del-dirigente-vidriero-horacio-valdez\\\/#primaryimage\"},\"image\":{\"@id\":\"https:\\\/\\\/diarioprincipios.com\\\/index.php\\\/2025\\\/08\\\/07\\\/reconocimiento-del-hcd-a-la-trayectoria-del-dirigente-vidriero-horacio-valdez\\\/#primaryimage\"},\"thumbnailUrl\":\"https:\\\/\\\/diarioprincipios.com\\\/wp-content\\\/uploads\\\/2025\\\/08\\\/IMG-20250806-WA0079.jpg\",\"datePublished\":\"2025-08-07T12:44:05+00:00\",\"dateModified\":\"2025-08-07T12:44:06+00:00\",\"breadcrumb\":{\"@id\":\"https:\\\/\\\/diarioprincipios.com\\\/index.php\\\/2025\\\/08\\\/07\\\/reconocimiento-del-hcd-a-la-trayectoria-del-dirigente-vidriero-horacio-valdez\\\/#breadcrumb\"},\"inLanguage\":\"es\",\"potentialAction\":[{\"@type\":\"ReadAction\",\"target\":[\"https:\\\/\\\/diarioprincipios.com\\\/index.php\\\/2025\\\/08\\\/07\\\/reconocimiento-del-hcd-a-la-trayectoria-del-dirigente-vidriero-horacio-valdez\\\/\"]}]},{\"@type\":\"ImageObject\",\"inLanguage\":\"es\",\"@id\":\"https:\\\/\\\/diarioprincipios.com\\\/index.php\\\/2025\\\/08\\\/07\\\/reconocimiento-del-hcd-a-la-trayectoria-del-dirigente-vidriero-horacio-valdez\\\/#primaryimage\",\"url\":\"https:\\\/\\\/diarioprincipios.com\\\/wp-content\\\/uploads\\\/2025\\\/08\\\/IMG-20250806-WA0079.jpg\",\"contentUrl\":\"https:\\\/\\\/diarioprincipios.com\\\/wp-content\\\/uploads\\\/2025\\\/08\\\/IMG-20250806-WA0079.jpg\",\"width\":1600,\"height\":1200},{\"@type\":\"BreadcrumbList\",\"@id\":\"https:\\\/\\\/diarioprincipios.com\\\/index.php\\\/2025\\\/08\\\/07\\\/reconocimiento-del-hcd-a-la-trayectoria-del-dirigente-vidriero-horacio-valdez\\\/#breadcrumb\",\"itemListElement\":[{\"@type\":\"ListItem\",\"position\":1,\"name\":\"Portada\",\"item\":\"https:\\\/\\\/diarioprincipios.com\\\/\"},{\"@type\":\"ListItem\",\"position\":2,\"name\":\"Reconocimiento del HCD a la trayectoria del dirigente vidriero Horacio Valdez\"}]},{\"@type\":\"WebSite\",\"@id\":\"https:\\\/\\\/diarioprincipios.com\\\/#website\",\"url\":\"https:\\\/\\\/diarioprincipios.com\\\/\",\"name\":\"Principios\",\"description\":\"Principios Diario\",\"publisher\":{\"@id\":\"https:\\\/\\\/diarioprincipios.com\\\/#organization\"},\"potentialAction\":[{\"@type\":\"SearchAction\",\"target\":{\"@type\":\"EntryPoint\",\"urlTemplate\":\"https:\\\/\\\/diarioprincipios.com\\\/?s={search_term_string}\"},\"query-input\":{\"@type\":\"PropertyValueSpecification\",\"valueRequired\":true,\"valueName\":\"search_term_string\"}}],\"inLanguage\":\"es\"},{\"@type\":\"Organization\",\"@id\":\"https:\\\/\\\/diarioprincipios.com\\\/#organization\",\"name\":\"Principios\",\"url\":\"https:\\\/\\\/diarioprincipios.com\\\/\",\"logo\":{\"@type\":\"ImageObject\",\"inLanguage\":\"es\",\"@id\":\"https:\\\/\\\/diarioprincipios.com\\\/#\\\/schema\\\/logo\\\/image\\\/\",\"url\":\"https:\\\/\\\/diarioprincipios.com\\\/wp-content\\\/uploads\\\/2024\\\/04\\\/cropped-www.diarioprincipios.com_-1.png\",\"contentUrl\":\"https:\\\/\\\/diarioprincipios.com\\\/wp-content\\\/uploads\\\/2024\\\/04\\\/cropped-www.diarioprincipios.com_-1.png\",\"width\":5325,\"height\":1454,\"caption\":\"Principios\"},\"image\":{\"@id\":\"https:\\\/\\\/diarioprincipios.com\\\/#\\\/schema\\\/logo\\\/image\\\/\"}},{\"@type\":\"Person\",\"@id\":\"https:\\\/\\\/diarioprincipios.com\\\/#\\\/schema\\\/person\\\/436d5a1fd41a5e250e23ff5a6a7cb080\",\"name\":\"Hern\u00e1n L\u00f3pez\",\"image\":{\"@type\":\"ImageObject\",\"inLanguage\":\"es\",\"@id\":\"https:\\\/\\\/diarioprincipios.com\\\/wp-content\\\/litespeed\\\/avatar\\\/11ddfe5610ff3bd100522525b2571f48.jpg?ver=1777653193\",\"url\":\"https:\\\/\\\/diarioprincipios.com\\\/wp-content\\\/litespeed\\\/avatar\\\/11ddfe5610ff3bd100522525b2571f48.jpg?ver=1777653193\",\"contentUrl\":\"https:\\\/\\\/diarioprincipios.com\\\/wp-content\\\/litespeed\\\/avatar\\\/11ddfe5610ff3bd100522525b2571f48.jpg?ver=1777653193\",\"caption\":\"Hern\u00e1n L\u00f3pez\"},\"url\":\"https:\\\/\\\/diarioprincipios.com\\\/index.php\\\/author\\\/hernan\\\/\"}]}<\/script>\n<!-- \/ Yoast SEO plugin. -->","yoast_head_json":{"title":"Reconocimiento del HCD a la trayectoria del dirigente vidriero Horacio Valdez - Principios","robots":{"index":"index","follow":"follow","max-snippet":"max-snippet:-1","max-image-preview":"max-image-preview:large","max-video-preview":"max-video-preview:-1"},"canonical":"https:\/\/diarioprincipios.com\/index.php\/2025\/08\/07\/reconocimiento-del-hcd-a-la-trayectoria-del-dirigente-vidriero-horacio-valdez\/","og_locale":"es_ES","og_type":"article","og_title":"Reconocimiento del HCD a la trayectoria del dirigente vidriero Horacio Valdez - Principios","og_description":"El Concejo Deliberante de Berazategui realiz\u00f3 esta semana un Reconocimiento al dirigente vidriero Horacio Valdez, Secretario General del Gremio en Berazategui y tambi\u00e9n, desde hace 25 a\u00f1os a nivel Nacional.La concejala Celia Cabrera, que integra la familia vidriera, destac\u00f3 esta distinci\u00f3n del Concejo Deliberante con un apasionado discurso en el que expuso que \u00abpara mi...","og_url":"https:\/\/diarioprincipios.com\/index.php\/2025\/08\/07\/reconocimiento-del-hcd-a-la-trayectoria-del-dirigente-vidriero-horacio-valdez\/","og_site_name":"Principios","article_published_time":"2025-08-07T12:44:05+00:00","article_modified_time":"2025-08-07T12:44:06+00:00","og_image":[{"width":1600,"height":1200,"url":"https:\/\/diarioprincipios.com\/wp-content\/uploads\/2025\/08\/IMG-20250806-WA0079.jpg","type":"image\/jpeg"}],"author":"Hern\u00e1n L\u00f3pez","twitter_card":"summary_large_image","twitter_misc":{"Escrito por":"Hern\u00e1n L\u00f3pez","Tiempo de lectura":"4 minutos"},"schema":{"@context":"https:\/\/schema.org","@graph":[{"@type":"Article","@id":"https:\/\/diarioprincipios.com\/index.php\/2025\/08\/07\/reconocimiento-del-hcd-a-la-trayectoria-del-dirigente-vidriero-horacio-valdez\/#article","isPartOf":{"@id":"https:\/\/diarioprincipios.com\/index.php\/2025\/08\/07\/reconocimiento-del-hcd-a-la-trayectoria-del-dirigente-vidriero-horacio-valdez\/"},"author":{"name":"Hern\u00e1n L\u00f3pez","@id":"https:\/\/diarioprincipios.com\/#\/schema\/person\/436d5a1fd41a5e250e23ff5a6a7cb080"},"headline":"Reconocimiento del HCD a la trayectoria del dirigente vidriero Horacio Valdez","datePublished":"2025-08-07T12:44:05+00:00","dateModified":"2025-08-07T12:44:06+00:00","mainEntityOfPage":{"@id":"https:\/\/diarioprincipios.com\/index.php\/2025\/08\/07\/reconocimiento-del-hcd-a-la-trayectoria-del-dirigente-vidriero-horacio-valdez\/"},"wordCount":680,"commentCount":0,"publisher":{"@id":"https:\/\/diarioprincipios.com\/#organization"},"image":{"@id":"https:\/\/diarioprincipios.com\/index.php\/2025\/08\/07\/reconocimiento-del-hcd-a-la-trayectoria-del-dirigente-vidriero-horacio-valdez\/#primaryimage"},"thumbnailUrl":"https:\/\/diarioprincipios.com\/wp-content\/uploads\/2025\/08\/IMG-20250806-WA0079.jpg","articleSection":["Berazategui"],"inLanguage":"es","potentialAction":[{"@type":"CommentAction","name":"Comment","target":["https:\/\/diarioprincipios.com\/index.php\/2025\/08\/07\/reconocimiento-del-hcd-a-la-trayectoria-del-dirigente-vidriero-horacio-valdez\/#respond"]}]},{"@type":"WebPage","@id":"https:\/\/diarioprincipios.com\/index.php\/2025\/08\/07\/reconocimiento-del-hcd-a-la-trayectoria-del-dirigente-vidriero-horacio-valdez\/","url":"https:\/\/diarioprincipios.com\/index.php\/2025\/08\/07\/reconocimiento-del-hcd-a-la-trayectoria-del-dirigente-vidriero-horacio-valdez\/","name":"Reconocimiento del HCD a la trayectoria del dirigente vidriero Horacio Valdez - Principios","isPartOf":{"@id":"https:\/\/diarioprincipios.com\/#website"},"primaryImageOfPage":{"@id":"https:\/\/diarioprincipios.com\/index.php\/2025\/08\/07\/reconocimiento-del-hcd-a-la-trayectoria-del-dirigente-vidriero-horacio-valdez\/#primaryimage"},"image":{"@id":"https:\/\/diarioprincipios.com\/index.php\/2025\/08\/07\/reconocimiento-del-hcd-a-la-trayectoria-del-dirigente-vidriero-horacio-valdez\/#primaryimage"},"thumbnailUrl":"https:\/\/diarioprincipios.com\/wp-content\/uploads\/2025\/08\/IMG-20250806-WA0079.jpg","datePublished":"2025-08-07T12:44:05+00:00","dateModified":"2025-08-07T12:44:06+00:00","breadcrumb":{"@id":"https:\/\/diarioprincipios.com\/index.php\/2025\/08\/07\/reconocimiento-del-hcd-a-la-trayectoria-del-dirigente-vidriero-horacio-valdez\/#breadcrumb"},"inLanguage":"es","potentialAction":[{"@type":"ReadAction","target":["https:\/\/diarioprincipios.com\/index.php\/2025\/08\/07\/reconocimiento-del-hcd-a-la-trayectoria-del-dirigente-vidriero-horacio-valdez\/"]}]},{"@type":"ImageObject","inLanguage":"es","@id":"https:\/\/diarioprincipios.com\/index.php\/2025\/08\/07\/reconocimiento-del-hcd-a-la-trayectoria-del-dirigente-vidriero-horacio-valdez\/#primaryimage","url":"https:\/\/diarioprincipios.com\/wp-content\/uploads\/2025\/08\/IMG-20250806-WA0079.jpg","contentUrl":"https:\/\/diarioprincipios.com\/wp-content\/uploads\/2025\/08\/IMG-20250806-WA0079.jpg","width":1600,"height":1200},{"@type":"BreadcrumbList","@id":"https:\/\/diarioprincipios.com\/index.php\/2025\/08\/07\/reconocimiento-del-hcd-a-la-trayectoria-del-dirigente-vidriero-horacio-valdez\/#breadcrumb","itemListElement":[{"@type":"ListItem","position":1,"name":"Portada","item":"https:\/\/diarioprincipios.com\/"},{"@type":"ListItem","position":2,"name":"Reconocimiento del HCD a la trayectoria del dirigente vidriero Horacio Valdez"}]},{"@type":"WebSite","@id":"https:\/\/diarioprincipios.com\/#website","url":"https:\/\/diarioprincipios.com\/","name":"Principios","description":"Principios Diario","publisher":{"@id":"https:\/\/diarioprincipios.com\/#organization"},"potentialAction":[{"@type":"SearchAction","target":{"@type":"EntryPoint","urlTemplate":"https:\/\/diarioprincipios.com\/?s={search_term_string}"},"query-input":{"@type":"PropertyValueSpecification","valueRequired":true,"valueName":"search_term_string"}}],"inLanguage":"es"},{"@type":"Organization","@id":"https:\/\/diarioprincipios.com\/#organization","name":"Principios","url":"https:\/\/diarioprincipios.com\/","logo":{"@type":"ImageObject","inLanguage":"es","@id":"https:\/\/diarioprincipios.com\/#\/schema\/logo\/image\/","url":"https:\/\/diarioprincipios.com\/wp-content\/uploads\/2024\/04\/cropped-www.diarioprincipios.com_-1.png","contentUrl":"https:\/\/diarioprincipios.com\/wp-content\/uploads\/2024\/04\/cropped-www.diarioprincipios.com_-1.png","width":5325,"height":1454,"caption":"Principios"},"image":{"@id":"https:\/\/diarioprincipios.com\/#\/schema\/logo\/image\/"}},{"@type":"Person","@id":"https:\/\/diarioprincipios.com\/#\/schema\/person\/436d5a1fd41a5e250e23ff5a6a7cb080","name":"Hern\u00e1n L\u00f3pez","image":{"@type":"ImageObject","inLanguage":"es","@id":"https:\/\/diarioprincipios.com\/wp-content\/litespeed\/avatar\/11ddfe5610ff3bd100522525b2571f48.jpg?ver=1777653193","url":"https:\/\/diarioprincipios.com\/wp-content\/litespeed\/avatar\/11ddfe5610ff3bd100522525b2571f48.jpg?ver=1777653193","contentUrl":"https:\/\/diarioprincipios.com\/wp-content\/litespeed\/avatar\/11ddfe5610ff3bd100522525b2571f48.jpg?ver=1777653193","caption":"Hern\u00e1n L\u00f3pez"},"url":"https:\/\/diarioprincipios.com\/index.php\/author\/hernan\/"}]}},"jetpack_featured_media_url":"https:\/\/diarioprincipios.com\/wp-content\/uploads\/2025\/08\/IMG-20250806-WA0079.jpg","_links":{"self":[{"href":"https:\/\/diarioprincipios.com\/index.php\/wp-json\/wp\/v2\/posts\/25136","targetHints":{"allow":["GET"]}}],"collection":[{"href":"https:\/\/diarioprincipios.com\/index.php\/wp-json\/wp\/v2\/posts"}],"about":[{"href":"https:\/\/diarioprincipios.com\/index.php\/wp-json\/wp\/v2\/types\/post"}],"author":[{"embeddable":true,"href":"https:\/\/diarioprincipios.com\/index.php\/wp-json\/wp\/v2\/users\/2"}],"replies":[{"embeddable":true,"href":"https:\/\/diarioprincipios.com\/index.php\/wp-json\/wp\/v2\/comments?post=25136"}],"version-history":[{"count":1,"href":"https:\/\/diarioprincipios.com\/index.php\/wp-json\/wp\/v2\/posts\/25136\/revisions"}],"predecessor-version":[{"id":25142,"href":"https:\/\/diarioprincipios.com\/index.php\/wp-json\/wp\/v2\/posts\/25136\/revisions\/25142"}],"wp:featuredmedia":[{"embeddable":true,"href":"https:\/\/diarioprincipios.com\/index.php\/wp-json\/wp\/v2\/media\/25141"}],"wp:attachment":[{"href":"https:\/\/diarioprincipios.com\/index.php\/wp-json\/wp\/v2\/media?parent=25136"}],"wp:term":[{"taxonomy":"category","embeddable":true,"href":"https:\/\/diarioprincipios.com\/index.php\/wp-json\/wp\/v2\/categories?post=25136"},{"taxonomy":"post_tag","embeddable":true,"href":"https:\/\/diarioprincipios.com\/index.php\/wp-json\/wp\/v2\/tags?post=25136"}],"curies":[{"name":"wp","href":"https:\/\/api.w.org\/{rel}","templated":true}]}}