{"id":25120,"date":"2025-08-05T18:07:04","date_gmt":"2025-08-05T21:07:04","guid":{"rendered":"https:\/\/diarioprincipios.com\/?p=25120"},"modified":"2025-08-05T18:07:05","modified_gmt":"2025-08-05T21:07:05","slug":"se-viene-la-ceremonia-de-premiacion-de-la-asociacion-de-voley","status":"publish","type":"post","link":"https:\/\/diarioprincipios.com\/index.php\/2025\/08\/05\/se-viene-la-ceremonia-de-premiacion-de-la-asociacion-de-voley\/","title":{"rendered":"Se viene la Ceremonia de Premiaci\u00f3n de la Asociaci\u00f3n de V\u00f3ley"},"content":{"rendered":"\n<p>El pr\u00f3ximo domingo 10 de agosto desde las 15 horas, se realizar\u00e1 en las instalaciones del Instituto Belgrano, calle 151 entre 10 y 11, la Ceremonia de Premiaci\u00f3n del Torneo Apertura de la Asociaci\u00f3n de V\u00f3ley Capital Nacional del Vidrio.<br>Decenas de equipos de Berazategui y toda la regi\u00f3n participar\u00e1n el domingo de este tradicional evento donde la Asociaci\u00f3n de V\u00f3ley premia y reconoce a los equipos que se destacaron durante el primer semestre en todas las categor\u00edas desde inferiores hasta mayores, tanto en Damas como Caballeros.<br>Celia Cabrera, presidenta de la Asociaci\u00f3n destac\u00f3 que \u00abestamos \u00faltimando los detalles con nuestro equipo de trabajo para que cada uno de los participantes viva una verdadera fiesta del deporte\u00bb.<br>A\u00f1adi\u00f3 que \u00abcada Ceremonia se vive de una manera especial y con mucha emoci\u00f3n, es un momento \u00fanico para esta hermosa familia del V\u00f3ley Amateurs de toda la Zona Sur\u00bb.<br>Finalmente, sostuvo que \u00abesperamos vivir entre todos un domingo de fiesta, mientras nos preparamos para un segundo semestre con nuevos desaf\u00edos por alcanzar, los equipos que integran nuestra Asociaci\u00f3n son m\u00e1s competitivos cada d\u00eda y eso nos llena de orgullo\u00bb.<\/p>\n","protected":false},"excerpt":{"rendered":"<p>El pr\u00f3ximo domingo 10 de agosto desde las 15 horas, se realizar\u00e1 en las instalaciones del Instituto Belgrano, calle 151 entre 10 y 11, la Ceremonia de Premiaci\u00f3n del Torneo Apertura de la Asociaci\u00f3n de V\u00f3ley Capital Nacional del Vidrio.Decenas de equipos de Berazategui y toda la regi\u00f3n participar\u00e1n el domingo de este tradicional evento&#8230;<\/p>\n","protected":false},"author":2,"featured_media":25121,"comment_status":"open","ping_status":"open","sticky":false,"template":"","format":"standard","meta":{"footnotes":""},"categories":[6],"tags":[],"class_list":["post-25120","post","type-post","status-publish","format-standard","has-post-thumbnail","hentry","category-deportes"],"featured_image_src":"https:\/\/diarioprincipios.com\/wp-content\/uploads\/2025\/08\/Screenshot_20250805_175812_WhatsApp-1024x948.jpg","blog_images":{"medium":"https:\/\/diarioprincipios.com\/wp-content\/uploads\/2025\/08\/Screenshot_20250805_175812_WhatsApp-300x278.jpg","large":"https:\/\/diarioprincipios.com\/wp-content\/uploads\/2025\/08\/Screenshot_20250805_175812_WhatsApp-1024x948.jpg"},"ams_acf":[],"yoast_head":"<!-- This site is optimized with the Yoast SEO plugin v27.3 - https:\/\/yoast.com\/product\/yoast-seo-wordpress\/ -->\n<title>Se viene la Ceremonia de Premiaci\u00f3n de la Asociaci\u00f3n de V\u00f3ley - Principios<\/title>\n<meta name=\"robots\" content=\"index, follow, max-snippet:-1, max-image-preview:large, max-video-preview:-1\" \/>\n<link rel=\"canonical\" href=\"https:\/\/diarioprincipios.com\/index.php\/2025\/08\/05\/se-viene-la-ceremonia-de-premiacion-de-la-asociacion-de-voley\/\" \/>\n<meta property=\"og:locale\" content=\"es_ES\" \/>\n<meta property=\"og:type\" content=\"article\" \/>\n<meta property=\"og:title\" content=\"Se viene la Ceremonia de Premiaci\u00f3n de la Asociaci\u00f3n de V\u00f3ley - Principios\" \/>\n<meta property=\"og:description\" content=\"El pr\u00f3ximo domingo 10 de agosto desde las 15 horas, se realizar\u00e1 en las instalaciones del Instituto Belgrano, calle 151 entre 10 y 11, la Ceremonia de Premiaci\u00f3n del Torneo Apertura de la Asociaci\u00f3n de V\u00f3ley Capital Nacional del Vidrio.Decenas de equipos de Berazategui y toda la regi\u00f3n participar\u00e1n el domingo de este tradicional evento...\" \/>\n<meta property=\"og:url\" content=\"https:\/\/diarioprincipios.com\/index.php\/2025\/08\/05\/se-viene-la-ceremonia-de-premiacion-de-la-asociacion-de-voley\/\" \/>\n<meta property=\"og:site_name\" content=\"Principios\" \/>\n<meta property=\"article:published_time\" content=\"2025-08-05T21:07:04+00:00\" \/>\n<meta property=\"article:modified_time\" content=\"2025-08-05T21:07:05+00:00\" \/>\n<meta property=\"og:image\" content=\"https:\/\/diarioprincipios.com\/wp-content\/uploads\/2025\/08\/Screenshot_20250805_175812_WhatsApp.jpg\" \/>\n\t<meta property=\"og:image:width\" content=\"1078\" \/>\n\t<meta property=\"og:image:height\" content=\"998\" \/>\n\t<meta property=\"og:image:type\" content=\"image\/jpeg\" \/>\n<meta name=\"author\" content=\"Hern\u00e1n L\u00f3pez\" \/>\n<meta name=\"twitter:card\" content=\"summary_large_image\" \/>\n<meta name=\"twitter:label1\" content=\"Escrito por\" \/>\n\t<meta name=\"twitter:data1\" content=\"Hern\u00e1n L\u00f3pez\" \/>\n\t<meta name=\"twitter:label2\" content=\"Tiempo de lectura\" \/>\n\t<meta name=\"twitter:data2\" content=\"2 minutos\" \/>\n<script type=\"application\/ld+json\" class=\"yoast-schema-graph\">{\"@context\":\"https:\\\/\\\/schema.org\",\"@graph\":[{\"@type\":\"Article\",\"@id\":\"https:\\\/\\\/diarioprincipios.com\\\/index.php\\\/2025\\\/08\\\/05\\\/se-viene-la-ceremonia-de-premiacion-de-la-asociacion-de-voley\\\/#article\",\"isPartOf\":{\"@id\":\"https:\\\/\\\/diarioprincipios.com\\\/index.php\\\/2025\\\/08\\\/05\\\/se-viene-la-ceremonia-de-premiacion-de-la-asociacion-de-voley\\\/\"},\"author\":{\"name\":\"Hern\u00e1n L\u00f3pez\",\"@id\":\"https:\\\/\\\/diarioprincipios.com\\\/#\\\/schema\\\/person\\\/436d5a1fd41a5e250e23ff5a6a7cb080\"},\"headline\":\"Se viene la Ceremonia de Premiaci\u00f3n de la Asociaci\u00f3n de V\u00f3ley\",\"datePublished\":\"2025-08-05T21:07:04+00:00\",\"dateModified\":\"2025-08-05T21:07:05+00:00\",\"mainEntityOfPage\":{\"@id\":\"https:\\\/\\\/diarioprincipios.com\\\/index.php\\\/2025\\\/08\\\/05\\\/se-viene-la-ceremonia-de-premiacion-de-la-asociacion-de-voley\\\/\"},\"wordCount\":213,\"commentCount\":0,\"publisher\":{\"@id\":\"https:\\\/\\\/diarioprincipios.com\\\/#organization\"},\"image\":{\"@id\":\"https:\\\/\\\/diarioprincipios.com\\\/index.php\\\/2025\\\/08\\\/05\\\/se-viene-la-ceremonia-de-premiacion-de-la-asociacion-de-voley\\\/#primaryimage\"},\"thumbnailUrl\":\"https:\\\/\\\/diarioprincipios.com\\\/wp-content\\\/uploads\\\/2025\\\/08\\\/Screenshot_20250805_175812_WhatsApp.jpg\",\"articleSection\":[\"Deportes\"],\"inLanguage\":\"es\",\"potentialAction\":[{\"@type\":\"CommentAction\",\"name\":\"Comment\",\"target\":[\"https:\\\/\\\/diarioprincipios.com\\\/index.php\\\/2025\\\/08\\\/05\\\/se-viene-la-ceremonia-de-premiacion-de-la-asociacion-de-voley\\\/#respond\"]}]},{\"@type\":\"WebPage\",\"@id\":\"https:\\\/\\\/diarioprincipios.com\\\/index.php\\\/2025\\\/08\\\/05\\\/se-viene-la-ceremonia-de-premiacion-de-la-asociacion-de-voley\\\/\",\"url\":\"https:\\\/\\\/diarioprincipios.com\\\/index.php\\\/2025\\\/08\\\/05\\\/se-viene-la-ceremonia-de-premiacion-de-la-asociacion-de-voley\\\/\",\"name\":\"Se viene la Ceremonia de Premiaci\u00f3n de la Asociaci\u00f3n de V\u00f3ley - Principios\",\"isPartOf\":{\"@id\":\"https:\\\/\\\/diarioprincipios.com\\\/#website\"},\"primaryImageOfPage\":{\"@id\":\"https:\\\/\\\/diarioprincipios.com\\\/index.php\\\/2025\\\/08\\\/05\\\/se-viene-la-ceremonia-de-premiacion-de-la-asociacion-de-voley\\\/#primaryimage\"},\"image\":{\"@id\":\"https:\\\/\\\/diarioprincipios.com\\\/index.php\\\/2025\\\/08\\\/05\\\/se-viene-la-ceremonia-de-premiacion-de-la-asociacion-de-voley\\\/#primaryimage\"},\"thumbnailUrl\":\"https:\\\/\\\/diarioprincipios.com\\\/wp-content\\\/uploads\\\/2025\\\/08\\\/Screenshot_20250805_175812_WhatsApp.jpg\",\"datePublished\":\"2025-08-05T21:07:04+00:00\",\"dateModified\":\"2025-08-05T21:07:05+00:00\",\"breadcrumb\":{\"@id\":\"https:\\\/\\\/diarioprincipios.com\\\/index.php\\\/2025\\\/08\\\/05\\\/se-viene-la-ceremonia-de-premiacion-de-la-asociacion-de-voley\\\/#breadcrumb\"},\"inLanguage\":\"es\",\"potentialAction\":[{\"@type\":\"ReadAction\",\"target\":[\"https:\\\/\\\/diarioprincipios.com\\\/index.php\\\/2025\\\/08\\\/05\\\/se-viene-la-ceremonia-de-premiacion-de-la-asociacion-de-voley\\\/\"]}]},{\"@type\":\"ImageObject\",\"inLanguage\":\"es\",\"@id\":\"https:\\\/\\\/diarioprincipios.com\\\/index.php\\\/2025\\\/08\\\/05\\\/se-viene-la-ceremonia-de-premiacion-de-la-asociacion-de-voley\\\/#primaryimage\",\"url\":\"https:\\\/\\\/diarioprincipios.com\\\/wp-content\\\/uploads\\\/2025\\\/08\\\/Screenshot_20250805_175812_WhatsApp.jpg\",\"contentUrl\":\"https:\\\/\\\/diarioprincipios.com\\\/wp-content\\\/uploads\\\/2025\\\/08\\\/Screenshot_20250805_175812_WhatsApp.jpg\",\"width\":1078,\"height\":998},{\"@type\":\"BreadcrumbList\",\"@id\":\"https:\\\/\\\/diarioprincipios.com\\\/index.php\\\/2025\\\/08\\\/05\\\/se-viene-la-ceremonia-de-premiacion-de-la-asociacion-de-voley\\\/#breadcrumb\",\"itemListElement\":[{\"@type\":\"ListItem\",\"position\":1,\"name\":\"Portada\",\"item\":\"https:\\\/\\\/diarioprincipios.com\\\/\"},{\"@type\":\"ListItem\",\"position\":2,\"name\":\"Se viene la Ceremonia de Premiaci\u00f3n de la Asociaci\u00f3n de V\u00f3ley\"}]},{\"@type\":\"WebSite\",\"@id\":\"https:\\\/\\\/diarioprincipios.com\\\/#website\",\"url\":\"https:\\\/\\\/diarioprincipios.com\\\/\",\"name\":\"Principios\",\"description\":\"Principios Diario\",\"publisher\":{\"@id\":\"https:\\\/\\\/diarioprincipios.com\\\/#organization\"},\"potentialAction\":[{\"@type\":\"SearchAction\",\"target\":{\"@type\":\"EntryPoint\",\"urlTemplate\":\"https:\\\/\\\/diarioprincipios.com\\\/?s={search_term_string}\"},\"query-input\":{\"@type\":\"PropertyValueSpecification\",\"valueRequired\":true,\"valueName\":\"search_term_string\"}}],\"inLanguage\":\"es\"},{\"@type\":\"Organization\",\"@id\":\"https:\\\/\\\/diarioprincipios.com\\\/#organization\",\"name\":\"Principios\",\"url\":\"https:\\\/\\\/diarioprincipios.com\\\/\",\"logo\":{\"@type\":\"ImageObject\",\"inLanguage\":\"es\",\"@id\":\"https:\\\/\\\/diarioprincipios.com\\\/#\\\/schema\\\/logo\\\/image\\\/\",\"url\":\"https:\\\/\\\/diarioprincipios.com\\\/wp-content\\\/uploads\\\/2024\\\/04\\\/cropped-www.diarioprincipios.com_-1.png\",\"contentUrl\":\"https:\\\/\\\/diarioprincipios.com\\\/wp-content\\\/uploads\\\/2024\\\/04\\\/cropped-www.diarioprincipios.com_-1.png\",\"width\":5325,\"height\":1454,\"caption\":\"Principios\"},\"image\":{\"@id\":\"https:\\\/\\\/diarioprincipios.com\\\/#\\\/schema\\\/logo\\\/image\\\/\"}},{\"@type\":\"Person\",\"@id\":\"https:\\\/\\\/diarioprincipios.com\\\/#\\\/schema\\\/person\\\/436d5a1fd41a5e250e23ff5a6a7cb080\",\"name\":\"Hern\u00e1n L\u00f3pez\",\"image\":{\"@type\":\"ImageObject\",\"inLanguage\":\"es\",\"@id\":\"https:\\\/\\\/diarioprincipios.com\\\/wp-content\\\/litespeed\\\/avatar\\\/11ddfe5610ff3bd100522525b2571f48.jpg?ver=1777653193\",\"url\":\"https:\\\/\\\/diarioprincipios.com\\\/wp-content\\\/litespeed\\\/avatar\\\/11ddfe5610ff3bd100522525b2571f48.jpg?ver=1777653193\",\"contentUrl\":\"https:\\\/\\\/diarioprincipios.com\\\/wp-content\\\/litespeed\\\/avatar\\\/11ddfe5610ff3bd100522525b2571f48.jpg?ver=1777653193\",\"caption\":\"Hern\u00e1n L\u00f3pez\"},\"url\":\"https:\\\/\\\/diarioprincipios.com\\\/index.php\\\/author\\\/hernan\\\/\"}]}<\/script>\n<!-- \/ Yoast SEO plugin. -->","yoast_head_json":{"title":"Se viene la Ceremonia de Premiaci\u00f3n de la Asociaci\u00f3n de V\u00f3ley - Principios","robots":{"index":"index","follow":"follow","max-snippet":"max-snippet:-1","max-image-preview":"max-image-preview:large","max-video-preview":"max-video-preview:-1"},"canonical":"https:\/\/diarioprincipios.com\/index.php\/2025\/08\/05\/se-viene-la-ceremonia-de-premiacion-de-la-asociacion-de-voley\/","og_locale":"es_ES","og_type":"article","og_title":"Se viene la Ceremonia de Premiaci\u00f3n de la Asociaci\u00f3n de V\u00f3ley - Principios","og_description":"El pr\u00f3ximo domingo 10 de agosto desde las 15 horas, se realizar\u00e1 en las instalaciones del Instituto Belgrano, calle 151 entre 10 y 11, la Ceremonia de Premiaci\u00f3n del Torneo Apertura de la Asociaci\u00f3n de V\u00f3ley Capital Nacional del Vidrio.Decenas de equipos de Berazategui y toda la regi\u00f3n participar\u00e1n el domingo de este tradicional evento...","og_url":"https:\/\/diarioprincipios.com\/index.php\/2025\/08\/05\/se-viene-la-ceremonia-de-premiacion-de-la-asociacion-de-voley\/","og_site_name":"Principios","article_published_time":"2025-08-05T21:07:04+00:00","article_modified_time":"2025-08-05T21:07:05+00:00","og_image":[{"width":1078,"height":998,"url":"https:\/\/diarioprincipios.com\/wp-content\/uploads\/2025\/08\/Screenshot_20250805_175812_WhatsApp.jpg","type":"image\/jpeg"}],"author":"Hern\u00e1n L\u00f3pez","twitter_card":"summary_large_image","twitter_misc":{"Escrito por":"Hern\u00e1n L\u00f3pez","Tiempo de lectura":"2 minutos"},"schema":{"@context":"https:\/\/schema.org","@graph":[{"@type":"Article","@id":"https:\/\/diarioprincipios.com\/index.php\/2025\/08\/05\/se-viene-la-ceremonia-de-premiacion-de-la-asociacion-de-voley\/#article","isPartOf":{"@id":"https:\/\/diarioprincipios.com\/index.php\/2025\/08\/05\/se-viene-la-ceremonia-de-premiacion-de-la-asociacion-de-voley\/"},"author":{"name":"Hern\u00e1n L\u00f3pez","@id":"https:\/\/diarioprincipios.com\/#\/schema\/person\/436d5a1fd41a5e250e23ff5a6a7cb080"},"headline":"Se viene la Ceremonia de Premiaci\u00f3n de la Asociaci\u00f3n de V\u00f3ley","datePublished":"2025-08-05T21:07:04+00:00","dateModified":"2025-08-05T21:07:05+00:00","mainEntityOfPage":{"@id":"https:\/\/diarioprincipios.com\/index.php\/2025\/08\/05\/se-viene-la-ceremonia-de-premiacion-de-la-asociacion-de-voley\/"},"wordCount":213,"commentCount":0,"publisher":{"@id":"https:\/\/diarioprincipios.com\/#organization"},"image":{"@id":"https:\/\/diarioprincipios.com\/index.php\/2025\/08\/05\/se-viene-la-ceremonia-de-premiacion-de-la-asociacion-de-voley\/#primaryimage"},"thumbnailUrl":"https:\/\/diarioprincipios.com\/wp-content\/uploads\/2025\/08\/Screenshot_20250805_175812_WhatsApp.jpg","articleSection":["Deportes"],"inLanguage":"es","potentialAction":[{"@type":"CommentAction","name":"Comment","target":["https:\/\/diarioprincipios.com\/index.php\/2025\/08\/05\/se-viene-la-ceremonia-de-premiacion-de-la-asociacion-de-voley\/#respond"]}]},{"@type":"WebPage","@id":"https:\/\/diarioprincipios.com\/index.php\/2025\/08\/05\/se-viene-la-ceremonia-de-premiacion-de-la-asociacion-de-voley\/","url":"https:\/\/diarioprincipios.com\/index.php\/2025\/08\/05\/se-viene-la-ceremonia-de-premiacion-de-la-asociacion-de-voley\/","name":"Se viene la Ceremonia de Premiaci\u00f3n de la Asociaci\u00f3n de V\u00f3ley - Principios","isPartOf":{"@id":"https:\/\/diarioprincipios.com\/#website"},"primaryImageOfPage":{"@id":"https:\/\/diarioprincipios.com\/index.php\/2025\/08\/05\/se-viene-la-ceremonia-de-premiacion-de-la-asociacion-de-voley\/#primaryimage"},"image":{"@id":"https:\/\/diarioprincipios.com\/index.php\/2025\/08\/05\/se-viene-la-ceremonia-de-premiacion-de-la-asociacion-de-voley\/#primaryimage"},"thumbnailUrl":"https:\/\/diarioprincipios.com\/wp-content\/uploads\/2025\/08\/Screenshot_20250805_175812_WhatsApp.jpg","datePublished":"2025-08-05T21:07:04+00:00","dateModified":"2025-08-05T21:07:05+00:00","breadcrumb":{"@id":"https:\/\/diarioprincipios.com\/index.php\/2025\/08\/05\/se-viene-la-ceremonia-de-premiacion-de-la-asociacion-de-voley\/#breadcrumb"},"inLanguage":"es","potentialAction":[{"@type":"ReadAction","target":["https:\/\/diarioprincipios.com\/index.php\/2025\/08\/05\/se-viene-la-ceremonia-de-premiacion-de-la-asociacion-de-voley\/"]}]},{"@type":"ImageObject","inLanguage":"es","@id":"https:\/\/diarioprincipios.com\/index.php\/2025\/08\/05\/se-viene-la-ceremonia-de-premiacion-de-la-asociacion-de-voley\/#primaryimage","url":"https:\/\/diarioprincipios.com\/wp-content\/uploads\/2025\/08\/Screenshot_20250805_175812_WhatsApp.jpg","contentUrl":"https:\/\/diarioprincipios.com\/wp-content\/uploads\/2025\/08\/Screenshot_20250805_175812_WhatsApp.jpg","width":1078,"height":998},{"@type":"BreadcrumbList","@id":"https:\/\/diarioprincipios.com\/index.php\/2025\/08\/05\/se-viene-la-ceremonia-de-premiacion-de-la-asociacion-de-voley\/#breadcrumb","itemListElement":[{"@type":"ListItem","position":1,"name":"Portada","item":"https:\/\/diarioprincipios.com\/"},{"@type":"ListItem","position":2,"name":"Se viene la Ceremonia de Premiaci\u00f3n de la Asociaci\u00f3n de V\u00f3ley"}]},{"@type":"WebSite","@id":"https:\/\/diarioprincipios.com\/#website","url":"https:\/\/diarioprincipios.com\/","name":"Principios","description":"Principios Diario","publisher":{"@id":"https:\/\/diarioprincipios.com\/#organization"},"potentialAction":[{"@type":"SearchAction","target":{"@type":"EntryPoint","urlTemplate":"https:\/\/diarioprincipios.com\/?s={search_term_string}"},"query-input":{"@type":"PropertyValueSpecification","valueRequired":true,"valueName":"search_term_string"}}],"inLanguage":"es"},{"@type":"Organization","@id":"https:\/\/diarioprincipios.com\/#organization","name":"Principios","url":"https:\/\/diarioprincipios.com\/","logo":{"@type":"ImageObject","inLanguage":"es","@id":"https:\/\/diarioprincipios.com\/#\/schema\/logo\/image\/","url":"https:\/\/diarioprincipios.com\/wp-content\/uploads\/2024\/04\/cropped-www.diarioprincipios.com_-1.png","contentUrl":"https:\/\/diarioprincipios.com\/wp-content\/uploads\/2024\/04\/cropped-www.diarioprincipios.com_-1.png","width":5325,"height":1454,"caption":"Principios"},"image":{"@id":"https:\/\/diarioprincipios.com\/#\/schema\/logo\/image\/"}},{"@type":"Person","@id":"https:\/\/diarioprincipios.com\/#\/schema\/person\/436d5a1fd41a5e250e23ff5a6a7cb080","name":"Hern\u00e1n L\u00f3pez","image":{"@type":"ImageObject","inLanguage":"es","@id":"https:\/\/diarioprincipios.com\/wp-content\/litespeed\/avatar\/11ddfe5610ff3bd100522525b2571f48.jpg?ver=1777653193","url":"https:\/\/diarioprincipios.com\/wp-content\/litespeed\/avatar\/11ddfe5610ff3bd100522525b2571f48.jpg?ver=1777653193","contentUrl":"https:\/\/diarioprincipios.com\/wp-content\/litespeed\/avatar\/11ddfe5610ff3bd100522525b2571f48.jpg?ver=1777653193","caption":"Hern\u00e1n L\u00f3pez"},"url":"https:\/\/diarioprincipios.com\/index.php\/author\/hernan\/"}]}},"jetpack_featured_media_url":"https:\/\/diarioprincipios.com\/wp-content\/uploads\/2025\/08\/Screenshot_20250805_175812_WhatsApp.jpg","_links":{"self":[{"href":"https:\/\/diarioprincipios.com\/index.php\/wp-json\/wp\/v2\/posts\/25120","targetHints":{"allow":["GET"]}}],"collection":[{"href":"https:\/\/diarioprincipios.com\/index.php\/wp-json\/wp\/v2\/posts"}],"about":[{"href":"https:\/\/diarioprincipios.com\/index.php\/wp-json\/wp\/v2\/types\/post"}],"author":[{"embeddable":true,"href":"https:\/\/diarioprincipios.com\/index.php\/wp-json\/wp\/v2\/users\/2"}],"replies":[{"embeddable":true,"href":"https:\/\/diarioprincipios.com\/index.php\/wp-json\/wp\/v2\/comments?post=25120"}],"version-history":[{"count":1,"href":"https:\/\/diarioprincipios.com\/index.php\/wp-json\/wp\/v2\/posts\/25120\/revisions"}],"predecessor-version":[{"id":25122,"href":"https:\/\/diarioprincipios.com\/index.php\/wp-json\/wp\/v2\/posts\/25120\/revisions\/25122"}],"wp:featuredmedia":[{"embeddable":true,"href":"https:\/\/diarioprincipios.com\/index.php\/wp-json\/wp\/v2\/media\/25121"}],"wp:attachment":[{"href":"https:\/\/diarioprincipios.com\/index.php\/wp-json\/wp\/v2\/media?parent=25120"}],"wp:term":[{"taxonomy":"category","embeddable":true,"href":"https:\/\/diarioprincipios.com\/index.php\/wp-json\/wp\/v2\/categories?post=25120"},{"taxonomy":"post_tag","embeddable":true,"href":"https:\/\/diarioprincipios.com\/index.php\/wp-json\/wp\/v2\/tags?post=25120"}],"curies":[{"name":"wp","href":"https:\/\/api.w.org\/{rel}","templated":true}]}}