{"id":25100,"date":"2025-08-01T15:01:49","date_gmt":"2025-08-01T18:01:49","guid":{"rendered":"https:\/\/diarioprincipios.com\/?p=25100"},"modified":"2025-08-01T15:01:51","modified_gmt":"2025-08-01T18:01:51","slug":"demuelen-viviendas-de-las-familias-que-se-mudaron-al-complejo-habitacional-de-kennedy-norte","status":"publish","type":"post","link":"https:\/\/diarioprincipios.com\/index.php\/2025\/08\/01\/demuelen-viviendas-de-las-familias-que-se-mudaron-al-complejo-habitacional-de-kennedy-norte\/","title":{"rendered":"Demuelen viviendas de las familias que se mudaron al Complejo Habitacional de Kennedy Norte"},"content":{"rendered":"\n<p><strong>Las casas de las familias que viv\u00edan a la vera del arroyo Las Conchitas, y ya se mudaron al Complejo Habitacional del barrio Kennedy Norte, est\u00e1n siendo demolidas por el Municipio de Berazategui y all\u00ed se construir\u00e1 un parque p\u00fablico. La relocalizaci\u00f3n se realiz\u00f3 gracias a la entrega de 110 viviendas construidas por el Gobierno de la provincia de Buenos Aires, a cargo de Axel Kicillof; y gestionadas por el intendente, Juan Jos\u00e9 Mussi.<\/strong><\/p>\n\n\n\n<p>Al tratarse de una relocalizaci\u00f3n, el proyecto fue dise\u00f1ado en base a los datos relevados en los censos realizados previamente por el Municipio y la Provincia. Las casas cuentan con dos, tres y hasta cuatro habitaciones, y comenzar\u00e1n a ser abonadas por los vecinos y vecinas a partir de 2026, mediante un plan accesible en cuotas.<\/p>\n\n\n\n<figure class=\"wp-block-image size-large\"><img loading=\"lazy\" decoding=\"async\" width=\"1024\" height=\"683\" src=\"https:\/\/diarioprincipios.com\/wp-content\/uploads\/2025\/08\/20250730_Mudanza_Familias_Viviendas_Barrio_Kenedy_Norte_DS_08-1024x683.jpg\" alt=\"\" class=\"wp-image-25103\" srcset=\"https:\/\/diarioprincipios.com\/wp-content\/uploads\/2025\/08\/20250730_Mudanza_Familias_Viviendas_Barrio_Kenedy_Norte_DS_08-1024x683.jpg 1024w, https:\/\/diarioprincipios.com\/wp-content\/uploads\/2025\/08\/20250730_Mudanza_Familias_Viviendas_Barrio_Kenedy_Norte_DS_08-300x200.jpg 300w, https:\/\/diarioprincipios.com\/wp-content\/uploads\/2025\/08\/20250730_Mudanza_Familias_Viviendas_Barrio_Kenedy_Norte_DS_08-768x512.jpg 768w, https:\/\/diarioprincipios.com\/wp-content\/uploads\/2025\/08\/20250730_Mudanza_Familias_Viviendas_Barrio_Kenedy_Norte_DS_08-1536x1024.jpg 1536w, https:\/\/diarioprincipios.com\/wp-content\/uploads\/2025\/08\/20250730_Mudanza_Familias_Viviendas_Barrio_Kenedy_Norte_DS_08-600x400.jpg 600w, https:\/\/diarioprincipios.com\/wp-content\/uploads\/2025\/08\/20250730_Mudanza_Familias_Viviendas_Barrio_Kenedy_Norte_DS_08.jpg 1920w\" sizes=\"auto, (max-width: 1024px) 100vw, 1024px\" \/><\/figure>\n\n\n\n<p>Las nuevas casas fueron asignadas a familias que viv\u00edan a unos 150 metros del Complejo, en condiciones habitacionales precarias, a la vera del arroyo. Esta reubicaci\u00f3n permite liberar completamente la ribera, donde se proyecta la construcci\u00f3n de un parque p\u00fablico mediante el financiamiento del Gobierno bonaerense.<\/p>\n\n\n\n<p>La titular de la Agencia de Tierras y H\u00e1bitat municipal, Cecilia Rold\u00e1n, indic\u00f3: \u201cAvanzamos con la demolici\u00f3n de las antiguas casas donde vecinos y vecinas viv\u00edan en una condici\u00f3n muy vulnerable. All\u00ed, pr\u00f3ximamente, continuaremos urbanizando toda esta \u00e1rea, con la construcci\u00f3n de un espacio p\u00fablico\u201d.<\/p>\n\n\n\n<p>Estas viviendas forman parte de un proyecto de 300 unidades en total, distribuidas en 15 manzanas. En una segunda etapa, se entregar\u00e1n m\u00e1s casas a quienes ya fueron censados previamente por el Municipio y la Provincia.<\/p>\n","protected":false},"excerpt":{"rendered":"<p>Las casas de las familias que viv\u00edan a la vera del arroyo Las Conchitas, y ya se mudaron al Complejo Habitacional del barrio Kennedy Norte, est\u00e1n siendo demolidas por el Municipio de Berazategui y all\u00ed se construir\u00e1 un parque p\u00fablico. La relocalizaci\u00f3n se realiz\u00f3 gracias a la entrega de 110 viviendas construidas por el Gobierno&#8230;<\/p>\n","protected":false},"author":2,"featured_media":25102,"comment_status":"open","ping_status":"open","sticky":false,"template":"","format":"standard","meta":{"footnotes":""},"categories":[3],"tags":[],"class_list":["post-25100","post","type-post","status-publish","format-standard","has-post-thumbnail","hentry","category-berazategui"],"featured_image_src":"https:\/\/diarioprincipios.com\/wp-content\/uploads\/2025\/08\/20250728_Mudanzas_Viviendas_Kenedy_Norte_SR_34-1024x683.jpg","blog_images":{"medium":"https:\/\/diarioprincipios.com\/wp-content\/uploads\/2025\/08\/20250728_Mudanzas_Viviendas_Kenedy_Norte_SR_34-300x200.jpg","large":"https:\/\/diarioprincipios.com\/wp-content\/uploads\/2025\/08\/20250728_Mudanzas_Viviendas_Kenedy_Norte_SR_34-1024x683.jpg"},"ams_acf":[],"yoast_head":"<!-- This site is optimized with the Yoast SEO plugin v27.3 - https:\/\/yoast.com\/product\/yoast-seo-wordpress\/ -->\n<title>Demuelen viviendas de las familias que se mudaron al Complejo Habitacional de Kennedy Norte - Principios<\/title>\n<meta name=\"robots\" content=\"index, follow, max-snippet:-1, max-image-preview:large, max-video-preview:-1\" \/>\n<link rel=\"canonical\" href=\"https:\/\/diarioprincipios.com\/index.php\/2025\/08\/01\/demuelen-viviendas-de-las-familias-que-se-mudaron-al-complejo-habitacional-de-kennedy-norte\/\" \/>\n<meta property=\"og:locale\" content=\"es_ES\" \/>\n<meta property=\"og:type\" content=\"article\" \/>\n<meta property=\"og:title\" content=\"Demuelen viviendas de las familias que se mudaron al Complejo Habitacional de Kennedy Norte - Principios\" \/>\n<meta property=\"og:description\" content=\"Las casas de las familias que viv\u00edan a la vera del arroyo Las Conchitas, y ya se mudaron al Complejo Habitacional del barrio Kennedy Norte, est\u00e1n siendo demolidas por el Municipio de Berazategui y all\u00ed se construir\u00e1 un parque p\u00fablico. La relocalizaci\u00f3n se realiz\u00f3 gracias a la entrega de 110 viviendas construidas por el Gobierno...\" \/>\n<meta property=\"og:url\" content=\"https:\/\/diarioprincipios.com\/index.php\/2025\/08\/01\/demuelen-viviendas-de-las-familias-que-se-mudaron-al-complejo-habitacional-de-kennedy-norte\/\" \/>\n<meta property=\"og:site_name\" content=\"Principios\" \/>\n<meta property=\"article:published_time\" content=\"2025-08-01T18:01:49+00:00\" \/>\n<meta property=\"article:modified_time\" content=\"2025-08-01T18:01:51+00:00\" \/>\n<meta property=\"og:image\" content=\"https:\/\/diarioprincipios.com\/wp-content\/uploads\/2025\/08\/20250728_Mudanzas_Viviendas_Kenedy_Norte_SR_34.jpg\" \/>\n\t<meta property=\"og:image:width\" content=\"1920\" \/>\n\t<meta property=\"og:image:height\" content=\"1281\" \/>\n\t<meta property=\"og:image:type\" content=\"image\/jpeg\" \/>\n<meta name=\"author\" content=\"Hern\u00e1n L\u00f3pez\" \/>\n<meta name=\"twitter:card\" content=\"summary_large_image\" \/>\n<meta name=\"twitter:label1\" content=\"Escrito por\" \/>\n\t<meta name=\"twitter:data1\" content=\"Hern\u00e1n L\u00f3pez\" \/>\n\t<meta name=\"twitter:label2\" content=\"Tiempo de lectura\" \/>\n\t<meta name=\"twitter:data2\" content=\"2 minutos\" \/>\n<script type=\"application\/ld+json\" class=\"yoast-schema-graph\">{\"@context\":\"https:\\\/\\\/schema.org\",\"@graph\":[{\"@type\":\"Article\",\"@id\":\"https:\\\/\\\/diarioprincipios.com\\\/index.php\\\/2025\\\/08\\\/01\\\/demuelen-viviendas-de-las-familias-que-se-mudaron-al-complejo-habitacional-de-kennedy-norte\\\/#article\",\"isPartOf\":{\"@id\":\"https:\\\/\\\/diarioprincipios.com\\\/index.php\\\/2025\\\/08\\\/01\\\/demuelen-viviendas-de-las-familias-que-se-mudaron-al-complejo-habitacional-de-kennedy-norte\\\/\"},\"author\":{\"name\":\"Hern\u00e1n L\u00f3pez\",\"@id\":\"https:\\\/\\\/diarioprincipios.com\\\/#\\\/schema\\\/person\\\/436d5a1fd41a5e250e23ff5a6a7cb080\"},\"headline\":\"Demuelen viviendas de las familias que se mudaron al Complejo Habitacional de Kennedy Norte\",\"datePublished\":\"2025-08-01T18:01:49+00:00\",\"dateModified\":\"2025-08-01T18:01:51+00:00\",\"mainEntityOfPage\":{\"@id\":\"https:\\\/\\\/diarioprincipios.com\\\/index.php\\\/2025\\\/08\\\/01\\\/demuelen-viviendas-de-las-familias-que-se-mudaron-al-complejo-habitacional-de-kennedy-norte\\\/\"},\"wordCount\":287,\"commentCount\":0,\"publisher\":{\"@id\":\"https:\\\/\\\/diarioprincipios.com\\\/#organization\"},\"image\":{\"@id\":\"https:\\\/\\\/diarioprincipios.com\\\/index.php\\\/2025\\\/08\\\/01\\\/demuelen-viviendas-de-las-familias-que-se-mudaron-al-complejo-habitacional-de-kennedy-norte\\\/#primaryimage\"},\"thumbnailUrl\":\"https:\\\/\\\/diarioprincipios.com\\\/wp-content\\\/uploads\\\/2025\\\/08\\\/20250728_Mudanzas_Viviendas_Kenedy_Norte_SR_34.jpg\",\"articleSection\":[\"Berazategui\"],\"inLanguage\":\"es\",\"potentialAction\":[{\"@type\":\"CommentAction\",\"name\":\"Comment\",\"target\":[\"https:\\\/\\\/diarioprincipios.com\\\/index.php\\\/2025\\\/08\\\/01\\\/demuelen-viviendas-de-las-familias-que-se-mudaron-al-complejo-habitacional-de-kennedy-norte\\\/#respond\"]}]},{\"@type\":\"WebPage\",\"@id\":\"https:\\\/\\\/diarioprincipios.com\\\/index.php\\\/2025\\\/08\\\/01\\\/demuelen-viviendas-de-las-familias-que-se-mudaron-al-complejo-habitacional-de-kennedy-norte\\\/\",\"url\":\"https:\\\/\\\/diarioprincipios.com\\\/index.php\\\/2025\\\/08\\\/01\\\/demuelen-viviendas-de-las-familias-que-se-mudaron-al-complejo-habitacional-de-kennedy-norte\\\/\",\"name\":\"Demuelen viviendas de las familias que se mudaron al Complejo Habitacional de Kennedy Norte - Principios\",\"isPartOf\":{\"@id\":\"https:\\\/\\\/diarioprincipios.com\\\/#website\"},\"primaryImageOfPage\":{\"@id\":\"https:\\\/\\\/diarioprincipios.com\\\/index.php\\\/2025\\\/08\\\/01\\\/demuelen-viviendas-de-las-familias-que-se-mudaron-al-complejo-habitacional-de-kennedy-norte\\\/#primaryimage\"},\"image\":{\"@id\":\"https:\\\/\\\/diarioprincipios.com\\\/index.php\\\/2025\\\/08\\\/01\\\/demuelen-viviendas-de-las-familias-que-se-mudaron-al-complejo-habitacional-de-kennedy-norte\\\/#primaryimage\"},\"thumbnailUrl\":\"https:\\\/\\\/diarioprincipios.com\\\/wp-content\\\/uploads\\\/2025\\\/08\\\/20250728_Mudanzas_Viviendas_Kenedy_Norte_SR_34.jpg\",\"datePublished\":\"2025-08-01T18:01:49+00:00\",\"dateModified\":\"2025-08-01T18:01:51+00:00\",\"breadcrumb\":{\"@id\":\"https:\\\/\\\/diarioprincipios.com\\\/index.php\\\/2025\\\/08\\\/01\\\/demuelen-viviendas-de-las-familias-que-se-mudaron-al-complejo-habitacional-de-kennedy-norte\\\/#breadcrumb\"},\"inLanguage\":\"es\",\"potentialAction\":[{\"@type\":\"ReadAction\",\"target\":[\"https:\\\/\\\/diarioprincipios.com\\\/index.php\\\/2025\\\/08\\\/01\\\/demuelen-viviendas-de-las-familias-que-se-mudaron-al-complejo-habitacional-de-kennedy-norte\\\/\"]}]},{\"@type\":\"ImageObject\",\"inLanguage\":\"es\",\"@id\":\"https:\\\/\\\/diarioprincipios.com\\\/index.php\\\/2025\\\/08\\\/01\\\/demuelen-viviendas-de-las-familias-que-se-mudaron-al-complejo-habitacional-de-kennedy-norte\\\/#primaryimage\",\"url\":\"https:\\\/\\\/diarioprincipios.com\\\/wp-content\\\/uploads\\\/2025\\\/08\\\/20250728_Mudanzas_Viviendas_Kenedy_Norte_SR_34.jpg\",\"contentUrl\":\"https:\\\/\\\/diarioprincipios.com\\\/wp-content\\\/uploads\\\/2025\\\/08\\\/20250728_Mudanzas_Viviendas_Kenedy_Norte_SR_34.jpg\",\"width\":1920,\"height\":1281},{\"@type\":\"BreadcrumbList\",\"@id\":\"https:\\\/\\\/diarioprincipios.com\\\/index.php\\\/2025\\\/08\\\/01\\\/demuelen-viviendas-de-las-familias-que-se-mudaron-al-complejo-habitacional-de-kennedy-norte\\\/#breadcrumb\",\"itemListElement\":[{\"@type\":\"ListItem\",\"position\":1,\"name\":\"Portada\",\"item\":\"https:\\\/\\\/diarioprincipios.com\\\/\"},{\"@type\":\"ListItem\",\"position\":2,\"name\":\"Demuelen viviendas de las familias que se mudaron al Complejo Habitacional de Kennedy Norte\"}]},{\"@type\":\"WebSite\",\"@id\":\"https:\\\/\\\/diarioprincipios.com\\\/#website\",\"url\":\"https:\\\/\\\/diarioprincipios.com\\\/\",\"name\":\"Principios\",\"description\":\"Principios Diario\",\"publisher\":{\"@id\":\"https:\\\/\\\/diarioprincipios.com\\\/#organization\"},\"potentialAction\":[{\"@type\":\"SearchAction\",\"target\":{\"@type\":\"EntryPoint\",\"urlTemplate\":\"https:\\\/\\\/diarioprincipios.com\\\/?s={search_term_string}\"},\"query-input\":{\"@type\":\"PropertyValueSpecification\",\"valueRequired\":true,\"valueName\":\"search_term_string\"}}],\"inLanguage\":\"es\"},{\"@type\":\"Organization\",\"@id\":\"https:\\\/\\\/diarioprincipios.com\\\/#organization\",\"name\":\"Principios\",\"url\":\"https:\\\/\\\/diarioprincipios.com\\\/\",\"logo\":{\"@type\":\"ImageObject\",\"inLanguage\":\"es\",\"@id\":\"https:\\\/\\\/diarioprincipios.com\\\/#\\\/schema\\\/logo\\\/image\\\/\",\"url\":\"https:\\\/\\\/diarioprincipios.com\\\/wp-content\\\/uploads\\\/2024\\\/04\\\/cropped-www.diarioprincipios.com_-1.png\",\"contentUrl\":\"https:\\\/\\\/diarioprincipios.com\\\/wp-content\\\/uploads\\\/2024\\\/04\\\/cropped-www.diarioprincipios.com_-1.png\",\"width\":5325,\"height\":1454,\"caption\":\"Principios\"},\"image\":{\"@id\":\"https:\\\/\\\/diarioprincipios.com\\\/#\\\/schema\\\/logo\\\/image\\\/\"}},{\"@type\":\"Person\",\"@id\":\"https:\\\/\\\/diarioprincipios.com\\\/#\\\/schema\\\/person\\\/436d5a1fd41a5e250e23ff5a6a7cb080\",\"name\":\"Hern\u00e1n L\u00f3pez\",\"image\":{\"@type\":\"ImageObject\",\"inLanguage\":\"es\",\"@id\":\"https:\\\/\\\/diarioprincipios.com\\\/wp-content\\\/litespeed\\\/avatar\\\/11ddfe5610ff3bd100522525b2571f48.jpg?ver=1777653193\",\"url\":\"https:\\\/\\\/diarioprincipios.com\\\/wp-content\\\/litespeed\\\/avatar\\\/11ddfe5610ff3bd100522525b2571f48.jpg?ver=1777653193\",\"contentUrl\":\"https:\\\/\\\/diarioprincipios.com\\\/wp-content\\\/litespeed\\\/avatar\\\/11ddfe5610ff3bd100522525b2571f48.jpg?ver=1777653193\",\"caption\":\"Hern\u00e1n L\u00f3pez\"},\"url\":\"https:\\\/\\\/diarioprincipios.com\\\/index.php\\\/author\\\/hernan\\\/\"}]}<\/script>\n<!-- \/ Yoast SEO plugin. -->","yoast_head_json":{"title":"Demuelen viviendas de las familias que se mudaron al Complejo Habitacional de Kennedy Norte - Principios","robots":{"index":"index","follow":"follow","max-snippet":"max-snippet:-1","max-image-preview":"max-image-preview:large","max-video-preview":"max-video-preview:-1"},"canonical":"https:\/\/diarioprincipios.com\/index.php\/2025\/08\/01\/demuelen-viviendas-de-las-familias-que-se-mudaron-al-complejo-habitacional-de-kennedy-norte\/","og_locale":"es_ES","og_type":"article","og_title":"Demuelen viviendas de las familias que se mudaron al Complejo Habitacional de Kennedy Norte - Principios","og_description":"Las casas de las familias que viv\u00edan a la vera del arroyo Las Conchitas, y ya se mudaron al Complejo Habitacional del barrio Kennedy Norte, est\u00e1n siendo demolidas por el Municipio de Berazategui y all\u00ed se construir\u00e1 un parque p\u00fablico. La relocalizaci\u00f3n se realiz\u00f3 gracias a la entrega de 110 viviendas construidas por el Gobierno...","og_url":"https:\/\/diarioprincipios.com\/index.php\/2025\/08\/01\/demuelen-viviendas-de-las-familias-que-se-mudaron-al-complejo-habitacional-de-kennedy-norte\/","og_site_name":"Principios","article_published_time":"2025-08-01T18:01:49+00:00","article_modified_time":"2025-08-01T18:01:51+00:00","og_image":[{"width":1920,"height":1281,"url":"https:\/\/diarioprincipios.com\/wp-content\/uploads\/2025\/08\/20250728_Mudanzas_Viviendas_Kenedy_Norte_SR_34.jpg","type":"image\/jpeg"}],"author":"Hern\u00e1n L\u00f3pez","twitter_card":"summary_large_image","twitter_misc":{"Escrito por":"Hern\u00e1n L\u00f3pez","Tiempo de lectura":"2 minutos"},"schema":{"@context":"https:\/\/schema.org","@graph":[{"@type":"Article","@id":"https:\/\/diarioprincipios.com\/index.php\/2025\/08\/01\/demuelen-viviendas-de-las-familias-que-se-mudaron-al-complejo-habitacional-de-kennedy-norte\/#article","isPartOf":{"@id":"https:\/\/diarioprincipios.com\/index.php\/2025\/08\/01\/demuelen-viviendas-de-las-familias-que-se-mudaron-al-complejo-habitacional-de-kennedy-norte\/"},"author":{"name":"Hern\u00e1n L\u00f3pez","@id":"https:\/\/diarioprincipios.com\/#\/schema\/person\/436d5a1fd41a5e250e23ff5a6a7cb080"},"headline":"Demuelen viviendas de las familias que se mudaron al Complejo Habitacional de Kennedy Norte","datePublished":"2025-08-01T18:01:49+00:00","dateModified":"2025-08-01T18:01:51+00:00","mainEntityOfPage":{"@id":"https:\/\/diarioprincipios.com\/index.php\/2025\/08\/01\/demuelen-viviendas-de-las-familias-que-se-mudaron-al-complejo-habitacional-de-kennedy-norte\/"},"wordCount":287,"commentCount":0,"publisher":{"@id":"https:\/\/diarioprincipios.com\/#organization"},"image":{"@id":"https:\/\/diarioprincipios.com\/index.php\/2025\/08\/01\/demuelen-viviendas-de-las-familias-que-se-mudaron-al-complejo-habitacional-de-kennedy-norte\/#primaryimage"},"thumbnailUrl":"https:\/\/diarioprincipios.com\/wp-content\/uploads\/2025\/08\/20250728_Mudanzas_Viviendas_Kenedy_Norte_SR_34.jpg","articleSection":["Berazategui"],"inLanguage":"es","potentialAction":[{"@type":"CommentAction","name":"Comment","target":["https:\/\/diarioprincipios.com\/index.php\/2025\/08\/01\/demuelen-viviendas-de-las-familias-que-se-mudaron-al-complejo-habitacional-de-kennedy-norte\/#respond"]}]},{"@type":"WebPage","@id":"https:\/\/diarioprincipios.com\/index.php\/2025\/08\/01\/demuelen-viviendas-de-las-familias-que-se-mudaron-al-complejo-habitacional-de-kennedy-norte\/","url":"https:\/\/diarioprincipios.com\/index.php\/2025\/08\/01\/demuelen-viviendas-de-las-familias-que-se-mudaron-al-complejo-habitacional-de-kennedy-norte\/","name":"Demuelen viviendas de las familias que se mudaron al Complejo Habitacional de Kennedy Norte - Principios","isPartOf":{"@id":"https:\/\/diarioprincipios.com\/#website"},"primaryImageOfPage":{"@id":"https:\/\/diarioprincipios.com\/index.php\/2025\/08\/01\/demuelen-viviendas-de-las-familias-que-se-mudaron-al-complejo-habitacional-de-kennedy-norte\/#primaryimage"},"image":{"@id":"https:\/\/diarioprincipios.com\/index.php\/2025\/08\/01\/demuelen-viviendas-de-las-familias-que-se-mudaron-al-complejo-habitacional-de-kennedy-norte\/#primaryimage"},"thumbnailUrl":"https:\/\/diarioprincipios.com\/wp-content\/uploads\/2025\/08\/20250728_Mudanzas_Viviendas_Kenedy_Norte_SR_34.jpg","datePublished":"2025-08-01T18:01:49+00:00","dateModified":"2025-08-01T18:01:51+00:00","breadcrumb":{"@id":"https:\/\/diarioprincipios.com\/index.php\/2025\/08\/01\/demuelen-viviendas-de-las-familias-que-se-mudaron-al-complejo-habitacional-de-kennedy-norte\/#breadcrumb"},"inLanguage":"es","potentialAction":[{"@type":"ReadAction","target":["https:\/\/diarioprincipios.com\/index.php\/2025\/08\/01\/demuelen-viviendas-de-las-familias-que-se-mudaron-al-complejo-habitacional-de-kennedy-norte\/"]}]},{"@type":"ImageObject","inLanguage":"es","@id":"https:\/\/diarioprincipios.com\/index.php\/2025\/08\/01\/demuelen-viviendas-de-las-familias-que-se-mudaron-al-complejo-habitacional-de-kennedy-norte\/#primaryimage","url":"https:\/\/diarioprincipios.com\/wp-content\/uploads\/2025\/08\/20250728_Mudanzas_Viviendas_Kenedy_Norte_SR_34.jpg","contentUrl":"https:\/\/diarioprincipios.com\/wp-content\/uploads\/2025\/08\/20250728_Mudanzas_Viviendas_Kenedy_Norte_SR_34.jpg","width":1920,"height":1281},{"@type":"BreadcrumbList","@id":"https:\/\/diarioprincipios.com\/index.php\/2025\/08\/01\/demuelen-viviendas-de-las-familias-que-se-mudaron-al-complejo-habitacional-de-kennedy-norte\/#breadcrumb","itemListElement":[{"@type":"ListItem","position":1,"name":"Portada","item":"https:\/\/diarioprincipios.com\/"},{"@type":"ListItem","position":2,"name":"Demuelen viviendas de las familias que se mudaron al Complejo Habitacional de Kennedy Norte"}]},{"@type":"WebSite","@id":"https:\/\/diarioprincipios.com\/#website","url":"https:\/\/diarioprincipios.com\/","name":"Principios","description":"Principios Diario","publisher":{"@id":"https:\/\/diarioprincipios.com\/#organization"},"potentialAction":[{"@type":"SearchAction","target":{"@type":"EntryPoint","urlTemplate":"https:\/\/diarioprincipios.com\/?s={search_term_string}"},"query-input":{"@type":"PropertyValueSpecification","valueRequired":true,"valueName":"search_term_string"}}],"inLanguage":"es"},{"@type":"Organization","@id":"https:\/\/diarioprincipios.com\/#organization","name":"Principios","url":"https:\/\/diarioprincipios.com\/","logo":{"@type":"ImageObject","inLanguage":"es","@id":"https:\/\/diarioprincipios.com\/#\/schema\/logo\/image\/","url":"https:\/\/diarioprincipios.com\/wp-content\/uploads\/2024\/04\/cropped-www.diarioprincipios.com_-1.png","contentUrl":"https:\/\/diarioprincipios.com\/wp-content\/uploads\/2024\/04\/cropped-www.diarioprincipios.com_-1.png","width":5325,"height":1454,"caption":"Principios"},"image":{"@id":"https:\/\/diarioprincipios.com\/#\/schema\/logo\/image\/"}},{"@type":"Person","@id":"https:\/\/diarioprincipios.com\/#\/schema\/person\/436d5a1fd41a5e250e23ff5a6a7cb080","name":"Hern\u00e1n L\u00f3pez","image":{"@type":"ImageObject","inLanguage":"es","@id":"https:\/\/diarioprincipios.com\/wp-content\/litespeed\/avatar\/11ddfe5610ff3bd100522525b2571f48.jpg?ver=1777653193","url":"https:\/\/diarioprincipios.com\/wp-content\/litespeed\/avatar\/11ddfe5610ff3bd100522525b2571f48.jpg?ver=1777653193","contentUrl":"https:\/\/diarioprincipios.com\/wp-content\/litespeed\/avatar\/11ddfe5610ff3bd100522525b2571f48.jpg?ver=1777653193","caption":"Hern\u00e1n L\u00f3pez"},"url":"https:\/\/diarioprincipios.com\/index.php\/author\/hernan\/"}]}},"jetpack_featured_media_url":"https:\/\/diarioprincipios.com\/wp-content\/uploads\/2025\/08\/20250728_Mudanzas_Viviendas_Kenedy_Norte_SR_34.jpg","_links":{"self":[{"href":"https:\/\/diarioprincipios.com\/index.php\/wp-json\/wp\/v2\/posts\/25100","targetHints":{"allow":["GET"]}}],"collection":[{"href":"https:\/\/diarioprincipios.com\/index.php\/wp-json\/wp\/v2\/posts"}],"about":[{"href":"https:\/\/diarioprincipios.com\/index.php\/wp-json\/wp\/v2\/types\/post"}],"author":[{"embeddable":true,"href":"https:\/\/diarioprincipios.com\/index.php\/wp-json\/wp\/v2\/users\/2"}],"replies":[{"embeddable":true,"href":"https:\/\/diarioprincipios.com\/index.php\/wp-json\/wp\/v2\/comments?post=25100"}],"version-history":[{"count":1,"href":"https:\/\/diarioprincipios.com\/index.php\/wp-json\/wp\/v2\/posts\/25100\/revisions"}],"predecessor-version":[{"id":25104,"href":"https:\/\/diarioprincipios.com\/index.php\/wp-json\/wp\/v2\/posts\/25100\/revisions\/25104"}],"wp:featuredmedia":[{"embeddable":true,"href":"https:\/\/diarioprincipios.com\/index.php\/wp-json\/wp\/v2\/media\/25102"}],"wp:attachment":[{"href":"https:\/\/diarioprincipios.com\/index.php\/wp-json\/wp\/v2\/media?parent=25100"}],"wp:term":[{"taxonomy":"category","embeddable":true,"href":"https:\/\/diarioprincipios.com\/index.php\/wp-json\/wp\/v2\/categories?post=25100"},{"taxonomy":"post_tag","embeddable":true,"href":"https:\/\/diarioprincipios.com\/index.php\/wp-json\/wp\/v2\/tags?post=25100"}],"curies":[{"name":"wp","href":"https:\/\/api.w.org\/{rel}","templated":true}]}}