{"id":25092,"date":"2025-07-31T17:41:46","date_gmt":"2025-07-31T20:41:46","guid":{"rendered":"https:\/\/diarioprincipios.com\/?p=25092"},"modified":"2025-07-31T17:43:09","modified_gmt":"2025-07-31T20:43:09","slug":"hasta-el-3-de-agosto-sigue-el-ciclo-vacaciones-en-familia","status":"publish","type":"post","link":"https:\/\/diarioprincipios.com\/index.php\/2025\/07\/31\/hasta-el-3-de-agosto-sigue-el-ciclo-vacaciones-en-familia\/","title":{"rendered":"Hasta el 3 de agosto sigue el Ciclo Vacaciones en Familia"},"content":{"rendered":"\n<p>La Municipalidad de Berazategui sigue brindando una amplia propuesta gratuita para las vacaciones de invierno, hasta el domingo 3 de agosto. El Ciclo Vacaciones en Familia, impulsado por el intendente Juan Jos\u00e9 Mussi, incluye actividades recreativas, culturales y l\u00fadicas en diferentes espacios de la ciudad.<\/p>\n\n\n\n<p>Una de las \u00faltimas propuestas fue \u00abSomos vitralistas\u00bb: un taller de vitral colectivo donde ni\u00f1os, ni\u00f1as y adolescentes jugaron con la luz y el color, recreando las cl\u00e1sicas t\u00e9cnicas del arte vitral.<\/p>\n\n\n\n<p>Al respecto, Camila Bustamante, directora de los Museos de Berazategui, coment\u00f3: \u201cDisfrutamos de una actividad en el Museo Municipal del Vidrio, organizada por la Secretar\u00eda de Cultura y Educaci\u00f3n, donde las infancias realizaron vitrales. Esta propuesta se pens\u00f3 a partir de una muestra de Vitrales a la que est\u00e1n invitados y que estar\u00e1 abierta hasta el 3 de agosto en este espacio. Estamos muy contentos porque participaron muchas familias\u201d.<\/p>\n\n\n\n<figure class=\"wp-block-image size-large\"><img loading=\"lazy\" decoding=\"async\" width=\"1024\" height=\"683\" src=\"https:\/\/diarioprincipios.com\/wp-content\/uploads\/2025\/07\/20250730_Vacaciones_Familia_Taller_Somos_Viralistas_Museo_Municipal_Vidrio_JD_111-1024x683.jpg\" alt=\"\" class=\"wp-image-25093\" srcset=\"https:\/\/diarioprincipios.com\/wp-content\/uploads\/2025\/07\/20250730_Vacaciones_Familia_Taller_Somos_Viralistas_Museo_Municipal_Vidrio_JD_111-1024x683.jpg 1024w, https:\/\/diarioprincipios.com\/wp-content\/uploads\/2025\/07\/20250730_Vacaciones_Familia_Taller_Somos_Viralistas_Museo_Municipal_Vidrio_JD_111-300x200.jpg 300w, https:\/\/diarioprincipios.com\/wp-content\/uploads\/2025\/07\/20250730_Vacaciones_Familia_Taller_Somos_Viralistas_Museo_Municipal_Vidrio_JD_111-768x512.jpg 768w, https:\/\/diarioprincipios.com\/wp-content\/uploads\/2025\/07\/20250730_Vacaciones_Familia_Taller_Somos_Viralistas_Museo_Municipal_Vidrio_JD_111-1536x1024.jpg 1536w, https:\/\/diarioprincipios.com\/wp-content\/uploads\/2025\/07\/20250730_Vacaciones_Familia_Taller_Somos_Viralistas_Museo_Municipal_Vidrio_JD_111-600x400.jpg 600w, https:\/\/diarioprincipios.com\/wp-content\/uploads\/2025\/07\/20250730_Vacaciones_Familia_Taller_Somos_Viralistas_Museo_Municipal_Vidrio_JD_111.jpg 1920w\" sizes=\"auto, (max-width: 1024px) 100vw, 1024px\" \/><\/figure>\n\n\n\n<p>Asimismo, Norma Ybermaryer, quien asisti\u00f3 junto a sus hijos Luj\u00e1n y Le\u00f3n, expres\u00f3: \u201cFue una actividad divina. Agradezco al intendente Mussi y a la Municipalidad por esta propuesta, sobre todo, porque es gratuita y eso es muy importante. Seguimos disfrutando las vacaciones de invierno en Berazategui\u201d. Por su parte, Ramiro Lezcano, quien particip\u00f3 del taller, indic\u00f3: \u201cHicimos arte: un vitral. Vinieron muchos chicos y chicas. La pas\u00e9 muy bien, estoy muy contento. Me gusta el arte, especialmente dibujar\u201d.<\/p>\n\n\n\n<p>Para conocer el cronograma completo, se puede ingresar en berazategui.gob.ar\/vacacionesenfamilia.<\/p>\n","protected":false},"excerpt":{"rendered":"<p>La Municipalidad de Berazategui sigue brindando una amplia propuesta gratuita para las vacaciones de invierno, hasta el domingo 3 de agosto. El Ciclo Vacaciones en Familia, impulsado por el intendente Juan Jos\u00e9 Mussi, incluye actividades recreativas, culturales y l\u00fadicas en diferentes espacios de la ciudad. Una de las \u00faltimas propuestas fue \u00abSomos vitralistas\u00bb: un taller&#8230;<\/p>\n","protected":false},"author":2,"featured_media":25095,"comment_status":"open","ping_status":"open","sticky":false,"template":"","format":"standard","meta":{"footnotes":""},"categories":[3],"tags":[],"class_list":["post-25092","post","type-post","status-publish","format-standard","has-post-thumbnail","hentry","category-berazategui"],"featured_image_src":"https:\/\/diarioprincipios.com\/wp-content\/uploads\/2025\/07\/20250725_Shambala_Circo_CDM_Ducilo_JD_123-1024x683.jpg","blog_images":{"medium":"https:\/\/diarioprincipios.com\/wp-content\/uploads\/2025\/07\/20250725_Shambala_Circo_CDM_Ducilo_JD_123-300x200.jpg","large":"https:\/\/diarioprincipios.com\/wp-content\/uploads\/2025\/07\/20250725_Shambala_Circo_CDM_Ducilo_JD_123-1024x683.jpg"},"ams_acf":[],"yoast_head":"<!-- This site is optimized with the Yoast SEO plugin v27.3 - https:\/\/yoast.com\/product\/yoast-seo-wordpress\/ -->\n<title>Hasta el 3 de agosto sigue el Ciclo Vacaciones en Familia - Principios<\/title>\n<meta name=\"robots\" content=\"index, follow, max-snippet:-1, max-image-preview:large, max-video-preview:-1\" \/>\n<link rel=\"canonical\" href=\"https:\/\/diarioprincipios.com\/index.php\/2025\/07\/31\/hasta-el-3-de-agosto-sigue-el-ciclo-vacaciones-en-familia\/\" \/>\n<meta property=\"og:locale\" content=\"es_ES\" \/>\n<meta property=\"og:type\" content=\"article\" \/>\n<meta property=\"og:title\" content=\"Hasta el 3 de agosto sigue el Ciclo Vacaciones en Familia - Principios\" \/>\n<meta property=\"og:description\" content=\"La Municipalidad de Berazategui sigue brindando una amplia propuesta gratuita para las vacaciones de invierno, hasta el domingo 3 de agosto. El Ciclo Vacaciones en Familia, impulsado por el intendente Juan Jos\u00e9 Mussi, incluye actividades recreativas, culturales y l\u00fadicas en diferentes espacios de la ciudad. Una de las \u00faltimas propuestas fue \u00abSomos vitralistas\u00bb: un taller...\" \/>\n<meta property=\"og:url\" content=\"https:\/\/diarioprincipios.com\/index.php\/2025\/07\/31\/hasta-el-3-de-agosto-sigue-el-ciclo-vacaciones-en-familia\/\" \/>\n<meta property=\"og:site_name\" content=\"Principios\" \/>\n<meta property=\"article:published_time\" content=\"2025-07-31T20:41:46+00:00\" \/>\n<meta property=\"article:modified_time\" content=\"2025-07-31T20:43:09+00:00\" \/>\n<meta property=\"og:image\" content=\"https:\/\/diarioprincipios.com\/wp-content\/uploads\/2025\/07\/20250725_Shambala_Circo_CDM_Ducilo_JD_123.jpg\" \/>\n\t<meta property=\"og:image:width\" content=\"1920\" \/>\n\t<meta property=\"og:image:height\" content=\"1280\" \/>\n\t<meta property=\"og:image:type\" content=\"image\/jpeg\" \/>\n<meta name=\"author\" content=\"Hern\u00e1n L\u00f3pez\" \/>\n<meta name=\"twitter:card\" content=\"summary_large_image\" \/>\n<meta name=\"twitter:label1\" content=\"Escrito por\" \/>\n\t<meta name=\"twitter:data1\" content=\"Hern\u00e1n L\u00f3pez\" \/>\n\t<meta name=\"twitter:label2\" content=\"Tiempo de lectura\" \/>\n\t<meta name=\"twitter:data2\" content=\"2 minutos\" \/>\n<script type=\"application\/ld+json\" class=\"yoast-schema-graph\">{\"@context\":\"https:\\\/\\\/schema.org\",\"@graph\":[{\"@type\":\"Article\",\"@id\":\"https:\\\/\\\/diarioprincipios.com\\\/index.php\\\/2025\\\/07\\\/31\\\/hasta-el-3-de-agosto-sigue-el-ciclo-vacaciones-en-familia\\\/#article\",\"isPartOf\":{\"@id\":\"https:\\\/\\\/diarioprincipios.com\\\/index.php\\\/2025\\\/07\\\/31\\\/hasta-el-3-de-agosto-sigue-el-ciclo-vacaciones-en-familia\\\/\"},\"author\":{\"name\":\"Hern\u00e1n L\u00f3pez\",\"@id\":\"https:\\\/\\\/diarioprincipios.com\\\/#\\\/schema\\\/person\\\/436d5a1fd41a5e250e23ff5a6a7cb080\"},\"headline\":\"Hasta el 3 de agosto sigue el Ciclo Vacaciones en Familia\",\"datePublished\":\"2025-07-31T20:41:46+00:00\",\"dateModified\":\"2025-07-31T20:43:09+00:00\",\"mainEntityOfPage\":{\"@id\":\"https:\\\/\\\/diarioprincipios.com\\\/index.php\\\/2025\\\/07\\\/31\\\/hasta-el-3-de-agosto-sigue-el-ciclo-vacaciones-en-familia\\\/\"},\"wordCount\":255,\"commentCount\":0,\"publisher\":{\"@id\":\"https:\\\/\\\/diarioprincipios.com\\\/#organization\"},\"image\":{\"@id\":\"https:\\\/\\\/diarioprincipios.com\\\/index.php\\\/2025\\\/07\\\/31\\\/hasta-el-3-de-agosto-sigue-el-ciclo-vacaciones-en-familia\\\/#primaryimage\"},\"thumbnailUrl\":\"https:\\\/\\\/diarioprincipios.com\\\/wp-content\\\/uploads\\\/2025\\\/07\\\/20250725_Shambala_Circo_CDM_Ducilo_JD_123.jpg\",\"articleSection\":[\"Berazategui\"],\"inLanguage\":\"es\",\"potentialAction\":[{\"@type\":\"CommentAction\",\"name\":\"Comment\",\"target\":[\"https:\\\/\\\/diarioprincipios.com\\\/index.php\\\/2025\\\/07\\\/31\\\/hasta-el-3-de-agosto-sigue-el-ciclo-vacaciones-en-familia\\\/#respond\"]}]},{\"@type\":\"WebPage\",\"@id\":\"https:\\\/\\\/diarioprincipios.com\\\/index.php\\\/2025\\\/07\\\/31\\\/hasta-el-3-de-agosto-sigue-el-ciclo-vacaciones-en-familia\\\/\",\"url\":\"https:\\\/\\\/diarioprincipios.com\\\/index.php\\\/2025\\\/07\\\/31\\\/hasta-el-3-de-agosto-sigue-el-ciclo-vacaciones-en-familia\\\/\",\"name\":\"Hasta el 3 de agosto sigue el Ciclo Vacaciones en Familia - Principios\",\"isPartOf\":{\"@id\":\"https:\\\/\\\/diarioprincipios.com\\\/#website\"},\"primaryImageOfPage\":{\"@id\":\"https:\\\/\\\/diarioprincipios.com\\\/index.php\\\/2025\\\/07\\\/31\\\/hasta-el-3-de-agosto-sigue-el-ciclo-vacaciones-en-familia\\\/#primaryimage\"},\"image\":{\"@id\":\"https:\\\/\\\/diarioprincipios.com\\\/index.php\\\/2025\\\/07\\\/31\\\/hasta-el-3-de-agosto-sigue-el-ciclo-vacaciones-en-familia\\\/#primaryimage\"},\"thumbnailUrl\":\"https:\\\/\\\/diarioprincipios.com\\\/wp-content\\\/uploads\\\/2025\\\/07\\\/20250725_Shambala_Circo_CDM_Ducilo_JD_123.jpg\",\"datePublished\":\"2025-07-31T20:41:46+00:00\",\"dateModified\":\"2025-07-31T20:43:09+00:00\",\"breadcrumb\":{\"@id\":\"https:\\\/\\\/diarioprincipios.com\\\/index.php\\\/2025\\\/07\\\/31\\\/hasta-el-3-de-agosto-sigue-el-ciclo-vacaciones-en-familia\\\/#breadcrumb\"},\"inLanguage\":\"es\",\"potentialAction\":[{\"@type\":\"ReadAction\",\"target\":[\"https:\\\/\\\/diarioprincipios.com\\\/index.php\\\/2025\\\/07\\\/31\\\/hasta-el-3-de-agosto-sigue-el-ciclo-vacaciones-en-familia\\\/\"]}]},{\"@type\":\"ImageObject\",\"inLanguage\":\"es\",\"@id\":\"https:\\\/\\\/diarioprincipios.com\\\/index.php\\\/2025\\\/07\\\/31\\\/hasta-el-3-de-agosto-sigue-el-ciclo-vacaciones-en-familia\\\/#primaryimage\",\"url\":\"https:\\\/\\\/diarioprincipios.com\\\/wp-content\\\/uploads\\\/2025\\\/07\\\/20250725_Shambala_Circo_CDM_Ducilo_JD_123.jpg\",\"contentUrl\":\"https:\\\/\\\/diarioprincipios.com\\\/wp-content\\\/uploads\\\/2025\\\/07\\\/20250725_Shambala_Circo_CDM_Ducilo_JD_123.jpg\",\"width\":1920,\"height\":1280},{\"@type\":\"BreadcrumbList\",\"@id\":\"https:\\\/\\\/diarioprincipios.com\\\/index.php\\\/2025\\\/07\\\/31\\\/hasta-el-3-de-agosto-sigue-el-ciclo-vacaciones-en-familia\\\/#breadcrumb\",\"itemListElement\":[{\"@type\":\"ListItem\",\"position\":1,\"name\":\"Portada\",\"item\":\"https:\\\/\\\/diarioprincipios.com\\\/\"},{\"@type\":\"ListItem\",\"position\":2,\"name\":\"Hasta el 3 de agosto sigue el Ciclo Vacaciones en Familia\"}]},{\"@type\":\"WebSite\",\"@id\":\"https:\\\/\\\/diarioprincipios.com\\\/#website\",\"url\":\"https:\\\/\\\/diarioprincipios.com\\\/\",\"name\":\"Principios\",\"description\":\"Principios Diario\",\"publisher\":{\"@id\":\"https:\\\/\\\/diarioprincipios.com\\\/#organization\"},\"potentialAction\":[{\"@type\":\"SearchAction\",\"target\":{\"@type\":\"EntryPoint\",\"urlTemplate\":\"https:\\\/\\\/diarioprincipios.com\\\/?s={search_term_string}\"},\"query-input\":{\"@type\":\"PropertyValueSpecification\",\"valueRequired\":true,\"valueName\":\"search_term_string\"}}],\"inLanguage\":\"es\"},{\"@type\":\"Organization\",\"@id\":\"https:\\\/\\\/diarioprincipios.com\\\/#organization\",\"name\":\"Principios\",\"url\":\"https:\\\/\\\/diarioprincipios.com\\\/\",\"logo\":{\"@type\":\"ImageObject\",\"inLanguage\":\"es\",\"@id\":\"https:\\\/\\\/diarioprincipios.com\\\/#\\\/schema\\\/logo\\\/image\\\/\",\"url\":\"https:\\\/\\\/diarioprincipios.com\\\/wp-content\\\/uploads\\\/2024\\\/04\\\/cropped-www.diarioprincipios.com_-1.png\",\"contentUrl\":\"https:\\\/\\\/diarioprincipios.com\\\/wp-content\\\/uploads\\\/2024\\\/04\\\/cropped-www.diarioprincipios.com_-1.png\",\"width\":5325,\"height\":1454,\"caption\":\"Principios\"},\"image\":{\"@id\":\"https:\\\/\\\/diarioprincipios.com\\\/#\\\/schema\\\/logo\\\/image\\\/\"}},{\"@type\":\"Person\",\"@id\":\"https:\\\/\\\/diarioprincipios.com\\\/#\\\/schema\\\/person\\\/436d5a1fd41a5e250e23ff5a6a7cb080\",\"name\":\"Hern\u00e1n L\u00f3pez\",\"image\":{\"@type\":\"ImageObject\",\"inLanguage\":\"es\",\"@id\":\"https:\\\/\\\/diarioprincipios.com\\\/wp-content\\\/litespeed\\\/avatar\\\/11ddfe5610ff3bd100522525b2571f48.jpg?ver=1777653193\",\"url\":\"https:\\\/\\\/diarioprincipios.com\\\/wp-content\\\/litespeed\\\/avatar\\\/11ddfe5610ff3bd100522525b2571f48.jpg?ver=1777653193\",\"contentUrl\":\"https:\\\/\\\/diarioprincipios.com\\\/wp-content\\\/litespeed\\\/avatar\\\/11ddfe5610ff3bd100522525b2571f48.jpg?ver=1777653193\",\"caption\":\"Hern\u00e1n L\u00f3pez\"},\"url\":\"https:\\\/\\\/diarioprincipios.com\\\/index.php\\\/author\\\/hernan\\\/\"}]}<\/script>\n<!-- \/ Yoast SEO plugin. -->","yoast_head_json":{"title":"Hasta el 3 de agosto sigue el Ciclo Vacaciones en Familia - Principios","robots":{"index":"index","follow":"follow","max-snippet":"max-snippet:-1","max-image-preview":"max-image-preview:large","max-video-preview":"max-video-preview:-1"},"canonical":"https:\/\/diarioprincipios.com\/index.php\/2025\/07\/31\/hasta-el-3-de-agosto-sigue-el-ciclo-vacaciones-en-familia\/","og_locale":"es_ES","og_type":"article","og_title":"Hasta el 3 de agosto sigue el Ciclo Vacaciones en Familia - Principios","og_description":"La Municipalidad de Berazategui sigue brindando una amplia propuesta gratuita para las vacaciones de invierno, hasta el domingo 3 de agosto. El Ciclo Vacaciones en Familia, impulsado por el intendente Juan Jos\u00e9 Mussi, incluye actividades recreativas, culturales y l\u00fadicas en diferentes espacios de la ciudad. Una de las \u00faltimas propuestas fue \u00abSomos vitralistas\u00bb: un taller...","og_url":"https:\/\/diarioprincipios.com\/index.php\/2025\/07\/31\/hasta-el-3-de-agosto-sigue-el-ciclo-vacaciones-en-familia\/","og_site_name":"Principios","article_published_time":"2025-07-31T20:41:46+00:00","article_modified_time":"2025-07-31T20:43:09+00:00","og_image":[{"width":1920,"height":1280,"url":"https:\/\/diarioprincipios.com\/wp-content\/uploads\/2025\/07\/20250725_Shambala_Circo_CDM_Ducilo_JD_123.jpg","type":"image\/jpeg"}],"author":"Hern\u00e1n L\u00f3pez","twitter_card":"summary_large_image","twitter_misc":{"Escrito por":"Hern\u00e1n L\u00f3pez","Tiempo de lectura":"2 minutos"},"schema":{"@context":"https:\/\/schema.org","@graph":[{"@type":"Article","@id":"https:\/\/diarioprincipios.com\/index.php\/2025\/07\/31\/hasta-el-3-de-agosto-sigue-el-ciclo-vacaciones-en-familia\/#article","isPartOf":{"@id":"https:\/\/diarioprincipios.com\/index.php\/2025\/07\/31\/hasta-el-3-de-agosto-sigue-el-ciclo-vacaciones-en-familia\/"},"author":{"name":"Hern\u00e1n L\u00f3pez","@id":"https:\/\/diarioprincipios.com\/#\/schema\/person\/436d5a1fd41a5e250e23ff5a6a7cb080"},"headline":"Hasta el 3 de agosto sigue el Ciclo Vacaciones en Familia","datePublished":"2025-07-31T20:41:46+00:00","dateModified":"2025-07-31T20:43:09+00:00","mainEntityOfPage":{"@id":"https:\/\/diarioprincipios.com\/index.php\/2025\/07\/31\/hasta-el-3-de-agosto-sigue-el-ciclo-vacaciones-en-familia\/"},"wordCount":255,"commentCount":0,"publisher":{"@id":"https:\/\/diarioprincipios.com\/#organization"},"image":{"@id":"https:\/\/diarioprincipios.com\/index.php\/2025\/07\/31\/hasta-el-3-de-agosto-sigue-el-ciclo-vacaciones-en-familia\/#primaryimage"},"thumbnailUrl":"https:\/\/diarioprincipios.com\/wp-content\/uploads\/2025\/07\/20250725_Shambala_Circo_CDM_Ducilo_JD_123.jpg","articleSection":["Berazategui"],"inLanguage":"es","potentialAction":[{"@type":"CommentAction","name":"Comment","target":["https:\/\/diarioprincipios.com\/index.php\/2025\/07\/31\/hasta-el-3-de-agosto-sigue-el-ciclo-vacaciones-en-familia\/#respond"]}]},{"@type":"WebPage","@id":"https:\/\/diarioprincipios.com\/index.php\/2025\/07\/31\/hasta-el-3-de-agosto-sigue-el-ciclo-vacaciones-en-familia\/","url":"https:\/\/diarioprincipios.com\/index.php\/2025\/07\/31\/hasta-el-3-de-agosto-sigue-el-ciclo-vacaciones-en-familia\/","name":"Hasta el 3 de agosto sigue el Ciclo Vacaciones en Familia - Principios","isPartOf":{"@id":"https:\/\/diarioprincipios.com\/#website"},"primaryImageOfPage":{"@id":"https:\/\/diarioprincipios.com\/index.php\/2025\/07\/31\/hasta-el-3-de-agosto-sigue-el-ciclo-vacaciones-en-familia\/#primaryimage"},"image":{"@id":"https:\/\/diarioprincipios.com\/index.php\/2025\/07\/31\/hasta-el-3-de-agosto-sigue-el-ciclo-vacaciones-en-familia\/#primaryimage"},"thumbnailUrl":"https:\/\/diarioprincipios.com\/wp-content\/uploads\/2025\/07\/20250725_Shambala_Circo_CDM_Ducilo_JD_123.jpg","datePublished":"2025-07-31T20:41:46+00:00","dateModified":"2025-07-31T20:43:09+00:00","breadcrumb":{"@id":"https:\/\/diarioprincipios.com\/index.php\/2025\/07\/31\/hasta-el-3-de-agosto-sigue-el-ciclo-vacaciones-en-familia\/#breadcrumb"},"inLanguage":"es","potentialAction":[{"@type":"ReadAction","target":["https:\/\/diarioprincipios.com\/index.php\/2025\/07\/31\/hasta-el-3-de-agosto-sigue-el-ciclo-vacaciones-en-familia\/"]}]},{"@type":"ImageObject","inLanguage":"es","@id":"https:\/\/diarioprincipios.com\/index.php\/2025\/07\/31\/hasta-el-3-de-agosto-sigue-el-ciclo-vacaciones-en-familia\/#primaryimage","url":"https:\/\/diarioprincipios.com\/wp-content\/uploads\/2025\/07\/20250725_Shambala_Circo_CDM_Ducilo_JD_123.jpg","contentUrl":"https:\/\/diarioprincipios.com\/wp-content\/uploads\/2025\/07\/20250725_Shambala_Circo_CDM_Ducilo_JD_123.jpg","width":1920,"height":1280},{"@type":"BreadcrumbList","@id":"https:\/\/diarioprincipios.com\/index.php\/2025\/07\/31\/hasta-el-3-de-agosto-sigue-el-ciclo-vacaciones-en-familia\/#breadcrumb","itemListElement":[{"@type":"ListItem","position":1,"name":"Portada","item":"https:\/\/diarioprincipios.com\/"},{"@type":"ListItem","position":2,"name":"Hasta el 3 de agosto sigue el Ciclo Vacaciones en Familia"}]},{"@type":"WebSite","@id":"https:\/\/diarioprincipios.com\/#website","url":"https:\/\/diarioprincipios.com\/","name":"Principios","description":"Principios Diario","publisher":{"@id":"https:\/\/diarioprincipios.com\/#organization"},"potentialAction":[{"@type":"SearchAction","target":{"@type":"EntryPoint","urlTemplate":"https:\/\/diarioprincipios.com\/?s={search_term_string}"},"query-input":{"@type":"PropertyValueSpecification","valueRequired":true,"valueName":"search_term_string"}}],"inLanguage":"es"},{"@type":"Organization","@id":"https:\/\/diarioprincipios.com\/#organization","name":"Principios","url":"https:\/\/diarioprincipios.com\/","logo":{"@type":"ImageObject","inLanguage":"es","@id":"https:\/\/diarioprincipios.com\/#\/schema\/logo\/image\/","url":"https:\/\/diarioprincipios.com\/wp-content\/uploads\/2024\/04\/cropped-www.diarioprincipios.com_-1.png","contentUrl":"https:\/\/diarioprincipios.com\/wp-content\/uploads\/2024\/04\/cropped-www.diarioprincipios.com_-1.png","width":5325,"height":1454,"caption":"Principios"},"image":{"@id":"https:\/\/diarioprincipios.com\/#\/schema\/logo\/image\/"}},{"@type":"Person","@id":"https:\/\/diarioprincipios.com\/#\/schema\/person\/436d5a1fd41a5e250e23ff5a6a7cb080","name":"Hern\u00e1n L\u00f3pez","image":{"@type":"ImageObject","inLanguage":"es","@id":"https:\/\/diarioprincipios.com\/wp-content\/litespeed\/avatar\/11ddfe5610ff3bd100522525b2571f48.jpg?ver=1777653193","url":"https:\/\/diarioprincipios.com\/wp-content\/litespeed\/avatar\/11ddfe5610ff3bd100522525b2571f48.jpg?ver=1777653193","contentUrl":"https:\/\/diarioprincipios.com\/wp-content\/litespeed\/avatar\/11ddfe5610ff3bd100522525b2571f48.jpg?ver=1777653193","caption":"Hern\u00e1n L\u00f3pez"},"url":"https:\/\/diarioprincipios.com\/index.php\/author\/hernan\/"}]}},"jetpack_featured_media_url":"https:\/\/diarioprincipios.com\/wp-content\/uploads\/2025\/07\/20250725_Shambala_Circo_CDM_Ducilo_JD_123.jpg","_links":{"self":[{"href":"https:\/\/diarioprincipios.com\/index.php\/wp-json\/wp\/v2\/posts\/25092","targetHints":{"allow":["GET"]}}],"collection":[{"href":"https:\/\/diarioprincipios.com\/index.php\/wp-json\/wp\/v2\/posts"}],"about":[{"href":"https:\/\/diarioprincipios.com\/index.php\/wp-json\/wp\/v2\/types\/post"}],"author":[{"embeddable":true,"href":"https:\/\/diarioprincipios.com\/index.php\/wp-json\/wp\/v2\/users\/2"}],"replies":[{"embeddable":true,"href":"https:\/\/diarioprincipios.com\/index.php\/wp-json\/wp\/v2\/comments?post=25092"}],"version-history":[{"count":1,"href":"https:\/\/diarioprincipios.com\/index.php\/wp-json\/wp\/v2\/posts\/25092\/revisions"}],"predecessor-version":[{"id":25094,"href":"https:\/\/diarioprincipios.com\/index.php\/wp-json\/wp\/v2\/posts\/25092\/revisions\/25094"}],"wp:featuredmedia":[{"embeddable":true,"href":"https:\/\/diarioprincipios.com\/index.php\/wp-json\/wp\/v2\/media\/25095"}],"wp:attachment":[{"href":"https:\/\/diarioprincipios.com\/index.php\/wp-json\/wp\/v2\/media?parent=25092"}],"wp:term":[{"taxonomy":"category","embeddable":true,"href":"https:\/\/diarioprincipios.com\/index.php\/wp-json\/wp\/v2\/categories?post=25092"},{"taxonomy":"post_tag","embeddable":true,"href":"https:\/\/diarioprincipios.com\/index.php\/wp-json\/wp\/v2\/tags?post=25092"}],"curies":[{"name":"wp","href":"https:\/\/api.w.org\/{rel}","templated":true}]}}