{"id":2509,"date":"2020-06-04T17:00:17","date_gmt":"2020-06-04T20:00:17","guid":{"rendered":"http:\/\/diarioprincipios.com\/?p=2509"},"modified":"2020-06-04T17:00:21","modified_gmt":"2020-06-04T20:00:21","slug":"primer-ministro-dice-que-la-economia-de-italia-retrocedera-20-anos-por-el-coronavirus","status":"publish","type":"post","link":"https:\/\/diarioprincipios.com\/index.php\/2020\/06\/04\/primer-ministro-dice-que-la-economia-de-italia-retrocedera-20-anos-por-el-coronavirus\/","title":{"rendered":"Primer Ministro dice que la econom\u00eda de Italia retroceder\u00e1 20 a\u00f1os por el coronavirus"},"content":{"rendered":"\n<p>El primer ministro italiano, Giuseppe Conte, admiti\u00f3 hoy que el Producto Bruto Interno (PBI) de su pa\u00eds quedar\u00e1 \u00abcomo el del a\u00f1o 2000\u00bb por los devastadores efectos econ\u00f3micos de la pandemia de coronavirus.<\/p>\n\n\n\n<p>\u00abCon la llegada de esta crisis el PBI volver\u00e1 a los niveles del 2000. Tenemos el deber de, todos juntos, hacer un esfuerzo para recuperar los veinte a\u00f1os perdidos\u00bb, plante\u00f3 Conte.<\/p>\n\n\n\n<p>Las declaraciones de Conte se dan d\u00edas despu\u00e9s de que el titular del Banco Central italiano, Ignazio Visco, admitiera que el PBI del pa\u00eds puede llegar a contraerse entre un 9 y un 13% por la pandemia.<\/p>\n\n\n\n<p>En ese marco, al participar de un seminario sobre el futuro de Italia organizado por el diario Corriere della Sera, el premier reconoci\u00f3 que \u00aba la emergencia sanitaria se le sum\u00f3 inmediatamente una emergencia econ\u00f3mica de la que a\u00fan no estamos en condiciones de conocer hasta d\u00f3nde llegar\u00e1\u00bb.<\/p>\n\n\n\n<p>\u00abDebemos introducir una reforma fiscal org\u00e1nica\u00bb, a\u00f1adi\u00f3, en una apelaci\u00f3n a la b\u00fasqueda de salida de la crisis generada por la pandemia que, solo en abril, provoc\u00f3 la destrucci\u00f3n de m\u00e1s de 200.000 empleos, seg\u00fan las estad\u00edsticas oficiales.<\/p>\n\n\n\n<p>Italia inici\u00f3 una flexibilizaci\u00f3n de las medidas de aislamiento y permite, desde este mi\u00e9rcoles, los desplazamientos por todo el pa\u00eds.<\/p>\n\n\n\n<p>Conte destac\u00f3 hoy que para superar el coronavirus definitivamente ser\u00e1 fundamental encontrar una vacuna cuanto antes y ha apostado por alianzas internacionales que apuesten e inviertan en sanidad.<\/p>\n\n\n\n<p>\u00abEl coronavirus nos ha demostrado que las inversiones en vacunas para la salud mundial son esenciales no solo para salvar vidas y proteger a los m\u00e1s vulnerables, sino tambi\u00e9n para mantener la seguridad, la estabilidad y la prosperidad a nivel global\u00bb, manifest\u00f3 Conte.<\/p>\n\n\n\n<p>Protecci\u00f3n Civil inform\u00f3 hoy de una fuerte baja en la cantidad de contagios, con 177 nuevos casos en las \u00faltimas 24 horas, casi la mitad de los 321 registrados ayer.<\/p>\n\n\n\n<p>Como es constante desde el inicio de la difusi\u00f3n del coronavirus, tres regiones del norte, Lombard\u00eda, Emilia-Roma\u00f1a y Piamonte, concentraron hoy el 70% de los nuevos casos.<\/p>\n\n\n\n<p>Adem\u00e1s, nueve de las 21 regiones y provincias aut\u00f3nomas registraron cero nuevos contagios y solo cuatro tuvieron m\u00e1s de once infectados en las ultimas horas.<\/p>\n\n\n\n<p>Hoy, el departamento de urgencias de Codogno, una peque\u00f1a localidad de Lombard\u00eda, en el norte de Italia, abri\u00f3 tras 104 d\u00edas de aislamiento.<\/p>\n\n\n\n<p>El departamento, que integr\u00f3 lo que se llam\u00f3 la primera \u201czona roja\u201d en Italia, volvi\u00f3 a abrir con protocolos de seguridad, medici\u00f3n de temperatura para los pacientes que ingresen y controles para verificar si las mascarillas est\u00e1n bien colocadas en el rostro.<\/p>\n\n\n\n<p>Desde el 21 de febrero se contabilizan en el pa\u00eds 33.689 muertos, habi\u00e9ndose sumado 88 decesos en la \u00faltima jornada, y a 234.013, contando los enfermos, los muertos y los dados de alta.<\/p>\n","protected":false},"excerpt":{"rendered":"<p>El primer ministro italiano, Giuseppe Conte, admiti\u00f3 hoy que el Producto Bruto Interno (PBI) de su pa\u00eds quedar\u00e1 \u00abcomo el del a\u00f1o 2000\u00bb por los devastadores efectos econ\u00f3micos de la pandemia de coronavirus. \u00abCon la llegada de esta crisis el PBI volver\u00e1 a los niveles del 2000. Tenemos el deber de, todos juntos, hacer un&#8230;<\/p>\n","protected":false},"author":2,"featured_media":2510,"comment_status":"open","ping_status":"open","sticky":false,"template":"","format":"standard","meta":{"footnotes":""},"categories":[1],"tags":[],"class_list":["post-2509","post","type-post","status-publish","format-standard","has-post-thumbnail","hentry","category-uncategorized"],"featured_image_src":"https:\/\/diarioprincipios.com\/wp-content\/uploads\/2020\/06\/111140024_mediaitem111140021.jpg","blog_images":{"medium":"https:\/\/diarioprincipios.com\/wp-content\/uploads\/2020\/06\/111140024_mediaitem111140021-300x168.jpg","large":"https:\/\/diarioprincipios.com\/wp-content\/uploads\/2020\/06\/111140024_mediaitem111140021.jpg"},"ams_acf":[],"yoast_head":"<!-- This site is optimized with the Yoast SEO plugin v27.3 - https:\/\/yoast.com\/product\/yoast-seo-wordpress\/ -->\n<title>Primer Ministro dice que la econom\u00eda de Italia retroceder\u00e1 20 a\u00f1os por el coronavirus - Principios<\/title>\n<meta name=\"robots\" content=\"index, follow, max-snippet:-1, max-image-preview:large, max-video-preview:-1\" \/>\n<link rel=\"canonical\" href=\"https:\/\/diarioprincipios.com\/index.php\/2020\/06\/04\/primer-ministro-dice-que-la-economia-de-italia-retrocedera-20-anos-por-el-coronavirus\/\" \/>\n<meta property=\"og:locale\" content=\"es_ES\" \/>\n<meta property=\"og:type\" content=\"article\" \/>\n<meta property=\"og:title\" content=\"Primer Ministro dice que la econom\u00eda de Italia retroceder\u00e1 20 a\u00f1os por el coronavirus - Principios\" \/>\n<meta property=\"og:description\" content=\"El primer ministro italiano, Giuseppe Conte, admiti\u00f3 hoy que el Producto Bruto Interno (PBI) de su pa\u00eds quedar\u00e1 \u00abcomo el del a\u00f1o 2000\u00bb por los devastadores efectos econ\u00f3micos de la pandemia de coronavirus. \u00abCon la llegada de esta crisis el PBI volver\u00e1 a los niveles del 2000. Tenemos el deber de, todos juntos, hacer un...\" \/>\n<meta property=\"og:url\" content=\"https:\/\/diarioprincipios.com\/index.php\/2020\/06\/04\/primer-ministro-dice-que-la-economia-de-italia-retrocedera-20-anos-por-el-coronavirus\/\" \/>\n<meta property=\"og:site_name\" content=\"Principios\" \/>\n<meta property=\"article:published_time\" content=\"2020-06-04T20:00:17+00:00\" \/>\n<meta property=\"article:modified_time\" content=\"2020-06-04T20:00:21+00:00\" \/>\n<meta property=\"og:image\" content=\"https:\/\/diarioprincipios.com\/wp-content\/uploads\/2020\/06\/111140024_mediaitem111140021.jpg\" \/>\n\t<meta property=\"og:image:width\" content=\"410\" \/>\n\t<meta property=\"og:image:height\" content=\"230\" \/>\n\t<meta property=\"og:image:type\" content=\"image\/jpeg\" \/>\n<meta name=\"author\" content=\"Hern\u00e1n L\u00f3pez\" \/>\n<meta name=\"twitter:card\" content=\"summary_large_image\" \/>\n<meta name=\"twitter:label1\" content=\"Escrito por\" \/>\n\t<meta name=\"twitter:data1\" content=\"Hern\u00e1n L\u00f3pez\" \/>\n\t<meta name=\"twitter:label2\" content=\"Tiempo de lectura\" \/>\n\t<meta name=\"twitter:data2\" content=\"2 minutos\" \/>\n<script type=\"application\/ld+json\" class=\"yoast-schema-graph\">{\"@context\":\"https:\\\/\\\/schema.org\",\"@graph\":[{\"@type\":\"Article\",\"@id\":\"https:\\\/\\\/diarioprincipios.com\\\/index.php\\\/2020\\\/06\\\/04\\\/primer-ministro-dice-que-la-economia-de-italia-retrocedera-20-anos-por-el-coronavirus\\\/#article\",\"isPartOf\":{\"@id\":\"https:\\\/\\\/diarioprincipios.com\\\/index.php\\\/2020\\\/06\\\/04\\\/primer-ministro-dice-que-la-economia-de-italia-retrocedera-20-anos-por-el-coronavirus\\\/\"},\"author\":{\"name\":\"Hern\u00e1n L\u00f3pez\",\"@id\":\"https:\\\/\\\/diarioprincipios.com\\\/#\\\/schema\\\/person\\\/436d5a1fd41a5e250e23ff5a6a7cb080\"},\"headline\":\"Primer Ministro dice que la econom\u00eda de Italia retroceder\u00e1 20 a\u00f1os por el coronavirus\",\"datePublished\":\"2020-06-04T20:00:17+00:00\",\"dateModified\":\"2020-06-04T20:00:21+00:00\",\"mainEntityOfPage\":{\"@id\":\"https:\\\/\\\/diarioprincipios.com\\\/index.php\\\/2020\\\/06\\\/04\\\/primer-ministro-dice-que-la-economia-de-italia-retrocedera-20-anos-por-el-coronavirus\\\/\"},\"wordCount\":495,\"commentCount\":0,\"publisher\":{\"@id\":\"https:\\\/\\\/diarioprincipios.com\\\/#organization\"},\"image\":{\"@id\":\"https:\\\/\\\/diarioprincipios.com\\\/index.php\\\/2020\\\/06\\\/04\\\/primer-ministro-dice-que-la-economia-de-italia-retrocedera-20-anos-por-el-coronavirus\\\/#primaryimage\"},\"thumbnailUrl\":\"https:\\\/\\\/diarioprincipios.com\\\/wp-content\\\/uploads\\\/2020\\\/06\\\/111140024_mediaitem111140021.jpg\",\"articleSection\":[\"Uncategorized\"],\"inLanguage\":\"es\",\"potentialAction\":[{\"@type\":\"CommentAction\",\"name\":\"Comment\",\"target\":[\"https:\\\/\\\/diarioprincipios.com\\\/index.php\\\/2020\\\/06\\\/04\\\/primer-ministro-dice-que-la-economia-de-italia-retrocedera-20-anos-por-el-coronavirus\\\/#respond\"]}]},{\"@type\":\"WebPage\",\"@id\":\"https:\\\/\\\/diarioprincipios.com\\\/index.php\\\/2020\\\/06\\\/04\\\/primer-ministro-dice-que-la-economia-de-italia-retrocedera-20-anos-por-el-coronavirus\\\/\",\"url\":\"https:\\\/\\\/diarioprincipios.com\\\/index.php\\\/2020\\\/06\\\/04\\\/primer-ministro-dice-que-la-economia-de-italia-retrocedera-20-anos-por-el-coronavirus\\\/\",\"name\":\"Primer Ministro dice que la econom\u00eda de Italia retroceder\u00e1 20 a\u00f1os por el coronavirus - Principios\",\"isPartOf\":{\"@id\":\"https:\\\/\\\/diarioprincipios.com\\\/#website\"},\"primaryImageOfPage\":{\"@id\":\"https:\\\/\\\/diarioprincipios.com\\\/index.php\\\/2020\\\/06\\\/04\\\/primer-ministro-dice-que-la-economia-de-italia-retrocedera-20-anos-por-el-coronavirus\\\/#primaryimage\"},\"image\":{\"@id\":\"https:\\\/\\\/diarioprincipios.com\\\/index.php\\\/2020\\\/06\\\/04\\\/primer-ministro-dice-que-la-economia-de-italia-retrocedera-20-anos-por-el-coronavirus\\\/#primaryimage\"},\"thumbnailUrl\":\"https:\\\/\\\/diarioprincipios.com\\\/wp-content\\\/uploads\\\/2020\\\/06\\\/111140024_mediaitem111140021.jpg\",\"datePublished\":\"2020-06-04T20:00:17+00:00\",\"dateModified\":\"2020-06-04T20:00:21+00:00\",\"breadcrumb\":{\"@id\":\"https:\\\/\\\/diarioprincipios.com\\\/index.php\\\/2020\\\/06\\\/04\\\/primer-ministro-dice-que-la-economia-de-italia-retrocedera-20-anos-por-el-coronavirus\\\/#breadcrumb\"},\"inLanguage\":\"es\",\"potentialAction\":[{\"@type\":\"ReadAction\",\"target\":[\"https:\\\/\\\/diarioprincipios.com\\\/index.php\\\/2020\\\/06\\\/04\\\/primer-ministro-dice-que-la-economia-de-italia-retrocedera-20-anos-por-el-coronavirus\\\/\"]}]},{\"@type\":\"ImageObject\",\"inLanguage\":\"es\",\"@id\":\"https:\\\/\\\/diarioprincipios.com\\\/index.php\\\/2020\\\/06\\\/04\\\/primer-ministro-dice-que-la-economia-de-italia-retrocedera-20-anos-por-el-coronavirus\\\/#primaryimage\",\"url\":\"https:\\\/\\\/diarioprincipios.com\\\/wp-content\\\/uploads\\\/2020\\\/06\\\/111140024_mediaitem111140021.jpg\",\"contentUrl\":\"https:\\\/\\\/diarioprincipios.com\\\/wp-content\\\/uploads\\\/2020\\\/06\\\/111140024_mediaitem111140021.jpg\",\"width\":410,\"height\":230},{\"@type\":\"BreadcrumbList\",\"@id\":\"https:\\\/\\\/diarioprincipios.com\\\/index.php\\\/2020\\\/06\\\/04\\\/primer-ministro-dice-que-la-economia-de-italia-retrocedera-20-anos-por-el-coronavirus\\\/#breadcrumb\",\"itemListElement\":[{\"@type\":\"ListItem\",\"position\":1,\"name\":\"Portada\",\"item\":\"https:\\\/\\\/diarioprincipios.com\\\/\"},{\"@type\":\"ListItem\",\"position\":2,\"name\":\"Primer Ministro dice que la econom\u00eda de Italia retroceder\u00e1 20 a\u00f1os por el coronavirus\"}]},{\"@type\":\"WebSite\",\"@id\":\"https:\\\/\\\/diarioprincipios.com\\\/#website\",\"url\":\"https:\\\/\\\/diarioprincipios.com\\\/\",\"name\":\"Principios\",\"description\":\"Principios Diario\",\"publisher\":{\"@id\":\"https:\\\/\\\/diarioprincipios.com\\\/#organization\"},\"potentialAction\":[{\"@type\":\"SearchAction\",\"target\":{\"@type\":\"EntryPoint\",\"urlTemplate\":\"https:\\\/\\\/diarioprincipios.com\\\/?s={search_term_string}\"},\"query-input\":{\"@type\":\"PropertyValueSpecification\",\"valueRequired\":true,\"valueName\":\"search_term_string\"}}],\"inLanguage\":\"es\"},{\"@type\":\"Organization\",\"@id\":\"https:\\\/\\\/diarioprincipios.com\\\/#organization\",\"name\":\"Principios\",\"url\":\"https:\\\/\\\/diarioprincipios.com\\\/\",\"logo\":{\"@type\":\"ImageObject\",\"inLanguage\":\"es\",\"@id\":\"https:\\\/\\\/diarioprincipios.com\\\/#\\\/schema\\\/logo\\\/image\\\/\",\"url\":\"https:\\\/\\\/diarioprincipios.com\\\/wp-content\\\/uploads\\\/2024\\\/04\\\/cropped-www.diarioprincipios.com_-1.png\",\"contentUrl\":\"https:\\\/\\\/diarioprincipios.com\\\/wp-content\\\/uploads\\\/2024\\\/04\\\/cropped-www.diarioprincipios.com_-1.png\",\"width\":5325,\"height\":1454,\"caption\":\"Principios\"},\"image\":{\"@id\":\"https:\\\/\\\/diarioprincipios.com\\\/#\\\/schema\\\/logo\\\/image\\\/\"}},{\"@type\":\"Person\",\"@id\":\"https:\\\/\\\/diarioprincipios.com\\\/#\\\/schema\\\/person\\\/436d5a1fd41a5e250e23ff5a6a7cb080\",\"name\":\"Hern\u00e1n L\u00f3pez\",\"image\":{\"@type\":\"ImageObject\",\"inLanguage\":\"es\",\"@id\":\"https:\\\/\\\/diarioprincipios.com\\\/wp-content\\\/litespeed\\\/avatar\\\/11ddfe5610ff3bd100522525b2571f48.jpg?ver=1777048341\",\"url\":\"https:\\\/\\\/diarioprincipios.com\\\/wp-content\\\/litespeed\\\/avatar\\\/11ddfe5610ff3bd100522525b2571f48.jpg?ver=1777048341\",\"contentUrl\":\"https:\\\/\\\/diarioprincipios.com\\\/wp-content\\\/litespeed\\\/avatar\\\/11ddfe5610ff3bd100522525b2571f48.jpg?ver=1777048341\",\"caption\":\"Hern\u00e1n L\u00f3pez\"},\"url\":\"https:\\\/\\\/diarioprincipios.com\\\/index.php\\\/author\\\/hernan\\\/\"}]}<\/script>\n<!-- \/ Yoast SEO plugin. -->","yoast_head_json":{"title":"Primer Ministro dice que la econom\u00eda de Italia retroceder\u00e1 20 a\u00f1os por el coronavirus - Principios","robots":{"index":"index","follow":"follow","max-snippet":"max-snippet:-1","max-image-preview":"max-image-preview:large","max-video-preview":"max-video-preview:-1"},"canonical":"https:\/\/diarioprincipios.com\/index.php\/2020\/06\/04\/primer-ministro-dice-que-la-economia-de-italia-retrocedera-20-anos-por-el-coronavirus\/","og_locale":"es_ES","og_type":"article","og_title":"Primer Ministro dice que la econom\u00eda de Italia retroceder\u00e1 20 a\u00f1os por el coronavirus - Principios","og_description":"El primer ministro italiano, Giuseppe Conte, admiti\u00f3 hoy que el Producto Bruto Interno (PBI) de su pa\u00eds quedar\u00e1 \u00abcomo el del a\u00f1o 2000\u00bb por los devastadores efectos econ\u00f3micos de la pandemia de coronavirus. \u00abCon la llegada de esta crisis el PBI volver\u00e1 a los niveles del 2000. Tenemos el deber de, todos juntos, hacer un...","og_url":"https:\/\/diarioprincipios.com\/index.php\/2020\/06\/04\/primer-ministro-dice-que-la-economia-de-italia-retrocedera-20-anos-por-el-coronavirus\/","og_site_name":"Principios","article_published_time":"2020-06-04T20:00:17+00:00","article_modified_time":"2020-06-04T20:00:21+00:00","og_image":[{"width":410,"height":230,"url":"https:\/\/diarioprincipios.com\/wp-content\/uploads\/2020\/06\/111140024_mediaitem111140021.jpg","type":"image\/jpeg"}],"author":"Hern\u00e1n L\u00f3pez","twitter_card":"summary_large_image","twitter_misc":{"Escrito por":"Hern\u00e1n L\u00f3pez","Tiempo de lectura":"2 minutos"},"schema":{"@context":"https:\/\/schema.org","@graph":[{"@type":"Article","@id":"https:\/\/diarioprincipios.com\/index.php\/2020\/06\/04\/primer-ministro-dice-que-la-economia-de-italia-retrocedera-20-anos-por-el-coronavirus\/#article","isPartOf":{"@id":"https:\/\/diarioprincipios.com\/index.php\/2020\/06\/04\/primer-ministro-dice-que-la-economia-de-italia-retrocedera-20-anos-por-el-coronavirus\/"},"author":{"name":"Hern\u00e1n L\u00f3pez","@id":"https:\/\/diarioprincipios.com\/#\/schema\/person\/436d5a1fd41a5e250e23ff5a6a7cb080"},"headline":"Primer Ministro dice que la econom\u00eda de Italia retroceder\u00e1 20 a\u00f1os por el coronavirus","datePublished":"2020-06-04T20:00:17+00:00","dateModified":"2020-06-04T20:00:21+00:00","mainEntityOfPage":{"@id":"https:\/\/diarioprincipios.com\/index.php\/2020\/06\/04\/primer-ministro-dice-que-la-economia-de-italia-retrocedera-20-anos-por-el-coronavirus\/"},"wordCount":495,"commentCount":0,"publisher":{"@id":"https:\/\/diarioprincipios.com\/#organization"},"image":{"@id":"https:\/\/diarioprincipios.com\/index.php\/2020\/06\/04\/primer-ministro-dice-que-la-economia-de-italia-retrocedera-20-anos-por-el-coronavirus\/#primaryimage"},"thumbnailUrl":"https:\/\/diarioprincipios.com\/wp-content\/uploads\/2020\/06\/111140024_mediaitem111140021.jpg","articleSection":["Uncategorized"],"inLanguage":"es","potentialAction":[{"@type":"CommentAction","name":"Comment","target":["https:\/\/diarioprincipios.com\/index.php\/2020\/06\/04\/primer-ministro-dice-que-la-economia-de-italia-retrocedera-20-anos-por-el-coronavirus\/#respond"]}]},{"@type":"WebPage","@id":"https:\/\/diarioprincipios.com\/index.php\/2020\/06\/04\/primer-ministro-dice-que-la-economia-de-italia-retrocedera-20-anos-por-el-coronavirus\/","url":"https:\/\/diarioprincipios.com\/index.php\/2020\/06\/04\/primer-ministro-dice-que-la-economia-de-italia-retrocedera-20-anos-por-el-coronavirus\/","name":"Primer Ministro dice que la econom\u00eda de Italia retroceder\u00e1 20 a\u00f1os por el coronavirus - Principios","isPartOf":{"@id":"https:\/\/diarioprincipios.com\/#website"},"primaryImageOfPage":{"@id":"https:\/\/diarioprincipios.com\/index.php\/2020\/06\/04\/primer-ministro-dice-que-la-economia-de-italia-retrocedera-20-anos-por-el-coronavirus\/#primaryimage"},"image":{"@id":"https:\/\/diarioprincipios.com\/index.php\/2020\/06\/04\/primer-ministro-dice-que-la-economia-de-italia-retrocedera-20-anos-por-el-coronavirus\/#primaryimage"},"thumbnailUrl":"https:\/\/diarioprincipios.com\/wp-content\/uploads\/2020\/06\/111140024_mediaitem111140021.jpg","datePublished":"2020-06-04T20:00:17+00:00","dateModified":"2020-06-04T20:00:21+00:00","breadcrumb":{"@id":"https:\/\/diarioprincipios.com\/index.php\/2020\/06\/04\/primer-ministro-dice-que-la-economia-de-italia-retrocedera-20-anos-por-el-coronavirus\/#breadcrumb"},"inLanguage":"es","potentialAction":[{"@type":"ReadAction","target":["https:\/\/diarioprincipios.com\/index.php\/2020\/06\/04\/primer-ministro-dice-que-la-economia-de-italia-retrocedera-20-anos-por-el-coronavirus\/"]}]},{"@type":"ImageObject","inLanguage":"es","@id":"https:\/\/diarioprincipios.com\/index.php\/2020\/06\/04\/primer-ministro-dice-que-la-economia-de-italia-retrocedera-20-anos-por-el-coronavirus\/#primaryimage","url":"https:\/\/diarioprincipios.com\/wp-content\/uploads\/2020\/06\/111140024_mediaitem111140021.jpg","contentUrl":"https:\/\/diarioprincipios.com\/wp-content\/uploads\/2020\/06\/111140024_mediaitem111140021.jpg","width":410,"height":230},{"@type":"BreadcrumbList","@id":"https:\/\/diarioprincipios.com\/index.php\/2020\/06\/04\/primer-ministro-dice-que-la-economia-de-italia-retrocedera-20-anos-por-el-coronavirus\/#breadcrumb","itemListElement":[{"@type":"ListItem","position":1,"name":"Portada","item":"https:\/\/diarioprincipios.com\/"},{"@type":"ListItem","position":2,"name":"Primer Ministro dice que la econom\u00eda de Italia retroceder\u00e1 20 a\u00f1os por el coronavirus"}]},{"@type":"WebSite","@id":"https:\/\/diarioprincipios.com\/#website","url":"https:\/\/diarioprincipios.com\/","name":"Principios","description":"Principios Diario","publisher":{"@id":"https:\/\/diarioprincipios.com\/#organization"},"potentialAction":[{"@type":"SearchAction","target":{"@type":"EntryPoint","urlTemplate":"https:\/\/diarioprincipios.com\/?s={search_term_string}"},"query-input":{"@type":"PropertyValueSpecification","valueRequired":true,"valueName":"search_term_string"}}],"inLanguage":"es"},{"@type":"Organization","@id":"https:\/\/diarioprincipios.com\/#organization","name":"Principios","url":"https:\/\/diarioprincipios.com\/","logo":{"@type":"ImageObject","inLanguage":"es","@id":"https:\/\/diarioprincipios.com\/#\/schema\/logo\/image\/","url":"https:\/\/diarioprincipios.com\/wp-content\/uploads\/2024\/04\/cropped-www.diarioprincipios.com_-1.png","contentUrl":"https:\/\/diarioprincipios.com\/wp-content\/uploads\/2024\/04\/cropped-www.diarioprincipios.com_-1.png","width":5325,"height":1454,"caption":"Principios"},"image":{"@id":"https:\/\/diarioprincipios.com\/#\/schema\/logo\/image\/"}},{"@type":"Person","@id":"https:\/\/diarioprincipios.com\/#\/schema\/person\/436d5a1fd41a5e250e23ff5a6a7cb080","name":"Hern\u00e1n L\u00f3pez","image":{"@type":"ImageObject","inLanguage":"es","@id":"https:\/\/diarioprincipios.com\/wp-content\/litespeed\/avatar\/11ddfe5610ff3bd100522525b2571f48.jpg?ver=1777048341","url":"https:\/\/diarioprincipios.com\/wp-content\/litespeed\/avatar\/11ddfe5610ff3bd100522525b2571f48.jpg?ver=1777048341","contentUrl":"https:\/\/diarioprincipios.com\/wp-content\/litespeed\/avatar\/11ddfe5610ff3bd100522525b2571f48.jpg?ver=1777048341","caption":"Hern\u00e1n L\u00f3pez"},"url":"https:\/\/diarioprincipios.com\/index.php\/author\/hernan\/"}]}},"jetpack_featured_media_url":"https:\/\/diarioprincipios.com\/wp-content\/uploads\/2020\/06\/111140024_mediaitem111140021.jpg","_links":{"self":[{"href":"https:\/\/diarioprincipios.com\/index.php\/wp-json\/wp\/v2\/posts\/2509","targetHints":{"allow":["GET"]}}],"collection":[{"href":"https:\/\/diarioprincipios.com\/index.php\/wp-json\/wp\/v2\/posts"}],"about":[{"href":"https:\/\/diarioprincipios.com\/index.php\/wp-json\/wp\/v2\/types\/post"}],"author":[{"embeddable":true,"href":"https:\/\/diarioprincipios.com\/index.php\/wp-json\/wp\/v2\/users\/2"}],"replies":[{"embeddable":true,"href":"https:\/\/diarioprincipios.com\/index.php\/wp-json\/wp\/v2\/comments?post=2509"}],"version-history":[{"count":1,"href":"https:\/\/diarioprincipios.com\/index.php\/wp-json\/wp\/v2\/posts\/2509\/revisions"}],"predecessor-version":[{"id":2511,"href":"https:\/\/diarioprincipios.com\/index.php\/wp-json\/wp\/v2\/posts\/2509\/revisions\/2511"}],"wp:featuredmedia":[{"embeddable":true,"href":"https:\/\/diarioprincipios.com\/index.php\/wp-json\/wp\/v2\/media\/2510"}],"wp:attachment":[{"href":"https:\/\/diarioprincipios.com\/index.php\/wp-json\/wp\/v2\/media?parent=2509"}],"wp:term":[{"taxonomy":"category","embeddable":true,"href":"https:\/\/diarioprincipios.com\/index.php\/wp-json\/wp\/v2\/categories?post=2509"},{"taxonomy":"post_tag","embeddable":true,"href":"https:\/\/diarioprincipios.com\/index.php\/wp-json\/wp\/v2\/tags?post=2509"}],"curies":[{"name":"wp","href":"https:\/\/api.w.org\/{rel}","templated":true}]}}