{"id":25078,"date":"2025-07-30T11:18:53","date_gmt":"2025-07-30T14:18:53","guid":{"rendered":"https:\/\/diarioprincipios.com\/?p=25078"},"modified":"2025-07-30T11:18:54","modified_gmt":"2025-07-30T14:18:54","slug":"en-berazategui-las-vacaciones-de-invierno-se-disfrutan-en-familia","status":"publish","type":"post","link":"https:\/\/diarioprincipios.com\/index.php\/2025\/07\/30\/en-berazategui-las-vacaciones-de-invierno-se-disfrutan-en-familia\/","title":{"rendered":"En Berazategui, las vacaciones de invierno se disfrutan en familia"},"content":{"rendered":"\n<p><strong>El Municipio puso en marcha su tradicional agenda de actividades para las vacaciones de invierno. Impulsadas por el intendente Juan Jos\u00e9 Mussi, los vecinos y vecinas pueden acceder a muchas propuestas recreativas, culturales y l\u00fadicas en diferentes espacios de la ciudad, a trav\u00e9s de las jornadas gratuitas de \u201cVacaciones en familia\u201d.<\/strong><\/p>\n\n\n\n<p>Organizada por la Secretar\u00eda de Cultura y Educaci\u00f3n, esta iniciativa se convirti\u00f3 en una de las m\u00e1s esperadas del a\u00f1o, tanto por la comunidad local como por visitantes de la regi\u00f3n. En esta edici\u00f3n se ofrecen espect\u00e1culos y actividades art\u00edsticas, abiertas y gratuitas para todos los gustos y edades, en los barrios y Complejos Culturales municipales de Berazategui.<\/p>\n\n\n\n<figure class=\"wp-block-image size-large\"><img loading=\"lazy\" decoding=\"async\" width=\"819\" height=\"1024\" src=\"https:\/\/diarioprincipios.com\/wp-content\/uploads\/2025\/07\/En-Berazategui-las-vacaciones-de-invierno-se-disfrutan-en-familia_4-1-819x1024.jpeg\" alt=\"\" class=\"wp-image-25081\" srcset=\"https:\/\/diarioprincipios.com\/wp-content\/uploads\/2025\/07\/En-Berazategui-las-vacaciones-de-invierno-se-disfrutan-en-familia_4-1-819x1024.jpeg 819w, https:\/\/diarioprincipios.com\/wp-content\/uploads\/2025\/07\/En-Berazategui-las-vacaciones-de-invierno-se-disfrutan-en-familia_4-1-240x300.jpeg 240w, https:\/\/diarioprincipios.com\/wp-content\/uploads\/2025\/07\/En-Berazategui-las-vacaciones-de-invierno-se-disfrutan-en-familia_4-1-768x960.jpeg 768w, https:\/\/diarioprincipios.com\/wp-content\/uploads\/2025\/07\/En-Berazategui-las-vacaciones-de-invierno-se-disfrutan-en-familia_4-1-1229x1536.jpeg 1229w, https:\/\/diarioprincipios.com\/wp-content\/uploads\/2025\/07\/En-Berazategui-las-vacaciones-de-invierno-se-disfrutan-en-familia_4-1.jpeg 1280w\" sizes=\"auto, (max-width: 819px) 100vw, 819px\" \/><\/figure>\n\n\n\n<p>El cronograma de los pr\u00f3ximos eventos es el siguiente:<\/p>\n\n\n\n<p>-Mi\u00e9rcoles 30\/07<\/p>\n\n\n\n<p>A las 16.00. Somos vitralistas: taller de vitral colectivo. Jugamos con la luz y el color, recreando las cl\u00e1sicas t\u00e9cnicas del arte vitral. Museo Municipal del Vidrio (Calle 149 y 23).<\/p>\n\n\n\n<p>A las 16.00. Cine. Se proyectar\u00e1 \u201cMoana 2\u201d (ATP &#8211; Castellano). Entrada anticipada gratuita. Complejo Cultural Municipal La Humanitaria (Lisandro de la Torre y 52, Hudson).<\/p>\n\n\n\n<p>-Jueves 31\/07<\/p>\n\n\n\n<p>A las 15.00 &#8211; Cultura Colectiva \u00abChapa chow\u201d. Show de circo y humor, a cargo de la Compa\u00f1\u00eda \u201cChapa, Chispita y Cart\u00f3n\u201d. Sociedad de Fomento El Zorzal (Calle 25 e\/ 107 y 108 A, barrio Santo Tom\u00e1s).<\/p>\n\n\n\n<p>A las 16.00. Cine. Se proyectar\u00e1 \u201cMufasa: El Rey Le\u00f3n\u201d (ATP &#8211; Castellano). Entrada anticipada gratuita. Complejo Cultural Municipal La Humanitaria (Lisandro de la Torre y 52, Hudson).<\/p>\n\n\n\n<figure class=\"wp-block-image size-large\"><img loading=\"lazy\" decoding=\"async\" width=\"1024\" height=\"683\" src=\"https:\/\/diarioprincipios.com\/wp-content\/uploads\/2025\/07\/En-Berazategui-las-vacaciones-de-invierno-se-disfrutan-en-familia_1-1-1024x683.jpg\" alt=\"\" class=\"wp-image-25082\" srcset=\"https:\/\/diarioprincipios.com\/wp-content\/uploads\/2025\/07\/En-Berazategui-las-vacaciones-de-invierno-se-disfrutan-en-familia_1-1-1024x683.jpg 1024w, https:\/\/diarioprincipios.com\/wp-content\/uploads\/2025\/07\/En-Berazategui-las-vacaciones-de-invierno-se-disfrutan-en-familia_1-1-300x200.jpg 300w, https:\/\/diarioprincipios.com\/wp-content\/uploads\/2025\/07\/En-Berazategui-las-vacaciones-de-invierno-se-disfrutan-en-familia_1-1-768x512.jpg 768w, https:\/\/diarioprincipios.com\/wp-content\/uploads\/2025\/07\/En-Berazategui-las-vacaciones-de-invierno-se-disfrutan-en-familia_1-1-1536x1024.jpg 1536w, https:\/\/diarioprincipios.com\/wp-content\/uploads\/2025\/07\/En-Berazategui-las-vacaciones-de-invierno-se-disfrutan-en-familia_1-1-600x400.jpg 600w, https:\/\/diarioprincipios.com\/wp-content\/uploads\/2025\/07\/En-Berazategui-las-vacaciones-de-invierno-se-disfrutan-en-familia_1-1.jpg 1920w\" sizes=\"auto, (max-width: 1024px) 100vw, 1024px\" \/><\/figure>\n\n\n\n<p>Asimismo, la Subsecretar\u00eda de Juventudes municipal contin\u00faa organizando tardes de Cine en los Barrios, con la proyecci\u00f3n de Lilo y Stitch 2. Stitch en Corto Circuito, con entrada libre y gratuita. Las pr\u00f3ximas jornadas son:<\/p>\n\n\n\n<p>-Mi\u00e9rcoles 30\/07: Sociedad de Fomento Gente de Trabajo (Calle 119 e\/ 17 A y 18 A), 1\u00b0 funci\u00f3n a las 15.30 y 2\u00b0 funci\u00f3n a las 17.30.<\/p>\n\n\n\n<p>-Jueves 31\/07: Sociedad de Fomento Comandante Ramos (Calle 18 e\/ 129 y 129 A), \u00fanica funci\u00f3n a las 17.00.<\/p>\n\n\n\n<p>Para conocer la agenda completa, se puede ingresar en&nbsp;<a rel=\"noreferrer noopener\" target=\"_blank\" href=\"http:\/\/berazategui.gob.ar\/vacacionesenfamilia\">berazategui.gob.ar\/vacacionesenfamilia<\/a>.<\/p>\n","protected":false},"excerpt":{"rendered":"<p>El Municipio puso en marcha su tradicional agenda de actividades para las vacaciones de invierno. Impulsadas por el intendente Juan Jos\u00e9 Mussi, los vecinos y vecinas pueden acceder a muchas propuestas recreativas, culturales y l\u00fadicas en diferentes espacios de la ciudad, a trav\u00e9s de las jornadas gratuitas de \u201cVacaciones en familia\u201d. Organizada por la Secretar\u00eda&#8230;<\/p>\n","protected":false},"author":2,"featured_media":25083,"comment_status":"open","ping_status":"open","sticky":false,"template":"","format":"standard","meta":{"footnotes":""},"categories":[3],"tags":[],"class_list":["post-25078","post","type-post","status-publish","format-standard","has-post-thumbnail","hentry","category-berazategui"],"featured_image_src":"https:\/\/diarioprincipios.com\/wp-content\/uploads\/2025\/07\/En-Berazategui-las-vacaciones-de-invierno-se-disfrutan-en-familia_3-1024x768.jpg","blog_images":{"medium":"https:\/\/diarioprincipios.com\/wp-content\/uploads\/2025\/07\/En-Berazategui-las-vacaciones-de-invierno-se-disfrutan-en-familia_3-300x225.jpg","large":"https:\/\/diarioprincipios.com\/wp-content\/uploads\/2025\/07\/En-Berazategui-las-vacaciones-de-invierno-se-disfrutan-en-familia_3-1024x768.jpg"},"ams_acf":[],"yoast_head":"<!-- This site is optimized with the Yoast SEO plugin v27.3 - https:\/\/yoast.com\/product\/yoast-seo-wordpress\/ -->\n<title>En Berazategui, las vacaciones de invierno se disfrutan en familia - Principios<\/title>\n<meta name=\"robots\" content=\"index, follow, max-snippet:-1, max-image-preview:large, max-video-preview:-1\" \/>\n<link rel=\"canonical\" href=\"https:\/\/diarioprincipios.com\/index.php\/2025\/07\/30\/en-berazategui-las-vacaciones-de-invierno-se-disfrutan-en-familia\/\" \/>\n<meta property=\"og:locale\" content=\"es_ES\" \/>\n<meta property=\"og:type\" content=\"article\" \/>\n<meta property=\"og:title\" content=\"En Berazategui, las vacaciones de invierno se disfrutan en familia - Principios\" \/>\n<meta property=\"og:description\" content=\"El Municipio puso en marcha su tradicional agenda de actividades para las vacaciones de invierno. Impulsadas por el intendente Juan Jos\u00e9 Mussi, los vecinos y vecinas pueden acceder a muchas propuestas recreativas, culturales y l\u00fadicas en diferentes espacios de la ciudad, a trav\u00e9s de las jornadas gratuitas de \u201cVacaciones en familia\u201d. Organizada por la Secretar\u00eda...\" \/>\n<meta property=\"og:url\" content=\"https:\/\/diarioprincipios.com\/index.php\/2025\/07\/30\/en-berazategui-las-vacaciones-de-invierno-se-disfrutan-en-familia\/\" \/>\n<meta property=\"og:site_name\" content=\"Principios\" \/>\n<meta property=\"article:published_time\" content=\"2025-07-30T14:18:53+00:00\" \/>\n<meta property=\"article:modified_time\" content=\"2025-07-30T14:18:54+00:00\" \/>\n<meta property=\"og:image\" content=\"https:\/\/diarioprincipios.com\/wp-content\/uploads\/2025\/07\/En-Berazategui-las-vacaciones-de-invierno-se-disfrutan-en-familia_3.jpg\" \/>\n\t<meta property=\"og:image:width\" content=\"1920\" \/>\n\t<meta property=\"og:image:height\" content=\"1440\" \/>\n\t<meta property=\"og:image:type\" content=\"image\/jpeg\" \/>\n<meta name=\"author\" content=\"Hern\u00e1n L\u00f3pez\" \/>\n<meta name=\"twitter:card\" content=\"summary_large_image\" \/>\n<meta name=\"twitter:label1\" content=\"Escrito por\" \/>\n\t<meta name=\"twitter:data1\" content=\"Hern\u00e1n L\u00f3pez\" \/>\n\t<meta name=\"twitter:label2\" content=\"Tiempo de lectura\" \/>\n\t<meta name=\"twitter:data2\" content=\"3 minutos\" \/>\n<script type=\"application\/ld+json\" class=\"yoast-schema-graph\">{\"@context\":\"https:\\\/\\\/schema.org\",\"@graph\":[{\"@type\":\"Article\",\"@id\":\"https:\\\/\\\/diarioprincipios.com\\\/index.php\\\/2025\\\/07\\\/30\\\/en-berazategui-las-vacaciones-de-invierno-se-disfrutan-en-familia\\\/#article\",\"isPartOf\":{\"@id\":\"https:\\\/\\\/diarioprincipios.com\\\/index.php\\\/2025\\\/07\\\/30\\\/en-berazategui-las-vacaciones-de-invierno-se-disfrutan-en-familia\\\/\"},\"author\":{\"name\":\"Hern\u00e1n L\u00f3pez\",\"@id\":\"https:\\\/\\\/diarioprincipios.com\\\/#\\\/schema\\\/person\\\/436d5a1fd41a5e250e23ff5a6a7cb080\"},\"headline\":\"En Berazategui, las vacaciones de invierno se disfrutan en familia\",\"datePublished\":\"2025-07-30T14:18:53+00:00\",\"dateModified\":\"2025-07-30T14:18:54+00:00\",\"mainEntityOfPage\":{\"@id\":\"https:\\\/\\\/diarioprincipios.com\\\/index.php\\\/2025\\\/07\\\/30\\\/en-berazategui-las-vacaciones-de-invierno-se-disfrutan-en-familia\\\/\"},\"wordCount\":347,\"commentCount\":0,\"publisher\":{\"@id\":\"https:\\\/\\\/diarioprincipios.com\\\/#organization\"},\"image\":{\"@id\":\"https:\\\/\\\/diarioprincipios.com\\\/index.php\\\/2025\\\/07\\\/30\\\/en-berazategui-las-vacaciones-de-invierno-se-disfrutan-en-familia\\\/#primaryimage\"},\"thumbnailUrl\":\"https:\\\/\\\/diarioprincipios.com\\\/wp-content\\\/uploads\\\/2025\\\/07\\\/En-Berazategui-las-vacaciones-de-invierno-se-disfrutan-en-familia_3.jpg\",\"articleSection\":[\"Berazategui\"],\"inLanguage\":\"es\",\"potentialAction\":[{\"@type\":\"CommentAction\",\"name\":\"Comment\",\"target\":[\"https:\\\/\\\/diarioprincipios.com\\\/index.php\\\/2025\\\/07\\\/30\\\/en-berazategui-las-vacaciones-de-invierno-se-disfrutan-en-familia\\\/#respond\"]}]},{\"@type\":\"WebPage\",\"@id\":\"https:\\\/\\\/diarioprincipios.com\\\/index.php\\\/2025\\\/07\\\/30\\\/en-berazategui-las-vacaciones-de-invierno-se-disfrutan-en-familia\\\/\",\"url\":\"https:\\\/\\\/diarioprincipios.com\\\/index.php\\\/2025\\\/07\\\/30\\\/en-berazategui-las-vacaciones-de-invierno-se-disfrutan-en-familia\\\/\",\"name\":\"En Berazategui, las vacaciones de invierno se disfrutan en familia - Principios\",\"isPartOf\":{\"@id\":\"https:\\\/\\\/diarioprincipios.com\\\/#website\"},\"primaryImageOfPage\":{\"@id\":\"https:\\\/\\\/diarioprincipios.com\\\/index.php\\\/2025\\\/07\\\/30\\\/en-berazategui-las-vacaciones-de-invierno-se-disfrutan-en-familia\\\/#primaryimage\"},\"image\":{\"@id\":\"https:\\\/\\\/diarioprincipios.com\\\/index.php\\\/2025\\\/07\\\/30\\\/en-berazategui-las-vacaciones-de-invierno-se-disfrutan-en-familia\\\/#primaryimage\"},\"thumbnailUrl\":\"https:\\\/\\\/diarioprincipios.com\\\/wp-content\\\/uploads\\\/2025\\\/07\\\/En-Berazategui-las-vacaciones-de-invierno-se-disfrutan-en-familia_3.jpg\",\"datePublished\":\"2025-07-30T14:18:53+00:00\",\"dateModified\":\"2025-07-30T14:18:54+00:00\",\"breadcrumb\":{\"@id\":\"https:\\\/\\\/diarioprincipios.com\\\/index.php\\\/2025\\\/07\\\/30\\\/en-berazategui-las-vacaciones-de-invierno-se-disfrutan-en-familia\\\/#breadcrumb\"},\"inLanguage\":\"es\",\"potentialAction\":[{\"@type\":\"ReadAction\",\"target\":[\"https:\\\/\\\/diarioprincipios.com\\\/index.php\\\/2025\\\/07\\\/30\\\/en-berazategui-las-vacaciones-de-invierno-se-disfrutan-en-familia\\\/\"]}]},{\"@type\":\"ImageObject\",\"inLanguage\":\"es\",\"@id\":\"https:\\\/\\\/diarioprincipios.com\\\/index.php\\\/2025\\\/07\\\/30\\\/en-berazategui-las-vacaciones-de-invierno-se-disfrutan-en-familia\\\/#primaryimage\",\"url\":\"https:\\\/\\\/diarioprincipios.com\\\/wp-content\\\/uploads\\\/2025\\\/07\\\/En-Berazategui-las-vacaciones-de-invierno-se-disfrutan-en-familia_3.jpg\",\"contentUrl\":\"https:\\\/\\\/diarioprincipios.com\\\/wp-content\\\/uploads\\\/2025\\\/07\\\/En-Berazategui-las-vacaciones-de-invierno-se-disfrutan-en-familia_3.jpg\",\"width\":1920,\"height\":1440},{\"@type\":\"BreadcrumbList\",\"@id\":\"https:\\\/\\\/diarioprincipios.com\\\/index.php\\\/2025\\\/07\\\/30\\\/en-berazategui-las-vacaciones-de-invierno-se-disfrutan-en-familia\\\/#breadcrumb\",\"itemListElement\":[{\"@type\":\"ListItem\",\"position\":1,\"name\":\"Portada\",\"item\":\"https:\\\/\\\/diarioprincipios.com\\\/\"},{\"@type\":\"ListItem\",\"position\":2,\"name\":\"En Berazategui, las vacaciones de invierno se disfrutan en familia\"}]},{\"@type\":\"WebSite\",\"@id\":\"https:\\\/\\\/diarioprincipios.com\\\/#website\",\"url\":\"https:\\\/\\\/diarioprincipios.com\\\/\",\"name\":\"Principios\",\"description\":\"Principios Diario\",\"publisher\":{\"@id\":\"https:\\\/\\\/diarioprincipios.com\\\/#organization\"},\"potentialAction\":[{\"@type\":\"SearchAction\",\"target\":{\"@type\":\"EntryPoint\",\"urlTemplate\":\"https:\\\/\\\/diarioprincipios.com\\\/?s={search_term_string}\"},\"query-input\":{\"@type\":\"PropertyValueSpecification\",\"valueRequired\":true,\"valueName\":\"search_term_string\"}}],\"inLanguage\":\"es\"},{\"@type\":\"Organization\",\"@id\":\"https:\\\/\\\/diarioprincipios.com\\\/#organization\",\"name\":\"Principios\",\"url\":\"https:\\\/\\\/diarioprincipios.com\\\/\",\"logo\":{\"@type\":\"ImageObject\",\"inLanguage\":\"es\",\"@id\":\"https:\\\/\\\/diarioprincipios.com\\\/#\\\/schema\\\/logo\\\/image\\\/\",\"url\":\"https:\\\/\\\/diarioprincipios.com\\\/wp-content\\\/uploads\\\/2024\\\/04\\\/cropped-www.diarioprincipios.com_-1.png\",\"contentUrl\":\"https:\\\/\\\/diarioprincipios.com\\\/wp-content\\\/uploads\\\/2024\\\/04\\\/cropped-www.diarioprincipios.com_-1.png\",\"width\":5325,\"height\":1454,\"caption\":\"Principios\"},\"image\":{\"@id\":\"https:\\\/\\\/diarioprincipios.com\\\/#\\\/schema\\\/logo\\\/image\\\/\"}},{\"@type\":\"Person\",\"@id\":\"https:\\\/\\\/diarioprincipios.com\\\/#\\\/schema\\\/person\\\/436d5a1fd41a5e250e23ff5a6a7cb080\",\"name\":\"Hern\u00e1n L\u00f3pez\",\"image\":{\"@type\":\"ImageObject\",\"inLanguage\":\"es\",\"@id\":\"https:\\\/\\\/diarioprincipios.com\\\/wp-content\\\/litespeed\\\/avatar\\\/11ddfe5610ff3bd100522525b2571f48.jpg?ver=1777048341\",\"url\":\"https:\\\/\\\/diarioprincipios.com\\\/wp-content\\\/litespeed\\\/avatar\\\/11ddfe5610ff3bd100522525b2571f48.jpg?ver=1777048341\",\"contentUrl\":\"https:\\\/\\\/diarioprincipios.com\\\/wp-content\\\/litespeed\\\/avatar\\\/11ddfe5610ff3bd100522525b2571f48.jpg?ver=1777048341\",\"caption\":\"Hern\u00e1n L\u00f3pez\"},\"url\":\"https:\\\/\\\/diarioprincipios.com\\\/index.php\\\/author\\\/hernan\\\/\"}]}<\/script>\n<!-- \/ Yoast SEO plugin. -->","yoast_head_json":{"title":"En Berazategui, las vacaciones de invierno se disfrutan en familia - Principios","robots":{"index":"index","follow":"follow","max-snippet":"max-snippet:-1","max-image-preview":"max-image-preview:large","max-video-preview":"max-video-preview:-1"},"canonical":"https:\/\/diarioprincipios.com\/index.php\/2025\/07\/30\/en-berazategui-las-vacaciones-de-invierno-se-disfrutan-en-familia\/","og_locale":"es_ES","og_type":"article","og_title":"En Berazategui, las vacaciones de invierno se disfrutan en familia - Principios","og_description":"El Municipio puso en marcha su tradicional agenda de actividades para las vacaciones de invierno. Impulsadas por el intendente Juan Jos\u00e9 Mussi, los vecinos y vecinas pueden acceder a muchas propuestas recreativas, culturales y l\u00fadicas en diferentes espacios de la ciudad, a trav\u00e9s de las jornadas gratuitas de \u201cVacaciones en familia\u201d. Organizada por la Secretar\u00eda...","og_url":"https:\/\/diarioprincipios.com\/index.php\/2025\/07\/30\/en-berazategui-las-vacaciones-de-invierno-se-disfrutan-en-familia\/","og_site_name":"Principios","article_published_time":"2025-07-30T14:18:53+00:00","article_modified_time":"2025-07-30T14:18:54+00:00","og_image":[{"width":1920,"height":1440,"url":"https:\/\/diarioprincipios.com\/wp-content\/uploads\/2025\/07\/En-Berazategui-las-vacaciones-de-invierno-se-disfrutan-en-familia_3.jpg","type":"image\/jpeg"}],"author":"Hern\u00e1n L\u00f3pez","twitter_card":"summary_large_image","twitter_misc":{"Escrito por":"Hern\u00e1n L\u00f3pez","Tiempo de lectura":"3 minutos"},"schema":{"@context":"https:\/\/schema.org","@graph":[{"@type":"Article","@id":"https:\/\/diarioprincipios.com\/index.php\/2025\/07\/30\/en-berazategui-las-vacaciones-de-invierno-se-disfrutan-en-familia\/#article","isPartOf":{"@id":"https:\/\/diarioprincipios.com\/index.php\/2025\/07\/30\/en-berazategui-las-vacaciones-de-invierno-se-disfrutan-en-familia\/"},"author":{"name":"Hern\u00e1n L\u00f3pez","@id":"https:\/\/diarioprincipios.com\/#\/schema\/person\/436d5a1fd41a5e250e23ff5a6a7cb080"},"headline":"En Berazategui, las vacaciones de invierno se disfrutan en familia","datePublished":"2025-07-30T14:18:53+00:00","dateModified":"2025-07-30T14:18:54+00:00","mainEntityOfPage":{"@id":"https:\/\/diarioprincipios.com\/index.php\/2025\/07\/30\/en-berazategui-las-vacaciones-de-invierno-se-disfrutan-en-familia\/"},"wordCount":347,"commentCount":0,"publisher":{"@id":"https:\/\/diarioprincipios.com\/#organization"},"image":{"@id":"https:\/\/diarioprincipios.com\/index.php\/2025\/07\/30\/en-berazategui-las-vacaciones-de-invierno-se-disfrutan-en-familia\/#primaryimage"},"thumbnailUrl":"https:\/\/diarioprincipios.com\/wp-content\/uploads\/2025\/07\/En-Berazategui-las-vacaciones-de-invierno-se-disfrutan-en-familia_3.jpg","articleSection":["Berazategui"],"inLanguage":"es","potentialAction":[{"@type":"CommentAction","name":"Comment","target":["https:\/\/diarioprincipios.com\/index.php\/2025\/07\/30\/en-berazategui-las-vacaciones-de-invierno-se-disfrutan-en-familia\/#respond"]}]},{"@type":"WebPage","@id":"https:\/\/diarioprincipios.com\/index.php\/2025\/07\/30\/en-berazategui-las-vacaciones-de-invierno-se-disfrutan-en-familia\/","url":"https:\/\/diarioprincipios.com\/index.php\/2025\/07\/30\/en-berazategui-las-vacaciones-de-invierno-se-disfrutan-en-familia\/","name":"En Berazategui, las vacaciones de invierno se disfrutan en familia - Principios","isPartOf":{"@id":"https:\/\/diarioprincipios.com\/#website"},"primaryImageOfPage":{"@id":"https:\/\/diarioprincipios.com\/index.php\/2025\/07\/30\/en-berazategui-las-vacaciones-de-invierno-se-disfrutan-en-familia\/#primaryimage"},"image":{"@id":"https:\/\/diarioprincipios.com\/index.php\/2025\/07\/30\/en-berazategui-las-vacaciones-de-invierno-se-disfrutan-en-familia\/#primaryimage"},"thumbnailUrl":"https:\/\/diarioprincipios.com\/wp-content\/uploads\/2025\/07\/En-Berazategui-las-vacaciones-de-invierno-se-disfrutan-en-familia_3.jpg","datePublished":"2025-07-30T14:18:53+00:00","dateModified":"2025-07-30T14:18:54+00:00","breadcrumb":{"@id":"https:\/\/diarioprincipios.com\/index.php\/2025\/07\/30\/en-berazategui-las-vacaciones-de-invierno-se-disfrutan-en-familia\/#breadcrumb"},"inLanguage":"es","potentialAction":[{"@type":"ReadAction","target":["https:\/\/diarioprincipios.com\/index.php\/2025\/07\/30\/en-berazategui-las-vacaciones-de-invierno-se-disfrutan-en-familia\/"]}]},{"@type":"ImageObject","inLanguage":"es","@id":"https:\/\/diarioprincipios.com\/index.php\/2025\/07\/30\/en-berazategui-las-vacaciones-de-invierno-se-disfrutan-en-familia\/#primaryimage","url":"https:\/\/diarioprincipios.com\/wp-content\/uploads\/2025\/07\/En-Berazategui-las-vacaciones-de-invierno-se-disfrutan-en-familia_3.jpg","contentUrl":"https:\/\/diarioprincipios.com\/wp-content\/uploads\/2025\/07\/En-Berazategui-las-vacaciones-de-invierno-se-disfrutan-en-familia_3.jpg","width":1920,"height":1440},{"@type":"BreadcrumbList","@id":"https:\/\/diarioprincipios.com\/index.php\/2025\/07\/30\/en-berazategui-las-vacaciones-de-invierno-se-disfrutan-en-familia\/#breadcrumb","itemListElement":[{"@type":"ListItem","position":1,"name":"Portada","item":"https:\/\/diarioprincipios.com\/"},{"@type":"ListItem","position":2,"name":"En Berazategui, las vacaciones de invierno se disfrutan en familia"}]},{"@type":"WebSite","@id":"https:\/\/diarioprincipios.com\/#website","url":"https:\/\/diarioprincipios.com\/","name":"Principios","description":"Principios Diario","publisher":{"@id":"https:\/\/diarioprincipios.com\/#organization"},"potentialAction":[{"@type":"SearchAction","target":{"@type":"EntryPoint","urlTemplate":"https:\/\/diarioprincipios.com\/?s={search_term_string}"},"query-input":{"@type":"PropertyValueSpecification","valueRequired":true,"valueName":"search_term_string"}}],"inLanguage":"es"},{"@type":"Organization","@id":"https:\/\/diarioprincipios.com\/#organization","name":"Principios","url":"https:\/\/diarioprincipios.com\/","logo":{"@type":"ImageObject","inLanguage":"es","@id":"https:\/\/diarioprincipios.com\/#\/schema\/logo\/image\/","url":"https:\/\/diarioprincipios.com\/wp-content\/uploads\/2024\/04\/cropped-www.diarioprincipios.com_-1.png","contentUrl":"https:\/\/diarioprincipios.com\/wp-content\/uploads\/2024\/04\/cropped-www.diarioprincipios.com_-1.png","width":5325,"height":1454,"caption":"Principios"},"image":{"@id":"https:\/\/diarioprincipios.com\/#\/schema\/logo\/image\/"}},{"@type":"Person","@id":"https:\/\/diarioprincipios.com\/#\/schema\/person\/436d5a1fd41a5e250e23ff5a6a7cb080","name":"Hern\u00e1n L\u00f3pez","image":{"@type":"ImageObject","inLanguage":"es","@id":"https:\/\/diarioprincipios.com\/wp-content\/litespeed\/avatar\/11ddfe5610ff3bd100522525b2571f48.jpg?ver=1777048341","url":"https:\/\/diarioprincipios.com\/wp-content\/litespeed\/avatar\/11ddfe5610ff3bd100522525b2571f48.jpg?ver=1777048341","contentUrl":"https:\/\/diarioprincipios.com\/wp-content\/litespeed\/avatar\/11ddfe5610ff3bd100522525b2571f48.jpg?ver=1777048341","caption":"Hern\u00e1n L\u00f3pez"},"url":"https:\/\/diarioprincipios.com\/index.php\/author\/hernan\/"}]}},"jetpack_featured_media_url":"https:\/\/diarioprincipios.com\/wp-content\/uploads\/2025\/07\/En-Berazategui-las-vacaciones-de-invierno-se-disfrutan-en-familia_3.jpg","_links":{"self":[{"href":"https:\/\/diarioprincipios.com\/index.php\/wp-json\/wp\/v2\/posts\/25078","targetHints":{"allow":["GET"]}}],"collection":[{"href":"https:\/\/diarioprincipios.com\/index.php\/wp-json\/wp\/v2\/posts"}],"about":[{"href":"https:\/\/diarioprincipios.com\/index.php\/wp-json\/wp\/v2\/types\/post"}],"author":[{"embeddable":true,"href":"https:\/\/diarioprincipios.com\/index.php\/wp-json\/wp\/v2\/users\/2"}],"replies":[{"embeddable":true,"href":"https:\/\/diarioprincipios.com\/index.php\/wp-json\/wp\/v2\/comments?post=25078"}],"version-history":[{"count":1,"href":"https:\/\/diarioprincipios.com\/index.php\/wp-json\/wp\/v2\/posts\/25078\/revisions"}],"predecessor-version":[{"id":25084,"href":"https:\/\/diarioprincipios.com\/index.php\/wp-json\/wp\/v2\/posts\/25078\/revisions\/25084"}],"wp:featuredmedia":[{"embeddable":true,"href":"https:\/\/diarioprincipios.com\/index.php\/wp-json\/wp\/v2\/media\/25083"}],"wp:attachment":[{"href":"https:\/\/diarioprincipios.com\/index.php\/wp-json\/wp\/v2\/media?parent=25078"}],"wp:term":[{"taxonomy":"category","embeddable":true,"href":"https:\/\/diarioprincipios.com\/index.php\/wp-json\/wp\/v2\/categories?post=25078"},{"taxonomy":"post_tag","embeddable":true,"href":"https:\/\/diarioprincipios.com\/index.php\/wp-json\/wp\/v2\/tags?post=25078"}],"curies":[{"name":"wp","href":"https:\/\/api.w.org\/{rel}","templated":true}]}}