{"id":25036,"date":"2025-07-22T19:21:43","date_gmt":"2025-07-22T22:21:43","guid":{"rendered":"https:\/\/diarioprincipios.com\/?p=25036"},"modified":"2025-07-22T19:21:45","modified_gmt":"2025-07-22T22:21:45","slug":"berazategui-dice-presente-en-el-torneo-nacional-de-voley-de-salta","status":"publish","type":"post","link":"https:\/\/diarioprincipios.com\/index.php\/2025\/07\/22\/berazategui-dice-presente-en-el-torneo-nacional-de-voley-de-salta\/","title":{"rendered":"Berazategui dice presente en el Torneo Nacional de V\u00f3ley de Salta"},"content":{"rendered":"\n<p>Representado por LMA, equipo que compite en los Torneos oranizados por la Asociaci\u00f3n de V\u00f3ley Capital Nacional del Vidrio, Berazategui dice presente en el Torneo Nacional de Salta.<br>\u00abNuestro equipo de LMA Primera Caballeros viaja rumbo a Salta para representar a la ciudad en el Torneo Nacional de V\u00f3ley 2025, los d\u00edas 25, 26, 27 y 28 de Julio\u00bb, destac\u00f3 Celia Cabrera, presidenta de la Asociaci\u00f3n, al tiempo que destac\u00f3 que \u00abestamos muy orgullosos y contentos por que Berazategui estar\u00e1 representado en este evento deportivo de gran prestigio\u00bb.<br>Coment\u00f3 adem\u00e1s que \u00abvan a participar los mejores equipos del pa\u00eds, \u00a1los ganadores del Torneo de Campeones y Berazategui est\u00e1 entre ellos\u00bb.<br>La presidenta sostuvo asimismo que \u00abcomo siempre vamos por todo, con pasi\u00f3n, esfuerzo y juego en equipo, nuestros equipos se han caracterizado siempre por estas cualidades\u00bb.<br>Finalmente dijo que \u00abCada vez que un equipo que integra la Asociaci\u00f3n de V\u00f3ley Capital Nacional del Vidrio compite a nivel provincial o nacional cuenta con el respaldo de toda la gran familia que compone la Asociaci\u00f3n de V\u00f3ley\u00bb, apuntando tambi\u00e9n que \u00abcomo siempre agradecemos el apoyo valiosisimo que nos brindan el compa\u00f1ero Horacio Valdez, Secretario General de los vidrieros a nivel nacional y el compa\u00f1ero Intendente de Berazategui doctor Juan Jos\u00e9 Mussi, dos hombres que siempre apoyan al deporte y la juventud\u00bb.<\/p>\n","protected":false},"excerpt":{"rendered":"<p>Representado por LMA, equipo que compite en los Torneos oranizados por la Asociaci\u00f3n de V\u00f3ley Capital Nacional del Vidrio, Berazategui dice presente en el Torneo Nacional de Salta.\u00abNuestro equipo de LMA Primera Caballeros viaja rumbo a Salta para representar a la ciudad en el Torneo Nacional de V\u00f3ley 2025, los d\u00edas 25, 26, 27 y&#8230;<\/p>\n","protected":false},"author":2,"featured_media":25037,"comment_status":"open","ping_status":"open","sticky":false,"template":"","format":"standard","meta":{"footnotes":""},"categories":[6],"tags":[],"class_list":["post-25036","post","type-post","status-publish","format-standard","has-post-thumbnail","hentry","category-deportes"],"featured_image_src":"https:\/\/diarioprincipios.com\/wp-content\/uploads\/2025\/07\/IMG-20250622-WA00451-1024x768-1.jpg","blog_images":{"medium":"https:\/\/diarioprincipios.com\/wp-content\/uploads\/2025\/07\/IMG-20250622-WA00451-1024x768-1-300x225.jpg","large":"https:\/\/diarioprincipios.com\/wp-content\/uploads\/2025\/07\/IMG-20250622-WA00451-1024x768-1.jpg"},"ams_acf":[],"yoast_head":"<!-- This site is optimized with the Yoast SEO plugin v27.3 - https:\/\/yoast.com\/product\/yoast-seo-wordpress\/ -->\n<title>Berazategui dice presente en el Torneo Nacional de V\u00f3ley de Salta - Principios<\/title>\n<meta name=\"robots\" content=\"index, follow, max-snippet:-1, max-image-preview:large, max-video-preview:-1\" \/>\n<link rel=\"canonical\" href=\"https:\/\/diarioprincipios.com\/index.php\/2025\/07\/22\/berazategui-dice-presente-en-el-torneo-nacional-de-voley-de-salta\/\" \/>\n<meta property=\"og:locale\" content=\"es_ES\" \/>\n<meta property=\"og:type\" content=\"article\" \/>\n<meta property=\"og:title\" content=\"Berazategui dice presente en el Torneo Nacional de V\u00f3ley de Salta - Principios\" \/>\n<meta property=\"og:description\" content=\"Representado por LMA, equipo que compite en los Torneos oranizados por la Asociaci\u00f3n de V\u00f3ley Capital Nacional del Vidrio, Berazategui dice presente en el Torneo Nacional de Salta.\u00abNuestro equipo de LMA Primera Caballeros viaja rumbo a Salta para representar a la ciudad en el Torneo Nacional de V\u00f3ley 2025, los d\u00edas 25, 26, 27 y...\" \/>\n<meta property=\"og:url\" content=\"https:\/\/diarioprincipios.com\/index.php\/2025\/07\/22\/berazategui-dice-presente-en-el-torneo-nacional-de-voley-de-salta\/\" \/>\n<meta property=\"og:site_name\" content=\"Principios\" \/>\n<meta property=\"article:published_time\" content=\"2025-07-22T22:21:43+00:00\" \/>\n<meta property=\"article:modified_time\" content=\"2025-07-22T22:21:45+00:00\" \/>\n<meta property=\"og:image\" content=\"https:\/\/diarioprincipios.com\/wp-content\/uploads\/2025\/07\/IMG-20250622-WA00451-1024x768-1.jpg\" \/>\n\t<meta property=\"og:image:width\" content=\"1024\" \/>\n\t<meta property=\"og:image:height\" content=\"768\" \/>\n\t<meta property=\"og:image:type\" content=\"image\/jpeg\" \/>\n<meta name=\"author\" content=\"Hern\u00e1n L\u00f3pez\" \/>\n<meta name=\"twitter:card\" content=\"summary_large_image\" \/>\n<meta name=\"twitter:label1\" content=\"Escrito por\" \/>\n\t<meta name=\"twitter:data1\" content=\"Hern\u00e1n L\u00f3pez\" \/>\n\t<meta name=\"twitter:label2\" content=\"Tiempo de lectura\" \/>\n\t<meta name=\"twitter:data2\" content=\"2 minutos\" \/>\n<script type=\"application\/ld+json\" class=\"yoast-schema-graph\">{\"@context\":\"https:\\\/\\\/schema.org\",\"@graph\":[{\"@type\":\"Article\",\"@id\":\"https:\\\/\\\/diarioprincipios.com\\\/index.php\\\/2025\\\/07\\\/22\\\/berazategui-dice-presente-en-el-torneo-nacional-de-voley-de-salta\\\/#article\",\"isPartOf\":{\"@id\":\"https:\\\/\\\/diarioprincipios.com\\\/index.php\\\/2025\\\/07\\\/22\\\/berazategui-dice-presente-en-el-torneo-nacional-de-voley-de-salta\\\/\"},\"author\":{\"name\":\"Hern\u00e1n L\u00f3pez\",\"@id\":\"https:\\\/\\\/diarioprincipios.com\\\/#\\\/schema\\\/person\\\/436d5a1fd41a5e250e23ff5a6a7cb080\"},\"headline\":\"Berazategui dice presente en el Torneo Nacional de V\u00f3ley de Salta\",\"datePublished\":\"2025-07-22T22:21:43+00:00\",\"dateModified\":\"2025-07-22T22:21:45+00:00\",\"mainEntityOfPage\":{\"@id\":\"https:\\\/\\\/diarioprincipios.com\\\/index.php\\\/2025\\\/07\\\/22\\\/berazategui-dice-presente-en-el-torneo-nacional-de-voley-de-salta\\\/\"},\"wordCount\":241,\"commentCount\":0,\"publisher\":{\"@id\":\"https:\\\/\\\/diarioprincipios.com\\\/#organization\"},\"image\":{\"@id\":\"https:\\\/\\\/diarioprincipios.com\\\/index.php\\\/2025\\\/07\\\/22\\\/berazategui-dice-presente-en-el-torneo-nacional-de-voley-de-salta\\\/#primaryimage\"},\"thumbnailUrl\":\"https:\\\/\\\/diarioprincipios.com\\\/wp-content\\\/uploads\\\/2025\\\/07\\\/IMG-20250622-WA00451-1024x768-1.jpg\",\"articleSection\":[\"Deportes\"],\"inLanguage\":\"es\",\"potentialAction\":[{\"@type\":\"CommentAction\",\"name\":\"Comment\",\"target\":[\"https:\\\/\\\/diarioprincipios.com\\\/index.php\\\/2025\\\/07\\\/22\\\/berazategui-dice-presente-en-el-torneo-nacional-de-voley-de-salta\\\/#respond\"]}]},{\"@type\":\"WebPage\",\"@id\":\"https:\\\/\\\/diarioprincipios.com\\\/index.php\\\/2025\\\/07\\\/22\\\/berazategui-dice-presente-en-el-torneo-nacional-de-voley-de-salta\\\/\",\"url\":\"https:\\\/\\\/diarioprincipios.com\\\/index.php\\\/2025\\\/07\\\/22\\\/berazategui-dice-presente-en-el-torneo-nacional-de-voley-de-salta\\\/\",\"name\":\"Berazategui dice presente en el Torneo Nacional de V\u00f3ley de Salta - Principios\",\"isPartOf\":{\"@id\":\"https:\\\/\\\/diarioprincipios.com\\\/#website\"},\"primaryImageOfPage\":{\"@id\":\"https:\\\/\\\/diarioprincipios.com\\\/index.php\\\/2025\\\/07\\\/22\\\/berazategui-dice-presente-en-el-torneo-nacional-de-voley-de-salta\\\/#primaryimage\"},\"image\":{\"@id\":\"https:\\\/\\\/diarioprincipios.com\\\/index.php\\\/2025\\\/07\\\/22\\\/berazategui-dice-presente-en-el-torneo-nacional-de-voley-de-salta\\\/#primaryimage\"},\"thumbnailUrl\":\"https:\\\/\\\/diarioprincipios.com\\\/wp-content\\\/uploads\\\/2025\\\/07\\\/IMG-20250622-WA00451-1024x768-1.jpg\",\"datePublished\":\"2025-07-22T22:21:43+00:00\",\"dateModified\":\"2025-07-22T22:21:45+00:00\",\"breadcrumb\":{\"@id\":\"https:\\\/\\\/diarioprincipios.com\\\/index.php\\\/2025\\\/07\\\/22\\\/berazategui-dice-presente-en-el-torneo-nacional-de-voley-de-salta\\\/#breadcrumb\"},\"inLanguage\":\"es\",\"potentialAction\":[{\"@type\":\"ReadAction\",\"target\":[\"https:\\\/\\\/diarioprincipios.com\\\/index.php\\\/2025\\\/07\\\/22\\\/berazategui-dice-presente-en-el-torneo-nacional-de-voley-de-salta\\\/\"]}]},{\"@type\":\"ImageObject\",\"inLanguage\":\"es\",\"@id\":\"https:\\\/\\\/diarioprincipios.com\\\/index.php\\\/2025\\\/07\\\/22\\\/berazategui-dice-presente-en-el-torneo-nacional-de-voley-de-salta\\\/#primaryimage\",\"url\":\"https:\\\/\\\/diarioprincipios.com\\\/wp-content\\\/uploads\\\/2025\\\/07\\\/IMG-20250622-WA00451-1024x768-1.jpg\",\"contentUrl\":\"https:\\\/\\\/diarioprincipios.com\\\/wp-content\\\/uploads\\\/2025\\\/07\\\/IMG-20250622-WA00451-1024x768-1.jpg\",\"width\":1024,\"height\":768},{\"@type\":\"BreadcrumbList\",\"@id\":\"https:\\\/\\\/diarioprincipios.com\\\/index.php\\\/2025\\\/07\\\/22\\\/berazategui-dice-presente-en-el-torneo-nacional-de-voley-de-salta\\\/#breadcrumb\",\"itemListElement\":[{\"@type\":\"ListItem\",\"position\":1,\"name\":\"Portada\",\"item\":\"https:\\\/\\\/diarioprincipios.com\\\/\"},{\"@type\":\"ListItem\",\"position\":2,\"name\":\"Berazategui dice presente en el Torneo Nacional de V\u00f3ley de Salta\"}]},{\"@type\":\"WebSite\",\"@id\":\"https:\\\/\\\/diarioprincipios.com\\\/#website\",\"url\":\"https:\\\/\\\/diarioprincipios.com\\\/\",\"name\":\"Principios\",\"description\":\"Principios Diario\",\"publisher\":{\"@id\":\"https:\\\/\\\/diarioprincipios.com\\\/#organization\"},\"potentialAction\":[{\"@type\":\"SearchAction\",\"target\":{\"@type\":\"EntryPoint\",\"urlTemplate\":\"https:\\\/\\\/diarioprincipios.com\\\/?s={search_term_string}\"},\"query-input\":{\"@type\":\"PropertyValueSpecification\",\"valueRequired\":true,\"valueName\":\"search_term_string\"}}],\"inLanguage\":\"es\"},{\"@type\":\"Organization\",\"@id\":\"https:\\\/\\\/diarioprincipios.com\\\/#organization\",\"name\":\"Principios\",\"url\":\"https:\\\/\\\/diarioprincipios.com\\\/\",\"logo\":{\"@type\":\"ImageObject\",\"inLanguage\":\"es\",\"@id\":\"https:\\\/\\\/diarioprincipios.com\\\/#\\\/schema\\\/logo\\\/image\\\/\",\"url\":\"https:\\\/\\\/diarioprincipios.com\\\/wp-content\\\/uploads\\\/2024\\\/04\\\/cropped-www.diarioprincipios.com_-1.png\",\"contentUrl\":\"https:\\\/\\\/diarioprincipios.com\\\/wp-content\\\/uploads\\\/2024\\\/04\\\/cropped-www.diarioprincipios.com_-1.png\",\"width\":5325,\"height\":1454,\"caption\":\"Principios\"},\"image\":{\"@id\":\"https:\\\/\\\/diarioprincipios.com\\\/#\\\/schema\\\/logo\\\/image\\\/\"}},{\"@type\":\"Person\",\"@id\":\"https:\\\/\\\/diarioprincipios.com\\\/#\\\/schema\\\/person\\\/436d5a1fd41a5e250e23ff5a6a7cb080\",\"name\":\"Hern\u00e1n L\u00f3pez\",\"image\":{\"@type\":\"ImageObject\",\"inLanguage\":\"es\",\"@id\":\"https:\\\/\\\/diarioprincipios.com\\\/wp-content\\\/litespeed\\\/avatar\\\/11ddfe5610ff3bd100522525b2571f48.jpg?ver=1777048341\",\"url\":\"https:\\\/\\\/diarioprincipios.com\\\/wp-content\\\/litespeed\\\/avatar\\\/11ddfe5610ff3bd100522525b2571f48.jpg?ver=1777048341\",\"contentUrl\":\"https:\\\/\\\/diarioprincipios.com\\\/wp-content\\\/litespeed\\\/avatar\\\/11ddfe5610ff3bd100522525b2571f48.jpg?ver=1777048341\",\"caption\":\"Hern\u00e1n L\u00f3pez\"},\"url\":\"https:\\\/\\\/diarioprincipios.com\\\/index.php\\\/author\\\/hernan\\\/\"}]}<\/script>\n<!-- \/ Yoast SEO plugin. -->","yoast_head_json":{"title":"Berazategui dice presente en el Torneo Nacional de V\u00f3ley de Salta - Principios","robots":{"index":"index","follow":"follow","max-snippet":"max-snippet:-1","max-image-preview":"max-image-preview:large","max-video-preview":"max-video-preview:-1"},"canonical":"https:\/\/diarioprincipios.com\/index.php\/2025\/07\/22\/berazategui-dice-presente-en-el-torneo-nacional-de-voley-de-salta\/","og_locale":"es_ES","og_type":"article","og_title":"Berazategui dice presente en el Torneo Nacional de V\u00f3ley de Salta - Principios","og_description":"Representado por LMA, equipo que compite en los Torneos oranizados por la Asociaci\u00f3n de V\u00f3ley Capital Nacional del Vidrio, Berazategui dice presente en el Torneo Nacional de Salta.\u00abNuestro equipo de LMA Primera Caballeros viaja rumbo a Salta para representar a la ciudad en el Torneo Nacional de V\u00f3ley 2025, los d\u00edas 25, 26, 27 y...","og_url":"https:\/\/diarioprincipios.com\/index.php\/2025\/07\/22\/berazategui-dice-presente-en-el-torneo-nacional-de-voley-de-salta\/","og_site_name":"Principios","article_published_time":"2025-07-22T22:21:43+00:00","article_modified_time":"2025-07-22T22:21:45+00:00","og_image":[{"width":1024,"height":768,"url":"https:\/\/diarioprincipios.com\/wp-content\/uploads\/2025\/07\/IMG-20250622-WA00451-1024x768-1.jpg","type":"image\/jpeg"}],"author":"Hern\u00e1n L\u00f3pez","twitter_card":"summary_large_image","twitter_misc":{"Escrito por":"Hern\u00e1n L\u00f3pez","Tiempo de lectura":"2 minutos"},"schema":{"@context":"https:\/\/schema.org","@graph":[{"@type":"Article","@id":"https:\/\/diarioprincipios.com\/index.php\/2025\/07\/22\/berazategui-dice-presente-en-el-torneo-nacional-de-voley-de-salta\/#article","isPartOf":{"@id":"https:\/\/diarioprincipios.com\/index.php\/2025\/07\/22\/berazategui-dice-presente-en-el-torneo-nacional-de-voley-de-salta\/"},"author":{"name":"Hern\u00e1n L\u00f3pez","@id":"https:\/\/diarioprincipios.com\/#\/schema\/person\/436d5a1fd41a5e250e23ff5a6a7cb080"},"headline":"Berazategui dice presente en el Torneo Nacional de V\u00f3ley de Salta","datePublished":"2025-07-22T22:21:43+00:00","dateModified":"2025-07-22T22:21:45+00:00","mainEntityOfPage":{"@id":"https:\/\/diarioprincipios.com\/index.php\/2025\/07\/22\/berazategui-dice-presente-en-el-torneo-nacional-de-voley-de-salta\/"},"wordCount":241,"commentCount":0,"publisher":{"@id":"https:\/\/diarioprincipios.com\/#organization"},"image":{"@id":"https:\/\/diarioprincipios.com\/index.php\/2025\/07\/22\/berazategui-dice-presente-en-el-torneo-nacional-de-voley-de-salta\/#primaryimage"},"thumbnailUrl":"https:\/\/diarioprincipios.com\/wp-content\/uploads\/2025\/07\/IMG-20250622-WA00451-1024x768-1.jpg","articleSection":["Deportes"],"inLanguage":"es","potentialAction":[{"@type":"CommentAction","name":"Comment","target":["https:\/\/diarioprincipios.com\/index.php\/2025\/07\/22\/berazategui-dice-presente-en-el-torneo-nacional-de-voley-de-salta\/#respond"]}]},{"@type":"WebPage","@id":"https:\/\/diarioprincipios.com\/index.php\/2025\/07\/22\/berazategui-dice-presente-en-el-torneo-nacional-de-voley-de-salta\/","url":"https:\/\/diarioprincipios.com\/index.php\/2025\/07\/22\/berazategui-dice-presente-en-el-torneo-nacional-de-voley-de-salta\/","name":"Berazategui dice presente en el Torneo Nacional de V\u00f3ley de Salta - Principios","isPartOf":{"@id":"https:\/\/diarioprincipios.com\/#website"},"primaryImageOfPage":{"@id":"https:\/\/diarioprincipios.com\/index.php\/2025\/07\/22\/berazategui-dice-presente-en-el-torneo-nacional-de-voley-de-salta\/#primaryimage"},"image":{"@id":"https:\/\/diarioprincipios.com\/index.php\/2025\/07\/22\/berazategui-dice-presente-en-el-torneo-nacional-de-voley-de-salta\/#primaryimage"},"thumbnailUrl":"https:\/\/diarioprincipios.com\/wp-content\/uploads\/2025\/07\/IMG-20250622-WA00451-1024x768-1.jpg","datePublished":"2025-07-22T22:21:43+00:00","dateModified":"2025-07-22T22:21:45+00:00","breadcrumb":{"@id":"https:\/\/diarioprincipios.com\/index.php\/2025\/07\/22\/berazategui-dice-presente-en-el-torneo-nacional-de-voley-de-salta\/#breadcrumb"},"inLanguage":"es","potentialAction":[{"@type":"ReadAction","target":["https:\/\/diarioprincipios.com\/index.php\/2025\/07\/22\/berazategui-dice-presente-en-el-torneo-nacional-de-voley-de-salta\/"]}]},{"@type":"ImageObject","inLanguage":"es","@id":"https:\/\/diarioprincipios.com\/index.php\/2025\/07\/22\/berazategui-dice-presente-en-el-torneo-nacional-de-voley-de-salta\/#primaryimage","url":"https:\/\/diarioprincipios.com\/wp-content\/uploads\/2025\/07\/IMG-20250622-WA00451-1024x768-1.jpg","contentUrl":"https:\/\/diarioprincipios.com\/wp-content\/uploads\/2025\/07\/IMG-20250622-WA00451-1024x768-1.jpg","width":1024,"height":768},{"@type":"BreadcrumbList","@id":"https:\/\/diarioprincipios.com\/index.php\/2025\/07\/22\/berazategui-dice-presente-en-el-torneo-nacional-de-voley-de-salta\/#breadcrumb","itemListElement":[{"@type":"ListItem","position":1,"name":"Portada","item":"https:\/\/diarioprincipios.com\/"},{"@type":"ListItem","position":2,"name":"Berazategui dice presente en el Torneo Nacional de V\u00f3ley de Salta"}]},{"@type":"WebSite","@id":"https:\/\/diarioprincipios.com\/#website","url":"https:\/\/diarioprincipios.com\/","name":"Principios","description":"Principios Diario","publisher":{"@id":"https:\/\/diarioprincipios.com\/#organization"},"potentialAction":[{"@type":"SearchAction","target":{"@type":"EntryPoint","urlTemplate":"https:\/\/diarioprincipios.com\/?s={search_term_string}"},"query-input":{"@type":"PropertyValueSpecification","valueRequired":true,"valueName":"search_term_string"}}],"inLanguage":"es"},{"@type":"Organization","@id":"https:\/\/diarioprincipios.com\/#organization","name":"Principios","url":"https:\/\/diarioprincipios.com\/","logo":{"@type":"ImageObject","inLanguage":"es","@id":"https:\/\/diarioprincipios.com\/#\/schema\/logo\/image\/","url":"https:\/\/diarioprincipios.com\/wp-content\/uploads\/2024\/04\/cropped-www.diarioprincipios.com_-1.png","contentUrl":"https:\/\/diarioprincipios.com\/wp-content\/uploads\/2024\/04\/cropped-www.diarioprincipios.com_-1.png","width":5325,"height":1454,"caption":"Principios"},"image":{"@id":"https:\/\/diarioprincipios.com\/#\/schema\/logo\/image\/"}},{"@type":"Person","@id":"https:\/\/diarioprincipios.com\/#\/schema\/person\/436d5a1fd41a5e250e23ff5a6a7cb080","name":"Hern\u00e1n L\u00f3pez","image":{"@type":"ImageObject","inLanguage":"es","@id":"https:\/\/diarioprincipios.com\/wp-content\/litespeed\/avatar\/11ddfe5610ff3bd100522525b2571f48.jpg?ver=1777048341","url":"https:\/\/diarioprincipios.com\/wp-content\/litespeed\/avatar\/11ddfe5610ff3bd100522525b2571f48.jpg?ver=1777048341","contentUrl":"https:\/\/diarioprincipios.com\/wp-content\/litespeed\/avatar\/11ddfe5610ff3bd100522525b2571f48.jpg?ver=1777048341","caption":"Hern\u00e1n L\u00f3pez"},"url":"https:\/\/diarioprincipios.com\/index.php\/author\/hernan\/"}]}},"jetpack_featured_media_url":"https:\/\/diarioprincipios.com\/wp-content\/uploads\/2025\/07\/IMG-20250622-WA00451-1024x768-1.jpg","_links":{"self":[{"href":"https:\/\/diarioprincipios.com\/index.php\/wp-json\/wp\/v2\/posts\/25036","targetHints":{"allow":["GET"]}}],"collection":[{"href":"https:\/\/diarioprincipios.com\/index.php\/wp-json\/wp\/v2\/posts"}],"about":[{"href":"https:\/\/diarioprincipios.com\/index.php\/wp-json\/wp\/v2\/types\/post"}],"author":[{"embeddable":true,"href":"https:\/\/diarioprincipios.com\/index.php\/wp-json\/wp\/v2\/users\/2"}],"replies":[{"embeddable":true,"href":"https:\/\/diarioprincipios.com\/index.php\/wp-json\/wp\/v2\/comments?post=25036"}],"version-history":[{"count":1,"href":"https:\/\/diarioprincipios.com\/index.php\/wp-json\/wp\/v2\/posts\/25036\/revisions"}],"predecessor-version":[{"id":25038,"href":"https:\/\/diarioprincipios.com\/index.php\/wp-json\/wp\/v2\/posts\/25036\/revisions\/25038"}],"wp:featuredmedia":[{"embeddable":true,"href":"https:\/\/diarioprincipios.com\/index.php\/wp-json\/wp\/v2\/media\/25037"}],"wp:attachment":[{"href":"https:\/\/diarioprincipios.com\/index.php\/wp-json\/wp\/v2\/media?parent=25036"}],"wp:term":[{"taxonomy":"category","embeddable":true,"href":"https:\/\/diarioprincipios.com\/index.php\/wp-json\/wp\/v2\/categories?post=25036"},{"taxonomy":"post_tag","embeddable":true,"href":"https:\/\/diarioprincipios.com\/index.php\/wp-json\/wp\/v2\/tags?post=25036"}],"curies":[{"name":"wp","href":"https:\/\/api.w.org\/{rel}","templated":true}]}}