{"id":25026,"date":"2025-07-21T12:10:08","date_gmt":"2025-07-21T15:10:08","guid":{"rendered":"https:\/\/diarioprincipios.com\/?p=25026"},"modified":"2025-07-21T12:10:08","modified_gmt":"2025-07-21T15:10:08","slug":"las-industrias-de-berazategui-no-se-rinden","status":"publish","type":"post","link":"https:\/\/diarioprincipios.com\/index.php\/2025\/07\/21\/las-industrias-de-berazategui-no-se-rinden\/","title":{"rendered":"Las Industrias de Berazategui no se rinden"},"content":{"rendered":"\n<p>Entrevistamos a Alejandro Bartalini, presidente de la Uni\u00f3n Industrial de Berazategui<\/p>\n\n\n\n<p>En un dif\u00edcil contexto econ\u00f3mico, con un gobierno nacional que no le presta atenci\u00f3n al sector productivo, que no impulsa medidas para apuntalar la producci\u00f3n y que por el contrario abre las fronteras a la importaci\u00f3n indiscriminada, los industriales de Berazategui siguen apostando al trabajo diario y la b\u00fasqueda de soluciones para sus empresas.<br>En una entrevista concedida a Principios , Alejandro Bartalini, presidente de la Uni\u00f3n Industrial de Berazategui destac\u00f3 que \u00abhoy tenemos en el pa\u00eds una industria manufacturera muy castigada, hace 1 a\u00f1o y 8 meses que estamos en recesi\u00f3n y tenemos un tipo de cambio retrasado que hace muy cara a la Argentina y esto se refleja en las exportaciones, el tercer tema es la apertura indiscriminda de importaciones de pa\u00edses como China con los que se hace imposible competir\u00bb.<br>Agreg\u00f3 que \u00aba toda esta situaci\u00f3n respondemos con mucho trabajo, el secreto de Berazategui para subsistir en este contexto es la articulaci\u00f3n con el Municipio, que por decisi\u00f3n del Dr Mussi trabaja codo a codo con nosotros y el contar con empresarios que son trabajadores al frente de sus empresas, que est\u00e1n totalmente comprometidos en el d\u00eda a d\u00eda\u00bb.<\/p>\n\n\n\n<p>\u00abLa Industria Nacional es la que genera empleo y cuida a las familias argentinas\u00bb<\/p>\n\n\n\n<p>Bartalini consider\u00f3 tambi\u00e9n que \u00abla industria nacional es la que genera empleo, la que cuida a las familias argentinas, la que aporta y genera recursos, el gobierno nacional debiera intervenir para proteger a la industria y regular las importaciones, sobre todo las que vienen de China\u00bb, acotando que \u00ablamentablemente vemos desde el inicio del gobierno de Milei una falta de atenci\u00f3n hacia la industria en todo su conjunto, el gobierno solo ha buscado superavit fiscal y bajar la inflaci\u00f3n cumpliendo metas financieras pero no tuvimos ning\u00fan mensaje desde el punto de vista productivo, si el gobierno nacional no cambia su postura por desgracia va a haber una ca\u00edda en la producci\u00f3n que va a llevar a una reducci\u00f3n de la jornada laboral como m\u00ednimo, porque no hay forma de sostener este rumbo que de persistir nos lleva a una situaci\u00f3n cr\u00edtica\u00bb.<br>Apunt\u00f3 adem\u00e1s que \u00abtodos estamos a favor del super\u00e1vit fiscal pero no puede ser a costa del d\u00e9ficit social y sin inversiones e incentivo de la producci\u00f3n, el gobierno debiera al menos bajar los impuestos a lo niveles de donde vienen los productos importados, en las condiciones actuales nos deja totalmente fuera de competencia, gracias a cr\u00e9ditos y tasas subsidiadas de gobiernos anteriores pudimos tecnificarnos pero con las condicione actuales nunca podremos avanzar ni en el mercado interno ni con las exportaciones\u00bb.<\/p>\n\n\n\n<p>\u00abBerazategui es un ejemplo de crecimiento\u00bb<\/p>\n\n\n\n<p>En contraste con la situaci\u00f3n que se da a nivel nacional, el presidente de la Uni\u00f3n Industrial consider\u00f3 que \u00abBerazategui es el ejemplo del crecimiento, en una etapa donde muchos dijeron que fue la d\u00e9cada perdida, se crearon 13 parques industriales, y se consolid\u00f3 una industria planificada y organizada, Municipio e Indutriales trabajamos juntos para generar empleo, donde articulamos permanentemente, nunca pedimos privilegios, sino reglas claras y trabajo mutuo, invito a cualquier gobernante a que venga a conocer lo que es Berazategui\u00bb. Agreg\u00f3 que \u00abel Parque Industrial Pl\u00e1tanos es sin dudas la insignia del crecimiento industrial del distrito, ac\u00e1 trabajamos todos los d\u00edas para responder a las demandas, darle crecimiento a la ciudad y acompa\u00f1ar a nuestros ciudadanos, formar profesionales, con las pasant\u00edas profesionalizantes, las escuelas t\u00e9cnicas y comerciales\u00bb.<br>Siempre en referencia a la articulaci\u00f3n con el municipio y otras dependencias, el presidente de la Uni\u00f3n Industrial de Berazategui dijo que \u00abestuve en la entrega de patrulleros que hizo la provincia con el intendente, la seguridad siempre es un deficit del AMBA, participamos de reuniones con comisarios locales y de la DDI, articulamos con el municipio programas como Abrigando Sue\u00f1os y De Vuelta al Cole, todo esto porque entendemos el rol social que tambi\u00e9n estamos llamados a desarrollar\u00bb.<\/p>\n\n\n\n<figure class=\"wp-block-image size-large\"><img loading=\"lazy\" decoding=\"async\" width=\"699\" height=\"1024\" src=\"https:\/\/diarioprincipios.com\/wp-content\/uploads\/2025\/07\/IMG-20250717-WA0010-699x1024.jpg\" alt=\"\" class=\"wp-image-25027\" srcset=\"https:\/\/diarioprincipios.com\/wp-content\/uploads\/2025\/07\/IMG-20250717-WA0010-699x1024.jpg 699w, https:\/\/diarioprincipios.com\/wp-content\/uploads\/2025\/07\/IMG-20250717-WA0010-205x300.jpg 205w, https:\/\/diarioprincipios.com\/wp-content\/uploads\/2025\/07\/IMG-20250717-WA0010-768x1126.jpg 768w, https:\/\/diarioprincipios.com\/wp-content\/uploads\/2025\/07\/IMG-20250717-WA0010.jpg 900w\" sizes=\"auto, (max-width: 699px) 100vw, 699px\" \/><\/figure>\n\n\n\n<p>\u00abHay muchas cosas que se producen en Berazategui que la mayor\u00eda desconoce\u00bb<\/p>\n\n\n\n<p>Por \u00faltimo, destac\u00f3 que \u00abhoy d\u00eda hay muchas cosas que se producen en Berazategui y la gente por ahi desconoce, siempre recuerdo una conversaci\u00f3n con el querido y recordado periodista Tony del Greco quien me contaba que las luminarias del Aeropuerto Internacional de Londres se hacian en Berazategui, de esa charla y comparando con lo que se hacia en Tierra del Fuego surgi\u00f3 la idea del Hecho en Bera, iniciativa que a pedido del ex intendente Patricio Mussi en su momento le cedimos al Municipio y hoy muchas empresas lo utilizan en su etiqueta, hoy tenemos en el distrito empresas del sector energ\u00e9tico, petrolero, minero, es m\u00e1s nosotros somos una de ellas, y pronto queremos poner en marcha un cluster de empresas del sector que se sumen, tenemos tambi\u00e9n industrias alimenticias, del papel, del cart\u00f3n, del pl\u00e1stico, ingenieria en pl\u00e1stico, cajas de cart\u00f3n corrugado para las automotrices, v\u00e1lvulas para el sector energ\u00e9tico, y hace 15 d\u00edas se puso en marcha una industria de agua mineral y cerveza que pude fabricar hasta 50 millones diarios de botellas de agua y 3 millones de latas de cerveza en el Parque Hudson\u00bb.<br>A\u00f1adi\u00f3 que \u00abpodriamos hablar de industrias del conocimiento, rob\u00f3tica muebles, realmente el crecimiento que ha tenido berazategui es exponencial y est\u00e1 a la vista, quiero destacar por \u00faltimo la tarea de la Uni\u00f3n Industrial, que tengo el honor de presidir por tercera vez, la C\u00e1mara del Polo Maderero con Roberto Ventimiglia, la C\u00e1mara del IPA con Daniel Rosato, somos trabajadores que estamos al frente de nuestras empresas, somos empresarios que trabajamos, el sectreto est\u00e1 ahi, lo que sucede es que quienes est\u00e1n al frente son gente de trabajo que est\u00e1 en el dia a dia con los trabajadores, esa es la clave de todo\u00bb.<\/p>\n","protected":false},"excerpt":{"rendered":"<p>Entrevistamos a Alejandro Bartalini, presidente de la Uni\u00f3n Industrial de Berazategui En un dif\u00edcil contexto econ\u00f3mico, con un gobierno nacional que no le presta atenci\u00f3n al sector productivo, que no impulsa medidas para apuntalar la producci\u00f3n y que por el contrario abre las fronteras a la importaci\u00f3n indiscriminada, los industriales de Berazategui siguen apostando al&#8230;<\/p>\n","protected":false},"author":2,"featured_media":25028,"comment_status":"open","ping_status":"open","sticky":false,"template":"","format":"standard","meta":{"footnotes":""},"categories":[3,18],"tags":[],"class_list":["post-25026","post","type-post","status-publish","format-standard","has-post-thumbnail","hentry","category-berazategui","category-comercio-industria"],"featured_image_src":"https:\/\/diarioprincipios.com\/wp-content\/uploads\/2025\/07\/IMG-20250717-WA0009-735x1024.jpg","blog_images":{"medium":"https:\/\/diarioprincipios.com\/wp-content\/uploads\/2025\/07\/IMG-20250717-WA0009-215x300.jpg","large":"https:\/\/diarioprincipios.com\/wp-content\/uploads\/2025\/07\/IMG-20250717-WA0009-735x1024.jpg"},"ams_acf":[],"yoast_head":"<!-- This site is optimized with the Yoast SEO plugin v27.3 - https:\/\/yoast.com\/product\/yoast-seo-wordpress\/ -->\n<title>Las Industrias de Berazategui no se rinden - Principios<\/title>\n<meta name=\"robots\" content=\"index, follow, max-snippet:-1, max-image-preview:large, max-video-preview:-1\" \/>\n<link rel=\"canonical\" href=\"https:\/\/diarioprincipios.com\/index.php\/2025\/07\/21\/las-industrias-de-berazategui-no-se-rinden\/\" \/>\n<meta property=\"og:locale\" content=\"es_ES\" \/>\n<meta property=\"og:type\" content=\"article\" \/>\n<meta property=\"og:title\" content=\"Las Industrias de Berazategui no se rinden - Principios\" \/>\n<meta property=\"og:description\" content=\"Entrevistamos a Alejandro Bartalini, presidente de la Uni\u00f3n Industrial de Berazategui En un dif\u00edcil contexto econ\u00f3mico, con un gobierno nacional que no le presta atenci\u00f3n al sector productivo, que no impulsa medidas para apuntalar la producci\u00f3n y que por el contrario abre las fronteras a la importaci\u00f3n indiscriminada, los industriales de Berazategui siguen apostando al...\" \/>\n<meta property=\"og:url\" content=\"https:\/\/diarioprincipios.com\/index.php\/2025\/07\/21\/las-industrias-de-berazategui-no-se-rinden\/\" \/>\n<meta property=\"og:site_name\" content=\"Principios\" \/>\n<meta property=\"article:published_time\" content=\"2025-07-21T15:10:08+00:00\" \/>\n<meta property=\"og:image\" content=\"https:\/\/diarioprincipios.com\/wp-content\/uploads\/2025\/07\/IMG-20250717-WA0009.jpg\" \/>\n\t<meta property=\"og:image:width\" content=\"1148\" \/>\n\t<meta property=\"og:image:height\" content=\"1600\" \/>\n\t<meta property=\"og:image:type\" content=\"image\/jpeg\" \/>\n<meta name=\"author\" content=\"Hern\u00e1n L\u00f3pez\" \/>\n<meta name=\"twitter:card\" content=\"summary_large_image\" \/>\n<meta name=\"twitter:label1\" content=\"Escrito por\" \/>\n\t<meta name=\"twitter:data1\" content=\"Hern\u00e1n L\u00f3pez\" \/>\n\t<meta name=\"twitter:label2\" content=\"Tiempo de lectura\" \/>\n\t<meta name=\"twitter:data2\" content=\"5 minutos\" \/>\n<script type=\"application\/ld+json\" class=\"yoast-schema-graph\">{\"@context\":\"https:\\\/\\\/schema.org\",\"@graph\":[{\"@type\":\"Article\",\"@id\":\"https:\\\/\\\/diarioprincipios.com\\\/index.php\\\/2025\\\/07\\\/21\\\/las-industrias-de-berazategui-no-se-rinden\\\/#article\",\"isPartOf\":{\"@id\":\"https:\\\/\\\/diarioprincipios.com\\\/index.php\\\/2025\\\/07\\\/21\\\/las-industrias-de-berazategui-no-se-rinden\\\/\"},\"author\":{\"name\":\"Hern\u00e1n L\u00f3pez\",\"@id\":\"https:\\\/\\\/diarioprincipios.com\\\/#\\\/schema\\\/person\\\/436d5a1fd41a5e250e23ff5a6a7cb080\"},\"headline\":\"Las Industrias de Berazategui no se rinden\",\"datePublished\":\"2025-07-21T15:10:08+00:00\",\"mainEntityOfPage\":{\"@id\":\"https:\\\/\\\/diarioprincipios.com\\\/index.php\\\/2025\\\/07\\\/21\\\/las-industrias-de-berazategui-no-se-rinden\\\/\"},\"wordCount\":1023,\"commentCount\":0,\"publisher\":{\"@id\":\"https:\\\/\\\/diarioprincipios.com\\\/#organization\"},\"image\":{\"@id\":\"https:\\\/\\\/diarioprincipios.com\\\/index.php\\\/2025\\\/07\\\/21\\\/las-industrias-de-berazategui-no-se-rinden\\\/#primaryimage\"},\"thumbnailUrl\":\"https:\\\/\\\/diarioprincipios.com\\\/wp-content\\\/uploads\\\/2025\\\/07\\\/IMG-20250717-WA0009.jpg\",\"articleSection\":[\"Berazategui\",\"Comercio e Industria\"],\"inLanguage\":\"es\",\"potentialAction\":[{\"@type\":\"CommentAction\",\"name\":\"Comment\",\"target\":[\"https:\\\/\\\/diarioprincipios.com\\\/index.php\\\/2025\\\/07\\\/21\\\/las-industrias-de-berazategui-no-se-rinden\\\/#respond\"]}]},{\"@type\":\"WebPage\",\"@id\":\"https:\\\/\\\/diarioprincipios.com\\\/index.php\\\/2025\\\/07\\\/21\\\/las-industrias-de-berazategui-no-se-rinden\\\/\",\"url\":\"https:\\\/\\\/diarioprincipios.com\\\/index.php\\\/2025\\\/07\\\/21\\\/las-industrias-de-berazategui-no-se-rinden\\\/\",\"name\":\"Las Industrias de Berazategui no se rinden - Principios\",\"isPartOf\":{\"@id\":\"https:\\\/\\\/diarioprincipios.com\\\/#website\"},\"primaryImageOfPage\":{\"@id\":\"https:\\\/\\\/diarioprincipios.com\\\/index.php\\\/2025\\\/07\\\/21\\\/las-industrias-de-berazategui-no-se-rinden\\\/#primaryimage\"},\"image\":{\"@id\":\"https:\\\/\\\/diarioprincipios.com\\\/index.php\\\/2025\\\/07\\\/21\\\/las-industrias-de-berazategui-no-se-rinden\\\/#primaryimage\"},\"thumbnailUrl\":\"https:\\\/\\\/diarioprincipios.com\\\/wp-content\\\/uploads\\\/2025\\\/07\\\/IMG-20250717-WA0009.jpg\",\"datePublished\":\"2025-07-21T15:10:08+00:00\",\"breadcrumb\":{\"@id\":\"https:\\\/\\\/diarioprincipios.com\\\/index.php\\\/2025\\\/07\\\/21\\\/las-industrias-de-berazategui-no-se-rinden\\\/#breadcrumb\"},\"inLanguage\":\"es\",\"potentialAction\":[{\"@type\":\"ReadAction\",\"target\":[\"https:\\\/\\\/diarioprincipios.com\\\/index.php\\\/2025\\\/07\\\/21\\\/las-industrias-de-berazategui-no-se-rinden\\\/\"]}]},{\"@type\":\"ImageObject\",\"inLanguage\":\"es\",\"@id\":\"https:\\\/\\\/diarioprincipios.com\\\/index.php\\\/2025\\\/07\\\/21\\\/las-industrias-de-berazategui-no-se-rinden\\\/#primaryimage\",\"url\":\"https:\\\/\\\/diarioprincipios.com\\\/wp-content\\\/uploads\\\/2025\\\/07\\\/IMG-20250717-WA0009.jpg\",\"contentUrl\":\"https:\\\/\\\/diarioprincipios.com\\\/wp-content\\\/uploads\\\/2025\\\/07\\\/IMG-20250717-WA0009.jpg\",\"width\":1148,\"height\":1600},{\"@type\":\"BreadcrumbList\",\"@id\":\"https:\\\/\\\/diarioprincipios.com\\\/index.php\\\/2025\\\/07\\\/21\\\/las-industrias-de-berazategui-no-se-rinden\\\/#breadcrumb\",\"itemListElement\":[{\"@type\":\"ListItem\",\"position\":1,\"name\":\"Portada\",\"item\":\"https:\\\/\\\/diarioprincipios.com\\\/\"},{\"@type\":\"ListItem\",\"position\":2,\"name\":\"Las Industrias de Berazategui no se rinden\"}]},{\"@type\":\"WebSite\",\"@id\":\"https:\\\/\\\/diarioprincipios.com\\\/#website\",\"url\":\"https:\\\/\\\/diarioprincipios.com\\\/\",\"name\":\"Principios\",\"description\":\"Principios Diario\",\"publisher\":{\"@id\":\"https:\\\/\\\/diarioprincipios.com\\\/#organization\"},\"potentialAction\":[{\"@type\":\"SearchAction\",\"target\":{\"@type\":\"EntryPoint\",\"urlTemplate\":\"https:\\\/\\\/diarioprincipios.com\\\/?s={search_term_string}\"},\"query-input\":{\"@type\":\"PropertyValueSpecification\",\"valueRequired\":true,\"valueName\":\"search_term_string\"}}],\"inLanguage\":\"es\"},{\"@type\":\"Organization\",\"@id\":\"https:\\\/\\\/diarioprincipios.com\\\/#organization\",\"name\":\"Principios\",\"url\":\"https:\\\/\\\/diarioprincipios.com\\\/\",\"logo\":{\"@type\":\"ImageObject\",\"inLanguage\":\"es\",\"@id\":\"https:\\\/\\\/diarioprincipios.com\\\/#\\\/schema\\\/logo\\\/image\\\/\",\"url\":\"https:\\\/\\\/diarioprincipios.com\\\/wp-content\\\/uploads\\\/2024\\\/04\\\/cropped-www.diarioprincipios.com_-1.png\",\"contentUrl\":\"https:\\\/\\\/diarioprincipios.com\\\/wp-content\\\/uploads\\\/2024\\\/04\\\/cropped-www.diarioprincipios.com_-1.png\",\"width\":5325,\"height\":1454,\"caption\":\"Principios\"},\"image\":{\"@id\":\"https:\\\/\\\/diarioprincipios.com\\\/#\\\/schema\\\/logo\\\/image\\\/\"}},{\"@type\":\"Person\",\"@id\":\"https:\\\/\\\/diarioprincipios.com\\\/#\\\/schema\\\/person\\\/436d5a1fd41a5e250e23ff5a6a7cb080\",\"name\":\"Hern\u00e1n L\u00f3pez\",\"image\":{\"@type\":\"ImageObject\",\"inLanguage\":\"es\",\"@id\":\"https:\\\/\\\/diarioprincipios.com\\\/wp-content\\\/litespeed\\\/avatar\\\/11ddfe5610ff3bd100522525b2571f48.jpg?ver=1777048341\",\"url\":\"https:\\\/\\\/diarioprincipios.com\\\/wp-content\\\/litespeed\\\/avatar\\\/11ddfe5610ff3bd100522525b2571f48.jpg?ver=1777048341\",\"contentUrl\":\"https:\\\/\\\/diarioprincipios.com\\\/wp-content\\\/litespeed\\\/avatar\\\/11ddfe5610ff3bd100522525b2571f48.jpg?ver=1777048341\",\"caption\":\"Hern\u00e1n L\u00f3pez\"},\"url\":\"https:\\\/\\\/diarioprincipios.com\\\/index.php\\\/author\\\/hernan\\\/\"}]}<\/script>\n<!-- \/ Yoast SEO plugin. -->","yoast_head_json":{"title":"Las Industrias de Berazategui no se rinden - Principios","robots":{"index":"index","follow":"follow","max-snippet":"max-snippet:-1","max-image-preview":"max-image-preview:large","max-video-preview":"max-video-preview:-1"},"canonical":"https:\/\/diarioprincipios.com\/index.php\/2025\/07\/21\/las-industrias-de-berazategui-no-se-rinden\/","og_locale":"es_ES","og_type":"article","og_title":"Las Industrias de Berazategui no se rinden - Principios","og_description":"Entrevistamos a Alejandro Bartalini, presidente de la Uni\u00f3n Industrial de Berazategui En un dif\u00edcil contexto econ\u00f3mico, con un gobierno nacional que no le presta atenci\u00f3n al sector productivo, que no impulsa medidas para apuntalar la producci\u00f3n y que por el contrario abre las fronteras a la importaci\u00f3n indiscriminada, los industriales de Berazategui siguen apostando al...","og_url":"https:\/\/diarioprincipios.com\/index.php\/2025\/07\/21\/las-industrias-de-berazategui-no-se-rinden\/","og_site_name":"Principios","article_published_time":"2025-07-21T15:10:08+00:00","og_image":[{"width":1148,"height":1600,"url":"https:\/\/diarioprincipios.com\/wp-content\/uploads\/2025\/07\/IMG-20250717-WA0009.jpg","type":"image\/jpeg"}],"author":"Hern\u00e1n L\u00f3pez","twitter_card":"summary_large_image","twitter_misc":{"Escrito por":"Hern\u00e1n L\u00f3pez","Tiempo de lectura":"5 minutos"},"schema":{"@context":"https:\/\/schema.org","@graph":[{"@type":"Article","@id":"https:\/\/diarioprincipios.com\/index.php\/2025\/07\/21\/las-industrias-de-berazategui-no-se-rinden\/#article","isPartOf":{"@id":"https:\/\/diarioprincipios.com\/index.php\/2025\/07\/21\/las-industrias-de-berazategui-no-se-rinden\/"},"author":{"name":"Hern\u00e1n L\u00f3pez","@id":"https:\/\/diarioprincipios.com\/#\/schema\/person\/436d5a1fd41a5e250e23ff5a6a7cb080"},"headline":"Las Industrias de Berazategui no se rinden","datePublished":"2025-07-21T15:10:08+00:00","mainEntityOfPage":{"@id":"https:\/\/diarioprincipios.com\/index.php\/2025\/07\/21\/las-industrias-de-berazategui-no-se-rinden\/"},"wordCount":1023,"commentCount":0,"publisher":{"@id":"https:\/\/diarioprincipios.com\/#organization"},"image":{"@id":"https:\/\/diarioprincipios.com\/index.php\/2025\/07\/21\/las-industrias-de-berazategui-no-se-rinden\/#primaryimage"},"thumbnailUrl":"https:\/\/diarioprincipios.com\/wp-content\/uploads\/2025\/07\/IMG-20250717-WA0009.jpg","articleSection":["Berazategui","Comercio e Industria"],"inLanguage":"es","potentialAction":[{"@type":"CommentAction","name":"Comment","target":["https:\/\/diarioprincipios.com\/index.php\/2025\/07\/21\/las-industrias-de-berazategui-no-se-rinden\/#respond"]}]},{"@type":"WebPage","@id":"https:\/\/diarioprincipios.com\/index.php\/2025\/07\/21\/las-industrias-de-berazategui-no-se-rinden\/","url":"https:\/\/diarioprincipios.com\/index.php\/2025\/07\/21\/las-industrias-de-berazategui-no-se-rinden\/","name":"Las Industrias de Berazategui no se rinden - Principios","isPartOf":{"@id":"https:\/\/diarioprincipios.com\/#website"},"primaryImageOfPage":{"@id":"https:\/\/diarioprincipios.com\/index.php\/2025\/07\/21\/las-industrias-de-berazategui-no-se-rinden\/#primaryimage"},"image":{"@id":"https:\/\/diarioprincipios.com\/index.php\/2025\/07\/21\/las-industrias-de-berazategui-no-se-rinden\/#primaryimage"},"thumbnailUrl":"https:\/\/diarioprincipios.com\/wp-content\/uploads\/2025\/07\/IMG-20250717-WA0009.jpg","datePublished":"2025-07-21T15:10:08+00:00","breadcrumb":{"@id":"https:\/\/diarioprincipios.com\/index.php\/2025\/07\/21\/las-industrias-de-berazategui-no-se-rinden\/#breadcrumb"},"inLanguage":"es","potentialAction":[{"@type":"ReadAction","target":["https:\/\/diarioprincipios.com\/index.php\/2025\/07\/21\/las-industrias-de-berazategui-no-se-rinden\/"]}]},{"@type":"ImageObject","inLanguage":"es","@id":"https:\/\/diarioprincipios.com\/index.php\/2025\/07\/21\/las-industrias-de-berazategui-no-se-rinden\/#primaryimage","url":"https:\/\/diarioprincipios.com\/wp-content\/uploads\/2025\/07\/IMG-20250717-WA0009.jpg","contentUrl":"https:\/\/diarioprincipios.com\/wp-content\/uploads\/2025\/07\/IMG-20250717-WA0009.jpg","width":1148,"height":1600},{"@type":"BreadcrumbList","@id":"https:\/\/diarioprincipios.com\/index.php\/2025\/07\/21\/las-industrias-de-berazategui-no-se-rinden\/#breadcrumb","itemListElement":[{"@type":"ListItem","position":1,"name":"Portada","item":"https:\/\/diarioprincipios.com\/"},{"@type":"ListItem","position":2,"name":"Las Industrias de Berazategui no se rinden"}]},{"@type":"WebSite","@id":"https:\/\/diarioprincipios.com\/#website","url":"https:\/\/diarioprincipios.com\/","name":"Principios","description":"Principios Diario","publisher":{"@id":"https:\/\/diarioprincipios.com\/#organization"},"potentialAction":[{"@type":"SearchAction","target":{"@type":"EntryPoint","urlTemplate":"https:\/\/diarioprincipios.com\/?s={search_term_string}"},"query-input":{"@type":"PropertyValueSpecification","valueRequired":true,"valueName":"search_term_string"}}],"inLanguage":"es"},{"@type":"Organization","@id":"https:\/\/diarioprincipios.com\/#organization","name":"Principios","url":"https:\/\/diarioprincipios.com\/","logo":{"@type":"ImageObject","inLanguage":"es","@id":"https:\/\/diarioprincipios.com\/#\/schema\/logo\/image\/","url":"https:\/\/diarioprincipios.com\/wp-content\/uploads\/2024\/04\/cropped-www.diarioprincipios.com_-1.png","contentUrl":"https:\/\/diarioprincipios.com\/wp-content\/uploads\/2024\/04\/cropped-www.diarioprincipios.com_-1.png","width":5325,"height":1454,"caption":"Principios"},"image":{"@id":"https:\/\/diarioprincipios.com\/#\/schema\/logo\/image\/"}},{"@type":"Person","@id":"https:\/\/diarioprincipios.com\/#\/schema\/person\/436d5a1fd41a5e250e23ff5a6a7cb080","name":"Hern\u00e1n L\u00f3pez","image":{"@type":"ImageObject","inLanguage":"es","@id":"https:\/\/diarioprincipios.com\/wp-content\/litespeed\/avatar\/11ddfe5610ff3bd100522525b2571f48.jpg?ver=1777048341","url":"https:\/\/diarioprincipios.com\/wp-content\/litespeed\/avatar\/11ddfe5610ff3bd100522525b2571f48.jpg?ver=1777048341","contentUrl":"https:\/\/diarioprincipios.com\/wp-content\/litespeed\/avatar\/11ddfe5610ff3bd100522525b2571f48.jpg?ver=1777048341","caption":"Hern\u00e1n L\u00f3pez"},"url":"https:\/\/diarioprincipios.com\/index.php\/author\/hernan\/"}]}},"jetpack_featured_media_url":"https:\/\/diarioprincipios.com\/wp-content\/uploads\/2025\/07\/IMG-20250717-WA0009.jpg","_links":{"self":[{"href":"https:\/\/diarioprincipios.com\/index.php\/wp-json\/wp\/v2\/posts\/25026","targetHints":{"allow":["GET"]}}],"collection":[{"href":"https:\/\/diarioprincipios.com\/index.php\/wp-json\/wp\/v2\/posts"}],"about":[{"href":"https:\/\/diarioprincipios.com\/index.php\/wp-json\/wp\/v2\/types\/post"}],"author":[{"embeddable":true,"href":"https:\/\/diarioprincipios.com\/index.php\/wp-json\/wp\/v2\/users\/2"}],"replies":[{"embeddable":true,"href":"https:\/\/diarioprincipios.com\/index.php\/wp-json\/wp\/v2\/comments?post=25026"}],"version-history":[{"count":1,"href":"https:\/\/diarioprincipios.com\/index.php\/wp-json\/wp\/v2\/posts\/25026\/revisions"}],"predecessor-version":[{"id":25029,"href":"https:\/\/diarioprincipios.com\/index.php\/wp-json\/wp\/v2\/posts\/25026\/revisions\/25029"}],"wp:featuredmedia":[{"embeddable":true,"href":"https:\/\/diarioprincipios.com\/index.php\/wp-json\/wp\/v2\/media\/25028"}],"wp:attachment":[{"href":"https:\/\/diarioprincipios.com\/index.php\/wp-json\/wp\/v2\/media?parent=25026"}],"wp:term":[{"taxonomy":"category","embeddable":true,"href":"https:\/\/diarioprincipios.com\/index.php\/wp-json\/wp\/v2\/categories?post=25026"},{"taxonomy":"post_tag","embeddable":true,"href":"https:\/\/diarioprincipios.com\/index.php\/wp-json\/wp\/v2\/tags?post=25026"}],"curies":[{"name":"wp","href":"https:\/\/api.w.org\/{rel}","templated":true}]}}