{"id":25020,"date":"2025-07-19T21:10:26","date_gmt":"2025-07-20T00:10:26","guid":{"rendered":"https:\/\/diarioprincipios.com\/?p=25020"},"modified":"2025-07-19T21:10:26","modified_gmt":"2025-07-20T00:10:26","slug":"mussi-necesito-servir-a-berazategui","status":"publish","type":"post","link":"https:\/\/diarioprincipios.com\/index.php\/2025\/07\/19\/mussi-necesito-servir-a-berazategui\/","title":{"rendered":"Mussi: \u201cNecesito servir a Berazategui\u201d"},"content":{"rendered":"\n<p>Juan Jos\u00e9 Mussi anunci\u00f3 su postulaci\u00f3n testimonial como primer concejal y present\u00f3 oficialmente su Lista de candidatos y candidatas a concejales y consejeros escolares -a nivel local- para las Elecciones Legislativas bonaerenses del pr\u00f3ximo 7 de septiembre.<\/p>\n\n\n\n<p>Tras confirmar su candidatura testimonial como primer concejal, el Intendente agreg\u00f3: \u201cMuchos me dicen que hacerlo es un sacrificio, porque no necesito nada. Pero yo necesito servir a Berazategui. Y esto es servir a Berazategui. \u00bfPor qu\u00e9 soy testimonial y volver\u00e9 como Intendente? Necesitamos que la gente sepa d\u00f3nde estamos y qu\u00e9 queremos hacer\u201d.<\/p>\n\n\n\n<p>Por otro lado, durante la ceremonia, asever\u00f3: \u201cYo voy a seguir siendo Intendente el tiempo que me corresponda. Creo en la gente, yo creo que la gente de Berazategui no nos va a abandonar, porque dimos la vida. \u00bfQu\u00e9 me pas\u00f3 la \u00faltima vez que me enferm\u00e9? Me operaron del coraz\u00f3n y a los pocos d\u00edas ya andaba en la calle. Lo hice para estar al lado de la gente, es el camino que eleg\u00ed hace tantos a\u00f1os\u201d. &nbsp;<\/p>\n\n\n\n<figure class=\"wp-block-image size-large\"><img loading=\"lazy\" decoding=\"async\" width=\"1024\" height=\"683\" src=\"https:\/\/diarioprincipios.com\/wp-content\/uploads\/2025\/07\/20250718_Presentacion_Lista_Los_Marinos_SR2_1012-1024x683.jpg\" alt=\"\" class=\"wp-image-25021\" srcset=\"https:\/\/diarioprincipios.com\/wp-content\/uploads\/2025\/07\/20250718_Presentacion_Lista_Los_Marinos_SR2_1012-1024x683.jpg 1024w, https:\/\/diarioprincipios.com\/wp-content\/uploads\/2025\/07\/20250718_Presentacion_Lista_Los_Marinos_SR2_1012-300x200.jpg 300w, https:\/\/diarioprincipios.com\/wp-content\/uploads\/2025\/07\/20250718_Presentacion_Lista_Los_Marinos_SR2_1012-768x512.jpg 768w, https:\/\/diarioprincipios.com\/wp-content\/uploads\/2025\/07\/20250718_Presentacion_Lista_Los_Marinos_SR2_1012-1536x1025.jpg 1536w, https:\/\/diarioprincipios.com\/wp-content\/uploads\/2025\/07\/20250718_Presentacion_Lista_Los_Marinos_SR2_1012-600x400.jpg 600w, https:\/\/diarioprincipios.com\/wp-content\/uploads\/2025\/07\/20250718_Presentacion_Lista_Los_Marinos_SR2_1012.jpg 1920w\" sizes=\"auto, (max-width: 1024px) 100vw, 1024px\" \/><\/figure>\n\n\n\n<p>Y expres\u00f3: \u201cEs casi seguro que \u00e9sta ser\u00e1 mi \u00faltima elecci\u00f3n, pero quiero pelear por un Berazategui mejor. Honestamente, en esta elecci\u00f3n me doler\u00eda mucho si se cae la participaci\u00f3n. Siempre fuimos un ejemplo, esperemos seguir si\u00e9ndolo. Estamos peleando por el crecimiento del distrito, para que no se detenga. \u00bfQui\u00e9n va a defender a los vecinos y vecinas si no somos nosotros, los intendentes? Ya lo hemos demostrado&#8217;\u201d.<\/p>\n\n\n\n<p>Seguidamente, el candidato asegur\u00f3: \u201cSi gano, no gano para m\u00ed. Tratemos de ganar para todos nosotros: m\u00e1s localistas que nunca, m\u00e1s naranjas que nunca. Convoco a todos y todas, a los compa\u00f1eros y a los que no son compa\u00f1eros, para pelear por los de ac\u00e1. Ni nos damos cuenta de todo lo que tenemos. Por todo eso que conseguimos, no podemos fracasar. Quiero caminar tranquilo por la avenida 14 alg\u00fan d\u00eda y que a mi nieto le digan: &#8216;Tu abuelo fue un buen tipo, hizo todas estas cosas por Berazategui&#8217;\u201d.<\/p>\n\n\n\n<p>Adem\u00e1s, el Jefe comunal destac\u00f3: \u201cQuiero agradecer tambi\u00e9n a las instituciones que est\u00e1n presentes, los industriales, el Centro Comercial, el Rotary Club, el Club de Leones y muchos m\u00e1s. No s\u00e9 si en alg\u00fan otro acto de presentaci\u00f3n de listas hay tanta gente de otros sectores de la sociedad y se los quiero agradecer. No tienen ninguna obligaci\u00f3n conmigo, tienen solo la de tratar de pelearla por los y las berazateguenses, y se los quiero agradecer porque eso tiene un enorme valor. Destaco tambi\u00e9n la presencia de una persona que est\u00e1 siempre: Victorio Bruni, el autonomista\u201d.<\/p>\n\n\n\n<figure class=\"wp-block-image size-large\"><img loading=\"lazy\" decoding=\"async\" width=\"1024\" height=\"683\" src=\"https:\/\/diarioprincipios.com\/wp-content\/uploads\/2025\/07\/20250718_Presentacion_Listas_Los_Marinos_JD_29-1024x683.jpg\" alt=\"\" class=\"wp-image-25022\" srcset=\"https:\/\/diarioprincipios.com\/wp-content\/uploads\/2025\/07\/20250718_Presentacion_Listas_Los_Marinos_JD_29-1024x683.jpg 1024w, https:\/\/diarioprincipios.com\/wp-content\/uploads\/2025\/07\/20250718_Presentacion_Listas_Los_Marinos_JD_29-300x200.jpg 300w, https:\/\/diarioprincipios.com\/wp-content\/uploads\/2025\/07\/20250718_Presentacion_Listas_Los_Marinos_JD_29-768x512.jpg 768w, https:\/\/diarioprincipios.com\/wp-content\/uploads\/2025\/07\/20250718_Presentacion_Listas_Los_Marinos_JD_29-1536x1024.jpg 1536w, https:\/\/diarioprincipios.com\/wp-content\/uploads\/2025\/07\/20250718_Presentacion_Listas_Los_Marinos_JD_29-600x400.jpg 600w, https:\/\/diarioprincipios.com\/wp-content\/uploads\/2025\/07\/20250718_Presentacion_Listas_Los_Marinos_JD_29.jpg 1920w\" sizes=\"auto, (max-width: 1024px) 100vw, 1024px\" \/><\/figure>\n\n\n\n<p>Finalmente, dirigi\u00e9ndose a los candidatos y candidatas, Mussi declar\u00f3: \u201cHubo un General de la Argentina que dijo &#8216;a los fr\u00edos y a los tibios los vomita el Diablo&#8217;. Yo pienso eso, no quiero fr\u00edos ni tibios -ni tampoco pasarse de calientes, porque enfrente tienen a la gente-, pero s\u00ed que cumplan el mandato que les va a dar el voto de los y las berazateguenses. Si as\u00ed no lo hiciere, que Dios y la Patria se lo demanden\u201d. Y asegur\u00f3: \u201cYo apoyo incondicionalmente al gobernador de la provincia de Buenos Aires, Axel Kicillof. El voto a m\u00ed no es ni m\u00e1s ni menos que seguir agrandando el apoyo a Axel Kicillof\u201d.<\/p>\n\n\n\n<p>Candidatos a concejales y concejalas titulares: Juan Jos\u00e9 Mussi, Mar\u00eda Laura Lacava, Marcelo Fabi\u00e1n Benedetti, Andrea Elisabet Canestro, Pablo Ciabocco, Irma Rosa Bauche, Juan Bautista L\u00f3pez, Graciela Griselda Genes, Jorge Ulianow, Gisela Ver\u00f3nica Grycajuk, Rodolfo Emilio Piaggi y Adriana Alonso Ortega.<\/p>\n\n\n\n<p>Candidatos a concejales y concejalas suplentes: Alexis Maximiliano Acosta, Roc\u00edo Anah\u00ed Alfonso, Juan Antonio Quiroga, Camila Sandoval, Emmanuel Mauro Oscar Medina, Nancy Carmen Morales, Juan Eduardo Moreno y Daiana Bel\u00e9n Gonz\u00e1lez.<\/p>\n\n\n\n<p>Candidatos a consejeros y consejeras escolares titulares: Alejandro Cardelle, Mara Vitek, Emmanuel Puentes y Cristina Martinini.<\/p>\n\n\n\n<p>Candidatos a consejeros y consejeras escolares suplentes: Diego Stier, Daniela Cutini, V\u00edctor Blachet y Viviana Acosta.<\/p>\n\n\n\n<figure class=\"wp-block-image size-large\"><img loading=\"lazy\" decoding=\"async\" width=\"1024\" height=\"683\" src=\"https:\/\/diarioprincipios.com\/wp-content\/uploads\/2025\/07\/20250718_Presentacion_Listas_Los_Marinos_JD_329-1024x683.jpg\" alt=\"\" class=\"wp-image-25023\" srcset=\"https:\/\/diarioprincipios.com\/wp-content\/uploads\/2025\/07\/20250718_Presentacion_Listas_Los_Marinos_JD_329-1024x683.jpg 1024w, https:\/\/diarioprincipios.com\/wp-content\/uploads\/2025\/07\/20250718_Presentacion_Listas_Los_Marinos_JD_329-300x200.jpg 300w, https:\/\/diarioprincipios.com\/wp-content\/uploads\/2025\/07\/20250718_Presentacion_Listas_Los_Marinos_JD_329-768x512.jpg 768w, https:\/\/diarioprincipios.com\/wp-content\/uploads\/2025\/07\/20250718_Presentacion_Listas_Los_Marinos_JD_329-1536x1024.jpg 1536w, https:\/\/diarioprincipios.com\/wp-content\/uploads\/2025\/07\/20250718_Presentacion_Listas_Los_Marinos_JD_329-600x400.jpg 600w, https:\/\/diarioprincipios.com\/wp-content\/uploads\/2025\/07\/20250718_Presentacion_Listas_Los_Marinos_JD_329.jpg 1920w\" sizes=\"auto, (max-width: 1024px) 100vw, 1024px\" \/><\/figure>\n\n\n\n<p>Como ya es tradici\u00f3n, el hist\u00f3rico dirigente de Berazategui eligi\u00f3 el Club Los Marinos como sede para el desarrollo de este evento, de cara al nuevo proceso electoral. All\u00ed estuvieron presentes, adem\u00e1s, acompa\u00f1ando a Juan Jos\u00e9 Mussi: vecinos, vecinas, integrantes de instituciones intermedias, representantes de movimientos sociales y militantes, entre otros<\/p>\n","protected":false},"excerpt":{"rendered":"<p>Juan Jos\u00e9 Mussi anunci\u00f3 su postulaci\u00f3n testimonial como primer concejal y present\u00f3 oficialmente su Lista de candidatos y candidatas a concejales y consejeros escolares -a nivel local- para las Elecciones Legislativas bonaerenses del pr\u00f3ximo 7 de septiembre. Tras confirmar su candidatura testimonial como primer concejal, el Intendente agreg\u00f3: \u201cMuchos me dicen que hacerlo es un&#8230;<\/p>\n","protected":false},"author":2,"featured_media":25024,"comment_status":"open","ping_status":"open","sticky":false,"template":"","format":"standard","meta":{"footnotes":""},"categories":[3],"tags":[],"class_list":["post-25020","post","type-post","status-publish","format-standard","has-post-thumbnail","hentry","category-berazategui"],"featured_image_src":"https:\/\/diarioprincipios.com\/wp-content\/uploads\/2025\/07\/20250718_Presentacion_Listas_Los_Marinos_NM_0768-1024x683.jpg","blog_images":{"medium":"https:\/\/diarioprincipios.com\/wp-content\/uploads\/2025\/07\/20250718_Presentacion_Listas_Los_Marinos_NM_0768-300x200.jpg","large":"https:\/\/diarioprincipios.com\/wp-content\/uploads\/2025\/07\/20250718_Presentacion_Listas_Los_Marinos_NM_0768-1024x683.jpg"},"ams_acf":[],"yoast_head":"<!-- This site is optimized with the Yoast SEO plugin v27.3 - https:\/\/yoast.com\/product\/yoast-seo-wordpress\/ -->\n<title>Mussi: \u201cNecesito servir a Berazategui\u201d - Principios<\/title>\n<meta name=\"robots\" content=\"index, follow, max-snippet:-1, max-image-preview:large, max-video-preview:-1\" \/>\n<link rel=\"canonical\" href=\"https:\/\/diarioprincipios.com\/index.php\/2025\/07\/19\/mussi-necesito-servir-a-berazategui\/\" \/>\n<meta property=\"og:locale\" content=\"es_ES\" \/>\n<meta property=\"og:type\" content=\"article\" \/>\n<meta property=\"og:title\" content=\"Mussi: \u201cNecesito servir a Berazategui\u201d - Principios\" \/>\n<meta property=\"og:description\" content=\"Juan Jos\u00e9 Mussi anunci\u00f3 su postulaci\u00f3n testimonial como primer concejal y present\u00f3 oficialmente su Lista de candidatos y candidatas a concejales y consejeros escolares -a nivel local- para las Elecciones Legislativas bonaerenses del pr\u00f3ximo 7 de septiembre. Tras confirmar su candidatura testimonial como primer concejal, el Intendente agreg\u00f3: \u201cMuchos me dicen que hacerlo es un...\" \/>\n<meta property=\"og:url\" content=\"https:\/\/diarioprincipios.com\/index.php\/2025\/07\/19\/mussi-necesito-servir-a-berazategui\/\" \/>\n<meta property=\"og:site_name\" content=\"Principios\" \/>\n<meta property=\"article:published_time\" content=\"2025-07-20T00:10:26+00:00\" \/>\n<meta property=\"og:image\" content=\"https:\/\/diarioprincipios.com\/wp-content\/uploads\/2025\/07\/20250718_Presentacion_Listas_Los_Marinos_NM_0768.jpg\" \/>\n\t<meta property=\"og:image:width\" content=\"1920\" \/>\n\t<meta property=\"og:image:height\" content=\"1280\" \/>\n\t<meta property=\"og:image:type\" content=\"image\/jpeg\" \/>\n<meta name=\"author\" content=\"Hern\u00e1n L\u00f3pez\" \/>\n<meta name=\"twitter:card\" content=\"summary_large_image\" \/>\n<meta name=\"twitter:label1\" content=\"Escrito por\" \/>\n\t<meta name=\"twitter:data1\" content=\"Hern\u00e1n L\u00f3pez\" \/>\n\t<meta name=\"twitter:label2\" content=\"Tiempo de lectura\" \/>\n\t<meta name=\"twitter:data2\" content=\"4 minutos\" \/>\n<script type=\"application\/ld+json\" class=\"yoast-schema-graph\">{\"@context\":\"https:\\\/\\\/schema.org\",\"@graph\":[{\"@type\":\"Article\",\"@id\":\"https:\\\/\\\/diarioprincipios.com\\\/index.php\\\/2025\\\/07\\\/19\\\/mussi-necesito-servir-a-berazategui\\\/#article\",\"isPartOf\":{\"@id\":\"https:\\\/\\\/diarioprincipios.com\\\/index.php\\\/2025\\\/07\\\/19\\\/mussi-necesito-servir-a-berazategui\\\/\"},\"author\":{\"name\":\"Hern\u00e1n L\u00f3pez\",\"@id\":\"https:\\\/\\\/diarioprincipios.com\\\/#\\\/schema\\\/person\\\/436d5a1fd41a5e250e23ff5a6a7cb080\"},\"headline\":\"Mussi: \u201cNecesito servir a Berazategui\u201d\",\"datePublished\":\"2025-07-20T00:10:26+00:00\",\"mainEntityOfPage\":{\"@id\":\"https:\\\/\\\/diarioprincipios.com\\\/index.php\\\/2025\\\/07\\\/19\\\/mussi-necesito-servir-a-berazategui\\\/\"},\"wordCount\":735,\"commentCount\":0,\"publisher\":{\"@id\":\"https:\\\/\\\/diarioprincipios.com\\\/#organization\"},\"image\":{\"@id\":\"https:\\\/\\\/diarioprincipios.com\\\/index.php\\\/2025\\\/07\\\/19\\\/mussi-necesito-servir-a-berazategui\\\/#primaryimage\"},\"thumbnailUrl\":\"https:\\\/\\\/diarioprincipios.com\\\/wp-content\\\/uploads\\\/2025\\\/07\\\/20250718_Presentacion_Listas_Los_Marinos_NM_0768.jpg\",\"articleSection\":[\"Berazategui\"],\"inLanguage\":\"es\",\"potentialAction\":[{\"@type\":\"CommentAction\",\"name\":\"Comment\",\"target\":[\"https:\\\/\\\/diarioprincipios.com\\\/index.php\\\/2025\\\/07\\\/19\\\/mussi-necesito-servir-a-berazategui\\\/#respond\"]}]},{\"@type\":\"WebPage\",\"@id\":\"https:\\\/\\\/diarioprincipios.com\\\/index.php\\\/2025\\\/07\\\/19\\\/mussi-necesito-servir-a-berazategui\\\/\",\"url\":\"https:\\\/\\\/diarioprincipios.com\\\/index.php\\\/2025\\\/07\\\/19\\\/mussi-necesito-servir-a-berazategui\\\/\",\"name\":\"Mussi: \u201cNecesito servir a Berazategui\u201d - Principios\",\"isPartOf\":{\"@id\":\"https:\\\/\\\/diarioprincipios.com\\\/#website\"},\"primaryImageOfPage\":{\"@id\":\"https:\\\/\\\/diarioprincipios.com\\\/index.php\\\/2025\\\/07\\\/19\\\/mussi-necesito-servir-a-berazategui\\\/#primaryimage\"},\"image\":{\"@id\":\"https:\\\/\\\/diarioprincipios.com\\\/index.php\\\/2025\\\/07\\\/19\\\/mussi-necesito-servir-a-berazategui\\\/#primaryimage\"},\"thumbnailUrl\":\"https:\\\/\\\/diarioprincipios.com\\\/wp-content\\\/uploads\\\/2025\\\/07\\\/20250718_Presentacion_Listas_Los_Marinos_NM_0768.jpg\",\"datePublished\":\"2025-07-20T00:10:26+00:00\",\"breadcrumb\":{\"@id\":\"https:\\\/\\\/diarioprincipios.com\\\/index.php\\\/2025\\\/07\\\/19\\\/mussi-necesito-servir-a-berazategui\\\/#breadcrumb\"},\"inLanguage\":\"es\",\"potentialAction\":[{\"@type\":\"ReadAction\",\"target\":[\"https:\\\/\\\/diarioprincipios.com\\\/index.php\\\/2025\\\/07\\\/19\\\/mussi-necesito-servir-a-berazategui\\\/\"]}]},{\"@type\":\"ImageObject\",\"inLanguage\":\"es\",\"@id\":\"https:\\\/\\\/diarioprincipios.com\\\/index.php\\\/2025\\\/07\\\/19\\\/mussi-necesito-servir-a-berazategui\\\/#primaryimage\",\"url\":\"https:\\\/\\\/diarioprincipios.com\\\/wp-content\\\/uploads\\\/2025\\\/07\\\/20250718_Presentacion_Listas_Los_Marinos_NM_0768.jpg\",\"contentUrl\":\"https:\\\/\\\/diarioprincipios.com\\\/wp-content\\\/uploads\\\/2025\\\/07\\\/20250718_Presentacion_Listas_Los_Marinos_NM_0768.jpg\",\"width\":1920,\"height\":1280},{\"@type\":\"BreadcrumbList\",\"@id\":\"https:\\\/\\\/diarioprincipios.com\\\/index.php\\\/2025\\\/07\\\/19\\\/mussi-necesito-servir-a-berazategui\\\/#breadcrumb\",\"itemListElement\":[{\"@type\":\"ListItem\",\"position\":1,\"name\":\"Portada\",\"item\":\"https:\\\/\\\/diarioprincipios.com\\\/\"},{\"@type\":\"ListItem\",\"position\":2,\"name\":\"Mussi: \u201cNecesito servir a Berazategui\u201d\"}]},{\"@type\":\"WebSite\",\"@id\":\"https:\\\/\\\/diarioprincipios.com\\\/#website\",\"url\":\"https:\\\/\\\/diarioprincipios.com\\\/\",\"name\":\"Principios\",\"description\":\"Principios Diario\",\"publisher\":{\"@id\":\"https:\\\/\\\/diarioprincipios.com\\\/#organization\"},\"potentialAction\":[{\"@type\":\"SearchAction\",\"target\":{\"@type\":\"EntryPoint\",\"urlTemplate\":\"https:\\\/\\\/diarioprincipios.com\\\/?s={search_term_string}\"},\"query-input\":{\"@type\":\"PropertyValueSpecification\",\"valueRequired\":true,\"valueName\":\"search_term_string\"}}],\"inLanguage\":\"es\"},{\"@type\":\"Organization\",\"@id\":\"https:\\\/\\\/diarioprincipios.com\\\/#organization\",\"name\":\"Principios\",\"url\":\"https:\\\/\\\/diarioprincipios.com\\\/\",\"logo\":{\"@type\":\"ImageObject\",\"inLanguage\":\"es\",\"@id\":\"https:\\\/\\\/diarioprincipios.com\\\/#\\\/schema\\\/logo\\\/image\\\/\",\"url\":\"https:\\\/\\\/diarioprincipios.com\\\/wp-content\\\/uploads\\\/2024\\\/04\\\/cropped-www.diarioprincipios.com_-1.png\",\"contentUrl\":\"https:\\\/\\\/diarioprincipios.com\\\/wp-content\\\/uploads\\\/2024\\\/04\\\/cropped-www.diarioprincipios.com_-1.png\",\"width\":5325,\"height\":1454,\"caption\":\"Principios\"},\"image\":{\"@id\":\"https:\\\/\\\/diarioprincipios.com\\\/#\\\/schema\\\/logo\\\/image\\\/\"}},{\"@type\":\"Person\",\"@id\":\"https:\\\/\\\/diarioprincipios.com\\\/#\\\/schema\\\/person\\\/436d5a1fd41a5e250e23ff5a6a7cb080\",\"name\":\"Hern\u00e1n L\u00f3pez\",\"image\":{\"@type\":\"ImageObject\",\"inLanguage\":\"es\",\"@id\":\"https:\\\/\\\/diarioprincipios.com\\\/wp-content\\\/litespeed\\\/avatar\\\/11ddfe5610ff3bd100522525b2571f48.jpg?ver=1777048341\",\"url\":\"https:\\\/\\\/diarioprincipios.com\\\/wp-content\\\/litespeed\\\/avatar\\\/11ddfe5610ff3bd100522525b2571f48.jpg?ver=1777048341\",\"contentUrl\":\"https:\\\/\\\/diarioprincipios.com\\\/wp-content\\\/litespeed\\\/avatar\\\/11ddfe5610ff3bd100522525b2571f48.jpg?ver=1777048341\",\"caption\":\"Hern\u00e1n L\u00f3pez\"},\"url\":\"https:\\\/\\\/diarioprincipios.com\\\/index.php\\\/author\\\/hernan\\\/\"}]}<\/script>\n<!-- \/ Yoast SEO plugin. -->","yoast_head_json":{"title":"Mussi: \u201cNecesito servir a Berazategui\u201d - Principios","robots":{"index":"index","follow":"follow","max-snippet":"max-snippet:-1","max-image-preview":"max-image-preview:large","max-video-preview":"max-video-preview:-1"},"canonical":"https:\/\/diarioprincipios.com\/index.php\/2025\/07\/19\/mussi-necesito-servir-a-berazategui\/","og_locale":"es_ES","og_type":"article","og_title":"Mussi: \u201cNecesito servir a Berazategui\u201d - Principios","og_description":"Juan Jos\u00e9 Mussi anunci\u00f3 su postulaci\u00f3n testimonial como primer concejal y present\u00f3 oficialmente su Lista de candidatos y candidatas a concejales y consejeros escolares -a nivel local- para las Elecciones Legislativas bonaerenses del pr\u00f3ximo 7 de septiembre. Tras confirmar su candidatura testimonial como primer concejal, el Intendente agreg\u00f3: \u201cMuchos me dicen que hacerlo es un...","og_url":"https:\/\/diarioprincipios.com\/index.php\/2025\/07\/19\/mussi-necesito-servir-a-berazategui\/","og_site_name":"Principios","article_published_time":"2025-07-20T00:10:26+00:00","og_image":[{"width":1920,"height":1280,"url":"https:\/\/diarioprincipios.com\/wp-content\/uploads\/2025\/07\/20250718_Presentacion_Listas_Los_Marinos_NM_0768.jpg","type":"image\/jpeg"}],"author":"Hern\u00e1n L\u00f3pez","twitter_card":"summary_large_image","twitter_misc":{"Escrito por":"Hern\u00e1n L\u00f3pez","Tiempo de lectura":"4 minutos"},"schema":{"@context":"https:\/\/schema.org","@graph":[{"@type":"Article","@id":"https:\/\/diarioprincipios.com\/index.php\/2025\/07\/19\/mussi-necesito-servir-a-berazategui\/#article","isPartOf":{"@id":"https:\/\/diarioprincipios.com\/index.php\/2025\/07\/19\/mussi-necesito-servir-a-berazategui\/"},"author":{"name":"Hern\u00e1n L\u00f3pez","@id":"https:\/\/diarioprincipios.com\/#\/schema\/person\/436d5a1fd41a5e250e23ff5a6a7cb080"},"headline":"Mussi: \u201cNecesito servir a Berazategui\u201d","datePublished":"2025-07-20T00:10:26+00:00","mainEntityOfPage":{"@id":"https:\/\/diarioprincipios.com\/index.php\/2025\/07\/19\/mussi-necesito-servir-a-berazategui\/"},"wordCount":735,"commentCount":0,"publisher":{"@id":"https:\/\/diarioprincipios.com\/#organization"},"image":{"@id":"https:\/\/diarioprincipios.com\/index.php\/2025\/07\/19\/mussi-necesito-servir-a-berazategui\/#primaryimage"},"thumbnailUrl":"https:\/\/diarioprincipios.com\/wp-content\/uploads\/2025\/07\/20250718_Presentacion_Listas_Los_Marinos_NM_0768.jpg","articleSection":["Berazategui"],"inLanguage":"es","potentialAction":[{"@type":"CommentAction","name":"Comment","target":["https:\/\/diarioprincipios.com\/index.php\/2025\/07\/19\/mussi-necesito-servir-a-berazategui\/#respond"]}]},{"@type":"WebPage","@id":"https:\/\/diarioprincipios.com\/index.php\/2025\/07\/19\/mussi-necesito-servir-a-berazategui\/","url":"https:\/\/diarioprincipios.com\/index.php\/2025\/07\/19\/mussi-necesito-servir-a-berazategui\/","name":"Mussi: \u201cNecesito servir a Berazategui\u201d - Principios","isPartOf":{"@id":"https:\/\/diarioprincipios.com\/#website"},"primaryImageOfPage":{"@id":"https:\/\/diarioprincipios.com\/index.php\/2025\/07\/19\/mussi-necesito-servir-a-berazategui\/#primaryimage"},"image":{"@id":"https:\/\/diarioprincipios.com\/index.php\/2025\/07\/19\/mussi-necesito-servir-a-berazategui\/#primaryimage"},"thumbnailUrl":"https:\/\/diarioprincipios.com\/wp-content\/uploads\/2025\/07\/20250718_Presentacion_Listas_Los_Marinos_NM_0768.jpg","datePublished":"2025-07-20T00:10:26+00:00","breadcrumb":{"@id":"https:\/\/diarioprincipios.com\/index.php\/2025\/07\/19\/mussi-necesito-servir-a-berazategui\/#breadcrumb"},"inLanguage":"es","potentialAction":[{"@type":"ReadAction","target":["https:\/\/diarioprincipios.com\/index.php\/2025\/07\/19\/mussi-necesito-servir-a-berazategui\/"]}]},{"@type":"ImageObject","inLanguage":"es","@id":"https:\/\/diarioprincipios.com\/index.php\/2025\/07\/19\/mussi-necesito-servir-a-berazategui\/#primaryimage","url":"https:\/\/diarioprincipios.com\/wp-content\/uploads\/2025\/07\/20250718_Presentacion_Listas_Los_Marinos_NM_0768.jpg","contentUrl":"https:\/\/diarioprincipios.com\/wp-content\/uploads\/2025\/07\/20250718_Presentacion_Listas_Los_Marinos_NM_0768.jpg","width":1920,"height":1280},{"@type":"BreadcrumbList","@id":"https:\/\/diarioprincipios.com\/index.php\/2025\/07\/19\/mussi-necesito-servir-a-berazategui\/#breadcrumb","itemListElement":[{"@type":"ListItem","position":1,"name":"Portada","item":"https:\/\/diarioprincipios.com\/"},{"@type":"ListItem","position":2,"name":"Mussi: \u201cNecesito servir a Berazategui\u201d"}]},{"@type":"WebSite","@id":"https:\/\/diarioprincipios.com\/#website","url":"https:\/\/diarioprincipios.com\/","name":"Principios","description":"Principios Diario","publisher":{"@id":"https:\/\/diarioprincipios.com\/#organization"},"potentialAction":[{"@type":"SearchAction","target":{"@type":"EntryPoint","urlTemplate":"https:\/\/diarioprincipios.com\/?s={search_term_string}"},"query-input":{"@type":"PropertyValueSpecification","valueRequired":true,"valueName":"search_term_string"}}],"inLanguage":"es"},{"@type":"Organization","@id":"https:\/\/diarioprincipios.com\/#organization","name":"Principios","url":"https:\/\/diarioprincipios.com\/","logo":{"@type":"ImageObject","inLanguage":"es","@id":"https:\/\/diarioprincipios.com\/#\/schema\/logo\/image\/","url":"https:\/\/diarioprincipios.com\/wp-content\/uploads\/2024\/04\/cropped-www.diarioprincipios.com_-1.png","contentUrl":"https:\/\/diarioprincipios.com\/wp-content\/uploads\/2024\/04\/cropped-www.diarioprincipios.com_-1.png","width":5325,"height":1454,"caption":"Principios"},"image":{"@id":"https:\/\/diarioprincipios.com\/#\/schema\/logo\/image\/"}},{"@type":"Person","@id":"https:\/\/diarioprincipios.com\/#\/schema\/person\/436d5a1fd41a5e250e23ff5a6a7cb080","name":"Hern\u00e1n L\u00f3pez","image":{"@type":"ImageObject","inLanguage":"es","@id":"https:\/\/diarioprincipios.com\/wp-content\/litespeed\/avatar\/11ddfe5610ff3bd100522525b2571f48.jpg?ver=1777048341","url":"https:\/\/diarioprincipios.com\/wp-content\/litespeed\/avatar\/11ddfe5610ff3bd100522525b2571f48.jpg?ver=1777048341","contentUrl":"https:\/\/diarioprincipios.com\/wp-content\/litespeed\/avatar\/11ddfe5610ff3bd100522525b2571f48.jpg?ver=1777048341","caption":"Hern\u00e1n L\u00f3pez"},"url":"https:\/\/diarioprincipios.com\/index.php\/author\/hernan\/"}]}},"jetpack_featured_media_url":"https:\/\/diarioprincipios.com\/wp-content\/uploads\/2025\/07\/20250718_Presentacion_Listas_Los_Marinos_NM_0768.jpg","_links":{"self":[{"href":"https:\/\/diarioprincipios.com\/index.php\/wp-json\/wp\/v2\/posts\/25020","targetHints":{"allow":["GET"]}}],"collection":[{"href":"https:\/\/diarioprincipios.com\/index.php\/wp-json\/wp\/v2\/posts"}],"about":[{"href":"https:\/\/diarioprincipios.com\/index.php\/wp-json\/wp\/v2\/types\/post"}],"author":[{"embeddable":true,"href":"https:\/\/diarioprincipios.com\/index.php\/wp-json\/wp\/v2\/users\/2"}],"replies":[{"embeddable":true,"href":"https:\/\/diarioprincipios.com\/index.php\/wp-json\/wp\/v2\/comments?post=25020"}],"version-history":[{"count":1,"href":"https:\/\/diarioprincipios.com\/index.php\/wp-json\/wp\/v2\/posts\/25020\/revisions"}],"predecessor-version":[{"id":25025,"href":"https:\/\/diarioprincipios.com\/index.php\/wp-json\/wp\/v2\/posts\/25020\/revisions\/25025"}],"wp:featuredmedia":[{"embeddable":true,"href":"https:\/\/diarioprincipios.com\/index.php\/wp-json\/wp\/v2\/media\/25024"}],"wp:attachment":[{"href":"https:\/\/diarioprincipios.com\/index.php\/wp-json\/wp\/v2\/media?parent=25020"}],"wp:term":[{"taxonomy":"category","embeddable":true,"href":"https:\/\/diarioprincipios.com\/index.php\/wp-json\/wp\/v2\/categories?post=25020"},{"taxonomy":"post_tag","embeddable":true,"href":"https:\/\/diarioprincipios.com\/index.php\/wp-json\/wp\/v2\/tags?post=25020"}],"curies":[{"name":"wp","href":"https:\/\/api.w.org\/{rel}","templated":true}]}}