{"id":24969,"date":"2025-07-12T21:21:03","date_gmt":"2025-07-13T00:21:03","guid":{"rendered":"https:\/\/diarioprincipios.com\/?p=24969"},"modified":"2025-07-12T21:21:03","modified_gmt":"2025-07-13T00:21:03","slug":"mussi-inauguro-el-centro-civico-municipal-villa-espana-platanos","status":"publish","type":"post","link":"https:\/\/diarioprincipios.com\/index.php\/2025\/07\/12\/mussi-inauguro-el-centro-civico-municipal-villa-espana-platanos\/","title":{"rendered":"Mussi inaugur\u00f3 el Centro C\u00edvico Municipal Villa Espa\u00f1a- Pl\u00e1tanos"},"content":{"rendered":"\n<p>Una obra financiada \u00edntegramente por la Municipalidad de Berazategui<\/p>\n\n\n\n<p>El intendente, Juan Jos\u00e9 Mussi, encabez\u00f3 el acto de apertura del Centro C\u00edvico Municipal Villa Espa\u00f1a &#8211; Pl\u00e1tanos C\u00edrculo Italiano, un nuevo espacio donde los vecinos y vecinas podr\u00e1n realizar sus tr\u00e1mites, participar en talleres culturales y acceder a m\u00e1s y mejores servicios. La obra, impulsada por el Jefe comunal, fue financiada \u00edntegramente por el Municipio y desarrollada en un sector de la sede del C\u00edrculo Italiano (calle 151 A entre Av. Italia y 34), cedido por sus autoridades.<\/p>\n\n\n\n<p>\u201cNo se imaginan la alegr\u00eda que es para m\u00ed inaugurar este Centro C\u00edvico. Desde la Municipalidad pensamos siempre en nuestra Patria Chica y hacemos las cosas m\u00e1s lindas para nuestros vecinos y vecinas. Este espacio es p\u00fablico y de calidad: eso es una forma de homenajear a los italianos que fundaron el C\u00edrculo\u201d, expres\u00f3 Mussi. Y destac\u00f3: \u201cEl Municipio invierte en la ciudad, por eso aqu\u00ed van a funcionar distintos servicios para la comunidad\u201d.<\/p>\n\n\n\n<figure class=\"wp-block-image size-large\"><img loading=\"lazy\" decoding=\"async\" width=\"1024\" height=\"683\" src=\"https:\/\/diarioprincipios.com\/wp-content\/uploads\/2025\/07\/20250712_Inauguracion_Obra_Centro_Civico_Municipal_Villa_Espana_Platanos_NM_059-1024x683.jpg\" alt=\"\" class=\"wp-image-24970\" srcset=\"https:\/\/diarioprincipios.com\/wp-content\/uploads\/2025\/07\/20250712_Inauguracion_Obra_Centro_Civico_Municipal_Villa_Espana_Platanos_NM_059-1024x683.jpg 1024w, https:\/\/diarioprincipios.com\/wp-content\/uploads\/2025\/07\/20250712_Inauguracion_Obra_Centro_Civico_Municipal_Villa_Espana_Platanos_NM_059-300x200.jpg 300w, https:\/\/diarioprincipios.com\/wp-content\/uploads\/2025\/07\/20250712_Inauguracion_Obra_Centro_Civico_Municipal_Villa_Espana_Platanos_NM_059-768x512.jpg 768w, https:\/\/diarioprincipios.com\/wp-content\/uploads\/2025\/07\/20250712_Inauguracion_Obra_Centro_Civico_Municipal_Villa_Espana_Platanos_NM_059-1536x1024.jpg 1536w, https:\/\/diarioprincipios.com\/wp-content\/uploads\/2025\/07\/20250712_Inauguracion_Obra_Centro_Civico_Municipal_Villa_Espana_Platanos_NM_059-600x400.jpg 600w, https:\/\/diarioprincipios.com\/wp-content\/uploads\/2025\/07\/20250712_Inauguracion_Obra_Centro_Civico_Municipal_Villa_Espana_Platanos_NM_059.jpg 1920w\" sizes=\"auto, (max-width: 1024px) 100vw, 1024px\" \/><\/figure>\n\n\n\n<p>En el nuevo Centro C\u00edvico se ubican la Delegaci\u00f3n Municipal, cinco aulas para los talleres del Centro Cultural Municipal, oficinas de atenci\u00f3n al p\u00fablico, un Sal\u00f3n de Usos M\u00faltiples (SUM), un sal\u00f3n de eventos y la sede del C\u00edrculo Italiano.<\/p>\n\n\n\n<p>Por su parte, el secretario de Cultura y Educaci\u00f3n local, Federico L\u00f3pez, asegur\u00f3: \u201cGracias al acuerdo de la Comisi\u00f3n Directiva del C\u00edrculo Italiano y la Municipalidad de Berazategui podemos contar con este lugar reformado. El intendente, Juan Jos\u00e9 Mussi, entiende que la cultura no es un gasto sino una inversi\u00f3n, y que estos espacios son necesarios para la construcci\u00f3n comunitaria e identitaria\u201d.<\/p>\n\n\n\n<p>La realizaci\u00f3n del proyecto comenz\u00f3 cuando se firm\u00f3 un comodato para que la Municipalidad de Berazategui se hiciera cargo de un espacio de dicho establecimiento local emblem\u00e1tico. El acuerdo fue concretado por el intendente, Juan Jos\u00e9 Mussi, y autoridades de la instituci\u00f3n.<\/p>\n\n\n\n<figure class=\"wp-block-image size-large\"><img loading=\"lazy\" decoding=\"async\" width=\"1024\" height=\"683\" src=\"https:\/\/diarioprincipios.com\/wp-content\/uploads\/2025\/07\/20250712_Inauguracion_Obra_Centro_Civico_Municipal_Villa_Espana_Platanos_NM_170-1024x683.jpg\" alt=\"\" class=\"wp-image-24971\" srcset=\"https:\/\/diarioprincipios.com\/wp-content\/uploads\/2025\/07\/20250712_Inauguracion_Obra_Centro_Civico_Municipal_Villa_Espana_Platanos_NM_170-1024x683.jpg 1024w, https:\/\/diarioprincipios.com\/wp-content\/uploads\/2025\/07\/20250712_Inauguracion_Obra_Centro_Civico_Municipal_Villa_Espana_Platanos_NM_170-300x200.jpg 300w, https:\/\/diarioprincipios.com\/wp-content\/uploads\/2025\/07\/20250712_Inauguracion_Obra_Centro_Civico_Municipal_Villa_Espana_Platanos_NM_170-768x512.jpg 768w, https:\/\/diarioprincipios.com\/wp-content\/uploads\/2025\/07\/20250712_Inauguracion_Obra_Centro_Civico_Municipal_Villa_Espana_Platanos_NM_170-1536x1024.jpg 1536w, https:\/\/diarioprincipios.com\/wp-content\/uploads\/2025\/07\/20250712_Inauguracion_Obra_Centro_Civico_Municipal_Villa_Espana_Platanos_NM_170-600x400.jpg 600w, https:\/\/diarioprincipios.com\/wp-content\/uploads\/2025\/07\/20250712_Inauguracion_Obra_Centro_Civico_Municipal_Villa_Espana_Platanos_NM_170.jpg 1920w\" sizes=\"auto, (max-width: 1024px) 100vw, 1024px\" \/><\/figure>\n\n\n\n<p>Participaron en el acto inaugural, adem\u00e1s, integrantes del Gabinete municipal, del Concejo Deliberante, de instituciones de la zona, vecinos y vecinas.<\/p>\n\n\n\n<p>Una de las vecinas presentes, Sonia Montoya, afirm\u00f3: \u201cEsto es algo bueno para el barrio porque nos permite acceder a servicios cerca de nuestras casas. Agradezco a la Municipalidad y al Intendente por este espacio renovado\u201d.<\/p>\n","protected":false},"excerpt":{"rendered":"<p>Una obra financiada \u00edntegramente por la Municipalidad de Berazategui El intendente, Juan Jos\u00e9 Mussi, encabez\u00f3 el acto de apertura del Centro C\u00edvico Municipal Villa Espa\u00f1a &#8211; Pl\u00e1tanos C\u00edrculo Italiano, un nuevo espacio donde los vecinos y vecinas podr\u00e1n realizar sus tr\u00e1mites, participar en talleres culturales y acceder a m\u00e1s y mejores servicios. La obra, impulsada&#8230;<\/p>\n","protected":false},"author":2,"featured_media":24972,"comment_status":"open","ping_status":"open","sticky":false,"template":"","format":"standard","meta":{"footnotes":""},"categories":[3],"tags":[],"class_list":["post-24969","post","type-post","status-publish","format-standard","has-post-thumbnail","hentry","category-berazategui"],"featured_image_src":"https:\/\/diarioprincipios.com\/wp-content\/uploads\/2025\/07\/20250712__Inauguracion_Centro_Civico_Municipal_Villa_Espana_Platano_095-1024x683.jpg","blog_images":{"medium":"https:\/\/diarioprincipios.com\/wp-content\/uploads\/2025\/07\/20250712__Inauguracion_Centro_Civico_Municipal_Villa_Espana_Platano_095-300x200.jpg","large":"https:\/\/diarioprincipios.com\/wp-content\/uploads\/2025\/07\/20250712__Inauguracion_Centro_Civico_Municipal_Villa_Espana_Platano_095-1024x683.jpg"},"ams_acf":[],"yoast_head":"<!-- This site is optimized with the Yoast SEO plugin v27.3 - https:\/\/yoast.com\/product\/yoast-seo-wordpress\/ -->\n<title>Mussi inaugur\u00f3 el Centro C\u00edvico Municipal Villa Espa\u00f1a- Pl\u00e1tanos - Principios<\/title>\n<meta name=\"robots\" content=\"index, follow, max-snippet:-1, max-image-preview:large, max-video-preview:-1\" \/>\n<link rel=\"canonical\" href=\"https:\/\/diarioprincipios.com\/index.php\/2025\/07\/12\/mussi-inauguro-el-centro-civico-municipal-villa-espana-platanos\/\" \/>\n<meta property=\"og:locale\" content=\"es_ES\" \/>\n<meta property=\"og:type\" content=\"article\" \/>\n<meta property=\"og:title\" content=\"Mussi inaugur\u00f3 el Centro C\u00edvico Municipal Villa Espa\u00f1a- Pl\u00e1tanos - Principios\" \/>\n<meta property=\"og:description\" content=\"Una obra financiada \u00edntegramente por la Municipalidad de Berazategui El intendente, Juan Jos\u00e9 Mussi, encabez\u00f3 el acto de apertura del Centro C\u00edvico Municipal Villa Espa\u00f1a &#8211; Pl\u00e1tanos C\u00edrculo Italiano, un nuevo espacio donde los vecinos y vecinas podr\u00e1n realizar sus tr\u00e1mites, participar en talleres culturales y acceder a m\u00e1s y mejores servicios. La obra, impulsada...\" \/>\n<meta property=\"og:url\" content=\"https:\/\/diarioprincipios.com\/index.php\/2025\/07\/12\/mussi-inauguro-el-centro-civico-municipal-villa-espana-platanos\/\" \/>\n<meta property=\"og:site_name\" content=\"Principios\" \/>\n<meta property=\"article:published_time\" content=\"2025-07-13T00:21:03+00:00\" \/>\n<meta property=\"og:image\" content=\"https:\/\/diarioprincipios.com\/wp-content\/uploads\/2025\/07\/20250712__Inauguracion_Centro_Civico_Municipal_Villa_Espana_Platano_095.jpg\" \/>\n\t<meta property=\"og:image:width\" content=\"1920\" \/>\n\t<meta property=\"og:image:height\" content=\"1280\" \/>\n\t<meta property=\"og:image:type\" content=\"image\/jpeg\" \/>\n<meta name=\"author\" content=\"Hern\u00e1n L\u00f3pez\" \/>\n<meta name=\"twitter:card\" content=\"summary_large_image\" \/>\n<meta name=\"twitter:label1\" content=\"Escrito por\" \/>\n\t<meta name=\"twitter:data1\" content=\"Hern\u00e1n L\u00f3pez\" \/>\n\t<meta name=\"twitter:label2\" content=\"Tiempo de lectura\" \/>\n\t<meta name=\"twitter:data2\" content=\"3 minutos\" \/>\n<script type=\"application\/ld+json\" class=\"yoast-schema-graph\">{\"@context\":\"https:\\\/\\\/schema.org\",\"@graph\":[{\"@type\":\"Article\",\"@id\":\"https:\\\/\\\/diarioprincipios.com\\\/index.php\\\/2025\\\/07\\\/12\\\/mussi-inauguro-el-centro-civico-municipal-villa-espana-platanos\\\/#article\",\"isPartOf\":{\"@id\":\"https:\\\/\\\/diarioprincipios.com\\\/index.php\\\/2025\\\/07\\\/12\\\/mussi-inauguro-el-centro-civico-municipal-villa-espana-platanos\\\/\"},\"author\":{\"name\":\"Hern\u00e1n L\u00f3pez\",\"@id\":\"https:\\\/\\\/diarioprincipios.com\\\/#\\\/schema\\\/person\\\/436d5a1fd41a5e250e23ff5a6a7cb080\"},\"headline\":\"Mussi inaugur\u00f3 el Centro C\u00edvico Municipal Villa Espa\u00f1a- Pl\u00e1tanos\",\"datePublished\":\"2025-07-13T00:21:03+00:00\",\"mainEntityOfPage\":{\"@id\":\"https:\\\/\\\/diarioprincipios.com\\\/index.php\\\/2025\\\/07\\\/12\\\/mussi-inauguro-el-centro-civico-municipal-villa-espana-platanos\\\/\"},\"wordCount\":404,\"commentCount\":0,\"publisher\":{\"@id\":\"https:\\\/\\\/diarioprincipios.com\\\/#organization\"},\"image\":{\"@id\":\"https:\\\/\\\/diarioprincipios.com\\\/index.php\\\/2025\\\/07\\\/12\\\/mussi-inauguro-el-centro-civico-municipal-villa-espana-platanos\\\/#primaryimage\"},\"thumbnailUrl\":\"https:\\\/\\\/diarioprincipios.com\\\/wp-content\\\/uploads\\\/2025\\\/07\\\/20250712__Inauguracion_Centro_Civico_Municipal_Villa_Espana_Platano_095.jpg\",\"articleSection\":[\"Berazategui\"],\"inLanguage\":\"es\",\"potentialAction\":[{\"@type\":\"CommentAction\",\"name\":\"Comment\",\"target\":[\"https:\\\/\\\/diarioprincipios.com\\\/index.php\\\/2025\\\/07\\\/12\\\/mussi-inauguro-el-centro-civico-municipal-villa-espana-platanos\\\/#respond\"]}]},{\"@type\":\"WebPage\",\"@id\":\"https:\\\/\\\/diarioprincipios.com\\\/index.php\\\/2025\\\/07\\\/12\\\/mussi-inauguro-el-centro-civico-municipal-villa-espana-platanos\\\/\",\"url\":\"https:\\\/\\\/diarioprincipios.com\\\/index.php\\\/2025\\\/07\\\/12\\\/mussi-inauguro-el-centro-civico-municipal-villa-espana-platanos\\\/\",\"name\":\"Mussi inaugur\u00f3 el Centro C\u00edvico Municipal Villa Espa\u00f1a- Pl\u00e1tanos - Principios\",\"isPartOf\":{\"@id\":\"https:\\\/\\\/diarioprincipios.com\\\/#website\"},\"primaryImageOfPage\":{\"@id\":\"https:\\\/\\\/diarioprincipios.com\\\/index.php\\\/2025\\\/07\\\/12\\\/mussi-inauguro-el-centro-civico-municipal-villa-espana-platanos\\\/#primaryimage\"},\"image\":{\"@id\":\"https:\\\/\\\/diarioprincipios.com\\\/index.php\\\/2025\\\/07\\\/12\\\/mussi-inauguro-el-centro-civico-municipal-villa-espana-platanos\\\/#primaryimage\"},\"thumbnailUrl\":\"https:\\\/\\\/diarioprincipios.com\\\/wp-content\\\/uploads\\\/2025\\\/07\\\/20250712__Inauguracion_Centro_Civico_Municipal_Villa_Espana_Platano_095.jpg\",\"datePublished\":\"2025-07-13T00:21:03+00:00\",\"breadcrumb\":{\"@id\":\"https:\\\/\\\/diarioprincipios.com\\\/index.php\\\/2025\\\/07\\\/12\\\/mussi-inauguro-el-centro-civico-municipal-villa-espana-platanos\\\/#breadcrumb\"},\"inLanguage\":\"es\",\"potentialAction\":[{\"@type\":\"ReadAction\",\"target\":[\"https:\\\/\\\/diarioprincipios.com\\\/index.php\\\/2025\\\/07\\\/12\\\/mussi-inauguro-el-centro-civico-municipal-villa-espana-platanos\\\/\"]}]},{\"@type\":\"ImageObject\",\"inLanguage\":\"es\",\"@id\":\"https:\\\/\\\/diarioprincipios.com\\\/index.php\\\/2025\\\/07\\\/12\\\/mussi-inauguro-el-centro-civico-municipal-villa-espana-platanos\\\/#primaryimage\",\"url\":\"https:\\\/\\\/diarioprincipios.com\\\/wp-content\\\/uploads\\\/2025\\\/07\\\/20250712__Inauguracion_Centro_Civico_Municipal_Villa_Espana_Platano_095.jpg\",\"contentUrl\":\"https:\\\/\\\/diarioprincipios.com\\\/wp-content\\\/uploads\\\/2025\\\/07\\\/20250712__Inauguracion_Centro_Civico_Municipal_Villa_Espana_Platano_095.jpg\",\"width\":1920,\"height\":1280},{\"@type\":\"BreadcrumbList\",\"@id\":\"https:\\\/\\\/diarioprincipios.com\\\/index.php\\\/2025\\\/07\\\/12\\\/mussi-inauguro-el-centro-civico-municipal-villa-espana-platanos\\\/#breadcrumb\",\"itemListElement\":[{\"@type\":\"ListItem\",\"position\":1,\"name\":\"Portada\",\"item\":\"https:\\\/\\\/diarioprincipios.com\\\/\"},{\"@type\":\"ListItem\",\"position\":2,\"name\":\"Mussi inaugur\u00f3 el Centro C\u00edvico Municipal Villa Espa\u00f1a- Pl\u00e1tanos\"}]},{\"@type\":\"WebSite\",\"@id\":\"https:\\\/\\\/diarioprincipios.com\\\/#website\",\"url\":\"https:\\\/\\\/diarioprincipios.com\\\/\",\"name\":\"Principios\",\"description\":\"Principios Diario\",\"publisher\":{\"@id\":\"https:\\\/\\\/diarioprincipios.com\\\/#organization\"},\"potentialAction\":[{\"@type\":\"SearchAction\",\"target\":{\"@type\":\"EntryPoint\",\"urlTemplate\":\"https:\\\/\\\/diarioprincipios.com\\\/?s={search_term_string}\"},\"query-input\":{\"@type\":\"PropertyValueSpecification\",\"valueRequired\":true,\"valueName\":\"search_term_string\"}}],\"inLanguage\":\"es\"},{\"@type\":\"Organization\",\"@id\":\"https:\\\/\\\/diarioprincipios.com\\\/#organization\",\"name\":\"Principios\",\"url\":\"https:\\\/\\\/diarioprincipios.com\\\/\",\"logo\":{\"@type\":\"ImageObject\",\"inLanguage\":\"es\",\"@id\":\"https:\\\/\\\/diarioprincipios.com\\\/#\\\/schema\\\/logo\\\/image\\\/\",\"url\":\"https:\\\/\\\/diarioprincipios.com\\\/wp-content\\\/uploads\\\/2024\\\/04\\\/cropped-www.diarioprincipios.com_-1.png\",\"contentUrl\":\"https:\\\/\\\/diarioprincipios.com\\\/wp-content\\\/uploads\\\/2024\\\/04\\\/cropped-www.diarioprincipios.com_-1.png\",\"width\":5325,\"height\":1454,\"caption\":\"Principios\"},\"image\":{\"@id\":\"https:\\\/\\\/diarioprincipios.com\\\/#\\\/schema\\\/logo\\\/image\\\/\"}},{\"@type\":\"Person\",\"@id\":\"https:\\\/\\\/diarioprincipios.com\\\/#\\\/schema\\\/person\\\/436d5a1fd41a5e250e23ff5a6a7cb080\",\"name\":\"Hern\u00e1n L\u00f3pez\",\"image\":{\"@type\":\"ImageObject\",\"inLanguage\":\"es\",\"@id\":\"https:\\\/\\\/diarioprincipios.com\\\/wp-content\\\/litespeed\\\/avatar\\\/11ddfe5610ff3bd100522525b2571f48.jpg?ver=1777653193\",\"url\":\"https:\\\/\\\/diarioprincipios.com\\\/wp-content\\\/litespeed\\\/avatar\\\/11ddfe5610ff3bd100522525b2571f48.jpg?ver=1777653193\",\"contentUrl\":\"https:\\\/\\\/diarioprincipios.com\\\/wp-content\\\/litespeed\\\/avatar\\\/11ddfe5610ff3bd100522525b2571f48.jpg?ver=1777653193\",\"caption\":\"Hern\u00e1n L\u00f3pez\"},\"url\":\"https:\\\/\\\/diarioprincipios.com\\\/index.php\\\/author\\\/hernan\\\/\"}]}<\/script>\n<!-- \/ Yoast SEO plugin. -->","yoast_head_json":{"title":"Mussi inaugur\u00f3 el Centro C\u00edvico Municipal Villa Espa\u00f1a- Pl\u00e1tanos - Principios","robots":{"index":"index","follow":"follow","max-snippet":"max-snippet:-1","max-image-preview":"max-image-preview:large","max-video-preview":"max-video-preview:-1"},"canonical":"https:\/\/diarioprincipios.com\/index.php\/2025\/07\/12\/mussi-inauguro-el-centro-civico-municipal-villa-espana-platanos\/","og_locale":"es_ES","og_type":"article","og_title":"Mussi inaugur\u00f3 el Centro C\u00edvico Municipal Villa Espa\u00f1a- Pl\u00e1tanos - Principios","og_description":"Una obra financiada \u00edntegramente por la Municipalidad de Berazategui El intendente, Juan Jos\u00e9 Mussi, encabez\u00f3 el acto de apertura del Centro C\u00edvico Municipal Villa Espa\u00f1a &#8211; Pl\u00e1tanos C\u00edrculo Italiano, un nuevo espacio donde los vecinos y vecinas podr\u00e1n realizar sus tr\u00e1mites, participar en talleres culturales y acceder a m\u00e1s y mejores servicios. La obra, impulsada...","og_url":"https:\/\/diarioprincipios.com\/index.php\/2025\/07\/12\/mussi-inauguro-el-centro-civico-municipal-villa-espana-platanos\/","og_site_name":"Principios","article_published_time":"2025-07-13T00:21:03+00:00","og_image":[{"width":1920,"height":1280,"url":"https:\/\/diarioprincipios.com\/wp-content\/uploads\/2025\/07\/20250712__Inauguracion_Centro_Civico_Municipal_Villa_Espana_Platano_095.jpg","type":"image\/jpeg"}],"author":"Hern\u00e1n L\u00f3pez","twitter_card":"summary_large_image","twitter_misc":{"Escrito por":"Hern\u00e1n L\u00f3pez","Tiempo de lectura":"3 minutos"},"schema":{"@context":"https:\/\/schema.org","@graph":[{"@type":"Article","@id":"https:\/\/diarioprincipios.com\/index.php\/2025\/07\/12\/mussi-inauguro-el-centro-civico-municipal-villa-espana-platanos\/#article","isPartOf":{"@id":"https:\/\/diarioprincipios.com\/index.php\/2025\/07\/12\/mussi-inauguro-el-centro-civico-municipal-villa-espana-platanos\/"},"author":{"name":"Hern\u00e1n L\u00f3pez","@id":"https:\/\/diarioprincipios.com\/#\/schema\/person\/436d5a1fd41a5e250e23ff5a6a7cb080"},"headline":"Mussi inaugur\u00f3 el Centro C\u00edvico Municipal Villa Espa\u00f1a- Pl\u00e1tanos","datePublished":"2025-07-13T00:21:03+00:00","mainEntityOfPage":{"@id":"https:\/\/diarioprincipios.com\/index.php\/2025\/07\/12\/mussi-inauguro-el-centro-civico-municipal-villa-espana-platanos\/"},"wordCount":404,"commentCount":0,"publisher":{"@id":"https:\/\/diarioprincipios.com\/#organization"},"image":{"@id":"https:\/\/diarioprincipios.com\/index.php\/2025\/07\/12\/mussi-inauguro-el-centro-civico-municipal-villa-espana-platanos\/#primaryimage"},"thumbnailUrl":"https:\/\/diarioprincipios.com\/wp-content\/uploads\/2025\/07\/20250712__Inauguracion_Centro_Civico_Municipal_Villa_Espana_Platano_095.jpg","articleSection":["Berazategui"],"inLanguage":"es","potentialAction":[{"@type":"CommentAction","name":"Comment","target":["https:\/\/diarioprincipios.com\/index.php\/2025\/07\/12\/mussi-inauguro-el-centro-civico-municipal-villa-espana-platanos\/#respond"]}]},{"@type":"WebPage","@id":"https:\/\/diarioprincipios.com\/index.php\/2025\/07\/12\/mussi-inauguro-el-centro-civico-municipal-villa-espana-platanos\/","url":"https:\/\/diarioprincipios.com\/index.php\/2025\/07\/12\/mussi-inauguro-el-centro-civico-municipal-villa-espana-platanos\/","name":"Mussi inaugur\u00f3 el Centro C\u00edvico Municipal Villa Espa\u00f1a- Pl\u00e1tanos - Principios","isPartOf":{"@id":"https:\/\/diarioprincipios.com\/#website"},"primaryImageOfPage":{"@id":"https:\/\/diarioprincipios.com\/index.php\/2025\/07\/12\/mussi-inauguro-el-centro-civico-municipal-villa-espana-platanos\/#primaryimage"},"image":{"@id":"https:\/\/diarioprincipios.com\/index.php\/2025\/07\/12\/mussi-inauguro-el-centro-civico-municipal-villa-espana-platanos\/#primaryimage"},"thumbnailUrl":"https:\/\/diarioprincipios.com\/wp-content\/uploads\/2025\/07\/20250712__Inauguracion_Centro_Civico_Municipal_Villa_Espana_Platano_095.jpg","datePublished":"2025-07-13T00:21:03+00:00","breadcrumb":{"@id":"https:\/\/diarioprincipios.com\/index.php\/2025\/07\/12\/mussi-inauguro-el-centro-civico-municipal-villa-espana-platanos\/#breadcrumb"},"inLanguage":"es","potentialAction":[{"@type":"ReadAction","target":["https:\/\/diarioprincipios.com\/index.php\/2025\/07\/12\/mussi-inauguro-el-centro-civico-municipal-villa-espana-platanos\/"]}]},{"@type":"ImageObject","inLanguage":"es","@id":"https:\/\/diarioprincipios.com\/index.php\/2025\/07\/12\/mussi-inauguro-el-centro-civico-municipal-villa-espana-platanos\/#primaryimage","url":"https:\/\/diarioprincipios.com\/wp-content\/uploads\/2025\/07\/20250712__Inauguracion_Centro_Civico_Municipal_Villa_Espana_Platano_095.jpg","contentUrl":"https:\/\/diarioprincipios.com\/wp-content\/uploads\/2025\/07\/20250712__Inauguracion_Centro_Civico_Municipal_Villa_Espana_Platano_095.jpg","width":1920,"height":1280},{"@type":"BreadcrumbList","@id":"https:\/\/diarioprincipios.com\/index.php\/2025\/07\/12\/mussi-inauguro-el-centro-civico-municipal-villa-espana-platanos\/#breadcrumb","itemListElement":[{"@type":"ListItem","position":1,"name":"Portada","item":"https:\/\/diarioprincipios.com\/"},{"@type":"ListItem","position":2,"name":"Mussi inaugur\u00f3 el Centro C\u00edvico Municipal Villa Espa\u00f1a- Pl\u00e1tanos"}]},{"@type":"WebSite","@id":"https:\/\/diarioprincipios.com\/#website","url":"https:\/\/diarioprincipios.com\/","name":"Principios","description":"Principios Diario","publisher":{"@id":"https:\/\/diarioprincipios.com\/#organization"},"potentialAction":[{"@type":"SearchAction","target":{"@type":"EntryPoint","urlTemplate":"https:\/\/diarioprincipios.com\/?s={search_term_string}"},"query-input":{"@type":"PropertyValueSpecification","valueRequired":true,"valueName":"search_term_string"}}],"inLanguage":"es"},{"@type":"Organization","@id":"https:\/\/diarioprincipios.com\/#organization","name":"Principios","url":"https:\/\/diarioprincipios.com\/","logo":{"@type":"ImageObject","inLanguage":"es","@id":"https:\/\/diarioprincipios.com\/#\/schema\/logo\/image\/","url":"https:\/\/diarioprincipios.com\/wp-content\/uploads\/2024\/04\/cropped-www.diarioprincipios.com_-1.png","contentUrl":"https:\/\/diarioprincipios.com\/wp-content\/uploads\/2024\/04\/cropped-www.diarioprincipios.com_-1.png","width":5325,"height":1454,"caption":"Principios"},"image":{"@id":"https:\/\/diarioprincipios.com\/#\/schema\/logo\/image\/"}},{"@type":"Person","@id":"https:\/\/diarioprincipios.com\/#\/schema\/person\/436d5a1fd41a5e250e23ff5a6a7cb080","name":"Hern\u00e1n L\u00f3pez","image":{"@type":"ImageObject","inLanguage":"es","@id":"https:\/\/diarioprincipios.com\/wp-content\/litespeed\/avatar\/11ddfe5610ff3bd100522525b2571f48.jpg?ver=1777653193","url":"https:\/\/diarioprincipios.com\/wp-content\/litespeed\/avatar\/11ddfe5610ff3bd100522525b2571f48.jpg?ver=1777653193","contentUrl":"https:\/\/diarioprincipios.com\/wp-content\/litespeed\/avatar\/11ddfe5610ff3bd100522525b2571f48.jpg?ver=1777653193","caption":"Hern\u00e1n L\u00f3pez"},"url":"https:\/\/diarioprincipios.com\/index.php\/author\/hernan\/"}]}},"jetpack_featured_media_url":"https:\/\/diarioprincipios.com\/wp-content\/uploads\/2025\/07\/20250712__Inauguracion_Centro_Civico_Municipal_Villa_Espana_Platano_095.jpg","_links":{"self":[{"href":"https:\/\/diarioprincipios.com\/index.php\/wp-json\/wp\/v2\/posts\/24969","targetHints":{"allow":["GET"]}}],"collection":[{"href":"https:\/\/diarioprincipios.com\/index.php\/wp-json\/wp\/v2\/posts"}],"about":[{"href":"https:\/\/diarioprincipios.com\/index.php\/wp-json\/wp\/v2\/types\/post"}],"author":[{"embeddable":true,"href":"https:\/\/diarioprincipios.com\/index.php\/wp-json\/wp\/v2\/users\/2"}],"replies":[{"embeddable":true,"href":"https:\/\/diarioprincipios.com\/index.php\/wp-json\/wp\/v2\/comments?post=24969"}],"version-history":[{"count":1,"href":"https:\/\/diarioprincipios.com\/index.php\/wp-json\/wp\/v2\/posts\/24969\/revisions"}],"predecessor-version":[{"id":24973,"href":"https:\/\/diarioprincipios.com\/index.php\/wp-json\/wp\/v2\/posts\/24969\/revisions\/24973"}],"wp:featuredmedia":[{"embeddable":true,"href":"https:\/\/diarioprincipios.com\/index.php\/wp-json\/wp\/v2\/media\/24972"}],"wp:attachment":[{"href":"https:\/\/diarioprincipios.com\/index.php\/wp-json\/wp\/v2\/media?parent=24969"}],"wp:term":[{"taxonomy":"category","embeddable":true,"href":"https:\/\/diarioprincipios.com\/index.php\/wp-json\/wp\/v2\/categories?post=24969"},{"taxonomy":"post_tag","embeddable":true,"href":"https:\/\/diarioprincipios.com\/index.php\/wp-json\/wp\/v2\/tags?post=24969"}],"curies":[{"name":"wp","href":"https:\/\/api.w.org\/{rel}","templated":true}]}}