{"id":24964,"date":"2025-07-12T19:39:46","date_gmt":"2025-07-12T22:39:46","guid":{"rendered":"https:\/\/diarioprincipios.com\/?p=24964"},"modified":"2025-07-12T19:39:47","modified_gmt":"2025-07-12T22:39:47","slug":"mas-moviles-y-camaras-para-las-fuerzas-de-seguridad-local","status":"publish","type":"post","link":"https:\/\/diarioprincipios.com\/index.php\/2025\/07\/12\/mas-moviles-y-camaras-para-las-fuerzas-de-seguridad-local\/","title":{"rendered":"M\u00e1s M\u00f3viles y C\u00e1maras para las Fuerzas de Seguridad Local"},"content":{"rendered":"\n<p><strong>En un acto encabezado por el intendente Juan Jos\u00e9 Mussi y autoridades del Ministerio de Seguridad de la provincia de Buenos Aires, se presentaron 20 nuevas camionetas Ranger, 136 c\u00e1maras de videovigilancia y 30 computadoras que fueron compradas por el Municipio, a trav\u00e9s del Fondo de Fortalecimiento de la Seguridad del Gobierno provincial.<\/strong><br>Durante la ceremonia, Mussi asegur\u00f3: \u201cEsto representa un paso gigante para seguir combatiendo la inseguridad en Berazategui, donde desde el Municipio tratamos de ayudar permanentemente. Porque nuestro pueblo es trabajador, con vecinos y vecinas que quieren progresar y mandar a sus hijos al colegio, pero que tambi\u00e9n quieren vivir tranquilos\u201d. Y destac\u00f3: \u201cPor eso quiero agradecerle a quien es el gestor de todo esto, el gobernador Axel Kicillof, porque a nuestro distrito -lamentablemente- no llegan otros recursos que no sean de la Provincia de Buenos Aires. Y tambi\u00e9n al ministro de Seguridad bonaerense, Javier Alonso, quien est\u00e1 siempre pendiente de nuestras necesidades\u201d.<\/p>\n\n\n\n<figure class=\"wp-block-image size-large\"><img loading=\"lazy\" decoding=\"async\" width=\"1024\" height=\"683\" src=\"https:\/\/diarioprincipios.com\/wp-content\/uploads\/2025\/07\/BERAZATEGUI-MAS-MOVILES-Y-CAMARAS-PARA-LAS-FUERZAS-DE-SEGURIDAD-LOCAL-4-1024x683.jpg\" alt=\"\" class=\"wp-image-24965\" srcset=\"https:\/\/diarioprincipios.com\/wp-content\/uploads\/2025\/07\/BERAZATEGUI-MAS-MOVILES-Y-CAMARAS-PARA-LAS-FUERZAS-DE-SEGURIDAD-LOCAL-4-1024x683.jpg 1024w, https:\/\/diarioprincipios.com\/wp-content\/uploads\/2025\/07\/BERAZATEGUI-MAS-MOVILES-Y-CAMARAS-PARA-LAS-FUERZAS-DE-SEGURIDAD-LOCAL-4-300x200.jpg 300w, https:\/\/diarioprincipios.com\/wp-content\/uploads\/2025\/07\/BERAZATEGUI-MAS-MOVILES-Y-CAMARAS-PARA-LAS-FUERZAS-DE-SEGURIDAD-LOCAL-4-768x512.jpg 768w, https:\/\/diarioprincipios.com\/wp-content\/uploads\/2025\/07\/BERAZATEGUI-MAS-MOVILES-Y-CAMARAS-PARA-LAS-FUERZAS-DE-SEGURIDAD-LOCAL-4-1536x1024.jpg 1536w, https:\/\/diarioprincipios.com\/wp-content\/uploads\/2025\/07\/BERAZATEGUI-MAS-MOVILES-Y-CAMARAS-PARA-LAS-FUERZAS-DE-SEGURIDAD-LOCAL-4-600x400.jpg 600w, https:\/\/diarioprincipios.com\/wp-content\/uploads\/2025\/07\/BERAZATEGUI-MAS-MOVILES-Y-CAMARAS-PARA-LAS-FUERZAS-DE-SEGURIDAD-LOCAL-4.jpg 1920w\" sizes=\"auto, (max-width: 1024px) 100vw, 1024px\" \/><\/figure>\n\n\n\n<p><br>Por su parte, el subsecretario de Control Policial del Ministerio de Seguridad de la Provincia, Andr\u00e9s Escudero -quien asisti\u00f3 en representaci\u00f3n del ministro Alonso-, expres\u00f3: \u201cEs un gusto enorme estar nuevamente en Berazategui, compartiendo este acto con un intendente como Juan Jos\u00e9 Mussi, quien ha transformado a este municipio tras una vida de compromiso por el bienestar de sus vecinos\u201d. Y, sobre la nueva flota de patrulleros, detall\u00f3: \u201cSon 20 m\u00f3viles 0 Km que -a partir de hoy- estar\u00e1n recorriendo las calles de este distrito, permiti\u00e9ndonos profundizar una pol\u00edtica que desde hace cinco a\u00f1os y medio desarrollamos por orden del gobernador Axel Kicillof, que implica trabajar mancomunadamente con los Municipios\u201d.<\/p>\n\n\n\n<figure class=\"wp-block-image size-large\"><img loading=\"lazy\" decoding=\"async\" width=\"1024\" height=\"683\" src=\"https:\/\/diarioprincipios.com\/wp-content\/uploads\/2025\/07\/BERAZATEGUI-MAS-MOVILES-Y-CAMARAS-PARA-LAS-FUERZAS-DE-SEGURIDAD-LOCAL-5-1024x683.jpg\" alt=\"\" class=\"wp-image-24966\" srcset=\"https:\/\/diarioprincipios.com\/wp-content\/uploads\/2025\/07\/BERAZATEGUI-MAS-MOVILES-Y-CAMARAS-PARA-LAS-FUERZAS-DE-SEGURIDAD-LOCAL-5-1024x683.jpg 1024w, https:\/\/diarioprincipios.com\/wp-content\/uploads\/2025\/07\/BERAZATEGUI-MAS-MOVILES-Y-CAMARAS-PARA-LAS-FUERZAS-DE-SEGURIDAD-LOCAL-5-300x200.jpg 300w, https:\/\/diarioprincipios.com\/wp-content\/uploads\/2025\/07\/BERAZATEGUI-MAS-MOVILES-Y-CAMARAS-PARA-LAS-FUERZAS-DE-SEGURIDAD-LOCAL-5-768x512.jpg 768w, https:\/\/diarioprincipios.com\/wp-content\/uploads\/2025\/07\/BERAZATEGUI-MAS-MOVILES-Y-CAMARAS-PARA-LAS-FUERZAS-DE-SEGURIDAD-LOCAL-5-1536x1024.jpg 1536w, https:\/\/diarioprincipios.com\/wp-content\/uploads\/2025\/07\/BERAZATEGUI-MAS-MOVILES-Y-CAMARAS-PARA-LAS-FUERZAS-DE-SEGURIDAD-LOCAL-5-600x400.jpg 600w, https:\/\/diarioprincipios.com\/wp-content\/uploads\/2025\/07\/BERAZATEGUI-MAS-MOVILES-Y-CAMARAS-PARA-LAS-FUERZAS-DE-SEGURIDAD-LOCAL-5.jpg 1920w\" sizes=\"auto, (max-width: 1024px) 100vw, 1024px\" \/><\/figure>\n\n\n\n<p><br>De las 20 nuevas unidades m\u00f3viles, 13 ser\u00e1n destinadas al Comando de Patrullas, cinco a la Unidad de Prevenci\u00f3n Polic\u00eda Local (UPPL) y dos a la Jefatura Departamental Berazategui. El resto del equipamiento se encuentra conformado por 136 c\u00e1maras de videovigilancia, entre fijas (100) y Domos (36), con sus respectivos equipos inform\u00e1ticos para procesar y almacenar la informaci\u00f3n; y 30 computadoras y aparatos de computaci\u00f3n para potenciar los equipos actuales.\u00a0<br>Tambi\u00e9n estuvieron presentes en el evento, el secretario de Control Urbano local, Marcelo Sieczka; junto a otros integrantes del Gabinete municipal; el jefe departamental de Berazategui, Comisario Mayor Javier Garro; el jefe del Comando de Patrullas, Dar\u00edo Rodr\u00edguez; y el jefe de la Polic\u00eda Local, Diego Perdiguero.<\/p>\n","protected":false},"excerpt":{"rendered":"<p>En un acto encabezado por el intendente Juan Jos\u00e9 Mussi y autoridades del Ministerio de Seguridad de la provincia de Buenos Aires, se presentaron 20 nuevas camionetas Ranger, 136 c\u00e1maras de videovigilancia y 30 computadoras que fueron compradas por el Municipio, a trav\u00e9s del Fondo de Fortalecimiento de la Seguridad del Gobierno provincial.Durante la ceremonia,&#8230;<\/p>\n","protected":false},"author":2,"featured_media":24967,"comment_status":"open","ping_status":"open","sticky":false,"template":"","format":"standard","meta":{"footnotes":""},"categories":[3],"tags":[],"class_list":["post-24964","post","type-post","status-publish","format-standard","has-post-thumbnail","hentry","category-berazategui"],"featured_image_src":"https:\/\/diarioprincipios.com\/wp-content\/uploads\/2025\/07\/BERAZATEGUI-MAS-MOVILES-Y-CAMARAS-PARA-LAS-FUERZAS-DE-SEGURIDAD-LOCAL-6-1024x683.jpg","blog_images":{"medium":"https:\/\/diarioprincipios.com\/wp-content\/uploads\/2025\/07\/BERAZATEGUI-MAS-MOVILES-Y-CAMARAS-PARA-LAS-FUERZAS-DE-SEGURIDAD-LOCAL-6-300x200.jpg","large":"https:\/\/diarioprincipios.com\/wp-content\/uploads\/2025\/07\/BERAZATEGUI-MAS-MOVILES-Y-CAMARAS-PARA-LAS-FUERZAS-DE-SEGURIDAD-LOCAL-6-1024x683.jpg"},"ams_acf":[],"yoast_head":"<!-- This site is optimized with the Yoast SEO plugin v27.3 - https:\/\/yoast.com\/product\/yoast-seo-wordpress\/ -->\n<title>M\u00e1s M\u00f3viles y C\u00e1maras para las Fuerzas de Seguridad Local - Principios<\/title>\n<meta name=\"robots\" content=\"index, follow, max-snippet:-1, max-image-preview:large, max-video-preview:-1\" \/>\n<link rel=\"canonical\" href=\"https:\/\/diarioprincipios.com\/index.php\/2025\/07\/12\/mas-moviles-y-camaras-para-las-fuerzas-de-seguridad-local\/\" \/>\n<meta property=\"og:locale\" content=\"es_ES\" \/>\n<meta property=\"og:type\" content=\"article\" \/>\n<meta property=\"og:title\" content=\"M\u00e1s M\u00f3viles y C\u00e1maras para las Fuerzas de Seguridad Local - Principios\" \/>\n<meta property=\"og:description\" content=\"En un acto encabezado por el intendente Juan Jos\u00e9 Mussi y autoridades del Ministerio de Seguridad de la provincia de Buenos Aires, se presentaron 20 nuevas camionetas Ranger, 136 c\u00e1maras de videovigilancia y 30 computadoras que fueron compradas por el Municipio, a trav\u00e9s del Fondo de Fortalecimiento de la Seguridad del Gobierno provincial.Durante la ceremonia,...\" \/>\n<meta property=\"og:url\" content=\"https:\/\/diarioprincipios.com\/index.php\/2025\/07\/12\/mas-moviles-y-camaras-para-las-fuerzas-de-seguridad-local\/\" \/>\n<meta property=\"og:site_name\" content=\"Principios\" \/>\n<meta property=\"article:published_time\" content=\"2025-07-12T22:39:46+00:00\" \/>\n<meta property=\"article:modified_time\" content=\"2025-07-12T22:39:47+00:00\" \/>\n<meta property=\"og:image\" content=\"https:\/\/diarioprincipios.com\/wp-content\/uploads\/2025\/07\/BERAZATEGUI-MAS-MOVILES-Y-CAMARAS-PARA-LAS-FUERZAS-DE-SEGURIDAD-LOCAL-6.jpg\" \/>\n\t<meta property=\"og:image:width\" content=\"1920\" \/>\n\t<meta property=\"og:image:height\" content=\"1280\" \/>\n\t<meta property=\"og:image:type\" content=\"image\/jpeg\" \/>\n<meta name=\"author\" content=\"Hern\u00e1n L\u00f3pez\" \/>\n<meta name=\"twitter:card\" content=\"summary_large_image\" \/>\n<meta name=\"twitter:label1\" content=\"Escrito por\" \/>\n\t<meta name=\"twitter:data1\" content=\"Hern\u00e1n L\u00f3pez\" \/>\n\t<meta name=\"twitter:label2\" content=\"Tiempo de lectura\" \/>\n\t<meta name=\"twitter:data2\" content=\"3 minutos\" \/>\n<script type=\"application\/ld+json\" class=\"yoast-schema-graph\">{\"@context\":\"https:\\\/\\\/schema.org\",\"@graph\":[{\"@type\":\"Article\",\"@id\":\"https:\\\/\\\/diarioprincipios.com\\\/index.php\\\/2025\\\/07\\\/12\\\/mas-moviles-y-camaras-para-las-fuerzas-de-seguridad-local\\\/#article\",\"isPartOf\":{\"@id\":\"https:\\\/\\\/diarioprincipios.com\\\/index.php\\\/2025\\\/07\\\/12\\\/mas-moviles-y-camaras-para-las-fuerzas-de-seguridad-local\\\/\"},\"author\":{\"name\":\"Hern\u00e1n L\u00f3pez\",\"@id\":\"https:\\\/\\\/diarioprincipios.com\\\/#\\\/schema\\\/person\\\/436d5a1fd41a5e250e23ff5a6a7cb080\"},\"headline\":\"M\u00e1s M\u00f3viles y C\u00e1maras para las Fuerzas de Seguridad Local\",\"datePublished\":\"2025-07-12T22:39:46+00:00\",\"dateModified\":\"2025-07-12T22:39:47+00:00\",\"mainEntityOfPage\":{\"@id\":\"https:\\\/\\\/diarioprincipios.com\\\/index.php\\\/2025\\\/07\\\/12\\\/mas-moviles-y-camaras-para-las-fuerzas-de-seguridad-local\\\/\"},\"wordCount\":407,\"commentCount\":0,\"publisher\":{\"@id\":\"https:\\\/\\\/diarioprincipios.com\\\/#organization\"},\"image\":{\"@id\":\"https:\\\/\\\/diarioprincipios.com\\\/index.php\\\/2025\\\/07\\\/12\\\/mas-moviles-y-camaras-para-las-fuerzas-de-seguridad-local\\\/#primaryimage\"},\"thumbnailUrl\":\"https:\\\/\\\/diarioprincipios.com\\\/wp-content\\\/uploads\\\/2025\\\/07\\\/BERAZATEGUI-MAS-MOVILES-Y-CAMARAS-PARA-LAS-FUERZAS-DE-SEGURIDAD-LOCAL-6.jpg\",\"articleSection\":[\"Berazategui\"],\"inLanguage\":\"es\",\"potentialAction\":[{\"@type\":\"CommentAction\",\"name\":\"Comment\",\"target\":[\"https:\\\/\\\/diarioprincipios.com\\\/index.php\\\/2025\\\/07\\\/12\\\/mas-moviles-y-camaras-para-las-fuerzas-de-seguridad-local\\\/#respond\"]}]},{\"@type\":\"WebPage\",\"@id\":\"https:\\\/\\\/diarioprincipios.com\\\/index.php\\\/2025\\\/07\\\/12\\\/mas-moviles-y-camaras-para-las-fuerzas-de-seguridad-local\\\/\",\"url\":\"https:\\\/\\\/diarioprincipios.com\\\/index.php\\\/2025\\\/07\\\/12\\\/mas-moviles-y-camaras-para-las-fuerzas-de-seguridad-local\\\/\",\"name\":\"M\u00e1s M\u00f3viles y C\u00e1maras para las Fuerzas de Seguridad Local - Principios\",\"isPartOf\":{\"@id\":\"https:\\\/\\\/diarioprincipios.com\\\/#website\"},\"primaryImageOfPage\":{\"@id\":\"https:\\\/\\\/diarioprincipios.com\\\/index.php\\\/2025\\\/07\\\/12\\\/mas-moviles-y-camaras-para-las-fuerzas-de-seguridad-local\\\/#primaryimage\"},\"image\":{\"@id\":\"https:\\\/\\\/diarioprincipios.com\\\/index.php\\\/2025\\\/07\\\/12\\\/mas-moviles-y-camaras-para-las-fuerzas-de-seguridad-local\\\/#primaryimage\"},\"thumbnailUrl\":\"https:\\\/\\\/diarioprincipios.com\\\/wp-content\\\/uploads\\\/2025\\\/07\\\/BERAZATEGUI-MAS-MOVILES-Y-CAMARAS-PARA-LAS-FUERZAS-DE-SEGURIDAD-LOCAL-6.jpg\",\"datePublished\":\"2025-07-12T22:39:46+00:00\",\"dateModified\":\"2025-07-12T22:39:47+00:00\",\"breadcrumb\":{\"@id\":\"https:\\\/\\\/diarioprincipios.com\\\/index.php\\\/2025\\\/07\\\/12\\\/mas-moviles-y-camaras-para-las-fuerzas-de-seguridad-local\\\/#breadcrumb\"},\"inLanguage\":\"es\",\"potentialAction\":[{\"@type\":\"ReadAction\",\"target\":[\"https:\\\/\\\/diarioprincipios.com\\\/index.php\\\/2025\\\/07\\\/12\\\/mas-moviles-y-camaras-para-las-fuerzas-de-seguridad-local\\\/\"]}]},{\"@type\":\"ImageObject\",\"inLanguage\":\"es\",\"@id\":\"https:\\\/\\\/diarioprincipios.com\\\/index.php\\\/2025\\\/07\\\/12\\\/mas-moviles-y-camaras-para-las-fuerzas-de-seguridad-local\\\/#primaryimage\",\"url\":\"https:\\\/\\\/diarioprincipios.com\\\/wp-content\\\/uploads\\\/2025\\\/07\\\/BERAZATEGUI-MAS-MOVILES-Y-CAMARAS-PARA-LAS-FUERZAS-DE-SEGURIDAD-LOCAL-6.jpg\",\"contentUrl\":\"https:\\\/\\\/diarioprincipios.com\\\/wp-content\\\/uploads\\\/2025\\\/07\\\/BERAZATEGUI-MAS-MOVILES-Y-CAMARAS-PARA-LAS-FUERZAS-DE-SEGURIDAD-LOCAL-6.jpg\",\"width\":1920,\"height\":1280},{\"@type\":\"BreadcrumbList\",\"@id\":\"https:\\\/\\\/diarioprincipios.com\\\/index.php\\\/2025\\\/07\\\/12\\\/mas-moviles-y-camaras-para-las-fuerzas-de-seguridad-local\\\/#breadcrumb\",\"itemListElement\":[{\"@type\":\"ListItem\",\"position\":1,\"name\":\"Portada\",\"item\":\"https:\\\/\\\/diarioprincipios.com\\\/\"},{\"@type\":\"ListItem\",\"position\":2,\"name\":\"M\u00e1s M\u00f3viles y C\u00e1maras para las Fuerzas de Seguridad Local\"}]},{\"@type\":\"WebSite\",\"@id\":\"https:\\\/\\\/diarioprincipios.com\\\/#website\",\"url\":\"https:\\\/\\\/diarioprincipios.com\\\/\",\"name\":\"Principios\",\"description\":\"Principios Diario\",\"publisher\":{\"@id\":\"https:\\\/\\\/diarioprincipios.com\\\/#organization\"},\"potentialAction\":[{\"@type\":\"SearchAction\",\"target\":{\"@type\":\"EntryPoint\",\"urlTemplate\":\"https:\\\/\\\/diarioprincipios.com\\\/?s={search_term_string}\"},\"query-input\":{\"@type\":\"PropertyValueSpecification\",\"valueRequired\":true,\"valueName\":\"search_term_string\"}}],\"inLanguage\":\"es\"},{\"@type\":\"Organization\",\"@id\":\"https:\\\/\\\/diarioprincipios.com\\\/#organization\",\"name\":\"Principios\",\"url\":\"https:\\\/\\\/diarioprincipios.com\\\/\",\"logo\":{\"@type\":\"ImageObject\",\"inLanguage\":\"es\",\"@id\":\"https:\\\/\\\/diarioprincipios.com\\\/#\\\/schema\\\/logo\\\/image\\\/\",\"url\":\"https:\\\/\\\/diarioprincipios.com\\\/wp-content\\\/uploads\\\/2024\\\/04\\\/cropped-www.diarioprincipios.com_-1.png\",\"contentUrl\":\"https:\\\/\\\/diarioprincipios.com\\\/wp-content\\\/uploads\\\/2024\\\/04\\\/cropped-www.diarioprincipios.com_-1.png\",\"width\":5325,\"height\":1454,\"caption\":\"Principios\"},\"image\":{\"@id\":\"https:\\\/\\\/diarioprincipios.com\\\/#\\\/schema\\\/logo\\\/image\\\/\"}},{\"@type\":\"Person\",\"@id\":\"https:\\\/\\\/diarioprincipios.com\\\/#\\\/schema\\\/person\\\/436d5a1fd41a5e250e23ff5a6a7cb080\",\"name\":\"Hern\u00e1n L\u00f3pez\",\"image\":{\"@type\":\"ImageObject\",\"inLanguage\":\"es\",\"@id\":\"https:\\\/\\\/diarioprincipios.com\\\/wp-content\\\/litespeed\\\/avatar\\\/11ddfe5610ff3bd100522525b2571f48.jpg?ver=1777048341\",\"url\":\"https:\\\/\\\/diarioprincipios.com\\\/wp-content\\\/litespeed\\\/avatar\\\/11ddfe5610ff3bd100522525b2571f48.jpg?ver=1777048341\",\"contentUrl\":\"https:\\\/\\\/diarioprincipios.com\\\/wp-content\\\/litespeed\\\/avatar\\\/11ddfe5610ff3bd100522525b2571f48.jpg?ver=1777048341\",\"caption\":\"Hern\u00e1n L\u00f3pez\"},\"url\":\"https:\\\/\\\/diarioprincipios.com\\\/index.php\\\/author\\\/hernan\\\/\"}]}<\/script>\n<!-- \/ Yoast SEO plugin. -->","yoast_head_json":{"title":"M\u00e1s M\u00f3viles y C\u00e1maras para las Fuerzas de Seguridad Local - Principios","robots":{"index":"index","follow":"follow","max-snippet":"max-snippet:-1","max-image-preview":"max-image-preview:large","max-video-preview":"max-video-preview:-1"},"canonical":"https:\/\/diarioprincipios.com\/index.php\/2025\/07\/12\/mas-moviles-y-camaras-para-las-fuerzas-de-seguridad-local\/","og_locale":"es_ES","og_type":"article","og_title":"M\u00e1s M\u00f3viles y C\u00e1maras para las Fuerzas de Seguridad Local - Principios","og_description":"En un acto encabezado por el intendente Juan Jos\u00e9 Mussi y autoridades del Ministerio de Seguridad de la provincia de Buenos Aires, se presentaron 20 nuevas camionetas Ranger, 136 c\u00e1maras de videovigilancia y 30 computadoras que fueron compradas por el Municipio, a trav\u00e9s del Fondo de Fortalecimiento de la Seguridad del Gobierno provincial.Durante la ceremonia,...","og_url":"https:\/\/diarioprincipios.com\/index.php\/2025\/07\/12\/mas-moviles-y-camaras-para-las-fuerzas-de-seguridad-local\/","og_site_name":"Principios","article_published_time":"2025-07-12T22:39:46+00:00","article_modified_time":"2025-07-12T22:39:47+00:00","og_image":[{"width":1920,"height":1280,"url":"https:\/\/diarioprincipios.com\/wp-content\/uploads\/2025\/07\/BERAZATEGUI-MAS-MOVILES-Y-CAMARAS-PARA-LAS-FUERZAS-DE-SEGURIDAD-LOCAL-6.jpg","type":"image\/jpeg"}],"author":"Hern\u00e1n L\u00f3pez","twitter_card":"summary_large_image","twitter_misc":{"Escrito por":"Hern\u00e1n L\u00f3pez","Tiempo de lectura":"3 minutos"},"schema":{"@context":"https:\/\/schema.org","@graph":[{"@type":"Article","@id":"https:\/\/diarioprincipios.com\/index.php\/2025\/07\/12\/mas-moviles-y-camaras-para-las-fuerzas-de-seguridad-local\/#article","isPartOf":{"@id":"https:\/\/diarioprincipios.com\/index.php\/2025\/07\/12\/mas-moviles-y-camaras-para-las-fuerzas-de-seguridad-local\/"},"author":{"name":"Hern\u00e1n L\u00f3pez","@id":"https:\/\/diarioprincipios.com\/#\/schema\/person\/436d5a1fd41a5e250e23ff5a6a7cb080"},"headline":"M\u00e1s M\u00f3viles y C\u00e1maras para las Fuerzas de Seguridad Local","datePublished":"2025-07-12T22:39:46+00:00","dateModified":"2025-07-12T22:39:47+00:00","mainEntityOfPage":{"@id":"https:\/\/diarioprincipios.com\/index.php\/2025\/07\/12\/mas-moviles-y-camaras-para-las-fuerzas-de-seguridad-local\/"},"wordCount":407,"commentCount":0,"publisher":{"@id":"https:\/\/diarioprincipios.com\/#organization"},"image":{"@id":"https:\/\/diarioprincipios.com\/index.php\/2025\/07\/12\/mas-moviles-y-camaras-para-las-fuerzas-de-seguridad-local\/#primaryimage"},"thumbnailUrl":"https:\/\/diarioprincipios.com\/wp-content\/uploads\/2025\/07\/BERAZATEGUI-MAS-MOVILES-Y-CAMARAS-PARA-LAS-FUERZAS-DE-SEGURIDAD-LOCAL-6.jpg","articleSection":["Berazategui"],"inLanguage":"es","potentialAction":[{"@type":"CommentAction","name":"Comment","target":["https:\/\/diarioprincipios.com\/index.php\/2025\/07\/12\/mas-moviles-y-camaras-para-las-fuerzas-de-seguridad-local\/#respond"]}]},{"@type":"WebPage","@id":"https:\/\/diarioprincipios.com\/index.php\/2025\/07\/12\/mas-moviles-y-camaras-para-las-fuerzas-de-seguridad-local\/","url":"https:\/\/diarioprincipios.com\/index.php\/2025\/07\/12\/mas-moviles-y-camaras-para-las-fuerzas-de-seguridad-local\/","name":"M\u00e1s M\u00f3viles y C\u00e1maras para las Fuerzas de Seguridad Local - Principios","isPartOf":{"@id":"https:\/\/diarioprincipios.com\/#website"},"primaryImageOfPage":{"@id":"https:\/\/diarioprincipios.com\/index.php\/2025\/07\/12\/mas-moviles-y-camaras-para-las-fuerzas-de-seguridad-local\/#primaryimage"},"image":{"@id":"https:\/\/diarioprincipios.com\/index.php\/2025\/07\/12\/mas-moviles-y-camaras-para-las-fuerzas-de-seguridad-local\/#primaryimage"},"thumbnailUrl":"https:\/\/diarioprincipios.com\/wp-content\/uploads\/2025\/07\/BERAZATEGUI-MAS-MOVILES-Y-CAMARAS-PARA-LAS-FUERZAS-DE-SEGURIDAD-LOCAL-6.jpg","datePublished":"2025-07-12T22:39:46+00:00","dateModified":"2025-07-12T22:39:47+00:00","breadcrumb":{"@id":"https:\/\/diarioprincipios.com\/index.php\/2025\/07\/12\/mas-moviles-y-camaras-para-las-fuerzas-de-seguridad-local\/#breadcrumb"},"inLanguage":"es","potentialAction":[{"@type":"ReadAction","target":["https:\/\/diarioprincipios.com\/index.php\/2025\/07\/12\/mas-moviles-y-camaras-para-las-fuerzas-de-seguridad-local\/"]}]},{"@type":"ImageObject","inLanguage":"es","@id":"https:\/\/diarioprincipios.com\/index.php\/2025\/07\/12\/mas-moviles-y-camaras-para-las-fuerzas-de-seguridad-local\/#primaryimage","url":"https:\/\/diarioprincipios.com\/wp-content\/uploads\/2025\/07\/BERAZATEGUI-MAS-MOVILES-Y-CAMARAS-PARA-LAS-FUERZAS-DE-SEGURIDAD-LOCAL-6.jpg","contentUrl":"https:\/\/diarioprincipios.com\/wp-content\/uploads\/2025\/07\/BERAZATEGUI-MAS-MOVILES-Y-CAMARAS-PARA-LAS-FUERZAS-DE-SEGURIDAD-LOCAL-6.jpg","width":1920,"height":1280},{"@type":"BreadcrumbList","@id":"https:\/\/diarioprincipios.com\/index.php\/2025\/07\/12\/mas-moviles-y-camaras-para-las-fuerzas-de-seguridad-local\/#breadcrumb","itemListElement":[{"@type":"ListItem","position":1,"name":"Portada","item":"https:\/\/diarioprincipios.com\/"},{"@type":"ListItem","position":2,"name":"M\u00e1s M\u00f3viles y C\u00e1maras para las Fuerzas de Seguridad Local"}]},{"@type":"WebSite","@id":"https:\/\/diarioprincipios.com\/#website","url":"https:\/\/diarioprincipios.com\/","name":"Principios","description":"Principios Diario","publisher":{"@id":"https:\/\/diarioprincipios.com\/#organization"},"potentialAction":[{"@type":"SearchAction","target":{"@type":"EntryPoint","urlTemplate":"https:\/\/diarioprincipios.com\/?s={search_term_string}"},"query-input":{"@type":"PropertyValueSpecification","valueRequired":true,"valueName":"search_term_string"}}],"inLanguage":"es"},{"@type":"Organization","@id":"https:\/\/diarioprincipios.com\/#organization","name":"Principios","url":"https:\/\/diarioprincipios.com\/","logo":{"@type":"ImageObject","inLanguage":"es","@id":"https:\/\/diarioprincipios.com\/#\/schema\/logo\/image\/","url":"https:\/\/diarioprincipios.com\/wp-content\/uploads\/2024\/04\/cropped-www.diarioprincipios.com_-1.png","contentUrl":"https:\/\/diarioprincipios.com\/wp-content\/uploads\/2024\/04\/cropped-www.diarioprincipios.com_-1.png","width":5325,"height":1454,"caption":"Principios"},"image":{"@id":"https:\/\/diarioprincipios.com\/#\/schema\/logo\/image\/"}},{"@type":"Person","@id":"https:\/\/diarioprincipios.com\/#\/schema\/person\/436d5a1fd41a5e250e23ff5a6a7cb080","name":"Hern\u00e1n L\u00f3pez","image":{"@type":"ImageObject","inLanguage":"es","@id":"https:\/\/diarioprincipios.com\/wp-content\/litespeed\/avatar\/11ddfe5610ff3bd100522525b2571f48.jpg?ver=1777048341","url":"https:\/\/diarioprincipios.com\/wp-content\/litespeed\/avatar\/11ddfe5610ff3bd100522525b2571f48.jpg?ver=1777048341","contentUrl":"https:\/\/diarioprincipios.com\/wp-content\/litespeed\/avatar\/11ddfe5610ff3bd100522525b2571f48.jpg?ver=1777048341","caption":"Hern\u00e1n L\u00f3pez"},"url":"https:\/\/diarioprincipios.com\/index.php\/author\/hernan\/"}]}},"jetpack_featured_media_url":"https:\/\/diarioprincipios.com\/wp-content\/uploads\/2025\/07\/BERAZATEGUI-MAS-MOVILES-Y-CAMARAS-PARA-LAS-FUERZAS-DE-SEGURIDAD-LOCAL-6.jpg","_links":{"self":[{"href":"https:\/\/diarioprincipios.com\/index.php\/wp-json\/wp\/v2\/posts\/24964","targetHints":{"allow":["GET"]}}],"collection":[{"href":"https:\/\/diarioprincipios.com\/index.php\/wp-json\/wp\/v2\/posts"}],"about":[{"href":"https:\/\/diarioprincipios.com\/index.php\/wp-json\/wp\/v2\/types\/post"}],"author":[{"embeddable":true,"href":"https:\/\/diarioprincipios.com\/index.php\/wp-json\/wp\/v2\/users\/2"}],"replies":[{"embeddable":true,"href":"https:\/\/diarioprincipios.com\/index.php\/wp-json\/wp\/v2\/comments?post=24964"}],"version-history":[{"count":1,"href":"https:\/\/diarioprincipios.com\/index.php\/wp-json\/wp\/v2\/posts\/24964\/revisions"}],"predecessor-version":[{"id":24968,"href":"https:\/\/diarioprincipios.com\/index.php\/wp-json\/wp\/v2\/posts\/24964\/revisions\/24968"}],"wp:featuredmedia":[{"embeddable":true,"href":"https:\/\/diarioprincipios.com\/index.php\/wp-json\/wp\/v2\/media\/24967"}],"wp:attachment":[{"href":"https:\/\/diarioprincipios.com\/index.php\/wp-json\/wp\/v2\/media?parent=24964"}],"wp:term":[{"taxonomy":"category","embeddable":true,"href":"https:\/\/diarioprincipios.com\/index.php\/wp-json\/wp\/v2\/categories?post=24964"},{"taxonomy":"post_tag","embeddable":true,"href":"https:\/\/diarioprincipios.com\/index.php\/wp-json\/wp\/v2\/tags?post=24964"}],"curies":[{"name":"wp","href":"https:\/\/api.w.org\/{rel}","templated":true}]}}