{"id":24958,"date":"2025-07-11T11:23:14","date_gmt":"2025-07-11T14:23:14","guid":{"rendered":"https:\/\/diarioprincipios.com\/?p=24958"},"modified":"2025-07-11T11:23:14","modified_gmt":"2025-07-11T14:23:14","slug":"siguen-las-jornadas-de-salud-animal-en-los-barrios","status":"publish","type":"post","link":"https:\/\/diarioprincipios.com\/index.php\/2025\/07\/11\/siguen-las-jornadas-de-salud-animal-en-los-barrios\/","title":{"rendered":"Siguen las Jornadas de Salud Animal en los barrios"},"content":{"rendered":"\n<p><strong>La Municipalidad de Berazategui -a cargo del Dr. Juan Jos\u00e9 Mussi- realizar\u00e1 nuevas jornadas de salud animal en distintos puntos del distrito. En cada una de ellas, los vecinos y vecinas junto a sus animalitos de compa\u00f1\u00eda, podr\u00e1n acceder gratuitamente a los servicios de vacunaci\u00f3n antirr\u00e1bica, desparasitaci\u00f3n y castraci\u00f3n para perros y gatos, brindados por profesionales de la Cl\u00ednica Veterinaria Municipal.<\/strong><br>El cronograma es el siguiente:-Viernes 11\/7: Sociedad de Fomento 19 de Agosto (calle 123 e\/ 27 y 28).\u00a0-Del lunes 14 al mi\u00e9rcoles 16\/7: Sociedad de Fomento El Zorzal (calle 25 e\/ 107 y 108).\u00a0-Jueves 17 y viernes 18\/7: Centro de Jubilados Corazones Unidos y Sociedad de Fomento 20 de Junio (calle 203 e\/ 254 y 255).\u00a0-Lunes 21 y martes 22\/7: Sociedad de Fomento San Pedro (calle 107 e\/12 y 12A).\u00a0-Del mi\u00e9rcoles 23 al viernes 25\/7: Sociedad de Fomento Barrio Luz (calle 368 e\/ Av. Milazzo y 316).<\/p>\n\n\n\n<figure class=\"wp-block-image size-large\"><img loading=\"lazy\" decoding=\"async\" width=\"1024\" height=\"768\" src=\"https:\/\/diarioprincipios.com\/wp-content\/uploads\/2025\/07\/SIGUEN-LAS-JORNADAS-DE-SALUD-ANIMAL-EN-LOS-BARRIOS-1-1024x768.jpg\" alt=\"\" class=\"wp-image-24960\" srcset=\"https:\/\/diarioprincipios.com\/wp-content\/uploads\/2025\/07\/SIGUEN-LAS-JORNADAS-DE-SALUD-ANIMAL-EN-LOS-BARRIOS-1-1024x768.jpg 1024w, https:\/\/diarioprincipios.com\/wp-content\/uploads\/2025\/07\/SIGUEN-LAS-JORNADAS-DE-SALUD-ANIMAL-EN-LOS-BARRIOS-1-300x225.jpg 300w, https:\/\/diarioprincipios.com\/wp-content\/uploads\/2025\/07\/SIGUEN-LAS-JORNADAS-DE-SALUD-ANIMAL-EN-LOS-BARRIOS-1-768x576.jpg 768w, https:\/\/diarioprincipios.com\/wp-content\/uploads\/2025\/07\/SIGUEN-LAS-JORNADAS-DE-SALUD-ANIMAL-EN-LOS-BARRIOS-1-1536x1152.jpg 1536w, https:\/\/diarioprincipios.com\/wp-content\/uploads\/2025\/07\/SIGUEN-LAS-JORNADAS-DE-SALUD-ANIMAL-EN-LOS-BARRIOS-1.jpg 1600w\" sizes=\"auto, (max-width: 1024px) 100vw, 1024px\" \/><\/figure>\n\n\n\n<p><br>En cada una de las instituciones se entregar\u00e1n diez turnos diarios para castraci\u00f3n, por orden de llegada, a partir de las 08.00. A su vez, la vacunaci\u00f3n antirr\u00e1bica y la desparasitaci\u00f3n se desarrollar\u00e1n de 11.00 a 12.30.<br>Marta Amarelle, vecina que se acerc\u00f3 a una de las jornadas anteriores, coment\u00f3: \u201cTraje a vacunar y desparasitar a mis perritos y\u00a0gatos. Agradezco esta buena acci\u00f3n de la Municipalidad, porque transportar a los animalitos no es f\u00e1cil y estas jornadas se realizan cerca de casa y son gratuitas. Estoy muy contenta, vengo todos los a\u00f1os\u00bb.<br>En tanto, la vecina Ivana M\u00e9ndez expres\u00f3: \u201cEstoy agradecida con el Municipio y los veterinarios porque pudieron castrar a mi gatita. La atenci\u00f3n fue gratuita, muy buena y r\u00e1pida. La castraci\u00f3n en una veterinaria particular es muy cara y se hace dif\u00edcil poder pagarlo, as\u00ed que agradezco que el Municipio otorgue este beneficio. Muchos vecinos vinieron a estas jornadas y trajeron a sus animalitos\u201d.<\/p>\n\n\n\n<figure class=\"wp-block-image size-large\"><img loading=\"lazy\" decoding=\"async\" width=\"1024\" height=\"682\" src=\"https:\/\/diarioprincipios.com\/wp-content\/uploads\/2025\/07\/SIGUEN-LAS-JORNADAS-DE-SALUD-ANIMAL-EN-LOS-BARRIOS-2-1024x682.jpg\" alt=\"\" class=\"wp-image-24961\" srcset=\"https:\/\/diarioprincipios.com\/wp-content\/uploads\/2025\/07\/SIGUEN-LAS-JORNADAS-DE-SALUD-ANIMAL-EN-LOS-BARRIOS-2-1024x682.jpg 1024w, https:\/\/diarioprincipios.com\/wp-content\/uploads\/2025\/07\/SIGUEN-LAS-JORNADAS-DE-SALUD-ANIMAL-EN-LOS-BARRIOS-2-300x200.jpg 300w, https:\/\/diarioprincipios.com\/wp-content\/uploads\/2025\/07\/SIGUEN-LAS-JORNADAS-DE-SALUD-ANIMAL-EN-LOS-BARRIOS-2-768x512.jpg 768w, https:\/\/diarioprincipios.com\/wp-content\/uploads\/2025\/07\/SIGUEN-LAS-JORNADAS-DE-SALUD-ANIMAL-EN-LOS-BARRIOS-2-1536x1023.jpg 1536w, https:\/\/diarioprincipios.com\/wp-content\/uploads\/2025\/07\/SIGUEN-LAS-JORNADAS-DE-SALUD-ANIMAL-EN-LOS-BARRIOS-2-820x545.jpg 820w, https:\/\/diarioprincipios.com\/wp-content\/uploads\/2025\/07\/SIGUEN-LAS-JORNADAS-DE-SALUD-ANIMAL-EN-LOS-BARRIOS-2-600x400.jpg 600w, https:\/\/diarioprincipios.com\/wp-content\/uploads\/2025\/07\/SIGUEN-LAS-JORNADAS-DE-SALUD-ANIMAL-EN-LOS-BARRIOS-2.jpg 1600w\" sizes=\"auto, (max-width: 1024px) 100vw, 1024px\" \/><\/figure>\n\n\n\n<p><br>En 2013, Berazategui se convirti\u00f3 en un municipio pionero al crear la primera Cl\u00ednica Veterinaria Municipal del pa\u00eds, una pol\u00edtica sanitaria importante tanto para el cuidado de los animales como de las personas. A su vez, profesionales recorren los barrios para acercar gratuitamente los servicios veterinarios esenciales para perros y gatos, con dos quir\u00f3fanos m\u00f3viles, adem\u00e1s de brindar informaci\u00f3n a los vecinos y vecinas.<br>Para m\u00e1s informaci\u00f3n se puede ingresar en\u00a0<a href=\"http:\/\/corazondezonasur.com.ar\/servicios\" target=\"_blank\" rel=\"noreferrer noopener\">corazondezonasur.com.ar\/servicios<\/a>.<\/p>\n","protected":false},"excerpt":{"rendered":"<p>La Municipalidad de Berazategui -a cargo del Dr. Juan Jos\u00e9 Mussi- realizar\u00e1 nuevas jornadas de salud animal en distintos puntos del distrito. En cada una de ellas, los vecinos y vecinas junto a sus animalitos de compa\u00f1\u00eda, podr\u00e1n acceder gratuitamente a los servicios de vacunaci\u00f3n antirr\u00e1bica, desparasitaci\u00f3n y castraci\u00f3n para perros y gatos, brindados por&#8230;<\/p>\n","protected":false},"author":2,"featured_media":24962,"comment_status":"open","ping_status":"open","sticky":false,"template":"","format":"standard","meta":{"footnotes":""},"categories":[3],"tags":[],"class_list":["post-24958","post","type-post","status-publish","format-standard","has-post-thumbnail","hentry","category-berazategui"],"featured_image_src":"https:\/\/diarioprincipios.com\/wp-content\/uploads\/2025\/07\/SIGUEN-LAS-JORNADAS-DE-SALUD-ANIMAL-EN-LOS-BARRIOS-1-1-1024x768.jpg","blog_images":{"medium":"https:\/\/diarioprincipios.com\/wp-content\/uploads\/2025\/07\/SIGUEN-LAS-JORNADAS-DE-SALUD-ANIMAL-EN-LOS-BARRIOS-1-1-300x225.jpg","large":"https:\/\/diarioprincipios.com\/wp-content\/uploads\/2025\/07\/SIGUEN-LAS-JORNADAS-DE-SALUD-ANIMAL-EN-LOS-BARRIOS-1-1-1024x768.jpg"},"ams_acf":[],"yoast_head":"<!-- This site is optimized with the Yoast SEO plugin v27.3 - https:\/\/yoast.com\/product\/yoast-seo-wordpress\/ -->\n<title>Siguen las Jornadas de Salud Animal en los barrios - Principios<\/title>\n<meta name=\"robots\" content=\"index, follow, max-snippet:-1, max-image-preview:large, max-video-preview:-1\" \/>\n<link rel=\"canonical\" href=\"https:\/\/diarioprincipios.com\/index.php\/2025\/07\/11\/siguen-las-jornadas-de-salud-animal-en-los-barrios\/\" \/>\n<meta property=\"og:locale\" content=\"es_ES\" \/>\n<meta property=\"og:type\" content=\"article\" \/>\n<meta property=\"og:title\" content=\"Siguen las Jornadas de Salud Animal en los barrios - Principios\" \/>\n<meta property=\"og:description\" content=\"La Municipalidad de Berazategui -a cargo del Dr. Juan Jos\u00e9 Mussi- realizar\u00e1 nuevas jornadas de salud animal en distintos puntos del distrito. En cada una de ellas, los vecinos y vecinas junto a sus animalitos de compa\u00f1\u00eda, podr\u00e1n acceder gratuitamente a los servicios de vacunaci\u00f3n antirr\u00e1bica, desparasitaci\u00f3n y castraci\u00f3n para perros y gatos, brindados por...\" \/>\n<meta property=\"og:url\" content=\"https:\/\/diarioprincipios.com\/index.php\/2025\/07\/11\/siguen-las-jornadas-de-salud-animal-en-los-barrios\/\" \/>\n<meta property=\"og:site_name\" content=\"Principios\" \/>\n<meta property=\"article:published_time\" content=\"2025-07-11T14:23:14+00:00\" \/>\n<meta property=\"og:image\" content=\"https:\/\/diarioprincipios.com\/wp-content\/uploads\/2025\/07\/SIGUEN-LAS-JORNADAS-DE-SALUD-ANIMAL-EN-LOS-BARRIOS-1-1.jpg\" \/>\n\t<meta property=\"og:image:width\" content=\"1600\" \/>\n\t<meta property=\"og:image:height\" content=\"1200\" \/>\n\t<meta property=\"og:image:type\" content=\"image\/jpeg\" \/>\n<meta name=\"author\" content=\"Hern\u00e1n L\u00f3pez\" \/>\n<meta name=\"twitter:card\" content=\"summary_large_image\" \/>\n<meta name=\"twitter:label1\" content=\"Escrito por\" \/>\n\t<meta name=\"twitter:data1\" content=\"Hern\u00e1n L\u00f3pez\" \/>\n\t<meta name=\"twitter:label2\" content=\"Tiempo de lectura\" \/>\n\t<meta name=\"twitter:data2\" content=\"3 minutos\" \/>\n<script type=\"application\/ld+json\" class=\"yoast-schema-graph\">{\"@context\":\"https:\\\/\\\/schema.org\",\"@graph\":[{\"@type\":\"Article\",\"@id\":\"https:\\\/\\\/diarioprincipios.com\\\/index.php\\\/2025\\\/07\\\/11\\\/siguen-las-jornadas-de-salud-animal-en-los-barrios\\\/#article\",\"isPartOf\":{\"@id\":\"https:\\\/\\\/diarioprincipios.com\\\/index.php\\\/2025\\\/07\\\/11\\\/siguen-las-jornadas-de-salud-animal-en-los-barrios\\\/\"},\"author\":{\"name\":\"Hern\u00e1n L\u00f3pez\",\"@id\":\"https:\\\/\\\/diarioprincipios.com\\\/#\\\/schema\\\/person\\\/436d5a1fd41a5e250e23ff5a6a7cb080\"},\"headline\":\"Siguen las Jornadas de Salud Animal en los barrios\",\"datePublished\":\"2025-07-11T14:23:14+00:00\",\"mainEntityOfPage\":{\"@id\":\"https:\\\/\\\/diarioprincipios.com\\\/index.php\\\/2025\\\/07\\\/11\\\/siguen-las-jornadas-de-salud-animal-en-los-barrios\\\/\"},\"wordCount\":399,\"commentCount\":0,\"publisher\":{\"@id\":\"https:\\\/\\\/diarioprincipios.com\\\/#organization\"},\"image\":{\"@id\":\"https:\\\/\\\/diarioprincipios.com\\\/index.php\\\/2025\\\/07\\\/11\\\/siguen-las-jornadas-de-salud-animal-en-los-barrios\\\/#primaryimage\"},\"thumbnailUrl\":\"https:\\\/\\\/diarioprincipios.com\\\/wp-content\\\/uploads\\\/2025\\\/07\\\/SIGUEN-LAS-JORNADAS-DE-SALUD-ANIMAL-EN-LOS-BARRIOS-1-1.jpg\",\"articleSection\":[\"Berazategui\"],\"inLanguage\":\"es\",\"potentialAction\":[{\"@type\":\"CommentAction\",\"name\":\"Comment\",\"target\":[\"https:\\\/\\\/diarioprincipios.com\\\/index.php\\\/2025\\\/07\\\/11\\\/siguen-las-jornadas-de-salud-animal-en-los-barrios\\\/#respond\"]}]},{\"@type\":\"WebPage\",\"@id\":\"https:\\\/\\\/diarioprincipios.com\\\/index.php\\\/2025\\\/07\\\/11\\\/siguen-las-jornadas-de-salud-animal-en-los-barrios\\\/\",\"url\":\"https:\\\/\\\/diarioprincipios.com\\\/index.php\\\/2025\\\/07\\\/11\\\/siguen-las-jornadas-de-salud-animal-en-los-barrios\\\/\",\"name\":\"Siguen las Jornadas de Salud Animal en los barrios - Principios\",\"isPartOf\":{\"@id\":\"https:\\\/\\\/diarioprincipios.com\\\/#website\"},\"primaryImageOfPage\":{\"@id\":\"https:\\\/\\\/diarioprincipios.com\\\/index.php\\\/2025\\\/07\\\/11\\\/siguen-las-jornadas-de-salud-animal-en-los-barrios\\\/#primaryimage\"},\"image\":{\"@id\":\"https:\\\/\\\/diarioprincipios.com\\\/index.php\\\/2025\\\/07\\\/11\\\/siguen-las-jornadas-de-salud-animal-en-los-barrios\\\/#primaryimage\"},\"thumbnailUrl\":\"https:\\\/\\\/diarioprincipios.com\\\/wp-content\\\/uploads\\\/2025\\\/07\\\/SIGUEN-LAS-JORNADAS-DE-SALUD-ANIMAL-EN-LOS-BARRIOS-1-1.jpg\",\"datePublished\":\"2025-07-11T14:23:14+00:00\",\"breadcrumb\":{\"@id\":\"https:\\\/\\\/diarioprincipios.com\\\/index.php\\\/2025\\\/07\\\/11\\\/siguen-las-jornadas-de-salud-animal-en-los-barrios\\\/#breadcrumb\"},\"inLanguage\":\"es\",\"potentialAction\":[{\"@type\":\"ReadAction\",\"target\":[\"https:\\\/\\\/diarioprincipios.com\\\/index.php\\\/2025\\\/07\\\/11\\\/siguen-las-jornadas-de-salud-animal-en-los-barrios\\\/\"]}]},{\"@type\":\"ImageObject\",\"inLanguage\":\"es\",\"@id\":\"https:\\\/\\\/diarioprincipios.com\\\/index.php\\\/2025\\\/07\\\/11\\\/siguen-las-jornadas-de-salud-animal-en-los-barrios\\\/#primaryimage\",\"url\":\"https:\\\/\\\/diarioprincipios.com\\\/wp-content\\\/uploads\\\/2025\\\/07\\\/SIGUEN-LAS-JORNADAS-DE-SALUD-ANIMAL-EN-LOS-BARRIOS-1-1.jpg\",\"contentUrl\":\"https:\\\/\\\/diarioprincipios.com\\\/wp-content\\\/uploads\\\/2025\\\/07\\\/SIGUEN-LAS-JORNADAS-DE-SALUD-ANIMAL-EN-LOS-BARRIOS-1-1.jpg\",\"width\":1600,\"height\":1200},{\"@type\":\"BreadcrumbList\",\"@id\":\"https:\\\/\\\/diarioprincipios.com\\\/index.php\\\/2025\\\/07\\\/11\\\/siguen-las-jornadas-de-salud-animal-en-los-barrios\\\/#breadcrumb\",\"itemListElement\":[{\"@type\":\"ListItem\",\"position\":1,\"name\":\"Portada\",\"item\":\"https:\\\/\\\/diarioprincipios.com\\\/\"},{\"@type\":\"ListItem\",\"position\":2,\"name\":\"Siguen las Jornadas de Salud Animal en los barrios\"}]},{\"@type\":\"WebSite\",\"@id\":\"https:\\\/\\\/diarioprincipios.com\\\/#website\",\"url\":\"https:\\\/\\\/diarioprincipios.com\\\/\",\"name\":\"Principios\",\"description\":\"Principios Diario\",\"publisher\":{\"@id\":\"https:\\\/\\\/diarioprincipios.com\\\/#organization\"},\"potentialAction\":[{\"@type\":\"SearchAction\",\"target\":{\"@type\":\"EntryPoint\",\"urlTemplate\":\"https:\\\/\\\/diarioprincipios.com\\\/?s={search_term_string}\"},\"query-input\":{\"@type\":\"PropertyValueSpecification\",\"valueRequired\":true,\"valueName\":\"search_term_string\"}}],\"inLanguage\":\"es\"},{\"@type\":\"Organization\",\"@id\":\"https:\\\/\\\/diarioprincipios.com\\\/#organization\",\"name\":\"Principios\",\"url\":\"https:\\\/\\\/diarioprincipios.com\\\/\",\"logo\":{\"@type\":\"ImageObject\",\"inLanguage\":\"es\",\"@id\":\"https:\\\/\\\/diarioprincipios.com\\\/#\\\/schema\\\/logo\\\/image\\\/\",\"url\":\"https:\\\/\\\/diarioprincipios.com\\\/wp-content\\\/uploads\\\/2024\\\/04\\\/cropped-www.diarioprincipios.com_-1.png\",\"contentUrl\":\"https:\\\/\\\/diarioprincipios.com\\\/wp-content\\\/uploads\\\/2024\\\/04\\\/cropped-www.diarioprincipios.com_-1.png\",\"width\":5325,\"height\":1454,\"caption\":\"Principios\"},\"image\":{\"@id\":\"https:\\\/\\\/diarioprincipios.com\\\/#\\\/schema\\\/logo\\\/image\\\/\"}},{\"@type\":\"Person\",\"@id\":\"https:\\\/\\\/diarioprincipios.com\\\/#\\\/schema\\\/person\\\/436d5a1fd41a5e250e23ff5a6a7cb080\",\"name\":\"Hern\u00e1n L\u00f3pez\",\"image\":{\"@type\":\"ImageObject\",\"inLanguage\":\"es\",\"@id\":\"https:\\\/\\\/diarioprincipios.com\\\/wp-content\\\/litespeed\\\/avatar\\\/11ddfe5610ff3bd100522525b2571f48.jpg?ver=1777048341\",\"url\":\"https:\\\/\\\/diarioprincipios.com\\\/wp-content\\\/litespeed\\\/avatar\\\/11ddfe5610ff3bd100522525b2571f48.jpg?ver=1777048341\",\"contentUrl\":\"https:\\\/\\\/diarioprincipios.com\\\/wp-content\\\/litespeed\\\/avatar\\\/11ddfe5610ff3bd100522525b2571f48.jpg?ver=1777048341\",\"caption\":\"Hern\u00e1n L\u00f3pez\"},\"url\":\"https:\\\/\\\/diarioprincipios.com\\\/index.php\\\/author\\\/hernan\\\/\"}]}<\/script>\n<!-- \/ Yoast SEO plugin. -->","yoast_head_json":{"title":"Siguen las Jornadas de Salud Animal en los barrios - Principios","robots":{"index":"index","follow":"follow","max-snippet":"max-snippet:-1","max-image-preview":"max-image-preview:large","max-video-preview":"max-video-preview:-1"},"canonical":"https:\/\/diarioprincipios.com\/index.php\/2025\/07\/11\/siguen-las-jornadas-de-salud-animal-en-los-barrios\/","og_locale":"es_ES","og_type":"article","og_title":"Siguen las Jornadas de Salud Animal en los barrios - Principios","og_description":"La Municipalidad de Berazategui -a cargo del Dr. Juan Jos\u00e9 Mussi- realizar\u00e1 nuevas jornadas de salud animal en distintos puntos del distrito. En cada una de ellas, los vecinos y vecinas junto a sus animalitos de compa\u00f1\u00eda, podr\u00e1n acceder gratuitamente a los servicios de vacunaci\u00f3n antirr\u00e1bica, desparasitaci\u00f3n y castraci\u00f3n para perros y gatos, brindados por...","og_url":"https:\/\/diarioprincipios.com\/index.php\/2025\/07\/11\/siguen-las-jornadas-de-salud-animal-en-los-barrios\/","og_site_name":"Principios","article_published_time":"2025-07-11T14:23:14+00:00","og_image":[{"width":1600,"height":1200,"url":"https:\/\/diarioprincipios.com\/wp-content\/uploads\/2025\/07\/SIGUEN-LAS-JORNADAS-DE-SALUD-ANIMAL-EN-LOS-BARRIOS-1-1.jpg","type":"image\/jpeg"}],"author":"Hern\u00e1n L\u00f3pez","twitter_card":"summary_large_image","twitter_misc":{"Escrito por":"Hern\u00e1n L\u00f3pez","Tiempo de lectura":"3 minutos"},"schema":{"@context":"https:\/\/schema.org","@graph":[{"@type":"Article","@id":"https:\/\/diarioprincipios.com\/index.php\/2025\/07\/11\/siguen-las-jornadas-de-salud-animal-en-los-barrios\/#article","isPartOf":{"@id":"https:\/\/diarioprincipios.com\/index.php\/2025\/07\/11\/siguen-las-jornadas-de-salud-animal-en-los-barrios\/"},"author":{"name":"Hern\u00e1n L\u00f3pez","@id":"https:\/\/diarioprincipios.com\/#\/schema\/person\/436d5a1fd41a5e250e23ff5a6a7cb080"},"headline":"Siguen las Jornadas de Salud Animal en los barrios","datePublished":"2025-07-11T14:23:14+00:00","mainEntityOfPage":{"@id":"https:\/\/diarioprincipios.com\/index.php\/2025\/07\/11\/siguen-las-jornadas-de-salud-animal-en-los-barrios\/"},"wordCount":399,"commentCount":0,"publisher":{"@id":"https:\/\/diarioprincipios.com\/#organization"},"image":{"@id":"https:\/\/diarioprincipios.com\/index.php\/2025\/07\/11\/siguen-las-jornadas-de-salud-animal-en-los-barrios\/#primaryimage"},"thumbnailUrl":"https:\/\/diarioprincipios.com\/wp-content\/uploads\/2025\/07\/SIGUEN-LAS-JORNADAS-DE-SALUD-ANIMAL-EN-LOS-BARRIOS-1-1.jpg","articleSection":["Berazategui"],"inLanguage":"es","potentialAction":[{"@type":"CommentAction","name":"Comment","target":["https:\/\/diarioprincipios.com\/index.php\/2025\/07\/11\/siguen-las-jornadas-de-salud-animal-en-los-barrios\/#respond"]}]},{"@type":"WebPage","@id":"https:\/\/diarioprincipios.com\/index.php\/2025\/07\/11\/siguen-las-jornadas-de-salud-animal-en-los-barrios\/","url":"https:\/\/diarioprincipios.com\/index.php\/2025\/07\/11\/siguen-las-jornadas-de-salud-animal-en-los-barrios\/","name":"Siguen las Jornadas de Salud Animal en los barrios - Principios","isPartOf":{"@id":"https:\/\/diarioprincipios.com\/#website"},"primaryImageOfPage":{"@id":"https:\/\/diarioprincipios.com\/index.php\/2025\/07\/11\/siguen-las-jornadas-de-salud-animal-en-los-barrios\/#primaryimage"},"image":{"@id":"https:\/\/diarioprincipios.com\/index.php\/2025\/07\/11\/siguen-las-jornadas-de-salud-animal-en-los-barrios\/#primaryimage"},"thumbnailUrl":"https:\/\/diarioprincipios.com\/wp-content\/uploads\/2025\/07\/SIGUEN-LAS-JORNADAS-DE-SALUD-ANIMAL-EN-LOS-BARRIOS-1-1.jpg","datePublished":"2025-07-11T14:23:14+00:00","breadcrumb":{"@id":"https:\/\/diarioprincipios.com\/index.php\/2025\/07\/11\/siguen-las-jornadas-de-salud-animal-en-los-barrios\/#breadcrumb"},"inLanguage":"es","potentialAction":[{"@type":"ReadAction","target":["https:\/\/diarioprincipios.com\/index.php\/2025\/07\/11\/siguen-las-jornadas-de-salud-animal-en-los-barrios\/"]}]},{"@type":"ImageObject","inLanguage":"es","@id":"https:\/\/diarioprincipios.com\/index.php\/2025\/07\/11\/siguen-las-jornadas-de-salud-animal-en-los-barrios\/#primaryimage","url":"https:\/\/diarioprincipios.com\/wp-content\/uploads\/2025\/07\/SIGUEN-LAS-JORNADAS-DE-SALUD-ANIMAL-EN-LOS-BARRIOS-1-1.jpg","contentUrl":"https:\/\/diarioprincipios.com\/wp-content\/uploads\/2025\/07\/SIGUEN-LAS-JORNADAS-DE-SALUD-ANIMAL-EN-LOS-BARRIOS-1-1.jpg","width":1600,"height":1200},{"@type":"BreadcrumbList","@id":"https:\/\/diarioprincipios.com\/index.php\/2025\/07\/11\/siguen-las-jornadas-de-salud-animal-en-los-barrios\/#breadcrumb","itemListElement":[{"@type":"ListItem","position":1,"name":"Portada","item":"https:\/\/diarioprincipios.com\/"},{"@type":"ListItem","position":2,"name":"Siguen las Jornadas de Salud Animal en los barrios"}]},{"@type":"WebSite","@id":"https:\/\/diarioprincipios.com\/#website","url":"https:\/\/diarioprincipios.com\/","name":"Principios","description":"Principios Diario","publisher":{"@id":"https:\/\/diarioprincipios.com\/#organization"},"potentialAction":[{"@type":"SearchAction","target":{"@type":"EntryPoint","urlTemplate":"https:\/\/diarioprincipios.com\/?s={search_term_string}"},"query-input":{"@type":"PropertyValueSpecification","valueRequired":true,"valueName":"search_term_string"}}],"inLanguage":"es"},{"@type":"Organization","@id":"https:\/\/diarioprincipios.com\/#organization","name":"Principios","url":"https:\/\/diarioprincipios.com\/","logo":{"@type":"ImageObject","inLanguage":"es","@id":"https:\/\/diarioprincipios.com\/#\/schema\/logo\/image\/","url":"https:\/\/diarioprincipios.com\/wp-content\/uploads\/2024\/04\/cropped-www.diarioprincipios.com_-1.png","contentUrl":"https:\/\/diarioprincipios.com\/wp-content\/uploads\/2024\/04\/cropped-www.diarioprincipios.com_-1.png","width":5325,"height":1454,"caption":"Principios"},"image":{"@id":"https:\/\/diarioprincipios.com\/#\/schema\/logo\/image\/"}},{"@type":"Person","@id":"https:\/\/diarioprincipios.com\/#\/schema\/person\/436d5a1fd41a5e250e23ff5a6a7cb080","name":"Hern\u00e1n L\u00f3pez","image":{"@type":"ImageObject","inLanguage":"es","@id":"https:\/\/diarioprincipios.com\/wp-content\/litespeed\/avatar\/11ddfe5610ff3bd100522525b2571f48.jpg?ver=1777048341","url":"https:\/\/diarioprincipios.com\/wp-content\/litespeed\/avatar\/11ddfe5610ff3bd100522525b2571f48.jpg?ver=1777048341","contentUrl":"https:\/\/diarioprincipios.com\/wp-content\/litespeed\/avatar\/11ddfe5610ff3bd100522525b2571f48.jpg?ver=1777048341","caption":"Hern\u00e1n L\u00f3pez"},"url":"https:\/\/diarioprincipios.com\/index.php\/author\/hernan\/"}]}},"jetpack_featured_media_url":"https:\/\/diarioprincipios.com\/wp-content\/uploads\/2025\/07\/SIGUEN-LAS-JORNADAS-DE-SALUD-ANIMAL-EN-LOS-BARRIOS-1-1.jpg","_links":{"self":[{"href":"https:\/\/diarioprincipios.com\/index.php\/wp-json\/wp\/v2\/posts\/24958","targetHints":{"allow":["GET"]}}],"collection":[{"href":"https:\/\/diarioprincipios.com\/index.php\/wp-json\/wp\/v2\/posts"}],"about":[{"href":"https:\/\/diarioprincipios.com\/index.php\/wp-json\/wp\/v2\/types\/post"}],"author":[{"embeddable":true,"href":"https:\/\/diarioprincipios.com\/index.php\/wp-json\/wp\/v2\/users\/2"}],"replies":[{"embeddable":true,"href":"https:\/\/diarioprincipios.com\/index.php\/wp-json\/wp\/v2\/comments?post=24958"}],"version-history":[{"count":1,"href":"https:\/\/diarioprincipios.com\/index.php\/wp-json\/wp\/v2\/posts\/24958\/revisions"}],"predecessor-version":[{"id":24963,"href":"https:\/\/diarioprincipios.com\/index.php\/wp-json\/wp\/v2\/posts\/24958\/revisions\/24963"}],"wp:featuredmedia":[{"embeddable":true,"href":"https:\/\/diarioprincipios.com\/index.php\/wp-json\/wp\/v2\/media\/24962"}],"wp:attachment":[{"href":"https:\/\/diarioprincipios.com\/index.php\/wp-json\/wp\/v2\/media?parent=24958"}],"wp:term":[{"taxonomy":"category","embeddable":true,"href":"https:\/\/diarioprincipios.com\/index.php\/wp-json\/wp\/v2\/categories?post=24958"},{"taxonomy":"post_tag","embeddable":true,"href":"https:\/\/diarioprincipios.com\/index.php\/wp-json\/wp\/v2\/tags?post=24958"}],"curies":[{"name":"wp","href":"https:\/\/api.w.org\/{rel}","templated":true}]}}