{"id":24953,"date":"2025-07-10T18:52:28","date_gmt":"2025-07-10T21:52:28","guid":{"rendered":"https:\/\/diarioprincipios.com\/?p=24953"},"modified":"2025-07-10T18:52:29","modified_gmt":"2025-07-10T21:52:29","slug":"mussi-y-bianco-recorrieron-la-obra-del-polo-educativo-integral-de-el-pato","status":"publish","type":"post","link":"https:\/\/diarioprincipios.com\/index.php\/2025\/07\/10\/mussi-y-bianco-recorrieron-la-obra-del-polo-educativo-integral-de-el-pato\/","title":{"rendered":"Mussi y Bianco recorrieron la obra del Polo Educativo Integral de El Pato"},"content":{"rendered":"\n<p>Incluye la construcci\u00f3n de una Escuela Primaria, una Secundaria y un Jard\u00edn de Infantes<\/p>\n\n\n\n<p>El ministro de Gobierno bonaerense, Carlos Bianco; y el intendente de Berazategui, Juan Jos\u00e9 Mussi, recorrieron el plan integral de urbanizaci\u00f3n que se est\u00e1 desarrollando en el barrio Once, de la localidad de El Pato. Se trata de la construcci\u00f3n de una Escuela Primaria, una Secundaria y un Jard\u00edn de Infantes, mediante un convenio firmado por el Municipio y el Organismo Provincial de Integraci\u00f3n Social y Urbana (OPISU). Tambi\u00e9n participaron el subsecretario de Educaci\u00f3n de la provincia de Buenos Aires, Pablo Urquiza; y la titular del OPISU, Romina Barrios.<\/p>\n\n\n\n<p>La obra, que ya se encuentra avanzada en un 75%, incluye la construcci\u00f3n de un Polo Educativo Integral ubicado en un predio de grandes dimensiones (entre las calles 512, 622, 623 y 514). La Escuela Primaria contar\u00e1 con 12 aulas, la Secundaria con seis y el Jard\u00edn de Infantes con la misma cantidad. Las tres instituciones tendr\u00e1n dependencias independientes y patio propio. El proyecto tambi\u00e9n contempla un Sal\u00f3n de Usos M\u00faltiples (SUM), una cancha de f\u00fatbol abierta, un \u00e1rea de juegos y otra de huertas. Los trabajos, adem\u00e1s, incluyen el mejoramiento del espacio p\u00fablico, la pavimentaci\u00f3n de calles del barrio y el alumbrado p\u00fablico.<\/p>\n\n\n\n<figure class=\"wp-block-image size-large\"><img loading=\"lazy\" decoding=\"async\" width=\"1024\" height=\"682\" src=\"https:\/\/diarioprincipios.com\/wp-content\/uploads\/2025\/07\/MUSSI-Y-BIANCO-RECORRIERON-LA-OBRA-DEL-POLO-EDUCATIVO-INTEGRAL-DE-EL-PATO-4-1024x682.jpg\" alt=\"\" class=\"wp-image-24954\" srcset=\"https:\/\/diarioprincipios.com\/wp-content\/uploads\/2025\/07\/MUSSI-Y-BIANCO-RECORRIERON-LA-OBRA-DEL-POLO-EDUCATIVO-INTEGRAL-DE-EL-PATO-4-1024x682.jpg 1024w, https:\/\/diarioprincipios.com\/wp-content\/uploads\/2025\/07\/MUSSI-Y-BIANCO-RECORRIERON-LA-OBRA-DEL-POLO-EDUCATIVO-INTEGRAL-DE-EL-PATO-4-300x200.jpg 300w, https:\/\/diarioprincipios.com\/wp-content\/uploads\/2025\/07\/MUSSI-Y-BIANCO-RECORRIERON-LA-OBRA-DEL-POLO-EDUCATIVO-INTEGRAL-DE-EL-PATO-4-768x512.jpg 768w, https:\/\/diarioprincipios.com\/wp-content\/uploads\/2025\/07\/MUSSI-Y-BIANCO-RECORRIERON-LA-OBRA-DEL-POLO-EDUCATIVO-INTEGRAL-DE-EL-PATO-4-1536x1023.jpg 1536w, https:\/\/diarioprincipios.com\/wp-content\/uploads\/2025\/07\/MUSSI-Y-BIANCO-RECORRIERON-LA-OBRA-DEL-POLO-EDUCATIVO-INTEGRAL-DE-EL-PATO-4-820x545.jpg 820w, https:\/\/diarioprincipios.com\/wp-content\/uploads\/2025\/07\/MUSSI-Y-BIANCO-RECORRIERON-LA-OBRA-DEL-POLO-EDUCATIVO-INTEGRAL-DE-EL-PATO-4-600x400.jpg 600w, https:\/\/diarioprincipios.com\/wp-content\/uploads\/2025\/07\/MUSSI-Y-BIANCO-RECORRIERON-LA-OBRA-DEL-POLO-EDUCATIVO-INTEGRAL-DE-EL-PATO-4.jpg 1600w\" sizes=\"auto, (max-width: 1024px) 100vw, 1024px\" \/><\/figure>\n\n\n\n<p>\u201cEstamos muy felices de haber recorrido esta obra que est\u00e1 pronto a terminarse, porque desde el Gobierno de la provincia de Buenos Aires entendemos que la urbanizaci\u00f3n y la integraci\u00f3n socio-urbana tambi\u00e9n es el equipamiento para el acceso a la educaci\u00f3n y la salud\u201d, celebr\u00f3 la directora ejecutiva del OPISU, Romina Barrios. Y resalt\u00f3: \u201cCon esta clase de iniciativas buscamos fortalecer la vida en comunidad y trabajar para la dignidad de los bonaerenses. En este caso lo hemos hecho en Berazategui, con un Municipio que -para nosotros- es emblema y ejemplo a seguir en materia de dignidad para nuestros vecinos y vecinas\u201d.<\/p>\n\n\n\n<p>Por su parte, el subsecretario de Educaci\u00f3n bonaerense, Pablo Urquiza, expres\u00f3: \u201cPara nosotros es una gran noticia el importante avance de esta obra, ya que significa que -muy seguramente- estas tres instituciones educativas puedan estar en pleno funcionamiento para el inicio del Ciclo Lectivo 2026\u201d. En este sentido, subray\u00f3: \u201cHace poco tiempo atr\u00e1s, este predio era solo campo. Pero se fue poblando y hoy, con un Estado provincial y municipal presentes gracias a las gestiones del gobernador Axel Kicillof y del intendente Juan Jos\u00e9 Mussi, las familias del lugar podr\u00e1n ordenar su vida y actividad laboral, sabiendo que sus chicos estar\u00e1n en un establecimiento educativo con todas las comodidades para tener la mejor educaci\u00f3n\u201d.<\/p>\n\n\n\n<figure class=\"wp-block-image size-large\"><img loading=\"lazy\" decoding=\"async\" width=\"1024\" height=\"682\" src=\"https:\/\/diarioprincipios.com\/wp-content\/uploads\/2025\/07\/MUSSI-Y-BIANCO-RECORRIERON-LA-OBRA-DEL-POLO-EDUCATIVO-INTEGRAL-DE-EL-PATO-2-1024x682.jpg\" alt=\"\" class=\"wp-image-24955\" srcset=\"https:\/\/diarioprincipios.com\/wp-content\/uploads\/2025\/07\/MUSSI-Y-BIANCO-RECORRIERON-LA-OBRA-DEL-POLO-EDUCATIVO-INTEGRAL-DE-EL-PATO-2-1024x682.jpg 1024w, https:\/\/diarioprincipios.com\/wp-content\/uploads\/2025\/07\/MUSSI-Y-BIANCO-RECORRIERON-LA-OBRA-DEL-POLO-EDUCATIVO-INTEGRAL-DE-EL-PATO-2-300x200.jpg 300w, https:\/\/diarioprincipios.com\/wp-content\/uploads\/2025\/07\/MUSSI-Y-BIANCO-RECORRIERON-LA-OBRA-DEL-POLO-EDUCATIVO-INTEGRAL-DE-EL-PATO-2-768x512.jpg 768w, https:\/\/diarioprincipios.com\/wp-content\/uploads\/2025\/07\/MUSSI-Y-BIANCO-RECORRIERON-LA-OBRA-DEL-POLO-EDUCATIVO-INTEGRAL-DE-EL-PATO-2-1536x1023.jpg 1536w, https:\/\/diarioprincipios.com\/wp-content\/uploads\/2025\/07\/MUSSI-Y-BIANCO-RECORRIERON-LA-OBRA-DEL-POLO-EDUCATIVO-INTEGRAL-DE-EL-PATO-2-820x545.jpg 820w, https:\/\/diarioprincipios.com\/wp-content\/uploads\/2025\/07\/MUSSI-Y-BIANCO-RECORRIERON-LA-OBRA-DEL-POLO-EDUCATIVO-INTEGRAL-DE-EL-PATO-2-600x400.jpg 600w, https:\/\/diarioprincipios.com\/wp-content\/uploads\/2025\/07\/MUSSI-Y-BIANCO-RECORRIERON-LA-OBRA-DEL-POLO-EDUCATIVO-INTEGRAL-DE-EL-PATO-2.jpg 1600w\" sizes=\"auto, (max-width: 1024px) 100vw, 1024px\" \/><\/figure>\n\n\n\n<p>Asimismo, la titular de la Agencia de Tierras y H\u00e1bitat municipal, Cecilia Rold\u00e1n, asegur\u00f3: \u201cEsto es algo muy importante para nosotros, porque en Berazategui consideramos que la educaci\u00f3n es primordial. Y mediante esta obra, pr\u00f3xima a terminarse, podremos dar respuesta a una necesidad de los vecinos y vecinas de El Pato. Y concluy\u00f3: \u201cPor eso queremos agradecerle al Gobierno de la provincia de Buenos Aires, que nos ha brindado la posibilidad de llevarla adelante, a trav\u00e9s del financiamiento del Banco Interamericano de Desarrollo (BID)\u201d.<\/p>\n\n\n\n<p>Participaron de la recorrida, adem\u00e1s, otros integrantes del Gabinete municipal.<\/p>\n","protected":false},"excerpt":{"rendered":"<p>Incluye la construcci\u00f3n de una Escuela Primaria, una Secundaria y un Jard\u00edn de Infantes El ministro de Gobierno bonaerense, Carlos Bianco; y el intendente de Berazategui, Juan Jos\u00e9 Mussi, recorrieron el plan integral de urbanizaci\u00f3n que se est\u00e1 desarrollando en el barrio Once, de la localidad de El Pato. Se trata de la construcci\u00f3n de&#8230;<\/p>\n","protected":false},"author":2,"featured_media":24956,"comment_status":"open","ping_status":"open","sticky":false,"template":"","format":"standard","meta":{"footnotes":""},"categories":[3],"tags":[],"class_list":["post-24953","post","type-post","status-publish","format-standard","has-post-thumbnail","hentry","category-berazategui"],"featured_image_src":"https:\/\/diarioprincipios.com\/wp-content\/uploads\/2025\/07\/MUSSI-Y-BIANCO-RECORRIERON-LA-OBRA-DEL-POLO-EDUCATIVO-INTEGRAL-DE-EL-PATO-3-1024x682.jpg","blog_images":{"medium":"https:\/\/diarioprincipios.com\/wp-content\/uploads\/2025\/07\/MUSSI-Y-BIANCO-RECORRIERON-LA-OBRA-DEL-POLO-EDUCATIVO-INTEGRAL-DE-EL-PATO-3-300x200.jpg","large":"https:\/\/diarioprincipios.com\/wp-content\/uploads\/2025\/07\/MUSSI-Y-BIANCO-RECORRIERON-LA-OBRA-DEL-POLO-EDUCATIVO-INTEGRAL-DE-EL-PATO-3-1024x682.jpg"},"ams_acf":[],"yoast_head":"<!-- This site is optimized with the Yoast SEO plugin v27.3 - https:\/\/yoast.com\/product\/yoast-seo-wordpress\/ -->\n<title>Mussi y Bianco recorrieron la obra del Polo Educativo Integral de El Pato - Principios<\/title>\n<meta name=\"robots\" content=\"index, follow, max-snippet:-1, max-image-preview:large, max-video-preview:-1\" \/>\n<link rel=\"canonical\" href=\"https:\/\/diarioprincipios.com\/index.php\/2025\/07\/10\/mussi-y-bianco-recorrieron-la-obra-del-polo-educativo-integral-de-el-pato\/\" \/>\n<meta property=\"og:locale\" content=\"es_ES\" \/>\n<meta property=\"og:type\" content=\"article\" \/>\n<meta property=\"og:title\" content=\"Mussi y Bianco recorrieron la obra del Polo Educativo Integral de El Pato - Principios\" \/>\n<meta property=\"og:description\" content=\"Incluye la construcci\u00f3n de una Escuela Primaria, una Secundaria y un Jard\u00edn de Infantes El ministro de Gobierno bonaerense, Carlos Bianco; y el intendente de Berazategui, Juan Jos\u00e9 Mussi, recorrieron el plan integral de urbanizaci\u00f3n que se est\u00e1 desarrollando en el barrio Once, de la localidad de El Pato. Se trata de la construcci\u00f3n de...\" \/>\n<meta property=\"og:url\" content=\"https:\/\/diarioprincipios.com\/index.php\/2025\/07\/10\/mussi-y-bianco-recorrieron-la-obra-del-polo-educativo-integral-de-el-pato\/\" \/>\n<meta property=\"og:site_name\" content=\"Principios\" \/>\n<meta property=\"article:published_time\" content=\"2025-07-10T21:52:28+00:00\" \/>\n<meta property=\"article:modified_time\" content=\"2025-07-10T21:52:29+00:00\" \/>\n<meta property=\"og:image\" content=\"https:\/\/diarioprincipios.com\/wp-content\/uploads\/2025\/07\/MUSSI-Y-BIANCO-RECORRIERON-LA-OBRA-DEL-POLO-EDUCATIVO-INTEGRAL-DE-EL-PATO-3.jpg\" \/>\n\t<meta property=\"og:image:width\" content=\"1600\" \/>\n\t<meta property=\"og:image:height\" content=\"1066\" \/>\n\t<meta property=\"og:image:type\" content=\"image\/jpeg\" \/>\n<meta name=\"author\" content=\"Hern\u00e1n L\u00f3pez\" \/>\n<meta name=\"twitter:card\" content=\"summary_large_image\" \/>\n<meta name=\"twitter:label1\" content=\"Escrito por\" \/>\n\t<meta name=\"twitter:data1\" content=\"Hern\u00e1n L\u00f3pez\" \/>\n\t<meta name=\"twitter:label2\" content=\"Tiempo de lectura\" \/>\n\t<meta name=\"twitter:data2\" content=\"3 minutos\" \/>\n<script type=\"application\/ld+json\" class=\"yoast-schema-graph\">{\"@context\":\"https:\\\/\\\/schema.org\",\"@graph\":[{\"@type\":\"Article\",\"@id\":\"https:\\\/\\\/diarioprincipios.com\\\/index.php\\\/2025\\\/07\\\/10\\\/mussi-y-bianco-recorrieron-la-obra-del-polo-educativo-integral-de-el-pato\\\/#article\",\"isPartOf\":{\"@id\":\"https:\\\/\\\/diarioprincipios.com\\\/index.php\\\/2025\\\/07\\\/10\\\/mussi-y-bianco-recorrieron-la-obra-del-polo-educativo-integral-de-el-pato\\\/\"},\"author\":{\"name\":\"Hern\u00e1n L\u00f3pez\",\"@id\":\"https:\\\/\\\/diarioprincipios.com\\\/#\\\/schema\\\/person\\\/436d5a1fd41a5e250e23ff5a6a7cb080\"},\"headline\":\"Mussi y Bianco recorrieron la obra del Polo Educativo Integral de El Pato\",\"datePublished\":\"2025-07-10T21:52:28+00:00\",\"dateModified\":\"2025-07-10T21:52:29+00:00\",\"mainEntityOfPage\":{\"@id\":\"https:\\\/\\\/diarioprincipios.com\\\/index.php\\\/2025\\\/07\\\/10\\\/mussi-y-bianco-recorrieron-la-obra-del-polo-educativo-integral-de-el-pato\\\/\"},\"wordCount\":557,\"commentCount\":0,\"publisher\":{\"@id\":\"https:\\\/\\\/diarioprincipios.com\\\/#organization\"},\"image\":{\"@id\":\"https:\\\/\\\/diarioprincipios.com\\\/index.php\\\/2025\\\/07\\\/10\\\/mussi-y-bianco-recorrieron-la-obra-del-polo-educativo-integral-de-el-pato\\\/#primaryimage\"},\"thumbnailUrl\":\"https:\\\/\\\/diarioprincipios.com\\\/wp-content\\\/uploads\\\/2025\\\/07\\\/MUSSI-Y-BIANCO-RECORRIERON-LA-OBRA-DEL-POLO-EDUCATIVO-INTEGRAL-DE-EL-PATO-3.jpg\",\"articleSection\":[\"Berazategui\"],\"inLanguage\":\"es\",\"potentialAction\":[{\"@type\":\"CommentAction\",\"name\":\"Comment\",\"target\":[\"https:\\\/\\\/diarioprincipios.com\\\/index.php\\\/2025\\\/07\\\/10\\\/mussi-y-bianco-recorrieron-la-obra-del-polo-educativo-integral-de-el-pato\\\/#respond\"]}]},{\"@type\":\"WebPage\",\"@id\":\"https:\\\/\\\/diarioprincipios.com\\\/index.php\\\/2025\\\/07\\\/10\\\/mussi-y-bianco-recorrieron-la-obra-del-polo-educativo-integral-de-el-pato\\\/\",\"url\":\"https:\\\/\\\/diarioprincipios.com\\\/index.php\\\/2025\\\/07\\\/10\\\/mussi-y-bianco-recorrieron-la-obra-del-polo-educativo-integral-de-el-pato\\\/\",\"name\":\"Mussi y Bianco recorrieron la obra del Polo Educativo Integral de El Pato - Principios\",\"isPartOf\":{\"@id\":\"https:\\\/\\\/diarioprincipios.com\\\/#website\"},\"primaryImageOfPage\":{\"@id\":\"https:\\\/\\\/diarioprincipios.com\\\/index.php\\\/2025\\\/07\\\/10\\\/mussi-y-bianco-recorrieron-la-obra-del-polo-educativo-integral-de-el-pato\\\/#primaryimage\"},\"image\":{\"@id\":\"https:\\\/\\\/diarioprincipios.com\\\/index.php\\\/2025\\\/07\\\/10\\\/mussi-y-bianco-recorrieron-la-obra-del-polo-educativo-integral-de-el-pato\\\/#primaryimage\"},\"thumbnailUrl\":\"https:\\\/\\\/diarioprincipios.com\\\/wp-content\\\/uploads\\\/2025\\\/07\\\/MUSSI-Y-BIANCO-RECORRIERON-LA-OBRA-DEL-POLO-EDUCATIVO-INTEGRAL-DE-EL-PATO-3.jpg\",\"datePublished\":\"2025-07-10T21:52:28+00:00\",\"dateModified\":\"2025-07-10T21:52:29+00:00\",\"breadcrumb\":{\"@id\":\"https:\\\/\\\/diarioprincipios.com\\\/index.php\\\/2025\\\/07\\\/10\\\/mussi-y-bianco-recorrieron-la-obra-del-polo-educativo-integral-de-el-pato\\\/#breadcrumb\"},\"inLanguage\":\"es\",\"potentialAction\":[{\"@type\":\"ReadAction\",\"target\":[\"https:\\\/\\\/diarioprincipios.com\\\/index.php\\\/2025\\\/07\\\/10\\\/mussi-y-bianco-recorrieron-la-obra-del-polo-educativo-integral-de-el-pato\\\/\"]}]},{\"@type\":\"ImageObject\",\"inLanguage\":\"es\",\"@id\":\"https:\\\/\\\/diarioprincipios.com\\\/index.php\\\/2025\\\/07\\\/10\\\/mussi-y-bianco-recorrieron-la-obra-del-polo-educativo-integral-de-el-pato\\\/#primaryimage\",\"url\":\"https:\\\/\\\/diarioprincipios.com\\\/wp-content\\\/uploads\\\/2025\\\/07\\\/MUSSI-Y-BIANCO-RECORRIERON-LA-OBRA-DEL-POLO-EDUCATIVO-INTEGRAL-DE-EL-PATO-3.jpg\",\"contentUrl\":\"https:\\\/\\\/diarioprincipios.com\\\/wp-content\\\/uploads\\\/2025\\\/07\\\/MUSSI-Y-BIANCO-RECORRIERON-LA-OBRA-DEL-POLO-EDUCATIVO-INTEGRAL-DE-EL-PATO-3.jpg\",\"width\":1600,\"height\":1066},{\"@type\":\"BreadcrumbList\",\"@id\":\"https:\\\/\\\/diarioprincipios.com\\\/index.php\\\/2025\\\/07\\\/10\\\/mussi-y-bianco-recorrieron-la-obra-del-polo-educativo-integral-de-el-pato\\\/#breadcrumb\",\"itemListElement\":[{\"@type\":\"ListItem\",\"position\":1,\"name\":\"Portada\",\"item\":\"https:\\\/\\\/diarioprincipios.com\\\/\"},{\"@type\":\"ListItem\",\"position\":2,\"name\":\"Mussi y Bianco recorrieron la obra del Polo Educativo Integral de El Pato\"}]},{\"@type\":\"WebSite\",\"@id\":\"https:\\\/\\\/diarioprincipios.com\\\/#website\",\"url\":\"https:\\\/\\\/diarioprincipios.com\\\/\",\"name\":\"Principios\",\"description\":\"Principios Diario\",\"publisher\":{\"@id\":\"https:\\\/\\\/diarioprincipios.com\\\/#organization\"},\"potentialAction\":[{\"@type\":\"SearchAction\",\"target\":{\"@type\":\"EntryPoint\",\"urlTemplate\":\"https:\\\/\\\/diarioprincipios.com\\\/?s={search_term_string}\"},\"query-input\":{\"@type\":\"PropertyValueSpecification\",\"valueRequired\":true,\"valueName\":\"search_term_string\"}}],\"inLanguage\":\"es\"},{\"@type\":\"Organization\",\"@id\":\"https:\\\/\\\/diarioprincipios.com\\\/#organization\",\"name\":\"Principios\",\"url\":\"https:\\\/\\\/diarioprincipios.com\\\/\",\"logo\":{\"@type\":\"ImageObject\",\"inLanguage\":\"es\",\"@id\":\"https:\\\/\\\/diarioprincipios.com\\\/#\\\/schema\\\/logo\\\/image\\\/\",\"url\":\"https:\\\/\\\/diarioprincipios.com\\\/wp-content\\\/uploads\\\/2024\\\/04\\\/cropped-www.diarioprincipios.com_-1.png\",\"contentUrl\":\"https:\\\/\\\/diarioprincipios.com\\\/wp-content\\\/uploads\\\/2024\\\/04\\\/cropped-www.diarioprincipios.com_-1.png\",\"width\":5325,\"height\":1454,\"caption\":\"Principios\"},\"image\":{\"@id\":\"https:\\\/\\\/diarioprincipios.com\\\/#\\\/schema\\\/logo\\\/image\\\/\"}},{\"@type\":\"Person\",\"@id\":\"https:\\\/\\\/diarioprincipios.com\\\/#\\\/schema\\\/person\\\/436d5a1fd41a5e250e23ff5a6a7cb080\",\"name\":\"Hern\u00e1n L\u00f3pez\",\"image\":{\"@type\":\"ImageObject\",\"inLanguage\":\"es\",\"@id\":\"https:\\\/\\\/diarioprincipios.com\\\/wp-content\\\/litespeed\\\/avatar\\\/11ddfe5610ff3bd100522525b2571f48.jpg?ver=1777048341\",\"url\":\"https:\\\/\\\/diarioprincipios.com\\\/wp-content\\\/litespeed\\\/avatar\\\/11ddfe5610ff3bd100522525b2571f48.jpg?ver=1777048341\",\"contentUrl\":\"https:\\\/\\\/diarioprincipios.com\\\/wp-content\\\/litespeed\\\/avatar\\\/11ddfe5610ff3bd100522525b2571f48.jpg?ver=1777048341\",\"caption\":\"Hern\u00e1n L\u00f3pez\"},\"url\":\"https:\\\/\\\/diarioprincipios.com\\\/index.php\\\/author\\\/hernan\\\/\"}]}<\/script>\n<!-- \/ Yoast SEO plugin. -->","yoast_head_json":{"title":"Mussi y Bianco recorrieron la obra del Polo Educativo Integral de El Pato - Principios","robots":{"index":"index","follow":"follow","max-snippet":"max-snippet:-1","max-image-preview":"max-image-preview:large","max-video-preview":"max-video-preview:-1"},"canonical":"https:\/\/diarioprincipios.com\/index.php\/2025\/07\/10\/mussi-y-bianco-recorrieron-la-obra-del-polo-educativo-integral-de-el-pato\/","og_locale":"es_ES","og_type":"article","og_title":"Mussi y Bianco recorrieron la obra del Polo Educativo Integral de El Pato - Principios","og_description":"Incluye la construcci\u00f3n de una Escuela Primaria, una Secundaria y un Jard\u00edn de Infantes El ministro de Gobierno bonaerense, Carlos Bianco; y el intendente de Berazategui, Juan Jos\u00e9 Mussi, recorrieron el plan integral de urbanizaci\u00f3n que se est\u00e1 desarrollando en el barrio Once, de la localidad de El Pato. Se trata de la construcci\u00f3n de...","og_url":"https:\/\/diarioprincipios.com\/index.php\/2025\/07\/10\/mussi-y-bianco-recorrieron-la-obra-del-polo-educativo-integral-de-el-pato\/","og_site_name":"Principios","article_published_time":"2025-07-10T21:52:28+00:00","article_modified_time":"2025-07-10T21:52:29+00:00","og_image":[{"width":1600,"height":1066,"url":"https:\/\/diarioprincipios.com\/wp-content\/uploads\/2025\/07\/MUSSI-Y-BIANCO-RECORRIERON-LA-OBRA-DEL-POLO-EDUCATIVO-INTEGRAL-DE-EL-PATO-3.jpg","type":"image\/jpeg"}],"author":"Hern\u00e1n L\u00f3pez","twitter_card":"summary_large_image","twitter_misc":{"Escrito por":"Hern\u00e1n L\u00f3pez","Tiempo de lectura":"3 minutos"},"schema":{"@context":"https:\/\/schema.org","@graph":[{"@type":"Article","@id":"https:\/\/diarioprincipios.com\/index.php\/2025\/07\/10\/mussi-y-bianco-recorrieron-la-obra-del-polo-educativo-integral-de-el-pato\/#article","isPartOf":{"@id":"https:\/\/diarioprincipios.com\/index.php\/2025\/07\/10\/mussi-y-bianco-recorrieron-la-obra-del-polo-educativo-integral-de-el-pato\/"},"author":{"name":"Hern\u00e1n L\u00f3pez","@id":"https:\/\/diarioprincipios.com\/#\/schema\/person\/436d5a1fd41a5e250e23ff5a6a7cb080"},"headline":"Mussi y Bianco recorrieron la obra del Polo Educativo Integral de El Pato","datePublished":"2025-07-10T21:52:28+00:00","dateModified":"2025-07-10T21:52:29+00:00","mainEntityOfPage":{"@id":"https:\/\/diarioprincipios.com\/index.php\/2025\/07\/10\/mussi-y-bianco-recorrieron-la-obra-del-polo-educativo-integral-de-el-pato\/"},"wordCount":557,"commentCount":0,"publisher":{"@id":"https:\/\/diarioprincipios.com\/#organization"},"image":{"@id":"https:\/\/diarioprincipios.com\/index.php\/2025\/07\/10\/mussi-y-bianco-recorrieron-la-obra-del-polo-educativo-integral-de-el-pato\/#primaryimage"},"thumbnailUrl":"https:\/\/diarioprincipios.com\/wp-content\/uploads\/2025\/07\/MUSSI-Y-BIANCO-RECORRIERON-LA-OBRA-DEL-POLO-EDUCATIVO-INTEGRAL-DE-EL-PATO-3.jpg","articleSection":["Berazategui"],"inLanguage":"es","potentialAction":[{"@type":"CommentAction","name":"Comment","target":["https:\/\/diarioprincipios.com\/index.php\/2025\/07\/10\/mussi-y-bianco-recorrieron-la-obra-del-polo-educativo-integral-de-el-pato\/#respond"]}]},{"@type":"WebPage","@id":"https:\/\/diarioprincipios.com\/index.php\/2025\/07\/10\/mussi-y-bianco-recorrieron-la-obra-del-polo-educativo-integral-de-el-pato\/","url":"https:\/\/diarioprincipios.com\/index.php\/2025\/07\/10\/mussi-y-bianco-recorrieron-la-obra-del-polo-educativo-integral-de-el-pato\/","name":"Mussi y Bianco recorrieron la obra del Polo Educativo Integral de El Pato - Principios","isPartOf":{"@id":"https:\/\/diarioprincipios.com\/#website"},"primaryImageOfPage":{"@id":"https:\/\/diarioprincipios.com\/index.php\/2025\/07\/10\/mussi-y-bianco-recorrieron-la-obra-del-polo-educativo-integral-de-el-pato\/#primaryimage"},"image":{"@id":"https:\/\/diarioprincipios.com\/index.php\/2025\/07\/10\/mussi-y-bianco-recorrieron-la-obra-del-polo-educativo-integral-de-el-pato\/#primaryimage"},"thumbnailUrl":"https:\/\/diarioprincipios.com\/wp-content\/uploads\/2025\/07\/MUSSI-Y-BIANCO-RECORRIERON-LA-OBRA-DEL-POLO-EDUCATIVO-INTEGRAL-DE-EL-PATO-3.jpg","datePublished":"2025-07-10T21:52:28+00:00","dateModified":"2025-07-10T21:52:29+00:00","breadcrumb":{"@id":"https:\/\/diarioprincipios.com\/index.php\/2025\/07\/10\/mussi-y-bianco-recorrieron-la-obra-del-polo-educativo-integral-de-el-pato\/#breadcrumb"},"inLanguage":"es","potentialAction":[{"@type":"ReadAction","target":["https:\/\/diarioprincipios.com\/index.php\/2025\/07\/10\/mussi-y-bianco-recorrieron-la-obra-del-polo-educativo-integral-de-el-pato\/"]}]},{"@type":"ImageObject","inLanguage":"es","@id":"https:\/\/diarioprincipios.com\/index.php\/2025\/07\/10\/mussi-y-bianco-recorrieron-la-obra-del-polo-educativo-integral-de-el-pato\/#primaryimage","url":"https:\/\/diarioprincipios.com\/wp-content\/uploads\/2025\/07\/MUSSI-Y-BIANCO-RECORRIERON-LA-OBRA-DEL-POLO-EDUCATIVO-INTEGRAL-DE-EL-PATO-3.jpg","contentUrl":"https:\/\/diarioprincipios.com\/wp-content\/uploads\/2025\/07\/MUSSI-Y-BIANCO-RECORRIERON-LA-OBRA-DEL-POLO-EDUCATIVO-INTEGRAL-DE-EL-PATO-3.jpg","width":1600,"height":1066},{"@type":"BreadcrumbList","@id":"https:\/\/diarioprincipios.com\/index.php\/2025\/07\/10\/mussi-y-bianco-recorrieron-la-obra-del-polo-educativo-integral-de-el-pato\/#breadcrumb","itemListElement":[{"@type":"ListItem","position":1,"name":"Portada","item":"https:\/\/diarioprincipios.com\/"},{"@type":"ListItem","position":2,"name":"Mussi y Bianco recorrieron la obra del Polo Educativo Integral de El Pato"}]},{"@type":"WebSite","@id":"https:\/\/diarioprincipios.com\/#website","url":"https:\/\/diarioprincipios.com\/","name":"Principios","description":"Principios Diario","publisher":{"@id":"https:\/\/diarioprincipios.com\/#organization"},"potentialAction":[{"@type":"SearchAction","target":{"@type":"EntryPoint","urlTemplate":"https:\/\/diarioprincipios.com\/?s={search_term_string}"},"query-input":{"@type":"PropertyValueSpecification","valueRequired":true,"valueName":"search_term_string"}}],"inLanguage":"es"},{"@type":"Organization","@id":"https:\/\/diarioprincipios.com\/#organization","name":"Principios","url":"https:\/\/diarioprincipios.com\/","logo":{"@type":"ImageObject","inLanguage":"es","@id":"https:\/\/diarioprincipios.com\/#\/schema\/logo\/image\/","url":"https:\/\/diarioprincipios.com\/wp-content\/uploads\/2024\/04\/cropped-www.diarioprincipios.com_-1.png","contentUrl":"https:\/\/diarioprincipios.com\/wp-content\/uploads\/2024\/04\/cropped-www.diarioprincipios.com_-1.png","width":5325,"height":1454,"caption":"Principios"},"image":{"@id":"https:\/\/diarioprincipios.com\/#\/schema\/logo\/image\/"}},{"@type":"Person","@id":"https:\/\/diarioprincipios.com\/#\/schema\/person\/436d5a1fd41a5e250e23ff5a6a7cb080","name":"Hern\u00e1n L\u00f3pez","image":{"@type":"ImageObject","inLanguage":"es","@id":"https:\/\/diarioprincipios.com\/wp-content\/litespeed\/avatar\/11ddfe5610ff3bd100522525b2571f48.jpg?ver=1777048341","url":"https:\/\/diarioprincipios.com\/wp-content\/litespeed\/avatar\/11ddfe5610ff3bd100522525b2571f48.jpg?ver=1777048341","contentUrl":"https:\/\/diarioprincipios.com\/wp-content\/litespeed\/avatar\/11ddfe5610ff3bd100522525b2571f48.jpg?ver=1777048341","caption":"Hern\u00e1n L\u00f3pez"},"url":"https:\/\/diarioprincipios.com\/index.php\/author\/hernan\/"}]}},"jetpack_featured_media_url":"https:\/\/diarioprincipios.com\/wp-content\/uploads\/2025\/07\/MUSSI-Y-BIANCO-RECORRIERON-LA-OBRA-DEL-POLO-EDUCATIVO-INTEGRAL-DE-EL-PATO-3.jpg","_links":{"self":[{"href":"https:\/\/diarioprincipios.com\/index.php\/wp-json\/wp\/v2\/posts\/24953","targetHints":{"allow":["GET"]}}],"collection":[{"href":"https:\/\/diarioprincipios.com\/index.php\/wp-json\/wp\/v2\/posts"}],"about":[{"href":"https:\/\/diarioprincipios.com\/index.php\/wp-json\/wp\/v2\/types\/post"}],"author":[{"embeddable":true,"href":"https:\/\/diarioprincipios.com\/index.php\/wp-json\/wp\/v2\/users\/2"}],"replies":[{"embeddable":true,"href":"https:\/\/diarioprincipios.com\/index.php\/wp-json\/wp\/v2\/comments?post=24953"}],"version-history":[{"count":1,"href":"https:\/\/diarioprincipios.com\/index.php\/wp-json\/wp\/v2\/posts\/24953\/revisions"}],"predecessor-version":[{"id":24957,"href":"https:\/\/diarioprincipios.com\/index.php\/wp-json\/wp\/v2\/posts\/24953\/revisions\/24957"}],"wp:featuredmedia":[{"embeddable":true,"href":"https:\/\/diarioprincipios.com\/index.php\/wp-json\/wp\/v2\/media\/24956"}],"wp:attachment":[{"href":"https:\/\/diarioprincipios.com\/index.php\/wp-json\/wp\/v2\/media?parent=24953"}],"wp:term":[{"taxonomy":"category","embeddable":true,"href":"https:\/\/diarioprincipios.com\/index.php\/wp-json\/wp\/v2\/categories?post=24953"},{"taxonomy":"post_tag","embeddable":true,"href":"https:\/\/diarioprincipios.com\/index.php\/wp-json\/wp\/v2\/tags?post=24953"}],"curies":[{"name":"wp","href":"https:\/\/api.w.org\/{rel}","templated":true}]}}