{"id":24940,"date":"2025-07-07T18:01:33","date_gmt":"2025-07-07T21:01:33","guid":{"rendered":"https:\/\/diarioprincipios.com\/?p=24940"},"modified":"2025-07-07T18:01:34","modified_gmt":"2025-07-07T21:01:34","slug":"el-torneo-apertura-de-la-asociacion-de-voley-entra-en-etapa-de-definiciones","status":"publish","type":"post","link":"https:\/\/diarioprincipios.com\/index.php\/2025\/07\/07\/el-torneo-apertura-de-la-asociacion-de-voley-entra-en-etapa-de-definiciones\/","title":{"rendered":"El Torneo Apertura de la Asociaci\u00f3n de V\u00f3ley entra en etapa de definiciones"},"content":{"rendered":"\n<p>El domingo 6 de julio, en la sede de Cortazar, Florencio Varela, se jugaron las finales , tercer y cuarto puesto de las categor\u00edas Damas Inferiores del Torneo Apertura organizado por la Asociaci\u00f3n de V\u00f3ley Capital Nacional del Vidrio.<\/p>\n\n\n\n<figure class=\"wp-block-image size-large\"><img loading=\"lazy\" decoding=\"async\" width=\"1024\" height=\"896\" src=\"https:\/\/diarioprincipios.com\/wp-content\/uploads\/2025\/07\/IMG-20250707-WA0075-1024x896.jpg\" alt=\"\" class=\"wp-image-24941\" srcset=\"https:\/\/diarioprincipios.com\/wp-content\/uploads\/2025\/07\/IMG-20250707-WA0075-1024x896.jpg 1024w, https:\/\/diarioprincipios.com\/wp-content\/uploads\/2025\/07\/IMG-20250707-WA0075-300x263.jpg 300w, https:\/\/diarioprincipios.com\/wp-content\/uploads\/2025\/07\/IMG-20250707-WA0075-768x672.jpg 768w, https:\/\/diarioprincipios.com\/wp-content\/uploads\/2025\/07\/IMG-20250707-WA0075-1536x1344.jpg 1536w, https:\/\/diarioprincipios.com\/wp-content\/uploads\/2025\/07\/IMG-20250707-WA0075.jpg 1600w\" sizes=\"auto, (max-width: 1024px) 100vw, 1024px\" \/><\/figure>\n\n\n\n<p><br>Tras la disputa de apasionantes encuentros que fueron transmitidos en directo por streming as\u00ed quedaron las posiciones:<\/p>\n\n\n\n<p>Sub 14 Damas<\/p>\n\n\n\n<ol class=\"wp-block-list\">\n<li>Am\u00e9rica del Norte<\/li>\n\n\n\n<li>SOKOL<\/li>\n\n\n\n<li>MyG<\/li>\n\n\n\n<li>Comunidad Cortazar<\/li>\n<\/ol>\n\n\n\n<p>Sub 16 Damas<\/p>\n\n\n\n<ol class=\"wp-block-list\">\n<li>San Pedro<\/li>\n\n\n\n<li>Pueblo Nuevo<\/li>\n\n\n\n<li>Esperanza<\/li>\n\n\n\n<li>Solano V\u00f3ley<\/li>\n<\/ol>\n\n\n\n<p>Sub 18 Damas<\/p>\n\n\n\n<ol class=\"wp-block-list\">\n<li>San Pedro A<\/li>\n\n\n\n<li>Comunidad Cortazar<\/li>\n\n\n\n<li>Pueblo Nuevo<\/li>\n\n\n\n<li>Sokol<\/li>\n<\/ol>\n\n\n\n<p>Sub 21 Damas<\/p>\n\n\n\n<ol class=\"wp-block-list\">\n<li>Planeta V\u00f3ley<\/li>\n\n\n\n<li>Comunidad Cortazar<\/li>\n\n\n\n<li>Pueblo Nuevo<\/li>\n\n\n\n<li>K.Q.P<\/li>\n<\/ol>\n\n\n\n<figure class=\"wp-block-image size-large\"><img loading=\"lazy\" decoding=\"async\" width=\"1024\" height=\"988\" src=\"https:\/\/diarioprincipios.com\/wp-content\/uploads\/2025\/07\/IMG-20250707-WA0078-1024x988.jpg\" alt=\"\" class=\"wp-image-24942\" srcset=\"https:\/\/diarioprincipios.com\/wp-content\/uploads\/2025\/07\/IMG-20250707-WA0078-1024x988.jpg 1024w, https:\/\/diarioprincipios.com\/wp-content\/uploads\/2025\/07\/IMG-20250707-WA0078-300x290.jpg 300w, https:\/\/diarioprincipios.com\/wp-content\/uploads\/2025\/07\/IMG-20250707-WA0078-768x741.jpg 768w, https:\/\/diarioprincipios.com\/wp-content\/uploads\/2025\/07\/IMG-20250707-WA0078-1536x1482.jpg 1536w, https:\/\/diarioprincipios.com\/wp-content\/uploads\/2025\/07\/IMG-20250707-WA0078.jpg 1600w\" sizes=\"auto, (max-width: 1024px) 100vw, 1024px\" \/><\/figure>\n\n\n\n<p>Por otra parte, el domingo 13, con transmisi\u00f3n en vivo, se jugar\u00e1n las finales de inferiores caballeros y damas primera y segunda en la UNQUI.<\/p>\n\n\n\n<p>El d\u00eda 20 de julio en tanto se definir\u00e1 la primera de caballeros en la UNQUI<\/p>\n\n\n\n<p>Consultado por Principios, la presidenta de la Asociaci\u00f3n de V\u00f3ley Capital Nacional del Vidrio, Celia Cabrera, destac\u00f3 que \u00abestamos muy contentos por el desarrollo de nuestros Torneos en cada una de las categor\u00edas, tuvimos un excelente primer semestre en el cual los equipos se han superado d\u00eda a d\u00eda\u00bb.<\/p>\n\n\n\n<figure class=\"wp-block-image size-large\"><img loading=\"lazy\" decoding=\"async\" width=\"1024\" height=\"768\" src=\"https:\/\/diarioprincipios.com\/wp-content\/uploads\/2025\/07\/IMG-20250707-WA0049-1024x768.jpg\" alt=\"\" class=\"wp-image-24943\" srcset=\"https:\/\/diarioprincipios.com\/wp-content\/uploads\/2025\/07\/IMG-20250707-WA0049-1024x768.jpg 1024w, https:\/\/diarioprincipios.com\/wp-content\/uploads\/2025\/07\/IMG-20250707-WA0049-300x225.jpg 300w, https:\/\/diarioprincipios.com\/wp-content\/uploads\/2025\/07\/IMG-20250707-WA0049-768x576.jpg 768w, https:\/\/diarioprincipios.com\/wp-content\/uploads\/2025\/07\/IMG-20250707-WA0049-1536x1152.jpg 1536w, https:\/\/diarioprincipios.com\/wp-content\/uploads\/2025\/07\/IMG-20250707-WA0049.jpg 1600w\" sizes=\"auto, (max-width: 1024px) 100vw, 1024px\" \/><\/figure>\n\n\n\n<p>Resalt\u00f3 adem\u00e1s que \u00abes un orgullo que todos los partidos sean dirigidos por nuestros \u00e1rbitros, que a lo largo de los a\u00f1os hemos ido formando a trav\u00e9s de los Cursos que dicta la Asociaci\u00f3n, lo mismo que los planilleros\u00bb.<\/p>\n\n\n\n<figure class=\"wp-block-image size-large\"><img loading=\"lazy\" decoding=\"async\" width=\"640\" height=\"1024\" src=\"https:\/\/diarioprincipios.com\/wp-content\/uploads\/2025\/07\/IMG-20250707-WA0046-640x1024.jpg\" alt=\"\" class=\"wp-image-24944\" srcset=\"https:\/\/diarioprincipios.com\/wp-content\/uploads\/2025\/07\/IMG-20250707-WA0046-640x1024.jpg 640w, https:\/\/diarioprincipios.com\/wp-content\/uploads\/2025\/07\/IMG-20250707-WA0046-188x300.jpg 188w, https:\/\/diarioprincipios.com\/wp-content\/uploads\/2025\/07\/IMG-20250707-WA0046-768x1229.jpg 768w, https:\/\/diarioprincipios.com\/wp-content\/uploads\/2025\/07\/IMG-20250707-WA0046-960x1536.jpg 960w, https:\/\/diarioprincipios.com\/wp-content\/uploads\/2025\/07\/IMG-20250707-WA0046.jpg 1000w\" sizes=\"auto, (max-width: 640px) 100vw, 640px\" \/><\/figure>\n\n\n\n<p>Torneo Nacional en Salta<\/p>\n\n\n\n<p>Asimismo, Cabrera destac\u00f3 que \u00abes un gran orgullo para nosotros que un equipo de la Asociaci\u00f3n de V\u00f3ley disputar\u00e1 el Torneo Nacional en Salta<\/p>\n\n\n\n<p>Se trata del representativo de LMA, equipo que integra la Asociaci\u00f3n de V\u00f3ley Capital Nacional del Vidrio y que participar\u00e1 del 25 al 28 de Julio del Torneo Nacional de Salta.<br>LMA obtuvo el pase a este importante Torneo tras consagrarse el a\u00f1o pasado en Formosa en la Copa de Campeones.<br>El equipo de LMA, con destacado desempe\u00f1o en los Torneos de la Asociaci\u00f3n de V\u00f3ley, competir\u00e1 en la categor\u00eda mayores caballeros.<br>Celia Cabrera, presidenta de la organizaci\u00f3n que nuclea a decenas de clubes de Berazategui y la Zona Sur, destac\u00f3 que \u00abfelicitamos a los jugadores, cuerpo t\u00e9cnico y dirigentes de LMA, para la Asociaci\u00f3n siempre es un orgullo que sus equipos compitan de prestigioso Torneos a lo largo y ancho del pa\u00eds\u00bb.<\/p>\n\n\n\n<figure class=\"wp-block-image size-large\"><img loading=\"lazy\" decoding=\"async\" width=\"1024\" height=\"768\" src=\"https:\/\/diarioprincipios.com\/wp-content\/uploads\/2025\/07\/IMG-20250622-WA00451-1024x768.jpg\" alt=\"\" class=\"wp-image-24945\" srcset=\"https:\/\/diarioprincipios.com\/wp-content\/uploads\/2025\/07\/IMG-20250622-WA00451-1024x768.jpg 1024w, https:\/\/diarioprincipios.com\/wp-content\/uploads\/2025\/07\/IMG-20250622-WA00451-300x225.jpg 300w, https:\/\/diarioprincipios.com\/wp-content\/uploads\/2025\/07\/IMG-20250622-WA00451-768x576.jpg 768w, https:\/\/diarioprincipios.com\/wp-content\/uploads\/2025\/07\/IMG-20250622-WA00451.jpg 1156w\" sizes=\"auto, (max-width: 1024px) 100vw, 1024px\" \/><\/figure>\n\n\n\n<p><br>Sostuvo tambi\u00e9n que \u00abesto habla a las claras del nivel que han alcanzado nuestros Torneos, lo cual nos llena de orgullo\u00bb.<br>Finalmente, dijo que \u00abcomo lo hemos hecho con otros equipos, estaremos acompa\u00f1ando a LMA con los mejores augurios de tener un buen Torneo y dejar bien representada a nuestra Asociaci\u00f3n de V\u00f3ley Capital Nacional del Vidrio y por supuesto a Berazategui\u00bb, agregando que \u00abcomo siempre agradecemos inmensamente el acompa\u00f1amiento de Horacio Valdez, Secretario General de los vidrieros y del intendente Dr. Juan Jos\u00e9 Mussi\u00bb.<\/p>\n","protected":false},"excerpt":{"rendered":"<p>El domingo 6 de julio, en la sede de Cortazar, Florencio Varela, se jugaron las finales , tercer y cuarto puesto de las categor\u00edas Damas Inferiores del Torneo Apertura organizado por la Asociaci\u00f3n de V\u00f3ley Capital Nacional del Vidrio. Tras la disputa de apasionantes encuentros que fueron transmitidos en directo por streming as\u00ed quedaron las&#8230;<\/p>\n","protected":false},"author":2,"featured_media":24947,"comment_status":"open","ping_status":"open","sticky":false,"template":"","format":"standard","meta":{"footnotes":""},"categories":[6],"tags":[],"class_list":["post-24940","post","type-post","status-publish","format-standard","has-post-thumbnail","hentry","category-deportes"],"featured_image_src":"https:\/\/diarioprincipios.com\/wp-content\/uploads\/2025\/07\/IMG-20250707-WA0028-1024x768.jpg","blog_images":{"medium":"https:\/\/diarioprincipios.com\/wp-content\/uploads\/2025\/07\/IMG-20250707-WA0028-300x225.jpg","large":"https:\/\/diarioprincipios.com\/wp-content\/uploads\/2025\/07\/IMG-20250707-WA0028-1024x768.jpg"},"ams_acf":[],"yoast_head":"<!-- This site is optimized with the Yoast SEO plugin v27.3 - https:\/\/yoast.com\/product\/yoast-seo-wordpress\/ -->\n<title>El Torneo Apertura de la Asociaci\u00f3n de V\u00f3ley entra en etapa de definiciones - Principios<\/title>\n<meta name=\"robots\" content=\"index, follow, max-snippet:-1, max-image-preview:large, max-video-preview:-1\" \/>\n<link rel=\"canonical\" href=\"https:\/\/diarioprincipios.com\/index.php\/2025\/07\/07\/el-torneo-apertura-de-la-asociacion-de-voley-entra-en-etapa-de-definiciones\/\" \/>\n<meta property=\"og:locale\" content=\"es_ES\" \/>\n<meta property=\"og:type\" content=\"article\" \/>\n<meta property=\"og:title\" content=\"El Torneo Apertura de la Asociaci\u00f3n de V\u00f3ley entra en etapa de definiciones - Principios\" \/>\n<meta property=\"og:description\" content=\"El domingo 6 de julio, en la sede de Cortazar, Florencio Varela, se jugaron las finales , tercer y cuarto puesto de las categor\u00edas Damas Inferiores del Torneo Apertura organizado por la Asociaci\u00f3n de V\u00f3ley Capital Nacional del Vidrio. Tras la disputa de apasionantes encuentros que fueron transmitidos en directo por streming as\u00ed quedaron las...\" \/>\n<meta property=\"og:url\" content=\"https:\/\/diarioprincipios.com\/index.php\/2025\/07\/07\/el-torneo-apertura-de-la-asociacion-de-voley-entra-en-etapa-de-definiciones\/\" \/>\n<meta property=\"og:site_name\" content=\"Principios\" \/>\n<meta property=\"article:published_time\" content=\"2025-07-07T21:01:33+00:00\" \/>\n<meta property=\"article:modified_time\" content=\"2025-07-07T21:01:34+00:00\" \/>\n<meta property=\"og:image\" content=\"https:\/\/diarioprincipios.com\/wp-content\/uploads\/2025\/07\/IMG-20250707-WA0028.jpg\" \/>\n\t<meta property=\"og:image:width\" content=\"1280\" \/>\n\t<meta property=\"og:image:height\" content=\"960\" \/>\n\t<meta property=\"og:image:type\" content=\"image\/jpeg\" \/>\n<meta name=\"author\" content=\"Hern\u00e1n L\u00f3pez\" \/>\n<meta name=\"twitter:card\" content=\"summary_large_image\" \/>\n<meta name=\"twitter:label1\" content=\"Escrito por\" \/>\n\t<meta name=\"twitter:data1\" content=\"Hern\u00e1n L\u00f3pez\" \/>\n\t<meta name=\"twitter:label2\" content=\"Tiempo de lectura\" \/>\n\t<meta name=\"twitter:data2\" content=\"4 minutos\" \/>\n<script type=\"application\/ld+json\" class=\"yoast-schema-graph\">{\"@context\":\"https:\\\/\\\/schema.org\",\"@graph\":[{\"@type\":\"Article\",\"@id\":\"https:\\\/\\\/diarioprincipios.com\\\/index.php\\\/2025\\\/07\\\/07\\\/el-torneo-apertura-de-la-asociacion-de-voley-entra-en-etapa-de-definiciones\\\/#article\",\"isPartOf\":{\"@id\":\"https:\\\/\\\/diarioprincipios.com\\\/index.php\\\/2025\\\/07\\\/07\\\/el-torneo-apertura-de-la-asociacion-de-voley-entra-en-etapa-de-definiciones\\\/\"},\"author\":{\"name\":\"Hern\u00e1n L\u00f3pez\",\"@id\":\"https:\\\/\\\/diarioprincipios.com\\\/#\\\/schema\\\/person\\\/436d5a1fd41a5e250e23ff5a6a7cb080\"},\"headline\":\"El Torneo Apertura de la Asociaci\u00f3n de V\u00f3ley entra en etapa de definiciones\",\"datePublished\":\"2025-07-07T21:01:33+00:00\",\"dateModified\":\"2025-07-07T21:01:34+00:00\",\"mainEntityOfPage\":{\"@id\":\"https:\\\/\\\/diarioprincipios.com\\\/index.php\\\/2025\\\/07\\\/07\\\/el-torneo-apertura-de-la-asociacion-de-voley-entra-en-etapa-de-definiciones\\\/\"},\"wordCount\":505,\"commentCount\":0,\"publisher\":{\"@id\":\"https:\\\/\\\/diarioprincipios.com\\\/#organization\"},\"image\":{\"@id\":\"https:\\\/\\\/diarioprincipios.com\\\/index.php\\\/2025\\\/07\\\/07\\\/el-torneo-apertura-de-la-asociacion-de-voley-entra-en-etapa-de-definiciones\\\/#primaryimage\"},\"thumbnailUrl\":\"https:\\\/\\\/diarioprincipios.com\\\/wp-content\\\/uploads\\\/2025\\\/07\\\/IMG-20250707-WA0028.jpg\",\"articleSection\":[\"Deportes\"],\"inLanguage\":\"es\",\"potentialAction\":[{\"@type\":\"CommentAction\",\"name\":\"Comment\",\"target\":[\"https:\\\/\\\/diarioprincipios.com\\\/index.php\\\/2025\\\/07\\\/07\\\/el-torneo-apertura-de-la-asociacion-de-voley-entra-en-etapa-de-definiciones\\\/#respond\"]}]},{\"@type\":\"WebPage\",\"@id\":\"https:\\\/\\\/diarioprincipios.com\\\/index.php\\\/2025\\\/07\\\/07\\\/el-torneo-apertura-de-la-asociacion-de-voley-entra-en-etapa-de-definiciones\\\/\",\"url\":\"https:\\\/\\\/diarioprincipios.com\\\/index.php\\\/2025\\\/07\\\/07\\\/el-torneo-apertura-de-la-asociacion-de-voley-entra-en-etapa-de-definiciones\\\/\",\"name\":\"El Torneo Apertura de la Asociaci\u00f3n de V\u00f3ley entra en etapa de definiciones - Principios\",\"isPartOf\":{\"@id\":\"https:\\\/\\\/diarioprincipios.com\\\/#website\"},\"primaryImageOfPage\":{\"@id\":\"https:\\\/\\\/diarioprincipios.com\\\/index.php\\\/2025\\\/07\\\/07\\\/el-torneo-apertura-de-la-asociacion-de-voley-entra-en-etapa-de-definiciones\\\/#primaryimage\"},\"image\":{\"@id\":\"https:\\\/\\\/diarioprincipios.com\\\/index.php\\\/2025\\\/07\\\/07\\\/el-torneo-apertura-de-la-asociacion-de-voley-entra-en-etapa-de-definiciones\\\/#primaryimage\"},\"thumbnailUrl\":\"https:\\\/\\\/diarioprincipios.com\\\/wp-content\\\/uploads\\\/2025\\\/07\\\/IMG-20250707-WA0028.jpg\",\"datePublished\":\"2025-07-07T21:01:33+00:00\",\"dateModified\":\"2025-07-07T21:01:34+00:00\",\"breadcrumb\":{\"@id\":\"https:\\\/\\\/diarioprincipios.com\\\/index.php\\\/2025\\\/07\\\/07\\\/el-torneo-apertura-de-la-asociacion-de-voley-entra-en-etapa-de-definiciones\\\/#breadcrumb\"},\"inLanguage\":\"es\",\"potentialAction\":[{\"@type\":\"ReadAction\",\"target\":[\"https:\\\/\\\/diarioprincipios.com\\\/index.php\\\/2025\\\/07\\\/07\\\/el-torneo-apertura-de-la-asociacion-de-voley-entra-en-etapa-de-definiciones\\\/\"]}]},{\"@type\":\"ImageObject\",\"inLanguage\":\"es\",\"@id\":\"https:\\\/\\\/diarioprincipios.com\\\/index.php\\\/2025\\\/07\\\/07\\\/el-torneo-apertura-de-la-asociacion-de-voley-entra-en-etapa-de-definiciones\\\/#primaryimage\",\"url\":\"https:\\\/\\\/diarioprincipios.com\\\/wp-content\\\/uploads\\\/2025\\\/07\\\/IMG-20250707-WA0028.jpg\",\"contentUrl\":\"https:\\\/\\\/diarioprincipios.com\\\/wp-content\\\/uploads\\\/2025\\\/07\\\/IMG-20250707-WA0028.jpg\",\"width\":1280,\"height\":960},{\"@type\":\"BreadcrumbList\",\"@id\":\"https:\\\/\\\/diarioprincipios.com\\\/index.php\\\/2025\\\/07\\\/07\\\/el-torneo-apertura-de-la-asociacion-de-voley-entra-en-etapa-de-definiciones\\\/#breadcrumb\",\"itemListElement\":[{\"@type\":\"ListItem\",\"position\":1,\"name\":\"Portada\",\"item\":\"https:\\\/\\\/diarioprincipios.com\\\/\"},{\"@type\":\"ListItem\",\"position\":2,\"name\":\"El Torneo Apertura de la Asociaci\u00f3n de V\u00f3ley entra en etapa de definiciones\"}]},{\"@type\":\"WebSite\",\"@id\":\"https:\\\/\\\/diarioprincipios.com\\\/#website\",\"url\":\"https:\\\/\\\/diarioprincipios.com\\\/\",\"name\":\"Principios\",\"description\":\"Principios Diario\",\"publisher\":{\"@id\":\"https:\\\/\\\/diarioprincipios.com\\\/#organization\"},\"potentialAction\":[{\"@type\":\"SearchAction\",\"target\":{\"@type\":\"EntryPoint\",\"urlTemplate\":\"https:\\\/\\\/diarioprincipios.com\\\/?s={search_term_string}\"},\"query-input\":{\"@type\":\"PropertyValueSpecification\",\"valueRequired\":true,\"valueName\":\"search_term_string\"}}],\"inLanguage\":\"es\"},{\"@type\":\"Organization\",\"@id\":\"https:\\\/\\\/diarioprincipios.com\\\/#organization\",\"name\":\"Principios\",\"url\":\"https:\\\/\\\/diarioprincipios.com\\\/\",\"logo\":{\"@type\":\"ImageObject\",\"inLanguage\":\"es\",\"@id\":\"https:\\\/\\\/diarioprincipios.com\\\/#\\\/schema\\\/logo\\\/image\\\/\",\"url\":\"https:\\\/\\\/diarioprincipios.com\\\/wp-content\\\/uploads\\\/2024\\\/04\\\/cropped-www.diarioprincipios.com_-1.png\",\"contentUrl\":\"https:\\\/\\\/diarioprincipios.com\\\/wp-content\\\/uploads\\\/2024\\\/04\\\/cropped-www.diarioprincipios.com_-1.png\",\"width\":5325,\"height\":1454,\"caption\":\"Principios\"},\"image\":{\"@id\":\"https:\\\/\\\/diarioprincipios.com\\\/#\\\/schema\\\/logo\\\/image\\\/\"}},{\"@type\":\"Person\",\"@id\":\"https:\\\/\\\/diarioprincipios.com\\\/#\\\/schema\\\/person\\\/436d5a1fd41a5e250e23ff5a6a7cb080\",\"name\":\"Hern\u00e1n L\u00f3pez\",\"image\":{\"@type\":\"ImageObject\",\"inLanguage\":\"es\",\"@id\":\"https:\\\/\\\/diarioprincipios.com\\\/wp-content\\\/litespeed\\\/avatar\\\/11ddfe5610ff3bd100522525b2571f48.jpg?ver=1777653193\",\"url\":\"https:\\\/\\\/diarioprincipios.com\\\/wp-content\\\/litespeed\\\/avatar\\\/11ddfe5610ff3bd100522525b2571f48.jpg?ver=1777653193\",\"contentUrl\":\"https:\\\/\\\/diarioprincipios.com\\\/wp-content\\\/litespeed\\\/avatar\\\/11ddfe5610ff3bd100522525b2571f48.jpg?ver=1777653193\",\"caption\":\"Hern\u00e1n L\u00f3pez\"},\"url\":\"https:\\\/\\\/diarioprincipios.com\\\/index.php\\\/author\\\/hernan\\\/\"}]}<\/script>\n<!-- \/ Yoast SEO plugin. -->","yoast_head_json":{"title":"El Torneo Apertura de la Asociaci\u00f3n de V\u00f3ley entra en etapa de definiciones - Principios","robots":{"index":"index","follow":"follow","max-snippet":"max-snippet:-1","max-image-preview":"max-image-preview:large","max-video-preview":"max-video-preview:-1"},"canonical":"https:\/\/diarioprincipios.com\/index.php\/2025\/07\/07\/el-torneo-apertura-de-la-asociacion-de-voley-entra-en-etapa-de-definiciones\/","og_locale":"es_ES","og_type":"article","og_title":"El Torneo Apertura de la Asociaci\u00f3n de V\u00f3ley entra en etapa de definiciones - Principios","og_description":"El domingo 6 de julio, en la sede de Cortazar, Florencio Varela, se jugaron las finales , tercer y cuarto puesto de las categor\u00edas Damas Inferiores del Torneo Apertura organizado por la Asociaci\u00f3n de V\u00f3ley Capital Nacional del Vidrio. Tras la disputa de apasionantes encuentros que fueron transmitidos en directo por streming as\u00ed quedaron las...","og_url":"https:\/\/diarioprincipios.com\/index.php\/2025\/07\/07\/el-torneo-apertura-de-la-asociacion-de-voley-entra-en-etapa-de-definiciones\/","og_site_name":"Principios","article_published_time":"2025-07-07T21:01:33+00:00","article_modified_time":"2025-07-07T21:01:34+00:00","og_image":[{"width":1280,"height":960,"url":"https:\/\/diarioprincipios.com\/wp-content\/uploads\/2025\/07\/IMG-20250707-WA0028.jpg","type":"image\/jpeg"}],"author":"Hern\u00e1n L\u00f3pez","twitter_card":"summary_large_image","twitter_misc":{"Escrito por":"Hern\u00e1n L\u00f3pez","Tiempo de lectura":"4 minutos"},"schema":{"@context":"https:\/\/schema.org","@graph":[{"@type":"Article","@id":"https:\/\/diarioprincipios.com\/index.php\/2025\/07\/07\/el-torneo-apertura-de-la-asociacion-de-voley-entra-en-etapa-de-definiciones\/#article","isPartOf":{"@id":"https:\/\/diarioprincipios.com\/index.php\/2025\/07\/07\/el-torneo-apertura-de-la-asociacion-de-voley-entra-en-etapa-de-definiciones\/"},"author":{"name":"Hern\u00e1n L\u00f3pez","@id":"https:\/\/diarioprincipios.com\/#\/schema\/person\/436d5a1fd41a5e250e23ff5a6a7cb080"},"headline":"El Torneo Apertura de la Asociaci\u00f3n de V\u00f3ley entra en etapa de definiciones","datePublished":"2025-07-07T21:01:33+00:00","dateModified":"2025-07-07T21:01:34+00:00","mainEntityOfPage":{"@id":"https:\/\/diarioprincipios.com\/index.php\/2025\/07\/07\/el-torneo-apertura-de-la-asociacion-de-voley-entra-en-etapa-de-definiciones\/"},"wordCount":505,"commentCount":0,"publisher":{"@id":"https:\/\/diarioprincipios.com\/#organization"},"image":{"@id":"https:\/\/diarioprincipios.com\/index.php\/2025\/07\/07\/el-torneo-apertura-de-la-asociacion-de-voley-entra-en-etapa-de-definiciones\/#primaryimage"},"thumbnailUrl":"https:\/\/diarioprincipios.com\/wp-content\/uploads\/2025\/07\/IMG-20250707-WA0028.jpg","articleSection":["Deportes"],"inLanguage":"es","potentialAction":[{"@type":"CommentAction","name":"Comment","target":["https:\/\/diarioprincipios.com\/index.php\/2025\/07\/07\/el-torneo-apertura-de-la-asociacion-de-voley-entra-en-etapa-de-definiciones\/#respond"]}]},{"@type":"WebPage","@id":"https:\/\/diarioprincipios.com\/index.php\/2025\/07\/07\/el-torneo-apertura-de-la-asociacion-de-voley-entra-en-etapa-de-definiciones\/","url":"https:\/\/diarioprincipios.com\/index.php\/2025\/07\/07\/el-torneo-apertura-de-la-asociacion-de-voley-entra-en-etapa-de-definiciones\/","name":"El Torneo Apertura de la Asociaci\u00f3n de V\u00f3ley entra en etapa de definiciones - Principios","isPartOf":{"@id":"https:\/\/diarioprincipios.com\/#website"},"primaryImageOfPage":{"@id":"https:\/\/diarioprincipios.com\/index.php\/2025\/07\/07\/el-torneo-apertura-de-la-asociacion-de-voley-entra-en-etapa-de-definiciones\/#primaryimage"},"image":{"@id":"https:\/\/diarioprincipios.com\/index.php\/2025\/07\/07\/el-torneo-apertura-de-la-asociacion-de-voley-entra-en-etapa-de-definiciones\/#primaryimage"},"thumbnailUrl":"https:\/\/diarioprincipios.com\/wp-content\/uploads\/2025\/07\/IMG-20250707-WA0028.jpg","datePublished":"2025-07-07T21:01:33+00:00","dateModified":"2025-07-07T21:01:34+00:00","breadcrumb":{"@id":"https:\/\/diarioprincipios.com\/index.php\/2025\/07\/07\/el-torneo-apertura-de-la-asociacion-de-voley-entra-en-etapa-de-definiciones\/#breadcrumb"},"inLanguage":"es","potentialAction":[{"@type":"ReadAction","target":["https:\/\/diarioprincipios.com\/index.php\/2025\/07\/07\/el-torneo-apertura-de-la-asociacion-de-voley-entra-en-etapa-de-definiciones\/"]}]},{"@type":"ImageObject","inLanguage":"es","@id":"https:\/\/diarioprincipios.com\/index.php\/2025\/07\/07\/el-torneo-apertura-de-la-asociacion-de-voley-entra-en-etapa-de-definiciones\/#primaryimage","url":"https:\/\/diarioprincipios.com\/wp-content\/uploads\/2025\/07\/IMG-20250707-WA0028.jpg","contentUrl":"https:\/\/diarioprincipios.com\/wp-content\/uploads\/2025\/07\/IMG-20250707-WA0028.jpg","width":1280,"height":960},{"@type":"BreadcrumbList","@id":"https:\/\/diarioprincipios.com\/index.php\/2025\/07\/07\/el-torneo-apertura-de-la-asociacion-de-voley-entra-en-etapa-de-definiciones\/#breadcrumb","itemListElement":[{"@type":"ListItem","position":1,"name":"Portada","item":"https:\/\/diarioprincipios.com\/"},{"@type":"ListItem","position":2,"name":"El Torneo Apertura de la Asociaci\u00f3n de V\u00f3ley entra en etapa de definiciones"}]},{"@type":"WebSite","@id":"https:\/\/diarioprincipios.com\/#website","url":"https:\/\/diarioprincipios.com\/","name":"Principios","description":"Principios Diario","publisher":{"@id":"https:\/\/diarioprincipios.com\/#organization"},"potentialAction":[{"@type":"SearchAction","target":{"@type":"EntryPoint","urlTemplate":"https:\/\/diarioprincipios.com\/?s={search_term_string}"},"query-input":{"@type":"PropertyValueSpecification","valueRequired":true,"valueName":"search_term_string"}}],"inLanguage":"es"},{"@type":"Organization","@id":"https:\/\/diarioprincipios.com\/#organization","name":"Principios","url":"https:\/\/diarioprincipios.com\/","logo":{"@type":"ImageObject","inLanguage":"es","@id":"https:\/\/diarioprincipios.com\/#\/schema\/logo\/image\/","url":"https:\/\/diarioprincipios.com\/wp-content\/uploads\/2024\/04\/cropped-www.diarioprincipios.com_-1.png","contentUrl":"https:\/\/diarioprincipios.com\/wp-content\/uploads\/2024\/04\/cropped-www.diarioprincipios.com_-1.png","width":5325,"height":1454,"caption":"Principios"},"image":{"@id":"https:\/\/diarioprincipios.com\/#\/schema\/logo\/image\/"}},{"@type":"Person","@id":"https:\/\/diarioprincipios.com\/#\/schema\/person\/436d5a1fd41a5e250e23ff5a6a7cb080","name":"Hern\u00e1n L\u00f3pez","image":{"@type":"ImageObject","inLanguage":"es","@id":"https:\/\/diarioprincipios.com\/wp-content\/litespeed\/avatar\/11ddfe5610ff3bd100522525b2571f48.jpg?ver=1777653193","url":"https:\/\/diarioprincipios.com\/wp-content\/litespeed\/avatar\/11ddfe5610ff3bd100522525b2571f48.jpg?ver=1777653193","contentUrl":"https:\/\/diarioprincipios.com\/wp-content\/litespeed\/avatar\/11ddfe5610ff3bd100522525b2571f48.jpg?ver=1777653193","caption":"Hern\u00e1n L\u00f3pez"},"url":"https:\/\/diarioprincipios.com\/index.php\/author\/hernan\/"}]}},"jetpack_featured_media_url":"https:\/\/diarioprincipios.com\/wp-content\/uploads\/2025\/07\/IMG-20250707-WA0028.jpg","_links":{"self":[{"href":"https:\/\/diarioprincipios.com\/index.php\/wp-json\/wp\/v2\/posts\/24940","targetHints":{"allow":["GET"]}}],"collection":[{"href":"https:\/\/diarioprincipios.com\/index.php\/wp-json\/wp\/v2\/posts"}],"about":[{"href":"https:\/\/diarioprincipios.com\/index.php\/wp-json\/wp\/v2\/types\/post"}],"author":[{"embeddable":true,"href":"https:\/\/diarioprincipios.com\/index.php\/wp-json\/wp\/v2\/users\/2"}],"replies":[{"embeddable":true,"href":"https:\/\/diarioprincipios.com\/index.php\/wp-json\/wp\/v2\/comments?post=24940"}],"version-history":[{"count":1,"href":"https:\/\/diarioprincipios.com\/index.php\/wp-json\/wp\/v2\/posts\/24940\/revisions"}],"predecessor-version":[{"id":24948,"href":"https:\/\/diarioprincipios.com\/index.php\/wp-json\/wp\/v2\/posts\/24940\/revisions\/24948"}],"wp:featuredmedia":[{"embeddable":true,"href":"https:\/\/diarioprincipios.com\/index.php\/wp-json\/wp\/v2\/media\/24947"}],"wp:attachment":[{"href":"https:\/\/diarioprincipios.com\/index.php\/wp-json\/wp\/v2\/media?parent=24940"}],"wp:term":[{"taxonomy":"category","embeddable":true,"href":"https:\/\/diarioprincipios.com\/index.php\/wp-json\/wp\/v2\/categories?post=24940"},{"taxonomy":"post_tag","embeddable":true,"href":"https:\/\/diarioprincipios.com\/index.php\/wp-json\/wp\/v2\/tags?post=24940"}],"curies":[{"name":"wp","href":"https:\/\/api.w.org\/{rel}","templated":true}]}}