{"id":24916,"date":"2025-07-03T12:25:29","date_gmt":"2025-07-03T15:25:29","guid":{"rendered":"https:\/\/diarioprincipios.com\/?p=24916"},"modified":"2025-07-03T12:25:30","modified_gmt":"2025-07-03T15:25:30","slug":"los-mayores-de-berazategui-compiten-en-los-juegos-bonaerenses","status":"publish","type":"post","link":"https:\/\/diarioprincipios.com\/index.php\/2025\/07\/03\/los-mayores-de-berazategui-compiten-en-los-juegos-bonaerenses\/","title":{"rendered":"Los Mayores de Berazategui compiten en los Juegos Bonaerenses"},"content":{"rendered":"\n<p><strong>El fin de semana continu\u00f3 la instancia distrital de los Juegos Bonaerenses 2025, en esta oportunidad en la disciplina Chinch\u00f3n. La competencia tuvo como sede el Complejo Deportivo Municipal Ducilo, donde estuvo presente la secretaria de Desarrollo Social, Recreaci\u00f3n, Turismo y Deportes, Mar\u00eda Laura Lacava.<\/strong><br>\u201cM\u00e1s de 70 personas mayores participaron en Chinch\u00f3n. Estamos felices de acompa\u00f1arlos y disfrutar de cada una de las disciplinas de la instancia municipal. Estamos convencidos de que los Juegos Bonaerenses dejaron de ser solo una competencia: son momentos de encuentro, solidaridad y empat\u00eda. Desde la Municipalidad, a trav\u00e9s del intendente Juan Jos\u00e9 Mussi, siempre vamos a promocionar el deporte y la recreaci\u00f3n porque sabemos que mejoran la calidad de vida de las personas\u201d, recalc\u00f3 Lacava.<\/p>\n\n\n\n<figure class=\"wp-block-image size-large\"><img loading=\"lazy\" decoding=\"async\" width=\"1024\" height=\"682\" src=\"https:\/\/diarioprincipios.com\/wp-content\/uploads\/2025\/07\/LOS-MAYORES-DE-BERAZATEGUI-COMPITEN-EN-LOS-JUEGOS-BONAERENSES-3-1024x682.jpg\" alt=\"\" class=\"wp-image-24917\" srcset=\"https:\/\/diarioprincipios.com\/wp-content\/uploads\/2025\/07\/LOS-MAYORES-DE-BERAZATEGUI-COMPITEN-EN-LOS-JUEGOS-BONAERENSES-3-1024x682.jpg 1024w, https:\/\/diarioprincipios.com\/wp-content\/uploads\/2025\/07\/LOS-MAYORES-DE-BERAZATEGUI-COMPITEN-EN-LOS-JUEGOS-BONAERENSES-3-300x200.jpg 300w, https:\/\/diarioprincipios.com\/wp-content\/uploads\/2025\/07\/LOS-MAYORES-DE-BERAZATEGUI-COMPITEN-EN-LOS-JUEGOS-BONAERENSES-3-768x512.jpg 768w, https:\/\/diarioprincipios.com\/wp-content\/uploads\/2025\/07\/LOS-MAYORES-DE-BERAZATEGUI-COMPITEN-EN-LOS-JUEGOS-BONAERENSES-3-1536x1023.jpg 1536w, https:\/\/diarioprincipios.com\/wp-content\/uploads\/2025\/07\/LOS-MAYORES-DE-BERAZATEGUI-COMPITEN-EN-LOS-JUEGOS-BONAERENSES-3-820x545.jpg 820w, https:\/\/diarioprincipios.com\/wp-content\/uploads\/2025\/07\/LOS-MAYORES-DE-BERAZATEGUI-COMPITEN-EN-LOS-JUEGOS-BONAERENSES-3-600x400.jpg 600w, https:\/\/diarioprincipios.com\/wp-content\/uploads\/2025\/07\/LOS-MAYORES-DE-BERAZATEGUI-COMPITEN-EN-LOS-JUEGOS-BONAERENSES-3.jpg 1600w\" sizes=\"auto, (max-width: 1024px) 100vw, 1024px\" \/><\/figure>\n\n\n\n<p><br>El ganador de Chinch\u00f3n, que representar\u00e1 a Berazategui en la etapa regional, Luciano Casta\u00f1o, expres\u00f3: \u201cTodos los a\u00f1os, desde nuestro Centro de Jubilados Los Abuelos de Bustillo, participamos de los Juegos. Para nosotros es algo muy bueno porque nos permite estar activos, divertirnos y compartir con nuestros pares\u201d.<br>Los competidores de Berazategui que superen la instancia regional disputar\u00e1n la final de los Juegos Bonaerenses en Mar del Plata.<\/p>\n","protected":false},"excerpt":{"rendered":"<p>El fin de semana continu\u00f3 la instancia distrital de los Juegos Bonaerenses 2025, en esta oportunidad en la disciplina Chinch\u00f3n. La competencia tuvo como sede el Complejo Deportivo Municipal Ducilo, donde estuvo presente la secretaria de Desarrollo Social, Recreaci\u00f3n, Turismo y Deportes, Mar\u00eda Laura Lacava.\u201cM\u00e1s de 70 personas mayores participaron en Chinch\u00f3n. Estamos felices de&#8230;<\/p>\n","protected":false},"author":2,"featured_media":24918,"comment_status":"open","ping_status":"open","sticky":false,"template":"","format":"standard","meta":{"footnotes":""},"categories":[3],"tags":[],"class_list":["post-24916","post","type-post","status-publish","format-standard","has-post-thumbnail","hentry","category-berazategui"],"featured_image_src":"https:\/\/diarioprincipios.com\/wp-content\/uploads\/2025\/07\/LOS-MAYORES-DE-BERAZATEGUI-COMPITEN-EN-LOS-JUEGOS-BONAERENSES-1-1024x682.jpg","blog_images":{"medium":"https:\/\/diarioprincipios.com\/wp-content\/uploads\/2025\/07\/LOS-MAYORES-DE-BERAZATEGUI-COMPITEN-EN-LOS-JUEGOS-BONAERENSES-1-300x200.jpg","large":"https:\/\/diarioprincipios.com\/wp-content\/uploads\/2025\/07\/LOS-MAYORES-DE-BERAZATEGUI-COMPITEN-EN-LOS-JUEGOS-BONAERENSES-1-1024x682.jpg"},"ams_acf":[],"yoast_head":"<!-- This site is optimized with the Yoast SEO plugin v27.3 - https:\/\/yoast.com\/product\/yoast-seo-wordpress\/ -->\n<title>Los Mayores de Berazategui compiten en los Juegos Bonaerenses - Principios<\/title>\n<meta name=\"robots\" content=\"index, follow, max-snippet:-1, max-image-preview:large, max-video-preview:-1\" \/>\n<link rel=\"canonical\" href=\"https:\/\/diarioprincipios.com\/index.php\/2025\/07\/03\/los-mayores-de-berazategui-compiten-en-los-juegos-bonaerenses\/\" \/>\n<meta property=\"og:locale\" content=\"es_ES\" \/>\n<meta property=\"og:type\" content=\"article\" \/>\n<meta property=\"og:title\" content=\"Los Mayores de Berazategui compiten en los Juegos Bonaerenses - Principios\" \/>\n<meta property=\"og:description\" content=\"El fin de semana continu\u00f3 la instancia distrital de los Juegos Bonaerenses 2025, en esta oportunidad en la disciplina Chinch\u00f3n. La competencia tuvo como sede el Complejo Deportivo Municipal Ducilo, donde estuvo presente la secretaria de Desarrollo Social, Recreaci\u00f3n, Turismo y Deportes, Mar\u00eda Laura Lacava.\u201cM\u00e1s de 70 personas mayores participaron en Chinch\u00f3n. Estamos felices de...\" \/>\n<meta property=\"og:url\" content=\"https:\/\/diarioprincipios.com\/index.php\/2025\/07\/03\/los-mayores-de-berazategui-compiten-en-los-juegos-bonaerenses\/\" \/>\n<meta property=\"og:site_name\" content=\"Principios\" \/>\n<meta property=\"article:published_time\" content=\"2025-07-03T15:25:29+00:00\" \/>\n<meta property=\"article:modified_time\" content=\"2025-07-03T15:25:30+00:00\" \/>\n<meta property=\"og:image\" content=\"https:\/\/diarioprincipios.com\/wp-content\/uploads\/2025\/07\/LOS-MAYORES-DE-BERAZATEGUI-COMPITEN-EN-LOS-JUEGOS-BONAERENSES-1.jpg\" \/>\n\t<meta property=\"og:image:width\" content=\"1600\" \/>\n\t<meta property=\"og:image:height\" content=\"1066\" \/>\n\t<meta property=\"og:image:type\" content=\"image\/jpeg\" \/>\n<meta name=\"author\" content=\"Hern\u00e1n L\u00f3pez\" \/>\n<meta name=\"twitter:card\" content=\"summary_large_image\" \/>\n<meta name=\"twitter:label1\" content=\"Escrito por\" \/>\n\t<meta name=\"twitter:data1\" content=\"Hern\u00e1n L\u00f3pez\" \/>\n\t<meta name=\"twitter:label2\" content=\"Tiempo de lectura\" \/>\n\t<meta name=\"twitter:data2\" content=\"2 minutos\" \/>\n<script type=\"application\/ld+json\" class=\"yoast-schema-graph\">{\"@context\":\"https:\\\/\\\/schema.org\",\"@graph\":[{\"@type\":\"Article\",\"@id\":\"https:\\\/\\\/diarioprincipios.com\\\/index.php\\\/2025\\\/07\\\/03\\\/los-mayores-de-berazategui-compiten-en-los-juegos-bonaerenses\\\/#article\",\"isPartOf\":{\"@id\":\"https:\\\/\\\/diarioprincipios.com\\\/index.php\\\/2025\\\/07\\\/03\\\/los-mayores-de-berazategui-compiten-en-los-juegos-bonaerenses\\\/\"},\"author\":{\"name\":\"Hern\u00e1n L\u00f3pez\",\"@id\":\"https:\\\/\\\/diarioprincipios.com\\\/#\\\/schema\\\/person\\\/436d5a1fd41a5e250e23ff5a6a7cb080\"},\"headline\":\"Los Mayores de Berazategui compiten en los Juegos Bonaerenses\",\"datePublished\":\"2025-07-03T15:25:29+00:00\",\"dateModified\":\"2025-07-03T15:25:30+00:00\",\"mainEntityOfPage\":{\"@id\":\"https:\\\/\\\/diarioprincipios.com\\\/index.php\\\/2025\\\/07\\\/03\\\/los-mayores-de-berazategui-compiten-en-los-juegos-bonaerenses\\\/\"},\"wordCount\":209,\"commentCount\":0,\"publisher\":{\"@id\":\"https:\\\/\\\/diarioprincipios.com\\\/#organization\"},\"image\":{\"@id\":\"https:\\\/\\\/diarioprincipios.com\\\/index.php\\\/2025\\\/07\\\/03\\\/los-mayores-de-berazategui-compiten-en-los-juegos-bonaerenses\\\/#primaryimage\"},\"thumbnailUrl\":\"https:\\\/\\\/diarioprincipios.com\\\/wp-content\\\/uploads\\\/2025\\\/07\\\/LOS-MAYORES-DE-BERAZATEGUI-COMPITEN-EN-LOS-JUEGOS-BONAERENSES-1.jpg\",\"articleSection\":[\"Berazategui\"],\"inLanguage\":\"es\",\"potentialAction\":[{\"@type\":\"CommentAction\",\"name\":\"Comment\",\"target\":[\"https:\\\/\\\/diarioprincipios.com\\\/index.php\\\/2025\\\/07\\\/03\\\/los-mayores-de-berazategui-compiten-en-los-juegos-bonaerenses\\\/#respond\"]}]},{\"@type\":\"WebPage\",\"@id\":\"https:\\\/\\\/diarioprincipios.com\\\/index.php\\\/2025\\\/07\\\/03\\\/los-mayores-de-berazategui-compiten-en-los-juegos-bonaerenses\\\/\",\"url\":\"https:\\\/\\\/diarioprincipios.com\\\/index.php\\\/2025\\\/07\\\/03\\\/los-mayores-de-berazategui-compiten-en-los-juegos-bonaerenses\\\/\",\"name\":\"Los Mayores de Berazategui compiten en los Juegos Bonaerenses - Principios\",\"isPartOf\":{\"@id\":\"https:\\\/\\\/diarioprincipios.com\\\/#website\"},\"primaryImageOfPage\":{\"@id\":\"https:\\\/\\\/diarioprincipios.com\\\/index.php\\\/2025\\\/07\\\/03\\\/los-mayores-de-berazategui-compiten-en-los-juegos-bonaerenses\\\/#primaryimage\"},\"image\":{\"@id\":\"https:\\\/\\\/diarioprincipios.com\\\/index.php\\\/2025\\\/07\\\/03\\\/los-mayores-de-berazategui-compiten-en-los-juegos-bonaerenses\\\/#primaryimage\"},\"thumbnailUrl\":\"https:\\\/\\\/diarioprincipios.com\\\/wp-content\\\/uploads\\\/2025\\\/07\\\/LOS-MAYORES-DE-BERAZATEGUI-COMPITEN-EN-LOS-JUEGOS-BONAERENSES-1.jpg\",\"datePublished\":\"2025-07-03T15:25:29+00:00\",\"dateModified\":\"2025-07-03T15:25:30+00:00\",\"breadcrumb\":{\"@id\":\"https:\\\/\\\/diarioprincipios.com\\\/index.php\\\/2025\\\/07\\\/03\\\/los-mayores-de-berazategui-compiten-en-los-juegos-bonaerenses\\\/#breadcrumb\"},\"inLanguage\":\"es\",\"potentialAction\":[{\"@type\":\"ReadAction\",\"target\":[\"https:\\\/\\\/diarioprincipios.com\\\/index.php\\\/2025\\\/07\\\/03\\\/los-mayores-de-berazategui-compiten-en-los-juegos-bonaerenses\\\/\"]}]},{\"@type\":\"ImageObject\",\"inLanguage\":\"es\",\"@id\":\"https:\\\/\\\/diarioprincipios.com\\\/index.php\\\/2025\\\/07\\\/03\\\/los-mayores-de-berazategui-compiten-en-los-juegos-bonaerenses\\\/#primaryimage\",\"url\":\"https:\\\/\\\/diarioprincipios.com\\\/wp-content\\\/uploads\\\/2025\\\/07\\\/LOS-MAYORES-DE-BERAZATEGUI-COMPITEN-EN-LOS-JUEGOS-BONAERENSES-1.jpg\",\"contentUrl\":\"https:\\\/\\\/diarioprincipios.com\\\/wp-content\\\/uploads\\\/2025\\\/07\\\/LOS-MAYORES-DE-BERAZATEGUI-COMPITEN-EN-LOS-JUEGOS-BONAERENSES-1.jpg\",\"width\":1600,\"height\":1066},{\"@type\":\"BreadcrumbList\",\"@id\":\"https:\\\/\\\/diarioprincipios.com\\\/index.php\\\/2025\\\/07\\\/03\\\/los-mayores-de-berazategui-compiten-en-los-juegos-bonaerenses\\\/#breadcrumb\",\"itemListElement\":[{\"@type\":\"ListItem\",\"position\":1,\"name\":\"Portada\",\"item\":\"https:\\\/\\\/diarioprincipios.com\\\/\"},{\"@type\":\"ListItem\",\"position\":2,\"name\":\"Los Mayores de Berazategui compiten en los Juegos Bonaerenses\"}]},{\"@type\":\"WebSite\",\"@id\":\"https:\\\/\\\/diarioprincipios.com\\\/#website\",\"url\":\"https:\\\/\\\/diarioprincipios.com\\\/\",\"name\":\"Principios\",\"description\":\"Principios Diario\",\"publisher\":{\"@id\":\"https:\\\/\\\/diarioprincipios.com\\\/#organization\"},\"potentialAction\":[{\"@type\":\"SearchAction\",\"target\":{\"@type\":\"EntryPoint\",\"urlTemplate\":\"https:\\\/\\\/diarioprincipios.com\\\/?s={search_term_string}\"},\"query-input\":{\"@type\":\"PropertyValueSpecification\",\"valueRequired\":true,\"valueName\":\"search_term_string\"}}],\"inLanguage\":\"es\"},{\"@type\":\"Organization\",\"@id\":\"https:\\\/\\\/diarioprincipios.com\\\/#organization\",\"name\":\"Principios\",\"url\":\"https:\\\/\\\/diarioprincipios.com\\\/\",\"logo\":{\"@type\":\"ImageObject\",\"inLanguage\":\"es\",\"@id\":\"https:\\\/\\\/diarioprincipios.com\\\/#\\\/schema\\\/logo\\\/image\\\/\",\"url\":\"https:\\\/\\\/diarioprincipios.com\\\/wp-content\\\/uploads\\\/2024\\\/04\\\/cropped-www.diarioprincipios.com_-1.png\",\"contentUrl\":\"https:\\\/\\\/diarioprincipios.com\\\/wp-content\\\/uploads\\\/2024\\\/04\\\/cropped-www.diarioprincipios.com_-1.png\",\"width\":5325,\"height\":1454,\"caption\":\"Principios\"},\"image\":{\"@id\":\"https:\\\/\\\/diarioprincipios.com\\\/#\\\/schema\\\/logo\\\/image\\\/\"}},{\"@type\":\"Person\",\"@id\":\"https:\\\/\\\/diarioprincipios.com\\\/#\\\/schema\\\/person\\\/436d5a1fd41a5e250e23ff5a6a7cb080\",\"name\":\"Hern\u00e1n L\u00f3pez\",\"image\":{\"@type\":\"ImageObject\",\"inLanguage\":\"es\",\"@id\":\"https:\\\/\\\/diarioprincipios.com\\\/wp-content\\\/litespeed\\\/avatar\\\/11ddfe5610ff3bd100522525b2571f48.jpg?ver=1777048341\",\"url\":\"https:\\\/\\\/diarioprincipios.com\\\/wp-content\\\/litespeed\\\/avatar\\\/11ddfe5610ff3bd100522525b2571f48.jpg?ver=1777048341\",\"contentUrl\":\"https:\\\/\\\/diarioprincipios.com\\\/wp-content\\\/litespeed\\\/avatar\\\/11ddfe5610ff3bd100522525b2571f48.jpg?ver=1777048341\",\"caption\":\"Hern\u00e1n L\u00f3pez\"},\"url\":\"https:\\\/\\\/diarioprincipios.com\\\/index.php\\\/author\\\/hernan\\\/\"}]}<\/script>\n<!-- \/ Yoast SEO plugin. -->","yoast_head_json":{"title":"Los Mayores de Berazategui compiten en los Juegos Bonaerenses - Principios","robots":{"index":"index","follow":"follow","max-snippet":"max-snippet:-1","max-image-preview":"max-image-preview:large","max-video-preview":"max-video-preview:-1"},"canonical":"https:\/\/diarioprincipios.com\/index.php\/2025\/07\/03\/los-mayores-de-berazategui-compiten-en-los-juegos-bonaerenses\/","og_locale":"es_ES","og_type":"article","og_title":"Los Mayores de Berazategui compiten en los Juegos Bonaerenses - Principios","og_description":"El fin de semana continu\u00f3 la instancia distrital de los Juegos Bonaerenses 2025, en esta oportunidad en la disciplina Chinch\u00f3n. La competencia tuvo como sede el Complejo Deportivo Municipal Ducilo, donde estuvo presente la secretaria de Desarrollo Social, Recreaci\u00f3n, Turismo y Deportes, Mar\u00eda Laura Lacava.\u201cM\u00e1s de 70 personas mayores participaron en Chinch\u00f3n. Estamos felices de...","og_url":"https:\/\/diarioprincipios.com\/index.php\/2025\/07\/03\/los-mayores-de-berazategui-compiten-en-los-juegos-bonaerenses\/","og_site_name":"Principios","article_published_time":"2025-07-03T15:25:29+00:00","article_modified_time":"2025-07-03T15:25:30+00:00","og_image":[{"width":1600,"height":1066,"url":"https:\/\/diarioprincipios.com\/wp-content\/uploads\/2025\/07\/LOS-MAYORES-DE-BERAZATEGUI-COMPITEN-EN-LOS-JUEGOS-BONAERENSES-1.jpg","type":"image\/jpeg"}],"author":"Hern\u00e1n L\u00f3pez","twitter_card":"summary_large_image","twitter_misc":{"Escrito por":"Hern\u00e1n L\u00f3pez","Tiempo de lectura":"2 minutos"},"schema":{"@context":"https:\/\/schema.org","@graph":[{"@type":"Article","@id":"https:\/\/diarioprincipios.com\/index.php\/2025\/07\/03\/los-mayores-de-berazategui-compiten-en-los-juegos-bonaerenses\/#article","isPartOf":{"@id":"https:\/\/diarioprincipios.com\/index.php\/2025\/07\/03\/los-mayores-de-berazategui-compiten-en-los-juegos-bonaerenses\/"},"author":{"name":"Hern\u00e1n L\u00f3pez","@id":"https:\/\/diarioprincipios.com\/#\/schema\/person\/436d5a1fd41a5e250e23ff5a6a7cb080"},"headline":"Los Mayores de Berazategui compiten en los Juegos Bonaerenses","datePublished":"2025-07-03T15:25:29+00:00","dateModified":"2025-07-03T15:25:30+00:00","mainEntityOfPage":{"@id":"https:\/\/diarioprincipios.com\/index.php\/2025\/07\/03\/los-mayores-de-berazategui-compiten-en-los-juegos-bonaerenses\/"},"wordCount":209,"commentCount":0,"publisher":{"@id":"https:\/\/diarioprincipios.com\/#organization"},"image":{"@id":"https:\/\/diarioprincipios.com\/index.php\/2025\/07\/03\/los-mayores-de-berazategui-compiten-en-los-juegos-bonaerenses\/#primaryimage"},"thumbnailUrl":"https:\/\/diarioprincipios.com\/wp-content\/uploads\/2025\/07\/LOS-MAYORES-DE-BERAZATEGUI-COMPITEN-EN-LOS-JUEGOS-BONAERENSES-1.jpg","articleSection":["Berazategui"],"inLanguage":"es","potentialAction":[{"@type":"CommentAction","name":"Comment","target":["https:\/\/diarioprincipios.com\/index.php\/2025\/07\/03\/los-mayores-de-berazategui-compiten-en-los-juegos-bonaerenses\/#respond"]}]},{"@type":"WebPage","@id":"https:\/\/diarioprincipios.com\/index.php\/2025\/07\/03\/los-mayores-de-berazategui-compiten-en-los-juegos-bonaerenses\/","url":"https:\/\/diarioprincipios.com\/index.php\/2025\/07\/03\/los-mayores-de-berazategui-compiten-en-los-juegos-bonaerenses\/","name":"Los Mayores de Berazategui compiten en los Juegos Bonaerenses - Principios","isPartOf":{"@id":"https:\/\/diarioprincipios.com\/#website"},"primaryImageOfPage":{"@id":"https:\/\/diarioprincipios.com\/index.php\/2025\/07\/03\/los-mayores-de-berazategui-compiten-en-los-juegos-bonaerenses\/#primaryimage"},"image":{"@id":"https:\/\/diarioprincipios.com\/index.php\/2025\/07\/03\/los-mayores-de-berazategui-compiten-en-los-juegos-bonaerenses\/#primaryimage"},"thumbnailUrl":"https:\/\/diarioprincipios.com\/wp-content\/uploads\/2025\/07\/LOS-MAYORES-DE-BERAZATEGUI-COMPITEN-EN-LOS-JUEGOS-BONAERENSES-1.jpg","datePublished":"2025-07-03T15:25:29+00:00","dateModified":"2025-07-03T15:25:30+00:00","breadcrumb":{"@id":"https:\/\/diarioprincipios.com\/index.php\/2025\/07\/03\/los-mayores-de-berazategui-compiten-en-los-juegos-bonaerenses\/#breadcrumb"},"inLanguage":"es","potentialAction":[{"@type":"ReadAction","target":["https:\/\/diarioprincipios.com\/index.php\/2025\/07\/03\/los-mayores-de-berazategui-compiten-en-los-juegos-bonaerenses\/"]}]},{"@type":"ImageObject","inLanguage":"es","@id":"https:\/\/diarioprincipios.com\/index.php\/2025\/07\/03\/los-mayores-de-berazategui-compiten-en-los-juegos-bonaerenses\/#primaryimage","url":"https:\/\/diarioprincipios.com\/wp-content\/uploads\/2025\/07\/LOS-MAYORES-DE-BERAZATEGUI-COMPITEN-EN-LOS-JUEGOS-BONAERENSES-1.jpg","contentUrl":"https:\/\/diarioprincipios.com\/wp-content\/uploads\/2025\/07\/LOS-MAYORES-DE-BERAZATEGUI-COMPITEN-EN-LOS-JUEGOS-BONAERENSES-1.jpg","width":1600,"height":1066},{"@type":"BreadcrumbList","@id":"https:\/\/diarioprincipios.com\/index.php\/2025\/07\/03\/los-mayores-de-berazategui-compiten-en-los-juegos-bonaerenses\/#breadcrumb","itemListElement":[{"@type":"ListItem","position":1,"name":"Portada","item":"https:\/\/diarioprincipios.com\/"},{"@type":"ListItem","position":2,"name":"Los Mayores de Berazategui compiten en los Juegos Bonaerenses"}]},{"@type":"WebSite","@id":"https:\/\/diarioprincipios.com\/#website","url":"https:\/\/diarioprincipios.com\/","name":"Principios","description":"Principios Diario","publisher":{"@id":"https:\/\/diarioprincipios.com\/#organization"},"potentialAction":[{"@type":"SearchAction","target":{"@type":"EntryPoint","urlTemplate":"https:\/\/diarioprincipios.com\/?s={search_term_string}"},"query-input":{"@type":"PropertyValueSpecification","valueRequired":true,"valueName":"search_term_string"}}],"inLanguage":"es"},{"@type":"Organization","@id":"https:\/\/diarioprincipios.com\/#organization","name":"Principios","url":"https:\/\/diarioprincipios.com\/","logo":{"@type":"ImageObject","inLanguage":"es","@id":"https:\/\/diarioprincipios.com\/#\/schema\/logo\/image\/","url":"https:\/\/diarioprincipios.com\/wp-content\/uploads\/2024\/04\/cropped-www.diarioprincipios.com_-1.png","contentUrl":"https:\/\/diarioprincipios.com\/wp-content\/uploads\/2024\/04\/cropped-www.diarioprincipios.com_-1.png","width":5325,"height":1454,"caption":"Principios"},"image":{"@id":"https:\/\/diarioprincipios.com\/#\/schema\/logo\/image\/"}},{"@type":"Person","@id":"https:\/\/diarioprincipios.com\/#\/schema\/person\/436d5a1fd41a5e250e23ff5a6a7cb080","name":"Hern\u00e1n L\u00f3pez","image":{"@type":"ImageObject","inLanguage":"es","@id":"https:\/\/diarioprincipios.com\/wp-content\/litespeed\/avatar\/11ddfe5610ff3bd100522525b2571f48.jpg?ver=1777048341","url":"https:\/\/diarioprincipios.com\/wp-content\/litespeed\/avatar\/11ddfe5610ff3bd100522525b2571f48.jpg?ver=1777048341","contentUrl":"https:\/\/diarioprincipios.com\/wp-content\/litespeed\/avatar\/11ddfe5610ff3bd100522525b2571f48.jpg?ver=1777048341","caption":"Hern\u00e1n L\u00f3pez"},"url":"https:\/\/diarioprincipios.com\/index.php\/author\/hernan\/"}]}},"jetpack_featured_media_url":"https:\/\/diarioprincipios.com\/wp-content\/uploads\/2025\/07\/LOS-MAYORES-DE-BERAZATEGUI-COMPITEN-EN-LOS-JUEGOS-BONAERENSES-1.jpg","_links":{"self":[{"href":"https:\/\/diarioprincipios.com\/index.php\/wp-json\/wp\/v2\/posts\/24916","targetHints":{"allow":["GET"]}}],"collection":[{"href":"https:\/\/diarioprincipios.com\/index.php\/wp-json\/wp\/v2\/posts"}],"about":[{"href":"https:\/\/diarioprincipios.com\/index.php\/wp-json\/wp\/v2\/types\/post"}],"author":[{"embeddable":true,"href":"https:\/\/diarioprincipios.com\/index.php\/wp-json\/wp\/v2\/users\/2"}],"replies":[{"embeddable":true,"href":"https:\/\/diarioprincipios.com\/index.php\/wp-json\/wp\/v2\/comments?post=24916"}],"version-history":[{"count":1,"href":"https:\/\/diarioprincipios.com\/index.php\/wp-json\/wp\/v2\/posts\/24916\/revisions"}],"predecessor-version":[{"id":24919,"href":"https:\/\/diarioprincipios.com\/index.php\/wp-json\/wp\/v2\/posts\/24916\/revisions\/24919"}],"wp:featuredmedia":[{"embeddable":true,"href":"https:\/\/diarioprincipios.com\/index.php\/wp-json\/wp\/v2\/media\/24918"}],"wp:attachment":[{"href":"https:\/\/diarioprincipios.com\/index.php\/wp-json\/wp\/v2\/media?parent=24916"}],"wp:term":[{"taxonomy":"category","embeddable":true,"href":"https:\/\/diarioprincipios.com\/index.php\/wp-json\/wp\/v2\/categories?post=24916"},{"taxonomy":"post_tag","embeddable":true,"href":"https:\/\/diarioprincipios.com\/index.php\/wp-json\/wp\/v2\/tags?post=24916"}],"curies":[{"name":"wp","href":"https:\/\/api.w.org\/{rel}","templated":true}]}}