{"id":24913,"date":"2025-07-01T20:03:31","date_gmt":"2025-07-01T23:03:31","guid":{"rendered":"https:\/\/diarioprincipios.com\/?p=24913"},"modified":"2025-07-01T20:03:32","modified_gmt":"2025-07-01T23:03:32","slug":"mussi-contra-edesur","status":"publish","type":"post","link":"https:\/\/diarioprincipios.com\/index.php\/2025\/07\/01\/mussi-contra-edesur\/","title":{"rendered":"Mussi contra Edesur"},"content":{"rendered":"\n<p><strong>Una vez m\u00e1s, el intendente de Berazategui, Juan Jos\u00e9 Mussi, ampli\u00f3 la demanda contra Edesur y reclam\u00f3 firmemente que se realicen las inversiones necesarias para que los vecinos y vecinas de la ciudad no sigan padeciendo los reiterados cortes de energ\u00eda. En esta \u00e9poca de bajas temperaturas, la falta de electricidad atenta en forma directa contra los berazateguenses, tanto a la hora de calefaccionarse como por la paralizaci\u00f3n de los pozos de agua en todo el partido.<\/strong><\/p>\n\n\n\n<p>Es importante recordar que, en 2023, el Juzgado Federal de Quilmes hizo lugar a una medida cautelar presentada por el&nbsp;Intendente de Berazategui contra la empresa privada Edesur debido a los reiterados cortes de luz, que en este distrito perjudican en forma directa el suministro de agua. De esta manera, el jefe comunal puede volver a reclamar el incumplimiento de la cautelar.<\/p>\n\n\n\n<p>Mussi es el intendente que m\u00e1s denuncias contra Edesur present\u00f3 desde&nbsp;un Municipio<\/p>\n\n\n\n<p>. Desde 2014, viene encabezando una lucha hist\u00f3rica contra esta empresa privada. Ese a\u00f1o, la Municipalidad de Berazategui promovi\u00f3 una acci\u00f3n de amparo contra la compa\u00f1\u00eda y solicit\u00f3 que se decrete una medida cautelar, ordenando la inmediata normalizaci\u00f3n del servicio el\u00e9ctrico en todo el partido.<\/p>\n\n\n\n<p>A pesar de la vigencia de la medida cautelar decretada, el Municipio ha denunciado su incumplimiento acompa\u00f1ando pruebas de ello.<\/p>\n","protected":false},"excerpt":{"rendered":"<p>Una vez m\u00e1s, el intendente de Berazategui, Juan Jos\u00e9 Mussi, ampli\u00f3 la demanda contra Edesur y reclam\u00f3 firmemente que se realicen las inversiones necesarias para que los vecinos y vecinas de la ciudad no sigan padeciendo los reiterados cortes de energ\u00eda. En esta \u00e9poca de bajas temperaturas, la falta de electricidad atenta en forma directa&#8230;<\/p>\n","protected":false},"author":2,"featured_media":24914,"comment_status":"open","ping_status":"open","sticky":false,"template":"","format":"standard","meta":{"footnotes":""},"categories":[3],"tags":[],"class_list":["post-24913","post","type-post","status-publish","format-standard","has-post-thumbnail","hentry","category-berazategui"],"featured_image_src":"https:\/\/diarioprincipios.com\/wp-content\/uploads\/2025\/07\/MUSSI-CONTRA-EDESUR.jpg","blog_images":{"medium":"https:\/\/diarioprincipios.com\/wp-content\/uploads\/2025\/07\/MUSSI-CONTRA-EDESUR-300x169.jpg","large":"https:\/\/diarioprincipios.com\/wp-content\/uploads\/2025\/07\/MUSSI-CONTRA-EDESUR.jpg"},"ams_acf":[],"yoast_head":"<!-- This site is optimized with the Yoast SEO plugin v27.3 - https:\/\/yoast.com\/product\/yoast-seo-wordpress\/ -->\n<title>Mussi contra Edesur - Principios<\/title>\n<meta name=\"robots\" content=\"index, follow, max-snippet:-1, max-image-preview:large, max-video-preview:-1\" \/>\n<link rel=\"canonical\" href=\"https:\/\/diarioprincipios.com\/index.php\/2025\/07\/01\/mussi-contra-edesur\/\" \/>\n<meta property=\"og:locale\" content=\"es_ES\" \/>\n<meta property=\"og:type\" content=\"article\" \/>\n<meta property=\"og:title\" content=\"Mussi contra Edesur - Principios\" \/>\n<meta property=\"og:description\" content=\"Una vez m\u00e1s, el intendente de Berazategui, Juan Jos\u00e9 Mussi, ampli\u00f3 la demanda contra Edesur y reclam\u00f3 firmemente que se realicen las inversiones necesarias para que los vecinos y vecinas de la ciudad no sigan padeciendo los reiterados cortes de energ\u00eda. En esta \u00e9poca de bajas temperaturas, la falta de electricidad atenta en forma directa...\" \/>\n<meta property=\"og:url\" content=\"https:\/\/diarioprincipios.com\/index.php\/2025\/07\/01\/mussi-contra-edesur\/\" \/>\n<meta property=\"og:site_name\" content=\"Principios\" \/>\n<meta property=\"article:published_time\" content=\"2025-07-01T23:03:31+00:00\" \/>\n<meta property=\"article:modified_time\" content=\"2025-07-01T23:03:32+00:00\" \/>\n<meta property=\"og:image\" content=\"https:\/\/diarioprincipios.com\/wp-content\/uploads\/2025\/07\/MUSSI-CONTRA-EDESUR.jpg\" \/>\n\t<meta property=\"og:image:width\" content=\"839\" \/>\n\t<meta property=\"og:image:height\" content=\"472\" \/>\n\t<meta property=\"og:image:type\" content=\"image\/jpeg\" \/>\n<meta name=\"author\" content=\"Hern\u00e1n L\u00f3pez\" \/>\n<meta name=\"twitter:card\" content=\"summary_large_image\" \/>\n<meta name=\"twitter:label1\" content=\"Escrito por\" \/>\n\t<meta name=\"twitter:data1\" content=\"Hern\u00e1n L\u00f3pez\" \/>\n\t<meta name=\"twitter:label2\" content=\"Tiempo de lectura\" \/>\n\t<meta name=\"twitter:data2\" content=\"2 minutos\" \/>\n<script type=\"application\/ld+json\" class=\"yoast-schema-graph\">{\"@context\":\"https:\\\/\\\/schema.org\",\"@graph\":[{\"@type\":\"Article\",\"@id\":\"https:\\\/\\\/diarioprincipios.com\\\/index.php\\\/2025\\\/07\\\/01\\\/mussi-contra-edesur\\\/#article\",\"isPartOf\":{\"@id\":\"https:\\\/\\\/diarioprincipios.com\\\/index.php\\\/2025\\\/07\\\/01\\\/mussi-contra-edesur\\\/\"},\"author\":{\"name\":\"Hern\u00e1n L\u00f3pez\",\"@id\":\"https:\\\/\\\/diarioprincipios.com\\\/#\\\/schema\\\/person\\\/436d5a1fd41a5e250e23ff5a6a7cb080\"},\"headline\":\"Mussi contra Edesur\",\"datePublished\":\"2025-07-01T23:03:31+00:00\",\"dateModified\":\"2025-07-01T23:03:32+00:00\",\"mainEntityOfPage\":{\"@id\":\"https:\\\/\\\/diarioprincipios.com\\\/index.php\\\/2025\\\/07\\\/01\\\/mussi-contra-edesur\\\/\"},\"wordCount\":230,\"commentCount\":0,\"publisher\":{\"@id\":\"https:\\\/\\\/diarioprincipios.com\\\/#organization\"},\"image\":{\"@id\":\"https:\\\/\\\/diarioprincipios.com\\\/index.php\\\/2025\\\/07\\\/01\\\/mussi-contra-edesur\\\/#primaryimage\"},\"thumbnailUrl\":\"https:\\\/\\\/diarioprincipios.com\\\/wp-content\\\/uploads\\\/2025\\\/07\\\/MUSSI-CONTRA-EDESUR.jpg\",\"articleSection\":[\"Berazategui\"],\"inLanguage\":\"es\",\"potentialAction\":[{\"@type\":\"CommentAction\",\"name\":\"Comment\",\"target\":[\"https:\\\/\\\/diarioprincipios.com\\\/index.php\\\/2025\\\/07\\\/01\\\/mussi-contra-edesur\\\/#respond\"]}]},{\"@type\":\"WebPage\",\"@id\":\"https:\\\/\\\/diarioprincipios.com\\\/index.php\\\/2025\\\/07\\\/01\\\/mussi-contra-edesur\\\/\",\"url\":\"https:\\\/\\\/diarioprincipios.com\\\/index.php\\\/2025\\\/07\\\/01\\\/mussi-contra-edesur\\\/\",\"name\":\"Mussi contra Edesur - Principios\",\"isPartOf\":{\"@id\":\"https:\\\/\\\/diarioprincipios.com\\\/#website\"},\"primaryImageOfPage\":{\"@id\":\"https:\\\/\\\/diarioprincipios.com\\\/index.php\\\/2025\\\/07\\\/01\\\/mussi-contra-edesur\\\/#primaryimage\"},\"image\":{\"@id\":\"https:\\\/\\\/diarioprincipios.com\\\/index.php\\\/2025\\\/07\\\/01\\\/mussi-contra-edesur\\\/#primaryimage\"},\"thumbnailUrl\":\"https:\\\/\\\/diarioprincipios.com\\\/wp-content\\\/uploads\\\/2025\\\/07\\\/MUSSI-CONTRA-EDESUR.jpg\",\"datePublished\":\"2025-07-01T23:03:31+00:00\",\"dateModified\":\"2025-07-01T23:03:32+00:00\",\"breadcrumb\":{\"@id\":\"https:\\\/\\\/diarioprincipios.com\\\/index.php\\\/2025\\\/07\\\/01\\\/mussi-contra-edesur\\\/#breadcrumb\"},\"inLanguage\":\"es\",\"potentialAction\":[{\"@type\":\"ReadAction\",\"target\":[\"https:\\\/\\\/diarioprincipios.com\\\/index.php\\\/2025\\\/07\\\/01\\\/mussi-contra-edesur\\\/\"]}]},{\"@type\":\"ImageObject\",\"inLanguage\":\"es\",\"@id\":\"https:\\\/\\\/diarioprincipios.com\\\/index.php\\\/2025\\\/07\\\/01\\\/mussi-contra-edesur\\\/#primaryimage\",\"url\":\"https:\\\/\\\/diarioprincipios.com\\\/wp-content\\\/uploads\\\/2025\\\/07\\\/MUSSI-CONTRA-EDESUR.jpg\",\"contentUrl\":\"https:\\\/\\\/diarioprincipios.com\\\/wp-content\\\/uploads\\\/2025\\\/07\\\/MUSSI-CONTRA-EDESUR.jpg\",\"width\":839,\"height\":472},{\"@type\":\"BreadcrumbList\",\"@id\":\"https:\\\/\\\/diarioprincipios.com\\\/index.php\\\/2025\\\/07\\\/01\\\/mussi-contra-edesur\\\/#breadcrumb\",\"itemListElement\":[{\"@type\":\"ListItem\",\"position\":1,\"name\":\"Portada\",\"item\":\"https:\\\/\\\/diarioprincipios.com\\\/\"},{\"@type\":\"ListItem\",\"position\":2,\"name\":\"Mussi contra Edesur\"}]},{\"@type\":\"WebSite\",\"@id\":\"https:\\\/\\\/diarioprincipios.com\\\/#website\",\"url\":\"https:\\\/\\\/diarioprincipios.com\\\/\",\"name\":\"Principios\",\"description\":\"Principios Diario\",\"publisher\":{\"@id\":\"https:\\\/\\\/diarioprincipios.com\\\/#organization\"},\"potentialAction\":[{\"@type\":\"SearchAction\",\"target\":{\"@type\":\"EntryPoint\",\"urlTemplate\":\"https:\\\/\\\/diarioprincipios.com\\\/?s={search_term_string}\"},\"query-input\":{\"@type\":\"PropertyValueSpecification\",\"valueRequired\":true,\"valueName\":\"search_term_string\"}}],\"inLanguage\":\"es\"},{\"@type\":\"Organization\",\"@id\":\"https:\\\/\\\/diarioprincipios.com\\\/#organization\",\"name\":\"Principios\",\"url\":\"https:\\\/\\\/diarioprincipios.com\\\/\",\"logo\":{\"@type\":\"ImageObject\",\"inLanguage\":\"es\",\"@id\":\"https:\\\/\\\/diarioprincipios.com\\\/#\\\/schema\\\/logo\\\/image\\\/\",\"url\":\"https:\\\/\\\/diarioprincipios.com\\\/wp-content\\\/uploads\\\/2024\\\/04\\\/cropped-www.diarioprincipios.com_-1.png\",\"contentUrl\":\"https:\\\/\\\/diarioprincipios.com\\\/wp-content\\\/uploads\\\/2024\\\/04\\\/cropped-www.diarioprincipios.com_-1.png\",\"width\":5325,\"height\":1454,\"caption\":\"Principios\"},\"image\":{\"@id\":\"https:\\\/\\\/diarioprincipios.com\\\/#\\\/schema\\\/logo\\\/image\\\/\"}},{\"@type\":\"Person\",\"@id\":\"https:\\\/\\\/diarioprincipios.com\\\/#\\\/schema\\\/person\\\/436d5a1fd41a5e250e23ff5a6a7cb080\",\"name\":\"Hern\u00e1n L\u00f3pez\",\"image\":{\"@type\":\"ImageObject\",\"inLanguage\":\"es\",\"@id\":\"https:\\\/\\\/diarioprincipios.com\\\/wp-content\\\/litespeed\\\/avatar\\\/11ddfe5610ff3bd100522525b2571f48.jpg?ver=1777048341\",\"url\":\"https:\\\/\\\/diarioprincipios.com\\\/wp-content\\\/litespeed\\\/avatar\\\/11ddfe5610ff3bd100522525b2571f48.jpg?ver=1777048341\",\"contentUrl\":\"https:\\\/\\\/diarioprincipios.com\\\/wp-content\\\/litespeed\\\/avatar\\\/11ddfe5610ff3bd100522525b2571f48.jpg?ver=1777048341\",\"caption\":\"Hern\u00e1n L\u00f3pez\"},\"url\":\"https:\\\/\\\/diarioprincipios.com\\\/index.php\\\/author\\\/hernan\\\/\"}]}<\/script>\n<!-- \/ Yoast SEO plugin. -->","yoast_head_json":{"title":"Mussi contra Edesur - Principios","robots":{"index":"index","follow":"follow","max-snippet":"max-snippet:-1","max-image-preview":"max-image-preview:large","max-video-preview":"max-video-preview:-1"},"canonical":"https:\/\/diarioprincipios.com\/index.php\/2025\/07\/01\/mussi-contra-edesur\/","og_locale":"es_ES","og_type":"article","og_title":"Mussi contra Edesur - Principios","og_description":"Una vez m\u00e1s, el intendente de Berazategui, Juan Jos\u00e9 Mussi, ampli\u00f3 la demanda contra Edesur y reclam\u00f3 firmemente que se realicen las inversiones necesarias para que los vecinos y vecinas de la ciudad no sigan padeciendo los reiterados cortes de energ\u00eda. En esta \u00e9poca de bajas temperaturas, la falta de electricidad atenta en forma directa...","og_url":"https:\/\/diarioprincipios.com\/index.php\/2025\/07\/01\/mussi-contra-edesur\/","og_site_name":"Principios","article_published_time":"2025-07-01T23:03:31+00:00","article_modified_time":"2025-07-01T23:03:32+00:00","og_image":[{"width":839,"height":472,"url":"https:\/\/diarioprincipios.com\/wp-content\/uploads\/2025\/07\/MUSSI-CONTRA-EDESUR.jpg","type":"image\/jpeg"}],"author":"Hern\u00e1n L\u00f3pez","twitter_card":"summary_large_image","twitter_misc":{"Escrito por":"Hern\u00e1n L\u00f3pez","Tiempo de lectura":"2 minutos"},"schema":{"@context":"https:\/\/schema.org","@graph":[{"@type":"Article","@id":"https:\/\/diarioprincipios.com\/index.php\/2025\/07\/01\/mussi-contra-edesur\/#article","isPartOf":{"@id":"https:\/\/diarioprincipios.com\/index.php\/2025\/07\/01\/mussi-contra-edesur\/"},"author":{"name":"Hern\u00e1n L\u00f3pez","@id":"https:\/\/diarioprincipios.com\/#\/schema\/person\/436d5a1fd41a5e250e23ff5a6a7cb080"},"headline":"Mussi contra Edesur","datePublished":"2025-07-01T23:03:31+00:00","dateModified":"2025-07-01T23:03:32+00:00","mainEntityOfPage":{"@id":"https:\/\/diarioprincipios.com\/index.php\/2025\/07\/01\/mussi-contra-edesur\/"},"wordCount":230,"commentCount":0,"publisher":{"@id":"https:\/\/diarioprincipios.com\/#organization"},"image":{"@id":"https:\/\/diarioprincipios.com\/index.php\/2025\/07\/01\/mussi-contra-edesur\/#primaryimage"},"thumbnailUrl":"https:\/\/diarioprincipios.com\/wp-content\/uploads\/2025\/07\/MUSSI-CONTRA-EDESUR.jpg","articleSection":["Berazategui"],"inLanguage":"es","potentialAction":[{"@type":"CommentAction","name":"Comment","target":["https:\/\/diarioprincipios.com\/index.php\/2025\/07\/01\/mussi-contra-edesur\/#respond"]}]},{"@type":"WebPage","@id":"https:\/\/diarioprincipios.com\/index.php\/2025\/07\/01\/mussi-contra-edesur\/","url":"https:\/\/diarioprincipios.com\/index.php\/2025\/07\/01\/mussi-contra-edesur\/","name":"Mussi contra Edesur - Principios","isPartOf":{"@id":"https:\/\/diarioprincipios.com\/#website"},"primaryImageOfPage":{"@id":"https:\/\/diarioprincipios.com\/index.php\/2025\/07\/01\/mussi-contra-edesur\/#primaryimage"},"image":{"@id":"https:\/\/diarioprincipios.com\/index.php\/2025\/07\/01\/mussi-contra-edesur\/#primaryimage"},"thumbnailUrl":"https:\/\/diarioprincipios.com\/wp-content\/uploads\/2025\/07\/MUSSI-CONTRA-EDESUR.jpg","datePublished":"2025-07-01T23:03:31+00:00","dateModified":"2025-07-01T23:03:32+00:00","breadcrumb":{"@id":"https:\/\/diarioprincipios.com\/index.php\/2025\/07\/01\/mussi-contra-edesur\/#breadcrumb"},"inLanguage":"es","potentialAction":[{"@type":"ReadAction","target":["https:\/\/diarioprincipios.com\/index.php\/2025\/07\/01\/mussi-contra-edesur\/"]}]},{"@type":"ImageObject","inLanguage":"es","@id":"https:\/\/diarioprincipios.com\/index.php\/2025\/07\/01\/mussi-contra-edesur\/#primaryimage","url":"https:\/\/diarioprincipios.com\/wp-content\/uploads\/2025\/07\/MUSSI-CONTRA-EDESUR.jpg","contentUrl":"https:\/\/diarioprincipios.com\/wp-content\/uploads\/2025\/07\/MUSSI-CONTRA-EDESUR.jpg","width":839,"height":472},{"@type":"BreadcrumbList","@id":"https:\/\/diarioprincipios.com\/index.php\/2025\/07\/01\/mussi-contra-edesur\/#breadcrumb","itemListElement":[{"@type":"ListItem","position":1,"name":"Portada","item":"https:\/\/diarioprincipios.com\/"},{"@type":"ListItem","position":2,"name":"Mussi contra Edesur"}]},{"@type":"WebSite","@id":"https:\/\/diarioprincipios.com\/#website","url":"https:\/\/diarioprincipios.com\/","name":"Principios","description":"Principios Diario","publisher":{"@id":"https:\/\/diarioprincipios.com\/#organization"},"potentialAction":[{"@type":"SearchAction","target":{"@type":"EntryPoint","urlTemplate":"https:\/\/diarioprincipios.com\/?s={search_term_string}"},"query-input":{"@type":"PropertyValueSpecification","valueRequired":true,"valueName":"search_term_string"}}],"inLanguage":"es"},{"@type":"Organization","@id":"https:\/\/diarioprincipios.com\/#organization","name":"Principios","url":"https:\/\/diarioprincipios.com\/","logo":{"@type":"ImageObject","inLanguage":"es","@id":"https:\/\/diarioprincipios.com\/#\/schema\/logo\/image\/","url":"https:\/\/diarioprincipios.com\/wp-content\/uploads\/2024\/04\/cropped-www.diarioprincipios.com_-1.png","contentUrl":"https:\/\/diarioprincipios.com\/wp-content\/uploads\/2024\/04\/cropped-www.diarioprincipios.com_-1.png","width":5325,"height":1454,"caption":"Principios"},"image":{"@id":"https:\/\/diarioprincipios.com\/#\/schema\/logo\/image\/"}},{"@type":"Person","@id":"https:\/\/diarioprincipios.com\/#\/schema\/person\/436d5a1fd41a5e250e23ff5a6a7cb080","name":"Hern\u00e1n L\u00f3pez","image":{"@type":"ImageObject","inLanguage":"es","@id":"https:\/\/diarioprincipios.com\/wp-content\/litespeed\/avatar\/11ddfe5610ff3bd100522525b2571f48.jpg?ver=1777048341","url":"https:\/\/diarioprincipios.com\/wp-content\/litespeed\/avatar\/11ddfe5610ff3bd100522525b2571f48.jpg?ver=1777048341","contentUrl":"https:\/\/diarioprincipios.com\/wp-content\/litespeed\/avatar\/11ddfe5610ff3bd100522525b2571f48.jpg?ver=1777048341","caption":"Hern\u00e1n L\u00f3pez"},"url":"https:\/\/diarioprincipios.com\/index.php\/author\/hernan\/"}]}},"jetpack_featured_media_url":"https:\/\/diarioprincipios.com\/wp-content\/uploads\/2025\/07\/MUSSI-CONTRA-EDESUR.jpg","_links":{"self":[{"href":"https:\/\/diarioprincipios.com\/index.php\/wp-json\/wp\/v2\/posts\/24913","targetHints":{"allow":["GET"]}}],"collection":[{"href":"https:\/\/diarioprincipios.com\/index.php\/wp-json\/wp\/v2\/posts"}],"about":[{"href":"https:\/\/diarioprincipios.com\/index.php\/wp-json\/wp\/v2\/types\/post"}],"author":[{"embeddable":true,"href":"https:\/\/diarioprincipios.com\/index.php\/wp-json\/wp\/v2\/users\/2"}],"replies":[{"embeddable":true,"href":"https:\/\/diarioprincipios.com\/index.php\/wp-json\/wp\/v2\/comments?post=24913"}],"version-history":[{"count":1,"href":"https:\/\/diarioprincipios.com\/index.php\/wp-json\/wp\/v2\/posts\/24913\/revisions"}],"predecessor-version":[{"id":24915,"href":"https:\/\/diarioprincipios.com\/index.php\/wp-json\/wp\/v2\/posts\/24913\/revisions\/24915"}],"wp:featuredmedia":[{"embeddable":true,"href":"https:\/\/diarioprincipios.com\/index.php\/wp-json\/wp\/v2\/media\/24914"}],"wp:attachment":[{"href":"https:\/\/diarioprincipios.com\/index.php\/wp-json\/wp\/v2\/media?parent=24913"}],"wp:term":[{"taxonomy":"category","embeddable":true,"href":"https:\/\/diarioprincipios.com\/index.php\/wp-json\/wp\/v2\/categories?post=24913"},{"taxonomy":"post_tag","embeddable":true,"href":"https:\/\/diarioprincipios.com\/index.php\/wp-json\/wp\/v2\/tags?post=24913"}],"curies":[{"name":"wp","href":"https:\/\/api.w.org\/{rel}","templated":true}]}}