{"id":24897,"date":"2025-06-30T20:26:59","date_gmt":"2025-06-30T23:26:59","guid":{"rendered":"https:\/\/diarioprincipios.com\/?p=24897"},"modified":"2025-06-30T20:27:00","modified_gmt":"2025-06-30T23:27:00","slug":"kicillof-y-mussi-inauguraron-los-juegos-bonaerenses-2025","status":"publish","type":"post","link":"https:\/\/diarioprincipios.com\/index.php\/2025\/06\/30\/kicillof-y-mussi-inauguraron-los-juegos-bonaerenses-2025\/","title":{"rendered":"Kicillof y Mussi inauguraron los Juegos Bonaerenses 2025"},"content":{"rendered":"\n<p>Los Torneos abarcan m\u00e1s de 100 disciplinas deportivas y culturales<\/p>\n\n\n\n<p>El gobernador de la provincia de Buenos Aires, Axel Kicillof; y el intendente de Berazategui, Juan Jos\u00e9 Mussi, encabezaron la apertura oficial de la 34\u00b0 edici\u00f3n de los Juegos Bonaerenses (JJBB), en un acto que se realiz\u00f3 en el Centro Municipal de Actividades Roberto De Vicenzo.<\/p>\n\n\n\n<p>Junto al Gobernador estuvieron el ministro bonaerense de Desarrollo de la Comunidad, Andr\u00e9s Larroque; el subsecretario de Deportes, Cristian Cardozo; y la subsecretaria de Promoci\u00f3n Sociocultural, Lorena Riesgo; adem\u00e1s de intendentes e intendentas de otros municipios de la Provincia.<\/p>\n\n\n\n<p>All\u00ed, ante m\u00e1s de 4 mil personas -entre ellas, participantes de las delegaciones de los municipios-, Kicillof recalc\u00f3 la importancia de los Juegos Bonaerenses, que re\u00fanen a participantes de todo el territorio bonaerense a\u00f1o tras a\u00f1o. \u201cMientras el Gobierno nacional recort\u00f3 el presupuesto para los Juegos Evita, en la Provincia ampliamos los recursos para los Juegos Bonaerenses porque creemos que son mucho m\u00e1s que una competencia deportiva: son nuevos v\u00ednculos, compa\u00f1erismo y solidaridad. A pesar del contexto adverso, casi medio mill\u00f3n de bonaerenses est\u00e1 participando, marcando un nuevo r\u00e9cord y sosteniendo una tradici\u00f3n de la Provincia\u201d.<\/p>\n\n\n\n<figure class=\"wp-block-image size-large\"><img loading=\"lazy\" decoding=\"async\" width=\"1024\" height=\"683\" src=\"https:\/\/diarioprincipios.com\/wp-content\/uploads\/2025\/06\/KICILLOF-Y-MUSSI-INAUGURARON-LOS-JUEGOS-BONAERENSES-2025-EN-BERAZATEGUI-7-1024x683.jpg\" alt=\"\" class=\"wp-image-24898\" srcset=\"https:\/\/diarioprincipios.com\/wp-content\/uploads\/2025\/06\/KICILLOF-Y-MUSSI-INAUGURARON-LOS-JUEGOS-BONAERENSES-2025-EN-BERAZATEGUI-7-1024x683.jpg 1024w, https:\/\/diarioprincipios.com\/wp-content\/uploads\/2025\/06\/KICILLOF-Y-MUSSI-INAUGURARON-LOS-JUEGOS-BONAERENSES-2025-EN-BERAZATEGUI-7-300x200.jpg 300w, https:\/\/diarioprincipios.com\/wp-content\/uploads\/2025\/06\/KICILLOF-Y-MUSSI-INAUGURARON-LOS-JUEGOS-BONAERENSES-2025-EN-BERAZATEGUI-7-768x512.jpg 768w, https:\/\/diarioprincipios.com\/wp-content\/uploads\/2025\/06\/KICILLOF-Y-MUSSI-INAUGURARON-LOS-JUEGOS-BONAERENSES-2025-EN-BERAZATEGUI-7-1536x1024.jpg 1536w, https:\/\/diarioprincipios.com\/wp-content\/uploads\/2025\/06\/KICILLOF-Y-MUSSI-INAUGURARON-LOS-JUEGOS-BONAERENSES-2025-EN-BERAZATEGUI-7-600x400.jpg 600w, https:\/\/diarioprincipios.com\/wp-content\/uploads\/2025\/06\/KICILLOF-Y-MUSSI-INAUGURARON-LOS-JUEGOS-BONAERENSES-2025-EN-BERAZATEGUI-7.jpg 1920w\" sizes=\"auto, (max-width: 1024px) 100vw, 1024px\" \/><\/figure>\n\n\n\n<p>Seguidamente, el Gobernador se\u00f1al\u00f3: \u201cLos que no comprenden por qu\u00e9 invertimos en esta pol\u00edtica p\u00fablica son los mismos que dicen que no hay plata para financiar la educaci\u00f3n, la cultura y la ciencia, dejando truncos los sue\u00f1os de millones de argentinos\u201d, sostuvo el Gobernador y agreg\u00f3: \u201cEn la Provincia no nos manejamos de esa forma tan cruel e insensible. Ac\u00e1 tenemos otra regla: los recursos de los bonaerenses vuelven al pueblo para ampliar derechos y generar mejores oportunidades\u201d.<\/p>\n\n\n\n<p>Kicillof remarc\u00f3: \u201cEn el Gobierno de la Provincia actuamos como escudo para minimizar el impacto de las pol\u00edticas nacionales, pero tambi\u00e9n trabajamos para fortalecer los v\u00ednculos, el encuentro y aportar m\u00e1s felicidad a nuestra sociedad. Vamos a seguir por este camino, junto a una comunidad que se organiza y lucha por lo que le corresponde: su bienestar y su futuro\u201d.<\/p>\n\n\n\n<figure class=\"wp-block-image size-large\"><img loading=\"lazy\" decoding=\"async\" width=\"1024\" height=\"683\" src=\"https:\/\/diarioprincipios.com\/wp-content\/uploads\/2025\/06\/KICILLOF-Y-MUSSI-INAUGURARON-LOS-JUEGOS-BONAERENSES-2025-EN-BERAZATEGUI-9-1024x683.jpg\" alt=\"\" class=\"wp-image-24899\" srcset=\"https:\/\/diarioprincipios.com\/wp-content\/uploads\/2025\/06\/KICILLOF-Y-MUSSI-INAUGURARON-LOS-JUEGOS-BONAERENSES-2025-EN-BERAZATEGUI-9-1024x683.jpg 1024w, https:\/\/diarioprincipios.com\/wp-content\/uploads\/2025\/06\/KICILLOF-Y-MUSSI-INAUGURARON-LOS-JUEGOS-BONAERENSES-2025-EN-BERAZATEGUI-9-300x200.jpg 300w, https:\/\/diarioprincipios.com\/wp-content\/uploads\/2025\/06\/KICILLOF-Y-MUSSI-INAUGURARON-LOS-JUEGOS-BONAERENSES-2025-EN-BERAZATEGUI-9-768x512.jpg 768w, https:\/\/diarioprincipios.com\/wp-content\/uploads\/2025\/06\/KICILLOF-Y-MUSSI-INAUGURARON-LOS-JUEGOS-BONAERENSES-2025-EN-BERAZATEGUI-9-1536x1024.jpg 1536w, https:\/\/diarioprincipios.com\/wp-content\/uploads\/2025\/06\/KICILLOF-Y-MUSSI-INAUGURARON-LOS-JUEGOS-BONAERENSES-2025-EN-BERAZATEGUI-9-2048x1366.jpg 2048w, https:\/\/diarioprincipios.com\/wp-content\/uploads\/2025\/06\/KICILLOF-Y-MUSSI-INAUGURARON-LOS-JUEGOS-BONAERENSES-2025-EN-BERAZATEGUI-9-600x400.jpg 600w\" sizes=\"auto, (max-width: 1024px) 100vw, 1024px\" \/><\/figure>\n\n\n\n<p>Por otro lado, el Gobernador destac\u00f3 al Intendente local: \u201cHay muy pocos dirigentes en nuestro pa\u00eds que puedan mostrar tantas cosas que hicieron por la gente, como Juan Jos\u00e9 Mussi. Es un hombre que siempre tiene la obsesi\u00f3n por hacer; es muy justo que hoy estemos en Berazategui\u201d.<\/p>\n\n\n\n<p>En el mismo sentido, Juan Jos\u00e9 Mussi enfatiz\u00f3 el esfuerzo del Gobierno provincial para realizar la competencia. \u201cLos Juegos Bonaerenses no son un gasto sino una gran inversi\u00f3n, por eso acompa\u00f1amos desde el Municipio. Cuando nos volvamos a encontrar en la Final -en Mar del Plata- y veamos all\u00e1 a los j\u00f3venes, a las personas con discapacidad y a los mayores, diremos que hay dos pa\u00edses: uno al que no le importa nada; y otro, al que s\u00ed le importan las personas. Axel Kicillof trabaja para mejorar la calidad de vida de la gente\u201d, asegur\u00f3.<\/p>\n\n\n\n<p>Asimismo, el Intendente expres\u00f3: \u201cMe da esperanzas ver que hay compa\u00f1eros que piensan en los que menos tienen, que piensan en la salud y la educaci\u00f3n p\u00fablica, que piensan que los viejos no son viejos sino sabios. Igual que usted, Gobernador, siempre defend\u00ed a la gente. Desde Berazategui hacemos todo lo que est\u00e1 a nuestro alcance para que su gesti\u00f3n sea la mejor posible\u201d.<\/p>\n\n\n\n<figure class=\"wp-block-image size-large\"><img loading=\"lazy\" decoding=\"async\" width=\"1024\" height=\"683\" src=\"https:\/\/diarioprincipios.com\/wp-content\/uploads\/2025\/06\/KICILLOF-Y-MUSSI-INAUGURARON-LOS-JUEGOS-BONAERENSES-2025-EN-BERAZATEGUI-4-1024x683.jpg\" alt=\"\" class=\"wp-image-24900\" srcset=\"https:\/\/diarioprincipios.com\/wp-content\/uploads\/2025\/06\/KICILLOF-Y-MUSSI-INAUGURARON-LOS-JUEGOS-BONAERENSES-2025-EN-BERAZATEGUI-4-1024x683.jpg 1024w, https:\/\/diarioprincipios.com\/wp-content\/uploads\/2025\/06\/KICILLOF-Y-MUSSI-INAUGURARON-LOS-JUEGOS-BONAERENSES-2025-EN-BERAZATEGUI-4-300x200.jpg 300w, https:\/\/diarioprincipios.com\/wp-content\/uploads\/2025\/06\/KICILLOF-Y-MUSSI-INAUGURARON-LOS-JUEGOS-BONAERENSES-2025-EN-BERAZATEGUI-4-768x512.jpg 768w, https:\/\/diarioprincipios.com\/wp-content\/uploads\/2025\/06\/KICILLOF-Y-MUSSI-INAUGURARON-LOS-JUEGOS-BONAERENSES-2025-EN-BERAZATEGUI-4-1536x1024.jpg 1536w, https:\/\/diarioprincipios.com\/wp-content\/uploads\/2025\/06\/KICILLOF-Y-MUSSI-INAUGURARON-LOS-JUEGOS-BONAERENSES-2025-EN-BERAZATEGUI-4-600x400.jpg 600w, https:\/\/diarioprincipios.com\/wp-content\/uploads\/2025\/06\/KICILLOF-Y-MUSSI-INAUGURARON-LOS-JUEGOS-BONAERENSES-2025-EN-BERAZATEGUI-4.jpg 1920w\" sizes=\"auto, (max-width: 1024px) 100vw, 1024px\" \/><\/figure>\n\n\n\n<p>Por \u00faltimo, Mussi record\u00f3: \u201cNo me perd\u00ed ninguna edici\u00f3n de los Juegos, acompa\u00f1\u00e9 a la gente de Berazategui en cada una de ellas. En todos estos a\u00f1os vi cosas muy hermosas: c\u00f3mo los estudiantes de las escuelas p\u00fablicas iban a aplaudir a los de las escuelas privadas, c\u00f3mo los futboleros acompa\u00f1aban al hockey femenino\u2026 Y vi c\u00f3mo los mayores compet\u00edan con fuerzas y agallas. El compartir es la virtud de los Juegos Bonaerenses\u201d.<\/p>\n\n\n\n<p>Durante la apertura oficial, tambi\u00e9n se presentaron las copas que se entregar\u00e1n a los ganadores en la Final Provincial, que se disputar\u00e1 -como todos los a\u00f1os- en Mar del Plata. Previamente, las autoridades recorrieron el Complejo Cultural Municipal La Calle, donde hubo una exhibici\u00f3n de algunas disciplinas que forman parte de los Torneos.<\/p>\n\n\n\n<p>Los JJBB se llevan adelante en tres etapas: una instancia local, una regional e interregional (a desarrollarse entre el 4 de agosto y el 30 de septiembre) y la tradicional final, que tendr\u00e1 lugar en la ciudad de Mar del Plata, entre el 12 y el 17 de octubre.<\/p>\n\n\n\n<p>Por su parte, Larroque subray\u00f3: \u201cEstar en Berazategui siempre es un honor y una alegr\u00eda. Es una gesti\u00f3n ejemplar que se ve en estas instalaciones, pero que tambi\u00e9n se ve cuando uno recorre sus calles\u201d. Y agreg\u00f3: \u201cLos Juegos Bonaerenses son el evento deportivo y cultural m\u00e1s grande de la Argentina y me animo a decir de los m\u00e1s grandes de Latinoam\u00e9rica. La mayor garant\u00eda de que esto se pueda realizar es que hay un gobernador que se llama Axel Kicillof, que no entrega sus convicciones. Podr\u00eda haber achicado los Juegos, como pas\u00f3 a nivel nacional con los Evita, pero no. El Gobernador pone lo que hay que poner porque primero est\u00e1 el pueblo\u201d.<\/p>\n\n\n\n<figure class=\"wp-block-image size-large\"><img loading=\"lazy\" decoding=\"async\" width=\"1024\" height=\"683\" src=\"https:\/\/diarioprincipios.com\/wp-content\/uploads\/2025\/06\/KICILLOF-Y-MUSSI-INAUGURARON-LOS-JUEGOS-BONAERENSES-2025-EN-BERAZATEGUI-1-1024x683.jpg\" alt=\"\" class=\"wp-image-24901\" srcset=\"https:\/\/diarioprincipios.com\/wp-content\/uploads\/2025\/06\/KICILLOF-Y-MUSSI-INAUGURARON-LOS-JUEGOS-BONAERENSES-2025-EN-BERAZATEGUI-1-1024x683.jpg 1024w, https:\/\/diarioprincipios.com\/wp-content\/uploads\/2025\/06\/KICILLOF-Y-MUSSI-INAUGURARON-LOS-JUEGOS-BONAERENSES-2025-EN-BERAZATEGUI-1-300x200.jpg 300w, https:\/\/diarioprincipios.com\/wp-content\/uploads\/2025\/06\/KICILLOF-Y-MUSSI-INAUGURARON-LOS-JUEGOS-BONAERENSES-2025-EN-BERAZATEGUI-1-768x512.jpg 768w, https:\/\/diarioprincipios.com\/wp-content\/uploads\/2025\/06\/KICILLOF-Y-MUSSI-INAUGURARON-LOS-JUEGOS-BONAERENSES-2025-EN-BERAZATEGUI-1-1536x1024.jpg 1536w, https:\/\/diarioprincipios.com\/wp-content\/uploads\/2025\/06\/KICILLOF-Y-MUSSI-INAUGURARON-LOS-JUEGOS-BONAERENSES-2025-EN-BERAZATEGUI-1-600x400.jpg 600w, https:\/\/diarioprincipios.com\/wp-content\/uploads\/2025\/06\/KICILLOF-Y-MUSSI-INAUGURARON-LOS-JUEGOS-BONAERENSES-2025-EN-BERAZATEGUI-1.jpg 1920w\" sizes=\"auto, (max-width: 1024px) 100vw, 1024px\" \/><\/figure>\n\n\n\n<p>Durante el acto, se entregaron reconocimientos a las delegaciones de Lomas de Zamora, por su desempe\u00f1o deportivo en la \u00faltima edici\u00f3n; a los representantes de Tornquist, por los valores y el comportamiento en la etapa final; y a trabajadores y trabajadoras con largas trayectorias dentro del evento.<\/p>\n\n\n\n<p>En esta edici\u00f3n 2025, Berazategui cuenta con 13.290 inscriptos que ya participan de las m\u00e1s de 100 disciplinas deportivas y culturales en las categor\u00edas juveniles, personas con discapacidad y trasplantadas; y personas mayores.<\/p>\n\n\n\n<p>Los Juegos, que se realizan de manera ininterrumpida desde 1992, promueven el acceso a la actividad f\u00edsica y a la expresi\u00f3n cultural de la poblaci\u00f3n. A su vez, fomentan la identidad local y bonaerense en cada uno de los 135 municipios.<\/p>\n\n\n\n<p>Estuvieron presentes los intendentes de Berisso, Fabi\u00e1n Cagliardi; de Castelli, Francisco Echarren; de Carlos Tejedor, Mar\u00eda Celia Gianini; de Benito Ju\u00e1rez, Julio Marini; de Tornquist, Sergio Bordoni; de Almirante Brown, Mariano Cascallares; de Ensenada, Mario Secco; de Florencio Varela, Andr\u00e9s Watson; de Salto, Ricardo Alessandro; de Bol\u00edvar, Marcos Pisano; de General Alvarado, Sebasti\u00e1n Ianantuony; de Chacabuco, Dar\u00edo Gol\u00eda; de Mercedes, Juan Ustarroz; de Roque P\u00e9rez, Maximiliano Sciaini; y de Navarro, Facundo Diz. Adem\u00e1s, asistieron las subsecretarias provinciales de Turismo, Soledad Mart\u00ednez; y de Pol\u00edticas Sociales, Bernarda Meglia; y la secretaria de Desarrollo Social, Recreaci\u00f3n, Turismo y Deportes de la Municipalidad de Berazategui, Mar\u00eda Laura Lacava, junto a otros integrantes del Gabinete.<\/p>\n","protected":false},"excerpt":{"rendered":"<p>Los Torneos abarcan m\u00e1s de 100 disciplinas deportivas y culturales El gobernador de la provincia de Buenos Aires, Axel Kicillof; y el intendente de Berazategui, Juan Jos\u00e9 Mussi, encabezaron la apertura oficial de la 34\u00b0 edici\u00f3n de los Juegos Bonaerenses (JJBB), en un acto que se realiz\u00f3 en el Centro Municipal de Actividades Roberto De&#8230;<\/p>\n","protected":false},"author":2,"featured_media":24902,"comment_status":"open","ping_status":"open","sticky":false,"template":"","format":"standard","meta":{"footnotes":""},"categories":[3],"tags":[],"class_list":["post-24897","post","type-post","status-publish","format-standard","has-post-thumbnail","hentry","category-berazategui"],"featured_image_src":"https:\/\/diarioprincipios.com\/wp-content\/uploads\/2025\/06\/KICILLOF-Y-MUSSI-INAUGURARON-LOS-JUEGOS-BONAERENSES-2025-EN-BERAZATEGUI-3-1024x683.jpg","blog_images":{"medium":"https:\/\/diarioprincipios.com\/wp-content\/uploads\/2025\/06\/KICILLOF-Y-MUSSI-INAUGURARON-LOS-JUEGOS-BONAERENSES-2025-EN-BERAZATEGUI-3-300x200.jpg","large":"https:\/\/diarioprincipios.com\/wp-content\/uploads\/2025\/06\/KICILLOF-Y-MUSSI-INAUGURARON-LOS-JUEGOS-BONAERENSES-2025-EN-BERAZATEGUI-3-1024x683.jpg"},"ams_acf":[],"yoast_head":"<!-- This site is optimized with the Yoast SEO plugin v27.3 - https:\/\/yoast.com\/product\/yoast-seo-wordpress\/ -->\n<title>Kicillof y Mussi inauguraron los Juegos Bonaerenses 2025 - Principios<\/title>\n<meta name=\"robots\" content=\"index, follow, max-snippet:-1, max-image-preview:large, max-video-preview:-1\" \/>\n<link rel=\"canonical\" href=\"https:\/\/diarioprincipios.com\/index.php\/2025\/06\/30\/kicillof-y-mussi-inauguraron-los-juegos-bonaerenses-2025\/\" \/>\n<meta property=\"og:locale\" content=\"es_ES\" \/>\n<meta property=\"og:type\" content=\"article\" \/>\n<meta property=\"og:title\" content=\"Kicillof y Mussi inauguraron los Juegos Bonaerenses 2025 - Principios\" \/>\n<meta property=\"og:description\" content=\"Los Torneos abarcan m\u00e1s de 100 disciplinas deportivas y culturales El gobernador de la provincia de Buenos Aires, Axel Kicillof; y el intendente de Berazategui, Juan Jos\u00e9 Mussi, encabezaron la apertura oficial de la 34\u00b0 edici\u00f3n de los Juegos Bonaerenses (JJBB), en un acto que se realiz\u00f3 en el Centro Municipal de Actividades Roberto De...\" \/>\n<meta property=\"og:url\" content=\"https:\/\/diarioprincipios.com\/index.php\/2025\/06\/30\/kicillof-y-mussi-inauguraron-los-juegos-bonaerenses-2025\/\" \/>\n<meta property=\"og:site_name\" content=\"Principios\" \/>\n<meta property=\"article:published_time\" content=\"2025-06-30T23:26:59+00:00\" \/>\n<meta property=\"article:modified_time\" content=\"2025-06-30T23:27:00+00:00\" \/>\n<meta property=\"og:image\" content=\"https:\/\/diarioprincipios.com\/wp-content\/uploads\/2025\/06\/KICILLOF-Y-MUSSI-INAUGURARON-LOS-JUEGOS-BONAERENSES-2025-EN-BERAZATEGUI-3.jpg\" \/>\n\t<meta property=\"og:image:width\" content=\"1920\" \/>\n\t<meta property=\"og:image:height\" content=\"1280\" \/>\n\t<meta property=\"og:image:type\" content=\"image\/jpeg\" \/>\n<meta name=\"author\" content=\"Hern\u00e1n L\u00f3pez\" \/>\n<meta name=\"twitter:card\" content=\"summary_large_image\" \/>\n<meta name=\"twitter:label1\" content=\"Escrito por\" \/>\n\t<meta name=\"twitter:data1\" content=\"Hern\u00e1n L\u00f3pez\" \/>\n\t<meta name=\"twitter:label2\" content=\"Tiempo de lectura\" \/>\n\t<meta name=\"twitter:data2\" content=\"6 minutos\" \/>\n<script type=\"application\/ld+json\" class=\"yoast-schema-graph\">{\"@context\":\"https:\\\/\\\/schema.org\",\"@graph\":[{\"@type\":\"Article\",\"@id\":\"https:\\\/\\\/diarioprincipios.com\\\/index.php\\\/2025\\\/06\\\/30\\\/kicillof-y-mussi-inauguraron-los-juegos-bonaerenses-2025\\\/#article\",\"isPartOf\":{\"@id\":\"https:\\\/\\\/diarioprincipios.com\\\/index.php\\\/2025\\\/06\\\/30\\\/kicillof-y-mussi-inauguraron-los-juegos-bonaerenses-2025\\\/\"},\"author\":{\"name\":\"Hern\u00e1n L\u00f3pez\",\"@id\":\"https:\\\/\\\/diarioprincipios.com\\\/#\\\/schema\\\/person\\\/436d5a1fd41a5e250e23ff5a6a7cb080\"},\"headline\":\"Kicillof y Mussi inauguraron los Juegos Bonaerenses 2025\",\"datePublished\":\"2025-06-30T23:26:59+00:00\",\"dateModified\":\"2025-06-30T23:27:00+00:00\",\"mainEntityOfPage\":{\"@id\":\"https:\\\/\\\/diarioprincipios.com\\\/index.php\\\/2025\\\/06\\\/30\\\/kicillof-y-mussi-inauguraron-los-juegos-bonaerenses-2025\\\/\"},\"wordCount\":1128,\"commentCount\":0,\"publisher\":{\"@id\":\"https:\\\/\\\/diarioprincipios.com\\\/#organization\"},\"image\":{\"@id\":\"https:\\\/\\\/diarioprincipios.com\\\/index.php\\\/2025\\\/06\\\/30\\\/kicillof-y-mussi-inauguraron-los-juegos-bonaerenses-2025\\\/#primaryimage\"},\"thumbnailUrl\":\"https:\\\/\\\/diarioprincipios.com\\\/wp-content\\\/uploads\\\/2025\\\/06\\\/KICILLOF-Y-MUSSI-INAUGURARON-LOS-JUEGOS-BONAERENSES-2025-EN-BERAZATEGUI-3.jpg\",\"articleSection\":[\"Berazategui\"],\"inLanguage\":\"es\",\"potentialAction\":[{\"@type\":\"CommentAction\",\"name\":\"Comment\",\"target\":[\"https:\\\/\\\/diarioprincipios.com\\\/index.php\\\/2025\\\/06\\\/30\\\/kicillof-y-mussi-inauguraron-los-juegos-bonaerenses-2025\\\/#respond\"]}]},{\"@type\":\"WebPage\",\"@id\":\"https:\\\/\\\/diarioprincipios.com\\\/index.php\\\/2025\\\/06\\\/30\\\/kicillof-y-mussi-inauguraron-los-juegos-bonaerenses-2025\\\/\",\"url\":\"https:\\\/\\\/diarioprincipios.com\\\/index.php\\\/2025\\\/06\\\/30\\\/kicillof-y-mussi-inauguraron-los-juegos-bonaerenses-2025\\\/\",\"name\":\"Kicillof y Mussi inauguraron los Juegos Bonaerenses 2025 - Principios\",\"isPartOf\":{\"@id\":\"https:\\\/\\\/diarioprincipios.com\\\/#website\"},\"primaryImageOfPage\":{\"@id\":\"https:\\\/\\\/diarioprincipios.com\\\/index.php\\\/2025\\\/06\\\/30\\\/kicillof-y-mussi-inauguraron-los-juegos-bonaerenses-2025\\\/#primaryimage\"},\"image\":{\"@id\":\"https:\\\/\\\/diarioprincipios.com\\\/index.php\\\/2025\\\/06\\\/30\\\/kicillof-y-mussi-inauguraron-los-juegos-bonaerenses-2025\\\/#primaryimage\"},\"thumbnailUrl\":\"https:\\\/\\\/diarioprincipios.com\\\/wp-content\\\/uploads\\\/2025\\\/06\\\/KICILLOF-Y-MUSSI-INAUGURARON-LOS-JUEGOS-BONAERENSES-2025-EN-BERAZATEGUI-3.jpg\",\"datePublished\":\"2025-06-30T23:26:59+00:00\",\"dateModified\":\"2025-06-30T23:27:00+00:00\",\"breadcrumb\":{\"@id\":\"https:\\\/\\\/diarioprincipios.com\\\/index.php\\\/2025\\\/06\\\/30\\\/kicillof-y-mussi-inauguraron-los-juegos-bonaerenses-2025\\\/#breadcrumb\"},\"inLanguage\":\"es\",\"potentialAction\":[{\"@type\":\"ReadAction\",\"target\":[\"https:\\\/\\\/diarioprincipios.com\\\/index.php\\\/2025\\\/06\\\/30\\\/kicillof-y-mussi-inauguraron-los-juegos-bonaerenses-2025\\\/\"]}]},{\"@type\":\"ImageObject\",\"inLanguage\":\"es\",\"@id\":\"https:\\\/\\\/diarioprincipios.com\\\/index.php\\\/2025\\\/06\\\/30\\\/kicillof-y-mussi-inauguraron-los-juegos-bonaerenses-2025\\\/#primaryimage\",\"url\":\"https:\\\/\\\/diarioprincipios.com\\\/wp-content\\\/uploads\\\/2025\\\/06\\\/KICILLOF-Y-MUSSI-INAUGURARON-LOS-JUEGOS-BONAERENSES-2025-EN-BERAZATEGUI-3.jpg\",\"contentUrl\":\"https:\\\/\\\/diarioprincipios.com\\\/wp-content\\\/uploads\\\/2025\\\/06\\\/KICILLOF-Y-MUSSI-INAUGURARON-LOS-JUEGOS-BONAERENSES-2025-EN-BERAZATEGUI-3.jpg\",\"width\":1920,\"height\":1280},{\"@type\":\"BreadcrumbList\",\"@id\":\"https:\\\/\\\/diarioprincipios.com\\\/index.php\\\/2025\\\/06\\\/30\\\/kicillof-y-mussi-inauguraron-los-juegos-bonaerenses-2025\\\/#breadcrumb\",\"itemListElement\":[{\"@type\":\"ListItem\",\"position\":1,\"name\":\"Portada\",\"item\":\"https:\\\/\\\/diarioprincipios.com\\\/\"},{\"@type\":\"ListItem\",\"position\":2,\"name\":\"Kicillof y Mussi inauguraron los Juegos Bonaerenses 2025\"}]},{\"@type\":\"WebSite\",\"@id\":\"https:\\\/\\\/diarioprincipios.com\\\/#website\",\"url\":\"https:\\\/\\\/diarioprincipios.com\\\/\",\"name\":\"Principios\",\"description\":\"Principios Diario\",\"publisher\":{\"@id\":\"https:\\\/\\\/diarioprincipios.com\\\/#organization\"},\"potentialAction\":[{\"@type\":\"SearchAction\",\"target\":{\"@type\":\"EntryPoint\",\"urlTemplate\":\"https:\\\/\\\/diarioprincipios.com\\\/?s={search_term_string}\"},\"query-input\":{\"@type\":\"PropertyValueSpecification\",\"valueRequired\":true,\"valueName\":\"search_term_string\"}}],\"inLanguage\":\"es\"},{\"@type\":\"Organization\",\"@id\":\"https:\\\/\\\/diarioprincipios.com\\\/#organization\",\"name\":\"Principios\",\"url\":\"https:\\\/\\\/diarioprincipios.com\\\/\",\"logo\":{\"@type\":\"ImageObject\",\"inLanguage\":\"es\",\"@id\":\"https:\\\/\\\/diarioprincipios.com\\\/#\\\/schema\\\/logo\\\/image\\\/\",\"url\":\"https:\\\/\\\/diarioprincipios.com\\\/wp-content\\\/uploads\\\/2024\\\/04\\\/cropped-www.diarioprincipios.com_-1.png\",\"contentUrl\":\"https:\\\/\\\/diarioprincipios.com\\\/wp-content\\\/uploads\\\/2024\\\/04\\\/cropped-www.diarioprincipios.com_-1.png\",\"width\":5325,\"height\":1454,\"caption\":\"Principios\"},\"image\":{\"@id\":\"https:\\\/\\\/diarioprincipios.com\\\/#\\\/schema\\\/logo\\\/image\\\/\"}},{\"@type\":\"Person\",\"@id\":\"https:\\\/\\\/diarioprincipios.com\\\/#\\\/schema\\\/person\\\/436d5a1fd41a5e250e23ff5a6a7cb080\",\"name\":\"Hern\u00e1n L\u00f3pez\",\"image\":{\"@type\":\"ImageObject\",\"inLanguage\":\"es\",\"@id\":\"https:\\\/\\\/diarioprincipios.com\\\/wp-content\\\/litespeed\\\/avatar\\\/11ddfe5610ff3bd100522525b2571f48.jpg?ver=1777048341\",\"url\":\"https:\\\/\\\/diarioprincipios.com\\\/wp-content\\\/litespeed\\\/avatar\\\/11ddfe5610ff3bd100522525b2571f48.jpg?ver=1777048341\",\"contentUrl\":\"https:\\\/\\\/diarioprincipios.com\\\/wp-content\\\/litespeed\\\/avatar\\\/11ddfe5610ff3bd100522525b2571f48.jpg?ver=1777048341\",\"caption\":\"Hern\u00e1n L\u00f3pez\"},\"url\":\"https:\\\/\\\/diarioprincipios.com\\\/index.php\\\/author\\\/hernan\\\/\"}]}<\/script>\n<!-- \/ Yoast SEO plugin. -->","yoast_head_json":{"title":"Kicillof y Mussi inauguraron los Juegos Bonaerenses 2025 - Principios","robots":{"index":"index","follow":"follow","max-snippet":"max-snippet:-1","max-image-preview":"max-image-preview:large","max-video-preview":"max-video-preview:-1"},"canonical":"https:\/\/diarioprincipios.com\/index.php\/2025\/06\/30\/kicillof-y-mussi-inauguraron-los-juegos-bonaerenses-2025\/","og_locale":"es_ES","og_type":"article","og_title":"Kicillof y Mussi inauguraron los Juegos Bonaerenses 2025 - Principios","og_description":"Los Torneos abarcan m\u00e1s de 100 disciplinas deportivas y culturales El gobernador de la provincia de Buenos Aires, Axel Kicillof; y el intendente de Berazategui, Juan Jos\u00e9 Mussi, encabezaron la apertura oficial de la 34\u00b0 edici\u00f3n de los Juegos Bonaerenses (JJBB), en un acto que se realiz\u00f3 en el Centro Municipal de Actividades Roberto De...","og_url":"https:\/\/diarioprincipios.com\/index.php\/2025\/06\/30\/kicillof-y-mussi-inauguraron-los-juegos-bonaerenses-2025\/","og_site_name":"Principios","article_published_time":"2025-06-30T23:26:59+00:00","article_modified_time":"2025-06-30T23:27:00+00:00","og_image":[{"width":1920,"height":1280,"url":"https:\/\/diarioprincipios.com\/wp-content\/uploads\/2025\/06\/KICILLOF-Y-MUSSI-INAUGURARON-LOS-JUEGOS-BONAERENSES-2025-EN-BERAZATEGUI-3.jpg","type":"image\/jpeg"}],"author":"Hern\u00e1n L\u00f3pez","twitter_card":"summary_large_image","twitter_misc":{"Escrito por":"Hern\u00e1n L\u00f3pez","Tiempo de lectura":"6 minutos"},"schema":{"@context":"https:\/\/schema.org","@graph":[{"@type":"Article","@id":"https:\/\/diarioprincipios.com\/index.php\/2025\/06\/30\/kicillof-y-mussi-inauguraron-los-juegos-bonaerenses-2025\/#article","isPartOf":{"@id":"https:\/\/diarioprincipios.com\/index.php\/2025\/06\/30\/kicillof-y-mussi-inauguraron-los-juegos-bonaerenses-2025\/"},"author":{"name":"Hern\u00e1n L\u00f3pez","@id":"https:\/\/diarioprincipios.com\/#\/schema\/person\/436d5a1fd41a5e250e23ff5a6a7cb080"},"headline":"Kicillof y Mussi inauguraron los Juegos Bonaerenses 2025","datePublished":"2025-06-30T23:26:59+00:00","dateModified":"2025-06-30T23:27:00+00:00","mainEntityOfPage":{"@id":"https:\/\/diarioprincipios.com\/index.php\/2025\/06\/30\/kicillof-y-mussi-inauguraron-los-juegos-bonaerenses-2025\/"},"wordCount":1128,"commentCount":0,"publisher":{"@id":"https:\/\/diarioprincipios.com\/#organization"},"image":{"@id":"https:\/\/diarioprincipios.com\/index.php\/2025\/06\/30\/kicillof-y-mussi-inauguraron-los-juegos-bonaerenses-2025\/#primaryimage"},"thumbnailUrl":"https:\/\/diarioprincipios.com\/wp-content\/uploads\/2025\/06\/KICILLOF-Y-MUSSI-INAUGURARON-LOS-JUEGOS-BONAERENSES-2025-EN-BERAZATEGUI-3.jpg","articleSection":["Berazategui"],"inLanguage":"es","potentialAction":[{"@type":"CommentAction","name":"Comment","target":["https:\/\/diarioprincipios.com\/index.php\/2025\/06\/30\/kicillof-y-mussi-inauguraron-los-juegos-bonaerenses-2025\/#respond"]}]},{"@type":"WebPage","@id":"https:\/\/diarioprincipios.com\/index.php\/2025\/06\/30\/kicillof-y-mussi-inauguraron-los-juegos-bonaerenses-2025\/","url":"https:\/\/diarioprincipios.com\/index.php\/2025\/06\/30\/kicillof-y-mussi-inauguraron-los-juegos-bonaerenses-2025\/","name":"Kicillof y Mussi inauguraron los Juegos Bonaerenses 2025 - Principios","isPartOf":{"@id":"https:\/\/diarioprincipios.com\/#website"},"primaryImageOfPage":{"@id":"https:\/\/diarioprincipios.com\/index.php\/2025\/06\/30\/kicillof-y-mussi-inauguraron-los-juegos-bonaerenses-2025\/#primaryimage"},"image":{"@id":"https:\/\/diarioprincipios.com\/index.php\/2025\/06\/30\/kicillof-y-mussi-inauguraron-los-juegos-bonaerenses-2025\/#primaryimage"},"thumbnailUrl":"https:\/\/diarioprincipios.com\/wp-content\/uploads\/2025\/06\/KICILLOF-Y-MUSSI-INAUGURARON-LOS-JUEGOS-BONAERENSES-2025-EN-BERAZATEGUI-3.jpg","datePublished":"2025-06-30T23:26:59+00:00","dateModified":"2025-06-30T23:27:00+00:00","breadcrumb":{"@id":"https:\/\/diarioprincipios.com\/index.php\/2025\/06\/30\/kicillof-y-mussi-inauguraron-los-juegos-bonaerenses-2025\/#breadcrumb"},"inLanguage":"es","potentialAction":[{"@type":"ReadAction","target":["https:\/\/diarioprincipios.com\/index.php\/2025\/06\/30\/kicillof-y-mussi-inauguraron-los-juegos-bonaerenses-2025\/"]}]},{"@type":"ImageObject","inLanguage":"es","@id":"https:\/\/diarioprincipios.com\/index.php\/2025\/06\/30\/kicillof-y-mussi-inauguraron-los-juegos-bonaerenses-2025\/#primaryimage","url":"https:\/\/diarioprincipios.com\/wp-content\/uploads\/2025\/06\/KICILLOF-Y-MUSSI-INAUGURARON-LOS-JUEGOS-BONAERENSES-2025-EN-BERAZATEGUI-3.jpg","contentUrl":"https:\/\/diarioprincipios.com\/wp-content\/uploads\/2025\/06\/KICILLOF-Y-MUSSI-INAUGURARON-LOS-JUEGOS-BONAERENSES-2025-EN-BERAZATEGUI-3.jpg","width":1920,"height":1280},{"@type":"BreadcrumbList","@id":"https:\/\/diarioprincipios.com\/index.php\/2025\/06\/30\/kicillof-y-mussi-inauguraron-los-juegos-bonaerenses-2025\/#breadcrumb","itemListElement":[{"@type":"ListItem","position":1,"name":"Portada","item":"https:\/\/diarioprincipios.com\/"},{"@type":"ListItem","position":2,"name":"Kicillof y Mussi inauguraron los Juegos Bonaerenses 2025"}]},{"@type":"WebSite","@id":"https:\/\/diarioprincipios.com\/#website","url":"https:\/\/diarioprincipios.com\/","name":"Principios","description":"Principios Diario","publisher":{"@id":"https:\/\/diarioprincipios.com\/#organization"},"potentialAction":[{"@type":"SearchAction","target":{"@type":"EntryPoint","urlTemplate":"https:\/\/diarioprincipios.com\/?s={search_term_string}"},"query-input":{"@type":"PropertyValueSpecification","valueRequired":true,"valueName":"search_term_string"}}],"inLanguage":"es"},{"@type":"Organization","@id":"https:\/\/diarioprincipios.com\/#organization","name":"Principios","url":"https:\/\/diarioprincipios.com\/","logo":{"@type":"ImageObject","inLanguage":"es","@id":"https:\/\/diarioprincipios.com\/#\/schema\/logo\/image\/","url":"https:\/\/diarioprincipios.com\/wp-content\/uploads\/2024\/04\/cropped-www.diarioprincipios.com_-1.png","contentUrl":"https:\/\/diarioprincipios.com\/wp-content\/uploads\/2024\/04\/cropped-www.diarioprincipios.com_-1.png","width":5325,"height":1454,"caption":"Principios"},"image":{"@id":"https:\/\/diarioprincipios.com\/#\/schema\/logo\/image\/"}},{"@type":"Person","@id":"https:\/\/diarioprincipios.com\/#\/schema\/person\/436d5a1fd41a5e250e23ff5a6a7cb080","name":"Hern\u00e1n L\u00f3pez","image":{"@type":"ImageObject","inLanguage":"es","@id":"https:\/\/diarioprincipios.com\/wp-content\/litespeed\/avatar\/11ddfe5610ff3bd100522525b2571f48.jpg?ver=1777048341","url":"https:\/\/diarioprincipios.com\/wp-content\/litespeed\/avatar\/11ddfe5610ff3bd100522525b2571f48.jpg?ver=1777048341","contentUrl":"https:\/\/diarioprincipios.com\/wp-content\/litespeed\/avatar\/11ddfe5610ff3bd100522525b2571f48.jpg?ver=1777048341","caption":"Hern\u00e1n L\u00f3pez"},"url":"https:\/\/diarioprincipios.com\/index.php\/author\/hernan\/"}]}},"jetpack_featured_media_url":"https:\/\/diarioprincipios.com\/wp-content\/uploads\/2025\/06\/KICILLOF-Y-MUSSI-INAUGURARON-LOS-JUEGOS-BONAERENSES-2025-EN-BERAZATEGUI-3.jpg","_links":{"self":[{"href":"https:\/\/diarioprincipios.com\/index.php\/wp-json\/wp\/v2\/posts\/24897","targetHints":{"allow":["GET"]}}],"collection":[{"href":"https:\/\/diarioprincipios.com\/index.php\/wp-json\/wp\/v2\/posts"}],"about":[{"href":"https:\/\/diarioprincipios.com\/index.php\/wp-json\/wp\/v2\/types\/post"}],"author":[{"embeddable":true,"href":"https:\/\/diarioprincipios.com\/index.php\/wp-json\/wp\/v2\/users\/2"}],"replies":[{"embeddable":true,"href":"https:\/\/diarioprincipios.com\/index.php\/wp-json\/wp\/v2\/comments?post=24897"}],"version-history":[{"count":1,"href":"https:\/\/diarioprincipios.com\/index.php\/wp-json\/wp\/v2\/posts\/24897\/revisions"}],"predecessor-version":[{"id":24903,"href":"https:\/\/diarioprincipios.com\/index.php\/wp-json\/wp\/v2\/posts\/24897\/revisions\/24903"}],"wp:featuredmedia":[{"embeddable":true,"href":"https:\/\/diarioprincipios.com\/index.php\/wp-json\/wp\/v2\/media\/24902"}],"wp:attachment":[{"href":"https:\/\/diarioprincipios.com\/index.php\/wp-json\/wp\/v2\/media?parent=24897"}],"wp:term":[{"taxonomy":"category","embeddable":true,"href":"https:\/\/diarioprincipios.com\/index.php\/wp-json\/wp\/v2\/categories?post=24897"},{"taxonomy":"post_tag","embeddable":true,"href":"https:\/\/diarioprincipios.com\/index.php\/wp-json\/wp\/v2\/tags?post=24897"}],"curies":[{"name":"wp","href":"https:\/\/api.w.org\/{rel}","templated":true}]}}