{"id":24893,"date":"2025-06-30T16:43:18","date_gmt":"2025-06-30T19:43:18","guid":{"rendered":"https:\/\/diarioprincipios.com\/?p=24893"},"modified":"2025-06-30T16:43:18","modified_gmt":"2025-06-30T19:43:18","slug":"la-upa-de-hudson-celebro-10-anos","status":"publish","type":"post","link":"https:\/\/diarioprincipios.com\/index.php\/2025\/06\/30\/la-upa-de-hudson-celebro-10-anos\/","title":{"rendered":"La UPA de Hudson celebr\u00f3 10 a\u00f1os"},"content":{"rendered":"\n<p>En un c\u00e1lido encuentro, Berazategui celebr\u00f3 los diez a\u00f1os de la Unidad de Pronta Atenci\u00f3n (UPA) 10, en la localidad de Hudson. El festej\u00f3 incluy\u00f3 una jornada de salud abierta a los vecinos y vecinas, adem\u00e1s de la inauguraci\u00f3n de una Sala de espera para pacientes pedi\u00e1tricos con TEA. All\u00ed estuvieron el director provincial de Hospitales, Juan Sebasti\u00e1n Riera; el secretario de Salud P\u00fablica e Higiene municipal, Dr. Pablo Costa; y la directora de la UPA 10, Valeria Criquet.<\/p>\n\n\n\n<p>En ese marco, el Dr. Pablo Costa -quien fue el primer Director de la UPA 10- indic\u00f3: \u201cEl Gobierno provincial -mediante el Ministro de Salud, Nicol\u00e1s Kreplak y autoridades de la UPA- nos fortalece con esta articulaci\u00f3n permanente. El gobernador Axel Kicillof siempre est\u00e1 muy atento a la salud p\u00fablica y se lo agradecemos much\u00edsimo. El apoyo de nuestro intendente. Dr. Juan Jos\u00e9 Mussi, quien siempre nos pide seguir fortaleciendo la salud p\u00fablica, hace que esta UPA siga teniendo la impronta que tuvo desde el principio\u201d. Y se\u00f1al\u00f3: \u201cEsta es una dependencia del Hospital Evita Pueblo; por lo tanto, hay un trabajo conjunto permanente que hace que demos la mejor salud posible, p\u00fablica, gratuita y de calidad para nuestros vecinos y vecinas\u201d.<\/p>\n\n\n\n<figure class=\"wp-block-image size-large\"><img loading=\"lazy\" decoding=\"async\" width=\"1024\" height=\"683\" src=\"https:\/\/diarioprincipios.com\/wp-content\/uploads\/2025\/06\/LA-UPA-10-DE-BERAZATEGUI-CELEBRO-SU-10\u00b0-ANIVERSARIO-JUNTO-A-LA-COMUNIDAD-3-1024x683.jpg\" alt=\"\" class=\"wp-image-24894\" srcset=\"https:\/\/diarioprincipios.com\/wp-content\/uploads\/2025\/06\/LA-UPA-10-DE-BERAZATEGUI-CELEBRO-SU-10\u00b0-ANIVERSARIO-JUNTO-A-LA-COMUNIDAD-3-1024x683.jpg 1024w, https:\/\/diarioprincipios.com\/wp-content\/uploads\/2025\/06\/LA-UPA-10-DE-BERAZATEGUI-CELEBRO-SU-10\u00b0-ANIVERSARIO-JUNTO-A-LA-COMUNIDAD-3-300x200.jpg 300w, https:\/\/diarioprincipios.com\/wp-content\/uploads\/2025\/06\/LA-UPA-10-DE-BERAZATEGUI-CELEBRO-SU-10\u00b0-ANIVERSARIO-JUNTO-A-LA-COMUNIDAD-3-768x512.jpg 768w, https:\/\/diarioprincipios.com\/wp-content\/uploads\/2025\/06\/LA-UPA-10-DE-BERAZATEGUI-CELEBRO-SU-10\u00b0-ANIVERSARIO-JUNTO-A-LA-COMUNIDAD-3-1536x1024.jpg 1536w, https:\/\/diarioprincipios.com\/wp-content\/uploads\/2025\/06\/LA-UPA-10-DE-BERAZATEGUI-CELEBRO-SU-10\u00b0-ANIVERSARIO-JUNTO-A-LA-COMUNIDAD-3-600x400.jpg 600w, https:\/\/diarioprincipios.com\/wp-content\/uploads\/2025\/06\/LA-UPA-10-DE-BERAZATEGUI-CELEBRO-SU-10\u00b0-ANIVERSARIO-JUNTO-A-LA-COMUNIDAD-3.jpg 1920w\" sizes=\"auto, (max-width: 1024px) 100vw, 1024px\" \/><\/figure>\n\n\n\n<p>Por su parte, Riera expres\u00f3: \u201cNos encontramos con los trabajadores de la salud para conmemorar los diez a\u00f1os de la UPA, una instituci\u00f3n que dio respuesta a Berazategui y que, al estar en la red de instituciones de la provincia de Buenos Aires, nos permiti\u00f3 garantizar la atenci\u00f3n de todos y todas. Se trata de un trabajo de articulaci\u00f3n con los CAPS -que trabajan muy bien en Berazategui-, las instituciones intermedias y el Hospital Interzonal Evita Pueblo\u201d.<\/p>\n\n\n\n<p>Tras un reconocimiento al personal de salud que brind\u00f3 atenci\u00f3n en la UPA desde sus inicios, Valeria Criquet coment\u00f3: \u201cHoy festejamos con una jornada de salud donde medimos la presi\u00f3n arterial, la glucemia y el peso corporal, compartimos viandas saludables y cantamos el feliz cumplea\u00f1os. Adem\u00e1s, inauguramos un espacio para la espera del paciente pedi\u00e1trico, pensado para ni\u00f1os con TEA, quienes necesitan un espacio de mayor contenci\u00f3n. El acompa\u00f1amiento del Municipio y de la Provincia es muy importante para la UPA, que inici\u00f3 su camino como una Unidad de Pronta Atenci\u00f3n, pero que en los \u00faltimos a\u00f1os tuvo una transformaci\u00f3n: sum\u00f3 un espacio destinado al paciente cr\u00f3nico, al control pedi\u00e1trico y a la salud sexual integral. Son diez a\u00f1os de crecimiento al lado de la salud p\u00fablica y de la comunidad\u201d.<\/p>\n\n\n\n<p>Participaron del festejo, adem\u00e1s, la directora del Hospital Evita Pueblo de Berazategui, Gabriela Zeoli; el coordinador provincial de UPAs y Hospitales Modulares, Dr. Facundo Maidana; autoridades y agentes de salud provinciales y municipales, vecinos y vecinas.<\/p>\n","protected":false},"excerpt":{"rendered":"<p>En un c\u00e1lido encuentro, Berazategui celebr\u00f3 los diez a\u00f1os de la Unidad de Pronta Atenci\u00f3n (UPA) 10, en la localidad de Hudson. El festej\u00f3 incluy\u00f3 una jornada de salud abierta a los vecinos y vecinas, adem\u00e1s de la inauguraci\u00f3n de una Sala de espera para pacientes pedi\u00e1tricos con TEA. All\u00ed estuvieron el director provincial de&#8230;<\/p>\n","protected":false},"author":2,"featured_media":24895,"comment_status":"open","ping_status":"open","sticky":false,"template":"","format":"standard","meta":{"footnotes":""},"categories":[3,20],"tags":[],"class_list":["post-24893","post","type-post","status-publish","format-standard","has-post-thumbnail","hentry","category-berazategui","category-salud-ambiente"],"featured_image_src":"https:\/\/diarioprincipios.com\/wp-content\/uploads\/2025\/06\/LA-UPA-10-DE-BERAZATEGUI-CELEBRO-SU-10\u00b0-ANIVERSARIO-JUNTO-A-LA-COMUNIDAD-1-1024x683.jpg","blog_images":{"medium":"https:\/\/diarioprincipios.com\/wp-content\/uploads\/2025\/06\/LA-UPA-10-DE-BERAZATEGUI-CELEBRO-SU-10\u00b0-ANIVERSARIO-JUNTO-A-LA-COMUNIDAD-1-300x200.jpg","large":"https:\/\/diarioprincipios.com\/wp-content\/uploads\/2025\/06\/LA-UPA-10-DE-BERAZATEGUI-CELEBRO-SU-10\u00b0-ANIVERSARIO-JUNTO-A-LA-COMUNIDAD-1-1024x683.jpg"},"ams_acf":[],"yoast_head":"<!-- This site is optimized with the Yoast SEO plugin v27.3 - https:\/\/yoast.com\/product\/yoast-seo-wordpress\/ -->\n<title>La UPA de Hudson celebr\u00f3 10 a\u00f1os - Principios<\/title>\n<meta name=\"robots\" content=\"index, follow, max-snippet:-1, max-image-preview:large, max-video-preview:-1\" \/>\n<link rel=\"canonical\" href=\"https:\/\/diarioprincipios.com\/index.php\/2025\/06\/30\/la-upa-de-hudson-celebro-10-anos\/\" \/>\n<meta property=\"og:locale\" content=\"es_ES\" \/>\n<meta property=\"og:type\" content=\"article\" \/>\n<meta property=\"og:title\" content=\"La UPA de Hudson celebr\u00f3 10 a\u00f1os - Principios\" \/>\n<meta property=\"og:description\" content=\"En un c\u00e1lido encuentro, Berazategui celebr\u00f3 los diez a\u00f1os de la Unidad de Pronta Atenci\u00f3n (UPA) 10, en la localidad de Hudson. El festej\u00f3 incluy\u00f3 una jornada de salud abierta a los vecinos y vecinas, adem\u00e1s de la inauguraci\u00f3n de una Sala de espera para pacientes pedi\u00e1tricos con TEA. All\u00ed estuvieron el director provincial de...\" \/>\n<meta property=\"og:url\" content=\"https:\/\/diarioprincipios.com\/index.php\/2025\/06\/30\/la-upa-de-hudson-celebro-10-anos\/\" \/>\n<meta property=\"og:site_name\" content=\"Principios\" \/>\n<meta property=\"article:published_time\" content=\"2025-06-30T19:43:18+00:00\" \/>\n<meta property=\"og:image\" content=\"https:\/\/diarioprincipios.com\/wp-content\/uploads\/2025\/06\/LA-UPA-10-DE-BERAZATEGUI-CELEBRO-SU-10\u00b0-ANIVERSARIO-JUNTO-A-LA-COMUNIDAD-1.jpg\" \/>\n\t<meta property=\"og:image:width\" content=\"1920\" \/>\n\t<meta property=\"og:image:height\" content=\"1280\" \/>\n\t<meta property=\"og:image:type\" content=\"image\/jpeg\" \/>\n<meta name=\"author\" content=\"Hern\u00e1n L\u00f3pez\" \/>\n<meta name=\"twitter:card\" content=\"summary_large_image\" \/>\n<meta name=\"twitter:label1\" content=\"Escrito por\" \/>\n\t<meta name=\"twitter:data1\" content=\"Hern\u00e1n L\u00f3pez\" \/>\n\t<meta name=\"twitter:label2\" content=\"Tiempo de lectura\" \/>\n\t<meta name=\"twitter:data2\" content=\"3 minutos\" \/>\n<script type=\"application\/ld+json\" class=\"yoast-schema-graph\">{\"@context\":\"https:\\\/\\\/schema.org\",\"@graph\":[{\"@type\":\"Article\",\"@id\":\"https:\\\/\\\/diarioprincipios.com\\\/index.php\\\/2025\\\/06\\\/30\\\/la-upa-de-hudson-celebro-10-anos\\\/#article\",\"isPartOf\":{\"@id\":\"https:\\\/\\\/diarioprincipios.com\\\/index.php\\\/2025\\\/06\\\/30\\\/la-upa-de-hudson-celebro-10-anos\\\/\"},\"author\":{\"name\":\"Hern\u00e1n L\u00f3pez\",\"@id\":\"https:\\\/\\\/diarioprincipios.com\\\/#\\\/schema\\\/person\\\/436d5a1fd41a5e250e23ff5a6a7cb080\"},\"headline\":\"La UPA de Hudson celebr\u00f3 10 a\u00f1os\",\"datePublished\":\"2025-06-30T19:43:18+00:00\",\"mainEntityOfPage\":{\"@id\":\"https:\\\/\\\/diarioprincipios.com\\\/index.php\\\/2025\\\/06\\\/30\\\/la-upa-de-hudson-celebro-10-anos\\\/\"},\"wordCount\":485,\"commentCount\":0,\"publisher\":{\"@id\":\"https:\\\/\\\/diarioprincipios.com\\\/#organization\"},\"image\":{\"@id\":\"https:\\\/\\\/diarioprincipios.com\\\/index.php\\\/2025\\\/06\\\/30\\\/la-upa-de-hudson-celebro-10-anos\\\/#primaryimage\"},\"thumbnailUrl\":\"https:\\\/\\\/diarioprincipios.com\\\/wp-content\\\/uploads\\\/2025\\\/06\\\/LA-UPA-10-DE-BERAZATEGUI-CELEBRO-SU-10\u00b0-ANIVERSARIO-JUNTO-A-LA-COMUNIDAD-1.jpg\",\"articleSection\":[\"Berazategui\",\"Salud y Ambiente\"],\"inLanguage\":\"es\",\"potentialAction\":[{\"@type\":\"CommentAction\",\"name\":\"Comment\",\"target\":[\"https:\\\/\\\/diarioprincipios.com\\\/index.php\\\/2025\\\/06\\\/30\\\/la-upa-de-hudson-celebro-10-anos\\\/#respond\"]}]},{\"@type\":\"WebPage\",\"@id\":\"https:\\\/\\\/diarioprincipios.com\\\/index.php\\\/2025\\\/06\\\/30\\\/la-upa-de-hudson-celebro-10-anos\\\/\",\"url\":\"https:\\\/\\\/diarioprincipios.com\\\/index.php\\\/2025\\\/06\\\/30\\\/la-upa-de-hudson-celebro-10-anos\\\/\",\"name\":\"La UPA de Hudson celebr\u00f3 10 a\u00f1os - Principios\",\"isPartOf\":{\"@id\":\"https:\\\/\\\/diarioprincipios.com\\\/#website\"},\"primaryImageOfPage\":{\"@id\":\"https:\\\/\\\/diarioprincipios.com\\\/index.php\\\/2025\\\/06\\\/30\\\/la-upa-de-hudson-celebro-10-anos\\\/#primaryimage\"},\"image\":{\"@id\":\"https:\\\/\\\/diarioprincipios.com\\\/index.php\\\/2025\\\/06\\\/30\\\/la-upa-de-hudson-celebro-10-anos\\\/#primaryimage\"},\"thumbnailUrl\":\"https:\\\/\\\/diarioprincipios.com\\\/wp-content\\\/uploads\\\/2025\\\/06\\\/LA-UPA-10-DE-BERAZATEGUI-CELEBRO-SU-10\u00b0-ANIVERSARIO-JUNTO-A-LA-COMUNIDAD-1.jpg\",\"datePublished\":\"2025-06-30T19:43:18+00:00\",\"breadcrumb\":{\"@id\":\"https:\\\/\\\/diarioprincipios.com\\\/index.php\\\/2025\\\/06\\\/30\\\/la-upa-de-hudson-celebro-10-anos\\\/#breadcrumb\"},\"inLanguage\":\"es\",\"potentialAction\":[{\"@type\":\"ReadAction\",\"target\":[\"https:\\\/\\\/diarioprincipios.com\\\/index.php\\\/2025\\\/06\\\/30\\\/la-upa-de-hudson-celebro-10-anos\\\/\"]}]},{\"@type\":\"ImageObject\",\"inLanguage\":\"es\",\"@id\":\"https:\\\/\\\/diarioprincipios.com\\\/index.php\\\/2025\\\/06\\\/30\\\/la-upa-de-hudson-celebro-10-anos\\\/#primaryimage\",\"url\":\"https:\\\/\\\/diarioprincipios.com\\\/wp-content\\\/uploads\\\/2025\\\/06\\\/LA-UPA-10-DE-BERAZATEGUI-CELEBRO-SU-10\u00b0-ANIVERSARIO-JUNTO-A-LA-COMUNIDAD-1.jpg\",\"contentUrl\":\"https:\\\/\\\/diarioprincipios.com\\\/wp-content\\\/uploads\\\/2025\\\/06\\\/LA-UPA-10-DE-BERAZATEGUI-CELEBRO-SU-10\u00b0-ANIVERSARIO-JUNTO-A-LA-COMUNIDAD-1.jpg\",\"width\":1920,\"height\":1280},{\"@type\":\"BreadcrumbList\",\"@id\":\"https:\\\/\\\/diarioprincipios.com\\\/index.php\\\/2025\\\/06\\\/30\\\/la-upa-de-hudson-celebro-10-anos\\\/#breadcrumb\",\"itemListElement\":[{\"@type\":\"ListItem\",\"position\":1,\"name\":\"Portada\",\"item\":\"https:\\\/\\\/diarioprincipios.com\\\/\"},{\"@type\":\"ListItem\",\"position\":2,\"name\":\"La UPA de Hudson celebr\u00f3 10 a\u00f1os\"}]},{\"@type\":\"WebSite\",\"@id\":\"https:\\\/\\\/diarioprincipios.com\\\/#website\",\"url\":\"https:\\\/\\\/diarioprincipios.com\\\/\",\"name\":\"Principios\",\"description\":\"Principios Diario\",\"publisher\":{\"@id\":\"https:\\\/\\\/diarioprincipios.com\\\/#organization\"},\"potentialAction\":[{\"@type\":\"SearchAction\",\"target\":{\"@type\":\"EntryPoint\",\"urlTemplate\":\"https:\\\/\\\/diarioprincipios.com\\\/?s={search_term_string}\"},\"query-input\":{\"@type\":\"PropertyValueSpecification\",\"valueRequired\":true,\"valueName\":\"search_term_string\"}}],\"inLanguage\":\"es\"},{\"@type\":\"Organization\",\"@id\":\"https:\\\/\\\/diarioprincipios.com\\\/#organization\",\"name\":\"Principios\",\"url\":\"https:\\\/\\\/diarioprincipios.com\\\/\",\"logo\":{\"@type\":\"ImageObject\",\"inLanguage\":\"es\",\"@id\":\"https:\\\/\\\/diarioprincipios.com\\\/#\\\/schema\\\/logo\\\/image\\\/\",\"url\":\"https:\\\/\\\/diarioprincipios.com\\\/wp-content\\\/uploads\\\/2024\\\/04\\\/cropped-www.diarioprincipios.com_-1.png\",\"contentUrl\":\"https:\\\/\\\/diarioprincipios.com\\\/wp-content\\\/uploads\\\/2024\\\/04\\\/cropped-www.diarioprincipios.com_-1.png\",\"width\":5325,\"height\":1454,\"caption\":\"Principios\"},\"image\":{\"@id\":\"https:\\\/\\\/diarioprincipios.com\\\/#\\\/schema\\\/logo\\\/image\\\/\"}},{\"@type\":\"Person\",\"@id\":\"https:\\\/\\\/diarioprincipios.com\\\/#\\\/schema\\\/person\\\/436d5a1fd41a5e250e23ff5a6a7cb080\",\"name\":\"Hern\u00e1n L\u00f3pez\",\"image\":{\"@type\":\"ImageObject\",\"inLanguage\":\"es\",\"@id\":\"https:\\\/\\\/diarioprincipios.com\\\/wp-content\\\/litespeed\\\/avatar\\\/11ddfe5610ff3bd100522525b2571f48.jpg?ver=1777048341\",\"url\":\"https:\\\/\\\/diarioprincipios.com\\\/wp-content\\\/litespeed\\\/avatar\\\/11ddfe5610ff3bd100522525b2571f48.jpg?ver=1777048341\",\"contentUrl\":\"https:\\\/\\\/diarioprincipios.com\\\/wp-content\\\/litespeed\\\/avatar\\\/11ddfe5610ff3bd100522525b2571f48.jpg?ver=1777048341\",\"caption\":\"Hern\u00e1n L\u00f3pez\"},\"url\":\"https:\\\/\\\/diarioprincipios.com\\\/index.php\\\/author\\\/hernan\\\/\"}]}<\/script>\n<!-- \/ Yoast SEO plugin. -->","yoast_head_json":{"title":"La UPA de Hudson celebr\u00f3 10 a\u00f1os - Principios","robots":{"index":"index","follow":"follow","max-snippet":"max-snippet:-1","max-image-preview":"max-image-preview:large","max-video-preview":"max-video-preview:-1"},"canonical":"https:\/\/diarioprincipios.com\/index.php\/2025\/06\/30\/la-upa-de-hudson-celebro-10-anos\/","og_locale":"es_ES","og_type":"article","og_title":"La UPA de Hudson celebr\u00f3 10 a\u00f1os - Principios","og_description":"En un c\u00e1lido encuentro, Berazategui celebr\u00f3 los diez a\u00f1os de la Unidad de Pronta Atenci\u00f3n (UPA) 10, en la localidad de Hudson. El festej\u00f3 incluy\u00f3 una jornada de salud abierta a los vecinos y vecinas, adem\u00e1s de la inauguraci\u00f3n de una Sala de espera para pacientes pedi\u00e1tricos con TEA. All\u00ed estuvieron el director provincial de...","og_url":"https:\/\/diarioprincipios.com\/index.php\/2025\/06\/30\/la-upa-de-hudson-celebro-10-anos\/","og_site_name":"Principios","article_published_time":"2025-06-30T19:43:18+00:00","og_image":[{"width":1920,"height":1280,"url":"https:\/\/diarioprincipios.com\/wp-content\/uploads\/2025\/06\/LA-UPA-10-DE-BERAZATEGUI-CELEBRO-SU-10\u00b0-ANIVERSARIO-JUNTO-A-LA-COMUNIDAD-1.jpg","type":"image\/jpeg"}],"author":"Hern\u00e1n L\u00f3pez","twitter_card":"summary_large_image","twitter_misc":{"Escrito por":"Hern\u00e1n L\u00f3pez","Tiempo de lectura":"3 minutos"},"schema":{"@context":"https:\/\/schema.org","@graph":[{"@type":"Article","@id":"https:\/\/diarioprincipios.com\/index.php\/2025\/06\/30\/la-upa-de-hudson-celebro-10-anos\/#article","isPartOf":{"@id":"https:\/\/diarioprincipios.com\/index.php\/2025\/06\/30\/la-upa-de-hudson-celebro-10-anos\/"},"author":{"name":"Hern\u00e1n L\u00f3pez","@id":"https:\/\/diarioprincipios.com\/#\/schema\/person\/436d5a1fd41a5e250e23ff5a6a7cb080"},"headline":"La UPA de Hudson celebr\u00f3 10 a\u00f1os","datePublished":"2025-06-30T19:43:18+00:00","mainEntityOfPage":{"@id":"https:\/\/diarioprincipios.com\/index.php\/2025\/06\/30\/la-upa-de-hudson-celebro-10-anos\/"},"wordCount":485,"commentCount":0,"publisher":{"@id":"https:\/\/diarioprincipios.com\/#organization"},"image":{"@id":"https:\/\/diarioprincipios.com\/index.php\/2025\/06\/30\/la-upa-de-hudson-celebro-10-anos\/#primaryimage"},"thumbnailUrl":"https:\/\/diarioprincipios.com\/wp-content\/uploads\/2025\/06\/LA-UPA-10-DE-BERAZATEGUI-CELEBRO-SU-10\u00b0-ANIVERSARIO-JUNTO-A-LA-COMUNIDAD-1.jpg","articleSection":["Berazategui","Salud y Ambiente"],"inLanguage":"es","potentialAction":[{"@type":"CommentAction","name":"Comment","target":["https:\/\/diarioprincipios.com\/index.php\/2025\/06\/30\/la-upa-de-hudson-celebro-10-anos\/#respond"]}]},{"@type":"WebPage","@id":"https:\/\/diarioprincipios.com\/index.php\/2025\/06\/30\/la-upa-de-hudson-celebro-10-anos\/","url":"https:\/\/diarioprincipios.com\/index.php\/2025\/06\/30\/la-upa-de-hudson-celebro-10-anos\/","name":"La UPA de Hudson celebr\u00f3 10 a\u00f1os - Principios","isPartOf":{"@id":"https:\/\/diarioprincipios.com\/#website"},"primaryImageOfPage":{"@id":"https:\/\/diarioprincipios.com\/index.php\/2025\/06\/30\/la-upa-de-hudson-celebro-10-anos\/#primaryimage"},"image":{"@id":"https:\/\/diarioprincipios.com\/index.php\/2025\/06\/30\/la-upa-de-hudson-celebro-10-anos\/#primaryimage"},"thumbnailUrl":"https:\/\/diarioprincipios.com\/wp-content\/uploads\/2025\/06\/LA-UPA-10-DE-BERAZATEGUI-CELEBRO-SU-10\u00b0-ANIVERSARIO-JUNTO-A-LA-COMUNIDAD-1.jpg","datePublished":"2025-06-30T19:43:18+00:00","breadcrumb":{"@id":"https:\/\/diarioprincipios.com\/index.php\/2025\/06\/30\/la-upa-de-hudson-celebro-10-anos\/#breadcrumb"},"inLanguage":"es","potentialAction":[{"@type":"ReadAction","target":["https:\/\/diarioprincipios.com\/index.php\/2025\/06\/30\/la-upa-de-hudson-celebro-10-anos\/"]}]},{"@type":"ImageObject","inLanguage":"es","@id":"https:\/\/diarioprincipios.com\/index.php\/2025\/06\/30\/la-upa-de-hudson-celebro-10-anos\/#primaryimage","url":"https:\/\/diarioprincipios.com\/wp-content\/uploads\/2025\/06\/LA-UPA-10-DE-BERAZATEGUI-CELEBRO-SU-10\u00b0-ANIVERSARIO-JUNTO-A-LA-COMUNIDAD-1.jpg","contentUrl":"https:\/\/diarioprincipios.com\/wp-content\/uploads\/2025\/06\/LA-UPA-10-DE-BERAZATEGUI-CELEBRO-SU-10\u00b0-ANIVERSARIO-JUNTO-A-LA-COMUNIDAD-1.jpg","width":1920,"height":1280},{"@type":"BreadcrumbList","@id":"https:\/\/diarioprincipios.com\/index.php\/2025\/06\/30\/la-upa-de-hudson-celebro-10-anos\/#breadcrumb","itemListElement":[{"@type":"ListItem","position":1,"name":"Portada","item":"https:\/\/diarioprincipios.com\/"},{"@type":"ListItem","position":2,"name":"La UPA de Hudson celebr\u00f3 10 a\u00f1os"}]},{"@type":"WebSite","@id":"https:\/\/diarioprincipios.com\/#website","url":"https:\/\/diarioprincipios.com\/","name":"Principios","description":"Principios Diario","publisher":{"@id":"https:\/\/diarioprincipios.com\/#organization"},"potentialAction":[{"@type":"SearchAction","target":{"@type":"EntryPoint","urlTemplate":"https:\/\/diarioprincipios.com\/?s={search_term_string}"},"query-input":{"@type":"PropertyValueSpecification","valueRequired":true,"valueName":"search_term_string"}}],"inLanguage":"es"},{"@type":"Organization","@id":"https:\/\/diarioprincipios.com\/#organization","name":"Principios","url":"https:\/\/diarioprincipios.com\/","logo":{"@type":"ImageObject","inLanguage":"es","@id":"https:\/\/diarioprincipios.com\/#\/schema\/logo\/image\/","url":"https:\/\/diarioprincipios.com\/wp-content\/uploads\/2024\/04\/cropped-www.diarioprincipios.com_-1.png","contentUrl":"https:\/\/diarioprincipios.com\/wp-content\/uploads\/2024\/04\/cropped-www.diarioprincipios.com_-1.png","width":5325,"height":1454,"caption":"Principios"},"image":{"@id":"https:\/\/diarioprincipios.com\/#\/schema\/logo\/image\/"}},{"@type":"Person","@id":"https:\/\/diarioprincipios.com\/#\/schema\/person\/436d5a1fd41a5e250e23ff5a6a7cb080","name":"Hern\u00e1n L\u00f3pez","image":{"@type":"ImageObject","inLanguage":"es","@id":"https:\/\/diarioprincipios.com\/wp-content\/litespeed\/avatar\/11ddfe5610ff3bd100522525b2571f48.jpg?ver=1777048341","url":"https:\/\/diarioprincipios.com\/wp-content\/litespeed\/avatar\/11ddfe5610ff3bd100522525b2571f48.jpg?ver=1777048341","contentUrl":"https:\/\/diarioprincipios.com\/wp-content\/litespeed\/avatar\/11ddfe5610ff3bd100522525b2571f48.jpg?ver=1777048341","caption":"Hern\u00e1n L\u00f3pez"},"url":"https:\/\/diarioprincipios.com\/index.php\/author\/hernan\/"}]}},"jetpack_featured_media_url":"https:\/\/diarioprincipios.com\/wp-content\/uploads\/2025\/06\/LA-UPA-10-DE-BERAZATEGUI-CELEBRO-SU-10\u00b0-ANIVERSARIO-JUNTO-A-LA-COMUNIDAD-1.jpg","_links":{"self":[{"href":"https:\/\/diarioprincipios.com\/index.php\/wp-json\/wp\/v2\/posts\/24893","targetHints":{"allow":["GET"]}}],"collection":[{"href":"https:\/\/diarioprincipios.com\/index.php\/wp-json\/wp\/v2\/posts"}],"about":[{"href":"https:\/\/diarioprincipios.com\/index.php\/wp-json\/wp\/v2\/types\/post"}],"author":[{"embeddable":true,"href":"https:\/\/diarioprincipios.com\/index.php\/wp-json\/wp\/v2\/users\/2"}],"replies":[{"embeddable":true,"href":"https:\/\/diarioprincipios.com\/index.php\/wp-json\/wp\/v2\/comments?post=24893"}],"version-history":[{"count":1,"href":"https:\/\/diarioprincipios.com\/index.php\/wp-json\/wp\/v2\/posts\/24893\/revisions"}],"predecessor-version":[{"id":24896,"href":"https:\/\/diarioprincipios.com\/index.php\/wp-json\/wp\/v2\/posts\/24893\/revisions\/24896"}],"wp:featuredmedia":[{"embeddable":true,"href":"https:\/\/diarioprincipios.com\/index.php\/wp-json\/wp\/v2\/media\/24895"}],"wp:attachment":[{"href":"https:\/\/diarioprincipios.com\/index.php\/wp-json\/wp\/v2\/media?parent=24893"}],"wp:term":[{"taxonomy":"category","embeddable":true,"href":"https:\/\/diarioprincipios.com\/index.php\/wp-json\/wp\/v2\/categories?post=24893"},{"taxonomy":"post_tag","embeddable":true,"href":"https:\/\/diarioprincipios.com\/index.php\/wp-json\/wp\/v2\/tags?post=24893"}],"curies":[{"name":"wp","href":"https:\/\/api.w.org\/{rel}","templated":true}]}}