{"id":24885,"date":"2025-06-30T13:10:21","date_gmt":"2025-06-30T16:10:21","guid":{"rendered":"https:\/\/diarioprincipios.com\/?p=24885"},"modified":"2025-06-30T13:10:22","modified_gmt":"2025-06-30T16:10:22","slug":"el-museo-historico-municipal-festejo-sus-32-anos","status":"publish","type":"post","link":"https:\/\/diarioprincipios.com\/index.php\/2025\/06\/30\/el-museo-historico-municipal-festejo-sus-32-anos\/","title":{"rendered":"El Museo Hist\u00f3rico Municipal festej\u00f3 sus 32 a\u00f1os"},"content":{"rendered":"\n<p><strong>Se celebraron los 32 a\u00f1os del Museo Municipal Hist\u00f3rico de Berazategui, con un gran encuentro comunitario que incluy\u00f3 distintas actividades gratuitas en el Complejo Cultural San Francisco.<\/strong><br>Sobre este nuevo aniversario, el secretario de Cultura y Educaci\u00f3n, Federico L\u00f3pez, afirm\u00f3: \u201cEl Museo ha crecido mucho, lo impuls\u00f3 el intendente Juan Jos\u00e9 Mussi y hoy lo sigue haciendo. Este es un espacio que construye identidad y comunidad. Los invitamos a que vengan a visitarlo; ser\u00e1n recibidos por un equipo hermoso de personas\u201d.<\/p>\n\n\n\n<figure class=\"wp-block-image size-large\"><img loading=\"lazy\" decoding=\"async\" width=\"1024\" height=\"683\" src=\"https:\/\/diarioprincipios.com\/wp-content\/uploads\/2025\/06\/EL-MUSEO-HISTORICO-MUNICIPAL-FESTEJO-SUS-32-ANOS-3-1024x683.jpg\" alt=\"\" class=\"wp-image-24886\" srcset=\"https:\/\/diarioprincipios.com\/wp-content\/uploads\/2025\/06\/EL-MUSEO-HISTORICO-MUNICIPAL-FESTEJO-SUS-32-ANOS-3-1024x683.jpg 1024w, https:\/\/diarioprincipios.com\/wp-content\/uploads\/2025\/06\/EL-MUSEO-HISTORICO-MUNICIPAL-FESTEJO-SUS-32-ANOS-3-300x200.jpg 300w, https:\/\/diarioprincipios.com\/wp-content\/uploads\/2025\/06\/EL-MUSEO-HISTORICO-MUNICIPAL-FESTEJO-SUS-32-ANOS-3-768x512.jpg 768w, https:\/\/diarioprincipios.com\/wp-content\/uploads\/2025\/06\/EL-MUSEO-HISTORICO-MUNICIPAL-FESTEJO-SUS-32-ANOS-3-1536x1024.jpg 1536w, https:\/\/diarioprincipios.com\/wp-content\/uploads\/2025\/06\/EL-MUSEO-HISTORICO-MUNICIPAL-FESTEJO-SUS-32-ANOS-3-600x400.jpg 600w, https:\/\/diarioprincipios.com\/wp-content\/uploads\/2025\/06\/EL-MUSEO-HISTORICO-MUNICIPAL-FESTEJO-SUS-32-ANOS-3.jpg 1920w\" sizes=\"auto, (max-width: 1024px) 100vw, 1024px\" \/><\/figure>\n\n\n\n<p><br>Por su parte, una de las vecinas que comparti\u00f3 el festejo, Morena Segal, recalc\u00f3: \u201cVinimos con amigas y disfrutamos mucho de la celebraci\u00f3n. Me encant\u00f3 la propuesta porque preserva nuestro patrimonio e historia\u201d.<br>De esta manera, adem\u00e1s de visitar el Museo Hist\u00f3rico, los y las vecinas pudieron recorrer el Museo del Vidrio (MuVi), disfrutar de m\u00fasica, danza, exposici\u00f3n de motos antiguas, cocina m\u00f3vil y suelta de libros. Asimismo, estuvo la Feria Regal\u00e1 Cultura y hubo actividades de Cultura Colectiva.<\/p>\n\n\n\n<figure class=\"wp-block-image size-large\"><img loading=\"lazy\" decoding=\"async\" width=\"1024\" height=\"683\" src=\"https:\/\/diarioprincipios.com\/wp-content\/uploads\/2025\/06\/EL-MUSEO-HISTORICO-MUNICIPAL-FESTEJO-SUS-32-ANOS-5-1024x683.jpg\" alt=\"\" class=\"wp-image-24887\" srcset=\"https:\/\/diarioprincipios.com\/wp-content\/uploads\/2025\/06\/EL-MUSEO-HISTORICO-MUNICIPAL-FESTEJO-SUS-32-ANOS-5-1024x683.jpg 1024w, https:\/\/diarioprincipios.com\/wp-content\/uploads\/2025\/06\/EL-MUSEO-HISTORICO-MUNICIPAL-FESTEJO-SUS-32-ANOS-5-300x200.jpg 300w, https:\/\/diarioprincipios.com\/wp-content\/uploads\/2025\/06\/EL-MUSEO-HISTORICO-MUNICIPAL-FESTEJO-SUS-32-ANOS-5-768x512.jpg 768w, https:\/\/diarioprincipios.com\/wp-content\/uploads\/2025\/06\/EL-MUSEO-HISTORICO-MUNICIPAL-FESTEJO-SUS-32-ANOS-5-1536x1024.jpg 1536w, https:\/\/diarioprincipios.com\/wp-content\/uploads\/2025\/06\/EL-MUSEO-HISTORICO-MUNICIPAL-FESTEJO-SUS-32-ANOS-5-600x400.jpg 600w, https:\/\/diarioprincipios.com\/wp-content\/uploads\/2025\/06\/EL-MUSEO-HISTORICO-MUNICIPAL-FESTEJO-SUS-32-ANOS-5.jpg 1920w\" sizes=\"auto, (max-width: 1024px) 100vw, 1024px\" \/><\/figure>\n\n\n\n<p><br>El Museo Hist\u00f3rico Municipal de Berazategui se inaugur\u00f3 el 20 de junio de 1993 y, desde 1997, funciona en el Complejo Cultural Municipal San Francisco. El espacio es una propiedad significativa, que fue el almac\u00e9n de ramos generales y vivienda de la familia Traverso, ubicada en el barrio San Francisco, casco hist\u00f3rico de la ciudad.\u00a0<\/p>\n","protected":false},"excerpt":{"rendered":"<p>Se celebraron los 32 a\u00f1os del Museo Municipal Hist\u00f3rico de Berazategui, con un gran encuentro comunitario que incluy\u00f3 distintas actividades gratuitas en el Complejo Cultural San Francisco.Sobre este nuevo aniversario, el secretario de Cultura y Educaci\u00f3n, Federico L\u00f3pez, afirm\u00f3: \u201cEl Museo ha crecido mucho, lo impuls\u00f3 el intendente Juan Jos\u00e9 Mussi y hoy lo sigue&#8230;<\/p>\n","protected":false},"author":2,"featured_media":24888,"comment_status":"open","ping_status":"open","sticky":false,"template":"","format":"standard","meta":{"footnotes":""},"categories":[3,19],"tags":[],"class_list":["post-24885","post","type-post","status-publish","format-standard","has-post-thumbnail","hentry","category-berazategui","category-cultura-educacion"],"featured_image_src":"https:\/\/diarioprincipios.com\/wp-content\/uploads\/2025\/06\/EL-MUSEO-HISTORICO-MUNICIPAL-FESTEJO-SUS-32-ANOS-2-1024x683.jpg","blog_images":{"medium":"https:\/\/diarioprincipios.com\/wp-content\/uploads\/2025\/06\/EL-MUSEO-HISTORICO-MUNICIPAL-FESTEJO-SUS-32-ANOS-2-300x200.jpg","large":"https:\/\/diarioprincipios.com\/wp-content\/uploads\/2025\/06\/EL-MUSEO-HISTORICO-MUNICIPAL-FESTEJO-SUS-32-ANOS-2-1024x683.jpg"},"ams_acf":[],"yoast_head":"<!-- This site is optimized with the Yoast SEO plugin v27.3 - https:\/\/yoast.com\/product\/yoast-seo-wordpress\/ -->\n<title>El Museo Hist\u00f3rico Municipal festej\u00f3 sus 32 a\u00f1os - Principios<\/title>\n<meta name=\"robots\" content=\"index, follow, max-snippet:-1, max-image-preview:large, max-video-preview:-1\" \/>\n<link rel=\"canonical\" href=\"https:\/\/diarioprincipios.com\/index.php\/2025\/06\/30\/el-museo-historico-municipal-festejo-sus-32-anos\/\" \/>\n<meta property=\"og:locale\" content=\"es_ES\" \/>\n<meta property=\"og:type\" content=\"article\" \/>\n<meta property=\"og:title\" content=\"El Museo Hist\u00f3rico Municipal festej\u00f3 sus 32 a\u00f1os - Principios\" \/>\n<meta property=\"og:description\" content=\"Se celebraron los 32 a\u00f1os del Museo Municipal Hist\u00f3rico de Berazategui, con un gran encuentro comunitario que incluy\u00f3 distintas actividades gratuitas en el Complejo Cultural San Francisco.Sobre este nuevo aniversario, el secretario de Cultura y Educaci\u00f3n, Federico L\u00f3pez, afirm\u00f3: \u201cEl Museo ha crecido mucho, lo impuls\u00f3 el intendente Juan Jos\u00e9 Mussi y hoy lo sigue...\" \/>\n<meta property=\"og:url\" content=\"https:\/\/diarioprincipios.com\/index.php\/2025\/06\/30\/el-museo-historico-municipal-festejo-sus-32-anos\/\" \/>\n<meta property=\"og:site_name\" content=\"Principios\" \/>\n<meta property=\"article:published_time\" content=\"2025-06-30T16:10:21+00:00\" \/>\n<meta property=\"article:modified_time\" content=\"2025-06-30T16:10:22+00:00\" \/>\n<meta property=\"og:image\" content=\"https:\/\/diarioprincipios.com\/wp-content\/uploads\/2025\/06\/EL-MUSEO-HISTORICO-MUNICIPAL-FESTEJO-SUS-32-ANOS-2.jpg\" \/>\n\t<meta property=\"og:image:width\" content=\"1920\" \/>\n\t<meta property=\"og:image:height\" content=\"1280\" \/>\n\t<meta property=\"og:image:type\" content=\"image\/jpeg\" \/>\n<meta name=\"author\" content=\"Hern\u00e1n L\u00f3pez\" \/>\n<meta name=\"twitter:card\" content=\"summary_large_image\" \/>\n<meta name=\"twitter:label1\" content=\"Escrito por\" \/>\n\t<meta name=\"twitter:data1\" content=\"Hern\u00e1n L\u00f3pez\" \/>\n\t<meta name=\"twitter:label2\" content=\"Tiempo de lectura\" \/>\n\t<meta name=\"twitter:data2\" content=\"2 minutos\" \/>\n<script type=\"application\/ld+json\" class=\"yoast-schema-graph\">{\"@context\":\"https:\\\/\\\/schema.org\",\"@graph\":[{\"@type\":\"Article\",\"@id\":\"https:\\\/\\\/diarioprincipios.com\\\/index.php\\\/2025\\\/06\\\/30\\\/el-museo-historico-municipal-festejo-sus-32-anos\\\/#article\",\"isPartOf\":{\"@id\":\"https:\\\/\\\/diarioprincipios.com\\\/index.php\\\/2025\\\/06\\\/30\\\/el-museo-historico-municipal-festejo-sus-32-anos\\\/\"},\"author\":{\"name\":\"Hern\u00e1n L\u00f3pez\",\"@id\":\"https:\\\/\\\/diarioprincipios.com\\\/#\\\/schema\\\/person\\\/436d5a1fd41a5e250e23ff5a6a7cb080\"},\"headline\":\"El Museo Hist\u00f3rico Municipal festej\u00f3 sus 32 a\u00f1os\",\"datePublished\":\"2025-06-30T16:10:21+00:00\",\"dateModified\":\"2025-06-30T16:10:22+00:00\",\"mainEntityOfPage\":{\"@id\":\"https:\\\/\\\/diarioprincipios.com\\\/index.php\\\/2025\\\/06\\\/30\\\/el-museo-historico-municipal-festejo-sus-32-anos\\\/\"},\"wordCount\":234,\"commentCount\":0,\"publisher\":{\"@id\":\"https:\\\/\\\/diarioprincipios.com\\\/#organization\"},\"image\":{\"@id\":\"https:\\\/\\\/diarioprincipios.com\\\/index.php\\\/2025\\\/06\\\/30\\\/el-museo-historico-municipal-festejo-sus-32-anos\\\/#primaryimage\"},\"thumbnailUrl\":\"https:\\\/\\\/diarioprincipios.com\\\/wp-content\\\/uploads\\\/2025\\\/06\\\/EL-MUSEO-HISTORICO-MUNICIPAL-FESTEJO-SUS-32-ANOS-2.jpg\",\"articleSection\":[\"Berazategui\",\"Cultura y Educaci\u00f3n\"],\"inLanguage\":\"es\",\"potentialAction\":[{\"@type\":\"CommentAction\",\"name\":\"Comment\",\"target\":[\"https:\\\/\\\/diarioprincipios.com\\\/index.php\\\/2025\\\/06\\\/30\\\/el-museo-historico-municipal-festejo-sus-32-anos\\\/#respond\"]}]},{\"@type\":\"WebPage\",\"@id\":\"https:\\\/\\\/diarioprincipios.com\\\/index.php\\\/2025\\\/06\\\/30\\\/el-museo-historico-municipal-festejo-sus-32-anos\\\/\",\"url\":\"https:\\\/\\\/diarioprincipios.com\\\/index.php\\\/2025\\\/06\\\/30\\\/el-museo-historico-municipal-festejo-sus-32-anos\\\/\",\"name\":\"El Museo Hist\u00f3rico Municipal festej\u00f3 sus 32 a\u00f1os - Principios\",\"isPartOf\":{\"@id\":\"https:\\\/\\\/diarioprincipios.com\\\/#website\"},\"primaryImageOfPage\":{\"@id\":\"https:\\\/\\\/diarioprincipios.com\\\/index.php\\\/2025\\\/06\\\/30\\\/el-museo-historico-municipal-festejo-sus-32-anos\\\/#primaryimage\"},\"image\":{\"@id\":\"https:\\\/\\\/diarioprincipios.com\\\/index.php\\\/2025\\\/06\\\/30\\\/el-museo-historico-municipal-festejo-sus-32-anos\\\/#primaryimage\"},\"thumbnailUrl\":\"https:\\\/\\\/diarioprincipios.com\\\/wp-content\\\/uploads\\\/2025\\\/06\\\/EL-MUSEO-HISTORICO-MUNICIPAL-FESTEJO-SUS-32-ANOS-2.jpg\",\"datePublished\":\"2025-06-30T16:10:21+00:00\",\"dateModified\":\"2025-06-30T16:10:22+00:00\",\"breadcrumb\":{\"@id\":\"https:\\\/\\\/diarioprincipios.com\\\/index.php\\\/2025\\\/06\\\/30\\\/el-museo-historico-municipal-festejo-sus-32-anos\\\/#breadcrumb\"},\"inLanguage\":\"es\",\"potentialAction\":[{\"@type\":\"ReadAction\",\"target\":[\"https:\\\/\\\/diarioprincipios.com\\\/index.php\\\/2025\\\/06\\\/30\\\/el-museo-historico-municipal-festejo-sus-32-anos\\\/\"]}]},{\"@type\":\"ImageObject\",\"inLanguage\":\"es\",\"@id\":\"https:\\\/\\\/diarioprincipios.com\\\/index.php\\\/2025\\\/06\\\/30\\\/el-museo-historico-municipal-festejo-sus-32-anos\\\/#primaryimage\",\"url\":\"https:\\\/\\\/diarioprincipios.com\\\/wp-content\\\/uploads\\\/2025\\\/06\\\/EL-MUSEO-HISTORICO-MUNICIPAL-FESTEJO-SUS-32-ANOS-2.jpg\",\"contentUrl\":\"https:\\\/\\\/diarioprincipios.com\\\/wp-content\\\/uploads\\\/2025\\\/06\\\/EL-MUSEO-HISTORICO-MUNICIPAL-FESTEJO-SUS-32-ANOS-2.jpg\",\"width\":1920,\"height\":1280},{\"@type\":\"BreadcrumbList\",\"@id\":\"https:\\\/\\\/diarioprincipios.com\\\/index.php\\\/2025\\\/06\\\/30\\\/el-museo-historico-municipal-festejo-sus-32-anos\\\/#breadcrumb\",\"itemListElement\":[{\"@type\":\"ListItem\",\"position\":1,\"name\":\"Portada\",\"item\":\"https:\\\/\\\/diarioprincipios.com\\\/\"},{\"@type\":\"ListItem\",\"position\":2,\"name\":\"El Museo Hist\u00f3rico Municipal festej\u00f3 sus 32 a\u00f1os\"}]},{\"@type\":\"WebSite\",\"@id\":\"https:\\\/\\\/diarioprincipios.com\\\/#website\",\"url\":\"https:\\\/\\\/diarioprincipios.com\\\/\",\"name\":\"Principios\",\"description\":\"Principios Diario\",\"publisher\":{\"@id\":\"https:\\\/\\\/diarioprincipios.com\\\/#organization\"},\"potentialAction\":[{\"@type\":\"SearchAction\",\"target\":{\"@type\":\"EntryPoint\",\"urlTemplate\":\"https:\\\/\\\/diarioprincipios.com\\\/?s={search_term_string}\"},\"query-input\":{\"@type\":\"PropertyValueSpecification\",\"valueRequired\":true,\"valueName\":\"search_term_string\"}}],\"inLanguage\":\"es\"},{\"@type\":\"Organization\",\"@id\":\"https:\\\/\\\/diarioprincipios.com\\\/#organization\",\"name\":\"Principios\",\"url\":\"https:\\\/\\\/diarioprincipios.com\\\/\",\"logo\":{\"@type\":\"ImageObject\",\"inLanguage\":\"es\",\"@id\":\"https:\\\/\\\/diarioprincipios.com\\\/#\\\/schema\\\/logo\\\/image\\\/\",\"url\":\"https:\\\/\\\/diarioprincipios.com\\\/wp-content\\\/uploads\\\/2024\\\/04\\\/cropped-www.diarioprincipios.com_-1.png\",\"contentUrl\":\"https:\\\/\\\/diarioprincipios.com\\\/wp-content\\\/uploads\\\/2024\\\/04\\\/cropped-www.diarioprincipios.com_-1.png\",\"width\":5325,\"height\":1454,\"caption\":\"Principios\"},\"image\":{\"@id\":\"https:\\\/\\\/diarioprincipios.com\\\/#\\\/schema\\\/logo\\\/image\\\/\"}},{\"@type\":\"Person\",\"@id\":\"https:\\\/\\\/diarioprincipios.com\\\/#\\\/schema\\\/person\\\/436d5a1fd41a5e250e23ff5a6a7cb080\",\"name\":\"Hern\u00e1n L\u00f3pez\",\"image\":{\"@type\":\"ImageObject\",\"inLanguage\":\"es\",\"@id\":\"https:\\\/\\\/diarioprincipios.com\\\/wp-content\\\/litespeed\\\/avatar\\\/11ddfe5610ff3bd100522525b2571f48.jpg?ver=1777048341\",\"url\":\"https:\\\/\\\/diarioprincipios.com\\\/wp-content\\\/litespeed\\\/avatar\\\/11ddfe5610ff3bd100522525b2571f48.jpg?ver=1777048341\",\"contentUrl\":\"https:\\\/\\\/diarioprincipios.com\\\/wp-content\\\/litespeed\\\/avatar\\\/11ddfe5610ff3bd100522525b2571f48.jpg?ver=1777048341\",\"caption\":\"Hern\u00e1n L\u00f3pez\"},\"url\":\"https:\\\/\\\/diarioprincipios.com\\\/index.php\\\/author\\\/hernan\\\/\"}]}<\/script>\n<!-- \/ Yoast SEO plugin. -->","yoast_head_json":{"title":"El Museo Hist\u00f3rico Municipal festej\u00f3 sus 32 a\u00f1os - Principios","robots":{"index":"index","follow":"follow","max-snippet":"max-snippet:-1","max-image-preview":"max-image-preview:large","max-video-preview":"max-video-preview:-1"},"canonical":"https:\/\/diarioprincipios.com\/index.php\/2025\/06\/30\/el-museo-historico-municipal-festejo-sus-32-anos\/","og_locale":"es_ES","og_type":"article","og_title":"El Museo Hist\u00f3rico Municipal festej\u00f3 sus 32 a\u00f1os - Principios","og_description":"Se celebraron los 32 a\u00f1os del Museo Municipal Hist\u00f3rico de Berazategui, con un gran encuentro comunitario que incluy\u00f3 distintas actividades gratuitas en el Complejo Cultural San Francisco.Sobre este nuevo aniversario, el secretario de Cultura y Educaci\u00f3n, Federico L\u00f3pez, afirm\u00f3: \u201cEl Museo ha crecido mucho, lo impuls\u00f3 el intendente Juan Jos\u00e9 Mussi y hoy lo sigue...","og_url":"https:\/\/diarioprincipios.com\/index.php\/2025\/06\/30\/el-museo-historico-municipal-festejo-sus-32-anos\/","og_site_name":"Principios","article_published_time":"2025-06-30T16:10:21+00:00","article_modified_time":"2025-06-30T16:10:22+00:00","og_image":[{"width":1920,"height":1280,"url":"https:\/\/diarioprincipios.com\/wp-content\/uploads\/2025\/06\/EL-MUSEO-HISTORICO-MUNICIPAL-FESTEJO-SUS-32-ANOS-2.jpg","type":"image\/jpeg"}],"author":"Hern\u00e1n L\u00f3pez","twitter_card":"summary_large_image","twitter_misc":{"Escrito por":"Hern\u00e1n L\u00f3pez","Tiempo de lectura":"2 minutos"},"schema":{"@context":"https:\/\/schema.org","@graph":[{"@type":"Article","@id":"https:\/\/diarioprincipios.com\/index.php\/2025\/06\/30\/el-museo-historico-municipal-festejo-sus-32-anos\/#article","isPartOf":{"@id":"https:\/\/diarioprincipios.com\/index.php\/2025\/06\/30\/el-museo-historico-municipal-festejo-sus-32-anos\/"},"author":{"name":"Hern\u00e1n L\u00f3pez","@id":"https:\/\/diarioprincipios.com\/#\/schema\/person\/436d5a1fd41a5e250e23ff5a6a7cb080"},"headline":"El Museo Hist\u00f3rico Municipal festej\u00f3 sus 32 a\u00f1os","datePublished":"2025-06-30T16:10:21+00:00","dateModified":"2025-06-30T16:10:22+00:00","mainEntityOfPage":{"@id":"https:\/\/diarioprincipios.com\/index.php\/2025\/06\/30\/el-museo-historico-municipal-festejo-sus-32-anos\/"},"wordCount":234,"commentCount":0,"publisher":{"@id":"https:\/\/diarioprincipios.com\/#organization"},"image":{"@id":"https:\/\/diarioprincipios.com\/index.php\/2025\/06\/30\/el-museo-historico-municipal-festejo-sus-32-anos\/#primaryimage"},"thumbnailUrl":"https:\/\/diarioprincipios.com\/wp-content\/uploads\/2025\/06\/EL-MUSEO-HISTORICO-MUNICIPAL-FESTEJO-SUS-32-ANOS-2.jpg","articleSection":["Berazategui","Cultura y Educaci\u00f3n"],"inLanguage":"es","potentialAction":[{"@type":"CommentAction","name":"Comment","target":["https:\/\/diarioprincipios.com\/index.php\/2025\/06\/30\/el-museo-historico-municipal-festejo-sus-32-anos\/#respond"]}]},{"@type":"WebPage","@id":"https:\/\/diarioprincipios.com\/index.php\/2025\/06\/30\/el-museo-historico-municipal-festejo-sus-32-anos\/","url":"https:\/\/diarioprincipios.com\/index.php\/2025\/06\/30\/el-museo-historico-municipal-festejo-sus-32-anos\/","name":"El Museo Hist\u00f3rico Municipal festej\u00f3 sus 32 a\u00f1os - Principios","isPartOf":{"@id":"https:\/\/diarioprincipios.com\/#website"},"primaryImageOfPage":{"@id":"https:\/\/diarioprincipios.com\/index.php\/2025\/06\/30\/el-museo-historico-municipal-festejo-sus-32-anos\/#primaryimage"},"image":{"@id":"https:\/\/diarioprincipios.com\/index.php\/2025\/06\/30\/el-museo-historico-municipal-festejo-sus-32-anos\/#primaryimage"},"thumbnailUrl":"https:\/\/diarioprincipios.com\/wp-content\/uploads\/2025\/06\/EL-MUSEO-HISTORICO-MUNICIPAL-FESTEJO-SUS-32-ANOS-2.jpg","datePublished":"2025-06-30T16:10:21+00:00","dateModified":"2025-06-30T16:10:22+00:00","breadcrumb":{"@id":"https:\/\/diarioprincipios.com\/index.php\/2025\/06\/30\/el-museo-historico-municipal-festejo-sus-32-anos\/#breadcrumb"},"inLanguage":"es","potentialAction":[{"@type":"ReadAction","target":["https:\/\/diarioprincipios.com\/index.php\/2025\/06\/30\/el-museo-historico-municipal-festejo-sus-32-anos\/"]}]},{"@type":"ImageObject","inLanguage":"es","@id":"https:\/\/diarioprincipios.com\/index.php\/2025\/06\/30\/el-museo-historico-municipal-festejo-sus-32-anos\/#primaryimage","url":"https:\/\/diarioprincipios.com\/wp-content\/uploads\/2025\/06\/EL-MUSEO-HISTORICO-MUNICIPAL-FESTEJO-SUS-32-ANOS-2.jpg","contentUrl":"https:\/\/diarioprincipios.com\/wp-content\/uploads\/2025\/06\/EL-MUSEO-HISTORICO-MUNICIPAL-FESTEJO-SUS-32-ANOS-2.jpg","width":1920,"height":1280},{"@type":"BreadcrumbList","@id":"https:\/\/diarioprincipios.com\/index.php\/2025\/06\/30\/el-museo-historico-municipal-festejo-sus-32-anos\/#breadcrumb","itemListElement":[{"@type":"ListItem","position":1,"name":"Portada","item":"https:\/\/diarioprincipios.com\/"},{"@type":"ListItem","position":2,"name":"El Museo Hist\u00f3rico Municipal festej\u00f3 sus 32 a\u00f1os"}]},{"@type":"WebSite","@id":"https:\/\/diarioprincipios.com\/#website","url":"https:\/\/diarioprincipios.com\/","name":"Principios","description":"Principios Diario","publisher":{"@id":"https:\/\/diarioprincipios.com\/#organization"},"potentialAction":[{"@type":"SearchAction","target":{"@type":"EntryPoint","urlTemplate":"https:\/\/diarioprincipios.com\/?s={search_term_string}"},"query-input":{"@type":"PropertyValueSpecification","valueRequired":true,"valueName":"search_term_string"}}],"inLanguage":"es"},{"@type":"Organization","@id":"https:\/\/diarioprincipios.com\/#organization","name":"Principios","url":"https:\/\/diarioprincipios.com\/","logo":{"@type":"ImageObject","inLanguage":"es","@id":"https:\/\/diarioprincipios.com\/#\/schema\/logo\/image\/","url":"https:\/\/diarioprincipios.com\/wp-content\/uploads\/2024\/04\/cropped-www.diarioprincipios.com_-1.png","contentUrl":"https:\/\/diarioprincipios.com\/wp-content\/uploads\/2024\/04\/cropped-www.diarioprincipios.com_-1.png","width":5325,"height":1454,"caption":"Principios"},"image":{"@id":"https:\/\/diarioprincipios.com\/#\/schema\/logo\/image\/"}},{"@type":"Person","@id":"https:\/\/diarioprincipios.com\/#\/schema\/person\/436d5a1fd41a5e250e23ff5a6a7cb080","name":"Hern\u00e1n L\u00f3pez","image":{"@type":"ImageObject","inLanguage":"es","@id":"https:\/\/diarioprincipios.com\/wp-content\/litespeed\/avatar\/11ddfe5610ff3bd100522525b2571f48.jpg?ver=1777048341","url":"https:\/\/diarioprincipios.com\/wp-content\/litespeed\/avatar\/11ddfe5610ff3bd100522525b2571f48.jpg?ver=1777048341","contentUrl":"https:\/\/diarioprincipios.com\/wp-content\/litespeed\/avatar\/11ddfe5610ff3bd100522525b2571f48.jpg?ver=1777048341","caption":"Hern\u00e1n L\u00f3pez"},"url":"https:\/\/diarioprincipios.com\/index.php\/author\/hernan\/"}]}},"jetpack_featured_media_url":"https:\/\/diarioprincipios.com\/wp-content\/uploads\/2025\/06\/EL-MUSEO-HISTORICO-MUNICIPAL-FESTEJO-SUS-32-ANOS-2.jpg","_links":{"self":[{"href":"https:\/\/diarioprincipios.com\/index.php\/wp-json\/wp\/v2\/posts\/24885","targetHints":{"allow":["GET"]}}],"collection":[{"href":"https:\/\/diarioprincipios.com\/index.php\/wp-json\/wp\/v2\/posts"}],"about":[{"href":"https:\/\/diarioprincipios.com\/index.php\/wp-json\/wp\/v2\/types\/post"}],"author":[{"embeddable":true,"href":"https:\/\/diarioprincipios.com\/index.php\/wp-json\/wp\/v2\/users\/2"}],"replies":[{"embeddable":true,"href":"https:\/\/diarioprincipios.com\/index.php\/wp-json\/wp\/v2\/comments?post=24885"}],"version-history":[{"count":1,"href":"https:\/\/diarioprincipios.com\/index.php\/wp-json\/wp\/v2\/posts\/24885\/revisions"}],"predecessor-version":[{"id":24889,"href":"https:\/\/diarioprincipios.com\/index.php\/wp-json\/wp\/v2\/posts\/24885\/revisions\/24889"}],"wp:featuredmedia":[{"embeddable":true,"href":"https:\/\/diarioprincipios.com\/index.php\/wp-json\/wp\/v2\/media\/24888"}],"wp:attachment":[{"href":"https:\/\/diarioprincipios.com\/index.php\/wp-json\/wp\/v2\/media?parent=24885"}],"wp:term":[{"taxonomy":"category","embeddable":true,"href":"https:\/\/diarioprincipios.com\/index.php\/wp-json\/wp\/v2\/categories?post=24885"},{"taxonomy":"post_tag","embeddable":true,"href":"https:\/\/diarioprincipios.com\/index.php\/wp-json\/wp\/v2\/tags?post=24885"}],"curies":[{"name":"wp","href":"https:\/\/api.w.org\/{rel}","templated":true}]}}