{"id":24878,"date":"2025-06-26T21:33:15","date_gmt":"2025-06-27T00:33:15","guid":{"rendered":"https:\/\/diarioprincipios.com\/?p=24878"},"modified":"2025-06-26T21:33:16","modified_gmt":"2025-06-27T00:33:16","slug":"con-la-fuerza-de-las-obras-mata-rodriguez-fue-reelecto-en-comercio","status":"publish","type":"post","link":"https:\/\/diarioprincipios.com\/index.php\/2025\/06\/26\/con-la-fuerza-de-las-obras-mata-rodriguez-fue-reelecto-en-comercio\/","title":{"rendered":"Con la fuerza de las Obras, \u00abMata\u00bb Rodriguez fue Reelecto en Comercio"},"content":{"rendered":"\n<p>El hist\u00f3rico dirigente gremial y actual Secretario General del Centro de Empleados de Comercio de Quilmes, Berazategui y Varela, fue reelecto este jueves al frente del sindicato y el 26 de Septiembre, D\u00eda del Empleado de Comercio, asumir\u00e1 un nuevo mandado.<br>M\u00e1s de 3 mil empleados de comercio votaron la lista \u00fanica encabezada por \u00abMata\u00bb Rodriguez en las urnas dispuestas en El Pato, Solano, Florencio Varela, Berazategui y Quilmes.<br>Tras ser consagrado para un nuevo per\u00edodo al frente del Centro de Empleados de Comercio, Rodriguez brind\u00f3 una conferencia de prensa en la sede de San Mart\u00edn 515 donde se\u00f1al\u00f3 que \u00abla gente se siente identificada con nuestro proyecto, nuestro lema para este periodo es \u00abCon la fuerza de las Obras\u00bb, ya cerramos un pr\u00e9stamo con la Provincia tras reunirnos con el Gobernador Kicillof que nos permitir\u00e1 tener una Pileta en el Camping del R\u00edo, como ya la tenemos desde hace a\u00f1os en El Pato, adem\u00e1s estamos pr\u00f3ximos a inaugurar la Delegaci\u00f3n de Varela y las Farmacias de Varela y Solano\u00bb.<br>A\u00f1adi\u00f3 que \u00abla pileta en el Camping del r\u00edo esperamos inaugurarla en diciembre ya para esta temporada, adem\u00e1s construiremos un Sal\u00f3n de Eventos en El Pato y estamos gestionando las tierras ubicados frente al Camping La Amistad para hacer un Polideportivo en El Pato, que no solo beneficiar\u00e1 a nuestros afiliados sino que podr\u00e1n utilizarlos los alumnos de las Escuelas de El Pato\u00bb.<br>Finalmente, el dirigente mercantil prometi\u00f3 que \u00absiempre vamos a estar del lado de los que menos tienen y siempre vamos a trabajar dej\u00e1ndolo todo por los trabajadores de comercio, entre todos hemos logrado mucho pero con una comisi\u00f3n directiva integrada por muchos j\u00f3venes tenemos la ambici\u00f3n de seguir haciendo, si el empleado de comercio nos ha acompa\u00f1ado hasta hoy es porque ve lo que se hace, de eso se trata\u00bb.<\/p>\n","protected":false},"excerpt":{"rendered":"<p>El hist\u00f3rico dirigente gremial y actual Secretario General del Centro de Empleados de Comercio de Quilmes, Berazategui y Varela, fue reelecto este jueves al frente del sindicato y el 26 de Septiembre, D\u00eda del Empleado de Comercio, asumir\u00e1 un nuevo mandado.M\u00e1s de 3 mil empleados de comercio votaron la lista \u00fanica encabezada por \u00abMata\u00bb Rodriguez&#8230;<\/p>\n","protected":false},"author":2,"featured_media":24879,"comment_status":"open","ping_status":"open","sticky":false,"template":"","format":"standard","meta":{"footnotes":""},"categories":[21,17],"tags":[],"class_list":["post-24878","post","type-post","status-publish","format-standard","has-post-thumbnail","hentry","category-gremiales","category-zona-sur"],"featured_image_src":"https:\/\/diarioprincipios.com\/wp-content\/uploads\/2025\/06\/IMG-20250626-WA0100.jpg","blog_images":{"medium":"https:\/\/diarioprincipios.com\/wp-content\/uploads\/2025\/06\/IMG-20250626-WA0100-300x292.jpg","large":"https:\/\/diarioprincipios.com\/wp-content\/uploads\/2025\/06\/IMG-20250626-WA0100.jpg"},"ams_acf":[],"yoast_head":"<!-- This site is optimized with the Yoast SEO plugin v27.3 - https:\/\/yoast.com\/product\/yoast-seo-wordpress\/ -->\n<title>Con la fuerza de las Obras, &quot;Mata&quot; Rodriguez fue Reelecto en Comercio - Principios<\/title>\n<meta name=\"robots\" content=\"index, follow, max-snippet:-1, max-image-preview:large, max-video-preview:-1\" \/>\n<link rel=\"canonical\" href=\"https:\/\/diarioprincipios.com\/index.php\/2025\/06\/26\/con-la-fuerza-de-las-obras-mata-rodriguez-fue-reelecto-en-comercio\/\" \/>\n<meta property=\"og:locale\" content=\"es_ES\" \/>\n<meta property=\"og:type\" content=\"article\" \/>\n<meta property=\"og:title\" content=\"Con la fuerza de las Obras, &quot;Mata&quot; Rodriguez fue Reelecto en Comercio - Principios\" \/>\n<meta property=\"og:description\" content=\"El hist\u00f3rico dirigente gremial y actual Secretario General del Centro de Empleados de Comercio de Quilmes, Berazategui y Varela, fue reelecto este jueves al frente del sindicato y el 26 de Septiembre, D\u00eda del Empleado de Comercio, asumir\u00e1 un nuevo mandado.M\u00e1s de 3 mil empleados de comercio votaron la lista \u00fanica encabezada por \u00abMata\u00bb Rodriguez...\" \/>\n<meta property=\"og:url\" content=\"https:\/\/diarioprincipios.com\/index.php\/2025\/06\/26\/con-la-fuerza-de-las-obras-mata-rodriguez-fue-reelecto-en-comercio\/\" \/>\n<meta property=\"og:site_name\" content=\"Principios\" \/>\n<meta property=\"article:published_time\" content=\"2025-06-27T00:33:15+00:00\" \/>\n<meta property=\"article:modified_time\" content=\"2025-06-27T00:33:16+00:00\" \/>\n<meta property=\"og:image\" content=\"https:\/\/diarioprincipios.com\/wp-content\/uploads\/2025\/06\/IMG-20250626-WA0100.jpg\" \/>\n\t<meta property=\"og:image:width\" content=\"780\" \/>\n\t<meta property=\"og:image:height\" content=\"760\" \/>\n\t<meta property=\"og:image:type\" content=\"image\/jpeg\" \/>\n<meta name=\"author\" content=\"Hern\u00e1n L\u00f3pez\" \/>\n<meta name=\"twitter:card\" content=\"summary_large_image\" \/>\n<meta name=\"twitter:label1\" content=\"Escrito por\" \/>\n\t<meta name=\"twitter:data1\" content=\"Hern\u00e1n L\u00f3pez\" \/>\n\t<meta name=\"twitter:label2\" content=\"Tiempo de lectura\" \/>\n\t<meta name=\"twitter:data2\" content=\"2 minutos\" \/>\n<script type=\"application\/ld+json\" class=\"yoast-schema-graph\">{\"@context\":\"https:\\\/\\\/schema.org\",\"@graph\":[{\"@type\":\"Article\",\"@id\":\"https:\\\/\\\/diarioprincipios.com\\\/index.php\\\/2025\\\/06\\\/26\\\/con-la-fuerza-de-las-obras-mata-rodriguez-fue-reelecto-en-comercio\\\/#article\",\"isPartOf\":{\"@id\":\"https:\\\/\\\/diarioprincipios.com\\\/index.php\\\/2025\\\/06\\\/26\\\/con-la-fuerza-de-las-obras-mata-rodriguez-fue-reelecto-en-comercio\\\/\"},\"author\":{\"name\":\"Hern\u00e1n L\u00f3pez\",\"@id\":\"https:\\\/\\\/diarioprincipios.com\\\/#\\\/schema\\\/person\\\/436d5a1fd41a5e250e23ff5a6a7cb080\"},\"headline\":\"Con la fuerza de las Obras, \u00abMata\u00bb Rodriguez fue Reelecto en Comercio\",\"datePublished\":\"2025-06-27T00:33:15+00:00\",\"dateModified\":\"2025-06-27T00:33:16+00:00\",\"mainEntityOfPage\":{\"@id\":\"https:\\\/\\\/diarioprincipios.com\\\/index.php\\\/2025\\\/06\\\/26\\\/con-la-fuerza-de-las-obras-mata-rodriguez-fue-reelecto-en-comercio\\\/\"},\"wordCount\":334,\"commentCount\":0,\"publisher\":{\"@id\":\"https:\\\/\\\/diarioprincipios.com\\\/#organization\"},\"image\":{\"@id\":\"https:\\\/\\\/diarioprincipios.com\\\/index.php\\\/2025\\\/06\\\/26\\\/con-la-fuerza-de-las-obras-mata-rodriguez-fue-reelecto-en-comercio\\\/#primaryimage\"},\"thumbnailUrl\":\"https:\\\/\\\/diarioprincipios.com\\\/wp-content\\\/uploads\\\/2025\\\/06\\\/IMG-20250626-WA0100.jpg\",\"articleSection\":[\"Gremiales\",\"Zonar Sur\"],\"inLanguage\":\"es\",\"potentialAction\":[{\"@type\":\"CommentAction\",\"name\":\"Comment\",\"target\":[\"https:\\\/\\\/diarioprincipios.com\\\/index.php\\\/2025\\\/06\\\/26\\\/con-la-fuerza-de-las-obras-mata-rodriguez-fue-reelecto-en-comercio\\\/#respond\"]}]},{\"@type\":\"WebPage\",\"@id\":\"https:\\\/\\\/diarioprincipios.com\\\/index.php\\\/2025\\\/06\\\/26\\\/con-la-fuerza-de-las-obras-mata-rodriguez-fue-reelecto-en-comercio\\\/\",\"url\":\"https:\\\/\\\/diarioprincipios.com\\\/index.php\\\/2025\\\/06\\\/26\\\/con-la-fuerza-de-las-obras-mata-rodriguez-fue-reelecto-en-comercio\\\/\",\"name\":\"Con la fuerza de las Obras, \\\"Mata\\\" Rodriguez fue Reelecto en Comercio - Principios\",\"isPartOf\":{\"@id\":\"https:\\\/\\\/diarioprincipios.com\\\/#website\"},\"primaryImageOfPage\":{\"@id\":\"https:\\\/\\\/diarioprincipios.com\\\/index.php\\\/2025\\\/06\\\/26\\\/con-la-fuerza-de-las-obras-mata-rodriguez-fue-reelecto-en-comercio\\\/#primaryimage\"},\"image\":{\"@id\":\"https:\\\/\\\/diarioprincipios.com\\\/index.php\\\/2025\\\/06\\\/26\\\/con-la-fuerza-de-las-obras-mata-rodriguez-fue-reelecto-en-comercio\\\/#primaryimage\"},\"thumbnailUrl\":\"https:\\\/\\\/diarioprincipios.com\\\/wp-content\\\/uploads\\\/2025\\\/06\\\/IMG-20250626-WA0100.jpg\",\"datePublished\":\"2025-06-27T00:33:15+00:00\",\"dateModified\":\"2025-06-27T00:33:16+00:00\",\"breadcrumb\":{\"@id\":\"https:\\\/\\\/diarioprincipios.com\\\/index.php\\\/2025\\\/06\\\/26\\\/con-la-fuerza-de-las-obras-mata-rodriguez-fue-reelecto-en-comercio\\\/#breadcrumb\"},\"inLanguage\":\"es\",\"potentialAction\":[{\"@type\":\"ReadAction\",\"target\":[\"https:\\\/\\\/diarioprincipios.com\\\/index.php\\\/2025\\\/06\\\/26\\\/con-la-fuerza-de-las-obras-mata-rodriguez-fue-reelecto-en-comercio\\\/\"]}]},{\"@type\":\"ImageObject\",\"inLanguage\":\"es\",\"@id\":\"https:\\\/\\\/diarioprincipios.com\\\/index.php\\\/2025\\\/06\\\/26\\\/con-la-fuerza-de-las-obras-mata-rodriguez-fue-reelecto-en-comercio\\\/#primaryimage\",\"url\":\"https:\\\/\\\/diarioprincipios.com\\\/wp-content\\\/uploads\\\/2025\\\/06\\\/IMG-20250626-WA0100.jpg\",\"contentUrl\":\"https:\\\/\\\/diarioprincipios.com\\\/wp-content\\\/uploads\\\/2025\\\/06\\\/IMG-20250626-WA0100.jpg\",\"width\":780,\"height\":760},{\"@type\":\"BreadcrumbList\",\"@id\":\"https:\\\/\\\/diarioprincipios.com\\\/index.php\\\/2025\\\/06\\\/26\\\/con-la-fuerza-de-las-obras-mata-rodriguez-fue-reelecto-en-comercio\\\/#breadcrumb\",\"itemListElement\":[{\"@type\":\"ListItem\",\"position\":1,\"name\":\"Portada\",\"item\":\"https:\\\/\\\/diarioprincipios.com\\\/\"},{\"@type\":\"ListItem\",\"position\":2,\"name\":\"Con la fuerza de las Obras, \u00abMata\u00bb Rodriguez fue Reelecto en Comercio\"}]},{\"@type\":\"WebSite\",\"@id\":\"https:\\\/\\\/diarioprincipios.com\\\/#website\",\"url\":\"https:\\\/\\\/diarioprincipios.com\\\/\",\"name\":\"Principios\",\"description\":\"Principios Diario\",\"publisher\":{\"@id\":\"https:\\\/\\\/diarioprincipios.com\\\/#organization\"},\"potentialAction\":[{\"@type\":\"SearchAction\",\"target\":{\"@type\":\"EntryPoint\",\"urlTemplate\":\"https:\\\/\\\/diarioprincipios.com\\\/?s={search_term_string}\"},\"query-input\":{\"@type\":\"PropertyValueSpecification\",\"valueRequired\":true,\"valueName\":\"search_term_string\"}}],\"inLanguage\":\"es\"},{\"@type\":\"Organization\",\"@id\":\"https:\\\/\\\/diarioprincipios.com\\\/#organization\",\"name\":\"Principios\",\"url\":\"https:\\\/\\\/diarioprincipios.com\\\/\",\"logo\":{\"@type\":\"ImageObject\",\"inLanguage\":\"es\",\"@id\":\"https:\\\/\\\/diarioprincipios.com\\\/#\\\/schema\\\/logo\\\/image\\\/\",\"url\":\"https:\\\/\\\/diarioprincipios.com\\\/wp-content\\\/uploads\\\/2024\\\/04\\\/cropped-www.diarioprincipios.com_-1.png\",\"contentUrl\":\"https:\\\/\\\/diarioprincipios.com\\\/wp-content\\\/uploads\\\/2024\\\/04\\\/cropped-www.diarioprincipios.com_-1.png\",\"width\":5325,\"height\":1454,\"caption\":\"Principios\"},\"image\":{\"@id\":\"https:\\\/\\\/diarioprincipios.com\\\/#\\\/schema\\\/logo\\\/image\\\/\"}},{\"@type\":\"Person\",\"@id\":\"https:\\\/\\\/diarioprincipios.com\\\/#\\\/schema\\\/person\\\/436d5a1fd41a5e250e23ff5a6a7cb080\",\"name\":\"Hern\u00e1n L\u00f3pez\",\"image\":{\"@type\":\"ImageObject\",\"inLanguage\":\"es\",\"@id\":\"https:\\\/\\\/diarioprincipios.com\\\/wp-content\\\/litespeed\\\/avatar\\\/11ddfe5610ff3bd100522525b2571f48.jpg?ver=1777048341\",\"url\":\"https:\\\/\\\/diarioprincipios.com\\\/wp-content\\\/litespeed\\\/avatar\\\/11ddfe5610ff3bd100522525b2571f48.jpg?ver=1777048341\",\"contentUrl\":\"https:\\\/\\\/diarioprincipios.com\\\/wp-content\\\/litespeed\\\/avatar\\\/11ddfe5610ff3bd100522525b2571f48.jpg?ver=1777048341\",\"caption\":\"Hern\u00e1n L\u00f3pez\"},\"url\":\"https:\\\/\\\/diarioprincipios.com\\\/index.php\\\/author\\\/hernan\\\/\"}]}<\/script>\n<!-- \/ Yoast SEO plugin. -->","yoast_head_json":{"title":"Con la fuerza de las Obras, \"Mata\" Rodriguez fue Reelecto en Comercio - Principios","robots":{"index":"index","follow":"follow","max-snippet":"max-snippet:-1","max-image-preview":"max-image-preview:large","max-video-preview":"max-video-preview:-1"},"canonical":"https:\/\/diarioprincipios.com\/index.php\/2025\/06\/26\/con-la-fuerza-de-las-obras-mata-rodriguez-fue-reelecto-en-comercio\/","og_locale":"es_ES","og_type":"article","og_title":"Con la fuerza de las Obras, \"Mata\" Rodriguez fue Reelecto en Comercio - Principios","og_description":"El hist\u00f3rico dirigente gremial y actual Secretario General del Centro de Empleados de Comercio de Quilmes, Berazategui y Varela, fue reelecto este jueves al frente del sindicato y el 26 de Septiembre, D\u00eda del Empleado de Comercio, asumir\u00e1 un nuevo mandado.M\u00e1s de 3 mil empleados de comercio votaron la lista \u00fanica encabezada por \u00abMata\u00bb Rodriguez...","og_url":"https:\/\/diarioprincipios.com\/index.php\/2025\/06\/26\/con-la-fuerza-de-las-obras-mata-rodriguez-fue-reelecto-en-comercio\/","og_site_name":"Principios","article_published_time":"2025-06-27T00:33:15+00:00","article_modified_time":"2025-06-27T00:33:16+00:00","og_image":[{"width":780,"height":760,"url":"https:\/\/diarioprincipios.com\/wp-content\/uploads\/2025\/06\/IMG-20250626-WA0100.jpg","type":"image\/jpeg"}],"author":"Hern\u00e1n L\u00f3pez","twitter_card":"summary_large_image","twitter_misc":{"Escrito por":"Hern\u00e1n L\u00f3pez","Tiempo de lectura":"2 minutos"},"schema":{"@context":"https:\/\/schema.org","@graph":[{"@type":"Article","@id":"https:\/\/diarioprincipios.com\/index.php\/2025\/06\/26\/con-la-fuerza-de-las-obras-mata-rodriguez-fue-reelecto-en-comercio\/#article","isPartOf":{"@id":"https:\/\/diarioprincipios.com\/index.php\/2025\/06\/26\/con-la-fuerza-de-las-obras-mata-rodriguez-fue-reelecto-en-comercio\/"},"author":{"name":"Hern\u00e1n L\u00f3pez","@id":"https:\/\/diarioprincipios.com\/#\/schema\/person\/436d5a1fd41a5e250e23ff5a6a7cb080"},"headline":"Con la fuerza de las Obras, \u00abMata\u00bb Rodriguez fue Reelecto en Comercio","datePublished":"2025-06-27T00:33:15+00:00","dateModified":"2025-06-27T00:33:16+00:00","mainEntityOfPage":{"@id":"https:\/\/diarioprincipios.com\/index.php\/2025\/06\/26\/con-la-fuerza-de-las-obras-mata-rodriguez-fue-reelecto-en-comercio\/"},"wordCount":334,"commentCount":0,"publisher":{"@id":"https:\/\/diarioprincipios.com\/#organization"},"image":{"@id":"https:\/\/diarioprincipios.com\/index.php\/2025\/06\/26\/con-la-fuerza-de-las-obras-mata-rodriguez-fue-reelecto-en-comercio\/#primaryimage"},"thumbnailUrl":"https:\/\/diarioprincipios.com\/wp-content\/uploads\/2025\/06\/IMG-20250626-WA0100.jpg","articleSection":["Gremiales","Zonar Sur"],"inLanguage":"es","potentialAction":[{"@type":"CommentAction","name":"Comment","target":["https:\/\/diarioprincipios.com\/index.php\/2025\/06\/26\/con-la-fuerza-de-las-obras-mata-rodriguez-fue-reelecto-en-comercio\/#respond"]}]},{"@type":"WebPage","@id":"https:\/\/diarioprincipios.com\/index.php\/2025\/06\/26\/con-la-fuerza-de-las-obras-mata-rodriguez-fue-reelecto-en-comercio\/","url":"https:\/\/diarioprincipios.com\/index.php\/2025\/06\/26\/con-la-fuerza-de-las-obras-mata-rodriguez-fue-reelecto-en-comercio\/","name":"Con la fuerza de las Obras, \"Mata\" Rodriguez fue Reelecto en Comercio - Principios","isPartOf":{"@id":"https:\/\/diarioprincipios.com\/#website"},"primaryImageOfPage":{"@id":"https:\/\/diarioprincipios.com\/index.php\/2025\/06\/26\/con-la-fuerza-de-las-obras-mata-rodriguez-fue-reelecto-en-comercio\/#primaryimage"},"image":{"@id":"https:\/\/diarioprincipios.com\/index.php\/2025\/06\/26\/con-la-fuerza-de-las-obras-mata-rodriguez-fue-reelecto-en-comercio\/#primaryimage"},"thumbnailUrl":"https:\/\/diarioprincipios.com\/wp-content\/uploads\/2025\/06\/IMG-20250626-WA0100.jpg","datePublished":"2025-06-27T00:33:15+00:00","dateModified":"2025-06-27T00:33:16+00:00","breadcrumb":{"@id":"https:\/\/diarioprincipios.com\/index.php\/2025\/06\/26\/con-la-fuerza-de-las-obras-mata-rodriguez-fue-reelecto-en-comercio\/#breadcrumb"},"inLanguage":"es","potentialAction":[{"@type":"ReadAction","target":["https:\/\/diarioprincipios.com\/index.php\/2025\/06\/26\/con-la-fuerza-de-las-obras-mata-rodriguez-fue-reelecto-en-comercio\/"]}]},{"@type":"ImageObject","inLanguage":"es","@id":"https:\/\/diarioprincipios.com\/index.php\/2025\/06\/26\/con-la-fuerza-de-las-obras-mata-rodriguez-fue-reelecto-en-comercio\/#primaryimage","url":"https:\/\/diarioprincipios.com\/wp-content\/uploads\/2025\/06\/IMG-20250626-WA0100.jpg","contentUrl":"https:\/\/diarioprincipios.com\/wp-content\/uploads\/2025\/06\/IMG-20250626-WA0100.jpg","width":780,"height":760},{"@type":"BreadcrumbList","@id":"https:\/\/diarioprincipios.com\/index.php\/2025\/06\/26\/con-la-fuerza-de-las-obras-mata-rodriguez-fue-reelecto-en-comercio\/#breadcrumb","itemListElement":[{"@type":"ListItem","position":1,"name":"Portada","item":"https:\/\/diarioprincipios.com\/"},{"@type":"ListItem","position":2,"name":"Con la fuerza de las Obras, \u00abMata\u00bb Rodriguez fue Reelecto en Comercio"}]},{"@type":"WebSite","@id":"https:\/\/diarioprincipios.com\/#website","url":"https:\/\/diarioprincipios.com\/","name":"Principios","description":"Principios Diario","publisher":{"@id":"https:\/\/diarioprincipios.com\/#organization"},"potentialAction":[{"@type":"SearchAction","target":{"@type":"EntryPoint","urlTemplate":"https:\/\/diarioprincipios.com\/?s={search_term_string}"},"query-input":{"@type":"PropertyValueSpecification","valueRequired":true,"valueName":"search_term_string"}}],"inLanguage":"es"},{"@type":"Organization","@id":"https:\/\/diarioprincipios.com\/#organization","name":"Principios","url":"https:\/\/diarioprincipios.com\/","logo":{"@type":"ImageObject","inLanguage":"es","@id":"https:\/\/diarioprincipios.com\/#\/schema\/logo\/image\/","url":"https:\/\/diarioprincipios.com\/wp-content\/uploads\/2024\/04\/cropped-www.diarioprincipios.com_-1.png","contentUrl":"https:\/\/diarioprincipios.com\/wp-content\/uploads\/2024\/04\/cropped-www.diarioprincipios.com_-1.png","width":5325,"height":1454,"caption":"Principios"},"image":{"@id":"https:\/\/diarioprincipios.com\/#\/schema\/logo\/image\/"}},{"@type":"Person","@id":"https:\/\/diarioprincipios.com\/#\/schema\/person\/436d5a1fd41a5e250e23ff5a6a7cb080","name":"Hern\u00e1n L\u00f3pez","image":{"@type":"ImageObject","inLanguage":"es","@id":"https:\/\/diarioprincipios.com\/wp-content\/litespeed\/avatar\/11ddfe5610ff3bd100522525b2571f48.jpg?ver=1777048341","url":"https:\/\/diarioprincipios.com\/wp-content\/litespeed\/avatar\/11ddfe5610ff3bd100522525b2571f48.jpg?ver=1777048341","contentUrl":"https:\/\/diarioprincipios.com\/wp-content\/litespeed\/avatar\/11ddfe5610ff3bd100522525b2571f48.jpg?ver=1777048341","caption":"Hern\u00e1n L\u00f3pez"},"url":"https:\/\/diarioprincipios.com\/index.php\/author\/hernan\/"}]}},"jetpack_featured_media_url":"https:\/\/diarioprincipios.com\/wp-content\/uploads\/2025\/06\/IMG-20250626-WA0100.jpg","_links":{"self":[{"href":"https:\/\/diarioprincipios.com\/index.php\/wp-json\/wp\/v2\/posts\/24878","targetHints":{"allow":["GET"]}}],"collection":[{"href":"https:\/\/diarioprincipios.com\/index.php\/wp-json\/wp\/v2\/posts"}],"about":[{"href":"https:\/\/diarioprincipios.com\/index.php\/wp-json\/wp\/v2\/types\/post"}],"author":[{"embeddable":true,"href":"https:\/\/diarioprincipios.com\/index.php\/wp-json\/wp\/v2\/users\/2"}],"replies":[{"embeddable":true,"href":"https:\/\/diarioprincipios.com\/index.php\/wp-json\/wp\/v2\/comments?post=24878"}],"version-history":[{"count":1,"href":"https:\/\/diarioprincipios.com\/index.php\/wp-json\/wp\/v2\/posts\/24878\/revisions"}],"predecessor-version":[{"id":24880,"href":"https:\/\/diarioprincipios.com\/index.php\/wp-json\/wp\/v2\/posts\/24878\/revisions\/24880"}],"wp:featuredmedia":[{"embeddable":true,"href":"https:\/\/diarioprincipios.com\/index.php\/wp-json\/wp\/v2\/media\/24879"}],"wp:attachment":[{"href":"https:\/\/diarioprincipios.com\/index.php\/wp-json\/wp\/v2\/media?parent=24878"}],"wp:term":[{"taxonomy":"category","embeddable":true,"href":"https:\/\/diarioprincipios.com\/index.php\/wp-json\/wp\/v2\/categories?post=24878"},{"taxonomy":"post_tag","embeddable":true,"href":"https:\/\/diarioprincipios.com\/index.php\/wp-json\/wp\/v2\/tags?post=24878"}],"curies":[{"name":"wp","href":"https:\/\/api.w.org\/{rel}","templated":true}]}}