{"id":24871,"date":"2025-06-26T14:42:12","date_gmt":"2025-06-26T17:42:12","guid":{"rendered":"https:\/\/diarioprincipios.com\/?p=24871"},"modified":"2025-06-26T14:42:13","modified_gmt":"2025-06-26T17:42:13","slug":"gran-jornada-integral-de-salud-en-sedronar","status":"publish","type":"post","link":"https:\/\/diarioprincipios.com\/index.php\/2025\/06\/26\/gran-jornada-integral-de-salud-en-sedronar\/","title":{"rendered":"Gran Jornada Integral de Salud en SEDRONAR"},"content":{"rendered":"\n<p><strong>La Municipalidad de Berazategui realizar\u00e1 una importante jornada de salud en el Dispositivo Territorial Comunitario (DTC) de SEDRONAR, en la calle 57 y 129 (Kennedy Sur), con acceso libre y gratuito. Ser\u00e1 el jueves 26 de junio, en el horario de 9.00 a 13.00. La convocatoria se da en el marco del D\u00eda Internacional de la Lucha contra el Uso Indebido y el Tr\u00e1fico Il\u00edcito de Drogas -que se conmemora el 26\/6-; y el D\u00eda Nacional del Testeo R\u00e1pido de VIH -27\/6-.<\/strong><\/p>\n\n\n\n<figure class=\"wp-block-image size-large\"><img loading=\"lazy\" decoding=\"async\" width=\"819\" height=\"1024\" src=\"https:\/\/diarioprincipios.com\/wp-content\/uploads\/2025\/06\/GRAN-JORNADA-INTEGRAL-DE-SALUD-EN-SEDRONAR-1-819x1024.jpg\" alt=\"\" class=\"wp-image-24872\" srcset=\"https:\/\/diarioprincipios.com\/wp-content\/uploads\/2025\/06\/GRAN-JORNADA-INTEGRAL-DE-SALUD-EN-SEDRONAR-1-819x1024.jpg 819w, https:\/\/diarioprincipios.com\/wp-content\/uploads\/2025\/06\/GRAN-JORNADA-INTEGRAL-DE-SALUD-EN-SEDRONAR-1-240x300.jpg 240w, https:\/\/diarioprincipios.com\/wp-content\/uploads\/2025\/06\/GRAN-JORNADA-INTEGRAL-DE-SALUD-EN-SEDRONAR-1-768x960.jpg 768w, https:\/\/diarioprincipios.com\/wp-content\/uploads\/2025\/06\/GRAN-JORNADA-INTEGRAL-DE-SALUD-EN-SEDRONAR-1-1229x1536.jpg 1229w, https:\/\/diarioprincipios.com\/wp-content\/uploads\/2025\/06\/GRAN-JORNADA-INTEGRAL-DE-SALUD-EN-SEDRONAR-1.jpg 1280w\" sizes=\"auto, (max-width: 819px) 100vw, 819px\" \/><\/figure>\n\n\n\n<p><br>De esta manera, por impulso del intendente Juan Jos\u00e9 Mussi, con organizaci\u00f3n de la Secretar\u00eda de Salud P\u00fablica e Higiene y la participaci\u00f3n de las Subsecretar\u00edas municipales de Mujeres, G\u00e9nero y Diversidades; y de Juventudes, se brindar\u00e1n los siguientes servicios:<br>-Test r\u00e1pido de VIH.-Informaci\u00f3n y asesoramiento para casos de consumos problem\u00e1ticos.-Consejer\u00eda y atenci\u00f3n de salud materno infantil, nutrici\u00f3n, Coordinaci\u00f3n Integral de Prevenci\u00f3n y Asistencia a las Violencias (CIPAV), ni\u00f1ez y adolescencia; y Red de Salud Mental.-Consultas cl\u00ednicas y pedi\u00e1tricas.-Firma de libretas para la AUH y vacunaci\u00f3n.-Asesoramiento sobre Mujeres, G\u00e9nero y Diversidades.- Radio abierta.<br><strong>Desv\u00edos de tr\u00e1nsito por la Jornada\u00a0<\/strong><br>Dado que se instalar\u00e1n un Vacunatorio y un Hospital m\u00f3viles, la calle 57 entre 128 y 129 permanecer\u00e1 cerrada para la circulaci\u00f3n vehicular, desde las 8.30 y hasta las 14.00. Por esta raz\u00f3n, se sugiere conducir por las calles 128 y 129.<br>Para conocer m\u00e1s sobre las pol\u00edticas sanitarias municipales, se puede ingresar en\u00a0<a href=\"http:\/\/berazategui.gob.ar\/salud\" target=\"_blank\" rel=\"noreferrer noopener\">Berazategui.gob.ar\/salud<\/a>.<\/p>\n","protected":false},"excerpt":{"rendered":"<p>La Municipalidad de Berazategui realizar\u00e1 una importante jornada de salud en el Dispositivo Territorial Comunitario (DTC) de SEDRONAR, en la calle 57 y 129 (Kennedy Sur), con acceso libre y gratuito. Ser\u00e1 el jueves 26 de junio, en el horario de 9.00 a 13.00. La convocatoria se da en el marco del D\u00eda Internacional de&#8230;<\/p>\n","protected":false},"author":2,"featured_media":24873,"comment_status":"open","ping_status":"open","sticky":false,"template":"","format":"standard","meta":{"footnotes":""},"categories":[3,20],"tags":[],"class_list":["post-24871","post","type-post","status-publish","format-standard","has-post-thumbnail","hentry","category-berazategui","category-salud-ambiente"],"featured_image_src":"https:\/\/diarioprincipios.com\/wp-content\/uploads\/2025\/06\/GRAN-JORNADA-INTEGRAL-DE-SALUD-EN-SEDRONAR-819x1024.jpg","blog_images":{"medium":"https:\/\/diarioprincipios.com\/wp-content\/uploads\/2025\/06\/GRAN-JORNADA-INTEGRAL-DE-SALUD-EN-SEDRONAR-240x300.jpg","large":"https:\/\/diarioprincipios.com\/wp-content\/uploads\/2025\/06\/GRAN-JORNADA-INTEGRAL-DE-SALUD-EN-SEDRONAR-819x1024.jpg"},"ams_acf":[],"yoast_head":"<!-- This site is optimized with the Yoast SEO plugin v27.3 - https:\/\/yoast.com\/product\/yoast-seo-wordpress\/ -->\n<title>Gran Jornada Integral de Salud en SEDRONAR - Principios<\/title>\n<meta name=\"robots\" content=\"index, follow, max-snippet:-1, max-image-preview:large, max-video-preview:-1\" \/>\n<link rel=\"canonical\" href=\"https:\/\/diarioprincipios.com\/index.php\/2025\/06\/26\/gran-jornada-integral-de-salud-en-sedronar\/\" \/>\n<meta property=\"og:locale\" content=\"es_ES\" \/>\n<meta property=\"og:type\" content=\"article\" \/>\n<meta property=\"og:title\" content=\"Gran Jornada Integral de Salud en SEDRONAR - Principios\" \/>\n<meta property=\"og:description\" content=\"La Municipalidad de Berazategui realizar\u00e1 una importante jornada de salud en el Dispositivo Territorial Comunitario (DTC) de SEDRONAR, en la calle 57 y 129 (Kennedy Sur), con acceso libre y gratuito. Ser\u00e1 el jueves 26 de junio, en el horario de 9.00 a 13.00. La convocatoria se da en el marco del D\u00eda Internacional de...\" \/>\n<meta property=\"og:url\" content=\"https:\/\/diarioprincipios.com\/index.php\/2025\/06\/26\/gran-jornada-integral-de-salud-en-sedronar\/\" \/>\n<meta property=\"og:site_name\" content=\"Principios\" \/>\n<meta property=\"article:published_time\" content=\"2025-06-26T17:42:12+00:00\" \/>\n<meta property=\"article:modified_time\" content=\"2025-06-26T17:42:13+00:00\" \/>\n<meta property=\"og:image\" content=\"https:\/\/diarioprincipios.com\/wp-content\/uploads\/2025\/06\/GRAN-JORNADA-INTEGRAL-DE-SALUD-EN-SEDRONAR.jpg\" \/>\n\t<meta property=\"og:image:width\" content=\"1280\" \/>\n\t<meta property=\"og:image:height\" content=\"1600\" \/>\n\t<meta property=\"og:image:type\" content=\"image\/jpeg\" \/>\n<meta name=\"author\" content=\"Hern\u00e1n L\u00f3pez\" \/>\n<meta name=\"twitter:card\" content=\"summary_large_image\" \/>\n<meta name=\"twitter:label1\" content=\"Escrito por\" \/>\n\t<meta name=\"twitter:data1\" content=\"Hern\u00e1n L\u00f3pez\" \/>\n\t<meta name=\"twitter:label2\" content=\"Tiempo de lectura\" \/>\n\t<meta name=\"twitter:data2\" content=\"2 minutos\" \/>\n<script type=\"application\/ld+json\" class=\"yoast-schema-graph\">{\"@context\":\"https:\\\/\\\/schema.org\",\"@graph\":[{\"@type\":\"Article\",\"@id\":\"https:\\\/\\\/diarioprincipios.com\\\/index.php\\\/2025\\\/06\\\/26\\\/gran-jornada-integral-de-salud-en-sedronar\\\/#article\",\"isPartOf\":{\"@id\":\"https:\\\/\\\/diarioprincipios.com\\\/index.php\\\/2025\\\/06\\\/26\\\/gran-jornada-integral-de-salud-en-sedronar\\\/\"},\"author\":{\"name\":\"Hern\u00e1n L\u00f3pez\",\"@id\":\"https:\\\/\\\/diarioprincipios.com\\\/#\\\/schema\\\/person\\\/436d5a1fd41a5e250e23ff5a6a7cb080\"},\"headline\":\"Gran Jornada Integral de Salud en SEDRONAR\",\"datePublished\":\"2025-06-26T17:42:12+00:00\",\"dateModified\":\"2025-06-26T17:42:13+00:00\",\"mainEntityOfPage\":{\"@id\":\"https:\\\/\\\/diarioprincipios.com\\\/index.php\\\/2025\\\/06\\\/26\\\/gran-jornada-integral-de-salud-en-sedronar\\\/\"},\"wordCount\":274,\"commentCount\":0,\"publisher\":{\"@id\":\"https:\\\/\\\/diarioprincipios.com\\\/#organization\"},\"image\":{\"@id\":\"https:\\\/\\\/diarioprincipios.com\\\/index.php\\\/2025\\\/06\\\/26\\\/gran-jornada-integral-de-salud-en-sedronar\\\/#primaryimage\"},\"thumbnailUrl\":\"https:\\\/\\\/diarioprincipios.com\\\/wp-content\\\/uploads\\\/2025\\\/06\\\/GRAN-JORNADA-INTEGRAL-DE-SALUD-EN-SEDRONAR.jpg\",\"articleSection\":[\"Berazategui\",\"Salud y Ambiente\"],\"inLanguage\":\"es\",\"potentialAction\":[{\"@type\":\"CommentAction\",\"name\":\"Comment\",\"target\":[\"https:\\\/\\\/diarioprincipios.com\\\/index.php\\\/2025\\\/06\\\/26\\\/gran-jornada-integral-de-salud-en-sedronar\\\/#respond\"]}]},{\"@type\":\"WebPage\",\"@id\":\"https:\\\/\\\/diarioprincipios.com\\\/index.php\\\/2025\\\/06\\\/26\\\/gran-jornada-integral-de-salud-en-sedronar\\\/\",\"url\":\"https:\\\/\\\/diarioprincipios.com\\\/index.php\\\/2025\\\/06\\\/26\\\/gran-jornada-integral-de-salud-en-sedronar\\\/\",\"name\":\"Gran Jornada Integral de Salud en SEDRONAR - Principios\",\"isPartOf\":{\"@id\":\"https:\\\/\\\/diarioprincipios.com\\\/#website\"},\"primaryImageOfPage\":{\"@id\":\"https:\\\/\\\/diarioprincipios.com\\\/index.php\\\/2025\\\/06\\\/26\\\/gran-jornada-integral-de-salud-en-sedronar\\\/#primaryimage\"},\"image\":{\"@id\":\"https:\\\/\\\/diarioprincipios.com\\\/index.php\\\/2025\\\/06\\\/26\\\/gran-jornada-integral-de-salud-en-sedronar\\\/#primaryimage\"},\"thumbnailUrl\":\"https:\\\/\\\/diarioprincipios.com\\\/wp-content\\\/uploads\\\/2025\\\/06\\\/GRAN-JORNADA-INTEGRAL-DE-SALUD-EN-SEDRONAR.jpg\",\"datePublished\":\"2025-06-26T17:42:12+00:00\",\"dateModified\":\"2025-06-26T17:42:13+00:00\",\"breadcrumb\":{\"@id\":\"https:\\\/\\\/diarioprincipios.com\\\/index.php\\\/2025\\\/06\\\/26\\\/gran-jornada-integral-de-salud-en-sedronar\\\/#breadcrumb\"},\"inLanguage\":\"es\",\"potentialAction\":[{\"@type\":\"ReadAction\",\"target\":[\"https:\\\/\\\/diarioprincipios.com\\\/index.php\\\/2025\\\/06\\\/26\\\/gran-jornada-integral-de-salud-en-sedronar\\\/\"]}]},{\"@type\":\"ImageObject\",\"inLanguage\":\"es\",\"@id\":\"https:\\\/\\\/diarioprincipios.com\\\/index.php\\\/2025\\\/06\\\/26\\\/gran-jornada-integral-de-salud-en-sedronar\\\/#primaryimage\",\"url\":\"https:\\\/\\\/diarioprincipios.com\\\/wp-content\\\/uploads\\\/2025\\\/06\\\/GRAN-JORNADA-INTEGRAL-DE-SALUD-EN-SEDRONAR.jpg\",\"contentUrl\":\"https:\\\/\\\/diarioprincipios.com\\\/wp-content\\\/uploads\\\/2025\\\/06\\\/GRAN-JORNADA-INTEGRAL-DE-SALUD-EN-SEDRONAR.jpg\",\"width\":1280,\"height\":1600},{\"@type\":\"BreadcrumbList\",\"@id\":\"https:\\\/\\\/diarioprincipios.com\\\/index.php\\\/2025\\\/06\\\/26\\\/gran-jornada-integral-de-salud-en-sedronar\\\/#breadcrumb\",\"itemListElement\":[{\"@type\":\"ListItem\",\"position\":1,\"name\":\"Portada\",\"item\":\"https:\\\/\\\/diarioprincipios.com\\\/\"},{\"@type\":\"ListItem\",\"position\":2,\"name\":\"Gran Jornada Integral de Salud en SEDRONAR\"}]},{\"@type\":\"WebSite\",\"@id\":\"https:\\\/\\\/diarioprincipios.com\\\/#website\",\"url\":\"https:\\\/\\\/diarioprincipios.com\\\/\",\"name\":\"Principios\",\"description\":\"Principios Diario\",\"publisher\":{\"@id\":\"https:\\\/\\\/diarioprincipios.com\\\/#organization\"},\"potentialAction\":[{\"@type\":\"SearchAction\",\"target\":{\"@type\":\"EntryPoint\",\"urlTemplate\":\"https:\\\/\\\/diarioprincipios.com\\\/?s={search_term_string}\"},\"query-input\":{\"@type\":\"PropertyValueSpecification\",\"valueRequired\":true,\"valueName\":\"search_term_string\"}}],\"inLanguage\":\"es\"},{\"@type\":\"Organization\",\"@id\":\"https:\\\/\\\/diarioprincipios.com\\\/#organization\",\"name\":\"Principios\",\"url\":\"https:\\\/\\\/diarioprincipios.com\\\/\",\"logo\":{\"@type\":\"ImageObject\",\"inLanguage\":\"es\",\"@id\":\"https:\\\/\\\/diarioprincipios.com\\\/#\\\/schema\\\/logo\\\/image\\\/\",\"url\":\"https:\\\/\\\/diarioprincipios.com\\\/wp-content\\\/uploads\\\/2024\\\/04\\\/cropped-www.diarioprincipios.com_-1.png\",\"contentUrl\":\"https:\\\/\\\/diarioprincipios.com\\\/wp-content\\\/uploads\\\/2024\\\/04\\\/cropped-www.diarioprincipios.com_-1.png\",\"width\":5325,\"height\":1454,\"caption\":\"Principios\"},\"image\":{\"@id\":\"https:\\\/\\\/diarioprincipios.com\\\/#\\\/schema\\\/logo\\\/image\\\/\"}},{\"@type\":\"Person\",\"@id\":\"https:\\\/\\\/diarioprincipios.com\\\/#\\\/schema\\\/person\\\/436d5a1fd41a5e250e23ff5a6a7cb080\",\"name\":\"Hern\u00e1n L\u00f3pez\",\"image\":{\"@type\":\"ImageObject\",\"inLanguage\":\"es\",\"@id\":\"https:\\\/\\\/diarioprincipios.com\\\/wp-content\\\/litespeed\\\/avatar\\\/11ddfe5610ff3bd100522525b2571f48.jpg?ver=1777048341\",\"url\":\"https:\\\/\\\/diarioprincipios.com\\\/wp-content\\\/litespeed\\\/avatar\\\/11ddfe5610ff3bd100522525b2571f48.jpg?ver=1777048341\",\"contentUrl\":\"https:\\\/\\\/diarioprincipios.com\\\/wp-content\\\/litespeed\\\/avatar\\\/11ddfe5610ff3bd100522525b2571f48.jpg?ver=1777048341\",\"caption\":\"Hern\u00e1n L\u00f3pez\"},\"url\":\"https:\\\/\\\/diarioprincipios.com\\\/index.php\\\/author\\\/hernan\\\/\"}]}<\/script>\n<!-- \/ Yoast SEO plugin. -->","yoast_head_json":{"title":"Gran Jornada Integral de Salud en SEDRONAR - Principios","robots":{"index":"index","follow":"follow","max-snippet":"max-snippet:-1","max-image-preview":"max-image-preview:large","max-video-preview":"max-video-preview:-1"},"canonical":"https:\/\/diarioprincipios.com\/index.php\/2025\/06\/26\/gran-jornada-integral-de-salud-en-sedronar\/","og_locale":"es_ES","og_type":"article","og_title":"Gran Jornada Integral de Salud en SEDRONAR - Principios","og_description":"La Municipalidad de Berazategui realizar\u00e1 una importante jornada de salud en el Dispositivo Territorial Comunitario (DTC) de SEDRONAR, en la calle 57 y 129 (Kennedy Sur), con acceso libre y gratuito. Ser\u00e1 el jueves 26 de junio, en el horario de 9.00 a 13.00. La convocatoria se da en el marco del D\u00eda Internacional de...","og_url":"https:\/\/diarioprincipios.com\/index.php\/2025\/06\/26\/gran-jornada-integral-de-salud-en-sedronar\/","og_site_name":"Principios","article_published_time":"2025-06-26T17:42:12+00:00","article_modified_time":"2025-06-26T17:42:13+00:00","og_image":[{"width":1280,"height":1600,"url":"https:\/\/diarioprincipios.com\/wp-content\/uploads\/2025\/06\/GRAN-JORNADA-INTEGRAL-DE-SALUD-EN-SEDRONAR.jpg","type":"image\/jpeg"}],"author":"Hern\u00e1n L\u00f3pez","twitter_card":"summary_large_image","twitter_misc":{"Escrito por":"Hern\u00e1n L\u00f3pez","Tiempo de lectura":"2 minutos"},"schema":{"@context":"https:\/\/schema.org","@graph":[{"@type":"Article","@id":"https:\/\/diarioprincipios.com\/index.php\/2025\/06\/26\/gran-jornada-integral-de-salud-en-sedronar\/#article","isPartOf":{"@id":"https:\/\/diarioprincipios.com\/index.php\/2025\/06\/26\/gran-jornada-integral-de-salud-en-sedronar\/"},"author":{"name":"Hern\u00e1n L\u00f3pez","@id":"https:\/\/diarioprincipios.com\/#\/schema\/person\/436d5a1fd41a5e250e23ff5a6a7cb080"},"headline":"Gran Jornada Integral de Salud en SEDRONAR","datePublished":"2025-06-26T17:42:12+00:00","dateModified":"2025-06-26T17:42:13+00:00","mainEntityOfPage":{"@id":"https:\/\/diarioprincipios.com\/index.php\/2025\/06\/26\/gran-jornada-integral-de-salud-en-sedronar\/"},"wordCount":274,"commentCount":0,"publisher":{"@id":"https:\/\/diarioprincipios.com\/#organization"},"image":{"@id":"https:\/\/diarioprincipios.com\/index.php\/2025\/06\/26\/gran-jornada-integral-de-salud-en-sedronar\/#primaryimage"},"thumbnailUrl":"https:\/\/diarioprincipios.com\/wp-content\/uploads\/2025\/06\/GRAN-JORNADA-INTEGRAL-DE-SALUD-EN-SEDRONAR.jpg","articleSection":["Berazategui","Salud y Ambiente"],"inLanguage":"es","potentialAction":[{"@type":"CommentAction","name":"Comment","target":["https:\/\/diarioprincipios.com\/index.php\/2025\/06\/26\/gran-jornada-integral-de-salud-en-sedronar\/#respond"]}]},{"@type":"WebPage","@id":"https:\/\/diarioprincipios.com\/index.php\/2025\/06\/26\/gran-jornada-integral-de-salud-en-sedronar\/","url":"https:\/\/diarioprincipios.com\/index.php\/2025\/06\/26\/gran-jornada-integral-de-salud-en-sedronar\/","name":"Gran Jornada Integral de Salud en SEDRONAR - Principios","isPartOf":{"@id":"https:\/\/diarioprincipios.com\/#website"},"primaryImageOfPage":{"@id":"https:\/\/diarioprincipios.com\/index.php\/2025\/06\/26\/gran-jornada-integral-de-salud-en-sedronar\/#primaryimage"},"image":{"@id":"https:\/\/diarioprincipios.com\/index.php\/2025\/06\/26\/gran-jornada-integral-de-salud-en-sedronar\/#primaryimage"},"thumbnailUrl":"https:\/\/diarioprincipios.com\/wp-content\/uploads\/2025\/06\/GRAN-JORNADA-INTEGRAL-DE-SALUD-EN-SEDRONAR.jpg","datePublished":"2025-06-26T17:42:12+00:00","dateModified":"2025-06-26T17:42:13+00:00","breadcrumb":{"@id":"https:\/\/diarioprincipios.com\/index.php\/2025\/06\/26\/gran-jornada-integral-de-salud-en-sedronar\/#breadcrumb"},"inLanguage":"es","potentialAction":[{"@type":"ReadAction","target":["https:\/\/diarioprincipios.com\/index.php\/2025\/06\/26\/gran-jornada-integral-de-salud-en-sedronar\/"]}]},{"@type":"ImageObject","inLanguage":"es","@id":"https:\/\/diarioprincipios.com\/index.php\/2025\/06\/26\/gran-jornada-integral-de-salud-en-sedronar\/#primaryimage","url":"https:\/\/diarioprincipios.com\/wp-content\/uploads\/2025\/06\/GRAN-JORNADA-INTEGRAL-DE-SALUD-EN-SEDRONAR.jpg","contentUrl":"https:\/\/diarioprincipios.com\/wp-content\/uploads\/2025\/06\/GRAN-JORNADA-INTEGRAL-DE-SALUD-EN-SEDRONAR.jpg","width":1280,"height":1600},{"@type":"BreadcrumbList","@id":"https:\/\/diarioprincipios.com\/index.php\/2025\/06\/26\/gran-jornada-integral-de-salud-en-sedronar\/#breadcrumb","itemListElement":[{"@type":"ListItem","position":1,"name":"Portada","item":"https:\/\/diarioprincipios.com\/"},{"@type":"ListItem","position":2,"name":"Gran Jornada Integral de Salud en SEDRONAR"}]},{"@type":"WebSite","@id":"https:\/\/diarioprincipios.com\/#website","url":"https:\/\/diarioprincipios.com\/","name":"Principios","description":"Principios Diario","publisher":{"@id":"https:\/\/diarioprincipios.com\/#organization"},"potentialAction":[{"@type":"SearchAction","target":{"@type":"EntryPoint","urlTemplate":"https:\/\/diarioprincipios.com\/?s={search_term_string}"},"query-input":{"@type":"PropertyValueSpecification","valueRequired":true,"valueName":"search_term_string"}}],"inLanguage":"es"},{"@type":"Organization","@id":"https:\/\/diarioprincipios.com\/#organization","name":"Principios","url":"https:\/\/diarioprincipios.com\/","logo":{"@type":"ImageObject","inLanguage":"es","@id":"https:\/\/diarioprincipios.com\/#\/schema\/logo\/image\/","url":"https:\/\/diarioprincipios.com\/wp-content\/uploads\/2024\/04\/cropped-www.diarioprincipios.com_-1.png","contentUrl":"https:\/\/diarioprincipios.com\/wp-content\/uploads\/2024\/04\/cropped-www.diarioprincipios.com_-1.png","width":5325,"height":1454,"caption":"Principios"},"image":{"@id":"https:\/\/diarioprincipios.com\/#\/schema\/logo\/image\/"}},{"@type":"Person","@id":"https:\/\/diarioprincipios.com\/#\/schema\/person\/436d5a1fd41a5e250e23ff5a6a7cb080","name":"Hern\u00e1n L\u00f3pez","image":{"@type":"ImageObject","inLanguage":"es","@id":"https:\/\/diarioprincipios.com\/wp-content\/litespeed\/avatar\/11ddfe5610ff3bd100522525b2571f48.jpg?ver=1777048341","url":"https:\/\/diarioprincipios.com\/wp-content\/litespeed\/avatar\/11ddfe5610ff3bd100522525b2571f48.jpg?ver=1777048341","contentUrl":"https:\/\/diarioprincipios.com\/wp-content\/litespeed\/avatar\/11ddfe5610ff3bd100522525b2571f48.jpg?ver=1777048341","caption":"Hern\u00e1n L\u00f3pez"},"url":"https:\/\/diarioprincipios.com\/index.php\/author\/hernan\/"}]}},"jetpack_featured_media_url":"https:\/\/diarioprincipios.com\/wp-content\/uploads\/2025\/06\/GRAN-JORNADA-INTEGRAL-DE-SALUD-EN-SEDRONAR.jpg","_links":{"self":[{"href":"https:\/\/diarioprincipios.com\/index.php\/wp-json\/wp\/v2\/posts\/24871","targetHints":{"allow":["GET"]}}],"collection":[{"href":"https:\/\/diarioprincipios.com\/index.php\/wp-json\/wp\/v2\/posts"}],"about":[{"href":"https:\/\/diarioprincipios.com\/index.php\/wp-json\/wp\/v2\/types\/post"}],"author":[{"embeddable":true,"href":"https:\/\/diarioprincipios.com\/index.php\/wp-json\/wp\/v2\/users\/2"}],"replies":[{"embeddable":true,"href":"https:\/\/diarioprincipios.com\/index.php\/wp-json\/wp\/v2\/comments?post=24871"}],"version-history":[{"count":1,"href":"https:\/\/diarioprincipios.com\/index.php\/wp-json\/wp\/v2\/posts\/24871\/revisions"}],"predecessor-version":[{"id":24874,"href":"https:\/\/diarioprincipios.com\/index.php\/wp-json\/wp\/v2\/posts\/24871\/revisions\/24874"}],"wp:featuredmedia":[{"embeddable":true,"href":"https:\/\/diarioprincipios.com\/index.php\/wp-json\/wp\/v2\/media\/24873"}],"wp:attachment":[{"href":"https:\/\/diarioprincipios.com\/index.php\/wp-json\/wp\/v2\/media?parent=24871"}],"wp:term":[{"taxonomy":"category","embeddable":true,"href":"https:\/\/diarioprincipios.com\/index.php\/wp-json\/wp\/v2\/categories?post=24871"},{"taxonomy":"post_tag","embeddable":true,"href":"https:\/\/diarioprincipios.com\/index.php\/wp-json\/wp\/v2\/tags?post=24871"}],"curies":[{"name":"wp","href":"https:\/\/api.w.org\/{rel}","templated":true}]}}