{"id":24867,"date":"2025-06-25T08:58:53","date_gmt":"2025-06-25T11:58:53","guid":{"rendered":"https:\/\/diarioprincipios.com\/?p=24867"},"modified":"2025-06-25T08:58:54","modified_gmt":"2025-06-25T11:58:54","slug":"se-celebro-el-primer-matrimonio-en-el-nuevo-registro-de-hudson","status":"publish","type":"post","link":"https:\/\/diarioprincipios.com\/index.php\/2025\/06\/25\/se-celebro-el-primer-matrimonio-en-el-nuevo-registro-de-hudson\/","title":{"rendered":"Se celebr\u00f3 el primer matrimonio en el nuevo Registro de Hudson"},"content":{"rendered":"\n<p><strong>En una emotiva ceremonia, este lunes 23 de junio se celebr\u00f3 el primer casamiento en el nuevo Registro Provincial de las Personas de Hudson, que funciona en las instalaciones del Complejo Cultural Municipal La Humanitaria. Seguramente, la fecha quedar\u00e1 grabada a fuego tanto en la historia de este flamante espacio -inaugurado a comienzos de este mes- como en la vida de Dami\u00e1n Lacquaniti y Lucila Abbattista, la joven pareja de Ranelagh que decidi\u00f3 concretar all\u00ed su matrimonio.<\/strong><br>\u201cRealmente estamos muy felices de ser la primera pareja en contraer matrimonio en esta hermosa sede del Complejo Municipal La Humanitaria. Ahora que nos casamos, deseamos seguir viviendo en esta bella ciudad, que es Berazategui\u201d, expres\u00f3 emocionada Lucila, junto a su recientemente esposo. \u201cHoy es un d\u00eda muy importante para nuestras vidas, un paso gigante entre dos personas que se aman; y que nos unir\u00e1 para toda la vida\u201d, asegur\u00f3 Dami\u00e1n. Y, finalmente, destac\u00f3: \u201cQuiero agradecerle al Municipio por este espacio tan lindo para todos los y las berazateguenses\u201d.<\/p>\n\n\n\n<figure class=\"wp-block-image size-large\"><img loading=\"lazy\" decoding=\"async\" width=\"1024\" height=\"683\" src=\"https:\/\/diarioprincipios.com\/wp-content\/uploads\/2025\/06\/SE-CELEBRO-EL-PRIMER-MATRIMONIO-EN-EL-COMPLEJO-MUNICIPAL-LA-HUMANITARIA-1-1024x683.jpg\" alt=\"\" class=\"wp-image-24868\" srcset=\"https:\/\/diarioprincipios.com\/wp-content\/uploads\/2025\/06\/SE-CELEBRO-EL-PRIMER-MATRIMONIO-EN-EL-COMPLEJO-MUNICIPAL-LA-HUMANITARIA-1-1024x683.jpg 1024w, https:\/\/diarioprincipios.com\/wp-content\/uploads\/2025\/06\/SE-CELEBRO-EL-PRIMER-MATRIMONIO-EN-EL-COMPLEJO-MUNICIPAL-LA-HUMANITARIA-1-300x200.jpg 300w, https:\/\/diarioprincipios.com\/wp-content\/uploads\/2025\/06\/SE-CELEBRO-EL-PRIMER-MATRIMONIO-EN-EL-COMPLEJO-MUNICIPAL-LA-HUMANITARIA-1-768x512.jpg 768w, https:\/\/diarioprincipios.com\/wp-content\/uploads\/2025\/06\/SE-CELEBRO-EL-PRIMER-MATRIMONIO-EN-EL-COMPLEJO-MUNICIPAL-LA-HUMANITARIA-1-1536x1024.jpg 1536w, https:\/\/diarioprincipios.com\/wp-content\/uploads\/2025\/06\/SE-CELEBRO-EL-PRIMER-MATRIMONIO-EN-EL-COMPLEJO-MUNICIPAL-LA-HUMANITARIA-1-600x400.jpg 600w, https:\/\/diarioprincipios.com\/wp-content\/uploads\/2025\/06\/SE-CELEBRO-EL-PRIMER-MATRIMONIO-EN-EL-COMPLEJO-MUNICIPAL-LA-HUMANITARIA-1.jpg 1600w\" sizes=\"auto, (max-width: 1024px) 100vw, 1024px\" \/><\/figure>\n\n\n\n<p><br>Por su parte, la delegada del Registro Provincial de las Personas de Hudson, Karina Vanesa Troot, se\u00f1al\u00f3: \u201cEstamos muy contentos de haber celebrado el primer matrimonio en el Complejo Cultural Municipal La Humanitaria. Sin dudas este d\u00eda quedar\u00e1 en la historia, tanto por lo que represent\u00f3 para los novios como tambi\u00e9n para quienes nos desempe\u00f1amos en este espacio tan hermoso, c\u00e1lido y que, gracias al intendente Juan Jos\u00e9 Mussi, hemos adaptado especialmente para que todos puedan disfrutarlo\u201d.<br>Las oficinas del Registro Provincial de las Personas se encuentran frente al patio externo hist\u00f3rico de La Humanitaria, al lado de los talleres de Arte P\u00fablico -dependientes de la Secretar\u00eda de Cultura y Educaci\u00f3n-. All\u00ed ya funciona el Centro C\u00edvico Hudson &#8211; Pl\u00e1tanos, la Delegaci\u00f3n Municipal y una sede de la Direcci\u00f3n General de Licencias de Conducir. Asimismo, el Complejo Cultural Municipal La Humanitaria ofrece propuestas culturales y recreativas durante todo el a\u00f1o, como ciclos de teatro, cine y recitales en vivo.<\/p>\n","protected":false},"excerpt":{"rendered":"<p>En una emotiva ceremonia, este lunes 23 de junio se celebr\u00f3 el primer casamiento en el nuevo Registro Provincial de las Personas de Hudson, que funciona en las instalaciones del Complejo Cultural Municipal La Humanitaria. Seguramente, la fecha quedar\u00e1 grabada a fuego tanto en la historia de este flamante espacio -inaugurado a comienzos de este&#8230;<\/p>\n","protected":false},"author":2,"featured_media":24869,"comment_status":"open","ping_status":"open","sticky":false,"template":"","format":"standard","meta":{"footnotes":""},"categories":[3],"tags":[],"class_list":["post-24867","post","type-post","status-publish","format-standard","has-post-thumbnail","hentry","category-berazategui"],"featured_image_src":"https:\/\/diarioprincipios.com\/wp-content\/uploads\/2025\/06\/SE-CELEBRO-EL-PRIMER-MATRIMONIO-EN-EL-COMPLEJO-MUNICIPAL-LA-HUMANITARIA-1024x682.jpg","blog_images":{"medium":"https:\/\/diarioprincipios.com\/wp-content\/uploads\/2025\/06\/SE-CELEBRO-EL-PRIMER-MATRIMONIO-EN-EL-COMPLEJO-MUNICIPAL-LA-HUMANITARIA-300x200.jpg","large":"https:\/\/diarioprincipios.com\/wp-content\/uploads\/2025\/06\/SE-CELEBRO-EL-PRIMER-MATRIMONIO-EN-EL-COMPLEJO-MUNICIPAL-LA-HUMANITARIA-1024x682.jpg"},"ams_acf":[],"yoast_head":"<!-- This site is optimized with the Yoast SEO plugin v27.3 - https:\/\/yoast.com\/product\/yoast-seo-wordpress\/ -->\n<title>Se celebr\u00f3 el primer matrimonio en el nuevo Registro de Hudson - Principios<\/title>\n<meta name=\"robots\" content=\"index, follow, max-snippet:-1, max-image-preview:large, max-video-preview:-1\" \/>\n<link rel=\"canonical\" href=\"https:\/\/diarioprincipios.com\/index.php\/2025\/06\/25\/se-celebro-el-primer-matrimonio-en-el-nuevo-registro-de-hudson\/\" \/>\n<meta property=\"og:locale\" content=\"es_ES\" \/>\n<meta property=\"og:type\" content=\"article\" \/>\n<meta property=\"og:title\" content=\"Se celebr\u00f3 el primer matrimonio en el nuevo Registro de Hudson - Principios\" \/>\n<meta property=\"og:description\" content=\"En una emotiva ceremonia, este lunes 23 de junio se celebr\u00f3 el primer casamiento en el nuevo Registro Provincial de las Personas de Hudson, que funciona en las instalaciones del Complejo Cultural Municipal La Humanitaria. Seguramente, la fecha quedar\u00e1 grabada a fuego tanto en la historia de este flamante espacio -inaugurado a comienzos de este...\" \/>\n<meta property=\"og:url\" content=\"https:\/\/diarioprincipios.com\/index.php\/2025\/06\/25\/se-celebro-el-primer-matrimonio-en-el-nuevo-registro-de-hudson\/\" \/>\n<meta property=\"og:site_name\" content=\"Principios\" \/>\n<meta property=\"article:published_time\" content=\"2025-06-25T11:58:53+00:00\" \/>\n<meta property=\"article:modified_time\" content=\"2025-06-25T11:58:54+00:00\" \/>\n<meta property=\"og:image\" content=\"https:\/\/diarioprincipios.com\/wp-content\/uploads\/2025\/06\/SE-CELEBRO-EL-PRIMER-MATRIMONIO-EN-EL-COMPLEJO-MUNICIPAL-LA-HUMANITARIA.jpg\" \/>\n\t<meta property=\"og:image:width\" content=\"1600\" \/>\n\t<meta property=\"og:image:height\" content=\"1066\" \/>\n\t<meta property=\"og:image:type\" content=\"image\/jpeg\" \/>\n<meta name=\"author\" content=\"Hern\u00e1n L\u00f3pez\" \/>\n<meta name=\"twitter:card\" content=\"summary_large_image\" \/>\n<meta name=\"twitter:label1\" content=\"Escrito por\" \/>\n\t<meta name=\"twitter:data1\" content=\"Hern\u00e1n L\u00f3pez\" \/>\n\t<meta name=\"twitter:label2\" content=\"Tiempo de lectura\" \/>\n\t<meta name=\"twitter:data2\" content=\"2 minutos\" \/>\n<script type=\"application\/ld+json\" class=\"yoast-schema-graph\">{\"@context\":\"https:\\\/\\\/schema.org\",\"@graph\":[{\"@type\":\"Article\",\"@id\":\"https:\\\/\\\/diarioprincipios.com\\\/index.php\\\/2025\\\/06\\\/25\\\/se-celebro-el-primer-matrimonio-en-el-nuevo-registro-de-hudson\\\/#article\",\"isPartOf\":{\"@id\":\"https:\\\/\\\/diarioprincipios.com\\\/index.php\\\/2025\\\/06\\\/25\\\/se-celebro-el-primer-matrimonio-en-el-nuevo-registro-de-hudson\\\/\"},\"author\":{\"name\":\"Hern\u00e1n L\u00f3pez\",\"@id\":\"https:\\\/\\\/diarioprincipios.com\\\/#\\\/schema\\\/person\\\/436d5a1fd41a5e250e23ff5a6a7cb080\"},\"headline\":\"Se celebr\u00f3 el primer matrimonio en el nuevo Registro de Hudson\",\"datePublished\":\"2025-06-25T11:58:53+00:00\",\"dateModified\":\"2025-06-25T11:58:54+00:00\",\"mainEntityOfPage\":{\"@id\":\"https:\\\/\\\/diarioprincipios.com\\\/index.php\\\/2025\\\/06\\\/25\\\/se-celebro-el-primer-matrimonio-en-el-nuevo-registro-de-hudson\\\/\"},\"wordCount\":352,\"commentCount\":0,\"publisher\":{\"@id\":\"https:\\\/\\\/diarioprincipios.com\\\/#organization\"},\"image\":{\"@id\":\"https:\\\/\\\/diarioprincipios.com\\\/index.php\\\/2025\\\/06\\\/25\\\/se-celebro-el-primer-matrimonio-en-el-nuevo-registro-de-hudson\\\/#primaryimage\"},\"thumbnailUrl\":\"https:\\\/\\\/diarioprincipios.com\\\/wp-content\\\/uploads\\\/2025\\\/06\\\/SE-CELEBRO-EL-PRIMER-MATRIMONIO-EN-EL-COMPLEJO-MUNICIPAL-LA-HUMANITARIA.jpg\",\"articleSection\":[\"Berazategui\"],\"inLanguage\":\"es\",\"potentialAction\":[{\"@type\":\"CommentAction\",\"name\":\"Comment\",\"target\":[\"https:\\\/\\\/diarioprincipios.com\\\/index.php\\\/2025\\\/06\\\/25\\\/se-celebro-el-primer-matrimonio-en-el-nuevo-registro-de-hudson\\\/#respond\"]}]},{\"@type\":\"WebPage\",\"@id\":\"https:\\\/\\\/diarioprincipios.com\\\/index.php\\\/2025\\\/06\\\/25\\\/se-celebro-el-primer-matrimonio-en-el-nuevo-registro-de-hudson\\\/\",\"url\":\"https:\\\/\\\/diarioprincipios.com\\\/index.php\\\/2025\\\/06\\\/25\\\/se-celebro-el-primer-matrimonio-en-el-nuevo-registro-de-hudson\\\/\",\"name\":\"Se celebr\u00f3 el primer matrimonio en el nuevo Registro de Hudson - Principios\",\"isPartOf\":{\"@id\":\"https:\\\/\\\/diarioprincipios.com\\\/#website\"},\"primaryImageOfPage\":{\"@id\":\"https:\\\/\\\/diarioprincipios.com\\\/index.php\\\/2025\\\/06\\\/25\\\/se-celebro-el-primer-matrimonio-en-el-nuevo-registro-de-hudson\\\/#primaryimage\"},\"image\":{\"@id\":\"https:\\\/\\\/diarioprincipios.com\\\/index.php\\\/2025\\\/06\\\/25\\\/se-celebro-el-primer-matrimonio-en-el-nuevo-registro-de-hudson\\\/#primaryimage\"},\"thumbnailUrl\":\"https:\\\/\\\/diarioprincipios.com\\\/wp-content\\\/uploads\\\/2025\\\/06\\\/SE-CELEBRO-EL-PRIMER-MATRIMONIO-EN-EL-COMPLEJO-MUNICIPAL-LA-HUMANITARIA.jpg\",\"datePublished\":\"2025-06-25T11:58:53+00:00\",\"dateModified\":\"2025-06-25T11:58:54+00:00\",\"breadcrumb\":{\"@id\":\"https:\\\/\\\/diarioprincipios.com\\\/index.php\\\/2025\\\/06\\\/25\\\/se-celebro-el-primer-matrimonio-en-el-nuevo-registro-de-hudson\\\/#breadcrumb\"},\"inLanguage\":\"es\",\"potentialAction\":[{\"@type\":\"ReadAction\",\"target\":[\"https:\\\/\\\/diarioprincipios.com\\\/index.php\\\/2025\\\/06\\\/25\\\/se-celebro-el-primer-matrimonio-en-el-nuevo-registro-de-hudson\\\/\"]}]},{\"@type\":\"ImageObject\",\"inLanguage\":\"es\",\"@id\":\"https:\\\/\\\/diarioprincipios.com\\\/index.php\\\/2025\\\/06\\\/25\\\/se-celebro-el-primer-matrimonio-en-el-nuevo-registro-de-hudson\\\/#primaryimage\",\"url\":\"https:\\\/\\\/diarioprincipios.com\\\/wp-content\\\/uploads\\\/2025\\\/06\\\/SE-CELEBRO-EL-PRIMER-MATRIMONIO-EN-EL-COMPLEJO-MUNICIPAL-LA-HUMANITARIA.jpg\",\"contentUrl\":\"https:\\\/\\\/diarioprincipios.com\\\/wp-content\\\/uploads\\\/2025\\\/06\\\/SE-CELEBRO-EL-PRIMER-MATRIMONIO-EN-EL-COMPLEJO-MUNICIPAL-LA-HUMANITARIA.jpg\",\"width\":1600,\"height\":1066},{\"@type\":\"BreadcrumbList\",\"@id\":\"https:\\\/\\\/diarioprincipios.com\\\/index.php\\\/2025\\\/06\\\/25\\\/se-celebro-el-primer-matrimonio-en-el-nuevo-registro-de-hudson\\\/#breadcrumb\",\"itemListElement\":[{\"@type\":\"ListItem\",\"position\":1,\"name\":\"Portada\",\"item\":\"https:\\\/\\\/diarioprincipios.com\\\/\"},{\"@type\":\"ListItem\",\"position\":2,\"name\":\"Se celebr\u00f3 el primer matrimonio en el nuevo Registro de Hudson\"}]},{\"@type\":\"WebSite\",\"@id\":\"https:\\\/\\\/diarioprincipios.com\\\/#website\",\"url\":\"https:\\\/\\\/diarioprincipios.com\\\/\",\"name\":\"Principios\",\"description\":\"Principios Diario\",\"publisher\":{\"@id\":\"https:\\\/\\\/diarioprincipios.com\\\/#organization\"},\"potentialAction\":[{\"@type\":\"SearchAction\",\"target\":{\"@type\":\"EntryPoint\",\"urlTemplate\":\"https:\\\/\\\/diarioprincipios.com\\\/?s={search_term_string}\"},\"query-input\":{\"@type\":\"PropertyValueSpecification\",\"valueRequired\":true,\"valueName\":\"search_term_string\"}}],\"inLanguage\":\"es\"},{\"@type\":\"Organization\",\"@id\":\"https:\\\/\\\/diarioprincipios.com\\\/#organization\",\"name\":\"Principios\",\"url\":\"https:\\\/\\\/diarioprincipios.com\\\/\",\"logo\":{\"@type\":\"ImageObject\",\"inLanguage\":\"es\",\"@id\":\"https:\\\/\\\/diarioprincipios.com\\\/#\\\/schema\\\/logo\\\/image\\\/\",\"url\":\"https:\\\/\\\/diarioprincipios.com\\\/wp-content\\\/uploads\\\/2024\\\/04\\\/cropped-www.diarioprincipios.com_-1.png\",\"contentUrl\":\"https:\\\/\\\/diarioprincipios.com\\\/wp-content\\\/uploads\\\/2024\\\/04\\\/cropped-www.diarioprincipios.com_-1.png\",\"width\":5325,\"height\":1454,\"caption\":\"Principios\"},\"image\":{\"@id\":\"https:\\\/\\\/diarioprincipios.com\\\/#\\\/schema\\\/logo\\\/image\\\/\"}},{\"@type\":\"Person\",\"@id\":\"https:\\\/\\\/diarioprincipios.com\\\/#\\\/schema\\\/person\\\/436d5a1fd41a5e250e23ff5a6a7cb080\",\"name\":\"Hern\u00e1n L\u00f3pez\",\"image\":{\"@type\":\"ImageObject\",\"inLanguage\":\"es\",\"@id\":\"https:\\\/\\\/diarioprincipios.com\\\/wp-content\\\/litespeed\\\/avatar\\\/11ddfe5610ff3bd100522525b2571f48.jpg?ver=1777048341\",\"url\":\"https:\\\/\\\/diarioprincipios.com\\\/wp-content\\\/litespeed\\\/avatar\\\/11ddfe5610ff3bd100522525b2571f48.jpg?ver=1777048341\",\"contentUrl\":\"https:\\\/\\\/diarioprincipios.com\\\/wp-content\\\/litespeed\\\/avatar\\\/11ddfe5610ff3bd100522525b2571f48.jpg?ver=1777048341\",\"caption\":\"Hern\u00e1n L\u00f3pez\"},\"url\":\"https:\\\/\\\/diarioprincipios.com\\\/index.php\\\/author\\\/hernan\\\/\"}]}<\/script>\n<!-- \/ Yoast SEO plugin. -->","yoast_head_json":{"title":"Se celebr\u00f3 el primer matrimonio en el nuevo Registro de Hudson - Principios","robots":{"index":"index","follow":"follow","max-snippet":"max-snippet:-1","max-image-preview":"max-image-preview:large","max-video-preview":"max-video-preview:-1"},"canonical":"https:\/\/diarioprincipios.com\/index.php\/2025\/06\/25\/se-celebro-el-primer-matrimonio-en-el-nuevo-registro-de-hudson\/","og_locale":"es_ES","og_type":"article","og_title":"Se celebr\u00f3 el primer matrimonio en el nuevo Registro de Hudson - Principios","og_description":"En una emotiva ceremonia, este lunes 23 de junio se celebr\u00f3 el primer casamiento en el nuevo Registro Provincial de las Personas de Hudson, que funciona en las instalaciones del Complejo Cultural Municipal La Humanitaria. Seguramente, la fecha quedar\u00e1 grabada a fuego tanto en la historia de este flamante espacio -inaugurado a comienzos de este...","og_url":"https:\/\/diarioprincipios.com\/index.php\/2025\/06\/25\/se-celebro-el-primer-matrimonio-en-el-nuevo-registro-de-hudson\/","og_site_name":"Principios","article_published_time":"2025-06-25T11:58:53+00:00","article_modified_time":"2025-06-25T11:58:54+00:00","og_image":[{"width":1600,"height":1066,"url":"https:\/\/diarioprincipios.com\/wp-content\/uploads\/2025\/06\/SE-CELEBRO-EL-PRIMER-MATRIMONIO-EN-EL-COMPLEJO-MUNICIPAL-LA-HUMANITARIA.jpg","type":"image\/jpeg"}],"author":"Hern\u00e1n L\u00f3pez","twitter_card":"summary_large_image","twitter_misc":{"Escrito por":"Hern\u00e1n L\u00f3pez","Tiempo de lectura":"2 minutos"},"schema":{"@context":"https:\/\/schema.org","@graph":[{"@type":"Article","@id":"https:\/\/diarioprincipios.com\/index.php\/2025\/06\/25\/se-celebro-el-primer-matrimonio-en-el-nuevo-registro-de-hudson\/#article","isPartOf":{"@id":"https:\/\/diarioprincipios.com\/index.php\/2025\/06\/25\/se-celebro-el-primer-matrimonio-en-el-nuevo-registro-de-hudson\/"},"author":{"name":"Hern\u00e1n L\u00f3pez","@id":"https:\/\/diarioprincipios.com\/#\/schema\/person\/436d5a1fd41a5e250e23ff5a6a7cb080"},"headline":"Se celebr\u00f3 el primer matrimonio en el nuevo Registro de Hudson","datePublished":"2025-06-25T11:58:53+00:00","dateModified":"2025-06-25T11:58:54+00:00","mainEntityOfPage":{"@id":"https:\/\/diarioprincipios.com\/index.php\/2025\/06\/25\/se-celebro-el-primer-matrimonio-en-el-nuevo-registro-de-hudson\/"},"wordCount":352,"commentCount":0,"publisher":{"@id":"https:\/\/diarioprincipios.com\/#organization"},"image":{"@id":"https:\/\/diarioprincipios.com\/index.php\/2025\/06\/25\/se-celebro-el-primer-matrimonio-en-el-nuevo-registro-de-hudson\/#primaryimage"},"thumbnailUrl":"https:\/\/diarioprincipios.com\/wp-content\/uploads\/2025\/06\/SE-CELEBRO-EL-PRIMER-MATRIMONIO-EN-EL-COMPLEJO-MUNICIPAL-LA-HUMANITARIA.jpg","articleSection":["Berazategui"],"inLanguage":"es","potentialAction":[{"@type":"CommentAction","name":"Comment","target":["https:\/\/diarioprincipios.com\/index.php\/2025\/06\/25\/se-celebro-el-primer-matrimonio-en-el-nuevo-registro-de-hudson\/#respond"]}]},{"@type":"WebPage","@id":"https:\/\/diarioprincipios.com\/index.php\/2025\/06\/25\/se-celebro-el-primer-matrimonio-en-el-nuevo-registro-de-hudson\/","url":"https:\/\/diarioprincipios.com\/index.php\/2025\/06\/25\/se-celebro-el-primer-matrimonio-en-el-nuevo-registro-de-hudson\/","name":"Se celebr\u00f3 el primer matrimonio en el nuevo Registro de Hudson - Principios","isPartOf":{"@id":"https:\/\/diarioprincipios.com\/#website"},"primaryImageOfPage":{"@id":"https:\/\/diarioprincipios.com\/index.php\/2025\/06\/25\/se-celebro-el-primer-matrimonio-en-el-nuevo-registro-de-hudson\/#primaryimage"},"image":{"@id":"https:\/\/diarioprincipios.com\/index.php\/2025\/06\/25\/se-celebro-el-primer-matrimonio-en-el-nuevo-registro-de-hudson\/#primaryimage"},"thumbnailUrl":"https:\/\/diarioprincipios.com\/wp-content\/uploads\/2025\/06\/SE-CELEBRO-EL-PRIMER-MATRIMONIO-EN-EL-COMPLEJO-MUNICIPAL-LA-HUMANITARIA.jpg","datePublished":"2025-06-25T11:58:53+00:00","dateModified":"2025-06-25T11:58:54+00:00","breadcrumb":{"@id":"https:\/\/diarioprincipios.com\/index.php\/2025\/06\/25\/se-celebro-el-primer-matrimonio-en-el-nuevo-registro-de-hudson\/#breadcrumb"},"inLanguage":"es","potentialAction":[{"@type":"ReadAction","target":["https:\/\/diarioprincipios.com\/index.php\/2025\/06\/25\/se-celebro-el-primer-matrimonio-en-el-nuevo-registro-de-hudson\/"]}]},{"@type":"ImageObject","inLanguage":"es","@id":"https:\/\/diarioprincipios.com\/index.php\/2025\/06\/25\/se-celebro-el-primer-matrimonio-en-el-nuevo-registro-de-hudson\/#primaryimage","url":"https:\/\/diarioprincipios.com\/wp-content\/uploads\/2025\/06\/SE-CELEBRO-EL-PRIMER-MATRIMONIO-EN-EL-COMPLEJO-MUNICIPAL-LA-HUMANITARIA.jpg","contentUrl":"https:\/\/diarioprincipios.com\/wp-content\/uploads\/2025\/06\/SE-CELEBRO-EL-PRIMER-MATRIMONIO-EN-EL-COMPLEJO-MUNICIPAL-LA-HUMANITARIA.jpg","width":1600,"height":1066},{"@type":"BreadcrumbList","@id":"https:\/\/diarioprincipios.com\/index.php\/2025\/06\/25\/se-celebro-el-primer-matrimonio-en-el-nuevo-registro-de-hudson\/#breadcrumb","itemListElement":[{"@type":"ListItem","position":1,"name":"Portada","item":"https:\/\/diarioprincipios.com\/"},{"@type":"ListItem","position":2,"name":"Se celebr\u00f3 el primer matrimonio en el nuevo Registro de Hudson"}]},{"@type":"WebSite","@id":"https:\/\/diarioprincipios.com\/#website","url":"https:\/\/diarioprincipios.com\/","name":"Principios","description":"Principios Diario","publisher":{"@id":"https:\/\/diarioprincipios.com\/#organization"},"potentialAction":[{"@type":"SearchAction","target":{"@type":"EntryPoint","urlTemplate":"https:\/\/diarioprincipios.com\/?s={search_term_string}"},"query-input":{"@type":"PropertyValueSpecification","valueRequired":true,"valueName":"search_term_string"}}],"inLanguage":"es"},{"@type":"Organization","@id":"https:\/\/diarioprincipios.com\/#organization","name":"Principios","url":"https:\/\/diarioprincipios.com\/","logo":{"@type":"ImageObject","inLanguage":"es","@id":"https:\/\/diarioprincipios.com\/#\/schema\/logo\/image\/","url":"https:\/\/diarioprincipios.com\/wp-content\/uploads\/2024\/04\/cropped-www.diarioprincipios.com_-1.png","contentUrl":"https:\/\/diarioprincipios.com\/wp-content\/uploads\/2024\/04\/cropped-www.diarioprincipios.com_-1.png","width":5325,"height":1454,"caption":"Principios"},"image":{"@id":"https:\/\/diarioprincipios.com\/#\/schema\/logo\/image\/"}},{"@type":"Person","@id":"https:\/\/diarioprincipios.com\/#\/schema\/person\/436d5a1fd41a5e250e23ff5a6a7cb080","name":"Hern\u00e1n L\u00f3pez","image":{"@type":"ImageObject","inLanguage":"es","@id":"https:\/\/diarioprincipios.com\/wp-content\/litespeed\/avatar\/11ddfe5610ff3bd100522525b2571f48.jpg?ver=1777048341","url":"https:\/\/diarioprincipios.com\/wp-content\/litespeed\/avatar\/11ddfe5610ff3bd100522525b2571f48.jpg?ver=1777048341","contentUrl":"https:\/\/diarioprincipios.com\/wp-content\/litespeed\/avatar\/11ddfe5610ff3bd100522525b2571f48.jpg?ver=1777048341","caption":"Hern\u00e1n L\u00f3pez"},"url":"https:\/\/diarioprincipios.com\/index.php\/author\/hernan\/"}]}},"jetpack_featured_media_url":"https:\/\/diarioprincipios.com\/wp-content\/uploads\/2025\/06\/SE-CELEBRO-EL-PRIMER-MATRIMONIO-EN-EL-COMPLEJO-MUNICIPAL-LA-HUMANITARIA.jpg","_links":{"self":[{"href":"https:\/\/diarioprincipios.com\/index.php\/wp-json\/wp\/v2\/posts\/24867","targetHints":{"allow":["GET"]}}],"collection":[{"href":"https:\/\/diarioprincipios.com\/index.php\/wp-json\/wp\/v2\/posts"}],"about":[{"href":"https:\/\/diarioprincipios.com\/index.php\/wp-json\/wp\/v2\/types\/post"}],"author":[{"embeddable":true,"href":"https:\/\/diarioprincipios.com\/index.php\/wp-json\/wp\/v2\/users\/2"}],"replies":[{"embeddable":true,"href":"https:\/\/diarioprincipios.com\/index.php\/wp-json\/wp\/v2\/comments?post=24867"}],"version-history":[{"count":1,"href":"https:\/\/diarioprincipios.com\/index.php\/wp-json\/wp\/v2\/posts\/24867\/revisions"}],"predecessor-version":[{"id":24870,"href":"https:\/\/diarioprincipios.com\/index.php\/wp-json\/wp\/v2\/posts\/24867\/revisions\/24870"}],"wp:featuredmedia":[{"embeddable":true,"href":"https:\/\/diarioprincipios.com\/index.php\/wp-json\/wp\/v2\/media\/24869"}],"wp:attachment":[{"href":"https:\/\/diarioprincipios.com\/index.php\/wp-json\/wp\/v2\/media?parent=24867"}],"wp:term":[{"taxonomy":"category","embeddable":true,"href":"https:\/\/diarioprincipios.com\/index.php\/wp-json\/wp\/v2\/categories?post=24867"},{"taxonomy":"post_tag","embeddable":true,"href":"https:\/\/diarioprincipios.com\/index.php\/wp-json\/wp\/v2\/tags?post=24867"}],"curies":[{"name":"wp","href":"https:\/\/api.w.org\/{rel}","templated":true}]}}