{"id":24845,"date":"2025-06-23T10:13:38","date_gmt":"2025-06-23T13:13:38","guid":{"rendered":"https:\/\/diarioprincipios.com\/?p=24845"},"modified":"2025-06-23T10:13:39","modified_gmt":"2025-06-23T13:13:39","slug":"un-equipo-de-la-asociacion-de-voley-disputara-torneo-nacional-en-salta","status":"publish","type":"post","link":"https:\/\/diarioprincipios.com\/index.php\/2025\/06\/23\/un-equipo-de-la-asociacion-de-voley-disputara-torneo-nacional-en-salta\/","title":{"rendered":"Un equipo de la Asociaci\u00f3n de V\u00f3ley disputar\u00e1 Torneo Nacional en Salta"},"content":{"rendered":"\n<p>El representativo de LMA, equipo que integra la Asociaci\u00f3n de V\u00f3ley Capital Nacional del Vidrio, participar\u00e1 del 25 al 28 de Junio del Torneo Nacional de Salta.<br>LMA obtuvo el pase a este importante Torneo tras consagrarse el a\u00f1o pasado en Formosa en la Copa de Campeones.<\/p>\n\n\n\n<figure class=\"wp-block-image size-large\"><img loading=\"lazy\" decoding=\"async\" width=\"1024\" height=\"768\" src=\"https:\/\/diarioprincipios.com\/wp-content\/uploads\/2025\/06\/IMG-20250622-WA0040-1024x768.jpg\" alt=\"\" class=\"wp-image-24846\" srcset=\"https:\/\/diarioprincipios.com\/wp-content\/uploads\/2025\/06\/IMG-20250622-WA0040-1024x768.jpg 1024w, https:\/\/diarioprincipios.com\/wp-content\/uploads\/2025\/06\/IMG-20250622-WA0040-300x225.jpg 300w, https:\/\/diarioprincipios.com\/wp-content\/uploads\/2025\/06\/IMG-20250622-WA0040-768x576.jpg 768w, https:\/\/diarioprincipios.com\/wp-content\/uploads\/2025\/06\/IMG-20250622-WA0040.jpg 1280w\" sizes=\"auto, (max-width: 1024px) 100vw, 1024px\" \/><\/figure>\n\n\n\n<p><br>El equipo de LMA, con destacado desempe\u00f1o en los Torneos de la Asociaci\u00f3n de V\u00f3ley, competir\u00e1 en la categor\u00eda mayores caballeros.<br>Celia Cabrera, presidenta de la organizaci\u00f3n que nuclea a decenas de clubes de Berazategui y la Zona Sur, destac\u00f3 que \u00abfelicitamos a los jugadores, cuerpo t\u00e9cnico y dirigentes de LMA, para la Asociaci\u00f3n siempre es un orgullo que sus equipos compitan de prestigioso Torneos a lo largo y ancho del pa\u00eds\u00bb.<br>Sostuvo tambi\u00e9n que \u00abesto habla a las claras del nivel que han alcanzado nuestros Torneos, lo cual nos llena de orgullo\u00bb.<\/p>\n\n\n\n<figure class=\"wp-block-image size-large\"><img loading=\"lazy\" decoding=\"async\" width=\"1024\" height=\"768\" src=\"https:\/\/diarioprincipios.com\/wp-content\/uploads\/2025\/06\/IMG-20250622-WA0041-1024x768.jpg\" alt=\"\" class=\"wp-image-24847\" srcset=\"https:\/\/diarioprincipios.com\/wp-content\/uploads\/2025\/06\/IMG-20250622-WA0041-1024x768.jpg 1024w, https:\/\/diarioprincipios.com\/wp-content\/uploads\/2025\/06\/IMG-20250622-WA0041-300x225.jpg 300w, https:\/\/diarioprincipios.com\/wp-content\/uploads\/2025\/06\/IMG-20250622-WA0041-768x576.jpg 768w, https:\/\/diarioprincipios.com\/wp-content\/uploads\/2025\/06\/IMG-20250622-WA0041.jpg 1280w\" sizes=\"auto, (max-width: 1024px) 100vw, 1024px\" \/><\/figure>\n\n\n\n<p><br>Finalmente, dijo que \u00abcomo lo hemos hecho con otros equipos, estaremos acompa\u00f1ando a LMA con los mejores augurios de tener un buen Torneo y dejar bien representada a nuestra Asociaci\u00f3n de V\u00f3ley Capital Nacional del Vidrio y por supuesto a Berazategui\u00bb, agregando que \u00abcomo siempre agradecemos inmensamente el acompa\u00f1amiento de Horacio Valdez, Secretario General de los vidrieros y del intendente Dr. Juan Jos\u00e9 Mussi\u00bb.<\/p>\n","protected":false},"excerpt":{"rendered":"<p>El representativo de LMA, equipo que integra la Asociaci\u00f3n de V\u00f3ley Capital Nacional del Vidrio, participar\u00e1 del 25 al 28 de Junio del Torneo Nacional de Salta.LMA obtuvo el pase a este importante Torneo tras consagrarse el a\u00f1o pasado en Formosa en la Copa de Campeones. El equipo de LMA, con destacado desempe\u00f1o en los&#8230;<\/p>\n","protected":false},"author":2,"featured_media":24848,"comment_status":"open","ping_status":"open","sticky":false,"template":"","format":"standard","meta":{"footnotes":""},"categories":[6],"tags":[],"class_list":["post-24845","post","type-post","status-publish","format-standard","has-post-thumbnail","hentry","category-deportes"],"featured_image_src":"https:\/\/diarioprincipios.com\/wp-content\/uploads\/2025\/06\/IMG-20250622-WA0045-1024x768.jpg","blog_images":{"medium":"https:\/\/diarioprincipios.com\/wp-content\/uploads\/2025\/06\/IMG-20250622-WA0045-300x225.jpg","large":"https:\/\/diarioprincipios.com\/wp-content\/uploads\/2025\/06\/IMG-20250622-WA0045-1024x768.jpg"},"ams_acf":[],"yoast_head":"<!-- This site is optimized with the Yoast SEO plugin v27.3 - https:\/\/yoast.com\/product\/yoast-seo-wordpress\/ -->\n<title>Un equipo de la Asociaci\u00f3n de V\u00f3ley disputar\u00e1 Torneo Nacional en Salta - Principios<\/title>\n<meta name=\"robots\" content=\"index, follow, max-snippet:-1, max-image-preview:large, max-video-preview:-1\" \/>\n<link rel=\"canonical\" href=\"https:\/\/diarioprincipios.com\/index.php\/2025\/06\/23\/un-equipo-de-la-asociacion-de-voley-disputara-torneo-nacional-en-salta\/\" \/>\n<meta property=\"og:locale\" content=\"es_ES\" \/>\n<meta property=\"og:type\" content=\"article\" \/>\n<meta property=\"og:title\" content=\"Un equipo de la Asociaci\u00f3n de V\u00f3ley disputar\u00e1 Torneo Nacional en Salta - Principios\" \/>\n<meta property=\"og:description\" content=\"El representativo de LMA, equipo que integra la Asociaci\u00f3n de V\u00f3ley Capital Nacional del Vidrio, participar\u00e1 del 25 al 28 de Junio del Torneo Nacional de Salta.LMA obtuvo el pase a este importante Torneo tras consagrarse el a\u00f1o pasado en Formosa en la Copa de Campeones. El equipo de LMA, con destacado desempe\u00f1o en los...\" \/>\n<meta property=\"og:url\" content=\"https:\/\/diarioprincipios.com\/index.php\/2025\/06\/23\/un-equipo-de-la-asociacion-de-voley-disputara-torneo-nacional-en-salta\/\" \/>\n<meta property=\"og:site_name\" content=\"Principios\" \/>\n<meta property=\"article:published_time\" content=\"2025-06-23T13:13:38+00:00\" \/>\n<meta property=\"article:modified_time\" content=\"2025-06-23T13:13:39+00:00\" \/>\n<meta property=\"og:image\" content=\"https:\/\/diarioprincipios.com\/wp-content\/uploads\/2025\/06\/IMG-20250622-WA0045.jpg\" \/>\n\t<meta property=\"og:image:width\" content=\"1156\" \/>\n\t<meta property=\"og:image:height\" content=\"867\" \/>\n\t<meta property=\"og:image:type\" content=\"image\/jpeg\" \/>\n<meta name=\"author\" content=\"Hern\u00e1n L\u00f3pez\" \/>\n<meta name=\"twitter:card\" content=\"summary_large_image\" \/>\n<meta name=\"twitter:label1\" content=\"Escrito por\" \/>\n\t<meta name=\"twitter:data1\" content=\"Hern\u00e1n L\u00f3pez\" \/>\n\t<meta name=\"twitter:label2\" content=\"Tiempo de lectura\" \/>\n\t<meta name=\"twitter:data2\" content=\"2 minutos\" \/>\n<script type=\"application\/ld+json\" class=\"yoast-schema-graph\">{\"@context\":\"https:\\\/\\\/schema.org\",\"@graph\":[{\"@type\":\"Article\",\"@id\":\"https:\\\/\\\/diarioprincipios.com\\\/index.php\\\/2025\\\/06\\\/23\\\/un-equipo-de-la-asociacion-de-voley-disputara-torneo-nacional-en-salta\\\/#article\",\"isPartOf\":{\"@id\":\"https:\\\/\\\/diarioprincipios.com\\\/index.php\\\/2025\\\/06\\\/23\\\/un-equipo-de-la-asociacion-de-voley-disputara-torneo-nacional-en-salta\\\/\"},\"author\":{\"name\":\"Hern\u00e1n L\u00f3pez\",\"@id\":\"https:\\\/\\\/diarioprincipios.com\\\/#\\\/schema\\\/person\\\/436d5a1fd41a5e250e23ff5a6a7cb080\"},\"headline\":\"Un equipo de la Asociaci\u00f3n de V\u00f3ley disputar\u00e1 Torneo Nacional en Salta\",\"datePublished\":\"2025-06-23T13:13:38+00:00\",\"dateModified\":\"2025-06-23T13:13:39+00:00\",\"mainEntityOfPage\":{\"@id\":\"https:\\\/\\\/diarioprincipios.com\\\/index.php\\\/2025\\\/06\\\/23\\\/un-equipo-de-la-asociacion-de-voley-disputara-torneo-nacional-en-salta\\\/\"},\"wordCount\":232,\"commentCount\":0,\"publisher\":{\"@id\":\"https:\\\/\\\/diarioprincipios.com\\\/#organization\"},\"image\":{\"@id\":\"https:\\\/\\\/diarioprincipios.com\\\/index.php\\\/2025\\\/06\\\/23\\\/un-equipo-de-la-asociacion-de-voley-disputara-torneo-nacional-en-salta\\\/#primaryimage\"},\"thumbnailUrl\":\"https:\\\/\\\/diarioprincipios.com\\\/wp-content\\\/uploads\\\/2025\\\/06\\\/IMG-20250622-WA0045.jpg\",\"articleSection\":[\"Deportes\"],\"inLanguage\":\"es\",\"potentialAction\":[{\"@type\":\"CommentAction\",\"name\":\"Comment\",\"target\":[\"https:\\\/\\\/diarioprincipios.com\\\/index.php\\\/2025\\\/06\\\/23\\\/un-equipo-de-la-asociacion-de-voley-disputara-torneo-nacional-en-salta\\\/#respond\"]}]},{\"@type\":\"WebPage\",\"@id\":\"https:\\\/\\\/diarioprincipios.com\\\/index.php\\\/2025\\\/06\\\/23\\\/un-equipo-de-la-asociacion-de-voley-disputara-torneo-nacional-en-salta\\\/\",\"url\":\"https:\\\/\\\/diarioprincipios.com\\\/index.php\\\/2025\\\/06\\\/23\\\/un-equipo-de-la-asociacion-de-voley-disputara-torneo-nacional-en-salta\\\/\",\"name\":\"Un equipo de la Asociaci\u00f3n de V\u00f3ley disputar\u00e1 Torneo Nacional en Salta - Principios\",\"isPartOf\":{\"@id\":\"https:\\\/\\\/diarioprincipios.com\\\/#website\"},\"primaryImageOfPage\":{\"@id\":\"https:\\\/\\\/diarioprincipios.com\\\/index.php\\\/2025\\\/06\\\/23\\\/un-equipo-de-la-asociacion-de-voley-disputara-torneo-nacional-en-salta\\\/#primaryimage\"},\"image\":{\"@id\":\"https:\\\/\\\/diarioprincipios.com\\\/index.php\\\/2025\\\/06\\\/23\\\/un-equipo-de-la-asociacion-de-voley-disputara-torneo-nacional-en-salta\\\/#primaryimage\"},\"thumbnailUrl\":\"https:\\\/\\\/diarioprincipios.com\\\/wp-content\\\/uploads\\\/2025\\\/06\\\/IMG-20250622-WA0045.jpg\",\"datePublished\":\"2025-06-23T13:13:38+00:00\",\"dateModified\":\"2025-06-23T13:13:39+00:00\",\"breadcrumb\":{\"@id\":\"https:\\\/\\\/diarioprincipios.com\\\/index.php\\\/2025\\\/06\\\/23\\\/un-equipo-de-la-asociacion-de-voley-disputara-torneo-nacional-en-salta\\\/#breadcrumb\"},\"inLanguage\":\"es\",\"potentialAction\":[{\"@type\":\"ReadAction\",\"target\":[\"https:\\\/\\\/diarioprincipios.com\\\/index.php\\\/2025\\\/06\\\/23\\\/un-equipo-de-la-asociacion-de-voley-disputara-torneo-nacional-en-salta\\\/\"]}]},{\"@type\":\"ImageObject\",\"inLanguage\":\"es\",\"@id\":\"https:\\\/\\\/diarioprincipios.com\\\/index.php\\\/2025\\\/06\\\/23\\\/un-equipo-de-la-asociacion-de-voley-disputara-torneo-nacional-en-salta\\\/#primaryimage\",\"url\":\"https:\\\/\\\/diarioprincipios.com\\\/wp-content\\\/uploads\\\/2025\\\/06\\\/IMG-20250622-WA0045.jpg\",\"contentUrl\":\"https:\\\/\\\/diarioprincipios.com\\\/wp-content\\\/uploads\\\/2025\\\/06\\\/IMG-20250622-WA0045.jpg\",\"width\":1156,\"height\":867},{\"@type\":\"BreadcrumbList\",\"@id\":\"https:\\\/\\\/diarioprincipios.com\\\/index.php\\\/2025\\\/06\\\/23\\\/un-equipo-de-la-asociacion-de-voley-disputara-torneo-nacional-en-salta\\\/#breadcrumb\",\"itemListElement\":[{\"@type\":\"ListItem\",\"position\":1,\"name\":\"Portada\",\"item\":\"https:\\\/\\\/diarioprincipios.com\\\/\"},{\"@type\":\"ListItem\",\"position\":2,\"name\":\"Un equipo de la Asociaci\u00f3n de V\u00f3ley disputar\u00e1 Torneo Nacional en Salta\"}]},{\"@type\":\"WebSite\",\"@id\":\"https:\\\/\\\/diarioprincipios.com\\\/#website\",\"url\":\"https:\\\/\\\/diarioprincipios.com\\\/\",\"name\":\"Principios\",\"description\":\"Principios Diario\",\"publisher\":{\"@id\":\"https:\\\/\\\/diarioprincipios.com\\\/#organization\"},\"potentialAction\":[{\"@type\":\"SearchAction\",\"target\":{\"@type\":\"EntryPoint\",\"urlTemplate\":\"https:\\\/\\\/diarioprincipios.com\\\/?s={search_term_string}\"},\"query-input\":{\"@type\":\"PropertyValueSpecification\",\"valueRequired\":true,\"valueName\":\"search_term_string\"}}],\"inLanguage\":\"es\"},{\"@type\":\"Organization\",\"@id\":\"https:\\\/\\\/diarioprincipios.com\\\/#organization\",\"name\":\"Principios\",\"url\":\"https:\\\/\\\/diarioprincipios.com\\\/\",\"logo\":{\"@type\":\"ImageObject\",\"inLanguage\":\"es\",\"@id\":\"https:\\\/\\\/diarioprincipios.com\\\/#\\\/schema\\\/logo\\\/image\\\/\",\"url\":\"https:\\\/\\\/diarioprincipios.com\\\/wp-content\\\/uploads\\\/2024\\\/04\\\/cropped-www.diarioprincipios.com_-1.png\",\"contentUrl\":\"https:\\\/\\\/diarioprincipios.com\\\/wp-content\\\/uploads\\\/2024\\\/04\\\/cropped-www.diarioprincipios.com_-1.png\",\"width\":5325,\"height\":1454,\"caption\":\"Principios\"},\"image\":{\"@id\":\"https:\\\/\\\/diarioprincipios.com\\\/#\\\/schema\\\/logo\\\/image\\\/\"}},{\"@type\":\"Person\",\"@id\":\"https:\\\/\\\/diarioprincipios.com\\\/#\\\/schema\\\/person\\\/436d5a1fd41a5e250e23ff5a6a7cb080\",\"name\":\"Hern\u00e1n L\u00f3pez\",\"image\":{\"@type\":\"ImageObject\",\"inLanguage\":\"es\",\"@id\":\"https:\\\/\\\/diarioprincipios.com\\\/wp-content\\\/litespeed\\\/avatar\\\/11ddfe5610ff3bd100522525b2571f48.jpg?ver=1777048341\",\"url\":\"https:\\\/\\\/diarioprincipios.com\\\/wp-content\\\/litespeed\\\/avatar\\\/11ddfe5610ff3bd100522525b2571f48.jpg?ver=1777048341\",\"contentUrl\":\"https:\\\/\\\/diarioprincipios.com\\\/wp-content\\\/litespeed\\\/avatar\\\/11ddfe5610ff3bd100522525b2571f48.jpg?ver=1777048341\",\"caption\":\"Hern\u00e1n L\u00f3pez\"},\"url\":\"https:\\\/\\\/diarioprincipios.com\\\/index.php\\\/author\\\/hernan\\\/\"}]}<\/script>\n<!-- \/ Yoast SEO plugin. -->","yoast_head_json":{"title":"Un equipo de la Asociaci\u00f3n de V\u00f3ley disputar\u00e1 Torneo Nacional en Salta - Principios","robots":{"index":"index","follow":"follow","max-snippet":"max-snippet:-1","max-image-preview":"max-image-preview:large","max-video-preview":"max-video-preview:-1"},"canonical":"https:\/\/diarioprincipios.com\/index.php\/2025\/06\/23\/un-equipo-de-la-asociacion-de-voley-disputara-torneo-nacional-en-salta\/","og_locale":"es_ES","og_type":"article","og_title":"Un equipo de la Asociaci\u00f3n de V\u00f3ley disputar\u00e1 Torneo Nacional en Salta - Principios","og_description":"El representativo de LMA, equipo que integra la Asociaci\u00f3n de V\u00f3ley Capital Nacional del Vidrio, participar\u00e1 del 25 al 28 de Junio del Torneo Nacional de Salta.LMA obtuvo el pase a este importante Torneo tras consagrarse el a\u00f1o pasado en Formosa en la Copa de Campeones. El equipo de LMA, con destacado desempe\u00f1o en los...","og_url":"https:\/\/diarioprincipios.com\/index.php\/2025\/06\/23\/un-equipo-de-la-asociacion-de-voley-disputara-torneo-nacional-en-salta\/","og_site_name":"Principios","article_published_time":"2025-06-23T13:13:38+00:00","article_modified_time":"2025-06-23T13:13:39+00:00","og_image":[{"width":1156,"height":867,"url":"https:\/\/diarioprincipios.com\/wp-content\/uploads\/2025\/06\/IMG-20250622-WA0045.jpg","type":"image\/jpeg"}],"author":"Hern\u00e1n L\u00f3pez","twitter_card":"summary_large_image","twitter_misc":{"Escrito por":"Hern\u00e1n L\u00f3pez","Tiempo de lectura":"2 minutos"},"schema":{"@context":"https:\/\/schema.org","@graph":[{"@type":"Article","@id":"https:\/\/diarioprincipios.com\/index.php\/2025\/06\/23\/un-equipo-de-la-asociacion-de-voley-disputara-torneo-nacional-en-salta\/#article","isPartOf":{"@id":"https:\/\/diarioprincipios.com\/index.php\/2025\/06\/23\/un-equipo-de-la-asociacion-de-voley-disputara-torneo-nacional-en-salta\/"},"author":{"name":"Hern\u00e1n L\u00f3pez","@id":"https:\/\/diarioprincipios.com\/#\/schema\/person\/436d5a1fd41a5e250e23ff5a6a7cb080"},"headline":"Un equipo de la Asociaci\u00f3n de V\u00f3ley disputar\u00e1 Torneo Nacional en Salta","datePublished":"2025-06-23T13:13:38+00:00","dateModified":"2025-06-23T13:13:39+00:00","mainEntityOfPage":{"@id":"https:\/\/diarioprincipios.com\/index.php\/2025\/06\/23\/un-equipo-de-la-asociacion-de-voley-disputara-torneo-nacional-en-salta\/"},"wordCount":232,"commentCount":0,"publisher":{"@id":"https:\/\/diarioprincipios.com\/#organization"},"image":{"@id":"https:\/\/diarioprincipios.com\/index.php\/2025\/06\/23\/un-equipo-de-la-asociacion-de-voley-disputara-torneo-nacional-en-salta\/#primaryimage"},"thumbnailUrl":"https:\/\/diarioprincipios.com\/wp-content\/uploads\/2025\/06\/IMG-20250622-WA0045.jpg","articleSection":["Deportes"],"inLanguage":"es","potentialAction":[{"@type":"CommentAction","name":"Comment","target":["https:\/\/diarioprincipios.com\/index.php\/2025\/06\/23\/un-equipo-de-la-asociacion-de-voley-disputara-torneo-nacional-en-salta\/#respond"]}]},{"@type":"WebPage","@id":"https:\/\/diarioprincipios.com\/index.php\/2025\/06\/23\/un-equipo-de-la-asociacion-de-voley-disputara-torneo-nacional-en-salta\/","url":"https:\/\/diarioprincipios.com\/index.php\/2025\/06\/23\/un-equipo-de-la-asociacion-de-voley-disputara-torneo-nacional-en-salta\/","name":"Un equipo de la Asociaci\u00f3n de V\u00f3ley disputar\u00e1 Torneo Nacional en Salta - Principios","isPartOf":{"@id":"https:\/\/diarioprincipios.com\/#website"},"primaryImageOfPage":{"@id":"https:\/\/diarioprincipios.com\/index.php\/2025\/06\/23\/un-equipo-de-la-asociacion-de-voley-disputara-torneo-nacional-en-salta\/#primaryimage"},"image":{"@id":"https:\/\/diarioprincipios.com\/index.php\/2025\/06\/23\/un-equipo-de-la-asociacion-de-voley-disputara-torneo-nacional-en-salta\/#primaryimage"},"thumbnailUrl":"https:\/\/diarioprincipios.com\/wp-content\/uploads\/2025\/06\/IMG-20250622-WA0045.jpg","datePublished":"2025-06-23T13:13:38+00:00","dateModified":"2025-06-23T13:13:39+00:00","breadcrumb":{"@id":"https:\/\/diarioprincipios.com\/index.php\/2025\/06\/23\/un-equipo-de-la-asociacion-de-voley-disputara-torneo-nacional-en-salta\/#breadcrumb"},"inLanguage":"es","potentialAction":[{"@type":"ReadAction","target":["https:\/\/diarioprincipios.com\/index.php\/2025\/06\/23\/un-equipo-de-la-asociacion-de-voley-disputara-torneo-nacional-en-salta\/"]}]},{"@type":"ImageObject","inLanguage":"es","@id":"https:\/\/diarioprincipios.com\/index.php\/2025\/06\/23\/un-equipo-de-la-asociacion-de-voley-disputara-torneo-nacional-en-salta\/#primaryimage","url":"https:\/\/diarioprincipios.com\/wp-content\/uploads\/2025\/06\/IMG-20250622-WA0045.jpg","contentUrl":"https:\/\/diarioprincipios.com\/wp-content\/uploads\/2025\/06\/IMG-20250622-WA0045.jpg","width":1156,"height":867},{"@type":"BreadcrumbList","@id":"https:\/\/diarioprincipios.com\/index.php\/2025\/06\/23\/un-equipo-de-la-asociacion-de-voley-disputara-torneo-nacional-en-salta\/#breadcrumb","itemListElement":[{"@type":"ListItem","position":1,"name":"Portada","item":"https:\/\/diarioprincipios.com\/"},{"@type":"ListItem","position":2,"name":"Un equipo de la Asociaci\u00f3n de V\u00f3ley disputar\u00e1 Torneo Nacional en Salta"}]},{"@type":"WebSite","@id":"https:\/\/diarioprincipios.com\/#website","url":"https:\/\/diarioprincipios.com\/","name":"Principios","description":"Principios Diario","publisher":{"@id":"https:\/\/diarioprincipios.com\/#organization"},"potentialAction":[{"@type":"SearchAction","target":{"@type":"EntryPoint","urlTemplate":"https:\/\/diarioprincipios.com\/?s={search_term_string}"},"query-input":{"@type":"PropertyValueSpecification","valueRequired":true,"valueName":"search_term_string"}}],"inLanguage":"es"},{"@type":"Organization","@id":"https:\/\/diarioprincipios.com\/#organization","name":"Principios","url":"https:\/\/diarioprincipios.com\/","logo":{"@type":"ImageObject","inLanguage":"es","@id":"https:\/\/diarioprincipios.com\/#\/schema\/logo\/image\/","url":"https:\/\/diarioprincipios.com\/wp-content\/uploads\/2024\/04\/cropped-www.diarioprincipios.com_-1.png","contentUrl":"https:\/\/diarioprincipios.com\/wp-content\/uploads\/2024\/04\/cropped-www.diarioprincipios.com_-1.png","width":5325,"height":1454,"caption":"Principios"},"image":{"@id":"https:\/\/diarioprincipios.com\/#\/schema\/logo\/image\/"}},{"@type":"Person","@id":"https:\/\/diarioprincipios.com\/#\/schema\/person\/436d5a1fd41a5e250e23ff5a6a7cb080","name":"Hern\u00e1n L\u00f3pez","image":{"@type":"ImageObject","inLanguage":"es","@id":"https:\/\/diarioprincipios.com\/wp-content\/litespeed\/avatar\/11ddfe5610ff3bd100522525b2571f48.jpg?ver=1777048341","url":"https:\/\/diarioprincipios.com\/wp-content\/litespeed\/avatar\/11ddfe5610ff3bd100522525b2571f48.jpg?ver=1777048341","contentUrl":"https:\/\/diarioprincipios.com\/wp-content\/litespeed\/avatar\/11ddfe5610ff3bd100522525b2571f48.jpg?ver=1777048341","caption":"Hern\u00e1n L\u00f3pez"},"url":"https:\/\/diarioprincipios.com\/index.php\/author\/hernan\/"}]}},"jetpack_featured_media_url":"https:\/\/diarioprincipios.com\/wp-content\/uploads\/2025\/06\/IMG-20250622-WA0045.jpg","_links":{"self":[{"href":"https:\/\/diarioprincipios.com\/index.php\/wp-json\/wp\/v2\/posts\/24845","targetHints":{"allow":["GET"]}}],"collection":[{"href":"https:\/\/diarioprincipios.com\/index.php\/wp-json\/wp\/v2\/posts"}],"about":[{"href":"https:\/\/diarioprincipios.com\/index.php\/wp-json\/wp\/v2\/types\/post"}],"author":[{"embeddable":true,"href":"https:\/\/diarioprincipios.com\/index.php\/wp-json\/wp\/v2\/users\/2"}],"replies":[{"embeddable":true,"href":"https:\/\/diarioprincipios.com\/index.php\/wp-json\/wp\/v2\/comments?post=24845"}],"version-history":[{"count":1,"href":"https:\/\/diarioprincipios.com\/index.php\/wp-json\/wp\/v2\/posts\/24845\/revisions"}],"predecessor-version":[{"id":24849,"href":"https:\/\/diarioprincipios.com\/index.php\/wp-json\/wp\/v2\/posts\/24845\/revisions\/24849"}],"wp:featuredmedia":[{"embeddable":true,"href":"https:\/\/diarioprincipios.com\/index.php\/wp-json\/wp\/v2\/media\/24848"}],"wp:attachment":[{"href":"https:\/\/diarioprincipios.com\/index.php\/wp-json\/wp\/v2\/media?parent=24845"}],"wp:term":[{"taxonomy":"category","embeddable":true,"href":"https:\/\/diarioprincipios.com\/index.php\/wp-json\/wp\/v2\/categories?post=24845"},{"taxonomy":"post_tag","embeddable":true,"href":"https:\/\/diarioprincipios.com\/index.php\/wp-json\/wp\/v2\/tags?post=24845"}],"curies":[{"name":"wp","href":"https:\/\/api.w.org\/{rel}","templated":true}]}}