{"id":24840,"date":"2025-06-19T15:49:21","date_gmt":"2025-06-19T18:49:21","guid":{"rendered":"https:\/\/diarioprincipios.com\/?p=24840"},"modified":"2025-06-19T15:49:22","modified_gmt":"2025-06-19T18:49:22","slug":"se-reforzara-la-seguridad-en-berazategui-con-mas-policias-y-moviles","status":"publish","type":"post","link":"https:\/\/diarioprincipios.com\/index.php\/2025\/06\/19\/se-reforzara-la-seguridad-en-berazategui-con-mas-policias-y-moviles\/","title":{"rendered":"Se reforzar\u00e1 la Seguridad en Berazategui con m\u00e1s Polic\u00edas y M\u00f3viles"},"content":{"rendered":"\n<p><strong>En el acto, que fue encabezado por el intendente Juan Jos\u00e9 Mussi y el ministro de Seguridad de la provincia de Buenos Aires, Javier Alonso, se realiz\u00f3 la presentaci\u00f3n de la Fuerza Barrial de Aproximaci\u00f3n (FBA), integrada por 93 nuevos efectivos; y se entregaron nuevos patrulleros y motos para las fuerzas de seguridad.<\/strong><br>La FBA es una nueva especialidad de las fuerzas especiales de la Polic\u00eda de la provincia de Buenos Aires, enfocada en la proximidad con la ciudadan\u00eda y la resoluci\u00f3n de conflictos en los barrios.<\/p>\n\n\n\n<figure class=\"wp-block-image size-large\"><img loading=\"lazy\" decoding=\"async\" width=\"1024\" height=\"768\" src=\"https:\/\/diarioprincipios.com\/wp-content\/uploads\/2025\/06\/FB_IMG_1750346351984-1024x768.jpg\" alt=\"\" class=\"wp-image-24841\" srcset=\"https:\/\/diarioprincipios.com\/wp-content\/uploads\/2025\/06\/FB_IMG_1750346351984-1024x768.jpg 1024w, https:\/\/diarioprincipios.com\/wp-content\/uploads\/2025\/06\/FB_IMG_1750346351984-300x225.jpg 300w, https:\/\/diarioprincipios.com\/wp-content\/uploads\/2025\/06\/FB_IMG_1750346351984-768x576.jpg 768w, https:\/\/diarioprincipios.com\/wp-content\/uploads\/2025\/06\/FB_IMG_1750346351984-1536x1152.jpg 1536w, https:\/\/diarioprincipios.com\/wp-content\/uploads\/2025\/06\/FB_IMG_1750346351984.jpg 1600w\" sizes=\"auto, (max-width: 1024px) 100vw, 1024px\" \/><\/figure>\n\n\n\n<p><br>\u201cEsto es algo muy importante para Berazategui, ya que se trata de la incorporaci\u00f3n de dos nuevos patrulleros, seis motos y nada menos que 93 polic\u00edas berazateguenses, que se suman para reforzar la seguridad de nuestro distrito. Adem\u00e1s, ya est\u00e1n licitados otros veinte patrulleros que nos llegar\u00e1n en los pr\u00f3ximos d\u00edas\u201d, inform\u00f3 Mussi. Y destac\u00f3: \u201cQuiero agradecerle al gobernador Axel Kicillof por este apoyo incondicional hacia todos los municipios, para mejorar la calidad de vida de los bonaerenses. Y tambi\u00e9n al Ministro de Seguridad por su permanente esfuerzo para que nuestra poblaci\u00f3n est\u00e9 cuidada y custodiada\u201d.\u00a0<\/p>\n\n\n\n<figure class=\"wp-block-image size-large\"><img loading=\"lazy\" decoding=\"async\" width=\"1024\" height=\"683\" src=\"https:\/\/diarioprincipios.com\/wp-content\/uploads\/2025\/06\/SE-REFORZARA-LA-SEGURIDAD-EN-BERAZATEGUI-CON-MAS-PERSONAL-POLICIAL-Y-MOVILES-1-1-1024x683.jpg\" alt=\"\" class=\"wp-image-24842\" srcset=\"https:\/\/diarioprincipios.com\/wp-content\/uploads\/2025\/06\/SE-REFORZARA-LA-SEGURIDAD-EN-BERAZATEGUI-CON-MAS-PERSONAL-POLICIAL-Y-MOVILES-1-1-1024x683.jpg 1024w, https:\/\/diarioprincipios.com\/wp-content\/uploads\/2025\/06\/SE-REFORZARA-LA-SEGURIDAD-EN-BERAZATEGUI-CON-MAS-PERSONAL-POLICIAL-Y-MOVILES-1-1-300x200.jpg 300w, https:\/\/diarioprincipios.com\/wp-content\/uploads\/2025\/06\/SE-REFORZARA-LA-SEGURIDAD-EN-BERAZATEGUI-CON-MAS-PERSONAL-POLICIAL-Y-MOVILES-1-1-768x512.jpg 768w, https:\/\/diarioprincipios.com\/wp-content\/uploads\/2025\/06\/SE-REFORZARA-LA-SEGURIDAD-EN-BERAZATEGUI-CON-MAS-PERSONAL-POLICIAL-Y-MOVILES-1-1-1536x1024.jpg 1536w, https:\/\/diarioprincipios.com\/wp-content\/uploads\/2025\/06\/SE-REFORZARA-LA-SEGURIDAD-EN-BERAZATEGUI-CON-MAS-PERSONAL-POLICIAL-Y-MOVILES-1-1-600x400.jpg 600w, https:\/\/diarioprincipios.com\/wp-content\/uploads\/2025\/06\/SE-REFORZARA-LA-SEGURIDAD-EN-BERAZATEGUI-CON-MAS-PERSONAL-POLICIAL-Y-MOVILES-1-1.jpg 1920w\" sizes=\"auto, (max-width: 1024px) 100vw, 1024px\" \/><\/figure>\n\n\n\n<p><br>Por su parte, el ministro Alonso resalt\u00f3: \u201cEs un honor y un orgullo poder compartir este acto con un intendente como Juan Jos\u00e9 Mussi, que se preocupa mucho por la seguridad de la comunidad, comprendiendo que lo m\u00e1s importante es lograr una sociedad organizada que piense en el bienestar de los dem\u00e1s\u201d. Y agreg\u00f3: \u201cEl mandato de nuestro gobernador Axel Kicillof es lograr una polic\u00eda cada vez m\u00e1s profesional, equipada y humana, que se preocupe por cuidar a los vecinos y vecinas. Por eso quiero felicitar a estos 93 efectivos de Berazategui, que han iniciado una carrera de much\u00edsimo esfuerzo y sacrificio para poder proteger a su pueblo\u201d.\u00a0<br>De esta manera, desde el Gobierno provincial se refuerza el compromiso con el fortalecimiento de la seguridad en los municipios. El prop\u00f3sito es ampliar los controles y multiplicar las capacidades de prevenci\u00f3n del delito.<br>Estuvieron presentes en el acto, adem\u00e1s, el secretario de Control Urbano local, Marcelo Sieczka; junto a otros integrantes del Gabinete municipal; el jefe departamental de Berazategui, Comisario Mayor Javier Garro; y la titular FBA en el distrito, Comisaria Vanessa Oro.<\/p>\n","protected":false},"excerpt":{"rendered":"<p>En el acto, que fue encabezado por el intendente Juan Jos\u00e9 Mussi y el ministro de Seguridad de la provincia de Buenos Aires, Javier Alonso, se realiz\u00f3 la presentaci\u00f3n de la Fuerza Barrial de Aproximaci\u00f3n (FBA), integrada por 93 nuevos efectivos; y se entregaron nuevos patrulleros y motos para las fuerzas de seguridad.La FBA es&#8230;<\/p>\n","protected":false},"author":2,"featured_media":24843,"comment_status":"open","ping_status":"open","sticky":false,"template":"","format":"standard","meta":{"footnotes":""},"categories":[3],"tags":[],"class_list":["post-24840","post","type-post","status-publish","format-standard","has-post-thumbnail","hentry","category-berazategui"],"featured_image_src":"https:\/\/diarioprincipios.com\/wp-content\/uploads\/2025\/06\/SE-REFORZARA-LA-SEGURIDAD-EN-BERAZATEGUI-CON-MAS-PERSONAL-POLICIAL-Y-MOVILES-3-1-1024x683.jpg","blog_images":{"medium":"https:\/\/diarioprincipios.com\/wp-content\/uploads\/2025\/06\/SE-REFORZARA-LA-SEGURIDAD-EN-BERAZATEGUI-CON-MAS-PERSONAL-POLICIAL-Y-MOVILES-3-1-300x200.jpg","large":"https:\/\/diarioprincipios.com\/wp-content\/uploads\/2025\/06\/SE-REFORZARA-LA-SEGURIDAD-EN-BERAZATEGUI-CON-MAS-PERSONAL-POLICIAL-Y-MOVILES-3-1-1024x683.jpg"},"ams_acf":[],"yoast_head":"<!-- This site is optimized with the Yoast SEO plugin v27.3 - https:\/\/yoast.com\/product\/yoast-seo-wordpress\/ -->\n<title>Se reforzar\u00e1 la Seguridad en Berazategui con m\u00e1s Polic\u00edas y M\u00f3viles - Principios<\/title>\n<meta name=\"robots\" content=\"index, follow, max-snippet:-1, max-image-preview:large, max-video-preview:-1\" \/>\n<link rel=\"canonical\" href=\"https:\/\/diarioprincipios.com\/index.php\/2025\/06\/19\/se-reforzara-la-seguridad-en-berazategui-con-mas-policias-y-moviles\/\" \/>\n<meta property=\"og:locale\" content=\"es_ES\" \/>\n<meta property=\"og:type\" content=\"article\" \/>\n<meta property=\"og:title\" content=\"Se reforzar\u00e1 la Seguridad en Berazategui con m\u00e1s Polic\u00edas y M\u00f3viles - Principios\" \/>\n<meta property=\"og:description\" content=\"En el acto, que fue encabezado por el intendente Juan Jos\u00e9 Mussi y el ministro de Seguridad de la provincia de Buenos Aires, Javier Alonso, se realiz\u00f3 la presentaci\u00f3n de la Fuerza Barrial de Aproximaci\u00f3n (FBA), integrada por 93 nuevos efectivos; y se entregaron nuevos patrulleros y motos para las fuerzas de seguridad.La FBA es...\" \/>\n<meta property=\"og:url\" content=\"https:\/\/diarioprincipios.com\/index.php\/2025\/06\/19\/se-reforzara-la-seguridad-en-berazategui-con-mas-policias-y-moviles\/\" \/>\n<meta property=\"og:site_name\" content=\"Principios\" \/>\n<meta property=\"article:published_time\" content=\"2025-06-19T18:49:21+00:00\" \/>\n<meta property=\"article:modified_time\" content=\"2025-06-19T18:49:22+00:00\" \/>\n<meta property=\"og:image\" content=\"https:\/\/diarioprincipios.com\/wp-content\/uploads\/2025\/06\/SE-REFORZARA-LA-SEGURIDAD-EN-BERAZATEGUI-CON-MAS-PERSONAL-POLICIAL-Y-MOVILES-3-1.jpg\" \/>\n\t<meta property=\"og:image:width\" content=\"1920\" \/>\n\t<meta property=\"og:image:height\" content=\"1280\" \/>\n\t<meta property=\"og:image:type\" content=\"image\/jpeg\" \/>\n<meta name=\"author\" content=\"Hern\u00e1n L\u00f3pez\" \/>\n<meta name=\"twitter:card\" content=\"summary_large_image\" \/>\n<meta name=\"twitter:label1\" content=\"Escrito por\" \/>\n\t<meta name=\"twitter:data1\" content=\"Hern\u00e1n L\u00f3pez\" \/>\n\t<meta name=\"twitter:label2\" content=\"Tiempo de lectura\" \/>\n\t<meta name=\"twitter:data2\" content=\"3 minutos\" \/>\n<script type=\"application\/ld+json\" class=\"yoast-schema-graph\">{\"@context\":\"https:\\\/\\\/schema.org\",\"@graph\":[{\"@type\":\"Article\",\"@id\":\"https:\\\/\\\/diarioprincipios.com\\\/index.php\\\/2025\\\/06\\\/19\\\/se-reforzara-la-seguridad-en-berazategui-con-mas-policias-y-moviles\\\/#article\",\"isPartOf\":{\"@id\":\"https:\\\/\\\/diarioprincipios.com\\\/index.php\\\/2025\\\/06\\\/19\\\/se-reforzara-la-seguridad-en-berazategui-con-mas-policias-y-moviles\\\/\"},\"author\":{\"name\":\"Hern\u00e1n L\u00f3pez\",\"@id\":\"https:\\\/\\\/diarioprincipios.com\\\/#\\\/schema\\\/person\\\/436d5a1fd41a5e250e23ff5a6a7cb080\"},\"headline\":\"Se reforzar\u00e1 la Seguridad en Berazategui con m\u00e1s Polic\u00edas y M\u00f3viles\",\"datePublished\":\"2025-06-19T18:49:21+00:00\",\"dateModified\":\"2025-06-19T18:49:22+00:00\",\"mainEntityOfPage\":{\"@id\":\"https:\\\/\\\/diarioprincipios.com\\\/index.php\\\/2025\\\/06\\\/19\\\/se-reforzara-la-seguridad-en-berazategui-con-mas-policias-y-moviles\\\/\"},\"wordCount\":398,\"commentCount\":0,\"publisher\":{\"@id\":\"https:\\\/\\\/diarioprincipios.com\\\/#organization\"},\"image\":{\"@id\":\"https:\\\/\\\/diarioprincipios.com\\\/index.php\\\/2025\\\/06\\\/19\\\/se-reforzara-la-seguridad-en-berazategui-con-mas-policias-y-moviles\\\/#primaryimage\"},\"thumbnailUrl\":\"https:\\\/\\\/diarioprincipios.com\\\/wp-content\\\/uploads\\\/2025\\\/06\\\/SE-REFORZARA-LA-SEGURIDAD-EN-BERAZATEGUI-CON-MAS-PERSONAL-POLICIAL-Y-MOVILES-3-1.jpg\",\"articleSection\":[\"Berazategui\"],\"inLanguage\":\"es\",\"potentialAction\":[{\"@type\":\"CommentAction\",\"name\":\"Comment\",\"target\":[\"https:\\\/\\\/diarioprincipios.com\\\/index.php\\\/2025\\\/06\\\/19\\\/se-reforzara-la-seguridad-en-berazategui-con-mas-policias-y-moviles\\\/#respond\"]}]},{\"@type\":\"WebPage\",\"@id\":\"https:\\\/\\\/diarioprincipios.com\\\/index.php\\\/2025\\\/06\\\/19\\\/se-reforzara-la-seguridad-en-berazategui-con-mas-policias-y-moviles\\\/\",\"url\":\"https:\\\/\\\/diarioprincipios.com\\\/index.php\\\/2025\\\/06\\\/19\\\/se-reforzara-la-seguridad-en-berazategui-con-mas-policias-y-moviles\\\/\",\"name\":\"Se reforzar\u00e1 la Seguridad en Berazategui con m\u00e1s Polic\u00edas y M\u00f3viles - Principios\",\"isPartOf\":{\"@id\":\"https:\\\/\\\/diarioprincipios.com\\\/#website\"},\"primaryImageOfPage\":{\"@id\":\"https:\\\/\\\/diarioprincipios.com\\\/index.php\\\/2025\\\/06\\\/19\\\/se-reforzara-la-seguridad-en-berazategui-con-mas-policias-y-moviles\\\/#primaryimage\"},\"image\":{\"@id\":\"https:\\\/\\\/diarioprincipios.com\\\/index.php\\\/2025\\\/06\\\/19\\\/se-reforzara-la-seguridad-en-berazategui-con-mas-policias-y-moviles\\\/#primaryimage\"},\"thumbnailUrl\":\"https:\\\/\\\/diarioprincipios.com\\\/wp-content\\\/uploads\\\/2025\\\/06\\\/SE-REFORZARA-LA-SEGURIDAD-EN-BERAZATEGUI-CON-MAS-PERSONAL-POLICIAL-Y-MOVILES-3-1.jpg\",\"datePublished\":\"2025-06-19T18:49:21+00:00\",\"dateModified\":\"2025-06-19T18:49:22+00:00\",\"breadcrumb\":{\"@id\":\"https:\\\/\\\/diarioprincipios.com\\\/index.php\\\/2025\\\/06\\\/19\\\/se-reforzara-la-seguridad-en-berazategui-con-mas-policias-y-moviles\\\/#breadcrumb\"},\"inLanguage\":\"es\",\"potentialAction\":[{\"@type\":\"ReadAction\",\"target\":[\"https:\\\/\\\/diarioprincipios.com\\\/index.php\\\/2025\\\/06\\\/19\\\/se-reforzara-la-seguridad-en-berazategui-con-mas-policias-y-moviles\\\/\"]}]},{\"@type\":\"ImageObject\",\"inLanguage\":\"es\",\"@id\":\"https:\\\/\\\/diarioprincipios.com\\\/index.php\\\/2025\\\/06\\\/19\\\/se-reforzara-la-seguridad-en-berazategui-con-mas-policias-y-moviles\\\/#primaryimage\",\"url\":\"https:\\\/\\\/diarioprincipios.com\\\/wp-content\\\/uploads\\\/2025\\\/06\\\/SE-REFORZARA-LA-SEGURIDAD-EN-BERAZATEGUI-CON-MAS-PERSONAL-POLICIAL-Y-MOVILES-3-1.jpg\",\"contentUrl\":\"https:\\\/\\\/diarioprincipios.com\\\/wp-content\\\/uploads\\\/2025\\\/06\\\/SE-REFORZARA-LA-SEGURIDAD-EN-BERAZATEGUI-CON-MAS-PERSONAL-POLICIAL-Y-MOVILES-3-1.jpg\",\"width\":1920,\"height\":1280},{\"@type\":\"BreadcrumbList\",\"@id\":\"https:\\\/\\\/diarioprincipios.com\\\/index.php\\\/2025\\\/06\\\/19\\\/se-reforzara-la-seguridad-en-berazategui-con-mas-policias-y-moviles\\\/#breadcrumb\",\"itemListElement\":[{\"@type\":\"ListItem\",\"position\":1,\"name\":\"Portada\",\"item\":\"https:\\\/\\\/diarioprincipios.com\\\/\"},{\"@type\":\"ListItem\",\"position\":2,\"name\":\"Se reforzar\u00e1 la Seguridad en Berazategui con m\u00e1s Polic\u00edas y M\u00f3viles\"}]},{\"@type\":\"WebSite\",\"@id\":\"https:\\\/\\\/diarioprincipios.com\\\/#website\",\"url\":\"https:\\\/\\\/diarioprincipios.com\\\/\",\"name\":\"Principios\",\"description\":\"Principios Diario\",\"publisher\":{\"@id\":\"https:\\\/\\\/diarioprincipios.com\\\/#organization\"},\"potentialAction\":[{\"@type\":\"SearchAction\",\"target\":{\"@type\":\"EntryPoint\",\"urlTemplate\":\"https:\\\/\\\/diarioprincipios.com\\\/?s={search_term_string}\"},\"query-input\":{\"@type\":\"PropertyValueSpecification\",\"valueRequired\":true,\"valueName\":\"search_term_string\"}}],\"inLanguage\":\"es\"},{\"@type\":\"Organization\",\"@id\":\"https:\\\/\\\/diarioprincipios.com\\\/#organization\",\"name\":\"Principios\",\"url\":\"https:\\\/\\\/diarioprincipios.com\\\/\",\"logo\":{\"@type\":\"ImageObject\",\"inLanguage\":\"es\",\"@id\":\"https:\\\/\\\/diarioprincipios.com\\\/#\\\/schema\\\/logo\\\/image\\\/\",\"url\":\"https:\\\/\\\/diarioprincipios.com\\\/wp-content\\\/uploads\\\/2024\\\/04\\\/cropped-www.diarioprincipios.com_-1.png\",\"contentUrl\":\"https:\\\/\\\/diarioprincipios.com\\\/wp-content\\\/uploads\\\/2024\\\/04\\\/cropped-www.diarioprincipios.com_-1.png\",\"width\":5325,\"height\":1454,\"caption\":\"Principios\"},\"image\":{\"@id\":\"https:\\\/\\\/diarioprincipios.com\\\/#\\\/schema\\\/logo\\\/image\\\/\"}},{\"@type\":\"Person\",\"@id\":\"https:\\\/\\\/diarioprincipios.com\\\/#\\\/schema\\\/person\\\/436d5a1fd41a5e250e23ff5a6a7cb080\",\"name\":\"Hern\u00e1n L\u00f3pez\",\"image\":{\"@type\":\"ImageObject\",\"inLanguage\":\"es\",\"@id\":\"https:\\\/\\\/diarioprincipios.com\\\/wp-content\\\/litespeed\\\/avatar\\\/11ddfe5610ff3bd100522525b2571f48.jpg?ver=1777048341\",\"url\":\"https:\\\/\\\/diarioprincipios.com\\\/wp-content\\\/litespeed\\\/avatar\\\/11ddfe5610ff3bd100522525b2571f48.jpg?ver=1777048341\",\"contentUrl\":\"https:\\\/\\\/diarioprincipios.com\\\/wp-content\\\/litespeed\\\/avatar\\\/11ddfe5610ff3bd100522525b2571f48.jpg?ver=1777048341\",\"caption\":\"Hern\u00e1n L\u00f3pez\"},\"url\":\"https:\\\/\\\/diarioprincipios.com\\\/index.php\\\/author\\\/hernan\\\/\"}]}<\/script>\n<!-- \/ Yoast SEO plugin. -->","yoast_head_json":{"title":"Se reforzar\u00e1 la Seguridad en Berazategui con m\u00e1s Polic\u00edas y M\u00f3viles - Principios","robots":{"index":"index","follow":"follow","max-snippet":"max-snippet:-1","max-image-preview":"max-image-preview:large","max-video-preview":"max-video-preview:-1"},"canonical":"https:\/\/diarioprincipios.com\/index.php\/2025\/06\/19\/se-reforzara-la-seguridad-en-berazategui-con-mas-policias-y-moviles\/","og_locale":"es_ES","og_type":"article","og_title":"Se reforzar\u00e1 la Seguridad en Berazategui con m\u00e1s Polic\u00edas y M\u00f3viles - Principios","og_description":"En el acto, que fue encabezado por el intendente Juan Jos\u00e9 Mussi y el ministro de Seguridad de la provincia de Buenos Aires, Javier Alonso, se realiz\u00f3 la presentaci\u00f3n de la Fuerza Barrial de Aproximaci\u00f3n (FBA), integrada por 93 nuevos efectivos; y se entregaron nuevos patrulleros y motos para las fuerzas de seguridad.La FBA es...","og_url":"https:\/\/diarioprincipios.com\/index.php\/2025\/06\/19\/se-reforzara-la-seguridad-en-berazategui-con-mas-policias-y-moviles\/","og_site_name":"Principios","article_published_time":"2025-06-19T18:49:21+00:00","article_modified_time":"2025-06-19T18:49:22+00:00","og_image":[{"width":1920,"height":1280,"url":"https:\/\/diarioprincipios.com\/wp-content\/uploads\/2025\/06\/SE-REFORZARA-LA-SEGURIDAD-EN-BERAZATEGUI-CON-MAS-PERSONAL-POLICIAL-Y-MOVILES-3-1.jpg","type":"image\/jpeg"}],"author":"Hern\u00e1n L\u00f3pez","twitter_card":"summary_large_image","twitter_misc":{"Escrito por":"Hern\u00e1n L\u00f3pez","Tiempo de lectura":"3 minutos"},"schema":{"@context":"https:\/\/schema.org","@graph":[{"@type":"Article","@id":"https:\/\/diarioprincipios.com\/index.php\/2025\/06\/19\/se-reforzara-la-seguridad-en-berazategui-con-mas-policias-y-moviles\/#article","isPartOf":{"@id":"https:\/\/diarioprincipios.com\/index.php\/2025\/06\/19\/se-reforzara-la-seguridad-en-berazategui-con-mas-policias-y-moviles\/"},"author":{"name":"Hern\u00e1n L\u00f3pez","@id":"https:\/\/diarioprincipios.com\/#\/schema\/person\/436d5a1fd41a5e250e23ff5a6a7cb080"},"headline":"Se reforzar\u00e1 la Seguridad en Berazategui con m\u00e1s Polic\u00edas y M\u00f3viles","datePublished":"2025-06-19T18:49:21+00:00","dateModified":"2025-06-19T18:49:22+00:00","mainEntityOfPage":{"@id":"https:\/\/diarioprincipios.com\/index.php\/2025\/06\/19\/se-reforzara-la-seguridad-en-berazategui-con-mas-policias-y-moviles\/"},"wordCount":398,"commentCount":0,"publisher":{"@id":"https:\/\/diarioprincipios.com\/#organization"},"image":{"@id":"https:\/\/diarioprincipios.com\/index.php\/2025\/06\/19\/se-reforzara-la-seguridad-en-berazategui-con-mas-policias-y-moviles\/#primaryimage"},"thumbnailUrl":"https:\/\/diarioprincipios.com\/wp-content\/uploads\/2025\/06\/SE-REFORZARA-LA-SEGURIDAD-EN-BERAZATEGUI-CON-MAS-PERSONAL-POLICIAL-Y-MOVILES-3-1.jpg","articleSection":["Berazategui"],"inLanguage":"es","potentialAction":[{"@type":"CommentAction","name":"Comment","target":["https:\/\/diarioprincipios.com\/index.php\/2025\/06\/19\/se-reforzara-la-seguridad-en-berazategui-con-mas-policias-y-moviles\/#respond"]}]},{"@type":"WebPage","@id":"https:\/\/diarioprincipios.com\/index.php\/2025\/06\/19\/se-reforzara-la-seguridad-en-berazategui-con-mas-policias-y-moviles\/","url":"https:\/\/diarioprincipios.com\/index.php\/2025\/06\/19\/se-reforzara-la-seguridad-en-berazategui-con-mas-policias-y-moviles\/","name":"Se reforzar\u00e1 la Seguridad en Berazategui con m\u00e1s Polic\u00edas y M\u00f3viles - Principios","isPartOf":{"@id":"https:\/\/diarioprincipios.com\/#website"},"primaryImageOfPage":{"@id":"https:\/\/diarioprincipios.com\/index.php\/2025\/06\/19\/se-reforzara-la-seguridad-en-berazategui-con-mas-policias-y-moviles\/#primaryimage"},"image":{"@id":"https:\/\/diarioprincipios.com\/index.php\/2025\/06\/19\/se-reforzara-la-seguridad-en-berazategui-con-mas-policias-y-moviles\/#primaryimage"},"thumbnailUrl":"https:\/\/diarioprincipios.com\/wp-content\/uploads\/2025\/06\/SE-REFORZARA-LA-SEGURIDAD-EN-BERAZATEGUI-CON-MAS-PERSONAL-POLICIAL-Y-MOVILES-3-1.jpg","datePublished":"2025-06-19T18:49:21+00:00","dateModified":"2025-06-19T18:49:22+00:00","breadcrumb":{"@id":"https:\/\/diarioprincipios.com\/index.php\/2025\/06\/19\/se-reforzara-la-seguridad-en-berazategui-con-mas-policias-y-moviles\/#breadcrumb"},"inLanguage":"es","potentialAction":[{"@type":"ReadAction","target":["https:\/\/diarioprincipios.com\/index.php\/2025\/06\/19\/se-reforzara-la-seguridad-en-berazategui-con-mas-policias-y-moviles\/"]}]},{"@type":"ImageObject","inLanguage":"es","@id":"https:\/\/diarioprincipios.com\/index.php\/2025\/06\/19\/se-reforzara-la-seguridad-en-berazategui-con-mas-policias-y-moviles\/#primaryimage","url":"https:\/\/diarioprincipios.com\/wp-content\/uploads\/2025\/06\/SE-REFORZARA-LA-SEGURIDAD-EN-BERAZATEGUI-CON-MAS-PERSONAL-POLICIAL-Y-MOVILES-3-1.jpg","contentUrl":"https:\/\/diarioprincipios.com\/wp-content\/uploads\/2025\/06\/SE-REFORZARA-LA-SEGURIDAD-EN-BERAZATEGUI-CON-MAS-PERSONAL-POLICIAL-Y-MOVILES-3-1.jpg","width":1920,"height":1280},{"@type":"BreadcrumbList","@id":"https:\/\/diarioprincipios.com\/index.php\/2025\/06\/19\/se-reforzara-la-seguridad-en-berazategui-con-mas-policias-y-moviles\/#breadcrumb","itemListElement":[{"@type":"ListItem","position":1,"name":"Portada","item":"https:\/\/diarioprincipios.com\/"},{"@type":"ListItem","position":2,"name":"Se reforzar\u00e1 la Seguridad en Berazategui con m\u00e1s Polic\u00edas y M\u00f3viles"}]},{"@type":"WebSite","@id":"https:\/\/diarioprincipios.com\/#website","url":"https:\/\/diarioprincipios.com\/","name":"Principios","description":"Principios Diario","publisher":{"@id":"https:\/\/diarioprincipios.com\/#organization"},"potentialAction":[{"@type":"SearchAction","target":{"@type":"EntryPoint","urlTemplate":"https:\/\/diarioprincipios.com\/?s={search_term_string}"},"query-input":{"@type":"PropertyValueSpecification","valueRequired":true,"valueName":"search_term_string"}}],"inLanguage":"es"},{"@type":"Organization","@id":"https:\/\/diarioprincipios.com\/#organization","name":"Principios","url":"https:\/\/diarioprincipios.com\/","logo":{"@type":"ImageObject","inLanguage":"es","@id":"https:\/\/diarioprincipios.com\/#\/schema\/logo\/image\/","url":"https:\/\/diarioprincipios.com\/wp-content\/uploads\/2024\/04\/cropped-www.diarioprincipios.com_-1.png","contentUrl":"https:\/\/diarioprincipios.com\/wp-content\/uploads\/2024\/04\/cropped-www.diarioprincipios.com_-1.png","width":5325,"height":1454,"caption":"Principios"},"image":{"@id":"https:\/\/diarioprincipios.com\/#\/schema\/logo\/image\/"}},{"@type":"Person","@id":"https:\/\/diarioprincipios.com\/#\/schema\/person\/436d5a1fd41a5e250e23ff5a6a7cb080","name":"Hern\u00e1n L\u00f3pez","image":{"@type":"ImageObject","inLanguage":"es","@id":"https:\/\/diarioprincipios.com\/wp-content\/litespeed\/avatar\/11ddfe5610ff3bd100522525b2571f48.jpg?ver=1777048341","url":"https:\/\/diarioprincipios.com\/wp-content\/litespeed\/avatar\/11ddfe5610ff3bd100522525b2571f48.jpg?ver=1777048341","contentUrl":"https:\/\/diarioprincipios.com\/wp-content\/litespeed\/avatar\/11ddfe5610ff3bd100522525b2571f48.jpg?ver=1777048341","caption":"Hern\u00e1n L\u00f3pez"},"url":"https:\/\/diarioprincipios.com\/index.php\/author\/hernan\/"}]}},"jetpack_featured_media_url":"https:\/\/diarioprincipios.com\/wp-content\/uploads\/2025\/06\/SE-REFORZARA-LA-SEGURIDAD-EN-BERAZATEGUI-CON-MAS-PERSONAL-POLICIAL-Y-MOVILES-3-1.jpg","_links":{"self":[{"href":"https:\/\/diarioprincipios.com\/index.php\/wp-json\/wp\/v2\/posts\/24840","targetHints":{"allow":["GET"]}}],"collection":[{"href":"https:\/\/diarioprincipios.com\/index.php\/wp-json\/wp\/v2\/posts"}],"about":[{"href":"https:\/\/diarioprincipios.com\/index.php\/wp-json\/wp\/v2\/types\/post"}],"author":[{"embeddable":true,"href":"https:\/\/diarioprincipios.com\/index.php\/wp-json\/wp\/v2\/users\/2"}],"replies":[{"embeddable":true,"href":"https:\/\/diarioprincipios.com\/index.php\/wp-json\/wp\/v2\/comments?post=24840"}],"version-history":[{"count":1,"href":"https:\/\/diarioprincipios.com\/index.php\/wp-json\/wp\/v2\/posts\/24840\/revisions"}],"predecessor-version":[{"id":24844,"href":"https:\/\/diarioprincipios.com\/index.php\/wp-json\/wp\/v2\/posts\/24840\/revisions\/24844"}],"wp:featuredmedia":[{"embeddable":true,"href":"https:\/\/diarioprincipios.com\/index.php\/wp-json\/wp\/v2\/media\/24843"}],"wp:attachment":[{"href":"https:\/\/diarioprincipios.com\/index.php\/wp-json\/wp\/v2\/media?parent=24840"}],"wp:term":[{"taxonomy":"category","embeddable":true,"href":"https:\/\/diarioprincipios.com\/index.php\/wp-json\/wp\/v2\/categories?post=24840"},{"taxonomy":"post_tag","embeddable":true,"href":"https:\/\/diarioprincipios.com\/index.php\/wp-json\/wp\/v2\/tags?post=24840"}],"curies":[{"name":"wp","href":"https:\/\/api.w.org\/{rel}","templated":true}]}}