{"id":24836,"date":"2025-06-18T10:37:24","date_gmt":"2025-06-18T13:37:24","guid":{"rendered":"https:\/\/diarioprincipios.com\/?p=24836"},"modified":"2025-06-18T10:37:24","modified_gmt":"2025-06-18T13:37:24","slug":"medica-berazateguense-parte-del-equipo-de-la-operacion-inedita-en-el-garrahan","status":"publish","type":"post","link":"https:\/\/diarioprincipios.com\/index.php\/2025\/06\/18\/medica-berazateguense-parte-del-equipo-de-la-operacion-inedita-en-el-garrahan\/","title":{"rendered":"M\u00e9dica berazateguense parte del equipo de la Operaci\u00f3n In\u00e9dita en el Garrahan"},"content":{"rendered":"\n<p>La neonat\u00f3loga berazateguense, la doctora Susana Guti\u00e9rrez, es planta permanente en el Garrahan y participa del Programa de diagn\u00f3stico y tratamiento fetal , donde se oper\u00f3 por primera vez en un hospital pedi\u00e1trico de la Argentina a un feto con mielomeningicele. El hecho marc\u00f3 un hito en la Salud P\u00fablica del pa\u00eds.<br>En medio de una desfinanciaci\u00f3n por parte del Estado, una beb\u00e9 con diagn\u00f3stico prenatal de mielomeningocele (una grave malformaci\u00f3n cong\u00e9nita de la columna vertebral) que hab\u00eda sido operada en la semana 27 de gestaci\u00f3n, naci\u00f3 en el hospital Garrahan.<br>El hecho se dio el domingo 15 de junio, a las 3:35 de la ma\u00f1ana, a trav\u00e9s de una ces\u00e1rea, con el objetivo de mejorar su pron\u00f3stico y calidad de vida. Participaron 25 profesionales en la cirug\u00eda prenatal y 21 en la ces\u00e1rea.<br>La intervenci\u00f3n intrauterina se realiz\u00f3 el 9 de abril, en el marco del Programa de Diagn\u00f3stico y Tratamiento Fetal del Garrahan. El equipo integrado por cirujanos, neurocirujanos, obstetras, anestesistas, instrumentadoras y enfermeras junto a profesionales instructores de Curitiba, Brasil, que llevan realizadas 150 cirug\u00edas fetales, expusieron el \u00fatero fuera del cuerpo de la madre para reparar la lesi\u00f3n espinal del feto.<br>La operaci\u00f3n dur\u00f3 casi cuatro horas y requiri\u00f3 alt\u00edsima precisi\u00f3n quir\u00fargica para proteger el sistema nervioso central del beb\u00e9.<br>La ces\u00e1rea estaba programada para el 17 de junio, pero la mam\u00e1 rompi\u00f3 bolsa en v\u00edsperas del d\u00eda del padre, y el equipo del Garrahan se puso en marcha inmediatamente para llevar adelante la operaci\u00f3n en el hospital y evitar as\u00ed el traslado de la beba y la separaci\u00f3n de ambas en las primeras horas de vida. Participaron neonat\u00f3logos, obstetras, cirujanos, especialistas en cuidados cr\u00edticos maternos y enfermeros.<\/p>\n\n\n\n<figure class=\"wp-block-image size-full\"><img loading=\"lazy\" decoding=\"async\" width=\"966\" height=\"645\" src=\"https:\/\/diarioprincipios.com\/wp-content\/uploads\/2025\/06\/FB_IMG_1750247067874.jpg\" alt=\"\" class=\"wp-image-24837\" srcset=\"https:\/\/diarioprincipios.com\/wp-content\/uploads\/2025\/06\/FB_IMG_1750247067874.jpg 966w, https:\/\/diarioprincipios.com\/wp-content\/uploads\/2025\/06\/FB_IMG_1750247067874-300x200.jpg 300w, https:\/\/diarioprincipios.com\/wp-content\/uploads\/2025\/06\/FB_IMG_1750247067874-768x513.jpg 768w, https:\/\/diarioprincipios.com\/wp-content\/uploads\/2025\/06\/FB_IMG_1750247067874-600x400.jpg 600w\" sizes=\"auto, (max-width: 966px) 100vw, 966px\" \/><\/figure>\n\n\n\n<p><br>Patricia Bellani, jefa de Neonatolog\u00eda del Garrahan y responsable del operativo de la ces\u00e1rea y la cirug\u00eda fetal, destac\u00f3: \u201cEl haber podido realizar tanto la cirug\u00eda fetal como la ces\u00e1rea en el mismo hospital donde se atender\u00e1 a la beb\u00e9 es un enorme paso en la atenci\u00f3n integral y humanizada de estos casos complejos. Ac\u00e1 tenemos genetistas, obstetras, neonat\u00f3logos, ur\u00f3logos, neurocirujanos, equipo interdisciplinario de Mielomenigocele que realizar\u00e1 su seguimiento hasta los 18 a\u00f1os\u201d.<br>En Argentina, estas intervenciones se realizan desde 2015 en el Hospital Austral, pero s\u00f3lo est\u00e1n disponibles para pacientes con cobertura social. Fuera de ello, hay apenas dos antecedentes de intervenciones de este tipo en el pa\u00eds, una realizada en el Hospital Fern\u00e1ndez, por profesionales del Austral y otra en la ciudad de C\u00f3rdoba.<br>El mielomeningocele \u2014forma severa de espina b\u00edfida\u2014 afecta el cierre del tubo neural durante las primeras semanas del embarazo, cuando muchas mujeres a\u00fan desconocen su estado. Puede ocasionar discapacidad motora, p\u00e9rdida de control de esf\u00ednteres y riesgo de hidrocefalia. La cirug\u00eda prenatal ha demostrado reducir estas complicaciones y mejorar significativamente la calidad de vida del ni\u00f1o.<br>En Argentina se presenta en alrededor de 1 cada 1.500 reci\u00e9n nacidos. Por eso, es importante el cuidado y la suplementaci\u00f3n de \u00e1cido f\u00f3lico antes y durante el embarazo.<br>\u201cLa cirug\u00eda prenatal tiene un impacto muy importante en la motricidad de ambas piernas, disminuye la herniaci\u00f3n del cerebelo y mejora la anatom\u00eda del sistema nervioso central. Adem\u00e1s, reduce la hidrocefalia, esto mejora la capacidad cognitiva a largo plazo y ampl\u00eda las posibilidades de caminar con y sin ortesis despu\u00e9s de los dos a\u00f1os y medio\u201d, explic\u00f3 Bellani.<br>\u201cFue una cirug\u00eda perfecta, operamos la malformaci\u00f3n en la semana 27 del embarazo y naci\u00f3 en la 36, con una cicatriz perfecta\u201d, se enorgullece la obstetra, ginec\u00f3loga y especialista en medicina fetal, Analizia Astudillo, quien estuvo a cargo de la ces\u00e1rea y tambi\u00e9n de la operaci\u00f3n prenatal.<br>La profesional fue una de las especialistas que se capacit\u00f3 en el Hospital de Cl\u00ednicas de Curitiba, Brasil, con amplia experiencia en cirug\u00edas fetales. El mismo equipo que, financiado por Fundaci\u00f3n Garrahan, viaj\u00f3 a Buenos Aires a participar de la intervenci\u00f3n fetal realizada a la paciente en abril.<br>\u201cSent\u00ed una satisfacci\u00f3n inmensa de cerrar un ciclo, yo me form\u00e9 para esto, para desarrollar salud fetal en un hospital p\u00fablico pedi\u00e1trico y para achicar la brecha entre pobreza y discapacidad\u201d, destac\u00f3 Astudillo y agreg\u00f3 \u201ccon esta cirug\u00eda le mejoramos las posibilidades de desarrollo motor futuro a la paciente\u201d.<br>Por su parte, Javier Gonz\u00e1lez Ramos, el cirujano que realiz\u00f3 el cierre del defecto en la cirug\u00eda prenatal, indic\u00f3 que \u201cel Hospital Garrahan ha alcanzado un logro trascendental en la historia de la medicina pedi\u00e1trica argentina al realizar con \u00e9xito una cirug\u00eda intrauterina a un beb\u00e9. Este procedimiento, de alt\u00edsima complejidad, representa un avance fundamental en el abordaje de patolog\u00edas cong\u00e9nitas antes del nacimiento y abre nuevas posibilidades para mejorar la calidad de vida desde etapas muy tempranas del desarrollo\u201d.<br>Tras la cirug\u00eda fetal realizada en abril, la mam\u00e1 permaneci\u00f3 internada durante tres d\u00edas en la Unidad de Cuidados Materno-Fetales bajo el control de obstetras y terapistas especializados en obstetricia pedi\u00e1trica. Luego del alta, se aloj\u00f3 en Casa Garrahan por dos meses ya que deb\u00eda permanecer en un lugar cercano al Hospital hasta el nacimiento de la beb\u00e9.<br>De las intervenciones, participaron por el Programa de Diagn\u00f3stico y Tratamiento fetal \u2013 quep funciona desde 2008 impulsado por Claudia Cannizzaro- Mar\u00eda Soledad Arbio, jefa de cl\u00ednica del \u00c1rea de Terapia Intensiva Neonatal, las neonat\u00f3logas \u2060Susana Guti\u00e9rrez, \u2060Carla Mart\u00ednez, \u2060Mar\u00eda Eugenia Di Meola y \u2060Silvia Andres, las obstetras Analizia Astudillo, especialista en Medicina Fetal, Daniela Garc\u00eda, Federico Coria, becario, especialista en medicina Fetal, \u2060Gast\u00f3n Senyk, del Hospital Argerich, Patricia Nemer (obstetra), Natalia Basualdo (obstetra especialista en Obstetricia Cr\u00edtica), los anestesistas Janet Barrientos y Natalia Flores y la terapista de adultos especialistas en obstetricia cr\u00edtica, Mariana Kirshbaum, y el neurocirujano Javier Gonz\u00e1lez Ramos.<\/p>\n","protected":false},"excerpt":{"rendered":"<p>La neonat\u00f3loga berazateguense, la doctora Susana Guti\u00e9rrez, es planta permanente en el Garrahan y participa del Programa de diagn\u00f3stico y tratamiento fetal , donde se oper\u00f3 por primera vez en un hospital pedi\u00e1trico de la Argentina a un feto con mielomeningicele. El hecho marc\u00f3 un hito en la Salud P\u00fablica del pa\u00eds.En medio de una&#8230;<\/p>\n","protected":false},"author":2,"featured_media":24838,"comment_status":"open","ping_status":"open","sticky":false,"template":"","format":"standard","meta":{"footnotes":""},"categories":[20],"tags":[],"class_list":["post-24836","post","type-post","status-publish","format-standard","has-post-thumbnail","hentry","category-salud-ambiente"],"featured_image_src":"https:\/\/diarioprincipios.com\/wp-content\/uploads\/2025\/06\/FB_IMG_1750247070306.jpg","blog_images":{"medium":"https:\/\/diarioprincipios.com\/wp-content\/uploads\/2025\/06\/FB_IMG_1750247070306-300x200.jpg","large":"https:\/\/diarioprincipios.com\/wp-content\/uploads\/2025\/06\/FB_IMG_1750247070306.jpg"},"ams_acf":[],"yoast_head":"<!-- This site is optimized with the Yoast SEO plugin v27.3 - https:\/\/yoast.com\/product\/yoast-seo-wordpress\/ -->\n<title>M\u00e9dica berazateguense parte del equipo de la Operaci\u00f3n In\u00e9dita en el Garrahan - Principios<\/title>\n<meta name=\"robots\" content=\"index, follow, max-snippet:-1, max-image-preview:large, max-video-preview:-1\" \/>\n<link rel=\"canonical\" href=\"https:\/\/diarioprincipios.com\/index.php\/2025\/06\/18\/medica-berazateguense-parte-del-equipo-de-la-operacion-inedita-en-el-garrahan\/\" \/>\n<meta property=\"og:locale\" content=\"es_ES\" \/>\n<meta property=\"og:type\" content=\"article\" \/>\n<meta property=\"og:title\" content=\"M\u00e9dica berazateguense parte del equipo de la Operaci\u00f3n In\u00e9dita en el Garrahan - Principios\" \/>\n<meta property=\"og:description\" content=\"La neonat\u00f3loga berazateguense, la doctora Susana Guti\u00e9rrez, es planta permanente en el Garrahan y participa del Programa de diagn\u00f3stico y tratamiento fetal , donde se oper\u00f3 por primera vez en un hospital pedi\u00e1trico de la Argentina a un feto con mielomeningicele. El hecho marc\u00f3 un hito en la Salud P\u00fablica del pa\u00eds.En medio de una...\" \/>\n<meta property=\"og:url\" content=\"https:\/\/diarioprincipios.com\/index.php\/2025\/06\/18\/medica-berazateguense-parte-del-equipo-de-la-operacion-inedita-en-el-garrahan\/\" \/>\n<meta property=\"og:site_name\" content=\"Principios\" \/>\n<meta property=\"article:published_time\" content=\"2025-06-18T13:37:24+00:00\" \/>\n<meta property=\"og:image\" content=\"https:\/\/diarioprincipios.com\/wp-content\/uploads\/2025\/06\/FB_IMG_1750247070306.jpg\" \/>\n\t<meta property=\"og:image:width\" content=\"966\" \/>\n\t<meta property=\"og:image:height\" content=\"645\" \/>\n\t<meta property=\"og:image:type\" content=\"image\/jpeg\" \/>\n<meta name=\"author\" content=\"Hern\u00e1n L\u00f3pez\" \/>\n<meta name=\"twitter:card\" content=\"summary_large_image\" \/>\n<meta name=\"twitter:label1\" content=\"Escrito por\" \/>\n\t<meta name=\"twitter:data1\" content=\"Hern\u00e1n L\u00f3pez\" \/>\n\t<meta name=\"twitter:label2\" content=\"Tiempo de lectura\" \/>\n\t<meta name=\"twitter:data2\" content=\"5 minutos\" \/>\n<script type=\"application\/ld+json\" class=\"yoast-schema-graph\">{\"@context\":\"https:\\\/\\\/schema.org\",\"@graph\":[{\"@type\":\"Article\",\"@id\":\"https:\\\/\\\/diarioprincipios.com\\\/index.php\\\/2025\\\/06\\\/18\\\/medica-berazateguense-parte-del-equipo-de-la-operacion-inedita-en-el-garrahan\\\/#article\",\"isPartOf\":{\"@id\":\"https:\\\/\\\/diarioprincipios.com\\\/index.php\\\/2025\\\/06\\\/18\\\/medica-berazateguense-parte-del-equipo-de-la-operacion-inedita-en-el-garrahan\\\/\"},\"author\":{\"name\":\"Hern\u00e1n L\u00f3pez\",\"@id\":\"https:\\\/\\\/diarioprincipios.com\\\/#\\\/schema\\\/person\\\/436d5a1fd41a5e250e23ff5a6a7cb080\"},\"headline\":\"M\u00e9dica berazateguense parte del equipo de la Operaci\u00f3n In\u00e9dita en el Garrahan\",\"datePublished\":\"2025-06-18T13:37:24+00:00\",\"mainEntityOfPage\":{\"@id\":\"https:\\\/\\\/diarioprincipios.com\\\/index.php\\\/2025\\\/06\\\/18\\\/medica-berazateguense-parte-del-equipo-de-la-operacion-inedita-en-el-garrahan\\\/\"},\"wordCount\":1033,\"commentCount\":0,\"publisher\":{\"@id\":\"https:\\\/\\\/diarioprincipios.com\\\/#organization\"},\"image\":{\"@id\":\"https:\\\/\\\/diarioprincipios.com\\\/index.php\\\/2025\\\/06\\\/18\\\/medica-berazateguense-parte-del-equipo-de-la-operacion-inedita-en-el-garrahan\\\/#primaryimage\"},\"thumbnailUrl\":\"https:\\\/\\\/diarioprincipios.com\\\/wp-content\\\/uploads\\\/2025\\\/06\\\/FB_IMG_1750247070306.jpg\",\"articleSection\":[\"Salud y Ambiente\"],\"inLanguage\":\"es\",\"potentialAction\":[{\"@type\":\"CommentAction\",\"name\":\"Comment\",\"target\":[\"https:\\\/\\\/diarioprincipios.com\\\/index.php\\\/2025\\\/06\\\/18\\\/medica-berazateguense-parte-del-equipo-de-la-operacion-inedita-en-el-garrahan\\\/#respond\"]}]},{\"@type\":\"WebPage\",\"@id\":\"https:\\\/\\\/diarioprincipios.com\\\/index.php\\\/2025\\\/06\\\/18\\\/medica-berazateguense-parte-del-equipo-de-la-operacion-inedita-en-el-garrahan\\\/\",\"url\":\"https:\\\/\\\/diarioprincipios.com\\\/index.php\\\/2025\\\/06\\\/18\\\/medica-berazateguense-parte-del-equipo-de-la-operacion-inedita-en-el-garrahan\\\/\",\"name\":\"M\u00e9dica berazateguense parte del equipo de la Operaci\u00f3n In\u00e9dita en el Garrahan - Principios\",\"isPartOf\":{\"@id\":\"https:\\\/\\\/diarioprincipios.com\\\/#website\"},\"primaryImageOfPage\":{\"@id\":\"https:\\\/\\\/diarioprincipios.com\\\/index.php\\\/2025\\\/06\\\/18\\\/medica-berazateguense-parte-del-equipo-de-la-operacion-inedita-en-el-garrahan\\\/#primaryimage\"},\"image\":{\"@id\":\"https:\\\/\\\/diarioprincipios.com\\\/index.php\\\/2025\\\/06\\\/18\\\/medica-berazateguense-parte-del-equipo-de-la-operacion-inedita-en-el-garrahan\\\/#primaryimage\"},\"thumbnailUrl\":\"https:\\\/\\\/diarioprincipios.com\\\/wp-content\\\/uploads\\\/2025\\\/06\\\/FB_IMG_1750247070306.jpg\",\"datePublished\":\"2025-06-18T13:37:24+00:00\",\"breadcrumb\":{\"@id\":\"https:\\\/\\\/diarioprincipios.com\\\/index.php\\\/2025\\\/06\\\/18\\\/medica-berazateguense-parte-del-equipo-de-la-operacion-inedita-en-el-garrahan\\\/#breadcrumb\"},\"inLanguage\":\"es\",\"potentialAction\":[{\"@type\":\"ReadAction\",\"target\":[\"https:\\\/\\\/diarioprincipios.com\\\/index.php\\\/2025\\\/06\\\/18\\\/medica-berazateguense-parte-del-equipo-de-la-operacion-inedita-en-el-garrahan\\\/\"]}]},{\"@type\":\"ImageObject\",\"inLanguage\":\"es\",\"@id\":\"https:\\\/\\\/diarioprincipios.com\\\/index.php\\\/2025\\\/06\\\/18\\\/medica-berazateguense-parte-del-equipo-de-la-operacion-inedita-en-el-garrahan\\\/#primaryimage\",\"url\":\"https:\\\/\\\/diarioprincipios.com\\\/wp-content\\\/uploads\\\/2025\\\/06\\\/FB_IMG_1750247070306.jpg\",\"contentUrl\":\"https:\\\/\\\/diarioprincipios.com\\\/wp-content\\\/uploads\\\/2025\\\/06\\\/FB_IMG_1750247070306.jpg\",\"width\":966,\"height\":645},{\"@type\":\"BreadcrumbList\",\"@id\":\"https:\\\/\\\/diarioprincipios.com\\\/index.php\\\/2025\\\/06\\\/18\\\/medica-berazateguense-parte-del-equipo-de-la-operacion-inedita-en-el-garrahan\\\/#breadcrumb\",\"itemListElement\":[{\"@type\":\"ListItem\",\"position\":1,\"name\":\"Portada\",\"item\":\"https:\\\/\\\/diarioprincipios.com\\\/\"},{\"@type\":\"ListItem\",\"position\":2,\"name\":\"M\u00e9dica berazateguense parte del equipo de la Operaci\u00f3n In\u00e9dita en el Garrahan\"}]},{\"@type\":\"WebSite\",\"@id\":\"https:\\\/\\\/diarioprincipios.com\\\/#website\",\"url\":\"https:\\\/\\\/diarioprincipios.com\\\/\",\"name\":\"Principios\",\"description\":\"Principios Diario\",\"publisher\":{\"@id\":\"https:\\\/\\\/diarioprincipios.com\\\/#organization\"},\"potentialAction\":[{\"@type\":\"SearchAction\",\"target\":{\"@type\":\"EntryPoint\",\"urlTemplate\":\"https:\\\/\\\/diarioprincipios.com\\\/?s={search_term_string}\"},\"query-input\":{\"@type\":\"PropertyValueSpecification\",\"valueRequired\":true,\"valueName\":\"search_term_string\"}}],\"inLanguage\":\"es\"},{\"@type\":\"Organization\",\"@id\":\"https:\\\/\\\/diarioprincipios.com\\\/#organization\",\"name\":\"Principios\",\"url\":\"https:\\\/\\\/diarioprincipios.com\\\/\",\"logo\":{\"@type\":\"ImageObject\",\"inLanguage\":\"es\",\"@id\":\"https:\\\/\\\/diarioprincipios.com\\\/#\\\/schema\\\/logo\\\/image\\\/\",\"url\":\"https:\\\/\\\/diarioprincipios.com\\\/wp-content\\\/uploads\\\/2024\\\/04\\\/cropped-www.diarioprincipios.com_-1.png\",\"contentUrl\":\"https:\\\/\\\/diarioprincipios.com\\\/wp-content\\\/uploads\\\/2024\\\/04\\\/cropped-www.diarioprincipios.com_-1.png\",\"width\":5325,\"height\":1454,\"caption\":\"Principios\"},\"image\":{\"@id\":\"https:\\\/\\\/diarioprincipios.com\\\/#\\\/schema\\\/logo\\\/image\\\/\"}},{\"@type\":\"Person\",\"@id\":\"https:\\\/\\\/diarioprincipios.com\\\/#\\\/schema\\\/person\\\/436d5a1fd41a5e250e23ff5a6a7cb080\",\"name\":\"Hern\u00e1n L\u00f3pez\",\"image\":{\"@type\":\"ImageObject\",\"inLanguage\":\"es\",\"@id\":\"https:\\\/\\\/diarioprincipios.com\\\/wp-content\\\/litespeed\\\/avatar\\\/11ddfe5610ff3bd100522525b2571f48.jpg?ver=1777048341\",\"url\":\"https:\\\/\\\/diarioprincipios.com\\\/wp-content\\\/litespeed\\\/avatar\\\/11ddfe5610ff3bd100522525b2571f48.jpg?ver=1777048341\",\"contentUrl\":\"https:\\\/\\\/diarioprincipios.com\\\/wp-content\\\/litespeed\\\/avatar\\\/11ddfe5610ff3bd100522525b2571f48.jpg?ver=1777048341\",\"caption\":\"Hern\u00e1n L\u00f3pez\"},\"url\":\"https:\\\/\\\/diarioprincipios.com\\\/index.php\\\/author\\\/hernan\\\/\"}]}<\/script>\n<!-- \/ Yoast SEO plugin. -->","yoast_head_json":{"title":"M\u00e9dica berazateguense parte del equipo de la Operaci\u00f3n In\u00e9dita en el Garrahan - Principios","robots":{"index":"index","follow":"follow","max-snippet":"max-snippet:-1","max-image-preview":"max-image-preview:large","max-video-preview":"max-video-preview:-1"},"canonical":"https:\/\/diarioprincipios.com\/index.php\/2025\/06\/18\/medica-berazateguense-parte-del-equipo-de-la-operacion-inedita-en-el-garrahan\/","og_locale":"es_ES","og_type":"article","og_title":"M\u00e9dica berazateguense parte del equipo de la Operaci\u00f3n In\u00e9dita en el Garrahan - Principios","og_description":"La neonat\u00f3loga berazateguense, la doctora Susana Guti\u00e9rrez, es planta permanente en el Garrahan y participa del Programa de diagn\u00f3stico y tratamiento fetal , donde se oper\u00f3 por primera vez en un hospital pedi\u00e1trico de la Argentina a un feto con mielomeningicele. El hecho marc\u00f3 un hito en la Salud P\u00fablica del pa\u00eds.En medio de una...","og_url":"https:\/\/diarioprincipios.com\/index.php\/2025\/06\/18\/medica-berazateguense-parte-del-equipo-de-la-operacion-inedita-en-el-garrahan\/","og_site_name":"Principios","article_published_time":"2025-06-18T13:37:24+00:00","og_image":[{"width":966,"height":645,"url":"https:\/\/diarioprincipios.com\/wp-content\/uploads\/2025\/06\/FB_IMG_1750247070306.jpg","type":"image\/jpeg"}],"author":"Hern\u00e1n L\u00f3pez","twitter_card":"summary_large_image","twitter_misc":{"Escrito por":"Hern\u00e1n L\u00f3pez","Tiempo de lectura":"5 minutos"},"schema":{"@context":"https:\/\/schema.org","@graph":[{"@type":"Article","@id":"https:\/\/diarioprincipios.com\/index.php\/2025\/06\/18\/medica-berazateguense-parte-del-equipo-de-la-operacion-inedita-en-el-garrahan\/#article","isPartOf":{"@id":"https:\/\/diarioprincipios.com\/index.php\/2025\/06\/18\/medica-berazateguense-parte-del-equipo-de-la-operacion-inedita-en-el-garrahan\/"},"author":{"name":"Hern\u00e1n L\u00f3pez","@id":"https:\/\/diarioprincipios.com\/#\/schema\/person\/436d5a1fd41a5e250e23ff5a6a7cb080"},"headline":"M\u00e9dica berazateguense parte del equipo de la Operaci\u00f3n In\u00e9dita en el Garrahan","datePublished":"2025-06-18T13:37:24+00:00","mainEntityOfPage":{"@id":"https:\/\/diarioprincipios.com\/index.php\/2025\/06\/18\/medica-berazateguense-parte-del-equipo-de-la-operacion-inedita-en-el-garrahan\/"},"wordCount":1033,"commentCount":0,"publisher":{"@id":"https:\/\/diarioprincipios.com\/#organization"},"image":{"@id":"https:\/\/diarioprincipios.com\/index.php\/2025\/06\/18\/medica-berazateguense-parte-del-equipo-de-la-operacion-inedita-en-el-garrahan\/#primaryimage"},"thumbnailUrl":"https:\/\/diarioprincipios.com\/wp-content\/uploads\/2025\/06\/FB_IMG_1750247070306.jpg","articleSection":["Salud y Ambiente"],"inLanguage":"es","potentialAction":[{"@type":"CommentAction","name":"Comment","target":["https:\/\/diarioprincipios.com\/index.php\/2025\/06\/18\/medica-berazateguense-parte-del-equipo-de-la-operacion-inedita-en-el-garrahan\/#respond"]}]},{"@type":"WebPage","@id":"https:\/\/diarioprincipios.com\/index.php\/2025\/06\/18\/medica-berazateguense-parte-del-equipo-de-la-operacion-inedita-en-el-garrahan\/","url":"https:\/\/diarioprincipios.com\/index.php\/2025\/06\/18\/medica-berazateguense-parte-del-equipo-de-la-operacion-inedita-en-el-garrahan\/","name":"M\u00e9dica berazateguense parte del equipo de la Operaci\u00f3n In\u00e9dita en el Garrahan - Principios","isPartOf":{"@id":"https:\/\/diarioprincipios.com\/#website"},"primaryImageOfPage":{"@id":"https:\/\/diarioprincipios.com\/index.php\/2025\/06\/18\/medica-berazateguense-parte-del-equipo-de-la-operacion-inedita-en-el-garrahan\/#primaryimage"},"image":{"@id":"https:\/\/diarioprincipios.com\/index.php\/2025\/06\/18\/medica-berazateguense-parte-del-equipo-de-la-operacion-inedita-en-el-garrahan\/#primaryimage"},"thumbnailUrl":"https:\/\/diarioprincipios.com\/wp-content\/uploads\/2025\/06\/FB_IMG_1750247070306.jpg","datePublished":"2025-06-18T13:37:24+00:00","breadcrumb":{"@id":"https:\/\/diarioprincipios.com\/index.php\/2025\/06\/18\/medica-berazateguense-parte-del-equipo-de-la-operacion-inedita-en-el-garrahan\/#breadcrumb"},"inLanguage":"es","potentialAction":[{"@type":"ReadAction","target":["https:\/\/diarioprincipios.com\/index.php\/2025\/06\/18\/medica-berazateguense-parte-del-equipo-de-la-operacion-inedita-en-el-garrahan\/"]}]},{"@type":"ImageObject","inLanguage":"es","@id":"https:\/\/diarioprincipios.com\/index.php\/2025\/06\/18\/medica-berazateguense-parte-del-equipo-de-la-operacion-inedita-en-el-garrahan\/#primaryimage","url":"https:\/\/diarioprincipios.com\/wp-content\/uploads\/2025\/06\/FB_IMG_1750247070306.jpg","contentUrl":"https:\/\/diarioprincipios.com\/wp-content\/uploads\/2025\/06\/FB_IMG_1750247070306.jpg","width":966,"height":645},{"@type":"BreadcrumbList","@id":"https:\/\/diarioprincipios.com\/index.php\/2025\/06\/18\/medica-berazateguense-parte-del-equipo-de-la-operacion-inedita-en-el-garrahan\/#breadcrumb","itemListElement":[{"@type":"ListItem","position":1,"name":"Portada","item":"https:\/\/diarioprincipios.com\/"},{"@type":"ListItem","position":2,"name":"M\u00e9dica berazateguense parte del equipo de la Operaci\u00f3n In\u00e9dita en el Garrahan"}]},{"@type":"WebSite","@id":"https:\/\/diarioprincipios.com\/#website","url":"https:\/\/diarioprincipios.com\/","name":"Principios","description":"Principios Diario","publisher":{"@id":"https:\/\/diarioprincipios.com\/#organization"},"potentialAction":[{"@type":"SearchAction","target":{"@type":"EntryPoint","urlTemplate":"https:\/\/diarioprincipios.com\/?s={search_term_string}"},"query-input":{"@type":"PropertyValueSpecification","valueRequired":true,"valueName":"search_term_string"}}],"inLanguage":"es"},{"@type":"Organization","@id":"https:\/\/diarioprincipios.com\/#organization","name":"Principios","url":"https:\/\/diarioprincipios.com\/","logo":{"@type":"ImageObject","inLanguage":"es","@id":"https:\/\/diarioprincipios.com\/#\/schema\/logo\/image\/","url":"https:\/\/diarioprincipios.com\/wp-content\/uploads\/2024\/04\/cropped-www.diarioprincipios.com_-1.png","contentUrl":"https:\/\/diarioprincipios.com\/wp-content\/uploads\/2024\/04\/cropped-www.diarioprincipios.com_-1.png","width":5325,"height":1454,"caption":"Principios"},"image":{"@id":"https:\/\/diarioprincipios.com\/#\/schema\/logo\/image\/"}},{"@type":"Person","@id":"https:\/\/diarioprincipios.com\/#\/schema\/person\/436d5a1fd41a5e250e23ff5a6a7cb080","name":"Hern\u00e1n L\u00f3pez","image":{"@type":"ImageObject","inLanguage":"es","@id":"https:\/\/diarioprincipios.com\/wp-content\/litespeed\/avatar\/11ddfe5610ff3bd100522525b2571f48.jpg?ver=1777048341","url":"https:\/\/diarioprincipios.com\/wp-content\/litespeed\/avatar\/11ddfe5610ff3bd100522525b2571f48.jpg?ver=1777048341","contentUrl":"https:\/\/diarioprincipios.com\/wp-content\/litespeed\/avatar\/11ddfe5610ff3bd100522525b2571f48.jpg?ver=1777048341","caption":"Hern\u00e1n L\u00f3pez"},"url":"https:\/\/diarioprincipios.com\/index.php\/author\/hernan\/"}]}},"jetpack_featured_media_url":"https:\/\/diarioprincipios.com\/wp-content\/uploads\/2025\/06\/FB_IMG_1750247070306.jpg","_links":{"self":[{"href":"https:\/\/diarioprincipios.com\/index.php\/wp-json\/wp\/v2\/posts\/24836","targetHints":{"allow":["GET"]}}],"collection":[{"href":"https:\/\/diarioprincipios.com\/index.php\/wp-json\/wp\/v2\/posts"}],"about":[{"href":"https:\/\/diarioprincipios.com\/index.php\/wp-json\/wp\/v2\/types\/post"}],"author":[{"embeddable":true,"href":"https:\/\/diarioprincipios.com\/index.php\/wp-json\/wp\/v2\/users\/2"}],"replies":[{"embeddable":true,"href":"https:\/\/diarioprincipios.com\/index.php\/wp-json\/wp\/v2\/comments?post=24836"}],"version-history":[{"count":1,"href":"https:\/\/diarioprincipios.com\/index.php\/wp-json\/wp\/v2\/posts\/24836\/revisions"}],"predecessor-version":[{"id":24839,"href":"https:\/\/diarioprincipios.com\/index.php\/wp-json\/wp\/v2\/posts\/24836\/revisions\/24839"}],"wp:featuredmedia":[{"embeddable":true,"href":"https:\/\/diarioprincipios.com\/index.php\/wp-json\/wp\/v2\/media\/24838"}],"wp:attachment":[{"href":"https:\/\/diarioprincipios.com\/index.php\/wp-json\/wp\/v2\/media?parent=24836"}],"wp:term":[{"taxonomy":"category","embeddable":true,"href":"https:\/\/diarioprincipios.com\/index.php\/wp-json\/wp\/v2\/categories?post=24836"},{"taxonomy":"post_tag","embeddable":true,"href":"https:\/\/diarioprincipios.com\/index.php\/wp-json\/wp\/v2\/tags?post=24836"}],"curies":[{"name":"wp","href":"https:\/\/api.w.org\/{rel}","templated":true}]}}