{"id":24833,"date":"2025-06-18T09:20:26","date_gmt":"2025-06-18T12:20:26","guid":{"rendered":"https:\/\/diarioprincipios.com\/?p=24833"},"modified":"2025-06-18T09:20:27","modified_gmt":"2025-06-18T12:20:27","slug":"roby-solo-regresa-con-yo-renacere","status":"publish","type":"post","link":"https:\/\/diarioprincipios.com\/index.php\/2025\/06\/18\/roby-solo-regresa-con-yo-renacere\/","title":{"rendered":"Roby S\u00f3lo regresa con \u00abYo Renacer\u00e9\u00bb"},"content":{"rendered":"\n<p>El reconocido artista Roby S\u00f3lo regresa a las plataformas digitales con una colaboraci\u00f3n especial junto al talentoso int\u00e9rprete y m\u00fasico Daniel Rayn\u00e9r, presentando una flamante versi\u00f3n de estudio del cl\u00e1sico \u201cYo Renacer\u00e9\u201d. Tras el lanzamiento de \u00abBreeze On By\u00bb a principios de este a\u00f1o, Roby S\u00f3lo contin\u00faa enriqueciendo su trayectoria musical con este nuevo material. \u00abEstoy orgulloso de que est\u00e9 ya disponible para quienes nos escuchan a lo largo de los a\u00f1os\u00bb, expresa con entusiasmo Roby. Por su parte, Daniel Rayn\u00e9r comparte su satisfacci\u00f3n por esta colaboraci\u00f3n: \u00abHa sido otra gran experiencia trabajar con Roby tanto en vivo como en estudio\u00bb. La canci\u00f3n original \u00abYo Renacer\u00e9\u00bb (en italiano: \u00abCervo a primavera\u00bb) fue escrita por el cantautor italiano Riccardo Cocciante con letra de Giulio Mogol, la adaptaci\u00f3n al espa\u00f1ol de la letra fue realizada por Jos\u00e9 Mar\u00eda Pur\u00f3n. Originalmente compuesta en los a\u00f1os 80 por el maestro Ricardo Cocciante, esta nueva versi\u00f3n de \u201cYo Renacer\u00e9\u201d fusiona elementos del rock y el pop, permitiendo apreciar la sinergia entre Roby y Daniel. El resultado es un emotivo homenaje a la fortaleza del esp\u00edritu humano. Acerca de Daniel Rayn\u00e9r: Pianista, cantante, autor y compositor argentino de destacada trayectoria. Ha acompa\u00f1ado como pianista y director musical a figuras nacionales e internacionales, siendo el pianista del recordado programa de TELEFE \u201cGracias por Venir\u2026 Gracias por estar\u201d, conducido por Gerardo Roz\u00edn. Su talento vocal lo ha llevado a ganar los premios Buen\u00edsimo Award y \u00c1rea Latina en Miami. Actualmente reside en Madrid, donde contin\u00faa su carrera con presentaciones en diversos escenarios europeos. A lo largo de su carrera, ha colaborado con artistas de la talla de Dyango, Jos\u00e9 V\u00e9lez, Piero,Hugo Marcel, Los Iracundos y Daniel Riolobos, e incluso acompa\u00f1\u00f3 a Los Fronterizos en la Misa Criolla. Acerca de Roby S\u00f3lo: Con una trayectoria musical que se remonta a 1983 con su LP \u00abVoces Latinoamericanas\u00bb, Roby S\u00f3lo ha construido un legado s\u00f3lido en la m\u00fasica latina. Su discograf\u00eda incluye t\u00edtulos como \u00abA Coraz\u00f3n Abierto\u00bb, \u00abAmor a la italiana\u00bb, \u00abHaciendo Rock\u00bb, la reedici\u00f3n de \u00abDetr\u00e1s de Dios\u00bb, \u00abWould I Lie to You\u00bb, \u00abEl Mundo\u00bb, \u00abPor Ella\u00bb (junto al costarricense JuanBer), \u00abRegresa a M\u00ed\u00bb y \u00abTe He Prometido\u00bb (con el argentino Tonny Riccardi), entre otros. Su versatilidad lo ha llevado a explorar diversos g\u00e9neros, desde el pop y el rock hasta baladas y cumbia. Adem\u00e1s de su faceta interpretativa, Roby contin\u00faa participado como jurado en prestigiosos festivales internacionales, consolid\u00e1ndose como una figura influyente en la m\u00fasica latinoamericana. Con el lanzamiento de \u00abYo Renacer\u00e9\u00bb, Roby contin\u00faa expandiendo su rica discograf\u00eda, ofreciendo nuevas emociones a su p\u00fablico. \u00abYo Renacer\u00e9\u00bb disponible en todas las plataformas digitales, Spotify, iTunes, Amazon, Deezer y m\u00e1s. No te pierdas este nuevo cap\u00edtulo en la carrera musical de Roby S\u00f3lo y Daniel Rayn\u00e9r. Roby S\u00f3lo: https:\/\/www.youtube.com\/results?search_query=roby+solo https:\/\/www.facebook.com\/SOLOROBY https:\/\/www.instagram.com\/robysolomusic\/ https:\/\/open.spotify.com\/intles\/artist\/3v5YLh9sbnIRIwGpFP7nDS?si=qPTm91rLSCadtddlA89p6g Daniel Rayn\u00e9r: https:\/\/www.facebook.com\/daniel.rayner.music https:\/\/www.instagram.com\/danraymusic\/ https:\/\/www.youtube.com\/channel\/UCCwG0LcAxXkz_5daIE_63dA https:\/\/open.spotify.com\/intles\/artist\/4fgO95CIN1aYrNM7JoUrbX?si=Jq3kQ50WQ9edTZSUjw0jRg<\/p>\n","protected":false},"excerpt":{"rendered":"<p>El reconocido artista Roby S\u00f3lo regresa a las plataformas digitales con una colaboraci\u00f3n especial junto al talentoso int\u00e9rprete y m\u00fasico Daniel Rayn\u00e9r, presentando una flamante versi\u00f3n de estudio del cl\u00e1sico \u201cYo Renacer\u00e9\u201d. Tras el lanzamiento de \u00abBreeze On By\u00bb a principios de este a\u00f1o, Roby S\u00f3lo contin\u00faa enriqueciendo su trayectoria musical con este nuevo material&#8230;.<\/p>\n","protected":false},"author":2,"featured_media":24834,"comment_status":"open","ping_status":"open","sticky":false,"template":"","format":"standard","meta":{"footnotes":""},"categories":[3],"tags":[],"class_list":["post-24833","post","type-post","status-publish","format-standard","has-post-thumbnail","hentry","category-berazategui"],"featured_image_src":"https:\/\/diarioprincipios.com\/wp-content\/uploads\/2025\/06\/IMG-20250613-WA0021-1024x1024.jpg","blog_images":{"medium":"https:\/\/diarioprincipios.com\/wp-content\/uploads\/2025\/06\/IMG-20250613-WA0021-300x300.jpg","large":"https:\/\/diarioprincipios.com\/wp-content\/uploads\/2025\/06\/IMG-20250613-WA0021-1024x1024.jpg"},"ams_acf":[],"yoast_head":"<!-- This site is optimized with the Yoast SEO plugin v27.3 - https:\/\/yoast.com\/product\/yoast-seo-wordpress\/ -->\n<title>Roby S\u00f3lo regresa con &quot;Yo Renacer\u00e9&quot; - Principios<\/title>\n<meta name=\"robots\" content=\"index, follow, max-snippet:-1, max-image-preview:large, max-video-preview:-1\" \/>\n<link rel=\"canonical\" href=\"https:\/\/diarioprincipios.com\/index.php\/2025\/06\/18\/roby-solo-regresa-con-yo-renacere\/\" \/>\n<meta property=\"og:locale\" content=\"es_ES\" \/>\n<meta property=\"og:type\" content=\"article\" \/>\n<meta property=\"og:title\" content=\"Roby S\u00f3lo regresa con &quot;Yo Renacer\u00e9&quot; - Principios\" \/>\n<meta property=\"og:description\" content=\"El reconocido artista Roby S\u00f3lo regresa a las plataformas digitales con una colaboraci\u00f3n especial junto al talentoso int\u00e9rprete y m\u00fasico Daniel Rayn\u00e9r, presentando una flamante versi\u00f3n de estudio del cl\u00e1sico \u201cYo Renacer\u00e9\u201d. Tras el lanzamiento de \u00abBreeze On By\u00bb a principios de este a\u00f1o, Roby S\u00f3lo contin\u00faa enriqueciendo su trayectoria musical con este nuevo material....\" \/>\n<meta property=\"og:url\" content=\"https:\/\/diarioprincipios.com\/index.php\/2025\/06\/18\/roby-solo-regresa-con-yo-renacere\/\" \/>\n<meta property=\"og:site_name\" content=\"Principios\" \/>\n<meta property=\"article:published_time\" content=\"2025-06-18T12:20:26+00:00\" \/>\n<meta property=\"article:modified_time\" content=\"2025-06-18T12:20:27+00:00\" \/>\n<meta property=\"og:image\" content=\"https:\/\/diarioprincipios.com\/wp-content\/uploads\/2025\/06\/IMG-20250613-WA0021.jpg\" \/>\n\t<meta property=\"og:image:width\" content=\"1600\" \/>\n\t<meta property=\"og:image:height\" content=\"1600\" \/>\n\t<meta property=\"og:image:type\" content=\"image\/jpeg\" \/>\n<meta name=\"author\" content=\"Hern\u00e1n L\u00f3pez\" \/>\n<meta name=\"twitter:card\" content=\"summary_large_image\" \/>\n<meta name=\"twitter:label1\" content=\"Escrito por\" \/>\n\t<meta name=\"twitter:data1\" content=\"Hern\u00e1n L\u00f3pez\" \/>\n\t<meta name=\"twitter:label2\" content=\"Tiempo de lectura\" \/>\n\t<meta name=\"twitter:data2\" content=\"3 minutos\" \/>\n<script type=\"application\/ld+json\" class=\"yoast-schema-graph\">{\"@context\":\"https:\\\/\\\/schema.org\",\"@graph\":[{\"@type\":\"Article\",\"@id\":\"https:\\\/\\\/diarioprincipios.com\\\/index.php\\\/2025\\\/06\\\/18\\\/roby-solo-regresa-con-yo-renacere\\\/#article\",\"isPartOf\":{\"@id\":\"https:\\\/\\\/diarioprincipios.com\\\/index.php\\\/2025\\\/06\\\/18\\\/roby-solo-regresa-con-yo-renacere\\\/\"},\"author\":{\"name\":\"Hern\u00e1n L\u00f3pez\",\"@id\":\"https:\\\/\\\/diarioprincipios.com\\\/#\\\/schema\\\/person\\\/436d5a1fd41a5e250e23ff5a6a7cb080\"},\"headline\":\"Roby S\u00f3lo regresa con \u00abYo Renacer\u00e9\u00bb\",\"datePublished\":\"2025-06-18T12:20:26+00:00\",\"dateModified\":\"2025-06-18T12:20:27+00:00\",\"mainEntityOfPage\":{\"@id\":\"https:\\\/\\\/diarioprincipios.com\\\/index.php\\\/2025\\\/06\\\/18\\\/roby-solo-regresa-con-yo-renacere\\\/\"},\"wordCount\":587,\"commentCount\":0,\"publisher\":{\"@id\":\"https:\\\/\\\/diarioprincipios.com\\\/#organization\"},\"image\":{\"@id\":\"https:\\\/\\\/diarioprincipios.com\\\/index.php\\\/2025\\\/06\\\/18\\\/roby-solo-regresa-con-yo-renacere\\\/#primaryimage\"},\"thumbnailUrl\":\"https:\\\/\\\/diarioprincipios.com\\\/wp-content\\\/uploads\\\/2025\\\/06\\\/IMG-20250613-WA0021.jpg\",\"articleSection\":[\"Berazategui\"],\"inLanguage\":\"es\",\"potentialAction\":[{\"@type\":\"CommentAction\",\"name\":\"Comment\",\"target\":[\"https:\\\/\\\/diarioprincipios.com\\\/index.php\\\/2025\\\/06\\\/18\\\/roby-solo-regresa-con-yo-renacere\\\/#respond\"]}]},{\"@type\":\"WebPage\",\"@id\":\"https:\\\/\\\/diarioprincipios.com\\\/index.php\\\/2025\\\/06\\\/18\\\/roby-solo-regresa-con-yo-renacere\\\/\",\"url\":\"https:\\\/\\\/diarioprincipios.com\\\/index.php\\\/2025\\\/06\\\/18\\\/roby-solo-regresa-con-yo-renacere\\\/\",\"name\":\"Roby S\u00f3lo regresa con \\\"Yo Renacer\u00e9\\\" - Principios\",\"isPartOf\":{\"@id\":\"https:\\\/\\\/diarioprincipios.com\\\/#website\"},\"primaryImageOfPage\":{\"@id\":\"https:\\\/\\\/diarioprincipios.com\\\/index.php\\\/2025\\\/06\\\/18\\\/roby-solo-regresa-con-yo-renacere\\\/#primaryimage\"},\"image\":{\"@id\":\"https:\\\/\\\/diarioprincipios.com\\\/index.php\\\/2025\\\/06\\\/18\\\/roby-solo-regresa-con-yo-renacere\\\/#primaryimage\"},\"thumbnailUrl\":\"https:\\\/\\\/diarioprincipios.com\\\/wp-content\\\/uploads\\\/2025\\\/06\\\/IMG-20250613-WA0021.jpg\",\"datePublished\":\"2025-06-18T12:20:26+00:00\",\"dateModified\":\"2025-06-18T12:20:27+00:00\",\"breadcrumb\":{\"@id\":\"https:\\\/\\\/diarioprincipios.com\\\/index.php\\\/2025\\\/06\\\/18\\\/roby-solo-regresa-con-yo-renacere\\\/#breadcrumb\"},\"inLanguage\":\"es\",\"potentialAction\":[{\"@type\":\"ReadAction\",\"target\":[\"https:\\\/\\\/diarioprincipios.com\\\/index.php\\\/2025\\\/06\\\/18\\\/roby-solo-regresa-con-yo-renacere\\\/\"]}]},{\"@type\":\"ImageObject\",\"inLanguage\":\"es\",\"@id\":\"https:\\\/\\\/diarioprincipios.com\\\/index.php\\\/2025\\\/06\\\/18\\\/roby-solo-regresa-con-yo-renacere\\\/#primaryimage\",\"url\":\"https:\\\/\\\/diarioprincipios.com\\\/wp-content\\\/uploads\\\/2025\\\/06\\\/IMG-20250613-WA0021.jpg\",\"contentUrl\":\"https:\\\/\\\/diarioprincipios.com\\\/wp-content\\\/uploads\\\/2025\\\/06\\\/IMG-20250613-WA0021.jpg\",\"width\":1600,\"height\":1600},{\"@type\":\"BreadcrumbList\",\"@id\":\"https:\\\/\\\/diarioprincipios.com\\\/index.php\\\/2025\\\/06\\\/18\\\/roby-solo-regresa-con-yo-renacere\\\/#breadcrumb\",\"itemListElement\":[{\"@type\":\"ListItem\",\"position\":1,\"name\":\"Portada\",\"item\":\"https:\\\/\\\/diarioprincipios.com\\\/\"},{\"@type\":\"ListItem\",\"position\":2,\"name\":\"Roby S\u00f3lo regresa con \u00abYo Renacer\u00e9\u00bb\"}]},{\"@type\":\"WebSite\",\"@id\":\"https:\\\/\\\/diarioprincipios.com\\\/#website\",\"url\":\"https:\\\/\\\/diarioprincipios.com\\\/\",\"name\":\"Principios\",\"description\":\"Principios Diario\",\"publisher\":{\"@id\":\"https:\\\/\\\/diarioprincipios.com\\\/#organization\"},\"potentialAction\":[{\"@type\":\"SearchAction\",\"target\":{\"@type\":\"EntryPoint\",\"urlTemplate\":\"https:\\\/\\\/diarioprincipios.com\\\/?s={search_term_string}\"},\"query-input\":{\"@type\":\"PropertyValueSpecification\",\"valueRequired\":true,\"valueName\":\"search_term_string\"}}],\"inLanguage\":\"es\"},{\"@type\":\"Organization\",\"@id\":\"https:\\\/\\\/diarioprincipios.com\\\/#organization\",\"name\":\"Principios\",\"url\":\"https:\\\/\\\/diarioprincipios.com\\\/\",\"logo\":{\"@type\":\"ImageObject\",\"inLanguage\":\"es\",\"@id\":\"https:\\\/\\\/diarioprincipios.com\\\/#\\\/schema\\\/logo\\\/image\\\/\",\"url\":\"https:\\\/\\\/diarioprincipios.com\\\/wp-content\\\/uploads\\\/2024\\\/04\\\/cropped-www.diarioprincipios.com_-1.png\",\"contentUrl\":\"https:\\\/\\\/diarioprincipios.com\\\/wp-content\\\/uploads\\\/2024\\\/04\\\/cropped-www.diarioprincipios.com_-1.png\",\"width\":5325,\"height\":1454,\"caption\":\"Principios\"},\"image\":{\"@id\":\"https:\\\/\\\/diarioprincipios.com\\\/#\\\/schema\\\/logo\\\/image\\\/\"}},{\"@type\":\"Person\",\"@id\":\"https:\\\/\\\/diarioprincipios.com\\\/#\\\/schema\\\/person\\\/436d5a1fd41a5e250e23ff5a6a7cb080\",\"name\":\"Hern\u00e1n L\u00f3pez\",\"image\":{\"@type\":\"ImageObject\",\"inLanguage\":\"es\",\"@id\":\"https:\\\/\\\/diarioprincipios.com\\\/wp-content\\\/litespeed\\\/avatar\\\/11ddfe5610ff3bd100522525b2571f48.jpg?ver=1777048341\",\"url\":\"https:\\\/\\\/diarioprincipios.com\\\/wp-content\\\/litespeed\\\/avatar\\\/11ddfe5610ff3bd100522525b2571f48.jpg?ver=1777048341\",\"contentUrl\":\"https:\\\/\\\/diarioprincipios.com\\\/wp-content\\\/litespeed\\\/avatar\\\/11ddfe5610ff3bd100522525b2571f48.jpg?ver=1777048341\",\"caption\":\"Hern\u00e1n L\u00f3pez\"},\"url\":\"https:\\\/\\\/diarioprincipios.com\\\/index.php\\\/author\\\/hernan\\\/\"}]}<\/script>\n<!-- \/ Yoast SEO plugin. -->","yoast_head_json":{"title":"Roby S\u00f3lo regresa con \"Yo Renacer\u00e9\" - Principios","robots":{"index":"index","follow":"follow","max-snippet":"max-snippet:-1","max-image-preview":"max-image-preview:large","max-video-preview":"max-video-preview:-1"},"canonical":"https:\/\/diarioprincipios.com\/index.php\/2025\/06\/18\/roby-solo-regresa-con-yo-renacere\/","og_locale":"es_ES","og_type":"article","og_title":"Roby S\u00f3lo regresa con \"Yo Renacer\u00e9\" - Principios","og_description":"El reconocido artista Roby S\u00f3lo regresa a las plataformas digitales con una colaboraci\u00f3n especial junto al talentoso int\u00e9rprete y m\u00fasico Daniel Rayn\u00e9r, presentando una flamante versi\u00f3n de estudio del cl\u00e1sico \u201cYo Renacer\u00e9\u201d. Tras el lanzamiento de \u00abBreeze On By\u00bb a principios de este a\u00f1o, Roby S\u00f3lo contin\u00faa enriqueciendo su trayectoria musical con este nuevo material....","og_url":"https:\/\/diarioprincipios.com\/index.php\/2025\/06\/18\/roby-solo-regresa-con-yo-renacere\/","og_site_name":"Principios","article_published_time":"2025-06-18T12:20:26+00:00","article_modified_time":"2025-06-18T12:20:27+00:00","og_image":[{"width":1600,"height":1600,"url":"https:\/\/diarioprincipios.com\/wp-content\/uploads\/2025\/06\/IMG-20250613-WA0021.jpg","type":"image\/jpeg"}],"author":"Hern\u00e1n L\u00f3pez","twitter_card":"summary_large_image","twitter_misc":{"Escrito por":"Hern\u00e1n L\u00f3pez","Tiempo de lectura":"3 minutos"},"schema":{"@context":"https:\/\/schema.org","@graph":[{"@type":"Article","@id":"https:\/\/diarioprincipios.com\/index.php\/2025\/06\/18\/roby-solo-regresa-con-yo-renacere\/#article","isPartOf":{"@id":"https:\/\/diarioprincipios.com\/index.php\/2025\/06\/18\/roby-solo-regresa-con-yo-renacere\/"},"author":{"name":"Hern\u00e1n L\u00f3pez","@id":"https:\/\/diarioprincipios.com\/#\/schema\/person\/436d5a1fd41a5e250e23ff5a6a7cb080"},"headline":"Roby S\u00f3lo regresa con \u00abYo Renacer\u00e9\u00bb","datePublished":"2025-06-18T12:20:26+00:00","dateModified":"2025-06-18T12:20:27+00:00","mainEntityOfPage":{"@id":"https:\/\/diarioprincipios.com\/index.php\/2025\/06\/18\/roby-solo-regresa-con-yo-renacere\/"},"wordCount":587,"commentCount":0,"publisher":{"@id":"https:\/\/diarioprincipios.com\/#organization"},"image":{"@id":"https:\/\/diarioprincipios.com\/index.php\/2025\/06\/18\/roby-solo-regresa-con-yo-renacere\/#primaryimage"},"thumbnailUrl":"https:\/\/diarioprincipios.com\/wp-content\/uploads\/2025\/06\/IMG-20250613-WA0021.jpg","articleSection":["Berazategui"],"inLanguage":"es","potentialAction":[{"@type":"CommentAction","name":"Comment","target":["https:\/\/diarioprincipios.com\/index.php\/2025\/06\/18\/roby-solo-regresa-con-yo-renacere\/#respond"]}]},{"@type":"WebPage","@id":"https:\/\/diarioprincipios.com\/index.php\/2025\/06\/18\/roby-solo-regresa-con-yo-renacere\/","url":"https:\/\/diarioprincipios.com\/index.php\/2025\/06\/18\/roby-solo-regresa-con-yo-renacere\/","name":"Roby S\u00f3lo regresa con \"Yo Renacer\u00e9\" - Principios","isPartOf":{"@id":"https:\/\/diarioprincipios.com\/#website"},"primaryImageOfPage":{"@id":"https:\/\/diarioprincipios.com\/index.php\/2025\/06\/18\/roby-solo-regresa-con-yo-renacere\/#primaryimage"},"image":{"@id":"https:\/\/diarioprincipios.com\/index.php\/2025\/06\/18\/roby-solo-regresa-con-yo-renacere\/#primaryimage"},"thumbnailUrl":"https:\/\/diarioprincipios.com\/wp-content\/uploads\/2025\/06\/IMG-20250613-WA0021.jpg","datePublished":"2025-06-18T12:20:26+00:00","dateModified":"2025-06-18T12:20:27+00:00","breadcrumb":{"@id":"https:\/\/diarioprincipios.com\/index.php\/2025\/06\/18\/roby-solo-regresa-con-yo-renacere\/#breadcrumb"},"inLanguage":"es","potentialAction":[{"@type":"ReadAction","target":["https:\/\/diarioprincipios.com\/index.php\/2025\/06\/18\/roby-solo-regresa-con-yo-renacere\/"]}]},{"@type":"ImageObject","inLanguage":"es","@id":"https:\/\/diarioprincipios.com\/index.php\/2025\/06\/18\/roby-solo-regresa-con-yo-renacere\/#primaryimage","url":"https:\/\/diarioprincipios.com\/wp-content\/uploads\/2025\/06\/IMG-20250613-WA0021.jpg","contentUrl":"https:\/\/diarioprincipios.com\/wp-content\/uploads\/2025\/06\/IMG-20250613-WA0021.jpg","width":1600,"height":1600},{"@type":"BreadcrumbList","@id":"https:\/\/diarioprincipios.com\/index.php\/2025\/06\/18\/roby-solo-regresa-con-yo-renacere\/#breadcrumb","itemListElement":[{"@type":"ListItem","position":1,"name":"Portada","item":"https:\/\/diarioprincipios.com\/"},{"@type":"ListItem","position":2,"name":"Roby S\u00f3lo regresa con \u00abYo Renacer\u00e9\u00bb"}]},{"@type":"WebSite","@id":"https:\/\/diarioprincipios.com\/#website","url":"https:\/\/diarioprincipios.com\/","name":"Principios","description":"Principios Diario","publisher":{"@id":"https:\/\/diarioprincipios.com\/#organization"},"potentialAction":[{"@type":"SearchAction","target":{"@type":"EntryPoint","urlTemplate":"https:\/\/diarioprincipios.com\/?s={search_term_string}"},"query-input":{"@type":"PropertyValueSpecification","valueRequired":true,"valueName":"search_term_string"}}],"inLanguage":"es"},{"@type":"Organization","@id":"https:\/\/diarioprincipios.com\/#organization","name":"Principios","url":"https:\/\/diarioprincipios.com\/","logo":{"@type":"ImageObject","inLanguage":"es","@id":"https:\/\/diarioprincipios.com\/#\/schema\/logo\/image\/","url":"https:\/\/diarioprincipios.com\/wp-content\/uploads\/2024\/04\/cropped-www.diarioprincipios.com_-1.png","contentUrl":"https:\/\/diarioprincipios.com\/wp-content\/uploads\/2024\/04\/cropped-www.diarioprincipios.com_-1.png","width":5325,"height":1454,"caption":"Principios"},"image":{"@id":"https:\/\/diarioprincipios.com\/#\/schema\/logo\/image\/"}},{"@type":"Person","@id":"https:\/\/diarioprincipios.com\/#\/schema\/person\/436d5a1fd41a5e250e23ff5a6a7cb080","name":"Hern\u00e1n L\u00f3pez","image":{"@type":"ImageObject","inLanguage":"es","@id":"https:\/\/diarioprincipios.com\/wp-content\/litespeed\/avatar\/11ddfe5610ff3bd100522525b2571f48.jpg?ver=1777048341","url":"https:\/\/diarioprincipios.com\/wp-content\/litespeed\/avatar\/11ddfe5610ff3bd100522525b2571f48.jpg?ver=1777048341","contentUrl":"https:\/\/diarioprincipios.com\/wp-content\/litespeed\/avatar\/11ddfe5610ff3bd100522525b2571f48.jpg?ver=1777048341","caption":"Hern\u00e1n L\u00f3pez"},"url":"https:\/\/diarioprincipios.com\/index.php\/author\/hernan\/"}]}},"jetpack_featured_media_url":"https:\/\/diarioprincipios.com\/wp-content\/uploads\/2025\/06\/IMG-20250613-WA0021.jpg","_links":{"self":[{"href":"https:\/\/diarioprincipios.com\/index.php\/wp-json\/wp\/v2\/posts\/24833","targetHints":{"allow":["GET"]}}],"collection":[{"href":"https:\/\/diarioprincipios.com\/index.php\/wp-json\/wp\/v2\/posts"}],"about":[{"href":"https:\/\/diarioprincipios.com\/index.php\/wp-json\/wp\/v2\/types\/post"}],"author":[{"embeddable":true,"href":"https:\/\/diarioprincipios.com\/index.php\/wp-json\/wp\/v2\/users\/2"}],"replies":[{"embeddable":true,"href":"https:\/\/diarioprincipios.com\/index.php\/wp-json\/wp\/v2\/comments?post=24833"}],"version-history":[{"count":1,"href":"https:\/\/diarioprincipios.com\/index.php\/wp-json\/wp\/v2\/posts\/24833\/revisions"}],"predecessor-version":[{"id":24835,"href":"https:\/\/diarioprincipios.com\/index.php\/wp-json\/wp\/v2\/posts\/24833\/revisions\/24835"}],"wp:featuredmedia":[{"embeddable":true,"href":"https:\/\/diarioprincipios.com\/index.php\/wp-json\/wp\/v2\/media\/24834"}],"wp:attachment":[{"href":"https:\/\/diarioprincipios.com\/index.php\/wp-json\/wp\/v2\/media?parent=24833"}],"wp:term":[{"taxonomy":"category","embeddable":true,"href":"https:\/\/diarioprincipios.com\/index.php\/wp-json\/wp\/v2\/categories?post=24833"},{"taxonomy":"post_tag","embeddable":true,"href":"https:\/\/diarioprincipios.com\/index.php\/wp-json\/wp\/v2\/tags?post=24833"}],"curies":[{"name":"wp","href":"https:\/\/api.w.org\/{rel}","templated":true}]}}