{"id":24818,"date":"2025-06-16T12:33:39","date_gmt":"2025-06-16T15:33:39","guid":{"rendered":"https:\/\/diarioprincipios.com\/?p=24818"},"modified":"2025-06-16T12:33:40","modified_gmt":"2025-06-16T15:33:40","slug":"la-sociedad-de-fomento-maria-angelica-celebro-su-60-aniversario","status":"publish","type":"post","link":"https:\/\/diarioprincipios.com\/index.php\/2025\/06\/16\/la-sociedad-de-fomento-maria-angelica-celebro-su-60-aniversario\/","title":{"rendered":"La Sociedad de Fomento Mar\u00eda Ang\u00e9lica Celebr\u00f3 su 60\u00b0 Aniversario"},"content":{"rendered":"\n<p><strong>El domingo 8 de junio, la Sociedad de Fomento Mar\u00eda Ang\u00e9lica estuvo de fiesta: celebr\u00f3 sus 60 a\u00f1os con un encuentro comunitario. All\u00ed estuvieron presentes integrantes del Gabinete municipal de Berazategui, quienes entregaron un subsidio para la instituci\u00f3n.<\/strong><br>En ese marco, la secretaria de Desarrollo Social, Recreaci\u00f3n, Turismo y Deportes, Mar\u00eda Laura Lacava, asegur\u00f3: \u201cEstamos muy orgullosos de ver c\u00f3mo el barrio Mar\u00eda Ang\u00e9lica y esta instituci\u00f3n crecieron con el apoyo del intendente Juan Jos\u00e9 Mussi y de la comunidad\u201d. Y continu\u00f3: \u201cUn barrio solo no puede hacer nada, siempre tiene que estar acompa\u00f1ado de las autoridades. Y viceversa: una autoridad tiene que caminar a la par de los vecinos y vecinas, y entender sus necesidades. En Berazategui eso se cumple y estamos muy contentos de que as\u00ed sea\u201d.<\/p>\n\n\n\n<figure class=\"wp-block-image size-large\"><img loading=\"lazy\" decoding=\"async\" width=\"1024\" height=\"683\" src=\"https:\/\/diarioprincipios.com\/wp-content\/uploads\/2025\/06\/LA-SOCIEDAD-DE-FOMENTO-MARIA-ANGELICA-CELEBRO-SU-60\u00b0-ANIVERSARIO-1-1-1024x683.jpg\" alt=\"\" class=\"wp-image-24819\" srcset=\"https:\/\/diarioprincipios.com\/wp-content\/uploads\/2025\/06\/LA-SOCIEDAD-DE-FOMENTO-MARIA-ANGELICA-CELEBRO-SU-60\u00b0-ANIVERSARIO-1-1-1024x683.jpg 1024w, https:\/\/diarioprincipios.com\/wp-content\/uploads\/2025\/06\/LA-SOCIEDAD-DE-FOMENTO-MARIA-ANGELICA-CELEBRO-SU-60\u00b0-ANIVERSARIO-1-1-300x200.jpg 300w, https:\/\/diarioprincipios.com\/wp-content\/uploads\/2025\/06\/LA-SOCIEDAD-DE-FOMENTO-MARIA-ANGELICA-CELEBRO-SU-60\u00b0-ANIVERSARIO-1-1-768x512.jpg 768w, https:\/\/diarioprincipios.com\/wp-content\/uploads\/2025\/06\/LA-SOCIEDAD-DE-FOMENTO-MARIA-ANGELICA-CELEBRO-SU-60\u00b0-ANIVERSARIO-1-1-1536x1024.jpg 1536w, https:\/\/diarioprincipios.com\/wp-content\/uploads\/2025\/06\/LA-SOCIEDAD-DE-FOMENTO-MARIA-ANGELICA-CELEBRO-SU-60\u00b0-ANIVERSARIO-1-1-600x400.jpg 600w, https:\/\/diarioprincipios.com\/wp-content\/uploads\/2025\/06\/LA-SOCIEDAD-DE-FOMENTO-MARIA-ANGELICA-CELEBRO-SU-60\u00b0-ANIVERSARIO-1-1.jpg 1920w\" sizes=\"auto, (max-width: 1024px) 100vw, 1024px\" \/><\/figure>\n\n\n\n<p><br>Sobre el acompa\u00f1amiento de la Municipalidad, la presidenta de la Sociedad de Fomento, Lourdes Azcona, dijo: \u201cEstamos muy agradecidos por el subsidio y porque est\u00e1n siempre presentes. Queremos darle las gracias a Juan Jos\u00e9 Mussi\u201d.<br>La entrega de subsidios a entidades intermedias es una medida municipal dispuesta por el intendente Juan Jos\u00e9 Mussi, con el objetivo de poder construir una comunidad m\u00e1s justa, inclusiva y solidaria.<br>Estuvieron presentes, adem\u00e1s, otros integrantes del Gabinete municipal.<\/p>\n","protected":false},"excerpt":{"rendered":"<p>El domingo 8 de junio, la Sociedad de Fomento Mar\u00eda Ang\u00e9lica estuvo de fiesta: celebr\u00f3 sus 60 a\u00f1os con un encuentro comunitario. All\u00ed estuvieron presentes integrantes del Gabinete municipal de Berazategui, quienes entregaron un subsidio para la instituci\u00f3n.En ese marco, la secretaria de Desarrollo Social, Recreaci\u00f3n, Turismo y Deportes, Mar\u00eda Laura Lacava, asegur\u00f3: \u201cEstamos muy&#8230;<\/p>\n","protected":false},"author":2,"featured_media":24820,"comment_status":"open","ping_status":"open","sticky":false,"template":"","format":"standard","meta":{"footnotes":""},"categories":[3],"tags":[],"class_list":["post-24818","post","type-post","status-publish","format-standard","has-post-thumbnail","hentry","category-berazategui"],"featured_image_src":"https:\/\/diarioprincipios.com\/wp-content\/uploads\/2025\/06\/LA-SOCIEDAD-DE-FOMENTO-MARIA-ANGELICA-CELEBRO-SU-60\u00b0-ANIVERSARIO-2-1024x683.jpg","blog_images":{"medium":"https:\/\/diarioprincipios.com\/wp-content\/uploads\/2025\/06\/LA-SOCIEDAD-DE-FOMENTO-MARIA-ANGELICA-CELEBRO-SU-60\u00b0-ANIVERSARIO-2-300x200.jpg","large":"https:\/\/diarioprincipios.com\/wp-content\/uploads\/2025\/06\/LA-SOCIEDAD-DE-FOMENTO-MARIA-ANGELICA-CELEBRO-SU-60\u00b0-ANIVERSARIO-2-1024x683.jpg"},"ams_acf":[],"yoast_head":"<!-- This site is optimized with the Yoast SEO plugin v27.3 - https:\/\/yoast.com\/product\/yoast-seo-wordpress\/ -->\n<title>La Sociedad de Fomento Mar\u00eda Ang\u00e9lica Celebr\u00f3 su 60\u00b0 Aniversario - Principios<\/title>\n<meta name=\"robots\" content=\"index, follow, max-snippet:-1, max-image-preview:large, max-video-preview:-1\" \/>\n<link rel=\"canonical\" href=\"https:\/\/diarioprincipios.com\/index.php\/2025\/06\/16\/la-sociedad-de-fomento-maria-angelica-celebro-su-60-aniversario\/\" \/>\n<meta property=\"og:locale\" content=\"es_ES\" \/>\n<meta property=\"og:type\" content=\"article\" \/>\n<meta property=\"og:title\" content=\"La Sociedad de Fomento Mar\u00eda Ang\u00e9lica Celebr\u00f3 su 60\u00b0 Aniversario - Principios\" \/>\n<meta property=\"og:description\" content=\"El domingo 8 de junio, la Sociedad de Fomento Mar\u00eda Ang\u00e9lica estuvo de fiesta: celebr\u00f3 sus 60 a\u00f1os con un encuentro comunitario. All\u00ed estuvieron presentes integrantes del Gabinete municipal de Berazategui, quienes entregaron un subsidio para la instituci\u00f3n.En ese marco, la secretaria de Desarrollo Social, Recreaci\u00f3n, Turismo y Deportes, Mar\u00eda Laura Lacava, asegur\u00f3: \u201cEstamos muy...\" \/>\n<meta property=\"og:url\" content=\"https:\/\/diarioprincipios.com\/index.php\/2025\/06\/16\/la-sociedad-de-fomento-maria-angelica-celebro-su-60-aniversario\/\" \/>\n<meta property=\"og:site_name\" content=\"Principios\" \/>\n<meta property=\"article:published_time\" content=\"2025-06-16T15:33:39+00:00\" \/>\n<meta property=\"article:modified_time\" content=\"2025-06-16T15:33:40+00:00\" \/>\n<meta property=\"og:image\" content=\"https:\/\/diarioprincipios.com\/wp-content\/uploads\/2025\/06\/LA-SOCIEDAD-DE-FOMENTO-MARIA-ANGELICA-CELEBRO-SU-60\u00b0-ANIVERSARIO-2.jpg\" \/>\n\t<meta property=\"og:image:width\" content=\"1920\" \/>\n\t<meta property=\"og:image:height\" content=\"1280\" \/>\n\t<meta property=\"og:image:type\" content=\"image\/jpeg\" \/>\n<meta name=\"author\" content=\"Hern\u00e1n L\u00f3pez\" \/>\n<meta name=\"twitter:card\" content=\"summary_large_image\" \/>\n<meta name=\"twitter:label1\" content=\"Escrito por\" \/>\n\t<meta name=\"twitter:data1\" content=\"Hern\u00e1n L\u00f3pez\" \/>\n\t<meta name=\"twitter:label2\" content=\"Tiempo de lectura\" \/>\n\t<meta name=\"twitter:data2\" content=\"2 minutos\" \/>\n<script type=\"application\/ld+json\" class=\"yoast-schema-graph\">{\"@context\":\"https:\\\/\\\/schema.org\",\"@graph\":[{\"@type\":\"Article\",\"@id\":\"https:\\\/\\\/diarioprincipios.com\\\/index.php\\\/2025\\\/06\\\/16\\\/la-sociedad-de-fomento-maria-angelica-celebro-su-60-aniversario\\\/#article\",\"isPartOf\":{\"@id\":\"https:\\\/\\\/diarioprincipios.com\\\/index.php\\\/2025\\\/06\\\/16\\\/la-sociedad-de-fomento-maria-angelica-celebro-su-60-aniversario\\\/\"},\"author\":{\"name\":\"Hern\u00e1n L\u00f3pez\",\"@id\":\"https:\\\/\\\/diarioprincipios.com\\\/#\\\/schema\\\/person\\\/436d5a1fd41a5e250e23ff5a6a7cb080\"},\"headline\":\"La Sociedad de Fomento Mar\u00eda Ang\u00e9lica Celebr\u00f3 su 60\u00b0 Aniversario\",\"datePublished\":\"2025-06-16T15:33:39+00:00\",\"dateModified\":\"2025-06-16T15:33:40+00:00\",\"mainEntityOfPage\":{\"@id\":\"https:\\\/\\\/diarioprincipios.com\\\/index.php\\\/2025\\\/06\\\/16\\\/la-sociedad-de-fomento-maria-angelica-celebro-su-60-aniversario\\\/\"},\"wordCount\":227,\"commentCount\":0,\"publisher\":{\"@id\":\"https:\\\/\\\/diarioprincipios.com\\\/#organization\"},\"image\":{\"@id\":\"https:\\\/\\\/diarioprincipios.com\\\/index.php\\\/2025\\\/06\\\/16\\\/la-sociedad-de-fomento-maria-angelica-celebro-su-60-aniversario\\\/#primaryimage\"},\"thumbnailUrl\":\"https:\\\/\\\/diarioprincipios.com\\\/wp-content\\\/uploads\\\/2025\\\/06\\\/LA-SOCIEDAD-DE-FOMENTO-MARIA-ANGELICA-CELEBRO-SU-60\u00b0-ANIVERSARIO-2.jpg\",\"articleSection\":[\"Berazategui\"],\"inLanguage\":\"es\",\"potentialAction\":[{\"@type\":\"CommentAction\",\"name\":\"Comment\",\"target\":[\"https:\\\/\\\/diarioprincipios.com\\\/index.php\\\/2025\\\/06\\\/16\\\/la-sociedad-de-fomento-maria-angelica-celebro-su-60-aniversario\\\/#respond\"]}]},{\"@type\":\"WebPage\",\"@id\":\"https:\\\/\\\/diarioprincipios.com\\\/index.php\\\/2025\\\/06\\\/16\\\/la-sociedad-de-fomento-maria-angelica-celebro-su-60-aniversario\\\/\",\"url\":\"https:\\\/\\\/diarioprincipios.com\\\/index.php\\\/2025\\\/06\\\/16\\\/la-sociedad-de-fomento-maria-angelica-celebro-su-60-aniversario\\\/\",\"name\":\"La Sociedad de Fomento Mar\u00eda Ang\u00e9lica Celebr\u00f3 su 60\u00b0 Aniversario - Principios\",\"isPartOf\":{\"@id\":\"https:\\\/\\\/diarioprincipios.com\\\/#website\"},\"primaryImageOfPage\":{\"@id\":\"https:\\\/\\\/diarioprincipios.com\\\/index.php\\\/2025\\\/06\\\/16\\\/la-sociedad-de-fomento-maria-angelica-celebro-su-60-aniversario\\\/#primaryimage\"},\"image\":{\"@id\":\"https:\\\/\\\/diarioprincipios.com\\\/index.php\\\/2025\\\/06\\\/16\\\/la-sociedad-de-fomento-maria-angelica-celebro-su-60-aniversario\\\/#primaryimage\"},\"thumbnailUrl\":\"https:\\\/\\\/diarioprincipios.com\\\/wp-content\\\/uploads\\\/2025\\\/06\\\/LA-SOCIEDAD-DE-FOMENTO-MARIA-ANGELICA-CELEBRO-SU-60\u00b0-ANIVERSARIO-2.jpg\",\"datePublished\":\"2025-06-16T15:33:39+00:00\",\"dateModified\":\"2025-06-16T15:33:40+00:00\",\"breadcrumb\":{\"@id\":\"https:\\\/\\\/diarioprincipios.com\\\/index.php\\\/2025\\\/06\\\/16\\\/la-sociedad-de-fomento-maria-angelica-celebro-su-60-aniversario\\\/#breadcrumb\"},\"inLanguage\":\"es\",\"potentialAction\":[{\"@type\":\"ReadAction\",\"target\":[\"https:\\\/\\\/diarioprincipios.com\\\/index.php\\\/2025\\\/06\\\/16\\\/la-sociedad-de-fomento-maria-angelica-celebro-su-60-aniversario\\\/\"]}]},{\"@type\":\"ImageObject\",\"inLanguage\":\"es\",\"@id\":\"https:\\\/\\\/diarioprincipios.com\\\/index.php\\\/2025\\\/06\\\/16\\\/la-sociedad-de-fomento-maria-angelica-celebro-su-60-aniversario\\\/#primaryimage\",\"url\":\"https:\\\/\\\/diarioprincipios.com\\\/wp-content\\\/uploads\\\/2025\\\/06\\\/LA-SOCIEDAD-DE-FOMENTO-MARIA-ANGELICA-CELEBRO-SU-60\u00b0-ANIVERSARIO-2.jpg\",\"contentUrl\":\"https:\\\/\\\/diarioprincipios.com\\\/wp-content\\\/uploads\\\/2025\\\/06\\\/LA-SOCIEDAD-DE-FOMENTO-MARIA-ANGELICA-CELEBRO-SU-60\u00b0-ANIVERSARIO-2.jpg\",\"width\":1920,\"height\":1280},{\"@type\":\"BreadcrumbList\",\"@id\":\"https:\\\/\\\/diarioprincipios.com\\\/index.php\\\/2025\\\/06\\\/16\\\/la-sociedad-de-fomento-maria-angelica-celebro-su-60-aniversario\\\/#breadcrumb\",\"itemListElement\":[{\"@type\":\"ListItem\",\"position\":1,\"name\":\"Portada\",\"item\":\"https:\\\/\\\/diarioprincipios.com\\\/\"},{\"@type\":\"ListItem\",\"position\":2,\"name\":\"La Sociedad de Fomento Mar\u00eda Ang\u00e9lica Celebr\u00f3 su 60\u00b0 Aniversario\"}]},{\"@type\":\"WebSite\",\"@id\":\"https:\\\/\\\/diarioprincipios.com\\\/#website\",\"url\":\"https:\\\/\\\/diarioprincipios.com\\\/\",\"name\":\"Principios\",\"description\":\"Principios Diario\",\"publisher\":{\"@id\":\"https:\\\/\\\/diarioprincipios.com\\\/#organization\"},\"potentialAction\":[{\"@type\":\"SearchAction\",\"target\":{\"@type\":\"EntryPoint\",\"urlTemplate\":\"https:\\\/\\\/diarioprincipios.com\\\/?s={search_term_string}\"},\"query-input\":{\"@type\":\"PropertyValueSpecification\",\"valueRequired\":true,\"valueName\":\"search_term_string\"}}],\"inLanguage\":\"es\"},{\"@type\":\"Organization\",\"@id\":\"https:\\\/\\\/diarioprincipios.com\\\/#organization\",\"name\":\"Principios\",\"url\":\"https:\\\/\\\/diarioprincipios.com\\\/\",\"logo\":{\"@type\":\"ImageObject\",\"inLanguage\":\"es\",\"@id\":\"https:\\\/\\\/diarioprincipios.com\\\/#\\\/schema\\\/logo\\\/image\\\/\",\"url\":\"https:\\\/\\\/diarioprincipios.com\\\/wp-content\\\/uploads\\\/2024\\\/04\\\/cropped-www.diarioprincipios.com_-1.png\",\"contentUrl\":\"https:\\\/\\\/diarioprincipios.com\\\/wp-content\\\/uploads\\\/2024\\\/04\\\/cropped-www.diarioprincipios.com_-1.png\",\"width\":5325,\"height\":1454,\"caption\":\"Principios\"},\"image\":{\"@id\":\"https:\\\/\\\/diarioprincipios.com\\\/#\\\/schema\\\/logo\\\/image\\\/\"}},{\"@type\":\"Person\",\"@id\":\"https:\\\/\\\/diarioprincipios.com\\\/#\\\/schema\\\/person\\\/436d5a1fd41a5e250e23ff5a6a7cb080\",\"name\":\"Hern\u00e1n L\u00f3pez\",\"image\":{\"@type\":\"ImageObject\",\"inLanguage\":\"es\",\"@id\":\"https:\\\/\\\/diarioprincipios.com\\\/wp-content\\\/litespeed\\\/avatar\\\/11ddfe5610ff3bd100522525b2571f48.jpg?ver=1777048341\",\"url\":\"https:\\\/\\\/diarioprincipios.com\\\/wp-content\\\/litespeed\\\/avatar\\\/11ddfe5610ff3bd100522525b2571f48.jpg?ver=1777048341\",\"contentUrl\":\"https:\\\/\\\/diarioprincipios.com\\\/wp-content\\\/litespeed\\\/avatar\\\/11ddfe5610ff3bd100522525b2571f48.jpg?ver=1777048341\",\"caption\":\"Hern\u00e1n L\u00f3pez\"},\"url\":\"https:\\\/\\\/diarioprincipios.com\\\/index.php\\\/author\\\/hernan\\\/\"}]}<\/script>\n<!-- \/ Yoast SEO plugin. -->","yoast_head_json":{"title":"La Sociedad de Fomento Mar\u00eda Ang\u00e9lica Celebr\u00f3 su 60\u00b0 Aniversario - Principios","robots":{"index":"index","follow":"follow","max-snippet":"max-snippet:-1","max-image-preview":"max-image-preview:large","max-video-preview":"max-video-preview:-1"},"canonical":"https:\/\/diarioprincipios.com\/index.php\/2025\/06\/16\/la-sociedad-de-fomento-maria-angelica-celebro-su-60-aniversario\/","og_locale":"es_ES","og_type":"article","og_title":"La Sociedad de Fomento Mar\u00eda Ang\u00e9lica Celebr\u00f3 su 60\u00b0 Aniversario - Principios","og_description":"El domingo 8 de junio, la Sociedad de Fomento Mar\u00eda Ang\u00e9lica estuvo de fiesta: celebr\u00f3 sus 60 a\u00f1os con un encuentro comunitario. All\u00ed estuvieron presentes integrantes del Gabinete municipal de Berazategui, quienes entregaron un subsidio para la instituci\u00f3n.En ese marco, la secretaria de Desarrollo Social, Recreaci\u00f3n, Turismo y Deportes, Mar\u00eda Laura Lacava, asegur\u00f3: \u201cEstamos muy...","og_url":"https:\/\/diarioprincipios.com\/index.php\/2025\/06\/16\/la-sociedad-de-fomento-maria-angelica-celebro-su-60-aniversario\/","og_site_name":"Principios","article_published_time":"2025-06-16T15:33:39+00:00","article_modified_time":"2025-06-16T15:33:40+00:00","og_image":[{"width":1920,"height":1280,"url":"https:\/\/diarioprincipios.com\/wp-content\/uploads\/2025\/06\/LA-SOCIEDAD-DE-FOMENTO-MARIA-ANGELICA-CELEBRO-SU-60\u00b0-ANIVERSARIO-2.jpg","type":"image\/jpeg"}],"author":"Hern\u00e1n L\u00f3pez","twitter_card":"summary_large_image","twitter_misc":{"Escrito por":"Hern\u00e1n L\u00f3pez","Tiempo de lectura":"2 minutos"},"schema":{"@context":"https:\/\/schema.org","@graph":[{"@type":"Article","@id":"https:\/\/diarioprincipios.com\/index.php\/2025\/06\/16\/la-sociedad-de-fomento-maria-angelica-celebro-su-60-aniversario\/#article","isPartOf":{"@id":"https:\/\/diarioprincipios.com\/index.php\/2025\/06\/16\/la-sociedad-de-fomento-maria-angelica-celebro-su-60-aniversario\/"},"author":{"name":"Hern\u00e1n L\u00f3pez","@id":"https:\/\/diarioprincipios.com\/#\/schema\/person\/436d5a1fd41a5e250e23ff5a6a7cb080"},"headline":"La Sociedad de Fomento Mar\u00eda Ang\u00e9lica Celebr\u00f3 su 60\u00b0 Aniversario","datePublished":"2025-06-16T15:33:39+00:00","dateModified":"2025-06-16T15:33:40+00:00","mainEntityOfPage":{"@id":"https:\/\/diarioprincipios.com\/index.php\/2025\/06\/16\/la-sociedad-de-fomento-maria-angelica-celebro-su-60-aniversario\/"},"wordCount":227,"commentCount":0,"publisher":{"@id":"https:\/\/diarioprincipios.com\/#organization"},"image":{"@id":"https:\/\/diarioprincipios.com\/index.php\/2025\/06\/16\/la-sociedad-de-fomento-maria-angelica-celebro-su-60-aniversario\/#primaryimage"},"thumbnailUrl":"https:\/\/diarioprincipios.com\/wp-content\/uploads\/2025\/06\/LA-SOCIEDAD-DE-FOMENTO-MARIA-ANGELICA-CELEBRO-SU-60\u00b0-ANIVERSARIO-2.jpg","articleSection":["Berazategui"],"inLanguage":"es","potentialAction":[{"@type":"CommentAction","name":"Comment","target":["https:\/\/diarioprincipios.com\/index.php\/2025\/06\/16\/la-sociedad-de-fomento-maria-angelica-celebro-su-60-aniversario\/#respond"]}]},{"@type":"WebPage","@id":"https:\/\/diarioprincipios.com\/index.php\/2025\/06\/16\/la-sociedad-de-fomento-maria-angelica-celebro-su-60-aniversario\/","url":"https:\/\/diarioprincipios.com\/index.php\/2025\/06\/16\/la-sociedad-de-fomento-maria-angelica-celebro-su-60-aniversario\/","name":"La Sociedad de Fomento Mar\u00eda Ang\u00e9lica Celebr\u00f3 su 60\u00b0 Aniversario - Principios","isPartOf":{"@id":"https:\/\/diarioprincipios.com\/#website"},"primaryImageOfPage":{"@id":"https:\/\/diarioprincipios.com\/index.php\/2025\/06\/16\/la-sociedad-de-fomento-maria-angelica-celebro-su-60-aniversario\/#primaryimage"},"image":{"@id":"https:\/\/diarioprincipios.com\/index.php\/2025\/06\/16\/la-sociedad-de-fomento-maria-angelica-celebro-su-60-aniversario\/#primaryimage"},"thumbnailUrl":"https:\/\/diarioprincipios.com\/wp-content\/uploads\/2025\/06\/LA-SOCIEDAD-DE-FOMENTO-MARIA-ANGELICA-CELEBRO-SU-60\u00b0-ANIVERSARIO-2.jpg","datePublished":"2025-06-16T15:33:39+00:00","dateModified":"2025-06-16T15:33:40+00:00","breadcrumb":{"@id":"https:\/\/diarioprincipios.com\/index.php\/2025\/06\/16\/la-sociedad-de-fomento-maria-angelica-celebro-su-60-aniversario\/#breadcrumb"},"inLanguage":"es","potentialAction":[{"@type":"ReadAction","target":["https:\/\/diarioprincipios.com\/index.php\/2025\/06\/16\/la-sociedad-de-fomento-maria-angelica-celebro-su-60-aniversario\/"]}]},{"@type":"ImageObject","inLanguage":"es","@id":"https:\/\/diarioprincipios.com\/index.php\/2025\/06\/16\/la-sociedad-de-fomento-maria-angelica-celebro-su-60-aniversario\/#primaryimage","url":"https:\/\/diarioprincipios.com\/wp-content\/uploads\/2025\/06\/LA-SOCIEDAD-DE-FOMENTO-MARIA-ANGELICA-CELEBRO-SU-60\u00b0-ANIVERSARIO-2.jpg","contentUrl":"https:\/\/diarioprincipios.com\/wp-content\/uploads\/2025\/06\/LA-SOCIEDAD-DE-FOMENTO-MARIA-ANGELICA-CELEBRO-SU-60\u00b0-ANIVERSARIO-2.jpg","width":1920,"height":1280},{"@type":"BreadcrumbList","@id":"https:\/\/diarioprincipios.com\/index.php\/2025\/06\/16\/la-sociedad-de-fomento-maria-angelica-celebro-su-60-aniversario\/#breadcrumb","itemListElement":[{"@type":"ListItem","position":1,"name":"Portada","item":"https:\/\/diarioprincipios.com\/"},{"@type":"ListItem","position":2,"name":"La Sociedad de Fomento Mar\u00eda Ang\u00e9lica Celebr\u00f3 su 60\u00b0 Aniversario"}]},{"@type":"WebSite","@id":"https:\/\/diarioprincipios.com\/#website","url":"https:\/\/diarioprincipios.com\/","name":"Principios","description":"Principios Diario","publisher":{"@id":"https:\/\/diarioprincipios.com\/#organization"},"potentialAction":[{"@type":"SearchAction","target":{"@type":"EntryPoint","urlTemplate":"https:\/\/diarioprincipios.com\/?s={search_term_string}"},"query-input":{"@type":"PropertyValueSpecification","valueRequired":true,"valueName":"search_term_string"}}],"inLanguage":"es"},{"@type":"Organization","@id":"https:\/\/diarioprincipios.com\/#organization","name":"Principios","url":"https:\/\/diarioprincipios.com\/","logo":{"@type":"ImageObject","inLanguage":"es","@id":"https:\/\/diarioprincipios.com\/#\/schema\/logo\/image\/","url":"https:\/\/diarioprincipios.com\/wp-content\/uploads\/2024\/04\/cropped-www.diarioprincipios.com_-1.png","contentUrl":"https:\/\/diarioprincipios.com\/wp-content\/uploads\/2024\/04\/cropped-www.diarioprincipios.com_-1.png","width":5325,"height":1454,"caption":"Principios"},"image":{"@id":"https:\/\/diarioprincipios.com\/#\/schema\/logo\/image\/"}},{"@type":"Person","@id":"https:\/\/diarioprincipios.com\/#\/schema\/person\/436d5a1fd41a5e250e23ff5a6a7cb080","name":"Hern\u00e1n L\u00f3pez","image":{"@type":"ImageObject","inLanguage":"es","@id":"https:\/\/diarioprincipios.com\/wp-content\/litespeed\/avatar\/11ddfe5610ff3bd100522525b2571f48.jpg?ver=1777048341","url":"https:\/\/diarioprincipios.com\/wp-content\/litespeed\/avatar\/11ddfe5610ff3bd100522525b2571f48.jpg?ver=1777048341","contentUrl":"https:\/\/diarioprincipios.com\/wp-content\/litespeed\/avatar\/11ddfe5610ff3bd100522525b2571f48.jpg?ver=1777048341","caption":"Hern\u00e1n L\u00f3pez"},"url":"https:\/\/diarioprincipios.com\/index.php\/author\/hernan\/"}]}},"jetpack_featured_media_url":"https:\/\/diarioprincipios.com\/wp-content\/uploads\/2025\/06\/LA-SOCIEDAD-DE-FOMENTO-MARIA-ANGELICA-CELEBRO-SU-60\u00b0-ANIVERSARIO-2.jpg","_links":{"self":[{"href":"https:\/\/diarioprincipios.com\/index.php\/wp-json\/wp\/v2\/posts\/24818","targetHints":{"allow":["GET"]}}],"collection":[{"href":"https:\/\/diarioprincipios.com\/index.php\/wp-json\/wp\/v2\/posts"}],"about":[{"href":"https:\/\/diarioprincipios.com\/index.php\/wp-json\/wp\/v2\/types\/post"}],"author":[{"embeddable":true,"href":"https:\/\/diarioprincipios.com\/index.php\/wp-json\/wp\/v2\/users\/2"}],"replies":[{"embeddable":true,"href":"https:\/\/diarioprincipios.com\/index.php\/wp-json\/wp\/v2\/comments?post=24818"}],"version-history":[{"count":1,"href":"https:\/\/diarioprincipios.com\/index.php\/wp-json\/wp\/v2\/posts\/24818\/revisions"}],"predecessor-version":[{"id":24821,"href":"https:\/\/diarioprincipios.com\/index.php\/wp-json\/wp\/v2\/posts\/24818\/revisions\/24821"}],"wp:featuredmedia":[{"embeddable":true,"href":"https:\/\/diarioprincipios.com\/index.php\/wp-json\/wp\/v2\/media\/24820"}],"wp:attachment":[{"href":"https:\/\/diarioprincipios.com\/index.php\/wp-json\/wp\/v2\/media?parent=24818"}],"wp:term":[{"taxonomy":"category","embeddable":true,"href":"https:\/\/diarioprincipios.com\/index.php\/wp-json\/wp\/v2\/categories?post=24818"},{"taxonomy":"post_tag","embeddable":true,"href":"https:\/\/diarioprincipios.com\/index.php\/wp-json\/wp\/v2\/tags?post=24818"}],"curies":[{"name":"wp","href":"https:\/\/api.w.org\/{rel}","templated":true}]}}