{"id":24812,"date":"2025-06-14T22:32:04","date_gmt":"2025-06-15T01:32:04","guid":{"rendered":"https:\/\/diarioprincipios.com\/?p=24812"},"modified":"2025-06-14T22:32:05","modified_gmt":"2025-06-15T01:32:05","slug":"miles-de-atletas-se-sumaron-a-la-gran-fiesta-del-deporte-de-berazategui","status":"publish","type":"post","link":"https:\/\/diarioprincipios.com\/index.php\/2025\/06\/14\/miles-de-atletas-se-sumaron-a-la-gran-fiesta-del-deporte-de-berazategui\/","title":{"rendered":"Miles de Atletas se sumaron a la gran Fiesta del Deporte de Berazategui"},"content":{"rendered":"\n<p><strong>Con la participaci\u00f3n de m\u00e1s de tres mil deportistas de todo el pa\u00eds y el extranjero, se realiz\u00f3 en Berazategui la 36\u00ba Prueba Atl\u00e9tica 10K D\u00eda del Vidriero \u00abSaverio Terminiello\u00bb, la emblem\u00e1tica competencia local y gratuita organizada por el Municipio. En esta ocasi\u00f3n, los ganadores fueron Derlys Ayala -de Paraguay-, entre los hombres; y Sof\u00eda G\u00f3mez \u2013oriunda de CABA-, por las mujeres. En representaci\u00f3n del intendente Juan Jos\u00e9 Mussi, la secretaria de Desarrollo Social, Recreaci\u00f3n, Turismo y Deportes, Mar\u00eda Laura Lacava, dio inicio a la prueba y recibi\u00f3 a las y los corredores en la l\u00ednea de meta.<\/strong><\/p>\n\n\n\n<p>Minutos antes del inicio, y tras entonar el Himno Nacional, Lacava expres\u00f3: \u201cDamos la bienvenida a los corredores y corredoras a Berazategui, la Capital Nacional del Vidrio. El Dr. Mussi, creador -junto a Saverio Terminiello- de esta carrera emblem\u00e1tica y tan importante en la Provincia, les manda un abrazo gigante, desde su coraz\u00f3n. Estamos en un contexto social donde se desprestigia la actividad del Estado. Nosotros podemos hacer esta Prueba Atl\u00e9tica en forma gratuita porque somos Berazategui y tenemos un Estado Municipal presente\u201d.<\/p>\n\n\n\n<figure class=\"wp-block-image size-large\"><img loading=\"lazy\" decoding=\"async\" width=\"1024\" height=\"682\" src=\"https:\/\/diarioprincipios.com\/wp-content\/uploads\/2025\/06\/MILES-DE-ATLETAS-SE-SUMARON-A-LA-GRAN-FIESTA-DEL-DEPORTE-DE-BERAZATEGUI_5-1024x682.jpeg\" alt=\"\" class=\"wp-image-24813\" srcset=\"https:\/\/diarioprincipios.com\/wp-content\/uploads\/2025\/06\/MILES-DE-ATLETAS-SE-SUMARON-A-LA-GRAN-FIESTA-DEL-DEPORTE-DE-BERAZATEGUI_5-1024x682.jpeg 1024w, https:\/\/diarioprincipios.com\/wp-content\/uploads\/2025\/06\/MILES-DE-ATLETAS-SE-SUMARON-A-LA-GRAN-FIESTA-DEL-DEPORTE-DE-BERAZATEGUI_5-300x200.jpeg 300w, https:\/\/diarioprincipios.com\/wp-content\/uploads\/2025\/06\/MILES-DE-ATLETAS-SE-SUMARON-A-LA-GRAN-FIESTA-DEL-DEPORTE-DE-BERAZATEGUI_5-768x511.jpeg 768w, https:\/\/diarioprincipios.com\/wp-content\/uploads\/2025\/06\/MILES-DE-ATLETAS-SE-SUMARON-A-LA-GRAN-FIESTA-DEL-DEPORTE-DE-BERAZATEGUI_5-820x545.jpeg 820w, https:\/\/diarioprincipios.com\/wp-content\/uploads\/2025\/06\/MILES-DE-ATLETAS-SE-SUMARON-A-LA-GRAN-FIESTA-DEL-DEPORTE-DE-BERAZATEGUI_5-600x400.jpeg 600w, https:\/\/diarioprincipios.com\/wp-content\/uploads\/2025\/06\/MILES-DE-ATLETAS-SE-SUMARON-A-LA-GRAN-FIESTA-DEL-DEPORTE-DE-BERAZATEGUI_5.jpeg 1280w\" sizes=\"auto, (max-width: 1024px) 100vw, 1024px\" \/><\/figure>\n\n\n\n<p>Seguidamente, destac\u00f3: \u201cEste es un d\u00eda muy especial para todos, no solo porque atravesamos un contexto dif\u00edcil en el pa\u00eds, sino porque un 14 de junio, hace 43 a\u00f1os, se daba fin a la Guerra de Malvinas. Est\u00e1 aqu\u00ed la Agrupaci\u00f3n H\u00e9roes de Malvinas y queremos honrarla hoy como lo hacemos hace m\u00e1s de 30 a\u00f1os, cuando el Dr. Mussi lleg\u00f3 al Gobierno de esta ciudad. La remera de este a\u00f1o lleva no solo el color naranja y el celeste de nuestras banderas, sino las Islas Malvinas que profundamente amamos\u201d.<\/p>\n\n\n\n<p>En ese marco, Lacava entreg\u00f3 remeras a miembros de la comisi\u00f3n de la Agrupaci\u00f3n H\u00e9roes de Malvinas. Tambi\u00e9n recibieron distinciones Estela Carmen Rach -viuda de Terminiello-; Eduardo Sturla, de la Cristaler\u00eda Rigolleau; y Hern\u00e1n Pi\u00f1ero, quien fue Director municipal de Deportes y estuvo a cargo de la organizaci\u00f3n de esta competencia durante muchos a\u00f1os, recientemente jubilado.<\/p>\n\n\n\n<figure class=\"wp-block-image size-large\"><img loading=\"lazy\" decoding=\"async\" width=\"1024\" height=\"682\" src=\"https:\/\/diarioprincipios.com\/wp-content\/uploads\/2025\/06\/MILES-DE-ATLETAS-SE-SUMARON-A-LA-GRAN-FIESTA-DEL-DEPORTE-DE-BERAZATEGUI_2-1024x682.jpeg\" alt=\"\" class=\"wp-image-24814\" srcset=\"https:\/\/diarioprincipios.com\/wp-content\/uploads\/2025\/06\/MILES-DE-ATLETAS-SE-SUMARON-A-LA-GRAN-FIESTA-DEL-DEPORTE-DE-BERAZATEGUI_2-1024x682.jpeg 1024w, https:\/\/diarioprincipios.com\/wp-content\/uploads\/2025\/06\/MILES-DE-ATLETAS-SE-SUMARON-A-LA-GRAN-FIESTA-DEL-DEPORTE-DE-BERAZATEGUI_2-300x200.jpeg 300w, https:\/\/diarioprincipios.com\/wp-content\/uploads\/2025\/06\/MILES-DE-ATLETAS-SE-SUMARON-A-LA-GRAN-FIESTA-DEL-DEPORTE-DE-BERAZATEGUI_2-768x511.jpeg 768w, https:\/\/diarioprincipios.com\/wp-content\/uploads\/2025\/06\/MILES-DE-ATLETAS-SE-SUMARON-A-LA-GRAN-FIESTA-DEL-DEPORTE-DE-BERAZATEGUI_2-820x545.jpeg 820w, https:\/\/diarioprincipios.com\/wp-content\/uploads\/2025\/06\/MILES-DE-ATLETAS-SE-SUMARON-A-LA-GRAN-FIESTA-DEL-DEPORTE-DE-BERAZATEGUI_2-600x400.jpeg 600w, https:\/\/diarioprincipios.com\/wp-content\/uploads\/2025\/06\/MILES-DE-ATLETAS-SE-SUMARON-A-LA-GRAN-FIESTA-DEL-DEPORTE-DE-BERAZATEGUI_2.jpeg 1280w\" sizes=\"auto, (max-width: 1024px) 100vw, 1024px\" \/><\/figure>\n\n\n\n<p>Tras finalizar la carrera, los competidores y competidoras se reunieron en el Centro Municipal de Actividades Roberto De Vicenzo, donde se entregaron los premios a los ganadores de cada categor\u00eda. Los ganadores fueron:<\/p>\n\n\n\n<p>Categor\u00eda Masculina General<\/p>\n\n\n\n<p>1\u00b0 &gt; Derlys Ayala<\/p>\n\n\n\n<p>2\u00b0 &gt; Fausto Alonso<\/p>\n\n\n\n<p>3\u00b0 &gt; Leonel Jarr\u00edn<\/p>\n\n\n\n<p>Categor\u00eda Femenina General<\/p>\n\n\n\n<p>1\u00b0 &gt; Sof\u00eda G\u00f3mez<\/p>\n\n\n\n<p>2\u00b0 &gt; Karen Yacanto<\/p>\n\n\n\n<p>3\u00b0 &gt; Sandra G\u00f3mez<\/p>\n\n\n\n<p>Derlys Ayala, atleta de Paraguay y ganador de la Categor\u00eda General Masculino, declar\u00f3: \u201cEstoy feliz por este triunfo, m\u00e1s a\u00fan porque vengo de correr una Marat\u00f3n hace siete d\u00edas. En Paraguay casi no tenemos climas como este, me sorprendi\u00f3 mucho la cantidad de gente en la calle a pesar de la lluvia, se llen\u00f3. Los felicito por hacer este evento gratuito, eso es dif\u00edcil de encontrar. Hay que incentivar a todos los Municipios para que realicen carreras as\u00ed. El circuito fue plano y r\u00e1pido, a\u00fan con la dificultad del viento. Felicito a la ganadora, Sof\u00eda y a toda la organizaci\u00f3n\u201d.<\/p>\n\n\n\n<p>A su vez, Sof\u00eda G\u00f3mez, oriunda de CABA y primera en la Categor\u00eda General Femenino, se\u00f1al\u00f3: \u201cGan\u00e9 la Carrera por segunda vez, mantuve un buen ritmo y pude correr mi mejor marca en 10 kil\u00f3metros: 33 minutos. A pesar de la lluvia pude correr muy bien, as\u00ed que estoy content\u00edsima\u201d.<\/p>\n\n\n\n<figure class=\"wp-block-image size-large\"><img loading=\"lazy\" decoding=\"async\" width=\"1024\" height=\"682\" src=\"https:\/\/diarioprincipios.com\/wp-content\/uploads\/2025\/06\/MILES-DE-ATLETAS-SE-SUMARON-A-LA-GRAN-FIESTA-DEL-DEPORTE-DE-BERAZATEGUI_1-1024x682.jpeg\" alt=\"\" class=\"wp-image-24815\" srcset=\"https:\/\/diarioprincipios.com\/wp-content\/uploads\/2025\/06\/MILES-DE-ATLETAS-SE-SUMARON-A-LA-GRAN-FIESTA-DEL-DEPORTE-DE-BERAZATEGUI_1-1024x682.jpeg 1024w, https:\/\/diarioprincipios.com\/wp-content\/uploads\/2025\/06\/MILES-DE-ATLETAS-SE-SUMARON-A-LA-GRAN-FIESTA-DEL-DEPORTE-DE-BERAZATEGUI_1-300x200.jpeg 300w, https:\/\/diarioprincipios.com\/wp-content\/uploads\/2025\/06\/MILES-DE-ATLETAS-SE-SUMARON-A-LA-GRAN-FIESTA-DEL-DEPORTE-DE-BERAZATEGUI_1-768x511.jpeg 768w, https:\/\/diarioprincipios.com\/wp-content\/uploads\/2025\/06\/MILES-DE-ATLETAS-SE-SUMARON-A-LA-GRAN-FIESTA-DEL-DEPORTE-DE-BERAZATEGUI_1-820x545.jpeg 820w, https:\/\/diarioprincipios.com\/wp-content\/uploads\/2025\/06\/MILES-DE-ATLETAS-SE-SUMARON-A-LA-GRAN-FIESTA-DEL-DEPORTE-DE-BERAZATEGUI_1-600x400.jpeg 600w, https:\/\/diarioprincipios.com\/wp-content\/uploads\/2025\/06\/MILES-DE-ATLETAS-SE-SUMARON-A-LA-GRAN-FIESTA-DEL-DEPORTE-DE-BERAZATEGUI_1.jpeg 1280w\" sizes=\"auto, (max-width: 1024px) 100vw, 1024px\" \/><\/figure>\n\n\n\n<p>Rankeada como una de las diez mejores pruebas de calle de la Argentina y declarada de Inter\u00e9s Municipal, esta ya cl\u00e1sica carrera berazateguense se llev\u00f3 adelante por primera vez en 1988 y, desde entonces, contin\u00faa desarroll\u00e1ndose de manera gratuita, organizada por la Secretar\u00eda de Desarrollo Social, Recreaci\u00f3n, Turismo y Deportes del Municipio. Esta vez, cont\u00f3 con diez categor\u00edas de caballeros, diez para damas y una para personas con discapacidad visual, motora e intelectual.<\/p>\n\n\n\n<p>Estuvieron presentes, adem\u00e1s, integrantes del Gabinete municipal, concejales y miles de vecinos y vecinas.<\/p>\n","protected":false},"excerpt":{"rendered":"<p>Con la participaci\u00f3n de m\u00e1s de tres mil deportistas de todo el pa\u00eds y el extranjero, se realiz\u00f3 en Berazategui la 36\u00ba Prueba Atl\u00e9tica 10K D\u00eda del Vidriero \u00abSaverio Terminiello\u00bb, la emblem\u00e1tica competencia local y gratuita organizada por el Municipio. En esta ocasi\u00f3n, los ganadores fueron Derlys Ayala -de Paraguay-, entre los hombres; y Sof\u00eda&#8230;<\/p>\n","protected":false},"author":2,"featured_media":24816,"comment_status":"open","ping_status":"open","sticky":false,"template":"","format":"standard","meta":{"footnotes":""},"categories":[6],"tags":[],"class_list":["post-24812","post","type-post","status-publish","format-standard","has-post-thumbnail","hentry","category-deportes"],"featured_image_src":"https:\/\/diarioprincipios.com\/wp-content\/uploads\/2025\/06\/MILES-DE-ATLETAS-SE-SUMARON-A-LA-GRAN-FIESTA-DEL-DEPORTE-DE-BERAZATEGUI_6-1024x682.jpeg","blog_images":{"medium":"https:\/\/diarioprincipios.com\/wp-content\/uploads\/2025\/06\/MILES-DE-ATLETAS-SE-SUMARON-A-LA-GRAN-FIESTA-DEL-DEPORTE-DE-BERAZATEGUI_6-300x200.jpeg","large":"https:\/\/diarioprincipios.com\/wp-content\/uploads\/2025\/06\/MILES-DE-ATLETAS-SE-SUMARON-A-LA-GRAN-FIESTA-DEL-DEPORTE-DE-BERAZATEGUI_6-1024x682.jpeg"},"ams_acf":[],"yoast_head":"<!-- This site is optimized with the Yoast SEO plugin v27.3 - https:\/\/yoast.com\/product\/yoast-seo-wordpress\/ -->\n<title>Miles de Atletas se sumaron a la gran Fiesta del Deporte de Berazategui - Principios<\/title>\n<meta name=\"robots\" content=\"index, follow, max-snippet:-1, max-image-preview:large, max-video-preview:-1\" \/>\n<link rel=\"canonical\" href=\"https:\/\/diarioprincipios.com\/index.php\/2025\/06\/14\/miles-de-atletas-se-sumaron-a-la-gran-fiesta-del-deporte-de-berazategui\/\" \/>\n<meta property=\"og:locale\" content=\"es_ES\" \/>\n<meta property=\"og:type\" content=\"article\" \/>\n<meta property=\"og:title\" content=\"Miles de Atletas se sumaron a la gran Fiesta del Deporte de Berazategui - Principios\" \/>\n<meta property=\"og:description\" content=\"Con la participaci\u00f3n de m\u00e1s de tres mil deportistas de todo el pa\u00eds y el extranjero, se realiz\u00f3 en Berazategui la 36\u00ba Prueba Atl\u00e9tica 10K D\u00eda del Vidriero \u00abSaverio Terminiello\u00bb, la emblem\u00e1tica competencia local y gratuita organizada por el Municipio. En esta ocasi\u00f3n, los ganadores fueron Derlys Ayala -de Paraguay-, entre los hombres; y Sof\u00eda...\" \/>\n<meta property=\"og:url\" content=\"https:\/\/diarioprincipios.com\/index.php\/2025\/06\/14\/miles-de-atletas-se-sumaron-a-la-gran-fiesta-del-deporte-de-berazategui\/\" \/>\n<meta property=\"og:site_name\" content=\"Principios\" \/>\n<meta property=\"article:published_time\" content=\"2025-06-15T01:32:04+00:00\" \/>\n<meta property=\"article:modified_time\" content=\"2025-06-15T01:32:05+00:00\" \/>\n<meta property=\"og:image\" content=\"https:\/\/diarioprincipios.com\/wp-content\/uploads\/2025\/06\/MILES-DE-ATLETAS-SE-SUMARON-A-LA-GRAN-FIESTA-DEL-DEPORTE-DE-BERAZATEGUI_6.jpeg\" \/>\n\t<meta property=\"og:image:width\" content=\"1280\" \/>\n\t<meta property=\"og:image:height\" content=\"852\" \/>\n\t<meta property=\"og:image:type\" content=\"image\/jpeg\" \/>\n<meta name=\"author\" content=\"Hern\u00e1n L\u00f3pez\" \/>\n<meta name=\"twitter:card\" content=\"summary_large_image\" \/>\n<meta name=\"twitter:label1\" content=\"Escrito por\" \/>\n\t<meta name=\"twitter:data1\" content=\"Hern\u00e1n L\u00f3pez\" \/>\n\t<meta name=\"twitter:label2\" content=\"Tiempo de lectura\" \/>\n\t<meta name=\"twitter:data2\" content=\"4 minutos\" \/>\n<script type=\"application\/ld+json\" class=\"yoast-schema-graph\">{\"@context\":\"https:\\\/\\\/schema.org\",\"@graph\":[{\"@type\":\"Article\",\"@id\":\"https:\\\/\\\/diarioprincipios.com\\\/index.php\\\/2025\\\/06\\\/14\\\/miles-de-atletas-se-sumaron-a-la-gran-fiesta-del-deporte-de-berazategui\\\/#article\",\"isPartOf\":{\"@id\":\"https:\\\/\\\/diarioprincipios.com\\\/index.php\\\/2025\\\/06\\\/14\\\/miles-de-atletas-se-sumaron-a-la-gran-fiesta-del-deporte-de-berazategui\\\/\"},\"author\":{\"name\":\"Hern\u00e1n L\u00f3pez\",\"@id\":\"https:\\\/\\\/diarioprincipios.com\\\/#\\\/schema\\\/person\\\/436d5a1fd41a5e250e23ff5a6a7cb080\"},\"headline\":\"Miles de Atletas se sumaron a la gran Fiesta del Deporte de Berazategui\",\"datePublished\":\"2025-06-15T01:32:04+00:00\",\"dateModified\":\"2025-06-15T01:32:05+00:00\",\"mainEntityOfPage\":{\"@id\":\"https:\\\/\\\/diarioprincipios.com\\\/index.php\\\/2025\\\/06\\\/14\\\/miles-de-atletas-se-sumaron-a-la-gran-fiesta-del-deporte-de-berazategui\\\/\"},\"wordCount\":692,\"commentCount\":0,\"publisher\":{\"@id\":\"https:\\\/\\\/diarioprincipios.com\\\/#organization\"},\"image\":{\"@id\":\"https:\\\/\\\/diarioprincipios.com\\\/index.php\\\/2025\\\/06\\\/14\\\/miles-de-atletas-se-sumaron-a-la-gran-fiesta-del-deporte-de-berazategui\\\/#primaryimage\"},\"thumbnailUrl\":\"https:\\\/\\\/diarioprincipios.com\\\/wp-content\\\/uploads\\\/2025\\\/06\\\/MILES-DE-ATLETAS-SE-SUMARON-A-LA-GRAN-FIESTA-DEL-DEPORTE-DE-BERAZATEGUI_6.jpeg\",\"articleSection\":[\"Deportes\"],\"inLanguage\":\"es\",\"potentialAction\":[{\"@type\":\"CommentAction\",\"name\":\"Comment\",\"target\":[\"https:\\\/\\\/diarioprincipios.com\\\/index.php\\\/2025\\\/06\\\/14\\\/miles-de-atletas-se-sumaron-a-la-gran-fiesta-del-deporte-de-berazategui\\\/#respond\"]}]},{\"@type\":\"WebPage\",\"@id\":\"https:\\\/\\\/diarioprincipios.com\\\/index.php\\\/2025\\\/06\\\/14\\\/miles-de-atletas-se-sumaron-a-la-gran-fiesta-del-deporte-de-berazategui\\\/\",\"url\":\"https:\\\/\\\/diarioprincipios.com\\\/index.php\\\/2025\\\/06\\\/14\\\/miles-de-atletas-se-sumaron-a-la-gran-fiesta-del-deporte-de-berazategui\\\/\",\"name\":\"Miles de Atletas se sumaron a la gran Fiesta del Deporte de Berazategui - Principios\",\"isPartOf\":{\"@id\":\"https:\\\/\\\/diarioprincipios.com\\\/#website\"},\"primaryImageOfPage\":{\"@id\":\"https:\\\/\\\/diarioprincipios.com\\\/index.php\\\/2025\\\/06\\\/14\\\/miles-de-atletas-se-sumaron-a-la-gran-fiesta-del-deporte-de-berazategui\\\/#primaryimage\"},\"image\":{\"@id\":\"https:\\\/\\\/diarioprincipios.com\\\/index.php\\\/2025\\\/06\\\/14\\\/miles-de-atletas-se-sumaron-a-la-gran-fiesta-del-deporte-de-berazategui\\\/#primaryimage\"},\"thumbnailUrl\":\"https:\\\/\\\/diarioprincipios.com\\\/wp-content\\\/uploads\\\/2025\\\/06\\\/MILES-DE-ATLETAS-SE-SUMARON-A-LA-GRAN-FIESTA-DEL-DEPORTE-DE-BERAZATEGUI_6.jpeg\",\"datePublished\":\"2025-06-15T01:32:04+00:00\",\"dateModified\":\"2025-06-15T01:32:05+00:00\",\"breadcrumb\":{\"@id\":\"https:\\\/\\\/diarioprincipios.com\\\/index.php\\\/2025\\\/06\\\/14\\\/miles-de-atletas-se-sumaron-a-la-gran-fiesta-del-deporte-de-berazategui\\\/#breadcrumb\"},\"inLanguage\":\"es\",\"potentialAction\":[{\"@type\":\"ReadAction\",\"target\":[\"https:\\\/\\\/diarioprincipios.com\\\/index.php\\\/2025\\\/06\\\/14\\\/miles-de-atletas-se-sumaron-a-la-gran-fiesta-del-deporte-de-berazategui\\\/\"]}]},{\"@type\":\"ImageObject\",\"inLanguage\":\"es\",\"@id\":\"https:\\\/\\\/diarioprincipios.com\\\/index.php\\\/2025\\\/06\\\/14\\\/miles-de-atletas-se-sumaron-a-la-gran-fiesta-del-deporte-de-berazategui\\\/#primaryimage\",\"url\":\"https:\\\/\\\/diarioprincipios.com\\\/wp-content\\\/uploads\\\/2025\\\/06\\\/MILES-DE-ATLETAS-SE-SUMARON-A-LA-GRAN-FIESTA-DEL-DEPORTE-DE-BERAZATEGUI_6.jpeg\",\"contentUrl\":\"https:\\\/\\\/diarioprincipios.com\\\/wp-content\\\/uploads\\\/2025\\\/06\\\/MILES-DE-ATLETAS-SE-SUMARON-A-LA-GRAN-FIESTA-DEL-DEPORTE-DE-BERAZATEGUI_6.jpeg\",\"width\":1280,\"height\":852},{\"@type\":\"BreadcrumbList\",\"@id\":\"https:\\\/\\\/diarioprincipios.com\\\/index.php\\\/2025\\\/06\\\/14\\\/miles-de-atletas-se-sumaron-a-la-gran-fiesta-del-deporte-de-berazategui\\\/#breadcrumb\",\"itemListElement\":[{\"@type\":\"ListItem\",\"position\":1,\"name\":\"Portada\",\"item\":\"https:\\\/\\\/diarioprincipios.com\\\/\"},{\"@type\":\"ListItem\",\"position\":2,\"name\":\"Miles de Atletas se sumaron a la gran Fiesta del Deporte de Berazategui\"}]},{\"@type\":\"WebSite\",\"@id\":\"https:\\\/\\\/diarioprincipios.com\\\/#website\",\"url\":\"https:\\\/\\\/diarioprincipios.com\\\/\",\"name\":\"Principios\",\"description\":\"Principios Diario\",\"publisher\":{\"@id\":\"https:\\\/\\\/diarioprincipios.com\\\/#organization\"},\"potentialAction\":[{\"@type\":\"SearchAction\",\"target\":{\"@type\":\"EntryPoint\",\"urlTemplate\":\"https:\\\/\\\/diarioprincipios.com\\\/?s={search_term_string}\"},\"query-input\":{\"@type\":\"PropertyValueSpecification\",\"valueRequired\":true,\"valueName\":\"search_term_string\"}}],\"inLanguage\":\"es\"},{\"@type\":\"Organization\",\"@id\":\"https:\\\/\\\/diarioprincipios.com\\\/#organization\",\"name\":\"Principios\",\"url\":\"https:\\\/\\\/diarioprincipios.com\\\/\",\"logo\":{\"@type\":\"ImageObject\",\"inLanguage\":\"es\",\"@id\":\"https:\\\/\\\/diarioprincipios.com\\\/#\\\/schema\\\/logo\\\/image\\\/\",\"url\":\"https:\\\/\\\/diarioprincipios.com\\\/wp-content\\\/uploads\\\/2024\\\/04\\\/cropped-www.diarioprincipios.com_-1.png\",\"contentUrl\":\"https:\\\/\\\/diarioprincipios.com\\\/wp-content\\\/uploads\\\/2024\\\/04\\\/cropped-www.diarioprincipios.com_-1.png\",\"width\":5325,\"height\":1454,\"caption\":\"Principios\"},\"image\":{\"@id\":\"https:\\\/\\\/diarioprincipios.com\\\/#\\\/schema\\\/logo\\\/image\\\/\"}},{\"@type\":\"Person\",\"@id\":\"https:\\\/\\\/diarioprincipios.com\\\/#\\\/schema\\\/person\\\/436d5a1fd41a5e250e23ff5a6a7cb080\",\"name\":\"Hern\u00e1n L\u00f3pez\",\"image\":{\"@type\":\"ImageObject\",\"inLanguage\":\"es\",\"@id\":\"https:\\\/\\\/diarioprincipios.com\\\/wp-content\\\/litespeed\\\/avatar\\\/11ddfe5610ff3bd100522525b2571f48.jpg?ver=1777048341\",\"url\":\"https:\\\/\\\/diarioprincipios.com\\\/wp-content\\\/litespeed\\\/avatar\\\/11ddfe5610ff3bd100522525b2571f48.jpg?ver=1777048341\",\"contentUrl\":\"https:\\\/\\\/diarioprincipios.com\\\/wp-content\\\/litespeed\\\/avatar\\\/11ddfe5610ff3bd100522525b2571f48.jpg?ver=1777048341\",\"caption\":\"Hern\u00e1n L\u00f3pez\"},\"url\":\"https:\\\/\\\/diarioprincipios.com\\\/index.php\\\/author\\\/hernan\\\/\"}]}<\/script>\n<!-- \/ Yoast SEO plugin. -->","yoast_head_json":{"title":"Miles de Atletas se sumaron a la gran Fiesta del Deporte de Berazategui - Principios","robots":{"index":"index","follow":"follow","max-snippet":"max-snippet:-1","max-image-preview":"max-image-preview:large","max-video-preview":"max-video-preview:-1"},"canonical":"https:\/\/diarioprincipios.com\/index.php\/2025\/06\/14\/miles-de-atletas-se-sumaron-a-la-gran-fiesta-del-deporte-de-berazategui\/","og_locale":"es_ES","og_type":"article","og_title":"Miles de Atletas se sumaron a la gran Fiesta del Deporte de Berazategui - Principios","og_description":"Con la participaci\u00f3n de m\u00e1s de tres mil deportistas de todo el pa\u00eds y el extranjero, se realiz\u00f3 en Berazategui la 36\u00ba Prueba Atl\u00e9tica 10K D\u00eda del Vidriero \u00abSaverio Terminiello\u00bb, la emblem\u00e1tica competencia local y gratuita organizada por el Municipio. En esta ocasi\u00f3n, los ganadores fueron Derlys Ayala -de Paraguay-, entre los hombres; y Sof\u00eda...","og_url":"https:\/\/diarioprincipios.com\/index.php\/2025\/06\/14\/miles-de-atletas-se-sumaron-a-la-gran-fiesta-del-deporte-de-berazategui\/","og_site_name":"Principios","article_published_time":"2025-06-15T01:32:04+00:00","article_modified_time":"2025-06-15T01:32:05+00:00","og_image":[{"width":1280,"height":852,"url":"https:\/\/diarioprincipios.com\/wp-content\/uploads\/2025\/06\/MILES-DE-ATLETAS-SE-SUMARON-A-LA-GRAN-FIESTA-DEL-DEPORTE-DE-BERAZATEGUI_6.jpeg","type":"image\/jpeg"}],"author":"Hern\u00e1n L\u00f3pez","twitter_card":"summary_large_image","twitter_misc":{"Escrito por":"Hern\u00e1n L\u00f3pez","Tiempo de lectura":"4 minutos"},"schema":{"@context":"https:\/\/schema.org","@graph":[{"@type":"Article","@id":"https:\/\/diarioprincipios.com\/index.php\/2025\/06\/14\/miles-de-atletas-se-sumaron-a-la-gran-fiesta-del-deporte-de-berazategui\/#article","isPartOf":{"@id":"https:\/\/diarioprincipios.com\/index.php\/2025\/06\/14\/miles-de-atletas-se-sumaron-a-la-gran-fiesta-del-deporte-de-berazategui\/"},"author":{"name":"Hern\u00e1n L\u00f3pez","@id":"https:\/\/diarioprincipios.com\/#\/schema\/person\/436d5a1fd41a5e250e23ff5a6a7cb080"},"headline":"Miles de Atletas se sumaron a la gran Fiesta del Deporte de Berazategui","datePublished":"2025-06-15T01:32:04+00:00","dateModified":"2025-06-15T01:32:05+00:00","mainEntityOfPage":{"@id":"https:\/\/diarioprincipios.com\/index.php\/2025\/06\/14\/miles-de-atletas-se-sumaron-a-la-gran-fiesta-del-deporte-de-berazategui\/"},"wordCount":692,"commentCount":0,"publisher":{"@id":"https:\/\/diarioprincipios.com\/#organization"},"image":{"@id":"https:\/\/diarioprincipios.com\/index.php\/2025\/06\/14\/miles-de-atletas-se-sumaron-a-la-gran-fiesta-del-deporte-de-berazategui\/#primaryimage"},"thumbnailUrl":"https:\/\/diarioprincipios.com\/wp-content\/uploads\/2025\/06\/MILES-DE-ATLETAS-SE-SUMARON-A-LA-GRAN-FIESTA-DEL-DEPORTE-DE-BERAZATEGUI_6.jpeg","articleSection":["Deportes"],"inLanguage":"es","potentialAction":[{"@type":"CommentAction","name":"Comment","target":["https:\/\/diarioprincipios.com\/index.php\/2025\/06\/14\/miles-de-atletas-se-sumaron-a-la-gran-fiesta-del-deporte-de-berazategui\/#respond"]}]},{"@type":"WebPage","@id":"https:\/\/diarioprincipios.com\/index.php\/2025\/06\/14\/miles-de-atletas-se-sumaron-a-la-gran-fiesta-del-deporte-de-berazategui\/","url":"https:\/\/diarioprincipios.com\/index.php\/2025\/06\/14\/miles-de-atletas-se-sumaron-a-la-gran-fiesta-del-deporte-de-berazategui\/","name":"Miles de Atletas se sumaron a la gran Fiesta del Deporte de Berazategui - Principios","isPartOf":{"@id":"https:\/\/diarioprincipios.com\/#website"},"primaryImageOfPage":{"@id":"https:\/\/diarioprincipios.com\/index.php\/2025\/06\/14\/miles-de-atletas-se-sumaron-a-la-gran-fiesta-del-deporte-de-berazategui\/#primaryimage"},"image":{"@id":"https:\/\/diarioprincipios.com\/index.php\/2025\/06\/14\/miles-de-atletas-se-sumaron-a-la-gran-fiesta-del-deporte-de-berazategui\/#primaryimage"},"thumbnailUrl":"https:\/\/diarioprincipios.com\/wp-content\/uploads\/2025\/06\/MILES-DE-ATLETAS-SE-SUMARON-A-LA-GRAN-FIESTA-DEL-DEPORTE-DE-BERAZATEGUI_6.jpeg","datePublished":"2025-06-15T01:32:04+00:00","dateModified":"2025-06-15T01:32:05+00:00","breadcrumb":{"@id":"https:\/\/diarioprincipios.com\/index.php\/2025\/06\/14\/miles-de-atletas-se-sumaron-a-la-gran-fiesta-del-deporte-de-berazategui\/#breadcrumb"},"inLanguage":"es","potentialAction":[{"@type":"ReadAction","target":["https:\/\/diarioprincipios.com\/index.php\/2025\/06\/14\/miles-de-atletas-se-sumaron-a-la-gran-fiesta-del-deporte-de-berazategui\/"]}]},{"@type":"ImageObject","inLanguage":"es","@id":"https:\/\/diarioprincipios.com\/index.php\/2025\/06\/14\/miles-de-atletas-se-sumaron-a-la-gran-fiesta-del-deporte-de-berazategui\/#primaryimage","url":"https:\/\/diarioprincipios.com\/wp-content\/uploads\/2025\/06\/MILES-DE-ATLETAS-SE-SUMARON-A-LA-GRAN-FIESTA-DEL-DEPORTE-DE-BERAZATEGUI_6.jpeg","contentUrl":"https:\/\/diarioprincipios.com\/wp-content\/uploads\/2025\/06\/MILES-DE-ATLETAS-SE-SUMARON-A-LA-GRAN-FIESTA-DEL-DEPORTE-DE-BERAZATEGUI_6.jpeg","width":1280,"height":852},{"@type":"BreadcrumbList","@id":"https:\/\/diarioprincipios.com\/index.php\/2025\/06\/14\/miles-de-atletas-se-sumaron-a-la-gran-fiesta-del-deporte-de-berazategui\/#breadcrumb","itemListElement":[{"@type":"ListItem","position":1,"name":"Portada","item":"https:\/\/diarioprincipios.com\/"},{"@type":"ListItem","position":2,"name":"Miles de Atletas se sumaron a la gran Fiesta del Deporte de Berazategui"}]},{"@type":"WebSite","@id":"https:\/\/diarioprincipios.com\/#website","url":"https:\/\/diarioprincipios.com\/","name":"Principios","description":"Principios Diario","publisher":{"@id":"https:\/\/diarioprincipios.com\/#organization"},"potentialAction":[{"@type":"SearchAction","target":{"@type":"EntryPoint","urlTemplate":"https:\/\/diarioprincipios.com\/?s={search_term_string}"},"query-input":{"@type":"PropertyValueSpecification","valueRequired":true,"valueName":"search_term_string"}}],"inLanguage":"es"},{"@type":"Organization","@id":"https:\/\/diarioprincipios.com\/#organization","name":"Principios","url":"https:\/\/diarioprincipios.com\/","logo":{"@type":"ImageObject","inLanguage":"es","@id":"https:\/\/diarioprincipios.com\/#\/schema\/logo\/image\/","url":"https:\/\/diarioprincipios.com\/wp-content\/uploads\/2024\/04\/cropped-www.diarioprincipios.com_-1.png","contentUrl":"https:\/\/diarioprincipios.com\/wp-content\/uploads\/2024\/04\/cropped-www.diarioprincipios.com_-1.png","width":5325,"height":1454,"caption":"Principios"},"image":{"@id":"https:\/\/diarioprincipios.com\/#\/schema\/logo\/image\/"}},{"@type":"Person","@id":"https:\/\/diarioprincipios.com\/#\/schema\/person\/436d5a1fd41a5e250e23ff5a6a7cb080","name":"Hern\u00e1n L\u00f3pez","image":{"@type":"ImageObject","inLanguage":"es","@id":"https:\/\/diarioprincipios.com\/wp-content\/litespeed\/avatar\/11ddfe5610ff3bd100522525b2571f48.jpg?ver=1777048341","url":"https:\/\/diarioprincipios.com\/wp-content\/litespeed\/avatar\/11ddfe5610ff3bd100522525b2571f48.jpg?ver=1777048341","contentUrl":"https:\/\/diarioprincipios.com\/wp-content\/litespeed\/avatar\/11ddfe5610ff3bd100522525b2571f48.jpg?ver=1777048341","caption":"Hern\u00e1n L\u00f3pez"},"url":"https:\/\/diarioprincipios.com\/index.php\/author\/hernan\/"}]}},"jetpack_featured_media_url":"https:\/\/diarioprincipios.com\/wp-content\/uploads\/2025\/06\/MILES-DE-ATLETAS-SE-SUMARON-A-LA-GRAN-FIESTA-DEL-DEPORTE-DE-BERAZATEGUI_6.jpeg","_links":{"self":[{"href":"https:\/\/diarioprincipios.com\/index.php\/wp-json\/wp\/v2\/posts\/24812","targetHints":{"allow":["GET"]}}],"collection":[{"href":"https:\/\/diarioprincipios.com\/index.php\/wp-json\/wp\/v2\/posts"}],"about":[{"href":"https:\/\/diarioprincipios.com\/index.php\/wp-json\/wp\/v2\/types\/post"}],"author":[{"embeddable":true,"href":"https:\/\/diarioprincipios.com\/index.php\/wp-json\/wp\/v2\/users\/2"}],"replies":[{"embeddable":true,"href":"https:\/\/diarioprincipios.com\/index.php\/wp-json\/wp\/v2\/comments?post=24812"}],"version-history":[{"count":1,"href":"https:\/\/diarioprincipios.com\/index.php\/wp-json\/wp\/v2\/posts\/24812\/revisions"}],"predecessor-version":[{"id":24817,"href":"https:\/\/diarioprincipios.com\/index.php\/wp-json\/wp\/v2\/posts\/24812\/revisions\/24817"}],"wp:featuredmedia":[{"embeddable":true,"href":"https:\/\/diarioprincipios.com\/index.php\/wp-json\/wp\/v2\/media\/24816"}],"wp:attachment":[{"href":"https:\/\/diarioprincipios.com\/index.php\/wp-json\/wp\/v2\/media?parent=24812"}],"wp:term":[{"taxonomy":"category","embeddable":true,"href":"https:\/\/diarioprincipios.com\/index.php\/wp-json\/wp\/v2\/categories?post=24812"},{"taxonomy":"post_tag","embeddable":true,"href":"https:\/\/diarioprincipios.com\/index.php\/wp-json\/wp\/v2\/tags?post=24812"}],"curies":[{"name":"wp","href":"https:\/\/api.w.org\/{rel}","templated":true}]}}