{"id":24807,"date":"2025-06-12T10:46:03","date_gmt":"2025-06-12T13:46:03","guid":{"rendered":"https:\/\/diarioprincipios.com\/?p=24807"},"modified":"2025-06-12T10:47:27","modified_gmt":"2025-06-12T13:47:27","slug":"llega-la-prueba-atletica-dia-del-vidriero","status":"publish","type":"post","link":"https:\/\/diarioprincipios.com\/index.php\/2025\/06\/12\/llega-la-prueba-atletica-dia-del-vidriero\/","title":{"rendered":"Llega la Prueba Atl\u00e9tica D\u00eda del Vidriero"},"content":{"rendered":"\n<p><strong>La Municipalidad de Berazategui convoca a toda la comunidad a sumarse y alentar a los y las participantes de la tradicional Prueba Atl\u00e9tica 10K D\u00eda del Vidriero Saverio Terminiello. El emblem\u00e1tico evento -que ya va por su 36\u00ba edici\u00f3n- se realizar\u00e1 el s\u00e1bado 14 de junio, a partir de las 16.00, con largada desde Av. 14 y 143. Ser\u00e1 una jornada para disfrutar del deporte, la uni\u00f3n y la identidad vidriera que caracterizan a la ciudad.<\/strong><br>La Prueba Atl\u00e9tica no se suspender\u00e1 por lluvias, \u00fanicamente por alerta de tormentas el\u00e9ctricas, emitida por el Servicio Meteorol\u00f3gico Nacional, para la hora de\u00a0la\u00a0largada (16.00).<\/p>\n\n\n\n<figure class=\"wp-block-image size-large\"><img loading=\"lazy\" decoding=\"async\" width=\"1024\" height=\"682\" src=\"https:\/\/diarioprincipios.com\/wp-content\/uploads\/2025\/06\/LLEGA-LA-PRUEBA-ATLETICA-DIA-DEL-VIDRIERO-UNA-INVITACION-A-ALENTAR-A-LOS-CORREDORES-1-1024x682.jpg\" alt=\"\" class=\"wp-image-24808\" srcset=\"https:\/\/diarioprincipios.com\/wp-content\/uploads\/2025\/06\/LLEGA-LA-PRUEBA-ATLETICA-DIA-DEL-VIDRIERO-UNA-INVITACION-A-ALENTAR-A-LOS-CORREDORES-1-1024x682.jpg 1024w, https:\/\/diarioprincipios.com\/wp-content\/uploads\/2025\/06\/LLEGA-LA-PRUEBA-ATLETICA-DIA-DEL-VIDRIERO-UNA-INVITACION-A-ALENTAR-A-LOS-CORREDORES-1-300x200.jpg 300w, https:\/\/diarioprincipios.com\/wp-content\/uploads\/2025\/06\/LLEGA-LA-PRUEBA-ATLETICA-DIA-DEL-VIDRIERO-UNA-INVITACION-A-ALENTAR-A-LOS-CORREDORES-1-768x512.jpg 768w, https:\/\/diarioprincipios.com\/wp-content\/uploads\/2025\/06\/LLEGA-LA-PRUEBA-ATLETICA-DIA-DEL-VIDRIERO-UNA-INVITACION-A-ALENTAR-A-LOS-CORREDORES-1-1536x1023.jpg 1536w, https:\/\/diarioprincipios.com\/wp-content\/uploads\/2025\/06\/LLEGA-LA-PRUEBA-ATLETICA-DIA-DEL-VIDRIERO-UNA-INVITACION-A-ALENTAR-A-LOS-CORREDORES-1-820x545.jpg 820w, https:\/\/diarioprincipios.com\/wp-content\/uploads\/2025\/06\/LLEGA-LA-PRUEBA-ATLETICA-DIA-DEL-VIDRIERO-UNA-INVITACION-A-ALENTAR-A-LOS-CORREDORES-1-600x400.jpg 600w, https:\/\/diarioprincipios.com\/wp-content\/uploads\/2025\/06\/LLEGA-LA-PRUEBA-ATLETICA-DIA-DEL-VIDRIERO-UNA-INVITACION-A-ALENTAR-A-LOS-CORREDORES-1.jpg 1600w\" sizes=\"auto, (max-width: 1024px) 100vw, 1024px\" \/><\/figure>\n\n\n\n<p><br>Esta competencia lleva m\u00e1s de 30 a\u00f1os disput\u00e1ndose, es organizada por el Municipio -a trav\u00e9s de la Secretar\u00eda de Desarrollo Social, Recreaci\u00f3n, Turismo y Deportes- y lleva el nombre de Saverio Terminiello en homenaje a su creador y principal impulsor, junto al intendente Juan Jos\u00e9 Mussi.<br>Es una carrera de renombre a nivel nacional, en la que participan atletas locales, de todo el pa\u00eds e internacionales, con diez categor\u00edas de hombres y diez de mujeres, as\u00ed como para personas con discapacidad. Asimismo, la distancia de los 10K es certificada y fiscalizada por jueces de la Federaci\u00f3n Atl\u00e9tica Metropolitana.<\/p>\n\n\n\n<figure class=\"wp-block-image size-large\"><img loading=\"lazy\" decoding=\"async\" width=\"1024\" height=\"682\" src=\"https:\/\/diarioprincipios.com\/wp-content\/uploads\/2025\/06\/LLEGA-LA-PRUEBA-ATLETICA-DIA-DEL-VIDRIERO-UNA-INVITACION-A-ALENTAR-A-LOS-CORREDORES-2-1024x682.jpg\" alt=\"\" class=\"wp-image-24809\" srcset=\"https:\/\/diarioprincipios.com\/wp-content\/uploads\/2025\/06\/LLEGA-LA-PRUEBA-ATLETICA-DIA-DEL-VIDRIERO-UNA-INVITACION-A-ALENTAR-A-LOS-CORREDORES-2-1024x682.jpg 1024w, https:\/\/diarioprincipios.com\/wp-content\/uploads\/2025\/06\/LLEGA-LA-PRUEBA-ATLETICA-DIA-DEL-VIDRIERO-UNA-INVITACION-A-ALENTAR-A-LOS-CORREDORES-2-300x200.jpg 300w, https:\/\/diarioprincipios.com\/wp-content\/uploads\/2025\/06\/LLEGA-LA-PRUEBA-ATLETICA-DIA-DEL-VIDRIERO-UNA-INVITACION-A-ALENTAR-A-LOS-CORREDORES-2-768x512.jpg 768w, https:\/\/diarioprincipios.com\/wp-content\/uploads\/2025\/06\/LLEGA-LA-PRUEBA-ATLETICA-DIA-DEL-VIDRIERO-UNA-INVITACION-A-ALENTAR-A-LOS-CORREDORES-2-1536x1023.jpg 1536w, https:\/\/diarioprincipios.com\/wp-content\/uploads\/2025\/06\/LLEGA-LA-PRUEBA-ATLETICA-DIA-DEL-VIDRIERO-UNA-INVITACION-A-ALENTAR-A-LOS-CORREDORES-2-820x545.jpg 820w, https:\/\/diarioprincipios.com\/wp-content\/uploads\/2025\/06\/LLEGA-LA-PRUEBA-ATLETICA-DIA-DEL-VIDRIERO-UNA-INVITACION-A-ALENTAR-A-LOS-CORREDORES-2-600x400.jpg 600w, https:\/\/diarioprincipios.com\/wp-content\/uploads\/2025\/06\/LLEGA-LA-PRUEBA-ATLETICA-DIA-DEL-VIDRIERO-UNA-INVITACION-A-ALENTAR-A-LOS-CORREDORES-2.jpg 1600w\" sizes=\"auto, (max-width: 1024px) 100vw, 1024px\" \/><\/figure>\n\n\n\n<p><br><strong>Desv\u00edos de tr\u00e1nsito por la Prueba Atl\u00e9tica<\/strong><\/p>\n\n\n\n<p>Desde las 9 horas: Av. 14 entre 142 y 144.<br>A partir de las 13 horas: Av. 14 entre 141 y 145.<br>Desde las 15.45 horas: el resto del circuito. Es decir, las avenidas 14 y Julieta Lanteri (21) entre Camino General Belgrano y la calle 138. Adem\u00e1s, Camino General Belgrano y la calle 138, ambas desde la Av. 14 hasta Julieta Lanteri (21).<br>Para dirigirse desde la Av. Julieta Lanteri (21) hasta la Av. 14, se sugiere hacerlo por Lisandro de la Torre o las calles c\u00e9ntricas. En tanto, para movilizarse entre Berazategui y Ezpeleta, se podr\u00e1 circular por el Centro o los pasos bajo nivel de las calles 11 y 12.<br>A partir de las 18.30, todas las calles y avenidas quedar\u00e1n habilitadas.&nbsp;<\/p>\n","protected":false},"excerpt":{"rendered":"<p>La Municipalidad de Berazategui convoca a toda la comunidad a sumarse y alentar a los y las participantes de la tradicional Prueba Atl\u00e9tica 10K D\u00eda del Vidriero Saverio Terminiello. El emblem\u00e1tico evento -que ya va por su 36\u00ba edici\u00f3n- se realizar\u00e1 el s\u00e1bado 14 de junio, a partir de las 16.00, con largada desde Av&#8230;.<\/p>\n","protected":false},"author":2,"featured_media":24810,"comment_status":"open","ping_status":"open","sticky":false,"template":"","format":"standard","meta":{"footnotes":""},"categories":[3,6],"tags":[],"class_list":["post-24807","post","type-post","status-publish","format-standard","has-post-thumbnail","hentry","category-berazategui","category-deportes"],"featured_image_src":"https:\/\/diarioprincipios.com\/wp-content\/uploads\/2025\/06\/LLEGA-LA-PRUEBA-ATLETICA-DIA-DEL-VIDRIERO-UNA-INVITACION-A-ALENTAR-A-LOS-CORREDORES-1024x683.jpg","blog_images":{"medium":"https:\/\/diarioprincipios.com\/wp-content\/uploads\/2025\/06\/LLEGA-LA-PRUEBA-ATLETICA-DIA-DEL-VIDRIERO-UNA-INVITACION-A-ALENTAR-A-LOS-CORREDORES-300x200.jpg","large":"https:\/\/diarioprincipios.com\/wp-content\/uploads\/2025\/06\/LLEGA-LA-PRUEBA-ATLETICA-DIA-DEL-VIDRIERO-UNA-INVITACION-A-ALENTAR-A-LOS-CORREDORES-1024x683.jpg"},"ams_acf":[],"yoast_head":"<!-- This site is optimized with the Yoast SEO plugin v27.3 - https:\/\/yoast.com\/product\/yoast-seo-wordpress\/ -->\n<title>Llega la Prueba Atl\u00e9tica D\u00eda del Vidriero - Principios<\/title>\n<meta name=\"robots\" content=\"index, follow, max-snippet:-1, max-image-preview:large, max-video-preview:-1\" \/>\n<link rel=\"canonical\" href=\"https:\/\/diarioprincipios.com\/index.php\/2025\/06\/12\/llega-la-prueba-atletica-dia-del-vidriero\/\" \/>\n<meta property=\"og:locale\" content=\"es_ES\" \/>\n<meta property=\"og:type\" content=\"article\" \/>\n<meta property=\"og:title\" content=\"Llega la Prueba Atl\u00e9tica D\u00eda del Vidriero - Principios\" \/>\n<meta property=\"og:description\" content=\"La Municipalidad de Berazategui convoca a toda la comunidad a sumarse y alentar a los y las participantes de la tradicional Prueba Atl\u00e9tica 10K D\u00eda del Vidriero Saverio Terminiello. El emblem\u00e1tico evento -que ya va por su 36\u00ba edici\u00f3n- se realizar\u00e1 el s\u00e1bado 14 de junio, a partir de las 16.00, con largada desde Av....\" \/>\n<meta property=\"og:url\" content=\"https:\/\/diarioprincipios.com\/index.php\/2025\/06\/12\/llega-la-prueba-atletica-dia-del-vidriero\/\" \/>\n<meta property=\"og:site_name\" content=\"Principios\" \/>\n<meta property=\"article:published_time\" content=\"2025-06-12T13:46:03+00:00\" \/>\n<meta property=\"article:modified_time\" content=\"2025-06-12T13:47:27+00:00\" \/>\n<meta property=\"og:image\" content=\"https:\/\/diarioprincipios.com\/wp-content\/uploads\/2025\/06\/LLEGA-LA-PRUEBA-ATLETICA-DIA-DEL-VIDRIERO-UNA-INVITACION-A-ALENTAR-A-LOS-CORREDORES.jpg\" \/>\n\t<meta property=\"og:image:width\" content=\"1540\" \/>\n\t<meta property=\"og:image:height\" content=\"1027\" \/>\n\t<meta property=\"og:image:type\" content=\"image\/jpeg\" \/>\n<meta name=\"author\" content=\"Hern\u00e1n L\u00f3pez\" \/>\n<meta name=\"twitter:card\" content=\"summary_large_image\" \/>\n<meta name=\"twitter:label1\" content=\"Escrito por\" \/>\n\t<meta name=\"twitter:data1\" content=\"Hern\u00e1n L\u00f3pez\" \/>\n\t<meta name=\"twitter:label2\" content=\"Tiempo de lectura\" \/>\n\t<meta name=\"twitter:data2\" content=\"3 minutos\" \/>\n<script type=\"application\/ld+json\" class=\"yoast-schema-graph\">{\"@context\":\"https:\\\/\\\/schema.org\",\"@graph\":[{\"@type\":\"Article\",\"@id\":\"https:\\\/\\\/diarioprincipios.com\\\/index.php\\\/2025\\\/06\\\/12\\\/llega-la-prueba-atletica-dia-del-vidriero\\\/#article\",\"isPartOf\":{\"@id\":\"https:\\\/\\\/diarioprincipios.com\\\/index.php\\\/2025\\\/06\\\/12\\\/llega-la-prueba-atletica-dia-del-vidriero\\\/\"},\"author\":{\"name\":\"Hern\u00e1n L\u00f3pez\",\"@id\":\"https:\\\/\\\/diarioprincipios.com\\\/#\\\/schema\\\/person\\\/436d5a1fd41a5e250e23ff5a6a7cb080\"},\"headline\":\"Llega la Prueba Atl\u00e9tica D\u00eda del Vidriero\",\"datePublished\":\"2025-06-12T13:46:03+00:00\",\"dateModified\":\"2025-06-12T13:47:27+00:00\",\"mainEntityOfPage\":{\"@id\":\"https:\\\/\\\/diarioprincipios.com\\\/index.php\\\/2025\\\/06\\\/12\\\/llega-la-prueba-atletica-dia-del-vidriero\\\/\"},\"wordCount\":341,\"commentCount\":0,\"publisher\":{\"@id\":\"https:\\\/\\\/diarioprincipios.com\\\/#organization\"},\"image\":{\"@id\":\"https:\\\/\\\/diarioprincipios.com\\\/index.php\\\/2025\\\/06\\\/12\\\/llega-la-prueba-atletica-dia-del-vidriero\\\/#primaryimage\"},\"thumbnailUrl\":\"https:\\\/\\\/diarioprincipios.com\\\/wp-content\\\/uploads\\\/2025\\\/06\\\/LLEGA-LA-PRUEBA-ATLETICA-DIA-DEL-VIDRIERO-UNA-INVITACION-A-ALENTAR-A-LOS-CORREDORES.jpg\",\"articleSection\":[\"Berazategui\",\"Deportes\"],\"inLanguage\":\"es\",\"potentialAction\":[{\"@type\":\"CommentAction\",\"name\":\"Comment\",\"target\":[\"https:\\\/\\\/diarioprincipios.com\\\/index.php\\\/2025\\\/06\\\/12\\\/llega-la-prueba-atletica-dia-del-vidriero\\\/#respond\"]}]},{\"@type\":\"WebPage\",\"@id\":\"https:\\\/\\\/diarioprincipios.com\\\/index.php\\\/2025\\\/06\\\/12\\\/llega-la-prueba-atletica-dia-del-vidriero\\\/\",\"url\":\"https:\\\/\\\/diarioprincipios.com\\\/index.php\\\/2025\\\/06\\\/12\\\/llega-la-prueba-atletica-dia-del-vidriero\\\/\",\"name\":\"Llega la Prueba Atl\u00e9tica D\u00eda del Vidriero - Principios\",\"isPartOf\":{\"@id\":\"https:\\\/\\\/diarioprincipios.com\\\/#website\"},\"primaryImageOfPage\":{\"@id\":\"https:\\\/\\\/diarioprincipios.com\\\/index.php\\\/2025\\\/06\\\/12\\\/llega-la-prueba-atletica-dia-del-vidriero\\\/#primaryimage\"},\"image\":{\"@id\":\"https:\\\/\\\/diarioprincipios.com\\\/index.php\\\/2025\\\/06\\\/12\\\/llega-la-prueba-atletica-dia-del-vidriero\\\/#primaryimage\"},\"thumbnailUrl\":\"https:\\\/\\\/diarioprincipios.com\\\/wp-content\\\/uploads\\\/2025\\\/06\\\/LLEGA-LA-PRUEBA-ATLETICA-DIA-DEL-VIDRIERO-UNA-INVITACION-A-ALENTAR-A-LOS-CORREDORES.jpg\",\"datePublished\":\"2025-06-12T13:46:03+00:00\",\"dateModified\":\"2025-06-12T13:47:27+00:00\",\"breadcrumb\":{\"@id\":\"https:\\\/\\\/diarioprincipios.com\\\/index.php\\\/2025\\\/06\\\/12\\\/llega-la-prueba-atletica-dia-del-vidriero\\\/#breadcrumb\"},\"inLanguage\":\"es\",\"potentialAction\":[{\"@type\":\"ReadAction\",\"target\":[\"https:\\\/\\\/diarioprincipios.com\\\/index.php\\\/2025\\\/06\\\/12\\\/llega-la-prueba-atletica-dia-del-vidriero\\\/\"]}]},{\"@type\":\"ImageObject\",\"inLanguage\":\"es\",\"@id\":\"https:\\\/\\\/diarioprincipios.com\\\/index.php\\\/2025\\\/06\\\/12\\\/llega-la-prueba-atletica-dia-del-vidriero\\\/#primaryimage\",\"url\":\"https:\\\/\\\/diarioprincipios.com\\\/wp-content\\\/uploads\\\/2025\\\/06\\\/LLEGA-LA-PRUEBA-ATLETICA-DIA-DEL-VIDRIERO-UNA-INVITACION-A-ALENTAR-A-LOS-CORREDORES.jpg\",\"contentUrl\":\"https:\\\/\\\/diarioprincipios.com\\\/wp-content\\\/uploads\\\/2025\\\/06\\\/LLEGA-LA-PRUEBA-ATLETICA-DIA-DEL-VIDRIERO-UNA-INVITACION-A-ALENTAR-A-LOS-CORREDORES.jpg\",\"width\":1540,\"height\":1027},{\"@type\":\"BreadcrumbList\",\"@id\":\"https:\\\/\\\/diarioprincipios.com\\\/index.php\\\/2025\\\/06\\\/12\\\/llega-la-prueba-atletica-dia-del-vidriero\\\/#breadcrumb\",\"itemListElement\":[{\"@type\":\"ListItem\",\"position\":1,\"name\":\"Portada\",\"item\":\"https:\\\/\\\/diarioprincipios.com\\\/\"},{\"@type\":\"ListItem\",\"position\":2,\"name\":\"Llega la Prueba Atl\u00e9tica D\u00eda del Vidriero\"}]},{\"@type\":\"WebSite\",\"@id\":\"https:\\\/\\\/diarioprincipios.com\\\/#website\",\"url\":\"https:\\\/\\\/diarioprincipios.com\\\/\",\"name\":\"Principios\",\"description\":\"Principios Diario\",\"publisher\":{\"@id\":\"https:\\\/\\\/diarioprincipios.com\\\/#organization\"},\"potentialAction\":[{\"@type\":\"SearchAction\",\"target\":{\"@type\":\"EntryPoint\",\"urlTemplate\":\"https:\\\/\\\/diarioprincipios.com\\\/?s={search_term_string}\"},\"query-input\":{\"@type\":\"PropertyValueSpecification\",\"valueRequired\":true,\"valueName\":\"search_term_string\"}}],\"inLanguage\":\"es\"},{\"@type\":\"Organization\",\"@id\":\"https:\\\/\\\/diarioprincipios.com\\\/#organization\",\"name\":\"Principios\",\"url\":\"https:\\\/\\\/diarioprincipios.com\\\/\",\"logo\":{\"@type\":\"ImageObject\",\"inLanguage\":\"es\",\"@id\":\"https:\\\/\\\/diarioprincipios.com\\\/#\\\/schema\\\/logo\\\/image\\\/\",\"url\":\"https:\\\/\\\/diarioprincipios.com\\\/wp-content\\\/uploads\\\/2024\\\/04\\\/cropped-www.diarioprincipios.com_-1.png\",\"contentUrl\":\"https:\\\/\\\/diarioprincipios.com\\\/wp-content\\\/uploads\\\/2024\\\/04\\\/cropped-www.diarioprincipios.com_-1.png\",\"width\":5325,\"height\":1454,\"caption\":\"Principios\"},\"image\":{\"@id\":\"https:\\\/\\\/diarioprincipios.com\\\/#\\\/schema\\\/logo\\\/image\\\/\"}},{\"@type\":\"Person\",\"@id\":\"https:\\\/\\\/diarioprincipios.com\\\/#\\\/schema\\\/person\\\/436d5a1fd41a5e250e23ff5a6a7cb080\",\"name\":\"Hern\u00e1n L\u00f3pez\",\"image\":{\"@type\":\"ImageObject\",\"inLanguage\":\"es\",\"@id\":\"https:\\\/\\\/diarioprincipios.com\\\/wp-content\\\/litespeed\\\/avatar\\\/11ddfe5610ff3bd100522525b2571f48.jpg?ver=1777048341\",\"url\":\"https:\\\/\\\/diarioprincipios.com\\\/wp-content\\\/litespeed\\\/avatar\\\/11ddfe5610ff3bd100522525b2571f48.jpg?ver=1777048341\",\"contentUrl\":\"https:\\\/\\\/diarioprincipios.com\\\/wp-content\\\/litespeed\\\/avatar\\\/11ddfe5610ff3bd100522525b2571f48.jpg?ver=1777048341\",\"caption\":\"Hern\u00e1n L\u00f3pez\"},\"url\":\"https:\\\/\\\/diarioprincipios.com\\\/index.php\\\/author\\\/hernan\\\/\"}]}<\/script>\n<!-- \/ Yoast SEO plugin. -->","yoast_head_json":{"title":"Llega la Prueba Atl\u00e9tica D\u00eda del Vidriero - Principios","robots":{"index":"index","follow":"follow","max-snippet":"max-snippet:-1","max-image-preview":"max-image-preview:large","max-video-preview":"max-video-preview:-1"},"canonical":"https:\/\/diarioprincipios.com\/index.php\/2025\/06\/12\/llega-la-prueba-atletica-dia-del-vidriero\/","og_locale":"es_ES","og_type":"article","og_title":"Llega la Prueba Atl\u00e9tica D\u00eda del Vidriero - Principios","og_description":"La Municipalidad de Berazategui convoca a toda la comunidad a sumarse y alentar a los y las participantes de la tradicional Prueba Atl\u00e9tica 10K D\u00eda del Vidriero Saverio Terminiello. El emblem\u00e1tico evento -que ya va por su 36\u00ba edici\u00f3n- se realizar\u00e1 el s\u00e1bado 14 de junio, a partir de las 16.00, con largada desde Av....","og_url":"https:\/\/diarioprincipios.com\/index.php\/2025\/06\/12\/llega-la-prueba-atletica-dia-del-vidriero\/","og_site_name":"Principios","article_published_time":"2025-06-12T13:46:03+00:00","article_modified_time":"2025-06-12T13:47:27+00:00","og_image":[{"width":1540,"height":1027,"url":"https:\/\/diarioprincipios.com\/wp-content\/uploads\/2025\/06\/LLEGA-LA-PRUEBA-ATLETICA-DIA-DEL-VIDRIERO-UNA-INVITACION-A-ALENTAR-A-LOS-CORREDORES.jpg","type":"image\/jpeg"}],"author":"Hern\u00e1n L\u00f3pez","twitter_card":"summary_large_image","twitter_misc":{"Escrito por":"Hern\u00e1n L\u00f3pez","Tiempo de lectura":"3 minutos"},"schema":{"@context":"https:\/\/schema.org","@graph":[{"@type":"Article","@id":"https:\/\/diarioprincipios.com\/index.php\/2025\/06\/12\/llega-la-prueba-atletica-dia-del-vidriero\/#article","isPartOf":{"@id":"https:\/\/diarioprincipios.com\/index.php\/2025\/06\/12\/llega-la-prueba-atletica-dia-del-vidriero\/"},"author":{"name":"Hern\u00e1n L\u00f3pez","@id":"https:\/\/diarioprincipios.com\/#\/schema\/person\/436d5a1fd41a5e250e23ff5a6a7cb080"},"headline":"Llega la Prueba Atl\u00e9tica D\u00eda del Vidriero","datePublished":"2025-06-12T13:46:03+00:00","dateModified":"2025-06-12T13:47:27+00:00","mainEntityOfPage":{"@id":"https:\/\/diarioprincipios.com\/index.php\/2025\/06\/12\/llega-la-prueba-atletica-dia-del-vidriero\/"},"wordCount":341,"commentCount":0,"publisher":{"@id":"https:\/\/diarioprincipios.com\/#organization"},"image":{"@id":"https:\/\/diarioprincipios.com\/index.php\/2025\/06\/12\/llega-la-prueba-atletica-dia-del-vidriero\/#primaryimage"},"thumbnailUrl":"https:\/\/diarioprincipios.com\/wp-content\/uploads\/2025\/06\/LLEGA-LA-PRUEBA-ATLETICA-DIA-DEL-VIDRIERO-UNA-INVITACION-A-ALENTAR-A-LOS-CORREDORES.jpg","articleSection":["Berazategui","Deportes"],"inLanguage":"es","potentialAction":[{"@type":"CommentAction","name":"Comment","target":["https:\/\/diarioprincipios.com\/index.php\/2025\/06\/12\/llega-la-prueba-atletica-dia-del-vidriero\/#respond"]}]},{"@type":"WebPage","@id":"https:\/\/diarioprincipios.com\/index.php\/2025\/06\/12\/llega-la-prueba-atletica-dia-del-vidriero\/","url":"https:\/\/diarioprincipios.com\/index.php\/2025\/06\/12\/llega-la-prueba-atletica-dia-del-vidriero\/","name":"Llega la Prueba Atl\u00e9tica D\u00eda del Vidriero - Principios","isPartOf":{"@id":"https:\/\/diarioprincipios.com\/#website"},"primaryImageOfPage":{"@id":"https:\/\/diarioprincipios.com\/index.php\/2025\/06\/12\/llega-la-prueba-atletica-dia-del-vidriero\/#primaryimage"},"image":{"@id":"https:\/\/diarioprincipios.com\/index.php\/2025\/06\/12\/llega-la-prueba-atletica-dia-del-vidriero\/#primaryimage"},"thumbnailUrl":"https:\/\/diarioprincipios.com\/wp-content\/uploads\/2025\/06\/LLEGA-LA-PRUEBA-ATLETICA-DIA-DEL-VIDRIERO-UNA-INVITACION-A-ALENTAR-A-LOS-CORREDORES.jpg","datePublished":"2025-06-12T13:46:03+00:00","dateModified":"2025-06-12T13:47:27+00:00","breadcrumb":{"@id":"https:\/\/diarioprincipios.com\/index.php\/2025\/06\/12\/llega-la-prueba-atletica-dia-del-vidriero\/#breadcrumb"},"inLanguage":"es","potentialAction":[{"@type":"ReadAction","target":["https:\/\/diarioprincipios.com\/index.php\/2025\/06\/12\/llega-la-prueba-atletica-dia-del-vidriero\/"]}]},{"@type":"ImageObject","inLanguage":"es","@id":"https:\/\/diarioprincipios.com\/index.php\/2025\/06\/12\/llega-la-prueba-atletica-dia-del-vidriero\/#primaryimage","url":"https:\/\/diarioprincipios.com\/wp-content\/uploads\/2025\/06\/LLEGA-LA-PRUEBA-ATLETICA-DIA-DEL-VIDRIERO-UNA-INVITACION-A-ALENTAR-A-LOS-CORREDORES.jpg","contentUrl":"https:\/\/diarioprincipios.com\/wp-content\/uploads\/2025\/06\/LLEGA-LA-PRUEBA-ATLETICA-DIA-DEL-VIDRIERO-UNA-INVITACION-A-ALENTAR-A-LOS-CORREDORES.jpg","width":1540,"height":1027},{"@type":"BreadcrumbList","@id":"https:\/\/diarioprincipios.com\/index.php\/2025\/06\/12\/llega-la-prueba-atletica-dia-del-vidriero\/#breadcrumb","itemListElement":[{"@type":"ListItem","position":1,"name":"Portada","item":"https:\/\/diarioprincipios.com\/"},{"@type":"ListItem","position":2,"name":"Llega la Prueba Atl\u00e9tica D\u00eda del Vidriero"}]},{"@type":"WebSite","@id":"https:\/\/diarioprincipios.com\/#website","url":"https:\/\/diarioprincipios.com\/","name":"Principios","description":"Principios Diario","publisher":{"@id":"https:\/\/diarioprincipios.com\/#organization"},"potentialAction":[{"@type":"SearchAction","target":{"@type":"EntryPoint","urlTemplate":"https:\/\/diarioprincipios.com\/?s={search_term_string}"},"query-input":{"@type":"PropertyValueSpecification","valueRequired":true,"valueName":"search_term_string"}}],"inLanguage":"es"},{"@type":"Organization","@id":"https:\/\/diarioprincipios.com\/#organization","name":"Principios","url":"https:\/\/diarioprincipios.com\/","logo":{"@type":"ImageObject","inLanguage":"es","@id":"https:\/\/diarioprincipios.com\/#\/schema\/logo\/image\/","url":"https:\/\/diarioprincipios.com\/wp-content\/uploads\/2024\/04\/cropped-www.diarioprincipios.com_-1.png","contentUrl":"https:\/\/diarioprincipios.com\/wp-content\/uploads\/2024\/04\/cropped-www.diarioprincipios.com_-1.png","width":5325,"height":1454,"caption":"Principios"},"image":{"@id":"https:\/\/diarioprincipios.com\/#\/schema\/logo\/image\/"}},{"@type":"Person","@id":"https:\/\/diarioprincipios.com\/#\/schema\/person\/436d5a1fd41a5e250e23ff5a6a7cb080","name":"Hern\u00e1n L\u00f3pez","image":{"@type":"ImageObject","inLanguage":"es","@id":"https:\/\/diarioprincipios.com\/wp-content\/litespeed\/avatar\/11ddfe5610ff3bd100522525b2571f48.jpg?ver=1777048341","url":"https:\/\/diarioprincipios.com\/wp-content\/litespeed\/avatar\/11ddfe5610ff3bd100522525b2571f48.jpg?ver=1777048341","contentUrl":"https:\/\/diarioprincipios.com\/wp-content\/litespeed\/avatar\/11ddfe5610ff3bd100522525b2571f48.jpg?ver=1777048341","caption":"Hern\u00e1n L\u00f3pez"},"url":"https:\/\/diarioprincipios.com\/index.php\/author\/hernan\/"}]}},"jetpack_featured_media_url":"https:\/\/diarioprincipios.com\/wp-content\/uploads\/2025\/06\/LLEGA-LA-PRUEBA-ATLETICA-DIA-DEL-VIDRIERO-UNA-INVITACION-A-ALENTAR-A-LOS-CORREDORES.jpg","_links":{"self":[{"href":"https:\/\/diarioprincipios.com\/index.php\/wp-json\/wp\/v2\/posts\/24807","targetHints":{"allow":["GET"]}}],"collection":[{"href":"https:\/\/diarioprincipios.com\/index.php\/wp-json\/wp\/v2\/posts"}],"about":[{"href":"https:\/\/diarioprincipios.com\/index.php\/wp-json\/wp\/v2\/types\/post"}],"author":[{"embeddable":true,"href":"https:\/\/diarioprincipios.com\/index.php\/wp-json\/wp\/v2\/users\/2"}],"replies":[{"embeddable":true,"href":"https:\/\/diarioprincipios.com\/index.php\/wp-json\/wp\/v2\/comments?post=24807"}],"version-history":[{"count":1,"href":"https:\/\/diarioprincipios.com\/index.php\/wp-json\/wp\/v2\/posts\/24807\/revisions"}],"predecessor-version":[{"id":24811,"href":"https:\/\/diarioprincipios.com\/index.php\/wp-json\/wp\/v2\/posts\/24807\/revisions\/24811"}],"wp:featuredmedia":[{"embeddable":true,"href":"https:\/\/diarioprincipios.com\/index.php\/wp-json\/wp\/v2\/media\/24810"}],"wp:attachment":[{"href":"https:\/\/diarioprincipios.com\/index.php\/wp-json\/wp\/v2\/media?parent=24807"}],"wp:term":[{"taxonomy":"category","embeddable":true,"href":"https:\/\/diarioprincipios.com\/index.php\/wp-json\/wp\/v2\/categories?post=24807"},{"taxonomy":"post_tag","embeddable":true,"href":"https:\/\/diarioprincipios.com\/index.php\/wp-json\/wp\/v2\/tags?post=24807"}],"curies":[{"name":"wp","href":"https:\/\/api.w.org\/{rel}","templated":true}]}}