{"id":24792,"date":"2025-06-11T11:43:45","date_gmt":"2025-06-11T14:43:45","guid":{"rendered":"https:\/\/diarioprincipios.com\/?p=24792"},"modified":"2025-06-11T11:43:46","modified_gmt":"2025-06-11T14:43:46","slug":"la-empresa-productos-chiqui-inauguro-su-nueva-planta-en-el-mini-parque-vergara","status":"publish","type":"post","link":"https:\/\/diarioprincipios.com\/index.php\/2025\/06\/11\/la-empresa-productos-chiqui-inauguro-su-nueva-planta-en-el-mini-parque-vergara\/","title":{"rendered":"La Empresa Productos Chiqui inaugur\u00f3 su nueva Planta en el Mini Parque Vergara"},"content":{"rendered":"\n<p><strong>Con un emotivo acto, la empresa familiar Productos Chiqui inaugur\u00f3 su nueva planta en el Miniparque Industrial Vergara (Av. Vergara y 24). All\u00ed estuvo el intendente municipal, Juan Jos\u00e9 Mussi, quien les dese\u00f3 el mayor de los \u00e9xitos a sus due\u00f1os.<\/strong><\/p>\n\n\n\n<figure class=\"wp-block-image size-large\"><img loading=\"lazy\" decoding=\"async\" width=\"1024\" height=\"768\" src=\"https:\/\/diarioprincipios.com\/wp-content\/uploads\/2025\/06\/LA-EMPRESA-PRODUCTOS-CHIQUI-INAUGURO-SU-NUEVA-PLANTA-EN-EL-MINIPARQUE-VERGARA-3-1024x768.jpeg\" alt=\"\" class=\"wp-image-24793\" srcset=\"https:\/\/diarioprincipios.com\/wp-content\/uploads\/2025\/06\/LA-EMPRESA-PRODUCTOS-CHIQUI-INAUGURO-SU-NUEVA-PLANTA-EN-EL-MINIPARQUE-VERGARA-3-1024x768.jpeg 1024w, https:\/\/diarioprincipios.com\/wp-content\/uploads\/2025\/06\/LA-EMPRESA-PRODUCTOS-CHIQUI-INAUGURO-SU-NUEVA-PLANTA-EN-EL-MINIPARQUE-VERGARA-3-300x225.jpeg 300w, https:\/\/diarioprincipios.com\/wp-content\/uploads\/2025\/06\/LA-EMPRESA-PRODUCTOS-CHIQUI-INAUGURO-SU-NUEVA-PLANTA-EN-EL-MINIPARQUE-VERGARA-3-768x576.jpeg 768w, https:\/\/diarioprincipios.com\/wp-content\/uploads\/2025\/06\/LA-EMPRESA-PRODUCTOS-CHIQUI-INAUGURO-SU-NUEVA-PLANTA-EN-EL-MINIPARQUE-VERGARA-3-1536x1152.jpeg 1536w, https:\/\/diarioprincipios.com\/wp-content\/uploads\/2025\/06\/LA-EMPRESA-PRODUCTOS-CHIQUI-INAUGURO-SU-NUEVA-PLANTA-EN-EL-MINIPARQUE-VERGARA-3.jpeg 1600w\" sizes=\"auto, (max-width: 1024px) 100vw, 1024px\" \/><\/figure>\n\n\n\n<p><br>Durante la recorrida por las instalaciones, el secretario de Trabajo de la Municipalidad, Juan Manuel Parra, se\u00f1al\u00f3: \u201cSe acaba de inaugurar esta nueva planta, junto al intendente Juan Jos\u00e9 Mussi. Productos Chiqui es una empresa familiar de m\u00e1s de 35 a\u00f1os en Berazategui. Estamos muy felices de poder acompa\u00f1ar a esta familia berazateguense, que genera m\u00e1s de 60 puestos de trabajo para nuestros vecinos y vecinas, con nuevas l\u00edneas de productos y equipamiento producido en el distrito. De esa manera, se sigue generando cadena de valor y empleo, como nos pide el intendente Mussi constantemente\u201d.<\/p>\n\n\n\n<figure class=\"wp-block-image size-large\"><img loading=\"lazy\" decoding=\"async\" width=\"1024\" height=\"682\" src=\"https:\/\/diarioprincipios.com\/wp-content\/uploads\/2025\/06\/LA-EMPRESA-PRODUCTOS-CHIQUI-INAUGURO-SU-NUEVA-PLANTA-EN-EL-MINIPARQUE-VERGARA-5-1024x682.jpeg\" alt=\"\" class=\"wp-image-24794\" srcset=\"https:\/\/diarioprincipios.com\/wp-content\/uploads\/2025\/06\/LA-EMPRESA-PRODUCTOS-CHIQUI-INAUGURO-SU-NUEVA-PLANTA-EN-EL-MINIPARQUE-VERGARA-5-1024x682.jpeg 1024w, https:\/\/diarioprincipios.com\/wp-content\/uploads\/2025\/06\/LA-EMPRESA-PRODUCTOS-CHIQUI-INAUGURO-SU-NUEVA-PLANTA-EN-EL-MINIPARQUE-VERGARA-5-300x200.jpeg 300w, https:\/\/diarioprincipios.com\/wp-content\/uploads\/2025\/06\/LA-EMPRESA-PRODUCTOS-CHIQUI-INAUGURO-SU-NUEVA-PLANTA-EN-EL-MINIPARQUE-VERGARA-5-768x512.jpeg 768w, https:\/\/diarioprincipios.com\/wp-content\/uploads\/2025\/06\/LA-EMPRESA-PRODUCTOS-CHIQUI-INAUGURO-SU-NUEVA-PLANTA-EN-EL-MINIPARQUE-VERGARA-5-1536x1023.jpeg 1536w, https:\/\/diarioprincipios.com\/wp-content\/uploads\/2025\/06\/LA-EMPRESA-PRODUCTOS-CHIQUI-INAUGURO-SU-NUEVA-PLANTA-EN-EL-MINIPARQUE-VERGARA-5-820x545.jpeg 820w, https:\/\/diarioprincipios.com\/wp-content\/uploads\/2025\/06\/LA-EMPRESA-PRODUCTOS-CHIQUI-INAUGURO-SU-NUEVA-PLANTA-EN-EL-MINIPARQUE-VERGARA-5-600x400.jpeg 600w, https:\/\/diarioprincipios.com\/wp-content\/uploads\/2025\/06\/LA-EMPRESA-PRODUCTOS-CHIQUI-INAUGURO-SU-NUEVA-PLANTA-EN-EL-MINIPARQUE-VERGARA-5.jpeg 1600w\" sizes=\"auto, (max-width: 1024px) 100vw, 1024px\" \/><\/figure>\n\n\n\n<p><br>Por su parte, Oscar Roberto Dillon, vicepresidente y socio fundador de la compa\u00f1\u00eda, que comenz\u00f3 en 1989 como un peque\u00f1o emprendimiento familiar, expres\u00f3: \u201cAgradezco la visita del Dr. Mussi para acompa\u00f1arnos a inaugurar la planta. Es un sue\u00f1o hecho realidad que comenzamos con mi esposa y nuestra familia pudo concretar aqu\u00ed, en Berazategui, como yo quer\u00eda. Estuvimos toda la vida trabajando en Berazategui. Apostamos a ser una empresa l\u00edder en Argentina y Sudam\u00e9rica. Con la ayuda del Intendente vamos a seguir creciendo\u201d.<\/p>\n\n\n\n<figure class=\"wp-block-image size-large\"><img loading=\"lazy\" decoding=\"async\" width=\"1024\" height=\"768\" src=\"https:\/\/diarioprincipios.com\/wp-content\/uploads\/2025\/06\/LA-EMPRESA-PRODUCTOS-CHIQUI-INAUGURO-SU-NUEVA-PLANTA-EN-EL-MINIPARQUE-VERGARA-4-1024x768.jpeg\" alt=\"\" class=\"wp-image-24795\" srcset=\"https:\/\/diarioprincipios.com\/wp-content\/uploads\/2025\/06\/LA-EMPRESA-PRODUCTOS-CHIQUI-INAUGURO-SU-NUEVA-PLANTA-EN-EL-MINIPARQUE-VERGARA-4-1024x768.jpeg 1024w, https:\/\/diarioprincipios.com\/wp-content\/uploads\/2025\/06\/LA-EMPRESA-PRODUCTOS-CHIQUI-INAUGURO-SU-NUEVA-PLANTA-EN-EL-MINIPARQUE-VERGARA-4-300x225.jpeg 300w, https:\/\/diarioprincipios.com\/wp-content\/uploads\/2025\/06\/LA-EMPRESA-PRODUCTOS-CHIQUI-INAUGURO-SU-NUEVA-PLANTA-EN-EL-MINIPARQUE-VERGARA-4-768x576.jpeg 768w, https:\/\/diarioprincipios.com\/wp-content\/uploads\/2025\/06\/LA-EMPRESA-PRODUCTOS-CHIQUI-INAUGURO-SU-NUEVA-PLANTA-EN-EL-MINIPARQUE-VERGARA-4-1536x1152.jpeg 1536w, https:\/\/diarioprincipios.com\/wp-content\/uploads\/2025\/06\/LA-EMPRESA-PRODUCTOS-CHIQUI-INAUGURO-SU-NUEVA-PLANTA-EN-EL-MINIPARQUE-VERGARA-4.jpeg 1600w\" sizes=\"auto, (max-width: 1024px) 100vw, 1024px\" \/><\/figure>\n\n\n\n<p><br>Productos Chiqui se dedica al procesamiento de vegetales frescos -como cebolla, cebolla de verdeo y papas- con el fin de ofrecer productos listos para usar, generando un ahorro de tiempo y la reducci\u00f3n del desperdicio de alimentos. La firma abastece a empresas de primer nivel de distintos rubros, c\u00f3mo gastron\u00f3micos, hoteler\u00eda y otros.<br>Acompa\u00f1aron en el acto inaugural, adem\u00e1s, integrantes del Gabinete municipal, industriales locales y trabajadores del Miniparque Industrial.<\/p>\n","protected":false},"excerpt":{"rendered":"<p>Con un emotivo acto, la empresa familiar Productos Chiqui inaugur\u00f3 su nueva planta en el Miniparque Industrial Vergara (Av. Vergara y 24). All\u00ed estuvo el intendente municipal, Juan Jos\u00e9 Mussi, quien les dese\u00f3 el mayor de los \u00e9xitos a sus due\u00f1os. Durante la recorrida por las instalaciones, el secretario de Trabajo de la Municipalidad, Juan&#8230;<\/p>\n","protected":false},"author":2,"featured_media":24796,"comment_status":"open","ping_status":"open","sticky":false,"template":"","format":"standard","meta":{"footnotes":""},"categories":[3,18],"tags":[],"class_list":["post-24792","post","type-post","status-publish","format-standard","has-post-thumbnail","hentry","category-berazategui","category-comercio-industria"],"featured_image_src":"https:\/\/diarioprincipios.com\/wp-content\/uploads\/2025\/06\/LA-EMPRESA-PRODUCTOS-CHIQUI-INAUGURO-SU-NUEVA-PLANTA-EN-EL-MINIPARQUE-VERGARA-2-1024x682.jpeg","blog_images":{"medium":"https:\/\/diarioprincipios.com\/wp-content\/uploads\/2025\/06\/LA-EMPRESA-PRODUCTOS-CHIQUI-INAUGURO-SU-NUEVA-PLANTA-EN-EL-MINIPARQUE-VERGARA-2-300x200.jpeg","large":"https:\/\/diarioprincipios.com\/wp-content\/uploads\/2025\/06\/LA-EMPRESA-PRODUCTOS-CHIQUI-INAUGURO-SU-NUEVA-PLANTA-EN-EL-MINIPARQUE-VERGARA-2-1024x682.jpeg"},"ams_acf":[],"yoast_head":"<!-- This site is optimized with the Yoast SEO plugin v27.3 - https:\/\/yoast.com\/product\/yoast-seo-wordpress\/ -->\n<title>La Empresa Productos Chiqui inaugur\u00f3 su nueva Planta en el Mini Parque Vergara - Principios<\/title>\n<meta name=\"robots\" content=\"index, follow, max-snippet:-1, max-image-preview:large, max-video-preview:-1\" \/>\n<link rel=\"canonical\" href=\"https:\/\/diarioprincipios.com\/index.php\/2025\/06\/11\/la-empresa-productos-chiqui-inauguro-su-nueva-planta-en-el-mini-parque-vergara\/\" \/>\n<meta property=\"og:locale\" content=\"es_ES\" \/>\n<meta property=\"og:type\" content=\"article\" \/>\n<meta property=\"og:title\" content=\"La Empresa Productos Chiqui inaugur\u00f3 su nueva Planta en el Mini Parque Vergara - Principios\" \/>\n<meta property=\"og:description\" content=\"Con un emotivo acto, la empresa familiar Productos Chiqui inaugur\u00f3 su nueva planta en el Miniparque Industrial Vergara (Av. Vergara y 24). All\u00ed estuvo el intendente municipal, Juan Jos\u00e9 Mussi, quien les dese\u00f3 el mayor de los \u00e9xitos a sus due\u00f1os. Durante la recorrida por las instalaciones, el secretario de Trabajo de la Municipalidad, Juan...\" \/>\n<meta property=\"og:url\" content=\"https:\/\/diarioprincipios.com\/index.php\/2025\/06\/11\/la-empresa-productos-chiqui-inauguro-su-nueva-planta-en-el-mini-parque-vergara\/\" \/>\n<meta property=\"og:site_name\" content=\"Principios\" \/>\n<meta property=\"article:published_time\" content=\"2025-06-11T14:43:45+00:00\" \/>\n<meta property=\"article:modified_time\" content=\"2025-06-11T14:43:46+00:00\" \/>\n<meta property=\"og:image\" content=\"https:\/\/diarioprincipios.com\/wp-content\/uploads\/2025\/06\/LA-EMPRESA-PRODUCTOS-CHIQUI-INAUGURO-SU-NUEVA-PLANTA-EN-EL-MINIPARQUE-VERGARA-2.jpeg\" \/>\n\t<meta property=\"og:image:width\" content=\"1600\" \/>\n\t<meta property=\"og:image:height\" content=\"1066\" \/>\n\t<meta property=\"og:image:type\" content=\"image\/jpeg\" \/>\n<meta name=\"author\" content=\"Hern\u00e1n L\u00f3pez\" \/>\n<meta name=\"twitter:card\" content=\"summary_large_image\" \/>\n<meta name=\"twitter:label1\" content=\"Escrito por\" \/>\n\t<meta name=\"twitter:data1\" content=\"Hern\u00e1n L\u00f3pez\" \/>\n\t<meta name=\"twitter:label2\" content=\"Tiempo de lectura\" \/>\n\t<meta name=\"twitter:data2\" content=\"3 minutos\" \/>\n<script type=\"application\/ld+json\" class=\"yoast-schema-graph\">{\"@context\":\"https:\\\/\\\/schema.org\",\"@graph\":[{\"@type\":\"Article\",\"@id\":\"https:\\\/\\\/diarioprincipios.com\\\/index.php\\\/2025\\\/06\\\/11\\\/la-empresa-productos-chiqui-inauguro-su-nueva-planta-en-el-mini-parque-vergara\\\/#article\",\"isPartOf\":{\"@id\":\"https:\\\/\\\/diarioprincipios.com\\\/index.php\\\/2025\\\/06\\\/11\\\/la-empresa-productos-chiqui-inauguro-su-nueva-planta-en-el-mini-parque-vergara\\\/\"},\"author\":{\"name\":\"Hern\u00e1n L\u00f3pez\",\"@id\":\"https:\\\/\\\/diarioprincipios.com\\\/#\\\/schema\\\/person\\\/436d5a1fd41a5e250e23ff5a6a7cb080\"},\"headline\":\"La Empresa Productos Chiqui inaugur\u00f3 su nueva Planta en el Mini Parque Vergara\",\"datePublished\":\"2025-06-11T14:43:45+00:00\",\"dateModified\":\"2025-06-11T14:43:46+00:00\",\"mainEntityOfPage\":{\"@id\":\"https:\\\/\\\/diarioprincipios.com\\\/index.php\\\/2025\\\/06\\\/11\\\/la-empresa-productos-chiqui-inauguro-su-nueva-planta-en-el-mini-parque-vergara\\\/\"},\"wordCount\":317,\"commentCount\":0,\"publisher\":{\"@id\":\"https:\\\/\\\/diarioprincipios.com\\\/#organization\"},\"image\":{\"@id\":\"https:\\\/\\\/diarioprincipios.com\\\/index.php\\\/2025\\\/06\\\/11\\\/la-empresa-productos-chiqui-inauguro-su-nueva-planta-en-el-mini-parque-vergara\\\/#primaryimage\"},\"thumbnailUrl\":\"https:\\\/\\\/diarioprincipios.com\\\/wp-content\\\/uploads\\\/2025\\\/06\\\/LA-EMPRESA-PRODUCTOS-CHIQUI-INAUGURO-SU-NUEVA-PLANTA-EN-EL-MINIPARQUE-VERGARA-2.jpeg\",\"articleSection\":[\"Berazategui\",\"Comercio e Industria\"],\"inLanguage\":\"es\",\"potentialAction\":[{\"@type\":\"CommentAction\",\"name\":\"Comment\",\"target\":[\"https:\\\/\\\/diarioprincipios.com\\\/index.php\\\/2025\\\/06\\\/11\\\/la-empresa-productos-chiqui-inauguro-su-nueva-planta-en-el-mini-parque-vergara\\\/#respond\"]}]},{\"@type\":\"WebPage\",\"@id\":\"https:\\\/\\\/diarioprincipios.com\\\/index.php\\\/2025\\\/06\\\/11\\\/la-empresa-productos-chiqui-inauguro-su-nueva-planta-en-el-mini-parque-vergara\\\/\",\"url\":\"https:\\\/\\\/diarioprincipios.com\\\/index.php\\\/2025\\\/06\\\/11\\\/la-empresa-productos-chiqui-inauguro-su-nueva-planta-en-el-mini-parque-vergara\\\/\",\"name\":\"La Empresa Productos Chiqui inaugur\u00f3 su nueva Planta en el Mini Parque Vergara - Principios\",\"isPartOf\":{\"@id\":\"https:\\\/\\\/diarioprincipios.com\\\/#website\"},\"primaryImageOfPage\":{\"@id\":\"https:\\\/\\\/diarioprincipios.com\\\/index.php\\\/2025\\\/06\\\/11\\\/la-empresa-productos-chiqui-inauguro-su-nueva-planta-en-el-mini-parque-vergara\\\/#primaryimage\"},\"image\":{\"@id\":\"https:\\\/\\\/diarioprincipios.com\\\/index.php\\\/2025\\\/06\\\/11\\\/la-empresa-productos-chiqui-inauguro-su-nueva-planta-en-el-mini-parque-vergara\\\/#primaryimage\"},\"thumbnailUrl\":\"https:\\\/\\\/diarioprincipios.com\\\/wp-content\\\/uploads\\\/2025\\\/06\\\/LA-EMPRESA-PRODUCTOS-CHIQUI-INAUGURO-SU-NUEVA-PLANTA-EN-EL-MINIPARQUE-VERGARA-2.jpeg\",\"datePublished\":\"2025-06-11T14:43:45+00:00\",\"dateModified\":\"2025-06-11T14:43:46+00:00\",\"breadcrumb\":{\"@id\":\"https:\\\/\\\/diarioprincipios.com\\\/index.php\\\/2025\\\/06\\\/11\\\/la-empresa-productos-chiqui-inauguro-su-nueva-planta-en-el-mini-parque-vergara\\\/#breadcrumb\"},\"inLanguage\":\"es\",\"potentialAction\":[{\"@type\":\"ReadAction\",\"target\":[\"https:\\\/\\\/diarioprincipios.com\\\/index.php\\\/2025\\\/06\\\/11\\\/la-empresa-productos-chiqui-inauguro-su-nueva-planta-en-el-mini-parque-vergara\\\/\"]}]},{\"@type\":\"ImageObject\",\"inLanguage\":\"es\",\"@id\":\"https:\\\/\\\/diarioprincipios.com\\\/index.php\\\/2025\\\/06\\\/11\\\/la-empresa-productos-chiqui-inauguro-su-nueva-planta-en-el-mini-parque-vergara\\\/#primaryimage\",\"url\":\"https:\\\/\\\/diarioprincipios.com\\\/wp-content\\\/uploads\\\/2025\\\/06\\\/LA-EMPRESA-PRODUCTOS-CHIQUI-INAUGURO-SU-NUEVA-PLANTA-EN-EL-MINIPARQUE-VERGARA-2.jpeg\",\"contentUrl\":\"https:\\\/\\\/diarioprincipios.com\\\/wp-content\\\/uploads\\\/2025\\\/06\\\/LA-EMPRESA-PRODUCTOS-CHIQUI-INAUGURO-SU-NUEVA-PLANTA-EN-EL-MINIPARQUE-VERGARA-2.jpeg\",\"width\":1600,\"height\":1066},{\"@type\":\"BreadcrumbList\",\"@id\":\"https:\\\/\\\/diarioprincipios.com\\\/index.php\\\/2025\\\/06\\\/11\\\/la-empresa-productos-chiqui-inauguro-su-nueva-planta-en-el-mini-parque-vergara\\\/#breadcrumb\",\"itemListElement\":[{\"@type\":\"ListItem\",\"position\":1,\"name\":\"Portada\",\"item\":\"https:\\\/\\\/diarioprincipios.com\\\/\"},{\"@type\":\"ListItem\",\"position\":2,\"name\":\"La Empresa Productos Chiqui inaugur\u00f3 su nueva Planta en el Mini Parque Vergara\"}]},{\"@type\":\"WebSite\",\"@id\":\"https:\\\/\\\/diarioprincipios.com\\\/#website\",\"url\":\"https:\\\/\\\/diarioprincipios.com\\\/\",\"name\":\"Principios\",\"description\":\"Principios Diario\",\"publisher\":{\"@id\":\"https:\\\/\\\/diarioprincipios.com\\\/#organization\"},\"potentialAction\":[{\"@type\":\"SearchAction\",\"target\":{\"@type\":\"EntryPoint\",\"urlTemplate\":\"https:\\\/\\\/diarioprincipios.com\\\/?s={search_term_string}\"},\"query-input\":{\"@type\":\"PropertyValueSpecification\",\"valueRequired\":true,\"valueName\":\"search_term_string\"}}],\"inLanguage\":\"es\"},{\"@type\":\"Organization\",\"@id\":\"https:\\\/\\\/diarioprincipios.com\\\/#organization\",\"name\":\"Principios\",\"url\":\"https:\\\/\\\/diarioprincipios.com\\\/\",\"logo\":{\"@type\":\"ImageObject\",\"inLanguage\":\"es\",\"@id\":\"https:\\\/\\\/diarioprincipios.com\\\/#\\\/schema\\\/logo\\\/image\\\/\",\"url\":\"https:\\\/\\\/diarioprincipios.com\\\/wp-content\\\/uploads\\\/2024\\\/04\\\/cropped-www.diarioprincipios.com_-1.png\",\"contentUrl\":\"https:\\\/\\\/diarioprincipios.com\\\/wp-content\\\/uploads\\\/2024\\\/04\\\/cropped-www.diarioprincipios.com_-1.png\",\"width\":5325,\"height\":1454,\"caption\":\"Principios\"},\"image\":{\"@id\":\"https:\\\/\\\/diarioprincipios.com\\\/#\\\/schema\\\/logo\\\/image\\\/\"}},{\"@type\":\"Person\",\"@id\":\"https:\\\/\\\/diarioprincipios.com\\\/#\\\/schema\\\/person\\\/436d5a1fd41a5e250e23ff5a6a7cb080\",\"name\":\"Hern\u00e1n L\u00f3pez\",\"image\":{\"@type\":\"ImageObject\",\"inLanguage\":\"es\",\"@id\":\"https:\\\/\\\/diarioprincipios.com\\\/wp-content\\\/litespeed\\\/avatar\\\/11ddfe5610ff3bd100522525b2571f48.jpg?ver=1777048341\",\"url\":\"https:\\\/\\\/diarioprincipios.com\\\/wp-content\\\/litespeed\\\/avatar\\\/11ddfe5610ff3bd100522525b2571f48.jpg?ver=1777048341\",\"contentUrl\":\"https:\\\/\\\/diarioprincipios.com\\\/wp-content\\\/litespeed\\\/avatar\\\/11ddfe5610ff3bd100522525b2571f48.jpg?ver=1777048341\",\"caption\":\"Hern\u00e1n L\u00f3pez\"},\"url\":\"https:\\\/\\\/diarioprincipios.com\\\/index.php\\\/author\\\/hernan\\\/\"}]}<\/script>\n<!-- \/ Yoast SEO plugin. -->","yoast_head_json":{"title":"La Empresa Productos Chiqui inaugur\u00f3 su nueva Planta en el Mini Parque Vergara - Principios","robots":{"index":"index","follow":"follow","max-snippet":"max-snippet:-1","max-image-preview":"max-image-preview:large","max-video-preview":"max-video-preview:-1"},"canonical":"https:\/\/diarioprincipios.com\/index.php\/2025\/06\/11\/la-empresa-productos-chiqui-inauguro-su-nueva-planta-en-el-mini-parque-vergara\/","og_locale":"es_ES","og_type":"article","og_title":"La Empresa Productos Chiqui inaugur\u00f3 su nueva Planta en el Mini Parque Vergara - Principios","og_description":"Con un emotivo acto, la empresa familiar Productos Chiqui inaugur\u00f3 su nueva planta en el Miniparque Industrial Vergara (Av. Vergara y 24). All\u00ed estuvo el intendente municipal, Juan Jos\u00e9 Mussi, quien les dese\u00f3 el mayor de los \u00e9xitos a sus due\u00f1os. Durante la recorrida por las instalaciones, el secretario de Trabajo de la Municipalidad, Juan...","og_url":"https:\/\/diarioprincipios.com\/index.php\/2025\/06\/11\/la-empresa-productos-chiqui-inauguro-su-nueva-planta-en-el-mini-parque-vergara\/","og_site_name":"Principios","article_published_time":"2025-06-11T14:43:45+00:00","article_modified_time":"2025-06-11T14:43:46+00:00","og_image":[{"width":1600,"height":1066,"url":"https:\/\/diarioprincipios.com\/wp-content\/uploads\/2025\/06\/LA-EMPRESA-PRODUCTOS-CHIQUI-INAUGURO-SU-NUEVA-PLANTA-EN-EL-MINIPARQUE-VERGARA-2.jpeg","type":"image\/jpeg"}],"author":"Hern\u00e1n L\u00f3pez","twitter_card":"summary_large_image","twitter_misc":{"Escrito por":"Hern\u00e1n L\u00f3pez","Tiempo de lectura":"3 minutos"},"schema":{"@context":"https:\/\/schema.org","@graph":[{"@type":"Article","@id":"https:\/\/diarioprincipios.com\/index.php\/2025\/06\/11\/la-empresa-productos-chiqui-inauguro-su-nueva-planta-en-el-mini-parque-vergara\/#article","isPartOf":{"@id":"https:\/\/diarioprincipios.com\/index.php\/2025\/06\/11\/la-empresa-productos-chiqui-inauguro-su-nueva-planta-en-el-mini-parque-vergara\/"},"author":{"name":"Hern\u00e1n L\u00f3pez","@id":"https:\/\/diarioprincipios.com\/#\/schema\/person\/436d5a1fd41a5e250e23ff5a6a7cb080"},"headline":"La Empresa Productos Chiqui inaugur\u00f3 su nueva Planta en el Mini Parque Vergara","datePublished":"2025-06-11T14:43:45+00:00","dateModified":"2025-06-11T14:43:46+00:00","mainEntityOfPage":{"@id":"https:\/\/diarioprincipios.com\/index.php\/2025\/06\/11\/la-empresa-productos-chiqui-inauguro-su-nueva-planta-en-el-mini-parque-vergara\/"},"wordCount":317,"commentCount":0,"publisher":{"@id":"https:\/\/diarioprincipios.com\/#organization"},"image":{"@id":"https:\/\/diarioprincipios.com\/index.php\/2025\/06\/11\/la-empresa-productos-chiqui-inauguro-su-nueva-planta-en-el-mini-parque-vergara\/#primaryimage"},"thumbnailUrl":"https:\/\/diarioprincipios.com\/wp-content\/uploads\/2025\/06\/LA-EMPRESA-PRODUCTOS-CHIQUI-INAUGURO-SU-NUEVA-PLANTA-EN-EL-MINIPARQUE-VERGARA-2.jpeg","articleSection":["Berazategui","Comercio e Industria"],"inLanguage":"es","potentialAction":[{"@type":"CommentAction","name":"Comment","target":["https:\/\/diarioprincipios.com\/index.php\/2025\/06\/11\/la-empresa-productos-chiqui-inauguro-su-nueva-planta-en-el-mini-parque-vergara\/#respond"]}]},{"@type":"WebPage","@id":"https:\/\/diarioprincipios.com\/index.php\/2025\/06\/11\/la-empresa-productos-chiqui-inauguro-su-nueva-planta-en-el-mini-parque-vergara\/","url":"https:\/\/diarioprincipios.com\/index.php\/2025\/06\/11\/la-empresa-productos-chiqui-inauguro-su-nueva-planta-en-el-mini-parque-vergara\/","name":"La Empresa Productos Chiqui inaugur\u00f3 su nueva Planta en el Mini Parque Vergara - Principios","isPartOf":{"@id":"https:\/\/diarioprincipios.com\/#website"},"primaryImageOfPage":{"@id":"https:\/\/diarioprincipios.com\/index.php\/2025\/06\/11\/la-empresa-productos-chiqui-inauguro-su-nueva-planta-en-el-mini-parque-vergara\/#primaryimage"},"image":{"@id":"https:\/\/diarioprincipios.com\/index.php\/2025\/06\/11\/la-empresa-productos-chiqui-inauguro-su-nueva-planta-en-el-mini-parque-vergara\/#primaryimage"},"thumbnailUrl":"https:\/\/diarioprincipios.com\/wp-content\/uploads\/2025\/06\/LA-EMPRESA-PRODUCTOS-CHIQUI-INAUGURO-SU-NUEVA-PLANTA-EN-EL-MINIPARQUE-VERGARA-2.jpeg","datePublished":"2025-06-11T14:43:45+00:00","dateModified":"2025-06-11T14:43:46+00:00","breadcrumb":{"@id":"https:\/\/diarioprincipios.com\/index.php\/2025\/06\/11\/la-empresa-productos-chiqui-inauguro-su-nueva-planta-en-el-mini-parque-vergara\/#breadcrumb"},"inLanguage":"es","potentialAction":[{"@type":"ReadAction","target":["https:\/\/diarioprincipios.com\/index.php\/2025\/06\/11\/la-empresa-productos-chiqui-inauguro-su-nueva-planta-en-el-mini-parque-vergara\/"]}]},{"@type":"ImageObject","inLanguage":"es","@id":"https:\/\/diarioprincipios.com\/index.php\/2025\/06\/11\/la-empresa-productos-chiqui-inauguro-su-nueva-planta-en-el-mini-parque-vergara\/#primaryimage","url":"https:\/\/diarioprincipios.com\/wp-content\/uploads\/2025\/06\/LA-EMPRESA-PRODUCTOS-CHIQUI-INAUGURO-SU-NUEVA-PLANTA-EN-EL-MINIPARQUE-VERGARA-2.jpeg","contentUrl":"https:\/\/diarioprincipios.com\/wp-content\/uploads\/2025\/06\/LA-EMPRESA-PRODUCTOS-CHIQUI-INAUGURO-SU-NUEVA-PLANTA-EN-EL-MINIPARQUE-VERGARA-2.jpeg","width":1600,"height":1066},{"@type":"BreadcrumbList","@id":"https:\/\/diarioprincipios.com\/index.php\/2025\/06\/11\/la-empresa-productos-chiqui-inauguro-su-nueva-planta-en-el-mini-parque-vergara\/#breadcrumb","itemListElement":[{"@type":"ListItem","position":1,"name":"Portada","item":"https:\/\/diarioprincipios.com\/"},{"@type":"ListItem","position":2,"name":"La Empresa Productos Chiqui inaugur\u00f3 su nueva Planta en el Mini Parque Vergara"}]},{"@type":"WebSite","@id":"https:\/\/diarioprincipios.com\/#website","url":"https:\/\/diarioprincipios.com\/","name":"Principios","description":"Principios Diario","publisher":{"@id":"https:\/\/diarioprincipios.com\/#organization"},"potentialAction":[{"@type":"SearchAction","target":{"@type":"EntryPoint","urlTemplate":"https:\/\/diarioprincipios.com\/?s={search_term_string}"},"query-input":{"@type":"PropertyValueSpecification","valueRequired":true,"valueName":"search_term_string"}}],"inLanguage":"es"},{"@type":"Organization","@id":"https:\/\/diarioprincipios.com\/#organization","name":"Principios","url":"https:\/\/diarioprincipios.com\/","logo":{"@type":"ImageObject","inLanguage":"es","@id":"https:\/\/diarioprincipios.com\/#\/schema\/logo\/image\/","url":"https:\/\/diarioprincipios.com\/wp-content\/uploads\/2024\/04\/cropped-www.diarioprincipios.com_-1.png","contentUrl":"https:\/\/diarioprincipios.com\/wp-content\/uploads\/2024\/04\/cropped-www.diarioprincipios.com_-1.png","width":5325,"height":1454,"caption":"Principios"},"image":{"@id":"https:\/\/diarioprincipios.com\/#\/schema\/logo\/image\/"}},{"@type":"Person","@id":"https:\/\/diarioprincipios.com\/#\/schema\/person\/436d5a1fd41a5e250e23ff5a6a7cb080","name":"Hern\u00e1n L\u00f3pez","image":{"@type":"ImageObject","inLanguage":"es","@id":"https:\/\/diarioprincipios.com\/wp-content\/litespeed\/avatar\/11ddfe5610ff3bd100522525b2571f48.jpg?ver=1777048341","url":"https:\/\/diarioprincipios.com\/wp-content\/litespeed\/avatar\/11ddfe5610ff3bd100522525b2571f48.jpg?ver=1777048341","contentUrl":"https:\/\/diarioprincipios.com\/wp-content\/litespeed\/avatar\/11ddfe5610ff3bd100522525b2571f48.jpg?ver=1777048341","caption":"Hern\u00e1n L\u00f3pez"},"url":"https:\/\/diarioprincipios.com\/index.php\/author\/hernan\/"}]}},"jetpack_featured_media_url":"https:\/\/diarioprincipios.com\/wp-content\/uploads\/2025\/06\/LA-EMPRESA-PRODUCTOS-CHIQUI-INAUGURO-SU-NUEVA-PLANTA-EN-EL-MINIPARQUE-VERGARA-2.jpeg","_links":{"self":[{"href":"https:\/\/diarioprincipios.com\/index.php\/wp-json\/wp\/v2\/posts\/24792","targetHints":{"allow":["GET"]}}],"collection":[{"href":"https:\/\/diarioprincipios.com\/index.php\/wp-json\/wp\/v2\/posts"}],"about":[{"href":"https:\/\/diarioprincipios.com\/index.php\/wp-json\/wp\/v2\/types\/post"}],"author":[{"embeddable":true,"href":"https:\/\/diarioprincipios.com\/index.php\/wp-json\/wp\/v2\/users\/2"}],"replies":[{"embeddable":true,"href":"https:\/\/diarioprincipios.com\/index.php\/wp-json\/wp\/v2\/comments?post=24792"}],"version-history":[{"count":1,"href":"https:\/\/diarioprincipios.com\/index.php\/wp-json\/wp\/v2\/posts\/24792\/revisions"}],"predecessor-version":[{"id":24797,"href":"https:\/\/diarioprincipios.com\/index.php\/wp-json\/wp\/v2\/posts\/24792\/revisions\/24797"}],"wp:featuredmedia":[{"embeddable":true,"href":"https:\/\/diarioprincipios.com\/index.php\/wp-json\/wp\/v2\/media\/24796"}],"wp:attachment":[{"href":"https:\/\/diarioprincipios.com\/index.php\/wp-json\/wp\/v2\/media?parent=24792"}],"wp:term":[{"taxonomy":"category","embeddable":true,"href":"https:\/\/diarioprincipios.com\/index.php\/wp-json\/wp\/v2\/categories?post=24792"},{"taxonomy":"post_tag","embeddable":true,"href":"https:\/\/diarioprincipios.com\/index.php\/wp-json\/wp\/v2\/tags?post=24792"}],"curies":[{"name":"wp","href":"https:\/\/api.w.org\/{rel}","templated":true}]}}