{"id":2478,"date":"2020-06-03T22:45:41","date_gmt":"2020-06-04T01:45:41","guid":{"rendered":"http:\/\/diarioprincipios.com\/?p=2478"},"modified":"2020-06-03T22:45:42","modified_gmt":"2020-06-04T01:45:42","slug":"se-pueden-acercar-residuos-voluminosos-al-centro-de-gestion-sustentable","status":"publish","type":"post","link":"https:\/\/diarioprincipios.com\/index.php\/2020\/06\/03\/se-pueden-acercar-residuos-voluminosos-al-centro-de-gestion-sustentable\/","title":{"rendered":"Se pueden acercar residuos voluminosos al Centro de Gesti\u00f3n Sustentable"},"content":{"rendered":"\n<p><strong>Este espacio ubicado en Av. Padre Mugica (33) y 162, Pl\u00e1tanos Norte, se encuentra abierto durante el aislamiento social, preventivo y obligatorio para que los vecinos que realizan limpieza en sus hogares y necesiten tirar ramas, bolsas con pasto, tierra, escombros, aparatos electr\u00f3nicos, muebles, chatarra, entre otros residuos voluminosos, puedan acercarlos al lugar. La finalidad es disminuir la cantidad de basura que se lleva a CEAMSE y, tambi\u00e9n, eliminar los puntos de arrojo que se generan en la ciudad. Estos elementos no son residuos convencionales y est\u00e1 prohibido dejarlos en los cestos o en la v\u00eda p\u00fablica.<br><\/strong><br>El director de Ambiente y Desarrollo Sustentable de la Municipalidad de Berazategui, Andr\u00e9s Piccinini, subray\u00f3: \u201cEl espacio es 100% municipal y viene de la mano de una serie de medidas que buscan generar en Berazategui una transici\u00f3n hacia una cultura sustentable y una econom\u00eda circular. La idea fundamental es que los vecinos puedan traer sus residuos voluminosos y ac\u00e1 los transformamos en recursos\u201d.<\/p>\n\n\n\n<p>En ese sentido, ampli\u00f3: \u201cAquello que se puede reciclar, se lo hace y se lo reinserta en el circuito econ\u00f3mico, lo mismo con lo que se puede reutilizar. En cambio, lo que no se puede, tiene el destino convencional\u201d.<\/p>\n\n\n\n<p>El encargado del Centro de Gesti\u00f3n Sustentable, Jorge Vega, tambi\u00e9n explic\u00f3: \u201cCuando llega un vecino, lo primero que hacemos es registrarlo y verificamos el material que trae para darle el tratamiento correspondiente\u201d.<\/p>\n\n\n\n<p>Los vecinos pueden acercar sus residuos voluminosos de lunes a s\u00e1bados de 8.00 a 16.00, y los domingos y feriados de 9.00 a 13.00.<\/p>\n\n\n\n<p>El Centro de Gesti\u00f3n Sustentable es una iniciativa de la gesti\u00f3n del ex intendente Juan Patricio Mussi y que, a partir de abril de 2019, comenz\u00f3 a tomar forma con la construcci\u00f3n del espacio en Pl\u00e1tanos Norte.<\/p>\n","protected":false},"excerpt":{"rendered":"<p>Este espacio ubicado en Av. Padre Mugica (33) y 162, Pl\u00e1tanos Norte, se encuentra abierto durante el aislamiento social, preventivo y obligatorio para que los vecinos que realizan limpieza en sus hogares y necesiten tirar ramas, bolsas con pasto, tierra, escombros, aparatos electr\u00f3nicos, muebles, chatarra, entre otros residuos voluminosos, puedan acercarlos al lugar. La finalidad&#8230;<\/p>\n","protected":false},"author":2,"featured_media":2479,"comment_status":"open","ping_status":"open","sticky":false,"template":"","format":"standard","meta":{"footnotes":""},"categories":[3],"tags":[],"class_list":["post-2478","post","type-post","status-publish","format-standard","has-post-thumbnail","hentry","category-berazategui"],"featured_image_src":"https:\/\/diarioprincipios.com\/wp-content\/uploads\/2020\/06\/SE-PUEDEN-ACERCAR-RESIDUOS-VOLUMINOSOS-AL-CENTRO-DE-GESTI\u00d3N-SUSTENTABLE-1024x683.jpg","blog_images":{"medium":"https:\/\/diarioprincipios.com\/wp-content\/uploads\/2020\/06\/SE-PUEDEN-ACERCAR-RESIDUOS-VOLUMINOSOS-AL-CENTRO-DE-GESTI\u00d3N-SUSTENTABLE-300x200.jpg","large":"https:\/\/diarioprincipios.com\/wp-content\/uploads\/2020\/06\/SE-PUEDEN-ACERCAR-RESIDUOS-VOLUMINOSOS-AL-CENTRO-DE-GESTI\u00d3N-SUSTENTABLE-1024x683.jpg"},"ams_acf":[],"yoast_head":"<!-- This site is optimized with the Yoast SEO plugin v27.3 - https:\/\/yoast.com\/product\/yoast-seo-wordpress\/ -->\n<title>Se pueden acercar residuos voluminosos al Centro de Gesti\u00f3n Sustentable - Principios<\/title>\n<meta name=\"robots\" content=\"index, follow, max-snippet:-1, max-image-preview:large, max-video-preview:-1\" \/>\n<link rel=\"canonical\" href=\"https:\/\/diarioprincipios.com\/index.php\/2020\/06\/03\/se-pueden-acercar-residuos-voluminosos-al-centro-de-gestion-sustentable\/\" \/>\n<meta property=\"og:locale\" content=\"es_ES\" \/>\n<meta property=\"og:type\" content=\"article\" \/>\n<meta property=\"og:title\" content=\"Se pueden acercar residuos voluminosos al Centro de Gesti\u00f3n Sustentable - Principios\" \/>\n<meta property=\"og:description\" content=\"Este espacio ubicado en Av. Padre Mugica (33) y 162, Pl\u00e1tanos Norte, se encuentra abierto durante el aislamiento social, preventivo y obligatorio para que los vecinos que realizan limpieza en sus hogares y necesiten tirar ramas, bolsas con pasto, tierra, escombros, aparatos electr\u00f3nicos, muebles, chatarra, entre otros residuos voluminosos, puedan acercarlos al lugar. La finalidad...\" \/>\n<meta property=\"og:url\" content=\"https:\/\/diarioprincipios.com\/index.php\/2020\/06\/03\/se-pueden-acercar-residuos-voluminosos-al-centro-de-gestion-sustentable\/\" \/>\n<meta property=\"og:site_name\" content=\"Principios\" \/>\n<meta property=\"article:published_time\" content=\"2020-06-04T01:45:41+00:00\" \/>\n<meta property=\"article:modified_time\" content=\"2020-06-04T01:45:42+00:00\" \/>\n<meta property=\"og:image\" content=\"https:\/\/diarioprincipios.com\/wp-content\/uploads\/2020\/06\/SE-PUEDEN-ACERCAR-RESIDUOS-VOLUMINOSOS-AL-CENTRO-DE-GESTI\u00d3N-SUSTENTABLE.jpg\" \/>\n\t<meta property=\"og:image:width\" content=\"1920\" \/>\n\t<meta property=\"og:image:height\" content=\"1280\" \/>\n\t<meta property=\"og:image:type\" content=\"image\/jpeg\" \/>\n<meta name=\"author\" content=\"Hern\u00e1n L\u00f3pez\" \/>\n<meta name=\"twitter:card\" content=\"summary_large_image\" \/>\n<meta name=\"twitter:label1\" content=\"Escrito por\" \/>\n\t<meta name=\"twitter:data1\" content=\"Hern\u00e1n L\u00f3pez\" \/>\n\t<meta name=\"twitter:label2\" content=\"Tiempo de lectura\" \/>\n\t<meta name=\"twitter:data2\" content=\"2 minutos\" \/>\n<script type=\"application\/ld+json\" class=\"yoast-schema-graph\">{\"@context\":\"https:\\\/\\\/schema.org\",\"@graph\":[{\"@type\":\"Article\",\"@id\":\"https:\\\/\\\/diarioprincipios.com\\\/index.php\\\/2020\\\/06\\\/03\\\/se-pueden-acercar-residuos-voluminosos-al-centro-de-gestion-sustentable\\\/#article\",\"isPartOf\":{\"@id\":\"https:\\\/\\\/diarioprincipios.com\\\/index.php\\\/2020\\\/06\\\/03\\\/se-pueden-acercar-residuos-voluminosos-al-centro-de-gestion-sustentable\\\/\"},\"author\":{\"name\":\"Hern\u00e1n L\u00f3pez\",\"@id\":\"https:\\\/\\\/diarioprincipios.com\\\/#\\\/schema\\\/person\\\/436d5a1fd41a5e250e23ff5a6a7cb080\"},\"headline\":\"Se pueden acercar residuos voluminosos al Centro de Gesti\u00f3n Sustentable\",\"datePublished\":\"2020-06-04T01:45:41+00:00\",\"dateModified\":\"2020-06-04T01:45:42+00:00\",\"mainEntityOfPage\":{\"@id\":\"https:\\\/\\\/diarioprincipios.com\\\/index.php\\\/2020\\\/06\\\/03\\\/se-pueden-acercar-residuos-voluminosos-al-centro-de-gestion-sustentable\\\/\"},\"wordCount\":311,\"commentCount\":0,\"publisher\":{\"@id\":\"https:\\\/\\\/diarioprincipios.com\\\/#organization\"},\"image\":{\"@id\":\"https:\\\/\\\/diarioprincipios.com\\\/index.php\\\/2020\\\/06\\\/03\\\/se-pueden-acercar-residuos-voluminosos-al-centro-de-gestion-sustentable\\\/#primaryimage\"},\"thumbnailUrl\":\"https:\\\/\\\/diarioprincipios.com\\\/wp-content\\\/uploads\\\/2020\\\/06\\\/SE-PUEDEN-ACERCAR-RESIDUOS-VOLUMINOSOS-AL-CENTRO-DE-GESTI\u00d3N-SUSTENTABLE.jpg\",\"articleSection\":[\"Berazategui\"],\"inLanguage\":\"es\",\"potentialAction\":[{\"@type\":\"CommentAction\",\"name\":\"Comment\",\"target\":[\"https:\\\/\\\/diarioprincipios.com\\\/index.php\\\/2020\\\/06\\\/03\\\/se-pueden-acercar-residuos-voluminosos-al-centro-de-gestion-sustentable\\\/#respond\"]}]},{\"@type\":\"WebPage\",\"@id\":\"https:\\\/\\\/diarioprincipios.com\\\/index.php\\\/2020\\\/06\\\/03\\\/se-pueden-acercar-residuos-voluminosos-al-centro-de-gestion-sustentable\\\/\",\"url\":\"https:\\\/\\\/diarioprincipios.com\\\/index.php\\\/2020\\\/06\\\/03\\\/se-pueden-acercar-residuos-voluminosos-al-centro-de-gestion-sustentable\\\/\",\"name\":\"Se pueden acercar residuos voluminosos al Centro de Gesti\u00f3n Sustentable - Principios\",\"isPartOf\":{\"@id\":\"https:\\\/\\\/diarioprincipios.com\\\/#website\"},\"primaryImageOfPage\":{\"@id\":\"https:\\\/\\\/diarioprincipios.com\\\/index.php\\\/2020\\\/06\\\/03\\\/se-pueden-acercar-residuos-voluminosos-al-centro-de-gestion-sustentable\\\/#primaryimage\"},\"image\":{\"@id\":\"https:\\\/\\\/diarioprincipios.com\\\/index.php\\\/2020\\\/06\\\/03\\\/se-pueden-acercar-residuos-voluminosos-al-centro-de-gestion-sustentable\\\/#primaryimage\"},\"thumbnailUrl\":\"https:\\\/\\\/diarioprincipios.com\\\/wp-content\\\/uploads\\\/2020\\\/06\\\/SE-PUEDEN-ACERCAR-RESIDUOS-VOLUMINOSOS-AL-CENTRO-DE-GESTI\u00d3N-SUSTENTABLE.jpg\",\"datePublished\":\"2020-06-04T01:45:41+00:00\",\"dateModified\":\"2020-06-04T01:45:42+00:00\",\"breadcrumb\":{\"@id\":\"https:\\\/\\\/diarioprincipios.com\\\/index.php\\\/2020\\\/06\\\/03\\\/se-pueden-acercar-residuos-voluminosos-al-centro-de-gestion-sustentable\\\/#breadcrumb\"},\"inLanguage\":\"es\",\"potentialAction\":[{\"@type\":\"ReadAction\",\"target\":[\"https:\\\/\\\/diarioprincipios.com\\\/index.php\\\/2020\\\/06\\\/03\\\/se-pueden-acercar-residuos-voluminosos-al-centro-de-gestion-sustentable\\\/\"]}]},{\"@type\":\"ImageObject\",\"inLanguage\":\"es\",\"@id\":\"https:\\\/\\\/diarioprincipios.com\\\/index.php\\\/2020\\\/06\\\/03\\\/se-pueden-acercar-residuos-voluminosos-al-centro-de-gestion-sustentable\\\/#primaryimage\",\"url\":\"https:\\\/\\\/diarioprincipios.com\\\/wp-content\\\/uploads\\\/2020\\\/06\\\/SE-PUEDEN-ACERCAR-RESIDUOS-VOLUMINOSOS-AL-CENTRO-DE-GESTI\u00d3N-SUSTENTABLE.jpg\",\"contentUrl\":\"https:\\\/\\\/diarioprincipios.com\\\/wp-content\\\/uploads\\\/2020\\\/06\\\/SE-PUEDEN-ACERCAR-RESIDUOS-VOLUMINOSOS-AL-CENTRO-DE-GESTI\u00d3N-SUSTENTABLE.jpg\",\"width\":1920,\"height\":1280},{\"@type\":\"BreadcrumbList\",\"@id\":\"https:\\\/\\\/diarioprincipios.com\\\/index.php\\\/2020\\\/06\\\/03\\\/se-pueden-acercar-residuos-voluminosos-al-centro-de-gestion-sustentable\\\/#breadcrumb\",\"itemListElement\":[{\"@type\":\"ListItem\",\"position\":1,\"name\":\"Portada\",\"item\":\"https:\\\/\\\/diarioprincipios.com\\\/\"},{\"@type\":\"ListItem\",\"position\":2,\"name\":\"Se pueden acercar residuos voluminosos al Centro de Gesti\u00f3n Sustentable\"}]},{\"@type\":\"WebSite\",\"@id\":\"https:\\\/\\\/diarioprincipios.com\\\/#website\",\"url\":\"https:\\\/\\\/diarioprincipios.com\\\/\",\"name\":\"Principios\",\"description\":\"Principios Diario\",\"publisher\":{\"@id\":\"https:\\\/\\\/diarioprincipios.com\\\/#organization\"},\"potentialAction\":[{\"@type\":\"SearchAction\",\"target\":{\"@type\":\"EntryPoint\",\"urlTemplate\":\"https:\\\/\\\/diarioprincipios.com\\\/?s={search_term_string}\"},\"query-input\":{\"@type\":\"PropertyValueSpecification\",\"valueRequired\":true,\"valueName\":\"search_term_string\"}}],\"inLanguage\":\"es\"},{\"@type\":\"Organization\",\"@id\":\"https:\\\/\\\/diarioprincipios.com\\\/#organization\",\"name\":\"Principios\",\"url\":\"https:\\\/\\\/diarioprincipios.com\\\/\",\"logo\":{\"@type\":\"ImageObject\",\"inLanguage\":\"es\",\"@id\":\"https:\\\/\\\/diarioprincipios.com\\\/#\\\/schema\\\/logo\\\/image\\\/\",\"url\":\"https:\\\/\\\/diarioprincipios.com\\\/wp-content\\\/uploads\\\/2024\\\/04\\\/cropped-www.diarioprincipios.com_-1.png\",\"contentUrl\":\"https:\\\/\\\/diarioprincipios.com\\\/wp-content\\\/uploads\\\/2024\\\/04\\\/cropped-www.diarioprincipios.com_-1.png\",\"width\":5325,\"height\":1454,\"caption\":\"Principios\"},\"image\":{\"@id\":\"https:\\\/\\\/diarioprincipios.com\\\/#\\\/schema\\\/logo\\\/image\\\/\"}},{\"@type\":\"Person\",\"@id\":\"https:\\\/\\\/diarioprincipios.com\\\/#\\\/schema\\\/person\\\/436d5a1fd41a5e250e23ff5a6a7cb080\",\"name\":\"Hern\u00e1n L\u00f3pez\",\"image\":{\"@type\":\"ImageObject\",\"inLanguage\":\"es\",\"@id\":\"https:\\\/\\\/diarioprincipios.com\\\/wp-content\\\/litespeed\\\/avatar\\\/11ddfe5610ff3bd100522525b2571f48.jpg?ver=1777653193\",\"url\":\"https:\\\/\\\/diarioprincipios.com\\\/wp-content\\\/litespeed\\\/avatar\\\/11ddfe5610ff3bd100522525b2571f48.jpg?ver=1777653193\",\"contentUrl\":\"https:\\\/\\\/diarioprincipios.com\\\/wp-content\\\/litespeed\\\/avatar\\\/11ddfe5610ff3bd100522525b2571f48.jpg?ver=1777653193\",\"caption\":\"Hern\u00e1n L\u00f3pez\"},\"url\":\"https:\\\/\\\/diarioprincipios.com\\\/index.php\\\/author\\\/hernan\\\/\"}]}<\/script>\n<!-- \/ Yoast SEO plugin. -->","yoast_head_json":{"title":"Se pueden acercar residuos voluminosos al Centro de Gesti\u00f3n Sustentable - Principios","robots":{"index":"index","follow":"follow","max-snippet":"max-snippet:-1","max-image-preview":"max-image-preview:large","max-video-preview":"max-video-preview:-1"},"canonical":"https:\/\/diarioprincipios.com\/index.php\/2020\/06\/03\/se-pueden-acercar-residuos-voluminosos-al-centro-de-gestion-sustentable\/","og_locale":"es_ES","og_type":"article","og_title":"Se pueden acercar residuos voluminosos al Centro de Gesti\u00f3n Sustentable - Principios","og_description":"Este espacio ubicado en Av. Padre Mugica (33) y 162, Pl\u00e1tanos Norte, se encuentra abierto durante el aislamiento social, preventivo y obligatorio para que los vecinos que realizan limpieza en sus hogares y necesiten tirar ramas, bolsas con pasto, tierra, escombros, aparatos electr\u00f3nicos, muebles, chatarra, entre otros residuos voluminosos, puedan acercarlos al lugar. La finalidad...","og_url":"https:\/\/diarioprincipios.com\/index.php\/2020\/06\/03\/se-pueden-acercar-residuos-voluminosos-al-centro-de-gestion-sustentable\/","og_site_name":"Principios","article_published_time":"2020-06-04T01:45:41+00:00","article_modified_time":"2020-06-04T01:45:42+00:00","og_image":[{"width":1920,"height":1280,"url":"https:\/\/diarioprincipios.com\/wp-content\/uploads\/2020\/06\/SE-PUEDEN-ACERCAR-RESIDUOS-VOLUMINOSOS-AL-CENTRO-DE-GESTI\u00d3N-SUSTENTABLE.jpg","type":"image\/jpeg"}],"author":"Hern\u00e1n L\u00f3pez","twitter_card":"summary_large_image","twitter_misc":{"Escrito por":"Hern\u00e1n L\u00f3pez","Tiempo de lectura":"2 minutos"},"schema":{"@context":"https:\/\/schema.org","@graph":[{"@type":"Article","@id":"https:\/\/diarioprincipios.com\/index.php\/2020\/06\/03\/se-pueden-acercar-residuos-voluminosos-al-centro-de-gestion-sustentable\/#article","isPartOf":{"@id":"https:\/\/diarioprincipios.com\/index.php\/2020\/06\/03\/se-pueden-acercar-residuos-voluminosos-al-centro-de-gestion-sustentable\/"},"author":{"name":"Hern\u00e1n L\u00f3pez","@id":"https:\/\/diarioprincipios.com\/#\/schema\/person\/436d5a1fd41a5e250e23ff5a6a7cb080"},"headline":"Se pueden acercar residuos voluminosos al Centro de Gesti\u00f3n Sustentable","datePublished":"2020-06-04T01:45:41+00:00","dateModified":"2020-06-04T01:45:42+00:00","mainEntityOfPage":{"@id":"https:\/\/diarioprincipios.com\/index.php\/2020\/06\/03\/se-pueden-acercar-residuos-voluminosos-al-centro-de-gestion-sustentable\/"},"wordCount":311,"commentCount":0,"publisher":{"@id":"https:\/\/diarioprincipios.com\/#organization"},"image":{"@id":"https:\/\/diarioprincipios.com\/index.php\/2020\/06\/03\/se-pueden-acercar-residuos-voluminosos-al-centro-de-gestion-sustentable\/#primaryimage"},"thumbnailUrl":"https:\/\/diarioprincipios.com\/wp-content\/uploads\/2020\/06\/SE-PUEDEN-ACERCAR-RESIDUOS-VOLUMINOSOS-AL-CENTRO-DE-GESTI\u00d3N-SUSTENTABLE.jpg","articleSection":["Berazategui"],"inLanguage":"es","potentialAction":[{"@type":"CommentAction","name":"Comment","target":["https:\/\/diarioprincipios.com\/index.php\/2020\/06\/03\/se-pueden-acercar-residuos-voluminosos-al-centro-de-gestion-sustentable\/#respond"]}]},{"@type":"WebPage","@id":"https:\/\/diarioprincipios.com\/index.php\/2020\/06\/03\/se-pueden-acercar-residuos-voluminosos-al-centro-de-gestion-sustentable\/","url":"https:\/\/diarioprincipios.com\/index.php\/2020\/06\/03\/se-pueden-acercar-residuos-voluminosos-al-centro-de-gestion-sustentable\/","name":"Se pueden acercar residuos voluminosos al Centro de Gesti\u00f3n Sustentable - Principios","isPartOf":{"@id":"https:\/\/diarioprincipios.com\/#website"},"primaryImageOfPage":{"@id":"https:\/\/diarioprincipios.com\/index.php\/2020\/06\/03\/se-pueden-acercar-residuos-voluminosos-al-centro-de-gestion-sustentable\/#primaryimage"},"image":{"@id":"https:\/\/diarioprincipios.com\/index.php\/2020\/06\/03\/se-pueden-acercar-residuos-voluminosos-al-centro-de-gestion-sustentable\/#primaryimage"},"thumbnailUrl":"https:\/\/diarioprincipios.com\/wp-content\/uploads\/2020\/06\/SE-PUEDEN-ACERCAR-RESIDUOS-VOLUMINOSOS-AL-CENTRO-DE-GESTI\u00d3N-SUSTENTABLE.jpg","datePublished":"2020-06-04T01:45:41+00:00","dateModified":"2020-06-04T01:45:42+00:00","breadcrumb":{"@id":"https:\/\/diarioprincipios.com\/index.php\/2020\/06\/03\/se-pueden-acercar-residuos-voluminosos-al-centro-de-gestion-sustentable\/#breadcrumb"},"inLanguage":"es","potentialAction":[{"@type":"ReadAction","target":["https:\/\/diarioprincipios.com\/index.php\/2020\/06\/03\/se-pueden-acercar-residuos-voluminosos-al-centro-de-gestion-sustentable\/"]}]},{"@type":"ImageObject","inLanguage":"es","@id":"https:\/\/diarioprincipios.com\/index.php\/2020\/06\/03\/se-pueden-acercar-residuos-voluminosos-al-centro-de-gestion-sustentable\/#primaryimage","url":"https:\/\/diarioprincipios.com\/wp-content\/uploads\/2020\/06\/SE-PUEDEN-ACERCAR-RESIDUOS-VOLUMINOSOS-AL-CENTRO-DE-GESTI\u00d3N-SUSTENTABLE.jpg","contentUrl":"https:\/\/diarioprincipios.com\/wp-content\/uploads\/2020\/06\/SE-PUEDEN-ACERCAR-RESIDUOS-VOLUMINOSOS-AL-CENTRO-DE-GESTI\u00d3N-SUSTENTABLE.jpg","width":1920,"height":1280},{"@type":"BreadcrumbList","@id":"https:\/\/diarioprincipios.com\/index.php\/2020\/06\/03\/se-pueden-acercar-residuos-voluminosos-al-centro-de-gestion-sustentable\/#breadcrumb","itemListElement":[{"@type":"ListItem","position":1,"name":"Portada","item":"https:\/\/diarioprincipios.com\/"},{"@type":"ListItem","position":2,"name":"Se pueden acercar residuos voluminosos al Centro de Gesti\u00f3n Sustentable"}]},{"@type":"WebSite","@id":"https:\/\/diarioprincipios.com\/#website","url":"https:\/\/diarioprincipios.com\/","name":"Principios","description":"Principios Diario","publisher":{"@id":"https:\/\/diarioprincipios.com\/#organization"},"potentialAction":[{"@type":"SearchAction","target":{"@type":"EntryPoint","urlTemplate":"https:\/\/diarioprincipios.com\/?s={search_term_string}"},"query-input":{"@type":"PropertyValueSpecification","valueRequired":true,"valueName":"search_term_string"}}],"inLanguage":"es"},{"@type":"Organization","@id":"https:\/\/diarioprincipios.com\/#organization","name":"Principios","url":"https:\/\/diarioprincipios.com\/","logo":{"@type":"ImageObject","inLanguage":"es","@id":"https:\/\/diarioprincipios.com\/#\/schema\/logo\/image\/","url":"https:\/\/diarioprincipios.com\/wp-content\/uploads\/2024\/04\/cropped-www.diarioprincipios.com_-1.png","contentUrl":"https:\/\/diarioprincipios.com\/wp-content\/uploads\/2024\/04\/cropped-www.diarioprincipios.com_-1.png","width":5325,"height":1454,"caption":"Principios"},"image":{"@id":"https:\/\/diarioprincipios.com\/#\/schema\/logo\/image\/"}},{"@type":"Person","@id":"https:\/\/diarioprincipios.com\/#\/schema\/person\/436d5a1fd41a5e250e23ff5a6a7cb080","name":"Hern\u00e1n L\u00f3pez","image":{"@type":"ImageObject","inLanguage":"es","@id":"https:\/\/diarioprincipios.com\/wp-content\/litespeed\/avatar\/11ddfe5610ff3bd100522525b2571f48.jpg?ver=1777653193","url":"https:\/\/diarioprincipios.com\/wp-content\/litespeed\/avatar\/11ddfe5610ff3bd100522525b2571f48.jpg?ver=1777653193","contentUrl":"https:\/\/diarioprincipios.com\/wp-content\/litespeed\/avatar\/11ddfe5610ff3bd100522525b2571f48.jpg?ver=1777653193","caption":"Hern\u00e1n L\u00f3pez"},"url":"https:\/\/diarioprincipios.com\/index.php\/author\/hernan\/"}]}},"jetpack_featured_media_url":"https:\/\/diarioprincipios.com\/wp-content\/uploads\/2020\/06\/SE-PUEDEN-ACERCAR-RESIDUOS-VOLUMINOSOS-AL-CENTRO-DE-GESTI\u00d3N-SUSTENTABLE.jpg","_links":{"self":[{"href":"https:\/\/diarioprincipios.com\/index.php\/wp-json\/wp\/v2\/posts\/2478","targetHints":{"allow":["GET"]}}],"collection":[{"href":"https:\/\/diarioprincipios.com\/index.php\/wp-json\/wp\/v2\/posts"}],"about":[{"href":"https:\/\/diarioprincipios.com\/index.php\/wp-json\/wp\/v2\/types\/post"}],"author":[{"embeddable":true,"href":"https:\/\/diarioprincipios.com\/index.php\/wp-json\/wp\/v2\/users\/2"}],"replies":[{"embeddable":true,"href":"https:\/\/diarioprincipios.com\/index.php\/wp-json\/wp\/v2\/comments?post=2478"}],"version-history":[{"count":1,"href":"https:\/\/diarioprincipios.com\/index.php\/wp-json\/wp\/v2\/posts\/2478\/revisions"}],"predecessor-version":[{"id":2480,"href":"https:\/\/diarioprincipios.com\/index.php\/wp-json\/wp\/v2\/posts\/2478\/revisions\/2480"}],"wp:featuredmedia":[{"embeddable":true,"href":"https:\/\/diarioprincipios.com\/index.php\/wp-json\/wp\/v2\/media\/2479"}],"wp:attachment":[{"href":"https:\/\/diarioprincipios.com\/index.php\/wp-json\/wp\/v2\/media?parent=2478"}],"wp:term":[{"taxonomy":"category","embeddable":true,"href":"https:\/\/diarioprincipios.com\/index.php\/wp-json\/wp\/v2\/categories?post=2478"},{"taxonomy":"post_tag","embeddable":true,"href":"https:\/\/diarioprincipios.com\/index.php\/wp-json\/wp\/v2\/tags?post=2478"}],"curies":[{"name":"wp","href":"https:\/\/api.w.org\/{rel}","templated":true}]}}