{"id":24758,"date":"2025-05-31T20:58:35","date_gmt":"2025-05-31T23:58:35","guid":{"rendered":"https:\/\/diarioprincipios.com\/?p=24758"},"modified":"2025-05-31T20:58:36","modified_gmt":"2025-05-31T23:58:36","slug":"el-encuentro-animal-fue-una-gran-fiesta","status":"publish","type":"post","link":"https:\/\/diarioprincipios.com\/index.php\/2025\/05\/31\/el-encuentro-animal-fue-una-gran-fiesta\/","title":{"rendered":"El Encuentro Animal fue una gran fiesta"},"content":{"rendered":"\n<p><strong>Berazategui celebr\u00f3 el D\u00eda del Animal y el cumplea\u00f1os N\u00b0 12 de la Cl\u00ednica Veterinaria Municipal, la primera del pa\u00eds, con un c\u00e1lido evento del que participaron cientos de vecinos y vecinas con sus animales de compa\u00f1\u00eda. El intendente Juan Jos\u00e9 Mussi tambi\u00e9n se sum\u00f3 a la celebraci\u00f3n.<\/strong><\/p>\n\n\n\n<p>\u201cLos animalitos de compa\u00f1\u00eda son familia; uno les toma mucho cari\u00f1o y ellos corresponden de manera incondicional. As\u00ed lo entendemos en Berazategui, por eso contamos con la primera Cl\u00ednica Veterinaria Municipal del pa\u00eds y llevamos a cabo pol\u00edticas p\u00fablicas para cuidarlos\u201d, expres\u00f3 Mussi.<\/p>\n\n\n\n<figure class=\"wp-block-image size-large\"><img loading=\"lazy\" decoding=\"async\" width=\"1024\" height=\"683\" src=\"https:\/\/diarioprincipios.com\/wp-content\/uploads\/2025\/05\/20250531_Encuentro_Animal_EM_175-1024x683.jpg\" alt=\"\" class=\"wp-image-24759\" srcset=\"https:\/\/diarioprincipios.com\/wp-content\/uploads\/2025\/05\/20250531_Encuentro_Animal_EM_175-1024x683.jpg 1024w, https:\/\/diarioprincipios.com\/wp-content\/uploads\/2025\/05\/20250531_Encuentro_Animal_EM_175-300x200.jpg 300w, https:\/\/diarioprincipios.com\/wp-content\/uploads\/2025\/05\/20250531_Encuentro_Animal_EM_175-768x512.jpg 768w, https:\/\/diarioprincipios.com\/wp-content\/uploads\/2025\/05\/20250531_Encuentro_Animal_EM_175-1536x1024.jpg 1536w, https:\/\/diarioprincipios.com\/wp-content\/uploads\/2025\/05\/20250531_Encuentro_Animal_EM_175-600x400.jpg 600w, https:\/\/diarioprincipios.com\/wp-content\/uploads\/2025\/05\/20250531_Encuentro_Animal_EM_175.jpg 1920w\" sizes=\"auto, (max-width: 1024px) 100vw, 1024px\" \/><\/figure>\n\n\n\n<p>Por su parte, el secretario de Salud P\u00fablica e Higiene municipal, Dr. Pablo Costa, destac\u00f3: \u201cUn estandarte de la salud p\u00fablica de Berazategui es la Cl\u00ednica Veterinaria Municipal, que cumple 12 a\u00f1os, y es un espacio que nuestro Intendente impulsa y cuida. Trabajamos much\u00edsimo por la salud tanto de los vecinos y vecinas, como de los animales\u201d.<\/p>\n\n\n\n<p>Durante el festejo, adem\u00e1s, se reconoci\u00f3 por su trabajo al rescatista de animales berazateguense Fernando Pieroni, quien recibi\u00f3 -de parte del Municipio- un comodato por diez a\u00f1os de un terreno para actividades de su fundaci\u00f3n \u201cPlaneta Vivo\u201d. \u201cQuiero agradecer por cumplirnos el sue\u00f1o -que venimos forjando desde hace mucho tiempo- de crear un Centro de rescate y rehabilitaci\u00f3n de animales silvestres. Eso es lo que vamos a empezar a hacer con el terreno. Agradezco, tambi\u00e9n, el reconocimiento a la lucha que venimos haciendo todos estos a\u00f1os por los animales\u201d, asegur\u00f3 Pieroni.<\/p>\n\n\n\n<figure class=\"wp-block-image size-large\"><img loading=\"lazy\" decoding=\"async\" width=\"1024\" height=\"683\" src=\"https:\/\/diarioprincipios.com\/wp-content\/uploads\/2025\/05\/20250531_Encuentro_Animal_EM_457-1024x683.jpg\" alt=\"\" class=\"wp-image-24760\" srcset=\"https:\/\/diarioprincipios.com\/wp-content\/uploads\/2025\/05\/20250531_Encuentro_Animal_EM_457-1024x683.jpg 1024w, https:\/\/diarioprincipios.com\/wp-content\/uploads\/2025\/05\/20250531_Encuentro_Animal_EM_457-300x200.jpg 300w, https:\/\/diarioprincipios.com\/wp-content\/uploads\/2025\/05\/20250531_Encuentro_Animal_EM_457-768x512.jpg 768w, https:\/\/diarioprincipios.com\/wp-content\/uploads\/2025\/05\/20250531_Encuentro_Animal_EM_457-1536x1024.jpg 1536w, https:\/\/diarioprincipios.com\/wp-content\/uploads\/2025\/05\/20250531_Encuentro_Animal_EM_457-600x400.jpg 600w, https:\/\/diarioprincipios.com\/wp-content\/uploads\/2025\/05\/20250531_Encuentro_Animal_EM_457.jpg 1920w\" sizes=\"auto, (max-width: 1024px) 100vw, 1024px\" \/><\/figure>\n\n\n\n<p>Entre todas las actividades, se realiz\u00f3 una emotiva bendici\u00f3n a animalitos a cargo del Padre Joaqu\u00edn Garc\u00eda -de la Iglesia Santa Mar\u00eda de Hudson-. Adem\u00e1s, hubo sorteos, servicio de vacunaci\u00f3n antirr\u00e1bica gratuita y administraci\u00f3n de antiparasitarios para perros y gatos. Tambi\u00e9n se brindaron charlas con informaci\u00f3n sobre tenencia responsable, recomendaciones para el cuidado de los animales y las prestaciones de la Cl\u00ednica Veterinaria Municipal. La celebraci\u00f3n se dio en el marco de un municipio como Berazategui, que -por decisi\u00f3n de su intendente Juan Jos\u00e9 Mussi- lleva adelante distintas pol\u00edticas p\u00fablicas de cuidado y protecci\u00f3n de los animales.<\/p>\n\n\n\n<p>Asimismo, hubo stands de emprendedores locales con productos para animales; actividades recreativas orientadas a toda la familia y sus animalitos de compa\u00f1\u00eda; y un sector para el estampado de remeras.<\/p>\n\n\n\n<figure class=\"wp-block-image size-large\"><img loading=\"lazy\" decoding=\"async\" width=\"1024\" height=\"683\" src=\"https:\/\/diarioprincipios.com\/wp-content\/uploads\/2025\/05\/20250531_Encuentro_Animal_SR_107-1024x683.jpg\" alt=\"\" class=\"wp-image-24761\" srcset=\"https:\/\/diarioprincipios.com\/wp-content\/uploads\/2025\/05\/20250531_Encuentro_Animal_SR_107-1024x683.jpg 1024w, https:\/\/diarioprincipios.com\/wp-content\/uploads\/2025\/05\/20250531_Encuentro_Animal_SR_107-300x200.jpg 300w, https:\/\/diarioprincipios.com\/wp-content\/uploads\/2025\/05\/20250531_Encuentro_Animal_SR_107-768x512.jpg 768w, https:\/\/diarioprincipios.com\/wp-content\/uploads\/2025\/05\/20250531_Encuentro_Animal_SR_107-1536x1024.jpg 1536w, https:\/\/diarioprincipios.com\/wp-content\/uploads\/2025\/05\/20250531_Encuentro_Animal_SR_107-600x400.jpg 600w, https:\/\/diarioprincipios.com\/wp-content\/uploads\/2025\/05\/20250531_Encuentro_Animal_SR_107.jpg 1920w\" sizes=\"auto, (max-width: 1024px) 100vw, 1024px\" \/><\/figure>\n\n\n\n<p>Una de las vecinas que se acerc\u00f3 al evento, Mayra G\u00f3mez, afirm\u00f3: \u201cEste encuentro me parece una muy buena propuesta porque es una forma de concientizar sobre el cuidado, la adopci\u00f3n y la tenencia responsable. Vine con mi perrita que adopt\u00e9 hace 4 a\u00f1os y es una integrante m\u00e1s de nuestra familia\u201d.<\/p>\n\n\n\n<p><strong>Una ciudad comprometida con la defensa de los derechos de los animales<\/strong><\/p>\n\n\n\n<p>La Municipalidad, a trav\u00e9s de la Secretar\u00eda de Salud P\u00fablica e Higiene, ampl\u00eda permanentemente el alcance de sus pol\u00edticas de protecci\u00f3n y cuidado de los animales. Desde 2013, la Cl\u00ednica Veterinaria Municipal -ubicada en Av. Ranelagh entre Milazzo y 45- est\u00e1 al servicio de los vecinos y vecinas, velando por el bienestar de los animales. Este espacio fomenta la tenencia responsable y brinda un servicio gratuito. Es el primero en el pa\u00eds y, con el tiempo, se convirti\u00f3 en un ejemplo a seguir para otros municipios. Adem\u00e1s, acerca la vacunaci\u00f3n antirr\u00e1bica, desparasitaci\u00f3n y castraci\u00f3n de perros y gatos a los barrios, mediante dos quir\u00f3fanos m\u00f3viles.<\/p>\n\n\n\n<figure class=\"wp-block-image size-large\"><img loading=\"lazy\" decoding=\"async\" width=\"1024\" height=\"683\" src=\"https:\/\/diarioprincipios.com\/wp-content\/uploads\/2025\/05\/20250531_Encuentro_Animal_EM_219-1024x683.jpg\" alt=\"\" class=\"wp-image-24762\" srcset=\"https:\/\/diarioprincipios.com\/wp-content\/uploads\/2025\/05\/20250531_Encuentro_Animal_EM_219-1024x683.jpg 1024w, https:\/\/diarioprincipios.com\/wp-content\/uploads\/2025\/05\/20250531_Encuentro_Animal_EM_219-300x200.jpg 300w, https:\/\/diarioprincipios.com\/wp-content\/uploads\/2025\/05\/20250531_Encuentro_Animal_EM_219-768x512.jpg 768w, https:\/\/diarioprincipios.com\/wp-content\/uploads\/2025\/05\/20250531_Encuentro_Animal_EM_219-1536x1024.jpg 1536w, https:\/\/diarioprincipios.com\/wp-content\/uploads\/2025\/05\/20250531_Encuentro_Animal_EM_219-600x400.jpg 600w, https:\/\/diarioprincipios.com\/wp-content\/uploads\/2025\/05\/20250531_Encuentro_Animal_EM_219.jpg 1920w\" sizes=\"auto, (max-width: 1024px) 100vw, 1024px\" \/><\/figure>\n\n\n\n<p>Asimismo, este distrito es pionero en decirle No a la tracci\u00f3n a sangre, prohibida desde 2019 (Ordenanza Municipal N\u00b0 5694). Gracias a esta normativa, y mediante la constante labor de los y las profesionales de la Veterinaria Municipal, en los \u00faltimos diez a\u00f1os se rescataron y recuperaron m\u00e1s de 100 caballos que sufr\u00edan maltrato y abandono. Berazategui marc\u00f3 un hito a trav\u00e9s de esta iniciativa, y es un ejemplo a seguir para otros municipios e incluso para algunos Gobiernos provinciales.<\/p>\n","protected":false},"excerpt":{"rendered":"<p>Berazategui celebr\u00f3 el D\u00eda del Animal y el cumplea\u00f1os N\u00b0 12 de la Cl\u00ednica Veterinaria Municipal, la primera del pa\u00eds, con un c\u00e1lido evento del que participaron cientos de vecinos y vecinas con sus animales de compa\u00f1\u00eda. El intendente Juan Jos\u00e9 Mussi tambi\u00e9n se sum\u00f3 a la celebraci\u00f3n. \u201cLos animalitos de compa\u00f1\u00eda son familia; uno&#8230;<\/p>\n","protected":false},"author":2,"featured_media":24763,"comment_status":"open","ping_status":"open","sticky":false,"template":"","format":"standard","meta":{"footnotes":""},"categories":[3],"tags":[],"class_list":["post-24758","post","type-post","status-publish","format-standard","has-post-thumbnail","hentry","category-berazategui"],"featured_image_src":"https:\/\/diarioprincipios.com\/wp-content\/uploads\/2025\/05\/20250531_Encuentro_Animal_SR_034-1024x683.jpg","blog_images":{"medium":"https:\/\/diarioprincipios.com\/wp-content\/uploads\/2025\/05\/20250531_Encuentro_Animal_SR_034-300x200.jpg","large":"https:\/\/diarioprincipios.com\/wp-content\/uploads\/2025\/05\/20250531_Encuentro_Animal_SR_034-1024x683.jpg"},"ams_acf":[],"yoast_head":"<!-- This site is optimized with the Yoast SEO plugin v27.3 - https:\/\/yoast.com\/product\/yoast-seo-wordpress\/ -->\n<title>El Encuentro Animal fue una gran fiesta - Principios<\/title>\n<meta name=\"robots\" content=\"index, follow, max-snippet:-1, max-image-preview:large, max-video-preview:-1\" \/>\n<link rel=\"canonical\" href=\"https:\/\/diarioprincipios.com\/index.php\/2025\/05\/31\/el-encuentro-animal-fue-una-gran-fiesta\/\" \/>\n<meta property=\"og:locale\" content=\"es_ES\" \/>\n<meta property=\"og:type\" content=\"article\" \/>\n<meta property=\"og:title\" content=\"El Encuentro Animal fue una gran fiesta - Principios\" \/>\n<meta property=\"og:description\" content=\"Berazategui celebr\u00f3 el D\u00eda del Animal y el cumplea\u00f1os N\u00b0 12 de la Cl\u00ednica Veterinaria Municipal, la primera del pa\u00eds, con un c\u00e1lido evento del que participaron cientos de vecinos y vecinas con sus animales de compa\u00f1\u00eda. El intendente Juan Jos\u00e9 Mussi tambi\u00e9n se sum\u00f3 a la celebraci\u00f3n. \u201cLos animalitos de compa\u00f1\u00eda son familia; uno...\" \/>\n<meta property=\"og:url\" content=\"https:\/\/diarioprincipios.com\/index.php\/2025\/05\/31\/el-encuentro-animal-fue-una-gran-fiesta\/\" \/>\n<meta property=\"og:site_name\" content=\"Principios\" \/>\n<meta property=\"article:published_time\" content=\"2025-05-31T23:58:35+00:00\" \/>\n<meta property=\"article:modified_time\" content=\"2025-05-31T23:58:36+00:00\" \/>\n<meta property=\"og:image\" content=\"https:\/\/diarioprincipios.com\/wp-content\/uploads\/2025\/05\/20250531_Encuentro_Animal_SR_034.jpg\" \/>\n\t<meta property=\"og:image:width\" content=\"1920\" \/>\n\t<meta property=\"og:image:height\" content=\"1280\" \/>\n\t<meta property=\"og:image:type\" content=\"image\/jpeg\" \/>\n<meta name=\"author\" content=\"Hern\u00e1n L\u00f3pez\" \/>\n<meta name=\"twitter:card\" content=\"summary_large_image\" \/>\n<meta name=\"twitter:label1\" content=\"Escrito por\" \/>\n\t<meta name=\"twitter:data1\" content=\"Hern\u00e1n L\u00f3pez\" \/>\n\t<meta name=\"twitter:label2\" content=\"Tiempo de lectura\" \/>\n\t<meta name=\"twitter:data2\" content=\"4 minutos\" \/>\n<script type=\"application\/ld+json\" class=\"yoast-schema-graph\">{\"@context\":\"https:\\\/\\\/schema.org\",\"@graph\":[{\"@type\":\"Article\",\"@id\":\"https:\\\/\\\/diarioprincipios.com\\\/index.php\\\/2025\\\/05\\\/31\\\/el-encuentro-animal-fue-una-gran-fiesta\\\/#article\",\"isPartOf\":{\"@id\":\"https:\\\/\\\/diarioprincipios.com\\\/index.php\\\/2025\\\/05\\\/31\\\/el-encuentro-animal-fue-una-gran-fiesta\\\/\"},\"author\":{\"name\":\"Hern\u00e1n L\u00f3pez\",\"@id\":\"https:\\\/\\\/diarioprincipios.com\\\/#\\\/schema\\\/person\\\/436d5a1fd41a5e250e23ff5a6a7cb080\"},\"headline\":\"El Encuentro Animal fue una gran fiesta\",\"datePublished\":\"2025-05-31T23:58:35+00:00\",\"dateModified\":\"2025-05-31T23:58:36+00:00\",\"mainEntityOfPage\":{\"@id\":\"https:\\\/\\\/diarioprincipios.com\\\/index.php\\\/2025\\\/05\\\/31\\\/el-encuentro-animal-fue-una-gran-fiesta\\\/\"},\"wordCount\":682,\"commentCount\":0,\"publisher\":{\"@id\":\"https:\\\/\\\/diarioprincipios.com\\\/#organization\"},\"image\":{\"@id\":\"https:\\\/\\\/diarioprincipios.com\\\/index.php\\\/2025\\\/05\\\/31\\\/el-encuentro-animal-fue-una-gran-fiesta\\\/#primaryimage\"},\"thumbnailUrl\":\"https:\\\/\\\/diarioprincipios.com\\\/wp-content\\\/uploads\\\/2025\\\/05\\\/20250531_Encuentro_Animal_SR_034.jpg\",\"articleSection\":[\"Berazategui\"],\"inLanguage\":\"es\",\"potentialAction\":[{\"@type\":\"CommentAction\",\"name\":\"Comment\",\"target\":[\"https:\\\/\\\/diarioprincipios.com\\\/index.php\\\/2025\\\/05\\\/31\\\/el-encuentro-animal-fue-una-gran-fiesta\\\/#respond\"]}]},{\"@type\":\"WebPage\",\"@id\":\"https:\\\/\\\/diarioprincipios.com\\\/index.php\\\/2025\\\/05\\\/31\\\/el-encuentro-animal-fue-una-gran-fiesta\\\/\",\"url\":\"https:\\\/\\\/diarioprincipios.com\\\/index.php\\\/2025\\\/05\\\/31\\\/el-encuentro-animal-fue-una-gran-fiesta\\\/\",\"name\":\"El Encuentro Animal fue una gran fiesta - Principios\",\"isPartOf\":{\"@id\":\"https:\\\/\\\/diarioprincipios.com\\\/#website\"},\"primaryImageOfPage\":{\"@id\":\"https:\\\/\\\/diarioprincipios.com\\\/index.php\\\/2025\\\/05\\\/31\\\/el-encuentro-animal-fue-una-gran-fiesta\\\/#primaryimage\"},\"image\":{\"@id\":\"https:\\\/\\\/diarioprincipios.com\\\/index.php\\\/2025\\\/05\\\/31\\\/el-encuentro-animal-fue-una-gran-fiesta\\\/#primaryimage\"},\"thumbnailUrl\":\"https:\\\/\\\/diarioprincipios.com\\\/wp-content\\\/uploads\\\/2025\\\/05\\\/20250531_Encuentro_Animal_SR_034.jpg\",\"datePublished\":\"2025-05-31T23:58:35+00:00\",\"dateModified\":\"2025-05-31T23:58:36+00:00\",\"breadcrumb\":{\"@id\":\"https:\\\/\\\/diarioprincipios.com\\\/index.php\\\/2025\\\/05\\\/31\\\/el-encuentro-animal-fue-una-gran-fiesta\\\/#breadcrumb\"},\"inLanguage\":\"es\",\"potentialAction\":[{\"@type\":\"ReadAction\",\"target\":[\"https:\\\/\\\/diarioprincipios.com\\\/index.php\\\/2025\\\/05\\\/31\\\/el-encuentro-animal-fue-una-gran-fiesta\\\/\"]}]},{\"@type\":\"ImageObject\",\"inLanguage\":\"es\",\"@id\":\"https:\\\/\\\/diarioprincipios.com\\\/index.php\\\/2025\\\/05\\\/31\\\/el-encuentro-animal-fue-una-gran-fiesta\\\/#primaryimage\",\"url\":\"https:\\\/\\\/diarioprincipios.com\\\/wp-content\\\/uploads\\\/2025\\\/05\\\/20250531_Encuentro_Animal_SR_034.jpg\",\"contentUrl\":\"https:\\\/\\\/diarioprincipios.com\\\/wp-content\\\/uploads\\\/2025\\\/05\\\/20250531_Encuentro_Animal_SR_034.jpg\",\"width\":1920,\"height\":1280},{\"@type\":\"BreadcrumbList\",\"@id\":\"https:\\\/\\\/diarioprincipios.com\\\/index.php\\\/2025\\\/05\\\/31\\\/el-encuentro-animal-fue-una-gran-fiesta\\\/#breadcrumb\",\"itemListElement\":[{\"@type\":\"ListItem\",\"position\":1,\"name\":\"Portada\",\"item\":\"https:\\\/\\\/diarioprincipios.com\\\/\"},{\"@type\":\"ListItem\",\"position\":2,\"name\":\"El Encuentro Animal fue una gran fiesta\"}]},{\"@type\":\"WebSite\",\"@id\":\"https:\\\/\\\/diarioprincipios.com\\\/#website\",\"url\":\"https:\\\/\\\/diarioprincipios.com\\\/\",\"name\":\"Principios\",\"description\":\"Principios Diario\",\"publisher\":{\"@id\":\"https:\\\/\\\/diarioprincipios.com\\\/#organization\"},\"potentialAction\":[{\"@type\":\"SearchAction\",\"target\":{\"@type\":\"EntryPoint\",\"urlTemplate\":\"https:\\\/\\\/diarioprincipios.com\\\/?s={search_term_string}\"},\"query-input\":{\"@type\":\"PropertyValueSpecification\",\"valueRequired\":true,\"valueName\":\"search_term_string\"}}],\"inLanguage\":\"es\"},{\"@type\":\"Organization\",\"@id\":\"https:\\\/\\\/diarioprincipios.com\\\/#organization\",\"name\":\"Principios\",\"url\":\"https:\\\/\\\/diarioprincipios.com\\\/\",\"logo\":{\"@type\":\"ImageObject\",\"inLanguage\":\"es\",\"@id\":\"https:\\\/\\\/diarioprincipios.com\\\/#\\\/schema\\\/logo\\\/image\\\/\",\"url\":\"https:\\\/\\\/diarioprincipios.com\\\/wp-content\\\/uploads\\\/2024\\\/04\\\/cropped-www.diarioprincipios.com_-1.png\",\"contentUrl\":\"https:\\\/\\\/diarioprincipios.com\\\/wp-content\\\/uploads\\\/2024\\\/04\\\/cropped-www.diarioprincipios.com_-1.png\",\"width\":5325,\"height\":1454,\"caption\":\"Principios\"},\"image\":{\"@id\":\"https:\\\/\\\/diarioprincipios.com\\\/#\\\/schema\\\/logo\\\/image\\\/\"}},{\"@type\":\"Person\",\"@id\":\"https:\\\/\\\/diarioprincipios.com\\\/#\\\/schema\\\/person\\\/436d5a1fd41a5e250e23ff5a6a7cb080\",\"name\":\"Hern\u00e1n L\u00f3pez\",\"image\":{\"@type\":\"ImageObject\",\"inLanguage\":\"es\",\"@id\":\"https:\\\/\\\/diarioprincipios.com\\\/wp-content\\\/litespeed\\\/avatar\\\/11ddfe5610ff3bd100522525b2571f48.jpg?ver=1777048341\",\"url\":\"https:\\\/\\\/diarioprincipios.com\\\/wp-content\\\/litespeed\\\/avatar\\\/11ddfe5610ff3bd100522525b2571f48.jpg?ver=1777048341\",\"contentUrl\":\"https:\\\/\\\/diarioprincipios.com\\\/wp-content\\\/litespeed\\\/avatar\\\/11ddfe5610ff3bd100522525b2571f48.jpg?ver=1777048341\",\"caption\":\"Hern\u00e1n L\u00f3pez\"},\"url\":\"https:\\\/\\\/diarioprincipios.com\\\/index.php\\\/author\\\/hernan\\\/\"}]}<\/script>\n<!-- \/ Yoast SEO plugin. -->","yoast_head_json":{"title":"El Encuentro Animal fue una gran fiesta - Principios","robots":{"index":"index","follow":"follow","max-snippet":"max-snippet:-1","max-image-preview":"max-image-preview:large","max-video-preview":"max-video-preview:-1"},"canonical":"https:\/\/diarioprincipios.com\/index.php\/2025\/05\/31\/el-encuentro-animal-fue-una-gran-fiesta\/","og_locale":"es_ES","og_type":"article","og_title":"El Encuentro Animal fue una gran fiesta - Principios","og_description":"Berazategui celebr\u00f3 el D\u00eda del Animal y el cumplea\u00f1os N\u00b0 12 de la Cl\u00ednica Veterinaria Municipal, la primera del pa\u00eds, con un c\u00e1lido evento del que participaron cientos de vecinos y vecinas con sus animales de compa\u00f1\u00eda. El intendente Juan Jos\u00e9 Mussi tambi\u00e9n se sum\u00f3 a la celebraci\u00f3n. \u201cLos animalitos de compa\u00f1\u00eda son familia; uno...","og_url":"https:\/\/diarioprincipios.com\/index.php\/2025\/05\/31\/el-encuentro-animal-fue-una-gran-fiesta\/","og_site_name":"Principios","article_published_time":"2025-05-31T23:58:35+00:00","article_modified_time":"2025-05-31T23:58:36+00:00","og_image":[{"width":1920,"height":1280,"url":"https:\/\/diarioprincipios.com\/wp-content\/uploads\/2025\/05\/20250531_Encuentro_Animal_SR_034.jpg","type":"image\/jpeg"}],"author":"Hern\u00e1n L\u00f3pez","twitter_card":"summary_large_image","twitter_misc":{"Escrito por":"Hern\u00e1n L\u00f3pez","Tiempo de lectura":"4 minutos"},"schema":{"@context":"https:\/\/schema.org","@graph":[{"@type":"Article","@id":"https:\/\/diarioprincipios.com\/index.php\/2025\/05\/31\/el-encuentro-animal-fue-una-gran-fiesta\/#article","isPartOf":{"@id":"https:\/\/diarioprincipios.com\/index.php\/2025\/05\/31\/el-encuentro-animal-fue-una-gran-fiesta\/"},"author":{"name":"Hern\u00e1n L\u00f3pez","@id":"https:\/\/diarioprincipios.com\/#\/schema\/person\/436d5a1fd41a5e250e23ff5a6a7cb080"},"headline":"El Encuentro Animal fue una gran fiesta","datePublished":"2025-05-31T23:58:35+00:00","dateModified":"2025-05-31T23:58:36+00:00","mainEntityOfPage":{"@id":"https:\/\/diarioprincipios.com\/index.php\/2025\/05\/31\/el-encuentro-animal-fue-una-gran-fiesta\/"},"wordCount":682,"commentCount":0,"publisher":{"@id":"https:\/\/diarioprincipios.com\/#organization"},"image":{"@id":"https:\/\/diarioprincipios.com\/index.php\/2025\/05\/31\/el-encuentro-animal-fue-una-gran-fiesta\/#primaryimage"},"thumbnailUrl":"https:\/\/diarioprincipios.com\/wp-content\/uploads\/2025\/05\/20250531_Encuentro_Animal_SR_034.jpg","articleSection":["Berazategui"],"inLanguage":"es","potentialAction":[{"@type":"CommentAction","name":"Comment","target":["https:\/\/diarioprincipios.com\/index.php\/2025\/05\/31\/el-encuentro-animal-fue-una-gran-fiesta\/#respond"]}]},{"@type":"WebPage","@id":"https:\/\/diarioprincipios.com\/index.php\/2025\/05\/31\/el-encuentro-animal-fue-una-gran-fiesta\/","url":"https:\/\/diarioprincipios.com\/index.php\/2025\/05\/31\/el-encuentro-animal-fue-una-gran-fiesta\/","name":"El Encuentro Animal fue una gran fiesta - Principios","isPartOf":{"@id":"https:\/\/diarioprincipios.com\/#website"},"primaryImageOfPage":{"@id":"https:\/\/diarioprincipios.com\/index.php\/2025\/05\/31\/el-encuentro-animal-fue-una-gran-fiesta\/#primaryimage"},"image":{"@id":"https:\/\/diarioprincipios.com\/index.php\/2025\/05\/31\/el-encuentro-animal-fue-una-gran-fiesta\/#primaryimage"},"thumbnailUrl":"https:\/\/diarioprincipios.com\/wp-content\/uploads\/2025\/05\/20250531_Encuentro_Animal_SR_034.jpg","datePublished":"2025-05-31T23:58:35+00:00","dateModified":"2025-05-31T23:58:36+00:00","breadcrumb":{"@id":"https:\/\/diarioprincipios.com\/index.php\/2025\/05\/31\/el-encuentro-animal-fue-una-gran-fiesta\/#breadcrumb"},"inLanguage":"es","potentialAction":[{"@type":"ReadAction","target":["https:\/\/diarioprincipios.com\/index.php\/2025\/05\/31\/el-encuentro-animal-fue-una-gran-fiesta\/"]}]},{"@type":"ImageObject","inLanguage":"es","@id":"https:\/\/diarioprincipios.com\/index.php\/2025\/05\/31\/el-encuentro-animal-fue-una-gran-fiesta\/#primaryimage","url":"https:\/\/diarioprincipios.com\/wp-content\/uploads\/2025\/05\/20250531_Encuentro_Animal_SR_034.jpg","contentUrl":"https:\/\/diarioprincipios.com\/wp-content\/uploads\/2025\/05\/20250531_Encuentro_Animal_SR_034.jpg","width":1920,"height":1280},{"@type":"BreadcrumbList","@id":"https:\/\/diarioprincipios.com\/index.php\/2025\/05\/31\/el-encuentro-animal-fue-una-gran-fiesta\/#breadcrumb","itemListElement":[{"@type":"ListItem","position":1,"name":"Portada","item":"https:\/\/diarioprincipios.com\/"},{"@type":"ListItem","position":2,"name":"El Encuentro Animal fue una gran fiesta"}]},{"@type":"WebSite","@id":"https:\/\/diarioprincipios.com\/#website","url":"https:\/\/diarioprincipios.com\/","name":"Principios","description":"Principios Diario","publisher":{"@id":"https:\/\/diarioprincipios.com\/#organization"},"potentialAction":[{"@type":"SearchAction","target":{"@type":"EntryPoint","urlTemplate":"https:\/\/diarioprincipios.com\/?s={search_term_string}"},"query-input":{"@type":"PropertyValueSpecification","valueRequired":true,"valueName":"search_term_string"}}],"inLanguage":"es"},{"@type":"Organization","@id":"https:\/\/diarioprincipios.com\/#organization","name":"Principios","url":"https:\/\/diarioprincipios.com\/","logo":{"@type":"ImageObject","inLanguage":"es","@id":"https:\/\/diarioprincipios.com\/#\/schema\/logo\/image\/","url":"https:\/\/diarioprincipios.com\/wp-content\/uploads\/2024\/04\/cropped-www.diarioprincipios.com_-1.png","contentUrl":"https:\/\/diarioprincipios.com\/wp-content\/uploads\/2024\/04\/cropped-www.diarioprincipios.com_-1.png","width":5325,"height":1454,"caption":"Principios"},"image":{"@id":"https:\/\/diarioprincipios.com\/#\/schema\/logo\/image\/"}},{"@type":"Person","@id":"https:\/\/diarioprincipios.com\/#\/schema\/person\/436d5a1fd41a5e250e23ff5a6a7cb080","name":"Hern\u00e1n L\u00f3pez","image":{"@type":"ImageObject","inLanguage":"es","@id":"https:\/\/diarioprincipios.com\/wp-content\/litespeed\/avatar\/11ddfe5610ff3bd100522525b2571f48.jpg?ver=1777048341","url":"https:\/\/diarioprincipios.com\/wp-content\/litespeed\/avatar\/11ddfe5610ff3bd100522525b2571f48.jpg?ver=1777048341","contentUrl":"https:\/\/diarioprincipios.com\/wp-content\/litespeed\/avatar\/11ddfe5610ff3bd100522525b2571f48.jpg?ver=1777048341","caption":"Hern\u00e1n L\u00f3pez"},"url":"https:\/\/diarioprincipios.com\/index.php\/author\/hernan\/"}]}},"jetpack_featured_media_url":"https:\/\/diarioprincipios.com\/wp-content\/uploads\/2025\/05\/20250531_Encuentro_Animal_SR_034.jpg","_links":{"self":[{"href":"https:\/\/diarioprincipios.com\/index.php\/wp-json\/wp\/v2\/posts\/24758","targetHints":{"allow":["GET"]}}],"collection":[{"href":"https:\/\/diarioprincipios.com\/index.php\/wp-json\/wp\/v2\/posts"}],"about":[{"href":"https:\/\/diarioprincipios.com\/index.php\/wp-json\/wp\/v2\/types\/post"}],"author":[{"embeddable":true,"href":"https:\/\/diarioprincipios.com\/index.php\/wp-json\/wp\/v2\/users\/2"}],"replies":[{"embeddable":true,"href":"https:\/\/diarioprincipios.com\/index.php\/wp-json\/wp\/v2\/comments?post=24758"}],"version-history":[{"count":1,"href":"https:\/\/diarioprincipios.com\/index.php\/wp-json\/wp\/v2\/posts\/24758\/revisions"}],"predecessor-version":[{"id":24764,"href":"https:\/\/diarioprincipios.com\/index.php\/wp-json\/wp\/v2\/posts\/24758\/revisions\/24764"}],"wp:featuredmedia":[{"embeddable":true,"href":"https:\/\/diarioprincipios.com\/index.php\/wp-json\/wp\/v2\/media\/24763"}],"wp:attachment":[{"href":"https:\/\/diarioprincipios.com\/index.php\/wp-json\/wp\/v2\/media?parent=24758"}],"wp:term":[{"taxonomy":"category","embeddable":true,"href":"https:\/\/diarioprincipios.com\/index.php\/wp-json\/wp\/v2\/categories?post=24758"},{"taxonomy":"post_tag","embeddable":true,"href":"https:\/\/diarioprincipios.com\/index.php\/wp-json\/wp\/v2\/tags?post=24758"}],"curies":[{"name":"wp","href":"https:\/\/api.w.org\/{rel}","templated":true}]}}