{"id":2475,"date":"2020-06-03T22:02:29","date_gmt":"2020-06-04T01:02:29","guid":{"rendered":"http:\/\/diarioprincipios.com\/?p=2475"},"modified":"2020-06-03T22:02:31","modified_gmt":"2020-06-04T01:02:31","slug":"para-atender-las-necesidades-de-los-sectores-productivos-de-la-zona-banco-provincia-realizara-un-consejo-consultivo-con-eje-en-el-sur-del-conurbano","status":"publish","type":"post","link":"https:\/\/diarioprincipios.com\/index.php\/2020\/06\/03\/para-atender-las-necesidades-de-los-sectores-productivos-de-la-zona-banco-provincia-realizara-un-consejo-consultivo-con-eje-en-el-sur-del-conurbano\/","title":{"rendered":"Para atender las necesidades de los sectores productivos de la zona Banco Provincia realizar\u00e1 un Consejo Consultivo con eje en el Sur del Conurbano"},"content":{"rendered":"\n<p><strong>Banco Provincia realizar\u00e1 sus pr\u00f3ximos dos encuentros de Consejos Consultivos Regionales con representantes de la industria, el comercio y los servicios de la zona sur del Conurbano. Las reuniones ser\u00e1n&nbsp;el jueves 4 y el martes 9 de junio y estar\u00e1n encabezadas por autoridades de la entidad financiera.&nbsp; Participar\u00e1n referentes de las principales c\u00e1maras de la regi\u00f3n, funcionarios provinciales y municipales de los partidos de Almirante Brown, Avellaneda, Berazategui, Esteban Echeverr\u00eda, Ezeiza, Florencio Varela, Lan\u00fas, Lomas de Zamora, Presidente Per\u00f3n y Quilmes.<\/strong><\/p>\n\n\n\n<p>El sector productivo local estar\u00e1 representado por autoridades de la Confederaci\u00f3n Econ\u00f3mica de la Provincia de Buenos Aires (CEPBA), Comercios y Servicios de la Provincia de Buenos Aires (FEBACyS), y la C\u00e1mara de Empresarios Bonaerenses para el Fortalecimiento de las Cadenas de Valor (FOCAVA). Por parte de los municipios participar\u00e1n secretarios y subsecretarios de Producci\u00f3n de los 10 distritos que integran la zona.&nbsp; Tambi\u00e9n habr\u00e1 funcionarios del Grupo Provincia<strong>&nbsp;<\/strong>y representantes de las universidades de Avellaneda, Ezeiza, Florencio Varela, Lan\u00fas, Lomas de Zamora y Quilmes.<strong><\/strong><\/p>\n\n\n\n<p>&nbsp;\u201cLos Consejos Consultivos son una tradici\u00f3n del Banco que decidimos retomar porque creemos que son una herramienta fundamental para construir un di\u00e1logo fluido y pensar en conjunto pol\u00edticas p\u00fablicas que tengan sentido para todos\u201d, afirm\u00f3 Juan Cuattromo, presidente de la banca p\u00fablica bonaerense. Y agreg\u00f3: \u201cUno de los ejes program\u00e1ticos de la gesti\u00f3n del Gobernador Kicillof es orientar el financiamiento hacia el sector &nbsp;productivo. Hoy ese objetivo se combina con las necesidades m\u00e1s urgentes que nos impone la pandemia de Covid-19\u201d.<\/p>\n\n\n\n<p>Cuattromo destac\u00f3 que \u201ca trav\u00e9s de las l\u00edneas del programa RePyme y del financiamiento especial lanzado durante la emergencia sanitaria,&nbsp;desde febrero Banco Provincia asisti\u00f3&nbsp;a m\u00e1s 7.500 Pymes por un total de 26 mil millones de pesos, con tasas especiales que rondan el 24% anual.\u201d<\/p>\n\n\n\n<p>Debido a los cuidados que exige el Coronavirus las reuniones se est\u00e1n realizando por videoconferencia.&nbsp;Desde el inicio del ciclo, el martes 12 de mayo, se realizaron seis reuniones con sectores productivos de distintas zonas de la Provincia de Buenos Aires.<\/p>\n\n\n\n<p>Los Consejos Consultivos Regionales est\u00e1n destinados a promover el desarrollo econ\u00f3mico bonaerense a trav\u00e9s de mesas de trabajo multisectoriales con la participaci\u00f3n de autoridades provinciales, municipales, educativas, representantes de las principales c\u00e1maras econ\u00f3micas, funcionarios de Banco Provincia y Grupo Provincia.<\/p>\n\n\n\n<p>Cada reuni\u00f3n tiene su propio eje tem\u00e1tico de acuerdo a las particularidades de cada regi\u00f3n y a sus actividades econ\u00f3micas m\u00e1s importantes, con el objetivo es encontrar soluciones concretas a las necesidades espec\u00edficas de cada sector. Los pr\u00f3ximos encuentros ser\u00e1n con representantes de las regiones de Pehuaj\u00f3, Bah\u00eda Blanca, Campana, Chivilcoy, La Plata, Mar del Plata y Tandil.&nbsp;<\/p>\n\n\n\n<p><strong>Algunos datos de la regi\u00f3n:<\/strong><\/p>\n\n\n\n<p>\u00b7&nbsp;&nbsp;&nbsp;&nbsp;&nbsp;&nbsp;&nbsp;&nbsp;&nbsp;Almirante Brown, Avellaneda, Berazategui, Esteban Echeverr\u00eda, Ezeiza, Florencio Varela, Lan\u00fas, Lomas de Zamora, Presidente Per\u00f3n y Quilmes&nbsp;alcanzaban en 2010 una poblaci\u00f3n estimada en 3,8 millones de habitantes. Se prev\u00e9 que en 2020 rondar\u00e1n los 4,3 millones, y en 2025 la regi\u00f3n tendr\u00e1 aproximadamente 4,5 millones de habitantes.<\/p>\n\n\n\n<p>\u00b7&nbsp;&nbsp;&nbsp;&nbsp;&nbsp;&nbsp;&nbsp;&nbsp;&nbsp;Es una zona de naturaleza industrial. Este sector representa aproximadamente el 30% de su producto bruto geogr\u00e1fico (PBG).<\/p>\n\n\n\n<p>\u00b7&nbsp;&nbsp;&nbsp;&nbsp;&nbsp;&nbsp;&nbsp;&nbsp;&nbsp;Las actividades de servicios inmobiliarios, empresarios y de alquiler le siguen a la industria (16% del total); luego aparece el comercio (16%).<\/p>\n\n\n\n<p>\u00b7&nbsp;&nbsp;&nbsp;&nbsp;&nbsp;&nbsp;&nbsp;&nbsp;&nbsp;Las&nbsp; micro, peque\u00f1as y medianas empresas (MiPyMES) se encuentran localizadas en mayor medida en Quilmes, Lomas de Zamora, Avellaneda y Lan\u00fas. M\u00e1s de un 70% del total est\u00e1n radicadas en estos cuatro Partidos.<\/p>\n\n\n\n<p>\u00b7&nbsp;&nbsp;&nbsp;&nbsp;&nbsp;&nbsp;&nbsp;&nbsp;&nbsp;Banco Provincia se encuentra presente de forma exclusiva en cuatro localidades.<\/p>\n","protected":false},"excerpt":{"rendered":"<p>Banco Provincia realizar\u00e1 sus pr\u00f3ximos dos encuentros de Consejos Consultivos Regionales con representantes de la industria, el comercio y los servicios de la zona sur del Conurbano. Las reuniones ser\u00e1n&nbsp;el jueves 4 y el martes 9 de junio y estar\u00e1n encabezadas por autoridades de la entidad financiera.&nbsp; Participar\u00e1n referentes de las principales c\u00e1maras de la&#8230;<\/p>\n","protected":false},"author":2,"featured_media":2476,"comment_status":"open","ping_status":"open","sticky":false,"template":"","format":"standard","meta":{"footnotes":""},"categories":[7],"tags":[],"class_list":["post-2475","post","type-post","status-publish","format-standard","has-post-thumbnail","hentry","category-provincia"],"featured_image_src":"https:\/\/diarioprincipios.com\/wp-content\/uploads\/2020\/06\/Juan-Cuattromo-presidente-de-Banco-Provincia-1024x683.jpg","blog_images":{"medium":"https:\/\/diarioprincipios.com\/wp-content\/uploads\/2020\/06\/Juan-Cuattromo-presidente-de-Banco-Provincia-300x200.jpg","large":"https:\/\/diarioprincipios.com\/wp-content\/uploads\/2020\/06\/Juan-Cuattromo-presidente-de-Banco-Provincia-1024x683.jpg"},"ams_acf":[],"yoast_head":"<!-- This site is optimized with the Yoast SEO plugin v27.3 - https:\/\/yoast.com\/product\/yoast-seo-wordpress\/ -->\n<title>Para atender las necesidades de los sectores productivos de la zona Banco Provincia realizar\u00e1 un Consejo Consultivo con eje en el Sur del Conurbano - Principios<\/title>\n<meta name=\"robots\" content=\"index, follow, max-snippet:-1, max-image-preview:large, max-video-preview:-1\" \/>\n<link rel=\"canonical\" href=\"https:\/\/diarioprincipios.com\/index.php\/2020\/06\/03\/para-atender-las-necesidades-de-los-sectores-productivos-de-la-zona-banco-provincia-realizara-un-consejo-consultivo-con-eje-en-el-sur-del-conurbano\/\" \/>\n<meta property=\"og:locale\" content=\"es_ES\" \/>\n<meta property=\"og:type\" content=\"article\" \/>\n<meta property=\"og:title\" content=\"Para atender las necesidades de los sectores productivos de la zona Banco Provincia realizar\u00e1 un Consejo Consultivo con eje en el Sur del Conurbano - Principios\" \/>\n<meta property=\"og:description\" content=\"Banco Provincia realizar\u00e1 sus pr\u00f3ximos dos encuentros de Consejos Consultivos Regionales con representantes de la industria, el comercio y los servicios de la zona sur del Conurbano. Las reuniones ser\u00e1n&nbsp;el jueves 4 y el martes 9 de junio y estar\u00e1n encabezadas por autoridades de la entidad financiera.&nbsp; Participar\u00e1n referentes de las principales c\u00e1maras de la...\" \/>\n<meta property=\"og:url\" content=\"https:\/\/diarioprincipios.com\/index.php\/2020\/06\/03\/para-atender-las-necesidades-de-los-sectores-productivos-de-la-zona-banco-provincia-realizara-un-consejo-consultivo-con-eje-en-el-sur-del-conurbano\/\" \/>\n<meta property=\"og:site_name\" content=\"Principios\" \/>\n<meta property=\"article:published_time\" content=\"2020-06-04T01:02:29+00:00\" \/>\n<meta property=\"article:modified_time\" content=\"2020-06-04T01:02:31+00:00\" \/>\n<meta property=\"og:image\" content=\"https:\/\/diarioprincipios.com\/wp-content\/uploads\/2020\/06\/Juan-Cuattromo-presidente-de-Banco-Provincia-scaled.jpg\" \/>\n\t<meta property=\"og:image:width\" content=\"2560\" \/>\n\t<meta property=\"og:image:height\" content=\"1707\" \/>\n\t<meta property=\"og:image:type\" content=\"image\/jpeg\" \/>\n<meta name=\"author\" content=\"Hern\u00e1n L\u00f3pez\" \/>\n<meta name=\"twitter:card\" content=\"summary_large_image\" \/>\n<meta name=\"twitter:label1\" content=\"Escrito por\" \/>\n\t<meta name=\"twitter:data1\" content=\"Hern\u00e1n L\u00f3pez\" \/>\n\t<meta name=\"twitter:label2\" content=\"Tiempo de lectura\" \/>\n\t<meta name=\"twitter:data2\" content=\"3 minutos\" \/>\n<script type=\"application\/ld+json\" class=\"yoast-schema-graph\">{\"@context\":\"https:\\\/\\\/schema.org\",\"@graph\":[{\"@type\":\"Article\",\"@id\":\"https:\\\/\\\/diarioprincipios.com\\\/index.php\\\/2020\\\/06\\\/03\\\/para-atender-las-necesidades-de-los-sectores-productivos-de-la-zona-banco-provincia-realizara-un-consejo-consultivo-con-eje-en-el-sur-del-conurbano\\\/#article\",\"isPartOf\":{\"@id\":\"https:\\\/\\\/diarioprincipios.com\\\/index.php\\\/2020\\\/06\\\/03\\\/para-atender-las-necesidades-de-los-sectores-productivos-de-la-zona-banco-provincia-realizara-un-consejo-consultivo-con-eje-en-el-sur-del-conurbano\\\/\"},\"author\":{\"name\":\"Hern\u00e1n L\u00f3pez\",\"@id\":\"https:\\\/\\\/diarioprincipios.com\\\/#\\\/schema\\\/person\\\/436d5a1fd41a5e250e23ff5a6a7cb080\"},\"headline\":\"Para atender las necesidades de los sectores productivos de la zona Banco Provincia realizar\u00e1 un Consejo Consultivo con eje en el Sur del Conurbano\",\"datePublished\":\"2020-06-04T01:02:29+00:00\",\"dateModified\":\"2020-06-04T01:02:31+00:00\",\"mainEntityOfPage\":{\"@id\":\"https:\\\/\\\/diarioprincipios.com\\\/index.php\\\/2020\\\/06\\\/03\\\/para-atender-las-necesidades-de-los-sectores-productivos-de-la-zona-banco-provincia-realizara-un-consejo-consultivo-con-eje-en-el-sur-del-conurbano\\\/\"},\"wordCount\":689,\"commentCount\":0,\"publisher\":{\"@id\":\"https:\\\/\\\/diarioprincipios.com\\\/#organization\"},\"image\":{\"@id\":\"https:\\\/\\\/diarioprincipios.com\\\/index.php\\\/2020\\\/06\\\/03\\\/para-atender-las-necesidades-de-los-sectores-productivos-de-la-zona-banco-provincia-realizara-un-consejo-consultivo-con-eje-en-el-sur-del-conurbano\\\/#primaryimage\"},\"thumbnailUrl\":\"https:\\\/\\\/diarioprincipios.com\\\/wp-content\\\/uploads\\\/2020\\\/06\\\/Juan-Cuattromo-presidente-de-Banco-Provincia-scaled.jpg\",\"articleSection\":[\"Provincia\"],\"inLanguage\":\"es\",\"potentialAction\":[{\"@type\":\"CommentAction\",\"name\":\"Comment\",\"target\":[\"https:\\\/\\\/diarioprincipios.com\\\/index.php\\\/2020\\\/06\\\/03\\\/para-atender-las-necesidades-de-los-sectores-productivos-de-la-zona-banco-provincia-realizara-un-consejo-consultivo-con-eje-en-el-sur-del-conurbano\\\/#respond\"]}]},{\"@type\":\"WebPage\",\"@id\":\"https:\\\/\\\/diarioprincipios.com\\\/index.php\\\/2020\\\/06\\\/03\\\/para-atender-las-necesidades-de-los-sectores-productivos-de-la-zona-banco-provincia-realizara-un-consejo-consultivo-con-eje-en-el-sur-del-conurbano\\\/\",\"url\":\"https:\\\/\\\/diarioprincipios.com\\\/index.php\\\/2020\\\/06\\\/03\\\/para-atender-las-necesidades-de-los-sectores-productivos-de-la-zona-banco-provincia-realizara-un-consejo-consultivo-con-eje-en-el-sur-del-conurbano\\\/\",\"name\":\"Para atender las necesidades de los sectores productivos de la zona Banco Provincia realizar\u00e1 un Consejo Consultivo con eje en el Sur del Conurbano - Principios\",\"isPartOf\":{\"@id\":\"https:\\\/\\\/diarioprincipios.com\\\/#website\"},\"primaryImageOfPage\":{\"@id\":\"https:\\\/\\\/diarioprincipios.com\\\/index.php\\\/2020\\\/06\\\/03\\\/para-atender-las-necesidades-de-los-sectores-productivos-de-la-zona-banco-provincia-realizara-un-consejo-consultivo-con-eje-en-el-sur-del-conurbano\\\/#primaryimage\"},\"image\":{\"@id\":\"https:\\\/\\\/diarioprincipios.com\\\/index.php\\\/2020\\\/06\\\/03\\\/para-atender-las-necesidades-de-los-sectores-productivos-de-la-zona-banco-provincia-realizara-un-consejo-consultivo-con-eje-en-el-sur-del-conurbano\\\/#primaryimage\"},\"thumbnailUrl\":\"https:\\\/\\\/diarioprincipios.com\\\/wp-content\\\/uploads\\\/2020\\\/06\\\/Juan-Cuattromo-presidente-de-Banco-Provincia-scaled.jpg\",\"datePublished\":\"2020-06-04T01:02:29+00:00\",\"dateModified\":\"2020-06-04T01:02:31+00:00\",\"breadcrumb\":{\"@id\":\"https:\\\/\\\/diarioprincipios.com\\\/index.php\\\/2020\\\/06\\\/03\\\/para-atender-las-necesidades-de-los-sectores-productivos-de-la-zona-banco-provincia-realizara-un-consejo-consultivo-con-eje-en-el-sur-del-conurbano\\\/#breadcrumb\"},\"inLanguage\":\"es\",\"potentialAction\":[{\"@type\":\"ReadAction\",\"target\":[\"https:\\\/\\\/diarioprincipios.com\\\/index.php\\\/2020\\\/06\\\/03\\\/para-atender-las-necesidades-de-los-sectores-productivos-de-la-zona-banco-provincia-realizara-un-consejo-consultivo-con-eje-en-el-sur-del-conurbano\\\/\"]}]},{\"@type\":\"ImageObject\",\"inLanguage\":\"es\",\"@id\":\"https:\\\/\\\/diarioprincipios.com\\\/index.php\\\/2020\\\/06\\\/03\\\/para-atender-las-necesidades-de-los-sectores-productivos-de-la-zona-banco-provincia-realizara-un-consejo-consultivo-con-eje-en-el-sur-del-conurbano\\\/#primaryimage\",\"url\":\"https:\\\/\\\/diarioprincipios.com\\\/wp-content\\\/uploads\\\/2020\\\/06\\\/Juan-Cuattromo-presidente-de-Banco-Provincia-scaled.jpg\",\"contentUrl\":\"https:\\\/\\\/diarioprincipios.com\\\/wp-content\\\/uploads\\\/2020\\\/06\\\/Juan-Cuattromo-presidente-de-Banco-Provincia-scaled.jpg\",\"width\":2560,\"height\":1707},{\"@type\":\"BreadcrumbList\",\"@id\":\"https:\\\/\\\/diarioprincipios.com\\\/index.php\\\/2020\\\/06\\\/03\\\/para-atender-las-necesidades-de-los-sectores-productivos-de-la-zona-banco-provincia-realizara-un-consejo-consultivo-con-eje-en-el-sur-del-conurbano\\\/#breadcrumb\",\"itemListElement\":[{\"@type\":\"ListItem\",\"position\":1,\"name\":\"Portada\",\"item\":\"https:\\\/\\\/diarioprincipios.com\\\/\"},{\"@type\":\"ListItem\",\"position\":2,\"name\":\"Para atender las necesidades de los sectores productivos de la zona Banco Provincia realizar\u00e1 un Consejo Consultivo con eje en el Sur del Conurbano\"}]},{\"@type\":\"WebSite\",\"@id\":\"https:\\\/\\\/diarioprincipios.com\\\/#website\",\"url\":\"https:\\\/\\\/diarioprincipios.com\\\/\",\"name\":\"Principios\",\"description\":\"Principios Diario\",\"publisher\":{\"@id\":\"https:\\\/\\\/diarioprincipios.com\\\/#organization\"},\"potentialAction\":[{\"@type\":\"SearchAction\",\"target\":{\"@type\":\"EntryPoint\",\"urlTemplate\":\"https:\\\/\\\/diarioprincipios.com\\\/?s={search_term_string}\"},\"query-input\":{\"@type\":\"PropertyValueSpecification\",\"valueRequired\":true,\"valueName\":\"search_term_string\"}}],\"inLanguage\":\"es\"},{\"@type\":\"Organization\",\"@id\":\"https:\\\/\\\/diarioprincipios.com\\\/#organization\",\"name\":\"Principios\",\"url\":\"https:\\\/\\\/diarioprincipios.com\\\/\",\"logo\":{\"@type\":\"ImageObject\",\"inLanguage\":\"es\",\"@id\":\"https:\\\/\\\/diarioprincipios.com\\\/#\\\/schema\\\/logo\\\/image\\\/\",\"url\":\"https:\\\/\\\/diarioprincipios.com\\\/wp-content\\\/uploads\\\/2024\\\/04\\\/cropped-www.diarioprincipios.com_-1.png\",\"contentUrl\":\"https:\\\/\\\/diarioprincipios.com\\\/wp-content\\\/uploads\\\/2024\\\/04\\\/cropped-www.diarioprincipios.com_-1.png\",\"width\":5325,\"height\":1454,\"caption\":\"Principios\"},\"image\":{\"@id\":\"https:\\\/\\\/diarioprincipios.com\\\/#\\\/schema\\\/logo\\\/image\\\/\"}},{\"@type\":\"Person\",\"@id\":\"https:\\\/\\\/diarioprincipios.com\\\/#\\\/schema\\\/person\\\/436d5a1fd41a5e250e23ff5a6a7cb080\",\"name\":\"Hern\u00e1n L\u00f3pez\",\"image\":{\"@type\":\"ImageObject\",\"inLanguage\":\"es\",\"@id\":\"https:\\\/\\\/diarioprincipios.com\\\/wp-content\\\/litespeed\\\/avatar\\\/11ddfe5610ff3bd100522525b2571f48.jpg?ver=1777653193\",\"url\":\"https:\\\/\\\/diarioprincipios.com\\\/wp-content\\\/litespeed\\\/avatar\\\/11ddfe5610ff3bd100522525b2571f48.jpg?ver=1777653193\",\"contentUrl\":\"https:\\\/\\\/diarioprincipios.com\\\/wp-content\\\/litespeed\\\/avatar\\\/11ddfe5610ff3bd100522525b2571f48.jpg?ver=1777653193\",\"caption\":\"Hern\u00e1n L\u00f3pez\"},\"url\":\"https:\\\/\\\/diarioprincipios.com\\\/index.php\\\/author\\\/hernan\\\/\"}]}<\/script>\n<!-- \/ Yoast SEO plugin. -->","yoast_head_json":{"title":"Para atender las necesidades de los sectores productivos de la zona Banco Provincia realizar\u00e1 un Consejo Consultivo con eje en el Sur del Conurbano - Principios","robots":{"index":"index","follow":"follow","max-snippet":"max-snippet:-1","max-image-preview":"max-image-preview:large","max-video-preview":"max-video-preview:-1"},"canonical":"https:\/\/diarioprincipios.com\/index.php\/2020\/06\/03\/para-atender-las-necesidades-de-los-sectores-productivos-de-la-zona-banco-provincia-realizara-un-consejo-consultivo-con-eje-en-el-sur-del-conurbano\/","og_locale":"es_ES","og_type":"article","og_title":"Para atender las necesidades de los sectores productivos de la zona Banco Provincia realizar\u00e1 un Consejo Consultivo con eje en el Sur del Conurbano - Principios","og_description":"Banco Provincia realizar\u00e1 sus pr\u00f3ximos dos encuentros de Consejos Consultivos Regionales con representantes de la industria, el comercio y los servicios de la zona sur del Conurbano. Las reuniones ser\u00e1n&nbsp;el jueves 4 y el martes 9 de junio y estar\u00e1n encabezadas por autoridades de la entidad financiera.&nbsp; Participar\u00e1n referentes de las principales c\u00e1maras de la...","og_url":"https:\/\/diarioprincipios.com\/index.php\/2020\/06\/03\/para-atender-las-necesidades-de-los-sectores-productivos-de-la-zona-banco-provincia-realizara-un-consejo-consultivo-con-eje-en-el-sur-del-conurbano\/","og_site_name":"Principios","article_published_time":"2020-06-04T01:02:29+00:00","article_modified_time":"2020-06-04T01:02:31+00:00","og_image":[{"width":2560,"height":1707,"url":"https:\/\/diarioprincipios.com\/wp-content\/uploads\/2020\/06\/Juan-Cuattromo-presidente-de-Banco-Provincia-scaled.jpg","type":"image\/jpeg"}],"author":"Hern\u00e1n L\u00f3pez","twitter_card":"summary_large_image","twitter_misc":{"Escrito por":"Hern\u00e1n L\u00f3pez","Tiempo de lectura":"3 minutos"},"schema":{"@context":"https:\/\/schema.org","@graph":[{"@type":"Article","@id":"https:\/\/diarioprincipios.com\/index.php\/2020\/06\/03\/para-atender-las-necesidades-de-los-sectores-productivos-de-la-zona-banco-provincia-realizara-un-consejo-consultivo-con-eje-en-el-sur-del-conurbano\/#article","isPartOf":{"@id":"https:\/\/diarioprincipios.com\/index.php\/2020\/06\/03\/para-atender-las-necesidades-de-los-sectores-productivos-de-la-zona-banco-provincia-realizara-un-consejo-consultivo-con-eje-en-el-sur-del-conurbano\/"},"author":{"name":"Hern\u00e1n L\u00f3pez","@id":"https:\/\/diarioprincipios.com\/#\/schema\/person\/436d5a1fd41a5e250e23ff5a6a7cb080"},"headline":"Para atender las necesidades de los sectores productivos de la zona Banco Provincia realizar\u00e1 un Consejo Consultivo con eje en el Sur del Conurbano","datePublished":"2020-06-04T01:02:29+00:00","dateModified":"2020-06-04T01:02:31+00:00","mainEntityOfPage":{"@id":"https:\/\/diarioprincipios.com\/index.php\/2020\/06\/03\/para-atender-las-necesidades-de-los-sectores-productivos-de-la-zona-banco-provincia-realizara-un-consejo-consultivo-con-eje-en-el-sur-del-conurbano\/"},"wordCount":689,"commentCount":0,"publisher":{"@id":"https:\/\/diarioprincipios.com\/#organization"},"image":{"@id":"https:\/\/diarioprincipios.com\/index.php\/2020\/06\/03\/para-atender-las-necesidades-de-los-sectores-productivos-de-la-zona-banco-provincia-realizara-un-consejo-consultivo-con-eje-en-el-sur-del-conurbano\/#primaryimage"},"thumbnailUrl":"https:\/\/diarioprincipios.com\/wp-content\/uploads\/2020\/06\/Juan-Cuattromo-presidente-de-Banco-Provincia-scaled.jpg","articleSection":["Provincia"],"inLanguage":"es","potentialAction":[{"@type":"CommentAction","name":"Comment","target":["https:\/\/diarioprincipios.com\/index.php\/2020\/06\/03\/para-atender-las-necesidades-de-los-sectores-productivos-de-la-zona-banco-provincia-realizara-un-consejo-consultivo-con-eje-en-el-sur-del-conurbano\/#respond"]}]},{"@type":"WebPage","@id":"https:\/\/diarioprincipios.com\/index.php\/2020\/06\/03\/para-atender-las-necesidades-de-los-sectores-productivos-de-la-zona-banco-provincia-realizara-un-consejo-consultivo-con-eje-en-el-sur-del-conurbano\/","url":"https:\/\/diarioprincipios.com\/index.php\/2020\/06\/03\/para-atender-las-necesidades-de-los-sectores-productivos-de-la-zona-banco-provincia-realizara-un-consejo-consultivo-con-eje-en-el-sur-del-conurbano\/","name":"Para atender las necesidades de los sectores productivos de la zona Banco Provincia realizar\u00e1 un Consejo Consultivo con eje en el Sur del Conurbano - Principios","isPartOf":{"@id":"https:\/\/diarioprincipios.com\/#website"},"primaryImageOfPage":{"@id":"https:\/\/diarioprincipios.com\/index.php\/2020\/06\/03\/para-atender-las-necesidades-de-los-sectores-productivos-de-la-zona-banco-provincia-realizara-un-consejo-consultivo-con-eje-en-el-sur-del-conurbano\/#primaryimage"},"image":{"@id":"https:\/\/diarioprincipios.com\/index.php\/2020\/06\/03\/para-atender-las-necesidades-de-los-sectores-productivos-de-la-zona-banco-provincia-realizara-un-consejo-consultivo-con-eje-en-el-sur-del-conurbano\/#primaryimage"},"thumbnailUrl":"https:\/\/diarioprincipios.com\/wp-content\/uploads\/2020\/06\/Juan-Cuattromo-presidente-de-Banco-Provincia-scaled.jpg","datePublished":"2020-06-04T01:02:29+00:00","dateModified":"2020-06-04T01:02:31+00:00","breadcrumb":{"@id":"https:\/\/diarioprincipios.com\/index.php\/2020\/06\/03\/para-atender-las-necesidades-de-los-sectores-productivos-de-la-zona-banco-provincia-realizara-un-consejo-consultivo-con-eje-en-el-sur-del-conurbano\/#breadcrumb"},"inLanguage":"es","potentialAction":[{"@type":"ReadAction","target":["https:\/\/diarioprincipios.com\/index.php\/2020\/06\/03\/para-atender-las-necesidades-de-los-sectores-productivos-de-la-zona-banco-provincia-realizara-un-consejo-consultivo-con-eje-en-el-sur-del-conurbano\/"]}]},{"@type":"ImageObject","inLanguage":"es","@id":"https:\/\/diarioprincipios.com\/index.php\/2020\/06\/03\/para-atender-las-necesidades-de-los-sectores-productivos-de-la-zona-banco-provincia-realizara-un-consejo-consultivo-con-eje-en-el-sur-del-conurbano\/#primaryimage","url":"https:\/\/diarioprincipios.com\/wp-content\/uploads\/2020\/06\/Juan-Cuattromo-presidente-de-Banco-Provincia-scaled.jpg","contentUrl":"https:\/\/diarioprincipios.com\/wp-content\/uploads\/2020\/06\/Juan-Cuattromo-presidente-de-Banco-Provincia-scaled.jpg","width":2560,"height":1707},{"@type":"BreadcrumbList","@id":"https:\/\/diarioprincipios.com\/index.php\/2020\/06\/03\/para-atender-las-necesidades-de-los-sectores-productivos-de-la-zona-banco-provincia-realizara-un-consejo-consultivo-con-eje-en-el-sur-del-conurbano\/#breadcrumb","itemListElement":[{"@type":"ListItem","position":1,"name":"Portada","item":"https:\/\/diarioprincipios.com\/"},{"@type":"ListItem","position":2,"name":"Para atender las necesidades de los sectores productivos de la zona Banco Provincia realizar\u00e1 un Consejo Consultivo con eje en el Sur del Conurbano"}]},{"@type":"WebSite","@id":"https:\/\/diarioprincipios.com\/#website","url":"https:\/\/diarioprincipios.com\/","name":"Principios","description":"Principios Diario","publisher":{"@id":"https:\/\/diarioprincipios.com\/#organization"},"potentialAction":[{"@type":"SearchAction","target":{"@type":"EntryPoint","urlTemplate":"https:\/\/diarioprincipios.com\/?s={search_term_string}"},"query-input":{"@type":"PropertyValueSpecification","valueRequired":true,"valueName":"search_term_string"}}],"inLanguage":"es"},{"@type":"Organization","@id":"https:\/\/diarioprincipios.com\/#organization","name":"Principios","url":"https:\/\/diarioprincipios.com\/","logo":{"@type":"ImageObject","inLanguage":"es","@id":"https:\/\/diarioprincipios.com\/#\/schema\/logo\/image\/","url":"https:\/\/diarioprincipios.com\/wp-content\/uploads\/2024\/04\/cropped-www.diarioprincipios.com_-1.png","contentUrl":"https:\/\/diarioprincipios.com\/wp-content\/uploads\/2024\/04\/cropped-www.diarioprincipios.com_-1.png","width":5325,"height":1454,"caption":"Principios"},"image":{"@id":"https:\/\/diarioprincipios.com\/#\/schema\/logo\/image\/"}},{"@type":"Person","@id":"https:\/\/diarioprincipios.com\/#\/schema\/person\/436d5a1fd41a5e250e23ff5a6a7cb080","name":"Hern\u00e1n L\u00f3pez","image":{"@type":"ImageObject","inLanguage":"es","@id":"https:\/\/diarioprincipios.com\/wp-content\/litespeed\/avatar\/11ddfe5610ff3bd100522525b2571f48.jpg?ver=1777653193","url":"https:\/\/diarioprincipios.com\/wp-content\/litespeed\/avatar\/11ddfe5610ff3bd100522525b2571f48.jpg?ver=1777653193","contentUrl":"https:\/\/diarioprincipios.com\/wp-content\/litespeed\/avatar\/11ddfe5610ff3bd100522525b2571f48.jpg?ver=1777653193","caption":"Hern\u00e1n L\u00f3pez"},"url":"https:\/\/diarioprincipios.com\/index.php\/author\/hernan\/"}]}},"jetpack_featured_media_url":"https:\/\/diarioprincipios.com\/wp-content\/uploads\/2020\/06\/Juan-Cuattromo-presidente-de-Banco-Provincia-scaled.jpg","_links":{"self":[{"href":"https:\/\/diarioprincipios.com\/index.php\/wp-json\/wp\/v2\/posts\/2475","targetHints":{"allow":["GET"]}}],"collection":[{"href":"https:\/\/diarioprincipios.com\/index.php\/wp-json\/wp\/v2\/posts"}],"about":[{"href":"https:\/\/diarioprincipios.com\/index.php\/wp-json\/wp\/v2\/types\/post"}],"author":[{"embeddable":true,"href":"https:\/\/diarioprincipios.com\/index.php\/wp-json\/wp\/v2\/users\/2"}],"replies":[{"embeddable":true,"href":"https:\/\/diarioprincipios.com\/index.php\/wp-json\/wp\/v2\/comments?post=2475"}],"version-history":[{"count":1,"href":"https:\/\/diarioprincipios.com\/index.php\/wp-json\/wp\/v2\/posts\/2475\/revisions"}],"predecessor-version":[{"id":2477,"href":"https:\/\/diarioprincipios.com\/index.php\/wp-json\/wp\/v2\/posts\/2475\/revisions\/2477"}],"wp:featuredmedia":[{"embeddable":true,"href":"https:\/\/diarioprincipios.com\/index.php\/wp-json\/wp\/v2\/media\/2476"}],"wp:attachment":[{"href":"https:\/\/diarioprincipios.com\/index.php\/wp-json\/wp\/v2\/media?parent=2475"}],"wp:term":[{"taxonomy":"category","embeddable":true,"href":"https:\/\/diarioprincipios.com\/index.php\/wp-json\/wp\/v2\/categories?post=2475"},{"taxonomy":"post_tag","embeddable":true,"href":"https:\/\/diarioprincipios.com\/index.php\/wp-json\/wp\/v2\/tags?post=2475"}],"curies":[{"name":"wp","href":"https:\/\/api.w.org\/{rel}","templated":true}]}}