{"id":24739,"date":"2025-05-28T12:29:43","date_gmt":"2025-05-28T15:29:43","guid":{"rendered":"https:\/\/diarioprincipios.com\/?p=24739"},"modified":"2025-05-28T12:29:44","modified_gmt":"2025-05-28T15:29:44","slug":"mas-obras-de-renovacion-del-espacio-publico","status":"publish","type":"post","link":"https:\/\/diarioprincipios.com\/index.php\/2025\/05\/28\/mas-obras-de-renovacion-del-espacio-publico\/","title":{"rendered":"M\u00e1s Obras de renovaci\u00f3n del Espacio P\u00fablico"},"content":{"rendered":"\n<p>La Municipalidad de Berazategui comenz\u00f3 nuevas obras de renovaci\u00f3n del espacio p\u00fablico en Av. Calchaqu\u00ed e\/ Av. 7 y calle 4; y en Av. 7 e\/ Calchaqu\u00ed y 101. Son realizadas con financiamiento 100% municipal.<\/p>\n\n\n\n<p>Jonathan Holasek, arquitecto de la Secretar\u00eda de Obras P\u00fablicas, inform\u00f3: \u201cInici\u00f3 el recambio de veredas con terminaci\u00f3n de baldosones pulidos, la extracci\u00f3n de marquesinas, colocaci\u00f3n de luminarias y cestos de basura. A esto se suman trabajos de forestaci\u00f3n y poda; adem\u00e1s de la construcci\u00f3n de d\u00e1rsenas para organizar el tr\u00e1nsito vehicular y peatonal\u201d.<\/p>\n\n\n\n<figure class=\"wp-block-image size-large\"><img loading=\"lazy\" decoding=\"async\" width=\"1024\" height=\"683\" src=\"https:\/\/diarioprincipios.com\/wp-content\/uploads\/2025\/05\/MAS-OBRAS-DE-RENOVACION-Y-EMBELLECIMIENTO-DEL-ESPACIO-PUBLICO-4-1024x683.jpg\" alt=\"\" class=\"wp-image-24740\" srcset=\"https:\/\/diarioprincipios.com\/wp-content\/uploads\/2025\/05\/MAS-OBRAS-DE-RENOVACION-Y-EMBELLECIMIENTO-DEL-ESPACIO-PUBLICO-4-1024x683.jpg 1024w, https:\/\/diarioprincipios.com\/wp-content\/uploads\/2025\/05\/MAS-OBRAS-DE-RENOVACION-Y-EMBELLECIMIENTO-DEL-ESPACIO-PUBLICO-4-300x200.jpg 300w, https:\/\/diarioprincipios.com\/wp-content\/uploads\/2025\/05\/MAS-OBRAS-DE-RENOVACION-Y-EMBELLECIMIENTO-DEL-ESPACIO-PUBLICO-4-768x512.jpg 768w, https:\/\/diarioprincipios.com\/wp-content\/uploads\/2025\/05\/MAS-OBRAS-DE-RENOVACION-Y-EMBELLECIMIENTO-DEL-ESPACIO-PUBLICO-4-1536x1024.jpg 1536w, https:\/\/diarioprincipios.com\/wp-content\/uploads\/2025\/05\/MAS-OBRAS-DE-RENOVACION-Y-EMBELLECIMIENTO-DEL-ESPACIO-PUBLICO-4-600x400.jpg 600w, https:\/\/diarioprincipios.com\/wp-content\/uploads\/2025\/05\/MAS-OBRAS-DE-RENOVACION-Y-EMBELLECIMIENTO-DEL-ESPACIO-PUBLICO-4.jpg 1920w\" sizes=\"auto, (max-width: 1024px) 100vw, 1024px\" \/><\/figure>\n\n\n\n<p>Y destac\u00f3: \u201cSer\u00e1 una mejora importante para los comerciantes y vecinos del lugar. Avanzaremos con los trabajos -cuadra a cuadra- en esta zona clave de Berazategui Oeste, ya que aqu\u00ed funciona una terminal de micros. Esta obra fue gestionada por el intendente Mussi y financiada con fondos municipales\u201d.<\/p>\n\n\n\n<p>M\u00e1s informaci\u00f3n sobre obras en la ciudad, en Berazategui.gob.ar\/obrasygestion.<\/p>\n","protected":false},"excerpt":{"rendered":"<p>La Municipalidad de Berazategui comenz\u00f3 nuevas obras de renovaci\u00f3n del espacio p\u00fablico en Av. Calchaqu\u00ed e\/ Av. 7 y calle 4; y en Av. 7 e\/ Calchaqu\u00ed y 101. Son realizadas con financiamiento 100% municipal. Jonathan Holasek, arquitecto de la Secretar\u00eda de Obras P\u00fablicas, inform\u00f3: \u201cInici\u00f3 el recambio de veredas con terminaci\u00f3n de baldosones pulidos,&#8230;<\/p>\n","protected":false},"author":2,"featured_media":24741,"comment_status":"open","ping_status":"open","sticky":false,"template":"","format":"standard","meta":{"footnotes":""},"categories":[3],"tags":[],"class_list":["post-24739","post","type-post","status-publish","format-standard","has-post-thumbnail","hentry","category-berazategui"],"featured_image_src":"https:\/\/diarioprincipios.com\/wp-content\/uploads\/2025\/05\/MAS-OBRAS-DE-RENOVACION-Y-EMBELLECIMIENTO-DEL-ESPACIO-PUBLICO-3-1024x683.jpg","blog_images":{"medium":"https:\/\/diarioprincipios.com\/wp-content\/uploads\/2025\/05\/MAS-OBRAS-DE-RENOVACION-Y-EMBELLECIMIENTO-DEL-ESPACIO-PUBLICO-3-300x200.jpg","large":"https:\/\/diarioprincipios.com\/wp-content\/uploads\/2025\/05\/MAS-OBRAS-DE-RENOVACION-Y-EMBELLECIMIENTO-DEL-ESPACIO-PUBLICO-3-1024x683.jpg"},"ams_acf":[],"yoast_head":"<!-- This site is optimized with the Yoast SEO plugin v27.3 - https:\/\/yoast.com\/product\/yoast-seo-wordpress\/ -->\n<title>M\u00e1s Obras de renovaci\u00f3n del Espacio P\u00fablico - Principios<\/title>\n<meta name=\"robots\" content=\"index, follow, max-snippet:-1, max-image-preview:large, max-video-preview:-1\" \/>\n<link rel=\"canonical\" href=\"https:\/\/diarioprincipios.com\/index.php\/2025\/05\/28\/mas-obras-de-renovacion-del-espacio-publico\/\" \/>\n<meta property=\"og:locale\" content=\"es_ES\" \/>\n<meta property=\"og:type\" content=\"article\" \/>\n<meta property=\"og:title\" content=\"M\u00e1s Obras de renovaci\u00f3n del Espacio P\u00fablico - Principios\" \/>\n<meta property=\"og:description\" content=\"La Municipalidad de Berazategui comenz\u00f3 nuevas obras de renovaci\u00f3n del espacio p\u00fablico en Av. Calchaqu\u00ed e\/ Av. 7 y calle 4; y en Av. 7 e\/ Calchaqu\u00ed y 101. Son realizadas con financiamiento 100% municipal. Jonathan Holasek, arquitecto de la Secretar\u00eda de Obras P\u00fablicas, inform\u00f3: \u201cInici\u00f3 el recambio de veredas con terminaci\u00f3n de baldosones pulidos,...\" \/>\n<meta property=\"og:url\" content=\"https:\/\/diarioprincipios.com\/index.php\/2025\/05\/28\/mas-obras-de-renovacion-del-espacio-publico\/\" \/>\n<meta property=\"og:site_name\" content=\"Principios\" \/>\n<meta property=\"article:published_time\" content=\"2025-05-28T15:29:43+00:00\" \/>\n<meta property=\"article:modified_time\" content=\"2025-05-28T15:29:44+00:00\" \/>\n<meta property=\"og:image\" content=\"https:\/\/diarioprincipios.com\/wp-content\/uploads\/2025\/05\/MAS-OBRAS-DE-RENOVACION-Y-EMBELLECIMIENTO-DEL-ESPACIO-PUBLICO-3.jpg\" \/>\n\t<meta property=\"og:image:width\" content=\"1920\" \/>\n\t<meta property=\"og:image:height\" content=\"1280\" \/>\n\t<meta property=\"og:image:type\" content=\"image\/jpeg\" \/>\n<meta name=\"author\" content=\"Hern\u00e1n L\u00f3pez\" \/>\n<meta name=\"twitter:card\" content=\"summary_large_image\" \/>\n<meta name=\"twitter:label1\" content=\"Escrito por\" \/>\n\t<meta name=\"twitter:data1\" content=\"Hern\u00e1n L\u00f3pez\" \/>\n\t<meta name=\"twitter:label2\" content=\"Tiempo de lectura\" \/>\n\t<meta name=\"twitter:data2\" content=\"2 minutos\" \/>\n<script type=\"application\/ld+json\" class=\"yoast-schema-graph\">{\"@context\":\"https:\\\/\\\/schema.org\",\"@graph\":[{\"@type\":\"Article\",\"@id\":\"https:\\\/\\\/diarioprincipios.com\\\/index.php\\\/2025\\\/05\\\/28\\\/mas-obras-de-renovacion-del-espacio-publico\\\/#article\",\"isPartOf\":{\"@id\":\"https:\\\/\\\/diarioprincipios.com\\\/index.php\\\/2025\\\/05\\\/28\\\/mas-obras-de-renovacion-del-espacio-publico\\\/\"},\"author\":{\"name\":\"Hern\u00e1n L\u00f3pez\",\"@id\":\"https:\\\/\\\/diarioprincipios.com\\\/#\\\/schema\\\/person\\\/436d5a1fd41a5e250e23ff5a6a7cb080\"},\"headline\":\"M\u00e1s Obras de renovaci\u00f3n del Espacio P\u00fablico\",\"datePublished\":\"2025-05-28T15:29:43+00:00\",\"dateModified\":\"2025-05-28T15:29:44+00:00\",\"mainEntityOfPage\":{\"@id\":\"https:\\\/\\\/diarioprincipios.com\\\/index.php\\\/2025\\\/05\\\/28\\\/mas-obras-de-renovacion-del-espacio-publico\\\/\"},\"wordCount\":167,\"commentCount\":0,\"publisher\":{\"@id\":\"https:\\\/\\\/diarioprincipios.com\\\/#organization\"},\"image\":{\"@id\":\"https:\\\/\\\/diarioprincipios.com\\\/index.php\\\/2025\\\/05\\\/28\\\/mas-obras-de-renovacion-del-espacio-publico\\\/#primaryimage\"},\"thumbnailUrl\":\"https:\\\/\\\/diarioprincipios.com\\\/wp-content\\\/uploads\\\/2025\\\/05\\\/MAS-OBRAS-DE-RENOVACION-Y-EMBELLECIMIENTO-DEL-ESPACIO-PUBLICO-3.jpg\",\"articleSection\":[\"Berazategui\"],\"inLanguage\":\"es\",\"potentialAction\":[{\"@type\":\"CommentAction\",\"name\":\"Comment\",\"target\":[\"https:\\\/\\\/diarioprincipios.com\\\/index.php\\\/2025\\\/05\\\/28\\\/mas-obras-de-renovacion-del-espacio-publico\\\/#respond\"]}]},{\"@type\":\"WebPage\",\"@id\":\"https:\\\/\\\/diarioprincipios.com\\\/index.php\\\/2025\\\/05\\\/28\\\/mas-obras-de-renovacion-del-espacio-publico\\\/\",\"url\":\"https:\\\/\\\/diarioprincipios.com\\\/index.php\\\/2025\\\/05\\\/28\\\/mas-obras-de-renovacion-del-espacio-publico\\\/\",\"name\":\"M\u00e1s Obras de renovaci\u00f3n del Espacio P\u00fablico - Principios\",\"isPartOf\":{\"@id\":\"https:\\\/\\\/diarioprincipios.com\\\/#website\"},\"primaryImageOfPage\":{\"@id\":\"https:\\\/\\\/diarioprincipios.com\\\/index.php\\\/2025\\\/05\\\/28\\\/mas-obras-de-renovacion-del-espacio-publico\\\/#primaryimage\"},\"image\":{\"@id\":\"https:\\\/\\\/diarioprincipios.com\\\/index.php\\\/2025\\\/05\\\/28\\\/mas-obras-de-renovacion-del-espacio-publico\\\/#primaryimage\"},\"thumbnailUrl\":\"https:\\\/\\\/diarioprincipios.com\\\/wp-content\\\/uploads\\\/2025\\\/05\\\/MAS-OBRAS-DE-RENOVACION-Y-EMBELLECIMIENTO-DEL-ESPACIO-PUBLICO-3.jpg\",\"datePublished\":\"2025-05-28T15:29:43+00:00\",\"dateModified\":\"2025-05-28T15:29:44+00:00\",\"breadcrumb\":{\"@id\":\"https:\\\/\\\/diarioprincipios.com\\\/index.php\\\/2025\\\/05\\\/28\\\/mas-obras-de-renovacion-del-espacio-publico\\\/#breadcrumb\"},\"inLanguage\":\"es\",\"potentialAction\":[{\"@type\":\"ReadAction\",\"target\":[\"https:\\\/\\\/diarioprincipios.com\\\/index.php\\\/2025\\\/05\\\/28\\\/mas-obras-de-renovacion-del-espacio-publico\\\/\"]}]},{\"@type\":\"ImageObject\",\"inLanguage\":\"es\",\"@id\":\"https:\\\/\\\/diarioprincipios.com\\\/index.php\\\/2025\\\/05\\\/28\\\/mas-obras-de-renovacion-del-espacio-publico\\\/#primaryimage\",\"url\":\"https:\\\/\\\/diarioprincipios.com\\\/wp-content\\\/uploads\\\/2025\\\/05\\\/MAS-OBRAS-DE-RENOVACION-Y-EMBELLECIMIENTO-DEL-ESPACIO-PUBLICO-3.jpg\",\"contentUrl\":\"https:\\\/\\\/diarioprincipios.com\\\/wp-content\\\/uploads\\\/2025\\\/05\\\/MAS-OBRAS-DE-RENOVACION-Y-EMBELLECIMIENTO-DEL-ESPACIO-PUBLICO-3.jpg\",\"width\":1920,\"height\":1280},{\"@type\":\"BreadcrumbList\",\"@id\":\"https:\\\/\\\/diarioprincipios.com\\\/index.php\\\/2025\\\/05\\\/28\\\/mas-obras-de-renovacion-del-espacio-publico\\\/#breadcrumb\",\"itemListElement\":[{\"@type\":\"ListItem\",\"position\":1,\"name\":\"Portada\",\"item\":\"https:\\\/\\\/diarioprincipios.com\\\/\"},{\"@type\":\"ListItem\",\"position\":2,\"name\":\"M\u00e1s Obras de renovaci\u00f3n del Espacio P\u00fablico\"}]},{\"@type\":\"WebSite\",\"@id\":\"https:\\\/\\\/diarioprincipios.com\\\/#website\",\"url\":\"https:\\\/\\\/diarioprincipios.com\\\/\",\"name\":\"Principios\",\"description\":\"Principios Diario\",\"publisher\":{\"@id\":\"https:\\\/\\\/diarioprincipios.com\\\/#organization\"},\"potentialAction\":[{\"@type\":\"SearchAction\",\"target\":{\"@type\":\"EntryPoint\",\"urlTemplate\":\"https:\\\/\\\/diarioprincipios.com\\\/?s={search_term_string}\"},\"query-input\":{\"@type\":\"PropertyValueSpecification\",\"valueRequired\":true,\"valueName\":\"search_term_string\"}}],\"inLanguage\":\"es\"},{\"@type\":\"Organization\",\"@id\":\"https:\\\/\\\/diarioprincipios.com\\\/#organization\",\"name\":\"Principios\",\"url\":\"https:\\\/\\\/diarioprincipios.com\\\/\",\"logo\":{\"@type\":\"ImageObject\",\"inLanguage\":\"es\",\"@id\":\"https:\\\/\\\/diarioprincipios.com\\\/#\\\/schema\\\/logo\\\/image\\\/\",\"url\":\"https:\\\/\\\/diarioprincipios.com\\\/wp-content\\\/uploads\\\/2024\\\/04\\\/cropped-www.diarioprincipios.com_-1.png\",\"contentUrl\":\"https:\\\/\\\/diarioprincipios.com\\\/wp-content\\\/uploads\\\/2024\\\/04\\\/cropped-www.diarioprincipios.com_-1.png\",\"width\":5325,\"height\":1454,\"caption\":\"Principios\"},\"image\":{\"@id\":\"https:\\\/\\\/diarioprincipios.com\\\/#\\\/schema\\\/logo\\\/image\\\/\"}},{\"@type\":\"Person\",\"@id\":\"https:\\\/\\\/diarioprincipios.com\\\/#\\\/schema\\\/person\\\/436d5a1fd41a5e250e23ff5a6a7cb080\",\"name\":\"Hern\u00e1n L\u00f3pez\",\"image\":{\"@type\":\"ImageObject\",\"inLanguage\":\"es\",\"@id\":\"https:\\\/\\\/diarioprincipios.com\\\/wp-content\\\/litespeed\\\/avatar\\\/11ddfe5610ff3bd100522525b2571f48.jpg?ver=1777048341\",\"url\":\"https:\\\/\\\/diarioprincipios.com\\\/wp-content\\\/litespeed\\\/avatar\\\/11ddfe5610ff3bd100522525b2571f48.jpg?ver=1777048341\",\"contentUrl\":\"https:\\\/\\\/diarioprincipios.com\\\/wp-content\\\/litespeed\\\/avatar\\\/11ddfe5610ff3bd100522525b2571f48.jpg?ver=1777048341\",\"caption\":\"Hern\u00e1n L\u00f3pez\"},\"url\":\"https:\\\/\\\/diarioprincipios.com\\\/index.php\\\/author\\\/hernan\\\/\"}]}<\/script>\n<!-- \/ Yoast SEO plugin. -->","yoast_head_json":{"title":"M\u00e1s Obras de renovaci\u00f3n del Espacio P\u00fablico - Principios","robots":{"index":"index","follow":"follow","max-snippet":"max-snippet:-1","max-image-preview":"max-image-preview:large","max-video-preview":"max-video-preview:-1"},"canonical":"https:\/\/diarioprincipios.com\/index.php\/2025\/05\/28\/mas-obras-de-renovacion-del-espacio-publico\/","og_locale":"es_ES","og_type":"article","og_title":"M\u00e1s Obras de renovaci\u00f3n del Espacio P\u00fablico - Principios","og_description":"La Municipalidad de Berazategui comenz\u00f3 nuevas obras de renovaci\u00f3n del espacio p\u00fablico en Av. Calchaqu\u00ed e\/ Av. 7 y calle 4; y en Av. 7 e\/ Calchaqu\u00ed y 101. Son realizadas con financiamiento 100% municipal. Jonathan Holasek, arquitecto de la Secretar\u00eda de Obras P\u00fablicas, inform\u00f3: \u201cInici\u00f3 el recambio de veredas con terminaci\u00f3n de baldosones pulidos,...","og_url":"https:\/\/diarioprincipios.com\/index.php\/2025\/05\/28\/mas-obras-de-renovacion-del-espacio-publico\/","og_site_name":"Principios","article_published_time":"2025-05-28T15:29:43+00:00","article_modified_time":"2025-05-28T15:29:44+00:00","og_image":[{"width":1920,"height":1280,"url":"https:\/\/diarioprincipios.com\/wp-content\/uploads\/2025\/05\/MAS-OBRAS-DE-RENOVACION-Y-EMBELLECIMIENTO-DEL-ESPACIO-PUBLICO-3.jpg","type":"image\/jpeg"}],"author":"Hern\u00e1n L\u00f3pez","twitter_card":"summary_large_image","twitter_misc":{"Escrito por":"Hern\u00e1n L\u00f3pez","Tiempo de lectura":"2 minutos"},"schema":{"@context":"https:\/\/schema.org","@graph":[{"@type":"Article","@id":"https:\/\/diarioprincipios.com\/index.php\/2025\/05\/28\/mas-obras-de-renovacion-del-espacio-publico\/#article","isPartOf":{"@id":"https:\/\/diarioprincipios.com\/index.php\/2025\/05\/28\/mas-obras-de-renovacion-del-espacio-publico\/"},"author":{"name":"Hern\u00e1n L\u00f3pez","@id":"https:\/\/diarioprincipios.com\/#\/schema\/person\/436d5a1fd41a5e250e23ff5a6a7cb080"},"headline":"M\u00e1s Obras de renovaci\u00f3n del Espacio P\u00fablico","datePublished":"2025-05-28T15:29:43+00:00","dateModified":"2025-05-28T15:29:44+00:00","mainEntityOfPage":{"@id":"https:\/\/diarioprincipios.com\/index.php\/2025\/05\/28\/mas-obras-de-renovacion-del-espacio-publico\/"},"wordCount":167,"commentCount":0,"publisher":{"@id":"https:\/\/diarioprincipios.com\/#organization"},"image":{"@id":"https:\/\/diarioprincipios.com\/index.php\/2025\/05\/28\/mas-obras-de-renovacion-del-espacio-publico\/#primaryimage"},"thumbnailUrl":"https:\/\/diarioprincipios.com\/wp-content\/uploads\/2025\/05\/MAS-OBRAS-DE-RENOVACION-Y-EMBELLECIMIENTO-DEL-ESPACIO-PUBLICO-3.jpg","articleSection":["Berazategui"],"inLanguage":"es","potentialAction":[{"@type":"CommentAction","name":"Comment","target":["https:\/\/diarioprincipios.com\/index.php\/2025\/05\/28\/mas-obras-de-renovacion-del-espacio-publico\/#respond"]}]},{"@type":"WebPage","@id":"https:\/\/diarioprincipios.com\/index.php\/2025\/05\/28\/mas-obras-de-renovacion-del-espacio-publico\/","url":"https:\/\/diarioprincipios.com\/index.php\/2025\/05\/28\/mas-obras-de-renovacion-del-espacio-publico\/","name":"M\u00e1s Obras de renovaci\u00f3n del Espacio P\u00fablico - Principios","isPartOf":{"@id":"https:\/\/diarioprincipios.com\/#website"},"primaryImageOfPage":{"@id":"https:\/\/diarioprincipios.com\/index.php\/2025\/05\/28\/mas-obras-de-renovacion-del-espacio-publico\/#primaryimage"},"image":{"@id":"https:\/\/diarioprincipios.com\/index.php\/2025\/05\/28\/mas-obras-de-renovacion-del-espacio-publico\/#primaryimage"},"thumbnailUrl":"https:\/\/diarioprincipios.com\/wp-content\/uploads\/2025\/05\/MAS-OBRAS-DE-RENOVACION-Y-EMBELLECIMIENTO-DEL-ESPACIO-PUBLICO-3.jpg","datePublished":"2025-05-28T15:29:43+00:00","dateModified":"2025-05-28T15:29:44+00:00","breadcrumb":{"@id":"https:\/\/diarioprincipios.com\/index.php\/2025\/05\/28\/mas-obras-de-renovacion-del-espacio-publico\/#breadcrumb"},"inLanguage":"es","potentialAction":[{"@type":"ReadAction","target":["https:\/\/diarioprincipios.com\/index.php\/2025\/05\/28\/mas-obras-de-renovacion-del-espacio-publico\/"]}]},{"@type":"ImageObject","inLanguage":"es","@id":"https:\/\/diarioprincipios.com\/index.php\/2025\/05\/28\/mas-obras-de-renovacion-del-espacio-publico\/#primaryimage","url":"https:\/\/diarioprincipios.com\/wp-content\/uploads\/2025\/05\/MAS-OBRAS-DE-RENOVACION-Y-EMBELLECIMIENTO-DEL-ESPACIO-PUBLICO-3.jpg","contentUrl":"https:\/\/diarioprincipios.com\/wp-content\/uploads\/2025\/05\/MAS-OBRAS-DE-RENOVACION-Y-EMBELLECIMIENTO-DEL-ESPACIO-PUBLICO-3.jpg","width":1920,"height":1280},{"@type":"BreadcrumbList","@id":"https:\/\/diarioprincipios.com\/index.php\/2025\/05\/28\/mas-obras-de-renovacion-del-espacio-publico\/#breadcrumb","itemListElement":[{"@type":"ListItem","position":1,"name":"Portada","item":"https:\/\/diarioprincipios.com\/"},{"@type":"ListItem","position":2,"name":"M\u00e1s Obras de renovaci\u00f3n del Espacio P\u00fablico"}]},{"@type":"WebSite","@id":"https:\/\/diarioprincipios.com\/#website","url":"https:\/\/diarioprincipios.com\/","name":"Principios","description":"Principios Diario","publisher":{"@id":"https:\/\/diarioprincipios.com\/#organization"},"potentialAction":[{"@type":"SearchAction","target":{"@type":"EntryPoint","urlTemplate":"https:\/\/diarioprincipios.com\/?s={search_term_string}"},"query-input":{"@type":"PropertyValueSpecification","valueRequired":true,"valueName":"search_term_string"}}],"inLanguage":"es"},{"@type":"Organization","@id":"https:\/\/diarioprincipios.com\/#organization","name":"Principios","url":"https:\/\/diarioprincipios.com\/","logo":{"@type":"ImageObject","inLanguage":"es","@id":"https:\/\/diarioprincipios.com\/#\/schema\/logo\/image\/","url":"https:\/\/diarioprincipios.com\/wp-content\/uploads\/2024\/04\/cropped-www.diarioprincipios.com_-1.png","contentUrl":"https:\/\/diarioprincipios.com\/wp-content\/uploads\/2024\/04\/cropped-www.diarioprincipios.com_-1.png","width":5325,"height":1454,"caption":"Principios"},"image":{"@id":"https:\/\/diarioprincipios.com\/#\/schema\/logo\/image\/"}},{"@type":"Person","@id":"https:\/\/diarioprincipios.com\/#\/schema\/person\/436d5a1fd41a5e250e23ff5a6a7cb080","name":"Hern\u00e1n L\u00f3pez","image":{"@type":"ImageObject","inLanguage":"es","@id":"https:\/\/diarioprincipios.com\/wp-content\/litespeed\/avatar\/11ddfe5610ff3bd100522525b2571f48.jpg?ver=1777048341","url":"https:\/\/diarioprincipios.com\/wp-content\/litespeed\/avatar\/11ddfe5610ff3bd100522525b2571f48.jpg?ver=1777048341","contentUrl":"https:\/\/diarioprincipios.com\/wp-content\/litespeed\/avatar\/11ddfe5610ff3bd100522525b2571f48.jpg?ver=1777048341","caption":"Hern\u00e1n L\u00f3pez"},"url":"https:\/\/diarioprincipios.com\/index.php\/author\/hernan\/"}]}},"jetpack_featured_media_url":"https:\/\/diarioprincipios.com\/wp-content\/uploads\/2025\/05\/MAS-OBRAS-DE-RENOVACION-Y-EMBELLECIMIENTO-DEL-ESPACIO-PUBLICO-3.jpg","_links":{"self":[{"href":"https:\/\/diarioprincipios.com\/index.php\/wp-json\/wp\/v2\/posts\/24739","targetHints":{"allow":["GET"]}}],"collection":[{"href":"https:\/\/diarioprincipios.com\/index.php\/wp-json\/wp\/v2\/posts"}],"about":[{"href":"https:\/\/diarioprincipios.com\/index.php\/wp-json\/wp\/v2\/types\/post"}],"author":[{"embeddable":true,"href":"https:\/\/diarioprincipios.com\/index.php\/wp-json\/wp\/v2\/users\/2"}],"replies":[{"embeddable":true,"href":"https:\/\/diarioprincipios.com\/index.php\/wp-json\/wp\/v2\/comments?post=24739"}],"version-history":[{"count":1,"href":"https:\/\/diarioprincipios.com\/index.php\/wp-json\/wp\/v2\/posts\/24739\/revisions"}],"predecessor-version":[{"id":24742,"href":"https:\/\/diarioprincipios.com\/index.php\/wp-json\/wp\/v2\/posts\/24739\/revisions\/24742"}],"wp:featuredmedia":[{"embeddable":true,"href":"https:\/\/diarioprincipios.com\/index.php\/wp-json\/wp\/v2\/media\/24741"}],"wp:attachment":[{"href":"https:\/\/diarioprincipios.com\/index.php\/wp-json\/wp\/v2\/media?parent=24739"}],"wp:term":[{"taxonomy":"category","embeddable":true,"href":"https:\/\/diarioprincipios.com\/index.php\/wp-json\/wp\/v2\/categories?post=24739"},{"taxonomy":"post_tag","embeddable":true,"href":"https:\/\/diarioprincipios.com\/index.php\/wp-json\/wp\/v2\/tags?post=24739"}],"curies":[{"name":"wp","href":"https:\/\/api.w.org\/{rel}","templated":true}]}}