{"id":24728,"date":"2025-05-27T10:48:41","date_gmt":"2025-05-27T13:48:41","guid":{"rendered":"https:\/\/diarioprincipios.com\/?p=24728"},"modified":"2025-05-27T10:48:42","modified_gmt":"2025-05-27T13:48:42","slug":"puesta-en-valor-de-la-plaza-la-lomita","status":"publish","type":"post","link":"https:\/\/diarioprincipios.com\/index.php\/2025\/05\/27\/puesta-en-valor-de-la-plaza-la-lomita\/","title":{"rendered":"Puesta en Valor de la Plaza La Lomita"},"content":{"rendered":"\n<p><strong>Se est\u00e1n realizando obras de mejora y embellecimiento en la Plaza La Lomita, ubicada en calle 134 entre 11 y 12. Son impulsadas por el intendente de Berazategui, Juan Jos\u00e9 Mussi, y financiadas 100% por el Municipio. Los trabajos ya avanzaron en un 90%.<\/strong><br>Al respecto, Jonathan Holasek, arquitecto de la Secretar\u00eda de Obras P\u00fablicas, coment\u00f3: \u201cEn este espacio se est\u00e1n renovando las veredas, los senderos internos, los juegos infantiles, aparatos aer\u00f3bicos y el mobiliario urbano. Se colocar\u00e1n rampas en las esquinas, juegos nuevos para chicos y chicas de distintas edades, aparatos aer\u00f3bicos para que las personas mayores puedan hacer ejercicio y luminarias. Adem\u00e1s, se podaron los \u00e1rboles para que se pueda aprovechar el espacio tanto de d\u00eda como de noche\u201d.<\/p>\n\n\n\n<figure class=\"wp-block-image size-large\"><img loading=\"lazy\" decoding=\"async\" width=\"1024\" height=\"731\" src=\"https:\/\/diarioprincipios.com\/wp-content\/uploads\/2025\/05\/AVANZA-LA-PUESTA-EN-VALOR-DE-LA-PLAZA-LA-LOMITA-1024x731.jpg\" alt=\"\" class=\"wp-image-24729\" srcset=\"https:\/\/diarioprincipios.com\/wp-content\/uploads\/2025\/05\/AVANZA-LA-PUESTA-EN-VALOR-DE-LA-PLAZA-LA-LOMITA-1024x731.jpg 1024w, https:\/\/diarioprincipios.com\/wp-content\/uploads\/2025\/05\/AVANZA-LA-PUESTA-EN-VALOR-DE-LA-PLAZA-LA-LOMITA-300x214.jpg 300w, https:\/\/diarioprincipios.com\/wp-content\/uploads\/2025\/05\/AVANZA-LA-PUESTA-EN-VALOR-DE-LA-PLAZA-LA-LOMITA-768x548.jpg 768w, https:\/\/diarioprincipios.com\/wp-content\/uploads\/2025\/05\/AVANZA-LA-PUESTA-EN-VALOR-DE-LA-PLAZA-LA-LOMITA-1536x1096.jpg 1536w, https:\/\/diarioprincipios.com\/wp-content\/uploads\/2025\/05\/AVANZA-LA-PUESTA-EN-VALOR-DE-LA-PLAZA-LA-LOMITA.jpg 1600w\" sizes=\"auto, (max-width: 1024px) 100vw, 1024px\" \/><\/figure>\n\n\n\n<p><br>Tambi\u00e9n, destac\u00f3: \u201cLa plaza contaba con carteler\u00eda original que hab\u00edan colocado los vecinos. Esto se mantuvo, como as\u00ed tambi\u00e9n el monumento al perro callejero, que fue remodelado y se colocar\u00e1 nuevamente\u201d.<br>\u201cEsta obra fue gestionada por el intendente Mussi y financiada con fondos municipales. Se traduce en mejor accesibilidad para los vecinos y vecinas. Se trata de un trabajo integral, realizado con el objetivo de mejorar y embellecer los espacios p\u00fablicos para que la comunidad los pueda disfrutar\u201d, concluy\u00f3 el Arquitecto.<br>Para conocer m\u00e1s obras que avanzan en el distrito, se puede ingresar en\u00a0<a href=\"http:\/\/berazategui.gob.ar\/obrasygestion\" target=\"_blank\" rel=\"noreferrer noopener\">Berazategui.gob.ar\/obrasygestion<\/a>.<\/p>\n","protected":false},"excerpt":{"rendered":"<p>Se est\u00e1n realizando obras de mejora y embellecimiento en la Plaza La Lomita, ubicada en calle 134 entre 11 y 12. Son impulsadas por el intendente de Berazategui, Juan Jos\u00e9 Mussi, y financiadas 100% por el Municipio. Los trabajos ya avanzaron en un 90%.Al respecto, Jonathan Holasek, arquitecto de la Secretar\u00eda de Obras P\u00fablicas, coment\u00f3:&#8230;<\/p>\n","protected":false},"author":2,"featured_media":24730,"comment_status":"open","ping_status":"open","sticky":false,"template":"","format":"standard","meta":{"footnotes":""},"categories":[3],"tags":[],"class_list":["post-24728","post","type-post","status-publish","format-standard","has-post-thumbnail","hentry","category-berazategui"],"featured_image_src":"https:\/\/diarioprincipios.com\/wp-content\/uploads\/2025\/05\/AVANZA-LA-PUESTA-EN-VALOR-DE-LA-PLAZA-LA-LOMITA-1-1024x682.jpg","blog_images":{"medium":"https:\/\/diarioprincipios.com\/wp-content\/uploads\/2025\/05\/AVANZA-LA-PUESTA-EN-VALOR-DE-LA-PLAZA-LA-LOMITA-1-300x200.jpg","large":"https:\/\/diarioprincipios.com\/wp-content\/uploads\/2025\/05\/AVANZA-LA-PUESTA-EN-VALOR-DE-LA-PLAZA-LA-LOMITA-1-1024x682.jpg"},"ams_acf":[],"yoast_head":"<!-- This site is optimized with the Yoast SEO plugin v27.3 - https:\/\/yoast.com\/product\/yoast-seo-wordpress\/ -->\n<title>Puesta en Valor de la Plaza La Lomita - Principios<\/title>\n<meta name=\"robots\" content=\"index, follow, max-snippet:-1, max-image-preview:large, max-video-preview:-1\" \/>\n<link rel=\"canonical\" href=\"https:\/\/diarioprincipios.com\/index.php\/2025\/05\/27\/puesta-en-valor-de-la-plaza-la-lomita\/\" \/>\n<meta property=\"og:locale\" content=\"es_ES\" \/>\n<meta property=\"og:type\" content=\"article\" \/>\n<meta property=\"og:title\" content=\"Puesta en Valor de la Plaza La Lomita - Principios\" \/>\n<meta property=\"og:description\" content=\"Se est\u00e1n realizando obras de mejora y embellecimiento en la Plaza La Lomita, ubicada en calle 134 entre 11 y 12. Son impulsadas por el intendente de Berazategui, Juan Jos\u00e9 Mussi, y financiadas 100% por el Municipio. Los trabajos ya avanzaron en un 90%.Al respecto, Jonathan Holasek, arquitecto de la Secretar\u00eda de Obras P\u00fablicas, coment\u00f3:...\" \/>\n<meta property=\"og:url\" content=\"https:\/\/diarioprincipios.com\/index.php\/2025\/05\/27\/puesta-en-valor-de-la-plaza-la-lomita\/\" \/>\n<meta property=\"og:site_name\" content=\"Principios\" \/>\n<meta property=\"article:published_time\" content=\"2025-05-27T13:48:41+00:00\" \/>\n<meta property=\"article:modified_time\" content=\"2025-05-27T13:48:42+00:00\" \/>\n<meta property=\"og:image\" content=\"https:\/\/diarioprincipios.com\/wp-content\/uploads\/2025\/05\/AVANZA-LA-PUESTA-EN-VALOR-DE-LA-PLAZA-LA-LOMITA-1.jpg\" \/>\n\t<meta property=\"og:image:width\" content=\"1600\" \/>\n\t<meta property=\"og:image:height\" content=\"1066\" \/>\n\t<meta property=\"og:image:type\" content=\"image\/jpeg\" \/>\n<meta name=\"author\" content=\"Hern\u00e1n L\u00f3pez\" \/>\n<meta name=\"twitter:card\" content=\"summary_large_image\" \/>\n<meta name=\"twitter:label1\" content=\"Escrito por\" \/>\n\t<meta name=\"twitter:data1\" content=\"Hern\u00e1n L\u00f3pez\" \/>\n\t<meta name=\"twitter:label2\" content=\"Tiempo de lectura\" \/>\n\t<meta name=\"twitter:data2\" content=\"2 minutos\" \/>\n<script type=\"application\/ld+json\" class=\"yoast-schema-graph\">{\"@context\":\"https:\\\/\\\/schema.org\",\"@graph\":[{\"@type\":\"Article\",\"@id\":\"https:\\\/\\\/diarioprincipios.com\\\/index.php\\\/2025\\\/05\\\/27\\\/puesta-en-valor-de-la-plaza-la-lomita\\\/#article\",\"isPartOf\":{\"@id\":\"https:\\\/\\\/diarioprincipios.com\\\/index.php\\\/2025\\\/05\\\/27\\\/puesta-en-valor-de-la-plaza-la-lomita\\\/\"},\"author\":{\"name\":\"Hern\u00e1n L\u00f3pez\",\"@id\":\"https:\\\/\\\/diarioprincipios.com\\\/#\\\/schema\\\/person\\\/436d5a1fd41a5e250e23ff5a6a7cb080\"},\"headline\":\"Puesta en Valor de la Plaza La Lomita\",\"datePublished\":\"2025-05-27T13:48:41+00:00\",\"dateModified\":\"2025-05-27T13:48:42+00:00\",\"mainEntityOfPage\":{\"@id\":\"https:\\\/\\\/diarioprincipios.com\\\/index.php\\\/2025\\\/05\\\/27\\\/puesta-en-valor-de-la-plaza-la-lomita\\\/\"},\"wordCount\":237,\"commentCount\":0,\"publisher\":{\"@id\":\"https:\\\/\\\/diarioprincipios.com\\\/#organization\"},\"image\":{\"@id\":\"https:\\\/\\\/diarioprincipios.com\\\/index.php\\\/2025\\\/05\\\/27\\\/puesta-en-valor-de-la-plaza-la-lomita\\\/#primaryimage\"},\"thumbnailUrl\":\"https:\\\/\\\/diarioprincipios.com\\\/wp-content\\\/uploads\\\/2025\\\/05\\\/AVANZA-LA-PUESTA-EN-VALOR-DE-LA-PLAZA-LA-LOMITA-1.jpg\",\"articleSection\":[\"Berazategui\"],\"inLanguage\":\"es\",\"potentialAction\":[{\"@type\":\"CommentAction\",\"name\":\"Comment\",\"target\":[\"https:\\\/\\\/diarioprincipios.com\\\/index.php\\\/2025\\\/05\\\/27\\\/puesta-en-valor-de-la-plaza-la-lomita\\\/#respond\"]}]},{\"@type\":\"WebPage\",\"@id\":\"https:\\\/\\\/diarioprincipios.com\\\/index.php\\\/2025\\\/05\\\/27\\\/puesta-en-valor-de-la-plaza-la-lomita\\\/\",\"url\":\"https:\\\/\\\/diarioprincipios.com\\\/index.php\\\/2025\\\/05\\\/27\\\/puesta-en-valor-de-la-plaza-la-lomita\\\/\",\"name\":\"Puesta en Valor de la Plaza La Lomita - Principios\",\"isPartOf\":{\"@id\":\"https:\\\/\\\/diarioprincipios.com\\\/#website\"},\"primaryImageOfPage\":{\"@id\":\"https:\\\/\\\/diarioprincipios.com\\\/index.php\\\/2025\\\/05\\\/27\\\/puesta-en-valor-de-la-plaza-la-lomita\\\/#primaryimage\"},\"image\":{\"@id\":\"https:\\\/\\\/diarioprincipios.com\\\/index.php\\\/2025\\\/05\\\/27\\\/puesta-en-valor-de-la-plaza-la-lomita\\\/#primaryimage\"},\"thumbnailUrl\":\"https:\\\/\\\/diarioprincipios.com\\\/wp-content\\\/uploads\\\/2025\\\/05\\\/AVANZA-LA-PUESTA-EN-VALOR-DE-LA-PLAZA-LA-LOMITA-1.jpg\",\"datePublished\":\"2025-05-27T13:48:41+00:00\",\"dateModified\":\"2025-05-27T13:48:42+00:00\",\"breadcrumb\":{\"@id\":\"https:\\\/\\\/diarioprincipios.com\\\/index.php\\\/2025\\\/05\\\/27\\\/puesta-en-valor-de-la-plaza-la-lomita\\\/#breadcrumb\"},\"inLanguage\":\"es\",\"potentialAction\":[{\"@type\":\"ReadAction\",\"target\":[\"https:\\\/\\\/diarioprincipios.com\\\/index.php\\\/2025\\\/05\\\/27\\\/puesta-en-valor-de-la-plaza-la-lomita\\\/\"]}]},{\"@type\":\"ImageObject\",\"inLanguage\":\"es\",\"@id\":\"https:\\\/\\\/diarioprincipios.com\\\/index.php\\\/2025\\\/05\\\/27\\\/puesta-en-valor-de-la-plaza-la-lomita\\\/#primaryimage\",\"url\":\"https:\\\/\\\/diarioprincipios.com\\\/wp-content\\\/uploads\\\/2025\\\/05\\\/AVANZA-LA-PUESTA-EN-VALOR-DE-LA-PLAZA-LA-LOMITA-1.jpg\",\"contentUrl\":\"https:\\\/\\\/diarioprincipios.com\\\/wp-content\\\/uploads\\\/2025\\\/05\\\/AVANZA-LA-PUESTA-EN-VALOR-DE-LA-PLAZA-LA-LOMITA-1.jpg\",\"width\":1600,\"height\":1066},{\"@type\":\"BreadcrumbList\",\"@id\":\"https:\\\/\\\/diarioprincipios.com\\\/index.php\\\/2025\\\/05\\\/27\\\/puesta-en-valor-de-la-plaza-la-lomita\\\/#breadcrumb\",\"itemListElement\":[{\"@type\":\"ListItem\",\"position\":1,\"name\":\"Portada\",\"item\":\"https:\\\/\\\/diarioprincipios.com\\\/\"},{\"@type\":\"ListItem\",\"position\":2,\"name\":\"Puesta en Valor de la Plaza La Lomita\"}]},{\"@type\":\"WebSite\",\"@id\":\"https:\\\/\\\/diarioprincipios.com\\\/#website\",\"url\":\"https:\\\/\\\/diarioprincipios.com\\\/\",\"name\":\"Principios\",\"description\":\"Principios Diario\",\"publisher\":{\"@id\":\"https:\\\/\\\/diarioprincipios.com\\\/#organization\"},\"potentialAction\":[{\"@type\":\"SearchAction\",\"target\":{\"@type\":\"EntryPoint\",\"urlTemplate\":\"https:\\\/\\\/diarioprincipios.com\\\/?s={search_term_string}\"},\"query-input\":{\"@type\":\"PropertyValueSpecification\",\"valueRequired\":true,\"valueName\":\"search_term_string\"}}],\"inLanguage\":\"es\"},{\"@type\":\"Organization\",\"@id\":\"https:\\\/\\\/diarioprincipios.com\\\/#organization\",\"name\":\"Principios\",\"url\":\"https:\\\/\\\/diarioprincipios.com\\\/\",\"logo\":{\"@type\":\"ImageObject\",\"inLanguage\":\"es\",\"@id\":\"https:\\\/\\\/diarioprincipios.com\\\/#\\\/schema\\\/logo\\\/image\\\/\",\"url\":\"https:\\\/\\\/diarioprincipios.com\\\/wp-content\\\/uploads\\\/2024\\\/04\\\/cropped-www.diarioprincipios.com_-1.png\",\"contentUrl\":\"https:\\\/\\\/diarioprincipios.com\\\/wp-content\\\/uploads\\\/2024\\\/04\\\/cropped-www.diarioprincipios.com_-1.png\",\"width\":5325,\"height\":1454,\"caption\":\"Principios\"},\"image\":{\"@id\":\"https:\\\/\\\/diarioprincipios.com\\\/#\\\/schema\\\/logo\\\/image\\\/\"}},{\"@type\":\"Person\",\"@id\":\"https:\\\/\\\/diarioprincipios.com\\\/#\\\/schema\\\/person\\\/436d5a1fd41a5e250e23ff5a6a7cb080\",\"name\":\"Hern\u00e1n L\u00f3pez\",\"image\":{\"@type\":\"ImageObject\",\"inLanguage\":\"es\",\"@id\":\"https:\\\/\\\/diarioprincipios.com\\\/wp-content\\\/litespeed\\\/avatar\\\/11ddfe5610ff3bd100522525b2571f48.jpg?ver=1777048341\",\"url\":\"https:\\\/\\\/diarioprincipios.com\\\/wp-content\\\/litespeed\\\/avatar\\\/11ddfe5610ff3bd100522525b2571f48.jpg?ver=1777048341\",\"contentUrl\":\"https:\\\/\\\/diarioprincipios.com\\\/wp-content\\\/litespeed\\\/avatar\\\/11ddfe5610ff3bd100522525b2571f48.jpg?ver=1777048341\",\"caption\":\"Hern\u00e1n L\u00f3pez\"},\"url\":\"https:\\\/\\\/diarioprincipios.com\\\/index.php\\\/author\\\/hernan\\\/\"}]}<\/script>\n<!-- \/ Yoast SEO plugin. -->","yoast_head_json":{"title":"Puesta en Valor de la Plaza La Lomita - Principios","robots":{"index":"index","follow":"follow","max-snippet":"max-snippet:-1","max-image-preview":"max-image-preview:large","max-video-preview":"max-video-preview:-1"},"canonical":"https:\/\/diarioprincipios.com\/index.php\/2025\/05\/27\/puesta-en-valor-de-la-plaza-la-lomita\/","og_locale":"es_ES","og_type":"article","og_title":"Puesta en Valor de la Plaza La Lomita - Principios","og_description":"Se est\u00e1n realizando obras de mejora y embellecimiento en la Plaza La Lomita, ubicada en calle 134 entre 11 y 12. Son impulsadas por el intendente de Berazategui, Juan Jos\u00e9 Mussi, y financiadas 100% por el Municipio. Los trabajos ya avanzaron en un 90%.Al respecto, Jonathan Holasek, arquitecto de la Secretar\u00eda de Obras P\u00fablicas, coment\u00f3:...","og_url":"https:\/\/diarioprincipios.com\/index.php\/2025\/05\/27\/puesta-en-valor-de-la-plaza-la-lomita\/","og_site_name":"Principios","article_published_time":"2025-05-27T13:48:41+00:00","article_modified_time":"2025-05-27T13:48:42+00:00","og_image":[{"width":1600,"height":1066,"url":"https:\/\/diarioprincipios.com\/wp-content\/uploads\/2025\/05\/AVANZA-LA-PUESTA-EN-VALOR-DE-LA-PLAZA-LA-LOMITA-1.jpg","type":"image\/jpeg"}],"author":"Hern\u00e1n L\u00f3pez","twitter_card":"summary_large_image","twitter_misc":{"Escrito por":"Hern\u00e1n L\u00f3pez","Tiempo de lectura":"2 minutos"},"schema":{"@context":"https:\/\/schema.org","@graph":[{"@type":"Article","@id":"https:\/\/diarioprincipios.com\/index.php\/2025\/05\/27\/puesta-en-valor-de-la-plaza-la-lomita\/#article","isPartOf":{"@id":"https:\/\/diarioprincipios.com\/index.php\/2025\/05\/27\/puesta-en-valor-de-la-plaza-la-lomita\/"},"author":{"name":"Hern\u00e1n L\u00f3pez","@id":"https:\/\/diarioprincipios.com\/#\/schema\/person\/436d5a1fd41a5e250e23ff5a6a7cb080"},"headline":"Puesta en Valor de la Plaza La Lomita","datePublished":"2025-05-27T13:48:41+00:00","dateModified":"2025-05-27T13:48:42+00:00","mainEntityOfPage":{"@id":"https:\/\/diarioprincipios.com\/index.php\/2025\/05\/27\/puesta-en-valor-de-la-plaza-la-lomita\/"},"wordCount":237,"commentCount":0,"publisher":{"@id":"https:\/\/diarioprincipios.com\/#organization"},"image":{"@id":"https:\/\/diarioprincipios.com\/index.php\/2025\/05\/27\/puesta-en-valor-de-la-plaza-la-lomita\/#primaryimage"},"thumbnailUrl":"https:\/\/diarioprincipios.com\/wp-content\/uploads\/2025\/05\/AVANZA-LA-PUESTA-EN-VALOR-DE-LA-PLAZA-LA-LOMITA-1.jpg","articleSection":["Berazategui"],"inLanguage":"es","potentialAction":[{"@type":"CommentAction","name":"Comment","target":["https:\/\/diarioprincipios.com\/index.php\/2025\/05\/27\/puesta-en-valor-de-la-plaza-la-lomita\/#respond"]}]},{"@type":"WebPage","@id":"https:\/\/diarioprincipios.com\/index.php\/2025\/05\/27\/puesta-en-valor-de-la-plaza-la-lomita\/","url":"https:\/\/diarioprincipios.com\/index.php\/2025\/05\/27\/puesta-en-valor-de-la-plaza-la-lomita\/","name":"Puesta en Valor de la Plaza La Lomita - Principios","isPartOf":{"@id":"https:\/\/diarioprincipios.com\/#website"},"primaryImageOfPage":{"@id":"https:\/\/diarioprincipios.com\/index.php\/2025\/05\/27\/puesta-en-valor-de-la-plaza-la-lomita\/#primaryimage"},"image":{"@id":"https:\/\/diarioprincipios.com\/index.php\/2025\/05\/27\/puesta-en-valor-de-la-plaza-la-lomita\/#primaryimage"},"thumbnailUrl":"https:\/\/diarioprincipios.com\/wp-content\/uploads\/2025\/05\/AVANZA-LA-PUESTA-EN-VALOR-DE-LA-PLAZA-LA-LOMITA-1.jpg","datePublished":"2025-05-27T13:48:41+00:00","dateModified":"2025-05-27T13:48:42+00:00","breadcrumb":{"@id":"https:\/\/diarioprincipios.com\/index.php\/2025\/05\/27\/puesta-en-valor-de-la-plaza-la-lomita\/#breadcrumb"},"inLanguage":"es","potentialAction":[{"@type":"ReadAction","target":["https:\/\/diarioprincipios.com\/index.php\/2025\/05\/27\/puesta-en-valor-de-la-plaza-la-lomita\/"]}]},{"@type":"ImageObject","inLanguage":"es","@id":"https:\/\/diarioprincipios.com\/index.php\/2025\/05\/27\/puesta-en-valor-de-la-plaza-la-lomita\/#primaryimage","url":"https:\/\/diarioprincipios.com\/wp-content\/uploads\/2025\/05\/AVANZA-LA-PUESTA-EN-VALOR-DE-LA-PLAZA-LA-LOMITA-1.jpg","contentUrl":"https:\/\/diarioprincipios.com\/wp-content\/uploads\/2025\/05\/AVANZA-LA-PUESTA-EN-VALOR-DE-LA-PLAZA-LA-LOMITA-1.jpg","width":1600,"height":1066},{"@type":"BreadcrumbList","@id":"https:\/\/diarioprincipios.com\/index.php\/2025\/05\/27\/puesta-en-valor-de-la-plaza-la-lomita\/#breadcrumb","itemListElement":[{"@type":"ListItem","position":1,"name":"Portada","item":"https:\/\/diarioprincipios.com\/"},{"@type":"ListItem","position":2,"name":"Puesta en Valor de la Plaza La Lomita"}]},{"@type":"WebSite","@id":"https:\/\/diarioprincipios.com\/#website","url":"https:\/\/diarioprincipios.com\/","name":"Principios","description":"Principios Diario","publisher":{"@id":"https:\/\/diarioprincipios.com\/#organization"},"potentialAction":[{"@type":"SearchAction","target":{"@type":"EntryPoint","urlTemplate":"https:\/\/diarioprincipios.com\/?s={search_term_string}"},"query-input":{"@type":"PropertyValueSpecification","valueRequired":true,"valueName":"search_term_string"}}],"inLanguage":"es"},{"@type":"Organization","@id":"https:\/\/diarioprincipios.com\/#organization","name":"Principios","url":"https:\/\/diarioprincipios.com\/","logo":{"@type":"ImageObject","inLanguage":"es","@id":"https:\/\/diarioprincipios.com\/#\/schema\/logo\/image\/","url":"https:\/\/diarioprincipios.com\/wp-content\/uploads\/2024\/04\/cropped-www.diarioprincipios.com_-1.png","contentUrl":"https:\/\/diarioprincipios.com\/wp-content\/uploads\/2024\/04\/cropped-www.diarioprincipios.com_-1.png","width":5325,"height":1454,"caption":"Principios"},"image":{"@id":"https:\/\/diarioprincipios.com\/#\/schema\/logo\/image\/"}},{"@type":"Person","@id":"https:\/\/diarioprincipios.com\/#\/schema\/person\/436d5a1fd41a5e250e23ff5a6a7cb080","name":"Hern\u00e1n L\u00f3pez","image":{"@type":"ImageObject","inLanguage":"es","@id":"https:\/\/diarioprincipios.com\/wp-content\/litespeed\/avatar\/11ddfe5610ff3bd100522525b2571f48.jpg?ver=1777048341","url":"https:\/\/diarioprincipios.com\/wp-content\/litespeed\/avatar\/11ddfe5610ff3bd100522525b2571f48.jpg?ver=1777048341","contentUrl":"https:\/\/diarioprincipios.com\/wp-content\/litespeed\/avatar\/11ddfe5610ff3bd100522525b2571f48.jpg?ver=1777048341","caption":"Hern\u00e1n L\u00f3pez"},"url":"https:\/\/diarioprincipios.com\/index.php\/author\/hernan\/"}]}},"jetpack_featured_media_url":"https:\/\/diarioprincipios.com\/wp-content\/uploads\/2025\/05\/AVANZA-LA-PUESTA-EN-VALOR-DE-LA-PLAZA-LA-LOMITA-1.jpg","_links":{"self":[{"href":"https:\/\/diarioprincipios.com\/index.php\/wp-json\/wp\/v2\/posts\/24728","targetHints":{"allow":["GET"]}}],"collection":[{"href":"https:\/\/diarioprincipios.com\/index.php\/wp-json\/wp\/v2\/posts"}],"about":[{"href":"https:\/\/diarioprincipios.com\/index.php\/wp-json\/wp\/v2\/types\/post"}],"author":[{"embeddable":true,"href":"https:\/\/diarioprincipios.com\/index.php\/wp-json\/wp\/v2\/users\/2"}],"replies":[{"embeddable":true,"href":"https:\/\/diarioprincipios.com\/index.php\/wp-json\/wp\/v2\/comments?post=24728"}],"version-history":[{"count":1,"href":"https:\/\/diarioprincipios.com\/index.php\/wp-json\/wp\/v2\/posts\/24728\/revisions"}],"predecessor-version":[{"id":24731,"href":"https:\/\/diarioprincipios.com\/index.php\/wp-json\/wp\/v2\/posts\/24728\/revisions\/24731"}],"wp:featuredmedia":[{"embeddable":true,"href":"https:\/\/diarioprincipios.com\/index.php\/wp-json\/wp\/v2\/media\/24730"}],"wp:attachment":[{"href":"https:\/\/diarioprincipios.com\/index.php\/wp-json\/wp\/v2\/media?parent=24728"}],"wp:term":[{"taxonomy":"category","embeddable":true,"href":"https:\/\/diarioprincipios.com\/index.php\/wp-json\/wp\/v2\/categories?post=24728"},{"taxonomy":"post_tag","embeddable":true,"href":"https:\/\/diarioprincipios.com\/index.php\/wp-json\/wp\/v2\/tags?post=24728"}],"curies":[{"name":"wp","href":"https:\/\/api.w.org\/{rel}","templated":true}]}}