{"id":24706,"date":"2025-05-23T11:31:27","date_gmt":"2025-05-23T14:31:27","guid":{"rendered":"https:\/\/diarioprincipios.com\/?p=24706"},"modified":"2025-05-23T11:31:28","modified_gmt":"2025-05-23T14:31:28","slug":"la-segunda-edicion-de-bera-folk-fue-un-gran-exito","status":"publish","type":"post","link":"https:\/\/diarioprincipios.com\/index.php\/2025\/05\/23\/la-segunda-edicion-de-bera-folk-fue-un-gran-exito\/","title":{"rendered":"La Segunda Edici\u00f3n de Bera Folk fue un gran \u00e9xito"},"content":{"rendered":"\n<p>Con la participaci\u00f3n de cerca de mil bailarines y bailarinas, se realiz\u00f3 la segunda edici\u00f3n de Bera Folk, el Certamen Nacional de Danzas Folcl\u00f3ricas que organiza la Municipalidad de Berazategui, con el impulso del intendente Juan Jos\u00e9 Mussi, quien encabez\u00f3 la apertura oficial del evento.<\/p>\n\n\n\n<p>\u201cBera Folk es un homenaje a la Patria, por eso quiero agradecer a todos los que se acercaron a Berazategui para participar de este festival. Somos un municipio que invierte en cultura, porque entendemos que un pa\u00eds sin cultura es un pa\u00eds vac\u00edo. Gracias por seguir aportando a la argentinidad\u201d, expres\u00f3 Mussi.<\/p>\n\n\n\n<p>A su vez, el secretario de Cultura y Educaci\u00f3n, Federico L\u00f3pez, destac\u00f3: \u201cEste festival es posible porque todas las \u00e1reas municipales participan en su organizaci\u00f3n. En Berazategui tenemos un intendente como Juan Jos\u00e9 Mussi, que mantiene firme la decisi\u00f3n pol\u00edtica de invertir en cultura\u201d.<\/p>\n\n\n\n<figure class=\"wp-block-image size-large\"><img loading=\"lazy\" decoding=\"async\" width=\"1024\" height=\"683\" src=\"https:\/\/diarioprincipios.com\/wp-content\/uploads\/2025\/05\/BERA-FOLK-UNA-FIESTA-BIEN-ARGENTINA-Y-BERAZATEGUENSE-3-1024x683.jpg\" alt=\"\" class=\"wp-image-24707\" srcset=\"https:\/\/diarioprincipios.com\/wp-content\/uploads\/2025\/05\/BERA-FOLK-UNA-FIESTA-BIEN-ARGENTINA-Y-BERAZATEGUENSE-3-1024x683.jpg 1024w, https:\/\/diarioprincipios.com\/wp-content\/uploads\/2025\/05\/BERA-FOLK-UNA-FIESTA-BIEN-ARGENTINA-Y-BERAZATEGUENSE-3-300x200.jpg 300w, https:\/\/diarioprincipios.com\/wp-content\/uploads\/2025\/05\/BERA-FOLK-UNA-FIESTA-BIEN-ARGENTINA-Y-BERAZATEGUENSE-3-768x512.jpg 768w, https:\/\/diarioprincipios.com\/wp-content\/uploads\/2025\/05\/BERA-FOLK-UNA-FIESTA-BIEN-ARGENTINA-Y-BERAZATEGUENSE-3-1536x1024.jpg 1536w, https:\/\/diarioprincipios.com\/wp-content\/uploads\/2025\/05\/BERA-FOLK-UNA-FIESTA-BIEN-ARGENTINA-Y-BERAZATEGUENSE-3-600x400.jpg 600w, https:\/\/diarioprincipios.com\/wp-content\/uploads\/2025\/05\/BERA-FOLK-UNA-FIESTA-BIEN-ARGENTINA-Y-BERAZATEGUENSE-3.jpg 1920w\" sizes=\"auto, (max-width: 1024px) 100vw, 1024px\" \/><\/figure>\n\n\n\n<p>Una de las participantes, Milagros C\u00f3rdoba -de la Agrupaci\u00f3n Folcl\u00f3rica Aires Argentinos, de Mar del Plata-, afirm\u00f3: \u201cBera Folk fue una oportunidad muy linda para nosotros. Queremos agradecer a la Municipalidad por la bienvenida que nos dio. El lugar es muy c\u00f3modo, estuvo todo muy bien organizado\u201d.<\/p>\n\n\n\n<p>Bera Folk se desarroll\u00f3 durante dos jornadas, en las que participaron ballets, escuelas, academias, conjuntos oficiales y privados, en distintas categor\u00edas; como as\u00ed tambi\u00e9n solistas de distintos puntos del pa\u00eds. Los rubros fueron malambo, danza tradicional y danza estilizada, entre otros. Asimismo, los jurados fueron Liliana Randisi, Glenda Casaretto y Sergio Ch\u00e1vez.<\/p>\n","protected":false},"excerpt":{"rendered":"<p>Con la participaci\u00f3n de cerca de mil bailarines y bailarinas, se realiz\u00f3 la segunda edici\u00f3n de Bera Folk, el Certamen Nacional de Danzas Folcl\u00f3ricas que organiza la Municipalidad de Berazategui, con el impulso del intendente Juan Jos\u00e9 Mussi, quien encabez\u00f3 la apertura oficial del evento. \u201cBera Folk es un homenaje a la Patria, por eso&#8230;<\/p>\n","protected":false},"author":2,"featured_media":24708,"comment_status":"open","ping_status":"open","sticky":false,"template":"","format":"standard","meta":{"footnotes":""},"categories":[3,19],"tags":[],"class_list":["post-24706","post","type-post","status-publish","format-standard","has-post-thumbnail","hentry","category-berazategui","category-cultura-educacion"],"featured_image_src":"https:\/\/diarioprincipios.com\/wp-content\/uploads\/2025\/05\/BERA-FOLK-UNA-FIESTA-BIEN-ARGENTINA-Y-BERAZATEGUENSE-2-1024x683.jpg","blog_images":{"medium":"https:\/\/diarioprincipios.com\/wp-content\/uploads\/2025\/05\/BERA-FOLK-UNA-FIESTA-BIEN-ARGENTINA-Y-BERAZATEGUENSE-2-300x200.jpg","large":"https:\/\/diarioprincipios.com\/wp-content\/uploads\/2025\/05\/BERA-FOLK-UNA-FIESTA-BIEN-ARGENTINA-Y-BERAZATEGUENSE-2-1024x683.jpg"},"ams_acf":[],"yoast_head":"<!-- This site is optimized with the Yoast SEO plugin v27.3 - https:\/\/yoast.com\/product\/yoast-seo-wordpress\/ -->\n<title>La Segunda Edici\u00f3n de Bera Folk fue un gran \u00e9xito - Principios<\/title>\n<meta name=\"robots\" content=\"index, follow, max-snippet:-1, max-image-preview:large, max-video-preview:-1\" \/>\n<link rel=\"canonical\" href=\"https:\/\/diarioprincipios.com\/index.php\/2025\/05\/23\/la-segunda-edicion-de-bera-folk-fue-un-gran-exito\/\" \/>\n<meta property=\"og:locale\" content=\"es_ES\" \/>\n<meta property=\"og:type\" content=\"article\" \/>\n<meta property=\"og:title\" content=\"La Segunda Edici\u00f3n de Bera Folk fue un gran \u00e9xito - Principios\" \/>\n<meta property=\"og:description\" content=\"Con la participaci\u00f3n de cerca de mil bailarines y bailarinas, se realiz\u00f3 la segunda edici\u00f3n de Bera Folk, el Certamen Nacional de Danzas Folcl\u00f3ricas que organiza la Municipalidad de Berazategui, con el impulso del intendente Juan Jos\u00e9 Mussi, quien encabez\u00f3 la apertura oficial del evento. \u201cBera Folk es un homenaje a la Patria, por eso...\" \/>\n<meta property=\"og:url\" content=\"https:\/\/diarioprincipios.com\/index.php\/2025\/05\/23\/la-segunda-edicion-de-bera-folk-fue-un-gran-exito\/\" \/>\n<meta property=\"og:site_name\" content=\"Principios\" \/>\n<meta property=\"article:published_time\" content=\"2025-05-23T14:31:27+00:00\" \/>\n<meta property=\"article:modified_time\" content=\"2025-05-23T14:31:28+00:00\" \/>\n<meta property=\"og:image\" content=\"https:\/\/diarioprincipios.com\/wp-content\/uploads\/2025\/05\/BERA-FOLK-UNA-FIESTA-BIEN-ARGENTINA-Y-BERAZATEGUENSE-2.jpg\" \/>\n\t<meta property=\"og:image:width\" content=\"1920\" \/>\n\t<meta property=\"og:image:height\" content=\"1280\" \/>\n\t<meta property=\"og:image:type\" content=\"image\/jpeg\" \/>\n<meta name=\"author\" content=\"Hern\u00e1n L\u00f3pez\" \/>\n<meta name=\"twitter:card\" content=\"summary_large_image\" \/>\n<meta name=\"twitter:label1\" content=\"Escrito por\" \/>\n\t<meta name=\"twitter:data1\" content=\"Hern\u00e1n L\u00f3pez\" \/>\n\t<meta name=\"twitter:label2\" content=\"Tiempo de lectura\" \/>\n\t<meta name=\"twitter:data2\" content=\"2 minutos\" \/>\n<script type=\"application\/ld+json\" class=\"yoast-schema-graph\">{\"@context\":\"https:\\\/\\\/schema.org\",\"@graph\":[{\"@type\":\"Article\",\"@id\":\"https:\\\/\\\/diarioprincipios.com\\\/index.php\\\/2025\\\/05\\\/23\\\/la-segunda-edicion-de-bera-folk-fue-un-gran-exito\\\/#article\",\"isPartOf\":{\"@id\":\"https:\\\/\\\/diarioprincipios.com\\\/index.php\\\/2025\\\/05\\\/23\\\/la-segunda-edicion-de-bera-folk-fue-un-gran-exito\\\/\"},\"author\":{\"name\":\"Hern\u00e1n L\u00f3pez\",\"@id\":\"https:\\\/\\\/diarioprincipios.com\\\/#\\\/schema\\\/person\\\/436d5a1fd41a5e250e23ff5a6a7cb080\"},\"headline\":\"La Segunda Edici\u00f3n de Bera Folk fue un gran \u00e9xito\",\"datePublished\":\"2025-05-23T14:31:27+00:00\",\"dateModified\":\"2025-05-23T14:31:28+00:00\",\"mainEntityOfPage\":{\"@id\":\"https:\\\/\\\/diarioprincipios.com\\\/index.php\\\/2025\\\/05\\\/23\\\/la-segunda-edicion-de-bera-folk-fue-un-gran-exito\\\/\"},\"wordCount\":270,\"commentCount\":0,\"publisher\":{\"@id\":\"https:\\\/\\\/diarioprincipios.com\\\/#organization\"},\"image\":{\"@id\":\"https:\\\/\\\/diarioprincipios.com\\\/index.php\\\/2025\\\/05\\\/23\\\/la-segunda-edicion-de-bera-folk-fue-un-gran-exito\\\/#primaryimage\"},\"thumbnailUrl\":\"https:\\\/\\\/diarioprincipios.com\\\/wp-content\\\/uploads\\\/2025\\\/05\\\/BERA-FOLK-UNA-FIESTA-BIEN-ARGENTINA-Y-BERAZATEGUENSE-2.jpg\",\"articleSection\":[\"Berazategui\",\"Cultura y Educaci\u00f3n\"],\"inLanguage\":\"es\",\"potentialAction\":[{\"@type\":\"CommentAction\",\"name\":\"Comment\",\"target\":[\"https:\\\/\\\/diarioprincipios.com\\\/index.php\\\/2025\\\/05\\\/23\\\/la-segunda-edicion-de-bera-folk-fue-un-gran-exito\\\/#respond\"]}]},{\"@type\":\"WebPage\",\"@id\":\"https:\\\/\\\/diarioprincipios.com\\\/index.php\\\/2025\\\/05\\\/23\\\/la-segunda-edicion-de-bera-folk-fue-un-gran-exito\\\/\",\"url\":\"https:\\\/\\\/diarioprincipios.com\\\/index.php\\\/2025\\\/05\\\/23\\\/la-segunda-edicion-de-bera-folk-fue-un-gran-exito\\\/\",\"name\":\"La Segunda Edici\u00f3n de Bera Folk fue un gran \u00e9xito - Principios\",\"isPartOf\":{\"@id\":\"https:\\\/\\\/diarioprincipios.com\\\/#website\"},\"primaryImageOfPage\":{\"@id\":\"https:\\\/\\\/diarioprincipios.com\\\/index.php\\\/2025\\\/05\\\/23\\\/la-segunda-edicion-de-bera-folk-fue-un-gran-exito\\\/#primaryimage\"},\"image\":{\"@id\":\"https:\\\/\\\/diarioprincipios.com\\\/index.php\\\/2025\\\/05\\\/23\\\/la-segunda-edicion-de-bera-folk-fue-un-gran-exito\\\/#primaryimage\"},\"thumbnailUrl\":\"https:\\\/\\\/diarioprincipios.com\\\/wp-content\\\/uploads\\\/2025\\\/05\\\/BERA-FOLK-UNA-FIESTA-BIEN-ARGENTINA-Y-BERAZATEGUENSE-2.jpg\",\"datePublished\":\"2025-05-23T14:31:27+00:00\",\"dateModified\":\"2025-05-23T14:31:28+00:00\",\"breadcrumb\":{\"@id\":\"https:\\\/\\\/diarioprincipios.com\\\/index.php\\\/2025\\\/05\\\/23\\\/la-segunda-edicion-de-bera-folk-fue-un-gran-exito\\\/#breadcrumb\"},\"inLanguage\":\"es\",\"potentialAction\":[{\"@type\":\"ReadAction\",\"target\":[\"https:\\\/\\\/diarioprincipios.com\\\/index.php\\\/2025\\\/05\\\/23\\\/la-segunda-edicion-de-bera-folk-fue-un-gran-exito\\\/\"]}]},{\"@type\":\"ImageObject\",\"inLanguage\":\"es\",\"@id\":\"https:\\\/\\\/diarioprincipios.com\\\/index.php\\\/2025\\\/05\\\/23\\\/la-segunda-edicion-de-bera-folk-fue-un-gran-exito\\\/#primaryimage\",\"url\":\"https:\\\/\\\/diarioprincipios.com\\\/wp-content\\\/uploads\\\/2025\\\/05\\\/BERA-FOLK-UNA-FIESTA-BIEN-ARGENTINA-Y-BERAZATEGUENSE-2.jpg\",\"contentUrl\":\"https:\\\/\\\/diarioprincipios.com\\\/wp-content\\\/uploads\\\/2025\\\/05\\\/BERA-FOLK-UNA-FIESTA-BIEN-ARGENTINA-Y-BERAZATEGUENSE-2.jpg\",\"width\":1920,\"height\":1280},{\"@type\":\"BreadcrumbList\",\"@id\":\"https:\\\/\\\/diarioprincipios.com\\\/index.php\\\/2025\\\/05\\\/23\\\/la-segunda-edicion-de-bera-folk-fue-un-gran-exito\\\/#breadcrumb\",\"itemListElement\":[{\"@type\":\"ListItem\",\"position\":1,\"name\":\"Portada\",\"item\":\"https:\\\/\\\/diarioprincipios.com\\\/\"},{\"@type\":\"ListItem\",\"position\":2,\"name\":\"La Segunda Edici\u00f3n de Bera Folk fue un gran \u00e9xito\"}]},{\"@type\":\"WebSite\",\"@id\":\"https:\\\/\\\/diarioprincipios.com\\\/#website\",\"url\":\"https:\\\/\\\/diarioprincipios.com\\\/\",\"name\":\"Principios\",\"description\":\"Principios Diario\",\"publisher\":{\"@id\":\"https:\\\/\\\/diarioprincipios.com\\\/#organization\"},\"potentialAction\":[{\"@type\":\"SearchAction\",\"target\":{\"@type\":\"EntryPoint\",\"urlTemplate\":\"https:\\\/\\\/diarioprincipios.com\\\/?s={search_term_string}\"},\"query-input\":{\"@type\":\"PropertyValueSpecification\",\"valueRequired\":true,\"valueName\":\"search_term_string\"}}],\"inLanguage\":\"es\"},{\"@type\":\"Organization\",\"@id\":\"https:\\\/\\\/diarioprincipios.com\\\/#organization\",\"name\":\"Principios\",\"url\":\"https:\\\/\\\/diarioprincipios.com\\\/\",\"logo\":{\"@type\":\"ImageObject\",\"inLanguage\":\"es\",\"@id\":\"https:\\\/\\\/diarioprincipios.com\\\/#\\\/schema\\\/logo\\\/image\\\/\",\"url\":\"https:\\\/\\\/diarioprincipios.com\\\/wp-content\\\/uploads\\\/2024\\\/04\\\/cropped-www.diarioprincipios.com_-1.png\",\"contentUrl\":\"https:\\\/\\\/diarioprincipios.com\\\/wp-content\\\/uploads\\\/2024\\\/04\\\/cropped-www.diarioprincipios.com_-1.png\",\"width\":5325,\"height\":1454,\"caption\":\"Principios\"},\"image\":{\"@id\":\"https:\\\/\\\/diarioprincipios.com\\\/#\\\/schema\\\/logo\\\/image\\\/\"}},{\"@type\":\"Person\",\"@id\":\"https:\\\/\\\/diarioprincipios.com\\\/#\\\/schema\\\/person\\\/436d5a1fd41a5e250e23ff5a6a7cb080\",\"name\":\"Hern\u00e1n L\u00f3pez\",\"image\":{\"@type\":\"ImageObject\",\"inLanguage\":\"es\",\"@id\":\"https:\\\/\\\/diarioprincipios.com\\\/wp-content\\\/litespeed\\\/avatar\\\/11ddfe5610ff3bd100522525b2571f48.jpg?ver=1777048341\",\"url\":\"https:\\\/\\\/diarioprincipios.com\\\/wp-content\\\/litespeed\\\/avatar\\\/11ddfe5610ff3bd100522525b2571f48.jpg?ver=1777048341\",\"contentUrl\":\"https:\\\/\\\/diarioprincipios.com\\\/wp-content\\\/litespeed\\\/avatar\\\/11ddfe5610ff3bd100522525b2571f48.jpg?ver=1777048341\",\"caption\":\"Hern\u00e1n L\u00f3pez\"},\"url\":\"https:\\\/\\\/diarioprincipios.com\\\/index.php\\\/author\\\/hernan\\\/\"}]}<\/script>\n<!-- \/ Yoast SEO plugin. -->","yoast_head_json":{"title":"La Segunda Edici\u00f3n de Bera Folk fue un gran \u00e9xito - Principios","robots":{"index":"index","follow":"follow","max-snippet":"max-snippet:-1","max-image-preview":"max-image-preview:large","max-video-preview":"max-video-preview:-1"},"canonical":"https:\/\/diarioprincipios.com\/index.php\/2025\/05\/23\/la-segunda-edicion-de-bera-folk-fue-un-gran-exito\/","og_locale":"es_ES","og_type":"article","og_title":"La Segunda Edici\u00f3n de Bera Folk fue un gran \u00e9xito - Principios","og_description":"Con la participaci\u00f3n de cerca de mil bailarines y bailarinas, se realiz\u00f3 la segunda edici\u00f3n de Bera Folk, el Certamen Nacional de Danzas Folcl\u00f3ricas que organiza la Municipalidad de Berazategui, con el impulso del intendente Juan Jos\u00e9 Mussi, quien encabez\u00f3 la apertura oficial del evento. \u201cBera Folk es un homenaje a la Patria, por eso...","og_url":"https:\/\/diarioprincipios.com\/index.php\/2025\/05\/23\/la-segunda-edicion-de-bera-folk-fue-un-gran-exito\/","og_site_name":"Principios","article_published_time":"2025-05-23T14:31:27+00:00","article_modified_time":"2025-05-23T14:31:28+00:00","og_image":[{"width":1920,"height":1280,"url":"https:\/\/diarioprincipios.com\/wp-content\/uploads\/2025\/05\/BERA-FOLK-UNA-FIESTA-BIEN-ARGENTINA-Y-BERAZATEGUENSE-2.jpg","type":"image\/jpeg"}],"author":"Hern\u00e1n L\u00f3pez","twitter_card":"summary_large_image","twitter_misc":{"Escrito por":"Hern\u00e1n L\u00f3pez","Tiempo de lectura":"2 minutos"},"schema":{"@context":"https:\/\/schema.org","@graph":[{"@type":"Article","@id":"https:\/\/diarioprincipios.com\/index.php\/2025\/05\/23\/la-segunda-edicion-de-bera-folk-fue-un-gran-exito\/#article","isPartOf":{"@id":"https:\/\/diarioprincipios.com\/index.php\/2025\/05\/23\/la-segunda-edicion-de-bera-folk-fue-un-gran-exito\/"},"author":{"name":"Hern\u00e1n L\u00f3pez","@id":"https:\/\/diarioprincipios.com\/#\/schema\/person\/436d5a1fd41a5e250e23ff5a6a7cb080"},"headline":"La Segunda Edici\u00f3n de Bera Folk fue un gran \u00e9xito","datePublished":"2025-05-23T14:31:27+00:00","dateModified":"2025-05-23T14:31:28+00:00","mainEntityOfPage":{"@id":"https:\/\/diarioprincipios.com\/index.php\/2025\/05\/23\/la-segunda-edicion-de-bera-folk-fue-un-gran-exito\/"},"wordCount":270,"commentCount":0,"publisher":{"@id":"https:\/\/diarioprincipios.com\/#organization"},"image":{"@id":"https:\/\/diarioprincipios.com\/index.php\/2025\/05\/23\/la-segunda-edicion-de-bera-folk-fue-un-gran-exito\/#primaryimage"},"thumbnailUrl":"https:\/\/diarioprincipios.com\/wp-content\/uploads\/2025\/05\/BERA-FOLK-UNA-FIESTA-BIEN-ARGENTINA-Y-BERAZATEGUENSE-2.jpg","articleSection":["Berazategui","Cultura y Educaci\u00f3n"],"inLanguage":"es","potentialAction":[{"@type":"CommentAction","name":"Comment","target":["https:\/\/diarioprincipios.com\/index.php\/2025\/05\/23\/la-segunda-edicion-de-bera-folk-fue-un-gran-exito\/#respond"]}]},{"@type":"WebPage","@id":"https:\/\/diarioprincipios.com\/index.php\/2025\/05\/23\/la-segunda-edicion-de-bera-folk-fue-un-gran-exito\/","url":"https:\/\/diarioprincipios.com\/index.php\/2025\/05\/23\/la-segunda-edicion-de-bera-folk-fue-un-gran-exito\/","name":"La Segunda Edici\u00f3n de Bera Folk fue un gran \u00e9xito - Principios","isPartOf":{"@id":"https:\/\/diarioprincipios.com\/#website"},"primaryImageOfPage":{"@id":"https:\/\/diarioprincipios.com\/index.php\/2025\/05\/23\/la-segunda-edicion-de-bera-folk-fue-un-gran-exito\/#primaryimage"},"image":{"@id":"https:\/\/diarioprincipios.com\/index.php\/2025\/05\/23\/la-segunda-edicion-de-bera-folk-fue-un-gran-exito\/#primaryimage"},"thumbnailUrl":"https:\/\/diarioprincipios.com\/wp-content\/uploads\/2025\/05\/BERA-FOLK-UNA-FIESTA-BIEN-ARGENTINA-Y-BERAZATEGUENSE-2.jpg","datePublished":"2025-05-23T14:31:27+00:00","dateModified":"2025-05-23T14:31:28+00:00","breadcrumb":{"@id":"https:\/\/diarioprincipios.com\/index.php\/2025\/05\/23\/la-segunda-edicion-de-bera-folk-fue-un-gran-exito\/#breadcrumb"},"inLanguage":"es","potentialAction":[{"@type":"ReadAction","target":["https:\/\/diarioprincipios.com\/index.php\/2025\/05\/23\/la-segunda-edicion-de-bera-folk-fue-un-gran-exito\/"]}]},{"@type":"ImageObject","inLanguage":"es","@id":"https:\/\/diarioprincipios.com\/index.php\/2025\/05\/23\/la-segunda-edicion-de-bera-folk-fue-un-gran-exito\/#primaryimage","url":"https:\/\/diarioprincipios.com\/wp-content\/uploads\/2025\/05\/BERA-FOLK-UNA-FIESTA-BIEN-ARGENTINA-Y-BERAZATEGUENSE-2.jpg","contentUrl":"https:\/\/diarioprincipios.com\/wp-content\/uploads\/2025\/05\/BERA-FOLK-UNA-FIESTA-BIEN-ARGENTINA-Y-BERAZATEGUENSE-2.jpg","width":1920,"height":1280},{"@type":"BreadcrumbList","@id":"https:\/\/diarioprincipios.com\/index.php\/2025\/05\/23\/la-segunda-edicion-de-bera-folk-fue-un-gran-exito\/#breadcrumb","itemListElement":[{"@type":"ListItem","position":1,"name":"Portada","item":"https:\/\/diarioprincipios.com\/"},{"@type":"ListItem","position":2,"name":"La Segunda Edici\u00f3n de Bera Folk fue un gran \u00e9xito"}]},{"@type":"WebSite","@id":"https:\/\/diarioprincipios.com\/#website","url":"https:\/\/diarioprincipios.com\/","name":"Principios","description":"Principios Diario","publisher":{"@id":"https:\/\/diarioprincipios.com\/#organization"},"potentialAction":[{"@type":"SearchAction","target":{"@type":"EntryPoint","urlTemplate":"https:\/\/diarioprincipios.com\/?s={search_term_string}"},"query-input":{"@type":"PropertyValueSpecification","valueRequired":true,"valueName":"search_term_string"}}],"inLanguage":"es"},{"@type":"Organization","@id":"https:\/\/diarioprincipios.com\/#organization","name":"Principios","url":"https:\/\/diarioprincipios.com\/","logo":{"@type":"ImageObject","inLanguage":"es","@id":"https:\/\/diarioprincipios.com\/#\/schema\/logo\/image\/","url":"https:\/\/diarioprincipios.com\/wp-content\/uploads\/2024\/04\/cropped-www.diarioprincipios.com_-1.png","contentUrl":"https:\/\/diarioprincipios.com\/wp-content\/uploads\/2024\/04\/cropped-www.diarioprincipios.com_-1.png","width":5325,"height":1454,"caption":"Principios"},"image":{"@id":"https:\/\/diarioprincipios.com\/#\/schema\/logo\/image\/"}},{"@type":"Person","@id":"https:\/\/diarioprincipios.com\/#\/schema\/person\/436d5a1fd41a5e250e23ff5a6a7cb080","name":"Hern\u00e1n L\u00f3pez","image":{"@type":"ImageObject","inLanguage":"es","@id":"https:\/\/diarioprincipios.com\/wp-content\/litespeed\/avatar\/11ddfe5610ff3bd100522525b2571f48.jpg?ver=1777048341","url":"https:\/\/diarioprincipios.com\/wp-content\/litespeed\/avatar\/11ddfe5610ff3bd100522525b2571f48.jpg?ver=1777048341","contentUrl":"https:\/\/diarioprincipios.com\/wp-content\/litespeed\/avatar\/11ddfe5610ff3bd100522525b2571f48.jpg?ver=1777048341","caption":"Hern\u00e1n L\u00f3pez"},"url":"https:\/\/diarioprincipios.com\/index.php\/author\/hernan\/"}]}},"jetpack_featured_media_url":"https:\/\/diarioprincipios.com\/wp-content\/uploads\/2025\/05\/BERA-FOLK-UNA-FIESTA-BIEN-ARGENTINA-Y-BERAZATEGUENSE-2.jpg","_links":{"self":[{"href":"https:\/\/diarioprincipios.com\/index.php\/wp-json\/wp\/v2\/posts\/24706","targetHints":{"allow":["GET"]}}],"collection":[{"href":"https:\/\/diarioprincipios.com\/index.php\/wp-json\/wp\/v2\/posts"}],"about":[{"href":"https:\/\/diarioprincipios.com\/index.php\/wp-json\/wp\/v2\/types\/post"}],"author":[{"embeddable":true,"href":"https:\/\/diarioprincipios.com\/index.php\/wp-json\/wp\/v2\/users\/2"}],"replies":[{"embeddable":true,"href":"https:\/\/diarioprincipios.com\/index.php\/wp-json\/wp\/v2\/comments?post=24706"}],"version-history":[{"count":1,"href":"https:\/\/diarioprincipios.com\/index.php\/wp-json\/wp\/v2\/posts\/24706\/revisions"}],"predecessor-version":[{"id":24709,"href":"https:\/\/diarioprincipios.com\/index.php\/wp-json\/wp\/v2\/posts\/24706\/revisions\/24709"}],"wp:featuredmedia":[{"embeddable":true,"href":"https:\/\/diarioprincipios.com\/index.php\/wp-json\/wp\/v2\/media\/24708"}],"wp:attachment":[{"href":"https:\/\/diarioprincipios.com\/index.php\/wp-json\/wp\/v2\/media?parent=24706"}],"wp:term":[{"taxonomy":"category","embeddable":true,"href":"https:\/\/diarioprincipios.com\/index.php\/wp-json\/wp\/v2\/categories?post=24706"},{"taxonomy":"post_tag","embeddable":true,"href":"https:\/\/diarioprincipios.com\/index.php\/wp-json\/wp\/v2\/tags?post=24706"}],"curies":[{"name":"wp","href":"https:\/\/api.w.org\/{rel}","templated":true}]}}