{"id":24681,"date":"2025-05-18T13:08:39","date_gmt":"2025-05-18T16:08:39","guid":{"rendered":"https:\/\/diarioprincipios.com\/?p=24681"},"modified":"2025-05-18T13:09:56","modified_gmt":"2025-05-18T16:09:56","slug":"mussi-encabezo-entrega-gratuita-de-lentes","status":"publish","type":"post","link":"https:\/\/diarioprincipios.com\/index.php\/2025\/05\/18\/mussi-encabezo-entrega-gratuita-de-lentes\/","title":{"rendered":"Mussi encabez\u00f3 entrega gratuita de Lentes a vecinos sin Obra Social"},"content":{"rendered":"\n<p><strong>Gracias al Gobierno de la provincia de Buenos Aires, la Municipalidad de Berazategui\u00a0entreg\u00f3\u00a0148 pares de anteojos gratuitos a vecinos y vecinas sin obra social, que recibieron su atenci\u00f3n en el Centro Oftalmol\u00f3gico Municipal San Camilo. Encabezado por el intendente Juan Jos\u00e9 Mussi y el vicepresidente de la Fundaci\u00f3n Banco Provincia, Alejandro Alegretti, el acto se desarroll\u00f3 en el Edificio Municipal.<\/strong><br>Con esta iniciativa, unas 118 familias se ahorraron alrededor de 100 mil pesos entre la consulta oftalmol\u00f3gica, el estudio de control, los marcos y los cristales. Este servicio es brindado por la Secretar\u00eda de Salud P\u00fablica e Higiene municipal -a trav\u00e9s del Centro Oftalmol\u00f3gico San Camilo-, en articulaci\u00f3n con el Club de Leones y la Fundaci\u00f3n Banco Provincia.\u00a0<br>Al respecto, el Dr. Mussi indic\u00f3: \u201cHace 37 a\u00f1os comenc\u00e9 a caminar junto a los y las berazateguenses, tratando de resolverles los peque\u00f1os problemas que tienen todos los d\u00edas. Por eso quiero agradecerle profundamente al gobernador Axel Kicillof y a la Fundaci\u00f3n Banco Provincia por esta ayuda tan trascendental. Adem\u00e1s, al Club de Leones, con quienes estamos unidos en este esfuerzo por mejorar la salud visual de nuestros vecinos y vecinas\u201d.\u00a0<\/p>\n\n\n\n<figure class=\"wp-block-image size-large\"><img loading=\"lazy\" decoding=\"async\" width=\"1024\" height=\"683\" src=\"https:\/\/diarioprincipios.com\/wp-content\/uploads\/2025\/05\/VECINOS-Y-VECINAS-DE-BERAZATEGUI-RECIBIERON-LENTES-GRATUITOS-1024x683.jpg\" alt=\"\" class=\"wp-image-24682\" srcset=\"https:\/\/diarioprincipios.com\/wp-content\/uploads\/2025\/05\/VECINOS-Y-VECINAS-DE-BERAZATEGUI-RECIBIERON-LENTES-GRATUITOS-1024x683.jpg 1024w, https:\/\/diarioprincipios.com\/wp-content\/uploads\/2025\/05\/VECINOS-Y-VECINAS-DE-BERAZATEGUI-RECIBIERON-LENTES-GRATUITOS-300x200.jpg 300w, https:\/\/diarioprincipios.com\/wp-content\/uploads\/2025\/05\/VECINOS-Y-VECINAS-DE-BERAZATEGUI-RECIBIERON-LENTES-GRATUITOS-768x512.jpg 768w, https:\/\/diarioprincipios.com\/wp-content\/uploads\/2025\/05\/VECINOS-Y-VECINAS-DE-BERAZATEGUI-RECIBIERON-LENTES-GRATUITOS-1536x1024.jpg 1536w, https:\/\/diarioprincipios.com\/wp-content\/uploads\/2025\/05\/VECINOS-Y-VECINAS-DE-BERAZATEGUI-RECIBIERON-LENTES-GRATUITOS-600x400.jpg 600w, https:\/\/diarioprincipios.com\/wp-content\/uploads\/2025\/05\/VECINOS-Y-VECINAS-DE-BERAZATEGUI-RECIBIERON-LENTES-GRATUITOS.jpg 1920w\" sizes=\"auto, (max-width: 1024px) 100vw, 1024px\" \/><\/figure>\n\n\n\n<p><br>En este sentido, el Intendente resalt\u00f3: \u201cEsto que estamos haciendo es muy importante, porque tiene que ver con la salud. Sabemos que a muchos ni\u00f1os, en las escuelas, les cuesta aprender porque no pueden ver bien&#8230; y los anteojos vienen a resolver ese problema\u201d. Y agreg\u00f3: \u00abEn esta ocasi\u00f3n, tambi\u00e9n recibieron sus lentes aquellas personas adultas que no tienen una obra social y no pueden comprarlos, porque nosotros no descuidamos estas cosas\u201d.\u00a0 \u00a0\u00a0Asimismo, Alegretti expres\u00f3: \u201cCelebro este trabajo de la Fundaci\u00f3n del Banco de todas y todos los bonaerenses, siempre tratando de estar cerca de las necesidades de su pueblo, a pedido del gobernador Axel Kicillof. Para eso se requiere la decisi\u00f3n pol\u00edtica de un Gobierno municipal que nos indique cu\u00e1les son y c\u00f3mo llegar a ellas. Felicito al Intendente y a todo su equipo por \u00e9sta y muchas acciones m\u00e1s que se llevan a cabo para el beneficio de la comunidad. Comenzamos esta iniciativa con las escuelas, entregando a los y las estudiantes esta herramienta que tiene un alto impacto en su vida: los anteojos, y mostr\u00e1ndoles que hay un mundo completamente distinto\u201d.<br>Asistieron, adem\u00e1s, integrantes del Gabinete municipal; el pasado gobernador inmediato del Distrito O5 de Clubes de Leones de Argentina, Alberto Gim\u00e9nez; la secretaria del Club de Leones de Berazategui, Irma Monteros; vecinos y vecinas.<\/p>\n","protected":false},"excerpt":{"rendered":"<p>Gracias al Gobierno de la provincia de Buenos Aires, la Municipalidad de Berazategui\u00a0entreg\u00f3\u00a0148 pares de anteojos gratuitos a vecinos y vecinas sin obra social, que recibieron su atenci\u00f3n en el Centro Oftalmol\u00f3gico Municipal San Camilo. Encabezado por el intendente Juan Jos\u00e9 Mussi y el vicepresidente de la Fundaci\u00f3n Banco Provincia, Alejandro Alegretti, el acto se&#8230;<\/p>\n","protected":false},"author":2,"featured_media":24683,"comment_status":"open","ping_status":"open","sticky":false,"template":"","format":"standard","meta":{"footnotes":""},"categories":[3],"tags":[],"class_list":["post-24681","post","type-post","status-publish","format-standard","has-post-thumbnail","hentry","category-berazategui"],"featured_image_src":"https:\/\/diarioprincipios.com\/wp-content\/uploads\/2025\/05\/VECINOS-Y-VECINAS-DE-BERAZATEGUI-RECIBIERON-LENTES-GRATUITOS-1-1024x683.jpg","blog_images":{"medium":"https:\/\/diarioprincipios.com\/wp-content\/uploads\/2025\/05\/VECINOS-Y-VECINAS-DE-BERAZATEGUI-RECIBIERON-LENTES-GRATUITOS-1-300x200.jpg","large":"https:\/\/diarioprincipios.com\/wp-content\/uploads\/2025\/05\/VECINOS-Y-VECINAS-DE-BERAZATEGUI-RECIBIERON-LENTES-GRATUITOS-1-1024x683.jpg"},"ams_acf":[],"yoast_head":"<!-- This site is optimized with the Yoast SEO plugin v27.3 - https:\/\/yoast.com\/product\/yoast-seo-wordpress\/ -->\n<title>Mussi encabez\u00f3 entrega gratuita de Lentes a vecinos sin Obra Social - Principios<\/title>\n<meta name=\"robots\" content=\"index, follow, max-snippet:-1, max-image-preview:large, max-video-preview:-1\" \/>\n<link rel=\"canonical\" href=\"https:\/\/diarioprincipios.com\/index.php\/2025\/05\/18\/mussi-encabezo-entrega-gratuita-de-lentes\/\" \/>\n<meta property=\"og:locale\" content=\"es_ES\" \/>\n<meta property=\"og:type\" content=\"article\" \/>\n<meta property=\"og:title\" content=\"Mussi encabez\u00f3 entrega gratuita de Lentes a vecinos sin Obra Social - Principios\" \/>\n<meta property=\"og:description\" content=\"Gracias al Gobierno de la provincia de Buenos Aires, la Municipalidad de Berazategui\u00a0entreg\u00f3\u00a0148 pares de anteojos gratuitos a vecinos y vecinas sin obra social, que recibieron su atenci\u00f3n en el Centro Oftalmol\u00f3gico Municipal San Camilo. Encabezado por el intendente Juan Jos\u00e9 Mussi y el vicepresidente de la Fundaci\u00f3n Banco Provincia, Alejandro Alegretti, el acto se...\" \/>\n<meta property=\"og:url\" content=\"https:\/\/diarioprincipios.com\/index.php\/2025\/05\/18\/mussi-encabezo-entrega-gratuita-de-lentes\/\" \/>\n<meta property=\"og:site_name\" content=\"Principios\" \/>\n<meta property=\"article:published_time\" content=\"2025-05-18T16:08:39+00:00\" \/>\n<meta property=\"article:modified_time\" content=\"2025-05-18T16:09:56+00:00\" \/>\n<meta property=\"og:image\" content=\"https:\/\/diarioprincipios.com\/wp-content\/uploads\/2025\/05\/VECINOS-Y-VECINAS-DE-BERAZATEGUI-RECIBIERON-LENTES-GRATUITOS-1.jpg\" \/>\n\t<meta property=\"og:image:width\" content=\"1920\" \/>\n\t<meta property=\"og:image:height\" content=\"1280\" \/>\n\t<meta property=\"og:image:type\" content=\"image\/jpeg\" \/>\n<meta name=\"author\" content=\"Hern\u00e1n L\u00f3pez\" \/>\n<meta name=\"twitter:card\" content=\"summary_large_image\" \/>\n<meta name=\"twitter:label1\" content=\"Escrito por\" \/>\n\t<meta name=\"twitter:data1\" content=\"Hern\u00e1n L\u00f3pez\" \/>\n\t<meta name=\"twitter:label2\" content=\"Tiempo de lectura\" \/>\n\t<meta name=\"twitter:data2\" content=\"3 minutos\" \/>\n<script type=\"application\/ld+json\" class=\"yoast-schema-graph\">{\"@context\":\"https:\\\/\\\/schema.org\",\"@graph\":[{\"@type\":\"Article\",\"@id\":\"https:\\\/\\\/diarioprincipios.com\\\/index.php\\\/2025\\\/05\\\/18\\\/mussi-encabezo-entrega-gratuita-de-lentes\\\/#article\",\"isPartOf\":{\"@id\":\"https:\\\/\\\/diarioprincipios.com\\\/index.php\\\/2025\\\/05\\\/18\\\/mussi-encabezo-entrega-gratuita-de-lentes\\\/\"},\"author\":{\"name\":\"Hern\u00e1n L\u00f3pez\",\"@id\":\"https:\\\/\\\/diarioprincipios.com\\\/#\\\/schema\\\/person\\\/436d5a1fd41a5e250e23ff5a6a7cb080\"},\"headline\":\"Mussi encabez\u00f3 entrega gratuita de Lentes a vecinos sin Obra Social\",\"datePublished\":\"2025-05-18T16:08:39+00:00\",\"dateModified\":\"2025-05-18T16:09:56+00:00\",\"mainEntityOfPage\":{\"@id\":\"https:\\\/\\\/diarioprincipios.com\\\/index.php\\\/2025\\\/05\\\/18\\\/mussi-encabezo-entrega-gratuita-de-lentes\\\/\"},\"wordCount\":443,\"commentCount\":0,\"publisher\":{\"@id\":\"https:\\\/\\\/diarioprincipios.com\\\/#organization\"},\"image\":{\"@id\":\"https:\\\/\\\/diarioprincipios.com\\\/index.php\\\/2025\\\/05\\\/18\\\/mussi-encabezo-entrega-gratuita-de-lentes\\\/#primaryimage\"},\"thumbnailUrl\":\"https:\\\/\\\/diarioprincipios.com\\\/wp-content\\\/uploads\\\/2025\\\/05\\\/VECINOS-Y-VECINAS-DE-BERAZATEGUI-RECIBIERON-LENTES-GRATUITOS-1.jpg\",\"articleSection\":[\"Berazategui\"],\"inLanguage\":\"es\",\"potentialAction\":[{\"@type\":\"CommentAction\",\"name\":\"Comment\",\"target\":[\"https:\\\/\\\/diarioprincipios.com\\\/index.php\\\/2025\\\/05\\\/18\\\/mussi-encabezo-entrega-gratuita-de-lentes\\\/#respond\"]}]},{\"@type\":\"WebPage\",\"@id\":\"https:\\\/\\\/diarioprincipios.com\\\/index.php\\\/2025\\\/05\\\/18\\\/mussi-encabezo-entrega-gratuita-de-lentes\\\/\",\"url\":\"https:\\\/\\\/diarioprincipios.com\\\/index.php\\\/2025\\\/05\\\/18\\\/mussi-encabezo-entrega-gratuita-de-lentes\\\/\",\"name\":\"Mussi encabez\u00f3 entrega gratuita de Lentes a vecinos sin Obra Social - Principios\",\"isPartOf\":{\"@id\":\"https:\\\/\\\/diarioprincipios.com\\\/#website\"},\"primaryImageOfPage\":{\"@id\":\"https:\\\/\\\/diarioprincipios.com\\\/index.php\\\/2025\\\/05\\\/18\\\/mussi-encabezo-entrega-gratuita-de-lentes\\\/#primaryimage\"},\"image\":{\"@id\":\"https:\\\/\\\/diarioprincipios.com\\\/index.php\\\/2025\\\/05\\\/18\\\/mussi-encabezo-entrega-gratuita-de-lentes\\\/#primaryimage\"},\"thumbnailUrl\":\"https:\\\/\\\/diarioprincipios.com\\\/wp-content\\\/uploads\\\/2025\\\/05\\\/VECINOS-Y-VECINAS-DE-BERAZATEGUI-RECIBIERON-LENTES-GRATUITOS-1.jpg\",\"datePublished\":\"2025-05-18T16:08:39+00:00\",\"dateModified\":\"2025-05-18T16:09:56+00:00\",\"breadcrumb\":{\"@id\":\"https:\\\/\\\/diarioprincipios.com\\\/index.php\\\/2025\\\/05\\\/18\\\/mussi-encabezo-entrega-gratuita-de-lentes\\\/#breadcrumb\"},\"inLanguage\":\"es\",\"potentialAction\":[{\"@type\":\"ReadAction\",\"target\":[\"https:\\\/\\\/diarioprincipios.com\\\/index.php\\\/2025\\\/05\\\/18\\\/mussi-encabezo-entrega-gratuita-de-lentes\\\/\"]}]},{\"@type\":\"ImageObject\",\"inLanguage\":\"es\",\"@id\":\"https:\\\/\\\/diarioprincipios.com\\\/index.php\\\/2025\\\/05\\\/18\\\/mussi-encabezo-entrega-gratuita-de-lentes\\\/#primaryimage\",\"url\":\"https:\\\/\\\/diarioprincipios.com\\\/wp-content\\\/uploads\\\/2025\\\/05\\\/VECINOS-Y-VECINAS-DE-BERAZATEGUI-RECIBIERON-LENTES-GRATUITOS-1.jpg\",\"contentUrl\":\"https:\\\/\\\/diarioprincipios.com\\\/wp-content\\\/uploads\\\/2025\\\/05\\\/VECINOS-Y-VECINAS-DE-BERAZATEGUI-RECIBIERON-LENTES-GRATUITOS-1.jpg\",\"width\":1920,\"height\":1280},{\"@type\":\"BreadcrumbList\",\"@id\":\"https:\\\/\\\/diarioprincipios.com\\\/index.php\\\/2025\\\/05\\\/18\\\/mussi-encabezo-entrega-gratuita-de-lentes\\\/#breadcrumb\",\"itemListElement\":[{\"@type\":\"ListItem\",\"position\":1,\"name\":\"Portada\",\"item\":\"https:\\\/\\\/diarioprincipios.com\\\/\"},{\"@type\":\"ListItem\",\"position\":2,\"name\":\"Mussi encabez\u00f3 entrega gratuita de Lentes a vecinos sin Obra Social\"}]},{\"@type\":\"WebSite\",\"@id\":\"https:\\\/\\\/diarioprincipios.com\\\/#website\",\"url\":\"https:\\\/\\\/diarioprincipios.com\\\/\",\"name\":\"Principios\",\"description\":\"Principios Diario\",\"publisher\":{\"@id\":\"https:\\\/\\\/diarioprincipios.com\\\/#organization\"},\"potentialAction\":[{\"@type\":\"SearchAction\",\"target\":{\"@type\":\"EntryPoint\",\"urlTemplate\":\"https:\\\/\\\/diarioprincipios.com\\\/?s={search_term_string}\"},\"query-input\":{\"@type\":\"PropertyValueSpecification\",\"valueRequired\":true,\"valueName\":\"search_term_string\"}}],\"inLanguage\":\"es\"},{\"@type\":\"Organization\",\"@id\":\"https:\\\/\\\/diarioprincipios.com\\\/#organization\",\"name\":\"Principios\",\"url\":\"https:\\\/\\\/diarioprincipios.com\\\/\",\"logo\":{\"@type\":\"ImageObject\",\"inLanguage\":\"es\",\"@id\":\"https:\\\/\\\/diarioprincipios.com\\\/#\\\/schema\\\/logo\\\/image\\\/\",\"url\":\"https:\\\/\\\/diarioprincipios.com\\\/wp-content\\\/uploads\\\/2024\\\/04\\\/cropped-www.diarioprincipios.com_-1.png\",\"contentUrl\":\"https:\\\/\\\/diarioprincipios.com\\\/wp-content\\\/uploads\\\/2024\\\/04\\\/cropped-www.diarioprincipios.com_-1.png\",\"width\":5325,\"height\":1454,\"caption\":\"Principios\"},\"image\":{\"@id\":\"https:\\\/\\\/diarioprincipios.com\\\/#\\\/schema\\\/logo\\\/image\\\/\"}},{\"@type\":\"Person\",\"@id\":\"https:\\\/\\\/diarioprincipios.com\\\/#\\\/schema\\\/person\\\/436d5a1fd41a5e250e23ff5a6a7cb080\",\"name\":\"Hern\u00e1n L\u00f3pez\",\"image\":{\"@type\":\"ImageObject\",\"inLanguage\":\"es\",\"@id\":\"https:\\\/\\\/diarioprincipios.com\\\/wp-content\\\/litespeed\\\/avatar\\\/11ddfe5610ff3bd100522525b2571f48.jpg?ver=1777048341\",\"url\":\"https:\\\/\\\/diarioprincipios.com\\\/wp-content\\\/litespeed\\\/avatar\\\/11ddfe5610ff3bd100522525b2571f48.jpg?ver=1777048341\",\"contentUrl\":\"https:\\\/\\\/diarioprincipios.com\\\/wp-content\\\/litespeed\\\/avatar\\\/11ddfe5610ff3bd100522525b2571f48.jpg?ver=1777048341\",\"caption\":\"Hern\u00e1n L\u00f3pez\"},\"url\":\"https:\\\/\\\/diarioprincipios.com\\\/index.php\\\/author\\\/hernan\\\/\"}]}<\/script>\n<!-- \/ Yoast SEO plugin. -->","yoast_head_json":{"title":"Mussi encabez\u00f3 entrega gratuita de Lentes a vecinos sin Obra Social - Principios","robots":{"index":"index","follow":"follow","max-snippet":"max-snippet:-1","max-image-preview":"max-image-preview:large","max-video-preview":"max-video-preview:-1"},"canonical":"https:\/\/diarioprincipios.com\/index.php\/2025\/05\/18\/mussi-encabezo-entrega-gratuita-de-lentes\/","og_locale":"es_ES","og_type":"article","og_title":"Mussi encabez\u00f3 entrega gratuita de Lentes a vecinos sin Obra Social - Principios","og_description":"Gracias al Gobierno de la provincia de Buenos Aires, la Municipalidad de Berazategui\u00a0entreg\u00f3\u00a0148 pares de anteojos gratuitos a vecinos y vecinas sin obra social, que recibieron su atenci\u00f3n en el Centro Oftalmol\u00f3gico Municipal San Camilo. Encabezado por el intendente Juan Jos\u00e9 Mussi y el vicepresidente de la Fundaci\u00f3n Banco Provincia, Alejandro Alegretti, el acto se...","og_url":"https:\/\/diarioprincipios.com\/index.php\/2025\/05\/18\/mussi-encabezo-entrega-gratuita-de-lentes\/","og_site_name":"Principios","article_published_time":"2025-05-18T16:08:39+00:00","article_modified_time":"2025-05-18T16:09:56+00:00","og_image":[{"width":1920,"height":1280,"url":"https:\/\/diarioprincipios.com\/wp-content\/uploads\/2025\/05\/VECINOS-Y-VECINAS-DE-BERAZATEGUI-RECIBIERON-LENTES-GRATUITOS-1.jpg","type":"image\/jpeg"}],"author":"Hern\u00e1n L\u00f3pez","twitter_card":"summary_large_image","twitter_misc":{"Escrito por":"Hern\u00e1n L\u00f3pez","Tiempo de lectura":"3 minutos"},"schema":{"@context":"https:\/\/schema.org","@graph":[{"@type":"Article","@id":"https:\/\/diarioprincipios.com\/index.php\/2025\/05\/18\/mussi-encabezo-entrega-gratuita-de-lentes\/#article","isPartOf":{"@id":"https:\/\/diarioprincipios.com\/index.php\/2025\/05\/18\/mussi-encabezo-entrega-gratuita-de-lentes\/"},"author":{"name":"Hern\u00e1n L\u00f3pez","@id":"https:\/\/diarioprincipios.com\/#\/schema\/person\/436d5a1fd41a5e250e23ff5a6a7cb080"},"headline":"Mussi encabez\u00f3 entrega gratuita de Lentes a vecinos sin Obra Social","datePublished":"2025-05-18T16:08:39+00:00","dateModified":"2025-05-18T16:09:56+00:00","mainEntityOfPage":{"@id":"https:\/\/diarioprincipios.com\/index.php\/2025\/05\/18\/mussi-encabezo-entrega-gratuita-de-lentes\/"},"wordCount":443,"commentCount":0,"publisher":{"@id":"https:\/\/diarioprincipios.com\/#organization"},"image":{"@id":"https:\/\/diarioprincipios.com\/index.php\/2025\/05\/18\/mussi-encabezo-entrega-gratuita-de-lentes\/#primaryimage"},"thumbnailUrl":"https:\/\/diarioprincipios.com\/wp-content\/uploads\/2025\/05\/VECINOS-Y-VECINAS-DE-BERAZATEGUI-RECIBIERON-LENTES-GRATUITOS-1.jpg","articleSection":["Berazategui"],"inLanguage":"es","potentialAction":[{"@type":"CommentAction","name":"Comment","target":["https:\/\/diarioprincipios.com\/index.php\/2025\/05\/18\/mussi-encabezo-entrega-gratuita-de-lentes\/#respond"]}]},{"@type":"WebPage","@id":"https:\/\/diarioprincipios.com\/index.php\/2025\/05\/18\/mussi-encabezo-entrega-gratuita-de-lentes\/","url":"https:\/\/diarioprincipios.com\/index.php\/2025\/05\/18\/mussi-encabezo-entrega-gratuita-de-lentes\/","name":"Mussi encabez\u00f3 entrega gratuita de Lentes a vecinos sin Obra Social - Principios","isPartOf":{"@id":"https:\/\/diarioprincipios.com\/#website"},"primaryImageOfPage":{"@id":"https:\/\/diarioprincipios.com\/index.php\/2025\/05\/18\/mussi-encabezo-entrega-gratuita-de-lentes\/#primaryimage"},"image":{"@id":"https:\/\/diarioprincipios.com\/index.php\/2025\/05\/18\/mussi-encabezo-entrega-gratuita-de-lentes\/#primaryimage"},"thumbnailUrl":"https:\/\/diarioprincipios.com\/wp-content\/uploads\/2025\/05\/VECINOS-Y-VECINAS-DE-BERAZATEGUI-RECIBIERON-LENTES-GRATUITOS-1.jpg","datePublished":"2025-05-18T16:08:39+00:00","dateModified":"2025-05-18T16:09:56+00:00","breadcrumb":{"@id":"https:\/\/diarioprincipios.com\/index.php\/2025\/05\/18\/mussi-encabezo-entrega-gratuita-de-lentes\/#breadcrumb"},"inLanguage":"es","potentialAction":[{"@type":"ReadAction","target":["https:\/\/diarioprincipios.com\/index.php\/2025\/05\/18\/mussi-encabezo-entrega-gratuita-de-lentes\/"]}]},{"@type":"ImageObject","inLanguage":"es","@id":"https:\/\/diarioprincipios.com\/index.php\/2025\/05\/18\/mussi-encabezo-entrega-gratuita-de-lentes\/#primaryimage","url":"https:\/\/diarioprincipios.com\/wp-content\/uploads\/2025\/05\/VECINOS-Y-VECINAS-DE-BERAZATEGUI-RECIBIERON-LENTES-GRATUITOS-1.jpg","contentUrl":"https:\/\/diarioprincipios.com\/wp-content\/uploads\/2025\/05\/VECINOS-Y-VECINAS-DE-BERAZATEGUI-RECIBIERON-LENTES-GRATUITOS-1.jpg","width":1920,"height":1280},{"@type":"BreadcrumbList","@id":"https:\/\/diarioprincipios.com\/index.php\/2025\/05\/18\/mussi-encabezo-entrega-gratuita-de-lentes\/#breadcrumb","itemListElement":[{"@type":"ListItem","position":1,"name":"Portada","item":"https:\/\/diarioprincipios.com\/"},{"@type":"ListItem","position":2,"name":"Mussi encabez\u00f3 entrega gratuita de Lentes a vecinos sin Obra Social"}]},{"@type":"WebSite","@id":"https:\/\/diarioprincipios.com\/#website","url":"https:\/\/diarioprincipios.com\/","name":"Principios","description":"Principios Diario","publisher":{"@id":"https:\/\/diarioprincipios.com\/#organization"},"potentialAction":[{"@type":"SearchAction","target":{"@type":"EntryPoint","urlTemplate":"https:\/\/diarioprincipios.com\/?s={search_term_string}"},"query-input":{"@type":"PropertyValueSpecification","valueRequired":true,"valueName":"search_term_string"}}],"inLanguage":"es"},{"@type":"Organization","@id":"https:\/\/diarioprincipios.com\/#organization","name":"Principios","url":"https:\/\/diarioprincipios.com\/","logo":{"@type":"ImageObject","inLanguage":"es","@id":"https:\/\/diarioprincipios.com\/#\/schema\/logo\/image\/","url":"https:\/\/diarioprincipios.com\/wp-content\/uploads\/2024\/04\/cropped-www.diarioprincipios.com_-1.png","contentUrl":"https:\/\/diarioprincipios.com\/wp-content\/uploads\/2024\/04\/cropped-www.diarioprincipios.com_-1.png","width":5325,"height":1454,"caption":"Principios"},"image":{"@id":"https:\/\/diarioprincipios.com\/#\/schema\/logo\/image\/"}},{"@type":"Person","@id":"https:\/\/diarioprincipios.com\/#\/schema\/person\/436d5a1fd41a5e250e23ff5a6a7cb080","name":"Hern\u00e1n L\u00f3pez","image":{"@type":"ImageObject","inLanguage":"es","@id":"https:\/\/diarioprincipios.com\/wp-content\/litespeed\/avatar\/11ddfe5610ff3bd100522525b2571f48.jpg?ver=1777048341","url":"https:\/\/diarioprincipios.com\/wp-content\/litespeed\/avatar\/11ddfe5610ff3bd100522525b2571f48.jpg?ver=1777048341","contentUrl":"https:\/\/diarioprincipios.com\/wp-content\/litespeed\/avatar\/11ddfe5610ff3bd100522525b2571f48.jpg?ver=1777048341","caption":"Hern\u00e1n L\u00f3pez"},"url":"https:\/\/diarioprincipios.com\/index.php\/author\/hernan\/"}]}},"jetpack_featured_media_url":"https:\/\/diarioprincipios.com\/wp-content\/uploads\/2025\/05\/VECINOS-Y-VECINAS-DE-BERAZATEGUI-RECIBIERON-LENTES-GRATUITOS-1.jpg","_links":{"self":[{"href":"https:\/\/diarioprincipios.com\/index.php\/wp-json\/wp\/v2\/posts\/24681","targetHints":{"allow":["GET"]}}],"collection":[{"href":"https:\/\/diarioprincipios.com\/index.php\/wp-json\/wp\/v2\/posts"}],"about":[{"href":"https:\/\/diarioprincipios.com\/index.php\/wp-json\/wp\/v2\/types\/post"}],"author":[{"embeddable":true,"href":"https:\/\/diarioprincipios.com\/index.php\/wp-json\/wp\/v2\/users\/2"}],"replies":[{"embeddable":true,"href":"https:\/\/diarioprincipios.com\/index.php\/wp-json\/wp\/v2\/comments?post=24681"}],"version-history":[{"count":2,"href":"https:\/\/diarioprincipios.com\/index.php\/wp-json\/wp\/v2\/posts\/24681\/revisions"}],"predecessor-version":[{"id":24685,"href":"https:\/\/diarioprincipios.com\/index.php\/wp-json\/wp\/v2\/posts\/24681\/revisions\/24685"}],"wp:featuredmedia":[{"embeddable":true,"href":"https:\/\/diarioprincipios.com\/index.php\/wp-json\/wp\/v2\/media\/24683"}],"wp:attachment":[{"href":"https:\/\/diarioprincipios.com\/index.php\/wp-json\/wp\/v2\/media?parent=24681"}],"wp:term":[{"taxonomy":"category","embeddable":true,"href":"https:\/\/diarioprincipios.com\/index.php\/wp-json\/wp\/v2\/categories?post=24681"},{"taxonomy":"post_tag","embeddable":true,"href":"https:\/\/diarioprincipios.com\/index.php\/wp-json\/wp\/v2\/tags?post=24681"}],"curies":[{"name":"wp","href":"https:\/\/api.w.org\/{rel}","templated":true}]}}