{"id":2468,"date":"2020-06-03T21:13:47","date_gmt":"2020-06-04T00:13:47","guid":{"rendered":"http:\/\/diarioprincipios.com\/?p=2468"},"modified":"2020-06-03T21:13:49","modified_gmt":"2020-06-04T00:13:49","slug":"reabrieron-el-paso-peatonal-sur-de-la-estacion-de-hudson","status":"publish","type":"post","link":"https:\/\/diarioprincipios.com\/index.php\/2020\/06\/03\/reabrieron-el-paso-peatonal-sur-de-la-estacion-de-hudson\/","title":{"rendered":"Reabrieron el Paso Peatonal Sur de la Estaci\u00f3n de Hudson"},"content":{"rendered":"\n<p><strong>Tras a\u00f1os de tratativas, los vecinos del barrio La Porte\u00f1a, Hudson, ya pueden disfrutar los significativos beneficios que representa la reapertura del Paso Peatonal Sur de la Estaci\u00f3n de trenes de Hudson (calle 58 y Av. N\u00e9stor Kirchner), que hab\u00eda sido cerrado por la empresa Trenes Argentinos y que complicaba la normal circulaci\u00f3n. Ahora los vecinos esperan con ansias su inauguraci\u00f3n oficial para cuando finalice la etapa de aislamiento social, preventivo y obligatorio.<br><\/strong><br>\u201cEsperamos 2 a\u00f1os hasta que estas puertas fueron abiertas, luego de que las cabeceras sur fueran cerradas para el paso. Mientras tanto, los vecinos, sobre todo las personas discapacitadas, no pod\u00edamos acceder, deb\u00edamos caminar 300 metros m\u00e1s a causa de una decisi\u00f3n pol\u00edtica\u00bb, asegura Esteban Adri\u00e1n Blasco, vecino de La Porte\u00f1a.<\/p>\n\n\n\n<p>\u201cDe modo que los vecinos autoconvocados, junto con los clubes de barrio, las escuelas, sociedades de fomento e integrantes del Sindicato del ferrocarril, juntamos firmas, nos movilizamos con el Municipio a la cabeza, que fue el que gestion\u00f3 con el Gobierno nacional anterior, que siempre rechaz\u00f3 el pedido. Hoy en d\u00eda, y gracias al Municipio de Berazategui y a los vecinos, nuestros derechos adquiridos est\u00e1n en funcionamiento\u201d, finaliza.<\/p>\n\n\n\n<p>Macarena Ca\u00f1ete, quien forma parte de la Sociedad de Fomento y Club Deportivo \u00abNuevos Rumbos\u00bb, expresa: \u201cEste es un d\u00eda muy alegre. Al fin tenemos abiertos los andenes. La gente que ven\u00eda para estudiar y trabajar, lo hac\u00eda con fr\u00edo, lluvias, oscuridad. No ten\u00edamos libre circulaci\u00f3n en la Estaci\u00f3n, por eso eran mayores las distancias, de modo que perd\u00edamos el tren y tambi\u00e9n el presentismo. Hoy tenemos todos los andenes abiertos y queremos agradecerle tanto al Ministerio de Transporte de la Naci\u00f3n, como al intendente Juan Jos\u00e9 Mussi, quien desde el d\u00eda uno nos asegur\u00f3 que iba a gestionar lo que fuera necesario para que esto se solucionara. Y a los vecinos, por la paciencia, por comprender nuestra necesidad y colaborar con el pedido\u00bb.<\/p>\n","protected":false},"excerpt":{"rendered":"<p>Tras a\u00f1os de tratativas, los vecinos del barrio La Porte\u00f1a, Hudson, ya pueden disfrutar los significativos beneficios que representa la reapertura del Paso Peatonal Sur de la Estaci\u00f3n de trenes de Hudson (calle 58 y Av. N\u00e9stor Kirchner), que hab\u00eda sido cerrado por la empresa Trenes Argentinos y que complicaba la normal circulaci\u00f3n. Ahora los&#8230;<\/p>\n","protected":false},"author":2,"featured_media":2469,"comment_status":"open","ping_status":"open","sticky":false,"template":"","format":"standard","meta":{"footnotes":""},"categories":[3],"tags":[],"class_list":["post-2468","post","type-post","status-publish","format-standard","has-post-thumbnail","hentry","category-berazategui"],"featured_image_src":"https:\/\/diarioprincipios.com\/wp-content\/uploads\/2020\/06\/REABRIERON-EL-PASO-PEATONAL-SUR-DE-LA-ESTACI\u00d3N-DE-HUDSON-1-1024x683.jpg","blog_images":{"medium":"https:\/\/diarioprincipios.com\/wp-content\/uploads\/2020\/06\/REABRIERON-EL-PASO-PEATONAL-SUR-DE-LA-ESTACI\u00d3N-DE-HUDSON-1-300x200.jpg","large":"https:\/\/diarioprincipios.com\/wp-content\/uploads\/2020\/06\/REABRIERON-EL-PASO-PEATONAL-SUR-DE-LA-ESTACI\u00d3N-DE-HUDSON-1-1024x683.jpg"},"ams_acf":[],"yoast_head":"<!-- This site is optimized with the Yoast SEO plugin v27.3 - https:\/\/yoast.com\/product\/yoast-seo-wordpress\/ -->\n<title>Reabrieron el Paso Peatonal Sur de la Estaci\u00f3n de Hudson - Principios<\/title>\n<meta name=\"robots\" content=\"index, follow, max-snippet:-1, max-image-preview:large, max-video-preview:-1\" \/>\n<link rel=\"canonical\" href=\"https:\/\/diarioprincipios.com\/index.php\/2020\/06\/03\/reabrieron-el-paso-peatonal-sur-de-la-estacion-de-hudson\/\" \/>\n<meta property=\"og:locale\" content=\"es_ES\" \/>\n<meta property=\"og:type\" content=\"article\" \/>\n<meta property=\"og:title\" content=\"Reabrieron el Paso Peatonal Sur de la Estaci\u00f3n de Hudson - Principios\" \/>\n<meta property=\"og:description\" content=\"Tras a\u00f1os de tratativas, los vecinos del barrio La Porte\u00f1a, Hudson, ya pueden disfrutar los significativos beneficios que representa la reapertura del Paso Peatonal Sur de la Estaci\u00f3n de trenes de Hudson (calle 58 y Av. N\u00e9stor Kirchner), que hab\u00eda sido cerrado por la empresa Trenes Argentinos y que complicaba la normal circulaci\u00f3n. Ahora los...\" \/>\n<meta property=\"og:url\" content=\"https:\/\/diarioprincipios.com\/index.php\/2020\/06\/03\/reabrieron-el-paso-peatonal-sur-de-la-estacion-de-hudson\/\" \/>\n<meta property=\"og:site_name\" content=\"Principios\" \/>\n<meta property=\"article:published_time\" content=\"2020-06-04T00:13:47+00:00\" \/>\n<meta property=\"article:modified_time\" content=\"2020-06-04T00:13:49+00:00\" \/>\n<meta property=\"og:image\" content=\"https:\/\/diarioprincipios.com\/wp-content\/uploads\/2020\/06\/REABRIERON-EL-PASO-PEATONAL-SUR-DE-LA-ESTACI\u00d3N-DE-HUDSON-1.jpg\" \/>\n\t<meta property=\"og:image:width\" content=\"1920\" \/>\n\t<meta property=\"og:image:height\" content=\"1280\" \/>\n\t<meta property=\"og:image:type\" content=\"image\/jpeg\" \/>\n<meta name=\"author\" content=\"Hern\u00e1n L\u00f3pez\" \/>\n<meta name=\"twitter:card\" content=\"summary_large_image\" \/>\n<meta name=\"twitter:label1\" content=\"Escrito por\" \/>\n\t<meta name=\"twitter:data1\" content=\"Hern\u00e1n L\u00f3pez\" \/>\n\t<meta name=\"twitter:label2\" content=\"Tiempo de lectura\" \/>\n\t<meta name=\"twitter:data2\" content=\"2 minutos\" \/>\n<script type=\"application\/ld+json\" class=\"yoast-schema-graph\">{\"@context\":\"https:\\\/\\\/schema.org\",\"@graph\":[{\"@type\":\"Article\",\"@id\":\"https:\\\/\\\/diarioprincipios.com\\\/index.php\\\/2020\\\/06\\\/03\\\/reabrieron-el-paso-peatonal-sur-de-la-estacion-de-hudson\\\/#article\",\"isPartOf\":{\"@id\":\"https:\\\/\\\/diarioprincipios.com\\\/index.php\\\/2020\\\/06\\\/03\\\/reabrieron-el-paso-peatonal-sur-de-la-estacion-de-hudson\\\/\"},\"author\":{\"name\":\"Hern\u00e1n L\u00f3pez\",\"@id\":\"https:\\\/\\\/diarioprincipios.com\\\/#\\\/schema\\\/person\\\/436d5a1fd41a5e250e23ff5a6a7cb080\"},\"headline\":\"Reabrieron el Paso Peatonal Sur de la Estaci\u00f3n de Hudson\",\"datePublished\":\"2020-06-04T00:13:47+00:00\",\"dateModified\":\"2020-06-04T00:13:49+00:00\",\"mainEntityOfPage\":{\"@id\":\"https:\\\/\\\/diarioprincipios.com\\\/index.php\\\/2020\\\/06\\\/03\\\/reabrieron-el-paso-peatonal-sur-de-la-estacion-de-hudson\\\/\"},\"wordCount\":353,\"commentCount\":0,\"publisher\":{\"@id\":\"https:\\\/\\\/diarioprincipios.com\\\/#organization\"},\"image\":{\"@id\":\"https:\\\/\\\/diarioprincipios.com\\\/index.php\\\/2020\\\/06\\\/03\\\/reabrieron-el-paso-peatonal-sur-de-la-estacion-de-hudson\\\/#primaryimage\"},\"thumbnailUrl\":\"https:\\\/\\\/diarioprincipios.com\\\/wp-content\\\/uploads\\\/2020\\\/06\\\/REABRIERON-EL-PASO-PEATONAL-SUR-DE-LA-ESTACI\u00d3N-DE-HUDSON-1.jpg\",\"articleSection\":[\"Berazategui\"],\"inLanguage\":\"es\",\"potentialAction\":[{\"@type\":\"CommentAction\",\"name\":\"Comment\",\"target\":[\"https:\\\/\\\/diarioprincipios.com\\\/index.php\\\/2020\\\/06\\\/03\\\/reabrieron-el-paso-peatonal-sur-de-la-estacion-de-hudson\\\/#respond\"]}]},{\"@type\":\"WebPage\",\"@id\":\"https:\\\/\\\/diarioprincipios.com\\\/index.php\\\/2020\\\/06\\\/03\\\/reabrieron-el-paso-peatonal-sur-de-la-estacion-de-hudson\\\/\",\"url\":\"https:\\\/\\\/diarioprincipios.com\\\/index.php\\\/2020\\\/06\\\/03\\\/reabrieron-el-paso-peatonal-sur-de-la-estacion-de-hudson\\\/\",\"name\":\"Reabrieron el Paso Peatonal Sur de la Estaci\u00f3n de Hudson - Principios\",\"isPartOf\":{\"@id\":\"https:\\\/\\\/diarioprincipios.com\\\/#website\"},\"primaryImageOfPage\":{\"@id\":\"https:\\\/\\\/diarioprincipios.com\\\/index.php\\\/2020\\\/06\\\/03\\\/reabrieron-el-paso-peatonal-sur-de-la-estacion-de-hudson\\\/#primaryimage\"},\"image\":{\"@id\":\"https:\\\/\\\/diarioprincipios.com\\\/index.php\\\/2020\\\/06\\\/03\\\/reabrieron-el-paso-peatonal-sur-de-la-estacion-de-hudson\\\/#primaryimage\"},\"thumbnailUrl\":\"https:\\\/\\\/diarioprincipios.com\\\/wp-content\\\/uploads\\\/2020\\\/06\\\/REABRIERON-EL-PASO-PEATONAL-SUR-DE-LA-ESTACI\u00d3N-DE-HUDSON-1.jpg\",\"datePublished\":\"2020-06-04T00:13:47+00:00\",\"dateModified\":\"2020-06-04T00:13:49+00:00\",\"breadcrumb\":{\"@id\":\"https:\\\/\\\/diarioprincipios.com\\\/index.php\\\/2020\\\/06\\\/03\\\/reabrieron-el-paso-peatonal-sur-de-la-estacion-de-hudson\\\/#breadcrumb\"},\"inLanguage\":\"es\",\"potentialAction\":[{\"@type\":\"ReadAction\",\"target\":[\"https:\\\/\\\/diarioprincipios.com\\\/index.php\\\/2020\\\/06\\\/03\\\/reabrieron-el-paso-peatonal-sur-de-la-estacion-de-hudson\\\/\"]}]},{\"@type\":\"ImageObject\",\"inLanguage\":\"es\",\"@id\":\"https:\\\/\\\/diarioprincipios.com\\\/index.php\\\/2020\\\/06\\\/03\\\/reabrieron-el-paso-peatonal-sur-de-la-estacion-de-hudson\\\/#primaryimage\",\"url\":\"https:\\\/\\\/diarioprincipios.com\\\/wp-content\\\/uploads\\\/2020\\\/06\\\/REABRIERON-EL-PASO-PEATONAL-SUR-DE-LA-ESTACI\u00d3N-DE-HUDSON-1.jpg\",\"contentUrl\":\"https:\\\/\\\/diarioprincipios.com\\\/wp-content\\\/uploads\\\/2020\\\/06\\\/REABRIERON-EL-PASO-PEATONAL-SUR-DE-LA-ESTACI\u00d3N-DE-HUDSON-1.jpg\",\"width\":1920,\"height\":1280},{\"@type\":\"BreadcrumbList\",\"@id\":\"https:\\\/\\\/diarioprincipios.com\\\/index.php\\\/2020\\\/06\\\/03\\\/reabrieron-el-paso-peatonal-sur-de-la-estacion-de-hudson\\\/#breadcrumb\",\"itemListElement\":[{\"@type\":\"ListItem\",\"position\":1,\"name\":\"Portada\",\"item\":\"https:\\\/\\\/diarioprincipios.com\\\/\"},{\"@type\":\"ListItem\",\"position\":2,\"name\":\"Reabrieron el Paso Peatonal Sur de la Estaci\u00f3n de Hudson\"}]},{\"@type\":\"WebSite\",\"@id\":\"https:\\\/\\\/diarioprincipios.com\\\/#website\",\"url\":\"https:\\\/\\\/diarioprincipios.com\\\/\",\"name\":\"Principios\",\"description\":\"Principios Diario\",\"publisher\":{\"@id\":\"https:\\\/\\\/diarioprincipios.com\\\/#organization\"},\"potentialAction\":[{\"@type\":\"SearchAction\",\"target\":{\"@type\":\"EntryPoint\",\"urlTemplate\":\"https:\\\/\\\/diarioprincipios.com\\\/?s={search_term_string}\"},\"query-input\":{\"@type\":\"PropertyValueSpecification\",\"valueRequired\":true,\"valueName\":\"search_term_string\"}}],\"inLanguage\":\"es\"},{\"@type\":\"Organization\",\"@id\":\"https:\\\/\\\/diarioprincipios.com\\\/#organization\",\"name\":\"Principios\",\"url\":\"https:\\\/\\\/diarioprincipios.com\\\/\",\"logo\":{\"@type\":\"ImageObject\",\"inLanguage\":\"es\",\"@id\":\"https:\\\/\\\/diarioprincipios.com\\\/#\\\/schema\\\/logo\\\/image\\\/\",\"url\":\"https:\\\/\\\/diarioprincipios.com\\\/wp-content\\\/uploads\\\/2024\\\/04\\\/cropped-www.diarioprincipios.com_-1.png\",\"contentUrl\":\"https:\\\/\\\/diarioprincipios.com\\\/wp-content\\\/uploads\\\/2024\\\/04\\\/cropped-www.diarioprincipios.com_-1.png\",\"width\":5325,\"height\":1454,\"caption\":\"Principios\"},\"image\":{\"@id\":\"https:\\\/\\\/diarioprincipios.com\\\/#\\\/schema\\\/logo\\\/image\\\/\"}},{\"@type\":\"Person\",\"@id\":\"https:\\\/\\\/diarioprincipios.com\\\/#\\\/schema\\\/person\\\/436d5a1fd41a5e250e23ff5a6a7cb080\",\"name\":\"Hern\u00e1n L\u00f3pez\",\"image\":{\"@type\":\"ImageObject\",\"inLanguage\":\"es\",\"@id\":\"https:\\\/\\\/diarioprincipios.com\\\/wp-content\\\/litespeed\\\/avatar\\\/11ddfe5610ff3bd100522525b2571f48.jpg?ver=1777048341\",\"url\":\"https:\\\/\\\/diarioprincipios.com\\\/wp-content\\\/litespeed\\\/avatar\\\/11ddfe5610ff3bd100522525b2571f48.jpg?ver=1777048341\",\"contentUrl\":\"https:\\\/\\\/diarioprincipios.com\\\/wp-content\\\/litespeed\\\/avatar\\\/11ddfe5610ff3bd100522525b2571f48.jpg?ver=1777048341\",\"caption\":\"Hern\u00e1n L\u00f3pez\"},\"url\":\"https:\\\/\\\/diarioprincipios.com\\\/index.php\\\/author\\\/hernan\\\/\"}]}<\/script>\n<!-- \/ Yoast SEO plugin. -->","yoast_head_json":{"title":"Reabrieron el Paso Peatonal Sur de la Estaci\u00f3n de Hudson - Principios","robots":{"index":"index","follow":"follow","max-snippet":"max-snippet:-1","max-image-preview":"max-image-preview:large","max-video-preview":"max-video-preview:-1"},"canonical":"https:\/\/diarioprincipios.com\/index.php\/2020\/06\/03\/reabrieron-el-paso-peatonal-sur-de-la-estacion-de-hudson\/","og_locale":"es_ES","og_type":"article","og_title":"Reabrieron el Paso Peatonal Sur de la Estaci\u00f3n de Hudson - Principios","og_description":"Tras a\u00f1os de tratativas, los vecinos del barrio La Porte\u00f1a, Hudson, ya pueden disfrutar los significativos beneficios que representa la reapertura del Paso Peatonal Sur de la Estaci\u00f3n de trenes de Hudson (calle 58 y Av. N\u00e9stor Kirchner), que hab\u00eda sido cerrado por la empresa Trenes Argentinos y que complicaba la normal circulaci\u00f3n. Ahora los...","og_url":"https:\/\/diarioprincipios.com\/index.php\/2020\/06\/03\/reabrieron-el-paso-peatonal-sur-de-la-estacion-de-hudson\/","og_site_name":"Principios","article_published_time":"2020-06-04T00:13:47+00:00","article_modified_time":"2020-06-04T00:13:49+00:00","og_image":[{"width":1920,"height":1280,"url":"https:\/\/diarioprincipios.com\/wp-content\/uploads\/2020\/06\/REABRIERON-EL-PASO-PEATONAL-SUR-DE-LA-ESTACI\u00d3N-DE-HUDSON-1.jpg","type":"image\/jpeg"}],"author":"Hern\u00e1n L\u00f3pez","twitter_card":"summary_large_image","twitter_misc":{"Escrito por":"Hern\u00e1n L\u00f3pez","Tiempo de lectura":"2 minutos"},"schema":{"@context":"https:\/\/schema.org","@graph":[{"@type":"Article","@id":"https:\/\/diarioprincipios.com\/index.php\/2020\/06\/03\/reabrieron-el-paso-peatonal-sur-de-la-estacion-de-hudson\/#article","isPartOf":{"@id":"https:\/\/diarioprincipios.com\/index.php\/2020\/06\/03\/reabrieron-el-paso-peatonal-sur-de-la-estacion-de-hudson\/"},"author":{"name":"Hern\u00e1n L\u00f3pez","@id":"https:\/\/diarioprincipios.com\/#\/schema\/person\/436d5a1fd41a5e250e23ff5a6a7cb080"},"headline":"Reabrieron el Paso Peatonal Sur de la Estaci\u00f3n de Hudson","datePublished":"2020-06-04T00:13:47+00:00","dateModified":"2020-06-04T00:13:49+00:00","mainEntityOfPage":{"@id":"https:\/\/diarioprincipios.com\/index.php\/2020\/06\/03\/reabrieron-el-paso-peatonal-sur-de-la-estacion-de-hudson\/"},"wordCount":353,"commentCount":0,"publisher":{"@id":"https:\/\/diarioprincipios.com\/#organization"},"image":{"@id":"https:\/\/diarioprincipios.com\/index.php\/2020\/06\/03\/reabrieron-el-paso-peatonal-sur-de-la-estacion-de-hudson\/#primaryimage"},"thumbnailUrl":"https:\/\/diarioprincipios.com\/wp-content\/uploads\/2020\/06\/REABRIERON-EL-PASO-PEATONAL-SUR-DE-LA-ESTACI\u00d3N-DE-HUDSON-1.jpg","articleSection":["Berazategui"],"inLanguage":"es","potentialAction":[{"@type":"CommentAction","name":"Comment","target":["https:\/\/diarioprincipios.com\/index.php\/2020\/06\/03\/reabrieron-el-paso-peatonal-sur-de-la-estacion-de-hudson\/#respond"]}]},{"@type":"WebPage","@id":"https:\/\/diarioprincipios.com\/index.php\/2020\/06\/03\/reabrieron-el-paso-peatonal-sur-de-la-estacion-de-hudson\/","url":"https:\/\/diarioprincipios.com\/index.php\/2020\/06\/03\/reabrieron-el-paso-peatonal-sur-de-la-estacion-de-hudson\/","name":"Reabrieron el Paso Peatonal Sur de la Estaci\u00f3n de Hudson - Principios","isPartOf":{"@id":"https:\/\/diarioprincipios.com\/#website"},"primaryImageOfPage":{"@id":"https:\/\/diarioprincipios.com\/index.php\/2020\/06\/03\/reabrieron-el-paso-peatonal-sur-de-la-estacion-de-hudson\/#primaryimage"},"image":{"@id":"https:\/\/diarioprincipios.com\/index.php\/2020\/06\/03\/reabrieron-el-paso-peatonal-sur-de-la-estacion-de-hudson\/#primaryimage"},"thumbnailUrl":"https:\/\/diarioprincipios.com\/wp-content\/uploads\/2020\/06\/REABRIERON-EL-PASO-PEATONAL-SUR-DE-LA-ESTACI\u00d3N-DE-HUDSON-1.jpg","datePublished":"2020-06-04T00:13:47+00:00","dateModified":"2020-06-04T00:13:49+00:00","breadcrumb":{"@id":"https:\/\/diarioprincipios.com\/index.php\/2020\/06\/03\/reabrieron-el-paso-peatonal-sur-de-la-estacion-de-hudson\/#breadcrumb"},"inLanguage":"es","potentialAction":[{"@type":"ReadAction","target":["https:\/\/diarioprincipios.com\/index.php\/2020\/06\/03\/reabrieron-el-paso-peatonal-sur-de-la-estacion-de-hudson\/"]}]},{"@type":"ImageObject","inLanguage":"es","@id":"https:\/\/diarioprincipios.com\/index.php\/2020\/06\/03\/reabrieron-el-paso-peatonal-sur-de-la-estacion-de-hudson\/#primaryimage","url":"https:\/\/diarioprincipios.com\/wp-content\/uploads\/2020\/06\/REABRIERON-EL-PASO-PEATONAL-SUR-DE-LA-ESTACI\u00d3N-DE-HUDSON-1.jpg","contentUrl":"https:\/\/diarioprincipios.com\/wp-content\/uploads\/2020\/06\/REABRIERON-EL-PASO-PEATONAL-SUR-DE-LA-ESTACI\u00d3N-DE-HUDSON-1.jpg","width":1920,"height":1280},{"@type":"BreadcrumbList","@id":"https:\/\/diarioprincipios.com\/index.php\/2020\/06\/03\/reabrieron-el-paso-peatonal-sur-de-la-estacion-de-hudson\/#breadcrumb","itemListElement":[{"@type":"ListItem","position":1,"name":"Portada","item":"https:\/\/diarioprincipios.com\/"},{"@type":"ListItem","position":2,"name":"Reabrieron el Paso Peatonal Sur de la Estaci\u00f3n de Hudson"}]},{"@type":"WebSite","@id":"https:\/\/diarioprincipios.com\/#website","url":"https:\/\/diarioprincipios.com\/","name":"Principios","description":"Principios Diario","publisher":{"@id":"https:\/\/diarioprincipios.com\/#organization"},"potentialAction":[{"@type":"SearchAction","target":{"@type":"EntryPoint","urlTemplate":"https:\/\/diarioprincipios.com\/?s={search_term_string}"},"query-input":{"@type":"PropertyValueSpecification","valueRequired":true,"valueName":"search_term_string"}}],"inLanguage":"es"},{"@type":"Organization","@id":"https:\/\/diarioprincipios.com\/#organization","name":"Principios","url":"https:\/\/diarioprincipios.com\/","logo":{"@type":"ImageObject","inLanguage":"es","@id":"https:\/\/diarioprincipios.com\/#\/schema\/logo\/image\/","url":"https:\/\/diarioprincipios.com\/wp-content\/uploads\/2024\/04\/cropped-www.diarioprincipios.com_-1.png","contentUrl":"https:\/\/diarioprincipios.com\/wp-content\/uploads\/2024\/04\/cropped-www.diarioprincipios.com_-1.png","width":5325,"height":1454,"caption":"Principios"},"image":{"@id":"https:\/\/diarioprincipios.com\/#\/schema\/logo\/image\/"}},{"@type":"Person","@id":"https:\/\/diarioprincipios.com\/#\/schema\/person\/436d5a1fd41a5e250e23ff5a6a7cb080","name":"Hern\u00e1n L\u00f3pez","image":{"@type":"ImageObject","inLanguage":"es","@id":"https:\/\/diarioprincipios.com\/wp-content\/litespeed\/avatar\/11ddfe5610ff3bd100522525b2571f48.jpg?ver=1777048341","url":"https:\/\/diarioprincipios.com\/wp-content\/litespeed\/avatar\/11ddfe5610ff3bd100522525b2571f48.jpg?ver=1777048341","contentUrl":"https:\/\/diarioprincipios.com\/wp-content\/litespeed\/avatar\/11ddfe5610ff3bd100522525b2571f48.jpg?ver=1777048341","caption":"Hern\u00e1n L\u00f3pez"},"url":"https:\/\/diarioprincipios.com\/index.php\/author\/hernan\/"}]}},"jetpack_featured_media_url":"https:\/\/diarioprincipios.com\/wp-content\/uploads\/2020\/06\/REABRIERON-EL-PASO-PEATONAL-SUR-DE-LA-ESTACI\u00d3N-DE-HUDSON-1.jpg","_links":{"self":[{"href":"https:\/\/diarioprincipios.com\/index.php\/wp-json\/wp\/v2\/posts\/2468","targetHints":{"allow":["GET"]}}],"collection":[{"href":"https:\/\/diarioprincipios.com\/index.php\/wp-json\/wp\/v2\/posts"}],"about":[{"href":"https:\/\/diarioprincipios.com\/index.php\/wp-json\/wp\/v2\/types\/post"}],"author":[{"embeddable":true,"href":"https:\/\/diarioprincipios.com\/index.php\/wp-json\/wp\/v2\/users\/2"}],"replies":[{"embeddable":true,"href":"https:\/\/diarioprincipios.com\/index.php\/wp-json\/wp\/v2\/comments?post=2468"}],"version-history":[{"count":1,"href":"https:\/\/diarioprincipios.com\/index.php\/wp-json\/wp\/v2\/posts\/2468\/revisions"}],"predecessor-version":[{"id":2470,"href":"https:\/\/diarioprincipios.com\/index.php\/wp-json\/wp\/v2\/posts\/2468\/revisions\/2470"}],"wp:featuredmedia":[{"embeddable":true,"href":"https:\/\/diarioprincipios.com\/index.php\/wp-json\/wp\/v2\/media\/2469"}],"wp:attachment":[{"href":"https:\/\/diarioprincipios.com\/index.php\/wp-json\/wp\/v2\/media?parent=2468"}],"wp:term":[{"taxonomy":"category","embeddable":true,"href":"https:\/\/diarioprincipios.com\/index.php\/wp-json\/wp\/v2\/categories?post=2468"},{"taxonomy":"post_tag","embeddable":true,"href":"https:\/\/diarioprincipios.com\/index.php\/wp-json\/wp\/v2\/tags?post=2468"}],"curies":[{"name":"wp","href":"https:\/\/api.w.org\/{rel}","templated":true}]}}