{"id":24676,"date":"2025-05-18T13:02:50","date_gmt":"2025-05-18T16:02:50","guid":{"rendered":"https:\/\/diarioprincipios.com\/?p=24676"},"modified":"2025-05-18T13:02:50","modified_gmt":"2025-05-18T16:02:50","slug":"la-provincia-refuerza-la-presencia-en-la-emergencia-y-avanza-hacia-la-reconstruccion","status":"publish","type":"post","link":"https:\/\/diarioprincipios.com\/index.php\/2025\/05\/18\/la-provincia-refuerza-la-presencia-en-la-emergencia-y-avanza-hacia-la-reconstruccion\/","title":{"rendered":"La Provincia refuerza la presencia en la emergencia y avanza hacia la reconstrucci\u00f3n"},"content":{"rendered":"\n<p>El Gobierno de la provincia de Buenos Aires contin\u00faa con los trabajos coordinados entre las distintas \u00e1reas de gesti\u00f3n para brindar una r\u00e1pida respuesta en la emergencia y fortalece la presencia en los distritos para comenzar a trabajar, paulatinamente, en la etapa de reconstrucci\u00f3n.<\/p>\n\n\n\n<p>Actualmente quedan 2938 evacuados en 21 municipios (8.30hs). Luego de la tormenta de anoche, el agua baja en todos los sectores y las personas comienzan a regresar a sus hogares.<\/p>\n\n\n\n<p>Al mismo tiempo, se informa que las fuerzas de seguridad buscan a tres personas: una pareja que transitaba a caballo por la ciudad de Rojas y un hombre de 78 a\u00f1os que viajaba por la ruta 41, de Pilar a Baradero.<\/p>\n\n\n\n<figure class=\"wp-block-image size-large\"><img loading=\"lazy\" decoding=\"async\" width=\"1024\" height=\"683\" src=\"https:\/\/diarioprincipios.com\/wp-content\/uploads\/2025\/05\/Z4A3274-1024x683.jpg\" alt=\"\" class=\"wp-image-24677\" srcset=\"https:\/\/diarioprincipios.com\/wp-content\/uploads\/2025\/05\/Z4A3274-1024x683.jpg 1024w, https:\/\/diarioprincipios.com\/wp-content\/uploads\/2025\/05\/Z4A3274-300x200.jpg 300w, https:\/\/diarioprincipios.com\/wp-content\/uploads\/2025\/05\/Z4A3274-768x512.jpg 768w, https:\/\/diarioprincipios.com\/wp-content\/uploads\/2025\/05\/Z4A3274-1536x1025.jpg 1536w, https:\/\/diarioprincipios.com\/wp-content\/uploads\/2025\/05\/Z4A3274-600x400.jpg 600w, https:\/\/diarioprincipios.com\/wp-content\/uploads\/2025\/05\/Z4A3274.jpg 2048w\" sizes=\"auto, (max-width: 1024px) 100vw, 1024px\" \/><\/figure>\n\n\n\n<p><em>Situaci\u00f3n durante la madrugada del 18 de mayo<\/em><\/p>\n\n\n\n<ul class=\"wp-block-list\">\n<li>El punto m\u00e1s intenso de la tormenta se produjo entre la 1 y las 3.<\/li>\n\n\n\n<li>Hasta las 8hs ingresaron un total de 77 llamados vinculados a \u201cemergencia civil\u201d, pero ninguno de ellos de gravedad, la mayor\u00eda referidos a la ca\u00edda de \u00e1rboles, postes y cableado.<\/li>\n\n\n\n<li>Los registros fueron en Z\u00e1rate, Lomas de Zamora, La Matanza, Moreno, Quilmes, Berisso, La Costa, Pergamino y San Mart\u00edn.<\/li>\n<\/ul>\n\n\n\n<p><em>Presencia de la Provincia en los territorios<\/em><\/p>\n\n\n\n<p>En los distritos de Arrecifes, San Antonio de Areco, Campana, Salto y Zarate, el <em>Ministerio de Seguridad<\/em> reforz\u00f3 su presencia con 216 efectivos policiales de todas las Superintendencias, 20 agentes de Defensa Civil y 99 bomberos voluntarios. Adem\u00e1s, dispuso de 65 m\u00f3viles terrestres, 26 medios acu\u00e1ticos, un helic\u00f3ptero, torres de iluminaci\u00f3n, motobombas y grupos electr\u00f3genos.<\/p>\n\n\n\n<p>Cabe destacar que desde el Centro Operativo ubicado en Puente 12, La Matanza, se monitorea la situaci\u00f3n general y se coordinan las acciones de respuesta.<\/p>\n\n\n\n<figure class=\"wp-block-image size-large\"><img loading=\"lazy\" decoding=\"async\" width=\"1024\" height=\"683\" src=\"https:\/\/diarioprincipios.com\/wp-content\/uploads\/2025\/05\/Z4A3376-1024x683.jpg\" alt=\"\" class=\"wp-image-24678\" srcset=\"https:\/\/diarioprincipios.com\/wp-content\/uploads\/2025\/05\/Z4A3376-1024x683.jpg 1024w, https:\/\/diarioprincipios.com\/wp-content\/uploads\/2025\/05\/Z4A3376-300x200.jpg 300w, https:\/\/diarioprincipios.com\/wp-content\/uploads\/2025\/05\/Z4A3376-768x512.jpg 768w, https:\/\/diarioprincipios.com\/wp-content\/uploads\/2025\/05\/Z4A3376-1536x1025.jpg 1536w, https:\/\/diarioprincipios.com\/wp-content\/uploads\/2025\/05\/Z4A3376-600x400.jpg 600w, https:\/\/diarioprincipios.com\/wp-content\/uploads\/2025\/05\/Z4A3376.jpg 2048w\" sizes=\"auto, (max-width: 1024px) 100vw, 1024px\" \/><\/figure>\n\n\n\n<p>Inmediatamente despu\u00e9s de la afectaci\u00f3n, el <em>Ministerio de Desarrollo de la Comunidad<\/em> activ\u00f3 la Mesa de Respuesta Comunitaria en la Emergencia, una red integrada por organizaciones sociales, brigadas voluntarias y equipos t\u00e9cnicos, que colabor\u00f3 con tareas de asistencia, rescate y acompa\u00f1amiento en los territorios afectados. Actualmente, desde esa cartera bonaerense se coordina el env\u00edo de camiones con colchones, frazadas, ropa, kit de limpieza, alimentos y pallets de agua.<\/p>\n\n\n\n<p>La articulaci\u00f3n interministerial del Gobierno de la Provincia incluy\u00f3 tambi\u00e9n la decisi\u00f3n del <em>Ministerio de Salud<\/em> de reforzar la presencia con personal, m\u00f3viles 4&#215;4, unidades de traslados y una ambulancia.<\/p>\n\n\n\n<p>Por su parte, el <em>OPISU<\/em> dispuso de 150 trabajadores y trabajadoras para realizar tareas de asistencia y envi\u00f3 a los distritos afectados colchones, frazadas y alimentos.<\/p>\n\n\n\n<p>El <em>Ministerio de Infraestructura y Servicios P\u00fablicos<\/em>, a trav\u00e9s de la Direcci\u00f3n de Vialidad, envi\u00f3 dos retropalas, tres retroexcavadoras, ocho camiones volcadores, diez camionetas con personal de tr\u00e1nsito y dos badcat para limpieza de las rutas habilitadas. En tanto, la empresa ABSA entreg\u00f3 agua envasada y aport\u00f3 equipos de bombeo para contribuir en las tareas de desagote.<\/p>\n\n\n\n<p>El <em>Ministerio de Ambiente<\/em> arrib\u00f3 con equipos para la gesti\u00f3n de la emergencia (gomones inflables, catres, generador el\u00e9ctrico, motobomba), ropa de trabajo (cascos, borcegos, botas de goma, guantes moteados, lentes de protecci\u00f3n, chalecos reflectivos) y herramientas para la poda (motosierras, podadoras de altura, hachas, sopladoras de hojas).<\/p>\n\n\n\n<p>Adem\u00e1s, el <em>Ministerio de Transporte<\/em> destin\u00f3 20 trabajadores y trabajadoras y 10 m\u00f3viles para realizar operativos de seguridad vial en las principales rutas afectadas.<\/p>\n\n\n\n<p><em>Estado de las rutas provinciales<\/em> (11.30hs)<\/p>\n\n\n\n<p>Se encuentras habilitadas para circular:<\/p>\n\n\n\n<ul class=\"wp-block-list\">\n<li>Ruta 51 entre Arrecifes y Carmen de Areco.<\/li>\n\n\n\n<li>Ruta 41 entre Santa Coloma y Villa L\u00eda.<\/li>\n<\/ul>\n\n\n\n<p>Est\u00e1n cortadas por presencia de agua en la calzada son:<\/p>\n\n\n\n<ul class=\"wp-block-list\">\n<li>Ruta 191 entre Arrecifes y Salto.<\/li>\n\n\n\n<li>Ruta 31 entre Salto y Rojas.<\/li>\n\n\n\n<li>Ruta 32 entre Salto y Pergamino.<\/li>\n<\/ul>\n","protected":false},"excerpt":{"rendered":"<p>El Gobierno de la provincia de Buenos Aires contin\u00faa con los trabajos coordinados entre las distintas \u00e1reas de gesti\u00f3n para brindar una r\u00e1pida respuesta en la emergencia y fortalece la presencia en los distritos para comenzar a trabajar, paulatinamente, en la etapa de reconstrucci\u00f3n. Actualmente quedan 2938 evacuados en 21 municipios (8.30hs). Luego de la&#8230;<\/p>\n","protected":false},"author":2,"featured_media":24679,"comment_status":"open","ping_status":"open","sticky":false,"template":"","format":"standard","meta":{"footnotes":""},"categories":[7],"tags":[],"class_list":["post-24676","post","type-post","status-publish","format-standard","has-post-thumbnail","hentry","category-provincia"],"featured_image_src":"https:\/\/diarioprincipios.com\/wp-content\/uploads\/2025\/05\/1-2-1024x683.jpg","blog_images":{"medium":"https:\/\/diarioprincipios.com\/wp-content\/uploads\/2025\/05\/1-2-300x200.jpg","large":"https:\/\/diarioprincipios.com\/wp-content\/uploads\/2025\/05\/1-2-1024x683.jpg"},"ams_acf":[],"yoast_head":"<!-- This site is optimized with the Yoast SEO plugin v27.3 - https:\/\/yoast.com\/product\/yoast-seo-wordpress\/ -->\n<title>La Provincia refuerza la presencia en la emergencia y avanza hacia la reconstrucci\u00f3n - Principios<\/title>\n<meta name=\"robots\" content=\"index, follow, max-snippet:-1, max-image-preview:large, max-video-preview:-1\" \/>\n<link rel=\"canonical\" href=\"https:\/\/diarioprincipios.com\/index.php\/2025\/05\/18\/la-provincia-refuerza-la-presencia-en-la-emergencia-y-avanza-hacia-la-reconstruccion\/\" \/>\n<meta property=\"og:locale\" content=\"es_ES\" \/>\n<meta property=\"og:type\" content=\"article\" \/>\n<meta property=\"og:title\" content=\"La Provincia refuerza la presencia en la emergencia y avanza hacia la reconstrucci\u00f3n - Principios\" \/>\n<meta property=\"og:description\" content=\"El Gobierno de la provincia de Buenos Aires contin\u00faa con los trabajos coordinados entre las distintas \u00e1reas de gesti\u00f3n para brindar una r\u00e1pida respuesta en la emergencia y fortalece la presencia en los distritos para comenzar a trabajar, paulatinamente, en la etapa de reconstrucci\u00f3n. Actualmente quedan 2938 evacuados en 21 municipios (8.30hs). Luego de la...\" \/>\n<meta property=\"og:url\" content=\"https:\/\/diarioprincipios.com\/index.php\/2025\/05\/18\/la-provincia-refuerza-la-presencia-en-la-emergencia-y-avanza-hacia-la-reconstruccion\/\" \/>\n<meta property=\"og:site_name\" content=\"Principios\" \/>\n<meta property=\"article:published_time\" content=\"2025-05-18T16:02:50+00:00\" \/>\n<meta property=\"og:image\" content=\"https:\/\/diarioprincipios.com\/wp-content\/uploads\/2025\/05\/1-2.jpg\" \/>\n\t<meta property=\"og:image:width\" content=\"1920\" \/>\n\t<meta property=\"og:image:height\" content=\"1280\" \/>\n\t<meta property=\"og:image:type\" content=\"image\/jpeg\" \/>\n<meta name=\"author\" content=\"Hern\u00e1n L\u00f3pez\" \/>\n<meta name=\"twitter:card\" content=\"summary_large_image\" \/>\n<meta name=\"twitter:label1\" content=\"Escrito por\" \/>\n\t<meta name=\"twitter:data1\" content=\"Hern\u00e1n L\u00f3pez\" \/>\n\t<meta name=\"twitter:label2\" content=\"Tiempo de lectura\" \/>\n\t<meta name=\"twitter:data2\" content=\"4 minutos\" \/>\n<script type=\"application\/ld+json\" class=\"yoast-schema-graph\">{\"@context\":\"https:\\\/\\\/schema.org\",\"@graph\":[{\"@type\":\"Article\",\"@id\":\"https:\\\/\\\/diarioprincipios.com\\\/index.php\\\/2025\\\/05\\\/18\\\/la-provincia-refuerza-la-presencia-en-la-emergencia-y-avanza-hacia-la-reconstruccion\\\/#article\",\"isPartOf\":{\"@id\":\"https:\\\/\\\/diarioprincipios.com\\\/index.php\\\/2025\\\/05\\\/18\\\/la-provincia-refuerza-la-presencia-en-la-emergencia-y-avanza-hacia-la-reconstruccion\\\/\"},\"author\":{\"name\":\"Hern\u00e1n L\u00f3pez\",\"@id\":\"https:\\\/\\\/diarioprincipios.com\\\/#\\\/schema\\\/person\\\/436d5a1fd41a5e250e23ff5a6a7cb080\"},\"headline\":\"La Provincia refuerza la presencia en la emergencia y avanza hacia la reconstrucci\u00f3n\",\"datePublished\":\"2025-05-18T16:02:50+00:00\",\"mainEntityOfPage\":{\"@id\":\"https:\\\/\\\/diarioprincipios.com\\\/index.php\\\/2025\\\/05\\\/18\\\/la-provincia-refuerza-la-presencia-en-la-emergencia-y-avanza-hacia-la-reconstruccion\\\/\"},\"wordCount\":611,\"commentCount\":0,\"publisher\":{\"@id\":\"https:\\\/\\\/diarioprincipios.com\\\/#organization\"},\"image\":{\"@id\":\"https:\\\/\\\/diarioprincipios.com\\\/index.php\\\/2025\\\/05\\\/18\\\/la-provincia-refuerza-la-presencia-en-la-emergencia-y-avanza-hacia-la-reconstruccion\\\/#primaryimage\"},\"thumbnailUrl\":\"https:\\\/\\\/diarioprincipios.com\\\/wp-content\\\/uploads\\\/2025\\\/05\\\/1-2.jpg\",\"articleSection\":[\"Provincia\"],\"inLanguage\":\"es\",\"potentialAction\":[{\"@type\":\"CommentAction\",\"name\":\"Comment\",\"target\":[\"https:\\\/\\\/diarioprincipios.com\\\/index.php\\\/2025\\\/05\\\/18\\\/la-provincia-refuerza-la-presencia-en-la-emergencia-y-avanza-hacia-la-reconstruccion\\\/#respond\"]}]},{\"@type\":\"WebPage\",\"@id\":\"https:\\\/\\\/diarioprincipios.com\\\/index.php\\\/2025\\\/05\\\/18\\\/la-provincia-refuerza-la-presencia-en-la-emergencia-y-avanza-hacia-la-reconstruccion\\\/\",\"url\":\"https:\\\/\\\/diarioprincipios.com\\\/index.php\\\/2025\\\/05\\\/18\\\/la-provincia-refuerza-la-presencia-en-la-emergencia-y-avanza-hacia-la-reconstruccion\\\/\",\"name\":\"La Provincia refuerza la presencia en la emergencia y avanza hacia la reconstrucci\u00f3n - Principios\",\"isPartOf\":{\"@id\":\"https:\\\/\\\/diarioprincipios.com\\\/#website\"},\"primaryImageOfPage\":{\"@id\":\"https:\\\/\\\/diarioprincipios.com\\\/index.php\\\/2025\\\/05\\\/18\\\/la-provincia-refuerza-la-presencia-en-la-emergencia-y-avanza-hacia-la-reconstruccion\\\/#primaryimage\"},\"image\":{\"@id\":\"https:\\\/\\\/diarioprincipios.com\\\/index.php\\\/2025\\\/05\\\/18\\\/la-provincia-refuerza-la-presencia-en-la-emergencia-y-avanza-hacia-la-reconstruccion\\\/#primaryimage\"},\"thumbnailUrl\":\"https:\\\/\\\/diarioprincipios.com\\\/wp-content\\\/uploads\\\/2025\\\/05\\\/1-2.jpg\",\"datePublished\":\"2025-05-18T16:02:50+00:00\",\"breadcrumb\":{\"@id\":\"https:\\\/\\\/diarioprincipios.com\\\/index.php\\\/2025\\\/05\\\/18\\\/la-provincia-refuerza-la-presencia-en-la-emergencia-y-avanza-hacia-la-reconstruccion\\\/#breadcrumb\"},\"inLanguage\":\"es\",\"potentialAction\":[{\"@type\":\"ReadAction\",\"target\":[\"https:\\\/\\\/diarioprincipios.com\\\/index.php\\\/2025\\\/05\\\/18\\\/la-provincia-refuerza-la-presencia-en-la-emergencia-y-avanza-hacia-la-reconstruccion\\\/\"]}]},{\"@type\":\"ImageObject\",\"inLanguage\":\"es\",\"@id\":\"https:\\\/\\\/diarioprincipios.com\\\/index.php\\\/2025\\\/05\\\/18\\\/la-provincia-refuerza-la-presencia-en-la-emergencia-y-avanza-hacia-la-reconstruccion\\\/#primaryimage\",\"url\":\"https:\\\/\\\/diarioprincipios.com\\\/wp-content\\\/uploads\\\/2025\\\/05\\\/1-2.jpg\",\"contentUrl\":\"https:\\\/\\\/diarioprincipios.com\\\/wp-content\\\/uploads\\\/2025\\\/05\\\/1-2.jpg\",\"width\":1920,\"height\":1280},{\"@type\":\"BreadcrumbList\",\"@id\":\"https:\\\/\\\/diarioprincipios.com\\\/index.php\\\/2025\\\/05\\\/18\\\/la-provincia-refuerza-la-presencia-en-la-emergencia-y-avanza-hacia-la-reconstruccion\\\/#breadcrumb\",\"itemListElement\":[{\"@type\":\"ListItem\",\"position\":1,\"name\":\"Portada\",\"item\":\"https:\\\/\\\/diarioprincipios.com\\\/\"},{\"@type\":\"ListItem\",\"position\":2,\"name\":\"La Provincia refuerza la presencia en la emergencia y avanza hacia la reconstrucci\u00f3n\"}]},{\"@type\":\"WebSite\",\"@id\":\"https:\\\/\\\/diarioprincipios.com\\\/#website\",\"url\":\"https:\\\/\\\/diarioprincipios.com\\\/\",\"name\":\"Principios\",\"description\":\"Principios Diario\",\"publisher\":{\"@id\":\"https:\\\/\\\/diarioprincipios.com\\\/#organization\"},\"potentialAction\":[{\"@type\":\"SearchAction\",\"target\":{\"@type\":\"EntryPoint\",\"urlTemplate\":\"https:\\\/\\\/diarioprincipios.com\\\/?s={search_term_string}\"},\"query-input\":{\"@type\":\"PropertyValueSpecification\",\"valueRequired\":true,\"valueName\":\"search_term_string\"}}],\"inLanguage\":\"es\"},{\"@type\":\"Organization\",\"@id\":\"https:\\\/\\\/diarioprincipios.com\\\/#organization\",\"name\":\"Principios\",\"url\":\"https:\\\/\\\/diarioprincipios.com\\\/\",\"logo\":{\"@type\":\"ImageObject\",\"inLanguage\":\"es\",\"@id\":\"https:\\\/\\\/diarioprincipios.com\\\/#\\\/schema\\\/logo\\\/image\\\/\",\"url\":\"https:\\\/\\\/diarioprincipios.com\\\/wp-content\\\/uploads\\\/2024\\\/04\\\/cropped-www.diarioprincipios.com_-1.png\",\"contentUrl\":\"https:\\\/\\\/diarioprincipios.com\\\/wp-content\\\/uploads\\\/2024\\\/04\\\/cropped-www.diarioprincipios.com_-1.png\",\"width\":5325,\"height\":1454,\"caption\":\"Principios\"},\"image\":{\"@id\":\"https:\\\/\\\/diarioprincipios.com\\\/#\\\/schema\\\/logo\\\/image\\\/\"}},{\"@type\":\"Person\",\"@id\":\"https:\\\/\\\/diarioprincipios.com\\\/#\\\/schema\\\/person\\\/436d5a1fd41a5e250e23ff5a6a7cb080\",\"name\":\"Hern\u00e1n L\u00f3pez\",\"image\":{\"@type\":\"ImageObject\",\"inLanguage\":\"es\",\"@id\":\"https:\\\/\\\/diarioprincipios.com\\\/wp-content\\\/litespeed\\\/avatar\\\/11ddfe5610ff3bd100522525b2571f48.jpg?ver=1777048341\",\"url\":\"https:\\\/\\\/diarioprincipios.com\\\/wp-content\\\/litespeed\\\/avatar\\\/11ddfe5610ff3bd100522525b2571f48.jpg?ver=1777048341\",\"contentUrl\":\"https:\\\/\\\/diarioprincipios.com\\\/wp-content\\\/litespeed\\\/avatar\\\/11ddfe5610ff3bd100522525b2571f48.jpg?ver=1777048341\",\"caption\":\"Hern\u00e1n L\u00f3pez\"},\"url\":\"https:\\\/\\\/diarioprincipios.com\\\/index.php\\\/author\\\/hernan\\\/\"}]}<\/script>\n<!-- \/ Yoast SEO plugin. -->","yoast_head_json":{"title":"La Provincia refuerza la presencia en la emergencia y avanza hacia la reconstrucci\u00f3n - Principios","robots":{"index":"index","follow":"follow","max-snippet":"max-snippet:-1","max-image-preview":"max-image-preview:large","max-video-preview":"max-video-preview:-1"},"canonical":"https:\/\/diarioprincipios.com\/index.php\/2025\/05\/18\/la-provincia-refuerza-la-presencia-en-la-emergencia-y-avanza-hacia-la-reconstruccion\/","og_locale":"es_ES","og_type":"article","og_title":"La Provincia refuerza la presencia en la emergencia y avanza hacia la reconstrucci\u00f3n - Principios","og_description":"El Gobierno de la provincia de Buenos Aires contin\u00faa con los trabajos coordinados entre las distintas \u00e1reas de gesti\u00f3n para brindar una r\u00e1pida respuesta en la emergencia y fortalece la presencia en los distritos para comenzar a trabajar, paulatinamente, en la etapa de reconstrucci\u00f3n. Actualmente quedan 2938 evacuados en 21 municipios (8.30hs). Luego de la...","og_url":"https:\/\/diarioprincipios.com\/index.php\/2025\/05\/18\/la-provincia-refuerza-la-presencia-en-la-emergencia-y-avanza-hacia-la-reconstruccion\/","og_site_name":"Principios","article_published_time":"2025-05-18T16:02:50+00:00","og_image":[{"width":1920,"height":1280,"url":"https:\/\/diarioprincipios.com\/wp-content\/uploads\/2025\/05\/1-2.jpg","type":"image\/jpeg"}],"author":"Hern\u00e1n L\u00f3pez","twitter_card":"summary_large_image","twitter_misc":{"Escrito por":"Hern\u00e1n L\u00f3pez","Tiempo de lectura":"4 minutos"},"schema":{"@context":"https:\/\/schema.org","@graph":[{"@type":"Article","@id":"https:\/\/diarioprincipios.com\/index.php\/2025\/05\/18\/la-provincia-refuerza-la-presencia-en-la-emergencia-y-avanza-hacia-la-reconstruccion\/#article","isPartOf":{"@id":"https:\/\/diarioprincipios.com\/index.php\/2025\/05\/18\/la-provincia-refuerza-la-presencia-en-la-emergencia-y-avanza-hacia-la-reconstruccion\/"},"author":{"name":"Hern\u00e1n L\u00f3pez","@id":"https:\/\/diarioprincipios.com\/#\/schema\/person\/436d5a1fd41a5e250e23ff5a6a7cb080"},"headline":"La Provincia refuerza la presencia en la emergencia y avanza hacia la reconstrucci\u00f3n","datePublished":"2025-05-18T16:02:50+00:00","mainEntityOfPage":{"@id":"https:\/\/diarioprincipios.com\/index.php\/2025\/05\/18\/la-provincia-refuerza-la-presencia-en-la-emergencia-y-avanza-hacia-la-reconstruccion\/"},"wordCount":611,"commentCount":0,"publisher":{"@id":"https:\/\/diarioprincipios.com\/#organization"},"image":{"@id":"https:\/\/diarioprincipios.com\/index.php\/2025\/05\/18\/la-provincia-refuerza-la-presencia-en-la-emergencia-y-avanza-hacia-la-reconstruccion\/#primaryimage"},"thumbnailUrl":"https:\/\/diarioprincipios.com\/wp-content\/uploads\/2025\/05\/1-2.jpg","articleSection":["Provincia"],"inLanguage":"es","potentialAction":[{"@type":"CommentAction","name":"Comment","target":["https:\/\/diarioprincipios.com\/index.php\/2025\/05\/18\/la-provincia-refuerza-la-presencia-en-la-emergencia-y-avanza-hacia-la-reconstruccion\/#respond"]}]},{"@type":"WebPage","@id":"https:\/\/diarioprincipios.com\/index.php\/2025\/05\/18\/la-provincia-refuerza-la-presencia-en-la-emergencia-y-avanza-hacia-la-reconstruccion\/","url":"https:\/\/diarioprincipios.com\/index.php\/2025\/05\/18\/la-provincia-refuerza-la-presencia-en-la-emergencia-y-avanza-hacia-la-reconstruccion\/","name":"La Provincia refuerza la presencia en la emergencia y avanza hacia la reconstrucci\u00f3n - Principios","isPartOf":{"@id":"https:\/\/diarioprincipios.com\/#website"},"primaryImageOfPage":{"@id":"https:\/\/diarioprincipios.com\/index.php\/2025\/05\/18\/la-provincia-refuerza-la-presencia-en-la-emergencia-y-avanza-hacia-la-reconstruccion\/#primaryimage"},"image":{"@id":"https:\/\/diarioprincipios.com\/index.php\/2025\/05\/18\/la-provincia-refuerza-la-presencia-en-la-emergencia-y-avanza-hacia-la-reconstruccion\/#primaryimage"},"thumbnailUrl":"https:\/\/diarioprincipios.com\/wp-content\/uploads\/2025\/05\/1-2.jpg","datePublished":"2025-05-18T16:02:50+00:00","breadcrumb":{"@id":"https:\/\/diarioprincipios.com\/index.php\/2025\/05\/18\/la-provincia-refuerza-la-presencia-en-la-emergencia-y-avanza-hacia-la-reconstruccion\/#breadcrumb"},"inLanguage":"es","potentialAction":[{"@type":"ReadAction","target":["https:\/\/diarioprincipios.com\/index.php\/2025\/05\/18\/la-provincia-refuerza-la-presencia-en-la-emergencia-y-avanza-hacia-la-reconstruccion\/"]}]},{"@type":"ImageObject","inLanguage":"es","@id":"https:\/\/diarioprincipios.com\/index.php\/2025\/05\/18\/la-provincia-refuerza-la-presencia-en-la-emergencia-y-avanza-hacia-la-reconstruccion\/#primaryimage","url":"https:\/\/diarioprincipios.com\/wp-content\/uploads\/2025\/05\/1-2.jpg","contentUrl":"https:\/\/diarioprincipios.com\/wp-content\/uploads\/2025\/05\/1-2.jpg","width":1920,"height":1280},{"@type":"BreadcrumbList","@id":"https:\/\/diarioprincipios.com\/index.php\/2025\/05\/18\/la-provincia-refuerza-la-presencia-en-la-emergencia-y-avanza-hacia-la-reconstruccion\/#breadcrumb","itemListElement":[{"@type":"ListItem","position":1,"name":"Portada","item":"https:\/\/diarioprincipios.com\/"},{"@type":"ListItem","position":2,"name":"La Provincia refuerza la presencia en la emergencia y avanza hacia la reconstrucci\u00f3n"}]},{"@type":"WebSite","@id":"https:\/\/diarioprincipios.com\/#website","url":"https:\/\/diarioprincipios.com\/","name":"Principios","description":"Principios Diario","publisher":{"@id":"https:\/\/diarioprincipios.com\/#organization"},"potentialAction":[{"@type":"SearchAction","target":{"@type":"EntryPoint","urlTemplate":"https:\/\/diarioprincipios.com\/?s={search_term_string}"},"query-input":{"@type":"PropertyValueSpecification","valueRequired":true,"valueName":"search_term_string"}}],"inLanguage":"es"},{"@type":"Organization","@id":"https:\/\/diarioprincipios.com\/#organization","name":"Principios","url":"https:\/\/diarioprincipios.com\/","logo":{"@type":"ImageObject","inLanguage":"es","@id":"https:\/\/diarioprincipios.com\/#\/schema\/logo\/image\/","url":"https:\/\/diarioprincipios.com\/wp-content\/uploads\/2024\/04\/cropped-www.diarioprincipios.com_-1.png","contentUrl":"https:\/\/diarioprincipios.com\/wp-content\/uploads\/2024\/04\/cropped-www.diarioprincipios.com_-1.png","width":5325,"height":1454,"caption":"Principios"},"image":{"@id":"https:\/\/diarioprincipios.com\/#\/schema\/logo\/image\/"}},{"@type":"Person","@id":"https:\/\/diarioprincipios.com\/#\/schema\/person\/436d5a1fd41a5e250e23ff5a6a7cb080","name":"Hern\u00e1n L\u00f3pez","image":{"@type":"ImageObject","inLanguage":"es","@id":"https:\/\/diarioprincipios.com\/wp-content\/litespeed\/avatar\/11ddfe5610ff3bd100522525b2571f48.jpg?ver=1777048341","url":"https:\/\/diarioprincipios.com\/wp-content\/litespeed\/avatar\/11ddfe5610ff3bd100522525b2571f48.jpg?ver=1777048341","contentUrl":"https:\/\/diarioprincipios.com\/wp-content\/litespeed\/avatar\/11ddfe5610ff3bd100522525b2571f48.jpg?ver=1777048341","caption":"Hern\u00e1n L\u00f3pez"},"url":"https:\/\/diarioprincipios.com\/index.php\/author\/hernan\/"}]}},"jetpack_featured_media_url":"https:\/\/diarioprincipios.com\/wp-content\/uploads\/2025\/05\/1-2.jpg","_links":{"self":[{"href":"https:\/\/diarioprincipios.com\/index.php\/wp-json\/wp\/v2\/posts\/24676","targetHints":{"allow":["GET"]}}],"collection":[{"href":"https:\/\/diarioprincipios.com\/index.php\/wp-json\/wp\/v2\/posts"}],"about":[{"href":"https:\/\/diarioprincipios.com\/index.php\/wp-json\/wp\/v2\/types\/post"}],"author":[{"embeddable":true,"href":"https:\/\/diarioprincipios.com\/index.php\/wp-json\/wp\/v2\/users\/2"}],"replies":[{"embeddable":true,"href":"https:\/\/diarioprincipios.com\/index.php\/wp-json\/wp\/v2\/comments?post=24676"}],"version-history":[{"count":1,"href":"https:\/\/diarioprincipios.com\/index.php\/wp-json\/wp\/v2\/posts\/24676\/revisions"}],"predecessor-version":[{"id":24680,"href":"https:\/\/diarioprincipios.com\/index.php\/wp-json\/wp\/v2\/posts\/24676\/revisions\/24680"}],"wp:featuredmedia":[{"embeddable":true,"href":"https:\/\/diarioprincipios.com\/index.php\/wp-json\/wp\/v2\/media\/24679"}],"wp:attachment":[{"href":"https:\/\/diarioprincipios.com\/index.php\/wp-json\/wp\/v2\/media?parent=24676"}],"wp:term":[{"taxonomy":"category","embeddable":true,"href":"https:\/\/diarioprincipios.com\/index.php\/wp-json\/wp\/v2\/categories?post=24676"},{"taxonomy":"post_tag","embeddable":true,"href":"https:\/\/diarioprincipios.com\/index.php\/wp-json\/wp\/v2\/tags?post=24676"}],"curies":[{"name":"wp","href":"https:\/\/api.w.org\/{rel}","templated":true}]}}