{"id":24672,"date":"2025-05-16T17:41:54","date_gmt":"2025-05-16T20:41:54","guid":{"rendered":"https:\/\/diarioprincipios.com\/?p=24672"},"modified":"2025-05-16T17:41:55","modified_gmt":"2025-05-16T20:41:55","slug":"este-fin-de-semana-llega-bera-folk","status":"publish","type":"post","link":"https:\/\/diarioprincipios.com\/index.php\/2025\/05\/16\/este-fin-de-semana-llega-bera-folk\/","title":{"rendered":"Este fin de semana llega Bera Folk"},"content":{"rendered":"\n<p>Se viene la 2\u00aa edici\u00f3n de Bera Folk, el Certamen Nacional de Danzas Folcl\u00f3ricas de Berazategui. Se realizar\u00e1 este s\u00e1bado 17 y domingo 18 de mayo, de 10.00 a 22.00, en el Centro Municipal de Actividades Roberto De Vicenzo (calle 18 y 148). Participar\u00e1n bailarines y bailarinas del g\u00e9nero, de todo el pa\u00eds. Las entradas se pueden adquirir en el ingreso al evento.<\/p>\n\n\n\n<p>Esta propuesta, impulsada por el intendente Juan Jos\u00e9 Mussi, es organizada por la Secretar\u00eda de Cultura y Educaci\u00f3n de la Municipalidad de Berazategui.<\/p>\n\n\n\n<p>Al respecto, el secretario de Cultura y Educaci\u00f3n, Federico L\u00f3pez, inform\u00f3: \u201cSi bien es la segunda edici\u00f3n, el Bera Folk es uno de los cert\u00e1menes del g\u00e9nero m\u00e1s participativos de toda la provincia de Buenos Aires. Y esto es un orgullo para nuestra ciudad, porque es el resultado de una pol\u00edtica p\u00fablica cultural que nuestro Intendente viene llevando adelante desde hace muchos a\u00f1os\u201d. Y agreg\u00f3: \u201cEstamos entusiasmados; en esta edici\u00f3n se inscribieron m\u00e1s de mil participantes de todas las categor\u00edas, triplicando la cantidad que tuvimos en la primera. As\u00ed que invitamos a todos los vecinos a disfrutar de este evento competitivo de alt\u00edsimo nivel\u201d.<\/p>\n\n\n\n<figure class=\"wp-block-image size-large\"><img loading=\"lazy\" decoding=\"async\" width=\"1024\" height=\"682\" src=\"https:\/\/diarioprincipios.com\/wp-content\/uploads\/2025\/05\/LLEGA-BERA-FOLK-EL-CERTAMEN-DE-FOLCLORE-DE-BERAZATEGUI-1024x682.jpg\" alt=\"\" class=\"wp-image-24673\" srcset=\"https:\/\/diarioprincipios.com\/wp-content\/uploads\/2025\/05\/LLEGA-BERA-FOLK-EL-CERTAMEN-DE-FOLCLORE-DE-BERAZATEGUI-1024x682.jpg 1024w, https:\/\/diarioprincipios.com\/wp-content\/uploads\/2025\/05\/LLEGA-BERA-FOLK-EL-CERTAMEN-DE-FOLCLORE-DE-BERAZATEGUI-300x200.jpg 300w, https:\/\/diarioprincipios.com\/wp-content\/uploads\/2025\/05\/LLEGA-BERA-FOLK-EL-CERTAMEN-DE-FOLCLORE-DE-BERAZATEGUI-768x512.jpg 768w, https:\/\/diarioprincipios.com\/wp-content\/uploads\/2025\/05\/LLEGA-BERA-FOLK-EL-CERTAMEN-DE-FOLCLORE-DE-BERAZATEGUI-1536x1023.jpg 1536w, https:\/\/diarioprincipios.com\/wp-content\/uploads\/2025\/05\/LLEGA-BERA-FOLK-EL-CERTAMEN-DE-FOLCLORE-DE-BERAZATEGUI-820x545.jpg 820w, https:\/\/diarioprincipios.com\/wp-content\/uploads\/2025\/05\/LLEGA-BERA-FOLK-EL-CERTAMEN-DE-FOLCLORE-DE-BERAZATEGUI-600x400.jpg 600w, https:\/\/diarioprincipios.com\/wp-content\/uploads\/2025\/05\/LLEGA-BERA-FOLK-EL-CERTAMEN-DE-FOLCLORE-DE-BERAZATEGUI.jpg 1920w\" sizes=\"auto, (max-width: 1024px) 100vw, 1024px\" \/><\/figure>\n\n\n\n<p>Participar\u00e1n todos los ballets, escuelas, academias, conjuntos oficiales y privados; como as\u00ed tambi\u00e9n solistas de distintos puntos del pa\u00eds. Las categor\u00edas son: infantiles (hasta los 14 a\u00f1os inclusive), juveniles (de 15 a 18 a\u00f1os inclusive), mayores (de 19 a 37 a\u00f1os inclusive) y adultos (de 38 a\u00f1os en adelante). En tanto, los rubros son malambo, danza tradicional y danza estilizada, entre otras.<\/p>\n\n\n\n<p>Para m\u00e1s informaci\u00f3n, se puede ingresar en berazategui.gob.ar\/cultura.<\/p>\n","protected":false},"excerpt":{"rendered":"<p>Se viene la 2\u00aa edici\u00f3n de Bera Folk, el Certamen Nacional de Danzas Folcl\u00f3ricas de Berazategui. Se realizar\u00e1 este s\u00e1bado 17 y domingo 18 de mayo, de 10.00 a 22.00, en el Centro Municipal de Actividades Roberto De Vicenzo (calle 18 y 148). Participar\u00e1n bailarines y bailarinas del g\u00e9nero, de todo el pa\u00eds. Las entradas&#8230;<\/p>\n","protected":false},"author":2,"featured_media":24674,"comment_status":"open","ping_status":"open","sticky":false,"template":"","format":"standard","meta":{"footnotes":""},"categories":[3,19],"tags":[],"class_list":["post-24672","post","type-post","status-publish","format-standard","has-post-thumbnail","hentry","category-berazategui","category-cultura-educacion"],"featured_image_src":"https:\/\/diarioprincipios.com\/wp-content\/uploads\/2025\/05\/LLEGA-BERA-FOLK-EL-CERTAMEN-DE-FOLCLORE-DE-BERAZATEGUI-1-1024x683.jpg","blog_images":{"medium":"https:\/\/diarioprincipios.com\/wp-content\/uploads\/2025\/05\/LLEGA-BERA-FOLK-EL-CERTAMEN-DE-FOLCLORE-DE-BERAZATEGUI-1-300x200.jpg","large":"https:\/\/diarioprincipios.com\/wp-content\/uploads\/2025\/05\/LLEGA-BERA-FOLK-EL-CERTAMEN-DE-FOLCLORE-DE-BERAZATEGUI-1-1024x683.jpg"},"ams_acf":[],"yoast_head":"<!-- This site is optimized with the Yoast SEO plugin v27.3 - https:\/\/yoast.com\/product\/yoast-seo-wordpress\/ -->\n<title>Este fin de semana llega Bera Folk - Principios<\/title>\n<meta name=\"robots\" content=\"index, follow, max-snippet:-1, max-image-preview:large, max-video-preview:-1\" \/>\n<link rel=\"canonical\" href=\"https:\/\/diarioprincipios.com\/index.php\/2025\/05\/16\/este-fin-de-semana-llega-bera-folk\/\" \/>\n<meta property=\"og:locale\" content=\"es_ES\" \/>\n<meta property=\"og:type\" content=\"article\" \/>\n<meta property=\"og:title\" content=\"Este fin de semana llega Bera Folk - Principios\" \/>\n<meta property=\"og:description\" content=\"Se viene la 2\u00aa edici\u00f3n de Bera Folk, el Certamen Nacional de Danzas Folcl\u00f3ricas de Berazategui. Se realizar\u00e1 este s\u00e1bado 17 y domingo 18 de mayo, de 10.00 a 22.00, en el Centro Municipal de Actividades Roberto De Vicenzo (calle 18 y 148). Participar\u00e1n bailarines y bailarinas del g\u00e9nero, de todo el pa\u00eds. Las entradas...\" \/>\n<meta property=\"og:url\" content=\"https:\/\/diarioprincipios.com\/index.php\/2025\/05\/16\/este-fin-de-semana-llega-bera-folk\/\" \/>\n<meta property=\"og:site_name\" content=\"Principios\" \/>\n<meta property=\"article:published_time\" content=\"2025-05-16T20:41:54+00:00\" \/>\n<meta property=\"article:modified_time\" content=\"2025-05-16T20:41:55+00:00\" \/>\n<meta property=\"og:image\" content=\"https:\/\/diarioprincipios.com\/wp-content\/uploads\/2025\/05\/LLEGA-BERA-FOLK-EL-CERTAMEN-DE-FOLCLORE-DE-BERAZATEGUI-1.jpg\" \/>\n\t<meta property=\"og:image:width\" content=\"1920\" \/>\n\t<meta property=\"og:image:height\" content=\"1280\" \/>\n\t<meta property=\"og:image:type\" content=\"image\/jpeg\" \/>\n<meta name=\"author\" content=\"Hern\u00e1n L\u00f3pez\" \/>\n<meta name=\"twitter:card\" content=\"summary_large_image\" \/>\n<meta name=\"twitter:label1\" content=\"Escrito por\" \/>\n\t<meta name=\"twitter:data1\" content=\"Hern\u00e1n L\u00f3pez\" \/>\n\t<meta name=\"twitter:label2\" content=\"Tiempo de lectura\" \/>\n\t<meta name=\"twitter:data2\" content=\"2 minutos\" \/>\n<script type=\"application\/ld+json\" class=\"yoast-schema-graph\">{\"@context\":\"https:\\\/\\\/schema.org\",\"@graph\":[{\"@type\":\"Article\",\"@id\":\"https:\\\/\\\/diarioprincipios.com\\\/index.php\\\/2025\\\/05\\\/16\\\/este-fin-de-semana-llega-bera-folk\\\/#article\",\"isPartOf\":{\"@id\":\"https:\\\/\\\/diarioprincipios.com\\\/index.php\\\/2025\\\/05\\\/16\\\/este-fin-de-semana-llega-bera-folk\\\/\"},\"author\":{\"name\":\"Hern\u00e1n L\u00f3pez\",\"@id\":\"https:\\\/\\\/diarioprincipios.com\\\/#\\\/schema\\\/person\\\/436d5a1fd41a5e250e23ff5a6a7cb080\"},\"headline\":\"Este fin de semana llega Bera Folk\",\"datePublished\":\"2025-05-16T20:41:54+00:00\",\"dateModified\":\"2025-05-16T20:41:55+00:00\",\"mainEntityOfPage\":{\"@id\":\"https:\\\/\\\/diarioprincipios.com\\\/index.php\\\/2025\\\/05\\\/16\\\/este-fin-de-semana-llega-bera-folk\\\/\"},\"wordCount\":288,\"commentCount\":0,\"publisher\":{\"@id\":\"https:\\\/\\\/diarioprincipios.com\\\/#organization\"},\"image\":{\"@id\":\"https:\\\/\\\/diarioprincipios.com\\\/index.php\\\/2025\\\/05\\\/16\\\/este-fin-de-semana-llega-bera-folk\\\/#primaryimage\"},\"thumbnailUrl\":\"https:\\\/\\\/diarioprincipios.com\\\/wp-content\\\/uploads\\\/2025\\\/05\\\/LLEGA-BERA-FOLK-EL-CERTAMEN-DE-FOLCLORE-DE-BERAZATEGUI-1.jpg\",\"articleSection\":[\"Berazategui\",\"Cultura y Educaci\u00f3n\"],\"inLanguage\":\"es\",\"potentialAction\":[{\"@type\":\"CommentAction\",\"name\":\"Comment\",\"target\":[\"https:\\\/\\\/diarioprincipios.com\\\/index.php\\\/2025\\\/05\\\/16\\\/este-fin-de-semana-llega-bera-folk\\\/#respond\"]}]},{\"@type\":\"WebPage\",\"@id\":\"https:\\\/\\\/diarioprincipios.com\\\/index.php\\\/2025\\\/05\\\/16\\\/este-fin-de-semana-llega-bera-folk\\\/\",\"url\":\"https:\\\/\\\/diarioprincipios.com\\\/index.php\\\/2025\\\/05\\\/16\\\/este-fin-de-semana-llega-bera-folk\\\/\",\"name\":\"Este fin de semana llega Bera Folk - Principios\",\"isPartOf\":{\"@id\":\"https:\\\/\\\/diarioprincipios.com\\\/#website\"},\"primaryImageOfPage\":{\"@id\":\"https:\\\/\\\/diarioprincipios.com\\\/index.php\\\/2025\\\/05\\\/16\\\/este-fin-de-semana-llega-bera-folk\\\/#primaryimage\"},\"image\":{\"@id\":\"https:\\\/\\\/diarioprincipios.com\\\/index.php\\\/2025\\\/05\\\/16\\\/este-fin-de-semana-llega-bera-folk\\\/#primaryimage\"},\"thumbnailUrl\":\"https:\\\/\\\/diarioprincipios.com\\\/wp-content\\\/uploads\\\/2025\\\/05\\\/LLEGA-BERA-FOLK-EL-CERTAMEN-DE-FOLCLORE-DE-BERAZATEGUI-1.jpg\",\"datePublished\":\"2025-05-16T20:41:54+00:00\",\"dateModified\":\"2025-05-16T20:41:55+00:00\",\"breadcrumb\":{\"@id\":\"https:\\\/\\\/diarioprincipios.com\\\/index.php\\\/2025\\\/05\\\/16\\\/este-fin-de-semana-llega-bera-folk\\\/#breadcrumb\"},\"inLanguage\":\"es\",\"potentialAction\":[{\"@type\":\"ReadAction\",\"target\":[\"https:\\\/\\\/diarioprincipios.com\\\/index.php\\\/2025\\\/05\\\/16\\\/este-fin-de-semana-llega-bera-folk\\\/\"]}]},{\"@type\":\"ImageObject\",\"inLanguage\":\"es\",\"@id\":\"https:\\\/\\\/diarioprincipios.com\\\/index.php\\\/2025\\\/05\\\/16\\\/este-fin-de-semana-llega-bera-folk\\\/#primaryimage\",\"url\":\"https:\\\/\\\/diarioprincipios.com\\\/wp-content\\\/uploads\\\/2025\\\/05\\\/LLEGA-BERA-FOLK-EL-CERTAMEN-DE-FOLCLORE-DE-BERAZATEGUI-1.jpg\",\"contentUrl\":\"https:\\\/\\\/diarioprincipios.com\\\/wp-content\\\/uploads\\\/2025\\\/05\\\/LLEGA-BERA-FOLK-EL-CERTAMEN-DE-FOLCLORE-DE-BERAZATEGUI-1.jpg\",\"width\":1920,\"height\":1280},{\"@type\":\"BreadcrumbList\",\"@id\":\"https:\\\/\\\/diarioprincipios.com\\\/index.php\\\/2025\\\/05\\\/16\\\/este-fin-de-semana-llega-bera-folk\\\/#breadcrumb\",\"itemListElement\":[{\"@type\":\"ListItem\",\"position\":1,\"name\":\"Portada\",\"item\":\"https:\\\/\\\/diarioprincipios.com\\\/\"},{\"@type\":\"ListItem\",\"position\":2,\"name\":\"Este fin de semana llega Bera Folk\"}]},{\"@type\":\"WebSite\",\"@id\":\"https:\\\/\\\/diarioprincipios.com\\\/#website\",\"url\":\"https:\\\/\\\/diarioprincipios.com\\\/\",\"name\":\"Principios\",\"description\":\"Principios Diario\",\"publisher\":{\"@id\":\"https:\\\/\\\/diarioprincipios.com\\\/#organization\"},\"potentialAction\":[{\"@type\":\"SearchAction\",\"target\":{\"@type\":\"EntryPoint\",\"urlTemplate\":\"https:\\\/\\\/diarioprincipios.com\\\/?s={search_term_string}\"},\"query-input\":{\"@type\":\"PropertyValueSpecification\",\"valueRequired\":true,\"valueName\":\"search_term_string\"}}],\"inLanguage\":\"es\"},{\"@type\":\"Organization\",\"@id\":\"https:\\\/\\\/diarioprincipios.com\\\/#organization\",\"name\":\"Principios\",\"url\":\"https:\\\/\\\/diarioprincipios.com\\\/\",\"logo\":{\"@type\":\"ImageObject\",\"inLanguage\":\"es\",\"@id\":\"https:\\\/\\\/diarioprincipios.com\\\/#\\\/schema\\\/logo\\\/image\\\/\",\"url\":\"https:\\\/\\\/diarioprincipios.com\\\/wp-content\\\/uploads\\\/2024\\\/04\\\/cropped-www.diarioprincipios.com_-1.png\",\"contentUrl\":\"https:\\\/\\\/diarioprincipios.com\\\/wp-content\\\/uploads\\\/2024\\\/04\\\/cropped-www.diarioprincipios.com_-1.png\",\"width\":5325,\"height\":1454,\"caption\":\"Principios\"},\"image\":{\"@id\":\"https:\\\/\\\/diarioprincipios.com\\\/#\\\/schema\\\/logo\\\/image\\\/\"}},{\"@type\":\"Person\",\"@id\":\"https:\\\/\\\/diarioprincipios.com\\\/#\\\/schema\\\/person\\\/436d5a1fd41a5e250e23ff5a6a7cb080\",\"name\":\"Hern\u00e1n L\u00f3pez\",\"image\":{\"@type\":\"ImageObject\",\"inLanguage\":\"es\",\"@id\":\"https:\\\/\\\/diarioprincipios.com\\\/wp-content\\\/litespeed\\\/avatar\\\/11ddfe5610ff3bd100522525b2571f48.jpg?ver=1777048341\",\"url\":\"https:\\\/\\\/diarioprincipios.com\\\/wp-content\\\/litespeed\\\/avatar\\\/11ddfe5610ff3bd100522525b2571f48.jpg?ver=1777048341\",\"contentUrl\":\"https:\\\/\\\/diarioprincipios.com\\\/wp-content\\\/litespeed\\\/avatar\\\/11ddfe5610ff3bd100522525b2571f48.jpg?ver=1777048341\",\"caption\":\"Hern\u00e1n L\u00f3pez\"},\"url\":\"https:\\\/\\\/diarioprincipios.com\\\/index.php\\\/author\\\/hernan\\\/\"}]}<\/script>\n<!-- \/ Yoast SEO plugin. -->","yoast_head_json":{"title":"Este fin de semana llega Bera Folk - Principios","robots":{"index":"index","follow":"follow","max-snippet":"max-snippet:-1","max-image-preview":"max-image-preview:large","max-video-preview":"max-video-preview:-1"},"canonical":"https:\/\/diarioprincipios.com\/index.php\/2025\/05\/16\/este-fin-de-semana-llega-bera-folk\/","og_locale":"es_ES","og_type":"article","og_title":"Este fin de semana llega Bera Folk - Principios","og_description":"Se viene la 2\u00aa edici\u00f3n de Bera Folk, el Certamen Nacional de Danzas Folcl\u00f3ricas de Berazategui. Se realizar\u00e1 este s\u00e1bado 17 y domingo 18 de mayo, de 10.00 a 22.00, en el Centro Municipal de Actividades Roberto De Vicenzo (calle 18 y 148). Participar\u00e1n bailarines y bailarinas del g\u00e9nero, de todo el pa\u00eds. Las entradas...","og_url":"https:\/\/diarioprincipios.com\/index.php\/2025\/05\/16\/este-fin-de-semana-llega-bera-folk\/","og_site_name":"Principios","article_published_time":"2025-05-16T20:41:54+00:00","article_modified_time":"2025-05-16T20:41:55+00:00","og_image":[{"width":1920,"height":1280,"url":"https:\/\/diarioprincipios.com\/wp-content\/uploads\/2025\/05\/LLEGA-BERA-FOLK-EL-CERTAMEN-DE-FOLCLORE-DE-BERAZATEGUI-1.jpg","type":"image\/jpeg"}],"author":"Hern\u00e1n L\u00f3pez","twitter_card":"summary_large_image","twitter_misc":{"Escrito por":"Hern\u00e1n L\u00f3pez","Tiempo de lectura":"2 minutos"},"schema":{"@context":"https:\/\/schema.org","@graph":[{"@type":"Article","@id":"https:\/\/diarioprincipios.com\/index.php\/2025\/05\/16\/este-fin-de-semana-llega-bera-folk\/#article","isPartOf":{"@id":"https:\/\/diarioprincipios.com\/index.php\/2025\/05\/16\/este-fin-de-semana-llega-bera-folk\/"},"author":{"name":"Hern\u00e1n L\u00f3pez","@id":"https:\/\/diarioprincipios.com\/#\/schema\/person\/436d5a1fd41a5e250e23ff5a6a7cb080"},"headline":"Este fin de semana llega Bera Folk","datePublished":"2025-05-16T20:41:54+00:00","dateModified":"2025-05-16T20:41:55+00:00","mainEntityOfPage":{"@id":"https:\/\/diarioprincipios.com\/index.php\/2025\/05\/16\/este-fin-de-semana-llega-bera-folk\/"},"wordCount":288,"commentCount":0,"publisher":{"@id":"https:\/\/diarioprincipios.com\/#organization"},"image":{"@id":"https:\/\/diarioprincipios.com\/index.php\/2025\/05\/16\/este-fin-de-semana-llega-bera-folk\/#primaryimage"},"thumbnailUrl":"https:\/\/diarioprincipios.com\/wp-content\/uploads\/2025\/05\/LLEGA-BERA-FOLK-EL-CERTAMEN-DE-FOLCLORE-DE-BERAZATEGUI-1.jpg","articleSection":["Berazategui","Cultura y Educaci\u00f3n"],"inLanguage":"es","potentialAction":[{"@type":"CommentAction","name":"Comment","target":["https:\/\/diarioprincipios.com\/index.php\/2025\/05\/16\/este-fin-de-semana-llega-bera-folk\/#respond"]}]},{"@type":"WebPage","@id":"https:\/\/diarioprincipios.com\/index.php\/2025\/05\/16\/este-fin-de-semana-llega-bera-folk\/","url":"https:\/\/diarioprincipios.com\/index.php\/2025\/05\/16\/este-fin-de-semana-llega-bera-folk\/","name":"Este fin de semana llega Bera Folk - Principios","isPartOf":{"@id":"https:\/\/diarioprincipios.com\/#website"},"primaryImageOfPage":{"@id":"https:\/\/diarioprincipios.com\/index.php\/2025\/05\/16\/este-fin-de-semana-llega-bera-folk\/#primaryimage"},"image":{"@id":"https:\/\/diarioprincipios.com\/index.php\/2025\/05\/16\/este-fin-de-semana-llega-bera-folk\/#primaryimage"},"thumbnailUrl":"https:\/\/diarioprincipios.com\/wp-content\/uploads\/2025\/05\/LLEGA-BERA-FOLK-EL-CERTAMEN-DE-FOLCLORE-DE-BERAZATEGUI-1.jpg","datePublished":"2025-05-16T20:41:54+00:00","dateModified":"2025-05-16T20:41:55+00:00","breadcrumb":{"@id":"https:\/\/diarioprincipios.com\/index.php\/2025\/05\/16\/este-fin-de-semana-llega-bera-folk\/#breadcrumb"},"inLanguage":"es","potentialAction":[{"@type":"ReadAction","target":["https:\/\/diarioprincipios.com\/index.php\/2025\/05\/16\/este-fin-de-semana-llega-bera-folk\/"]}]},{"@type":"ImageObject","inLanguage":"es","@id":"https:\/\/diarioprincipios.com\/index.php\/2025\/05\/16\/este-fin-de-semana-llega-bera-folk\/#primaryimage","url":"https:\/\/diarioprincipios.com\/wp-content\/uploads\/2025\/05\/LLEGA-BERA-FOLK-EL-CERTAMEN-DE-FOLCLORE-DE-BERAZATEGUI-1.jpg","contentUrl":"https:\/\/diarioprincipios.com\/wp-content\/uploads\/2025\/05\/LLEGA-BERA-FOLK-EL-CERTAMEN-DE-FOLCLORE-DE-BERAZATEGUI-1.jpg","width":1920,"height":1280},{"@type":"BreadcrumbList","@id":"https:\/\/diarioprincipios.com\/index.php\/2025\/05\/16\/este-fin-de-semana-llega-bera-folk\/#breadcrumb","itemListElement":[{"@type":"ListItem","position":1,"name":"Portada","item":"https:\/\/diarioprincipios.com\/"},{"@type":"ListItem","position":2,"name":"Este fin de semana llega Bera Folk"}]},{"@type":"WebSite","@id":"https:\/\/diarioprincipios.com\/#website","url":"https:\/\/diarioprincipios.com\/","name":"Principios","description":"Principios Diario","publisher":{"@id":"https:\/\/diarioprincipios.com\/#organization"},"potentialAction":[{"@type":"SearchAction","target":{"@type":"EntryPoint","urlTemplate":"https:\/\/diarioprincipios.com\/?s={search_term_string}"},"query-input":{"@type":"PropertyValueSpecification","valueRequired":true,"valueName":"search_term_string"}}],"inLanguage":"es"},{"@type":"Organization","@id":"https:\/\/diarioprincipios.com\/#organization","name":"Principios","url":"https:\/\/diarioprincipios.com\/","logo":{"@type":"ImageObject","inLanguage":"es","@id":"https:\/\/diarioprincipios.com\/#\/schema\/logo\/image\/","url":"https:\/\/diarioprincipios.com\/wp-content\/uploads\/2024\/04\/cropped-www.diarioprincipios.com_-1.png","contentUrl":"https:\/\/diarioprincipios.com\/wp-content\/uploads\/2024\/04\/cropped-www.diarioprincipios.com_-1.png","width":5325,"height":1454,"caption":"Principios"},"image":{"@id":"https:\/\/diarioprincipios.com\/#\/schema\/logo\/image\/"}},{"@type":"Person","@id":"https:\/\/diarioprincipios.com\/#\/schema\/person\/436d5a1fd41a5e250e23ff5a6a7cb080","name":"Hern\u00e1n L\u00f3pez","image":{"@type":"ImageObject","inLanguage":"es","@id":"https:\/\/diarioprincipios.com\/wp-content\/litespeed\/avatar\/11ddfe5610ff3bd100522525b2571f48.jpg?ver=1777048341","url":"https:\/\/diarioprincipios.com\/wp-content\/litespeed\/avatar\/11ddfe5610ff3bd100522525b2571f48.jpg?ver=1777048341","contentUrl":"https:\/\/diarioprincipios.com\/wp-content\/litespeed\/avatar\/11ddfe5610ff3bd100522525b2571f48.jpg?ver=1777048341","caption":"Hern\u00e1n L\u00f3pez"},"url":"https:\/\/diarioprincipios.com\/index.php\/author\/hernan\/"}]}},"jetpack_featured_media_url":"https:\/\/diarioprincipios.com\/wp-content\/uploads\/2025\/05\/LLEGA-BERA-FOLK-EL-CERTAMEN-DE-FOLCLORE-DE-BERAZATEGUI-1.jpg","_links":{"self":[{"href":"https:\/\/diarioprincipios.com\/index.php\/wp-json\/wp\/v2\/posts\/24672","targetHints":{"allow":["GET"]}}],"collection":[{"href":"https:\/\/diarioprincipios.com\/index.php\/wp-json\/wp\/v2\/posts"}],"about":[{"href":"https:\/\/diarioprincipios.com\/index.php\/wp-json\/wp\/v2\/types\/post"}],"author":[{"embeddable":true,"href":"https:\/\/diarioprincipios.com\/index.php\/wp-json\/wp\/v2\/users\/2"}],"replies":[{"embeddable":true,"href":"https:\/\/diarioprincipios.com\/index.php\/wp-json\/wp\/v2\/comments?post=24672"}],"version-history":[{"count":1,"href":"https:\/\/diarioprincipios.com\/index.php\/wp-json\/wp\/v2\/posts\/24672\/revisions"}],"predecessor-version":[{"id":24675,"href":"https:\/\/diarioprincipios.com\/index.php\/wp-json\/wp\/v2\/posts\/24672\/revisions\/24675"}],"wp:featuredmedia":[{"embeddable":true,"href":"https:\/\/diarioprincipios.com\/index.php\/wp-json\/wp\/v2\/media\/24674"}],"wp:attachment":[{"href":"https:\/\/diarioprincipios.com\/index.php\/wp-json\/wp\/v2\/media?parent=24672"}],"wp:term":[{"taxonomy":"category","embeddable":true,"href":"https:\/\/diarioprincipios.com\/index.php\/wp-json\/wp\/v2\/categories?post=24672"},{"taxonomy":"post_tag","embeddable":true,"href":"https:\/\/diarioprincipios.com\/index.php\/wp-json\/wp\/v2\/tags?post=24672"}],"curies":[{"name":"wp","href":"https:\/\/api.w.org\/{rel}","templated":true}]}}