{"id":24669,"date":"2025-05-16T09:56:15","date_gmt":"2025-05-16T12:56:15","guid":{"rendered":"https:\/\/diarioprincipios.com\/?p=24669"},"modified":"2025-05-16T09:56:16","modified_gmt":"2025-05-16T12:56:16","slug":"berazategui-celebra-el-25-de-mayo-con-una-gran-fiesta-popular","status":"publish","type":"post","link":"https:\/\/diarioprincipios.com\/index.php\/2025\/05\/16\/berazategui-celebra-el-25-de-mayo-con-una-gran-fiesta-popular\/","title":{"rendered":"Berazategui celebra el 25 de Mayo con una Gran Fiesta Popular"},"content":{"rendered":"\n<p><strong>La Municipalidad de Berazategui invita a todos los vecinos y vecinas al festejo por los 215 a\u00f1os de la Revoluci\u00f3n de Mayo, para disfrutar de una jornada llena de folclore, cultura y esp\u00edritu nacional. Se desarrollar\u00e1 el domingo 25\/05, desde las 10.30, en Av. 14 y 131 A, con acceso libre y gratuito.<\/strong>Ernesto Ponce, director general de Log\u00edstica de la Secretar\u00eda de Cultura y Educaci\u00f3n, indic\u00f3: \u201cEstamos preparando un gran encuentro, un Desfile C\u00edvico Tradicionalista y una Pe\u00f1a Folcl\u00f3rica para festejar la Revoluci\u00f3n de Mayo. En el desfile participar\u00e1n las instituciones, actuar\u00e1n todos los ballets de Berazategui -hermanados en una gran exhibici\u00f3n al ritmo del Cielito del Campo- y habr\u00e1 muchas sorpresas m\u00e1s. En nombre del intendente Juan Jos\u00e9 Mussi, quien impulsa estas iniciativas, extendemos la invitaci\u00f3n a todos los vecinos y vecinas. Los esperamos a todos para disfrutar de esta gran jornada\u201d.\u00a0Adem\u00e1s, Ponce agreg\u00f3: \u201cAl t\u00e9rmino del desfile se realizar\u00e1 una Pe\u00f1a Folcl\u00f3rica en la Plaza Julia Copello de Tiscornia (Av. 14 y 132), con stands de comidas t\u00edpicas, shows musicales y la Feria Regal\u00e1 Cultura, entre muchas otras propuestas\u201d.\u00a0El acceso a este tradicional evento, organizado por la Secretar\u00eda de Cultura y Educaci\u00f3n de la Municipalidad, es libre y gratuito. Adem\u00e1s, quienes lo deseen podr\u00e1n asistir al encuentro con su equipo de mate para celebrar el D\u00eda de la Patria con todo.<\/p>\n","protected":false},"excerpt":{"rendered":"<p>La Municipalidad de Berazategui invita a todos los vecinos y vecinas al festejo por los 215 a\u00f1os de la Revoluci\u00f3n de Mayo, para disfrutar de una jornada llena de folclore, cultura y esp\u00edritu nacional. Se desarrollar\u00e1 el domingo 25\/05, desde las 10.30, en Av. 14 y 131 A, con acceso libre y gratuito.Ernesto Ponce, director&#8230;<\/p>\n","protected":false},"author":2,"featured_media":24670,"comment_status":"open","ping_status":"open","sticky":false,"template":"","format":"standard","meta":{"footnotes":""},"categories":[3],"tags":[],"class_list":["post-24669","post","type-post","status-publish","format-standard","has-post-thumbnail","hentry","category-berazategui"],"featured_image_src":"https:\/\/diarioprincipios.com\/wp-content\/uploads\/2025\/05\/BERAZATEGUI-CELEBRA-EL-25-DE-MAYO-CON-UNA-GRAN-FIESTA-POPULAR-820x1024.jpg","blog_images":{"medium":"https:\/\/diarioprincipios.com\/wp-content\/uploads\/2025\/05\/BERAZATEGUI-CELEBRA-EL-25-DE-MAYO-CON-UNA-GRAN-FIESTA-POPULAR-240x300.jpg","large":"https:\/\/diarioprincipios.com\/wp-content\/uploads\/2025\/05\/BERAZATEGUI-CELEBRA-EL-25-DE-MAYO-CON-UNA-GRAN-FIESTA-POPULAR-820x1024.jpg"},"ams_acf":[],"yoast_head":"<!-- This site is optimized with the Yoast SEO plugin v27.3 - https:\/\/yoast.com\/product\/yoast-seo-wordpress\/ -->\n<title>Berazategui celebra el 25 de Mayo con una Gran Fiesta Popular - Principios<\/title>\n<meta name=\"robots\" content=\"index, follow, max-snippet:-1, max-image-preview:large, max-video-preview:-1\" \/>\n<link rel=\"canonical\" href=\"https:\/\/diarioprincipios.com\/index.php\/2025\/05\/16\/berazategui-celebra-el-25-de-mayo-con-una-gran-fiesta-popular\/\" \/>\n<meta property=\"og:locale\" content=\"es_ES\" \/>\n<meta property=\"og:type\" content=\"article\" \/>\n<meta property=\"og:title\" content=\"Berazategui celebra el 25 de Mayo con una Gran Fiesta Popular - Principios\" \/>\n<meta property=\"og:description\" content=\"La Municipalidad de Berazategui invita a todos los vecinos y vecinas al festejo por los 215 a\u00f1os de la Revoluci\u00f3n de Mayo, para disfrutar de una jornada llena de folclore, cultura y esp\u00edritu nacional. Se desarrollar\u00e1 el domingo 25\/05, desde las 10.30, en Av. 14 y 131 A, con acceso libre y gratuito.Ernesto Ponce, director...\" \/>\n<meta property=\"og:url\" content=\"https:\/\/diarioprincipios.com\/index.php\/2025\/05\/16\/berazategui-celebra-el-25-de-mayo-con-una-gran-fiesta-popular\/\" \/>\n<meta property=\"og:site_name\" content=\"Principios\" \/>\n<meta property=\"article:published_time\" content=\"2025-05-16T12:56:15+00:00\" \/>\n<meta property=\"article:modified_time\" content=\"2025-05-16T12:56:16+00:00\" \/>\n<meta property=\"og:image\" content=\"https:\/\/diarioprincipios.com\/wp-content\/uploads\/2025\/05\/BERAZATEGUI-CELEBRA-EL-25-DE-MAYO-CON-UNA-GRAN-FIESTA-POPULAR.jpg\" \/>\n\t<meta property=\"og:image:width\" content=\"1281\" \/>\n\t<meta property=\"og:image:height\" content=\"1600\" \/>\n\t<meta property=\"og:image:type\" content=\"image\/jpeg\" \/>\n<meta name=\"author\" content=\"Hern\u00e1n L\u00f3pez\" \/>\n<meta name=\"twitter:card\" content=\"summary_large_image\" \/>\n<meta name=\"twitter:label1\" content=\"Escrito por\" \/>\n\t<meta name=\"twitter:data1\" content=\"Hern\u00e1n L\u00f3pez\" \/>\n\t<meta name=\"twitter:label2\" content=\"Tiempo de lectura\" \/>\n\t<meta name=\"twitter:data2\" content=\"2 minutos\" \/>\n<script type=\"application\/ld+json\" class=\"yoast-schema-graph\">{\"@context\":\"https:\\\/\\\/schema.org\",\"@graph\":[{\"@type\":\"Article\",\"@id\":\"https:\\\/\\\/diarioprincipios.com\\\/index.php\\\/2025\\\/05\\\/16\\\/berazategui-celebra-el-25-de-mayo-con-una-gran-fiesta-popular\\\/#article\",\"isPartOf\":{\"@id\":\"https:\\\/\\\/diarioprincipios.com\\\/index.php\\\/2025\\\/05\\\/16\\\/berazategui-celebra-el-25-de-mayo-con-una-gran-fiesta-popular\\\/\"},\"author\":{\"name\":\"Hern\u00e1n L\u00f3pez\",\"@id\":\"https:\\\/\\\/diarioprincipios.com\\\/#\\\/schema\\\/person\\\/436d5a1fd41a5e250e23ff5a6a7cb080\"},\"headline\":\"Berazategui celebra el 25 de Mayo con una Gran Fiesta Popular\",\"datePublished\":\"2025-05-16T12:56:15+00:00\",\"dateModified\":\"2025-05-16T12:56:16+00:00\",\"mainEntityOfPage\":{\"@id\":\"https:\\\/\\\/diarioprincipios.com\\\/index.php\\\/2025\\\/05\\\/16\\\/berazategui-celebra-el-25-de-mayo-con-una-gran-fiesta-popular\\\/\"},\"wordCount\":254,\"commentCount\":0,\"publisher\":{\"@id\":\"https:\\\/\\\/diarioprincipios.com\\\/#organization\"},\"image\":{\"@id\":\"https:\\\/\\\/diarioprincipios.com\\\/index.php\\\/2025\\\/05\\\/16\\\/berazategui-celebra-el-25-de-mayo-con-una-gran-fiesta-popular\\\/#primaryimage\"},\"thumbnailUrl\":\"https:\\\/\\\/diarioprincipios.com\\\/wp-content\\\/uploads\\\/2025\\\/05\\\/BERAZATEGUI-CELEBRA-EL-25-DE-MAYO-CON-UNA-GRAN-FIESTA-POPULAR.jpg\",\"articleSection\":[\"Berazategui\"],\"inLanguage\":\"es\",\"potentialAction\":[{\"@type\":\"CommentAction\",\"name\":\"Comment\",\"target\":[\"https:\\\/\\\/diarioprincipios.com\\\/index.php\\\/2025\\\/05\\\/16\\\/berazategui-celebra-el-25-de-mayo-con-una-gran-fiesta-popular\\\/#respond\"]}]},{\"@type\":\"WebPage\",\"@id\":\"https:\\\/\\\/diarioprincipios.com\\\/index.php\\\/2025\\\/05\\\/16\\\/berazategui-celebra-el-25-de-mayo-con-una-gran-fiesta-popular\\\/\",\"url\":\"https:\\\/\\\/diarioprincipios.com\\\/index.php\\\/2025\\\/05\\\/16\\\/berazategui-celebra-el-25-de-mayo-con-una-gran-fiesta-popular\\\/\",\"name\":\"Berazategui celebra el 25 de Mayo con una Gran Fiesta Popular - Principios\",\"isPartOf\":{\"@id\":\"https:\\\/\\\/diarioprincipios.com\\\/#website\"},\"primaryImageOfPage\":{\"@id\":\"https:\\\/\\\/diarioprincipios.com\\\/index.php\\\/2025\\\/05\\\/16\\\/berazategui-celebra-el-25-de-mayo-con-una-gran-fiesta-popular\\\/#primaryimage\"},\"image\":{\"@id\":\"https:\\\/\\\/diarioprincipios.com\\\/index.php\\\/2025\\\/05\\\/16\\\/berazategui-celebra-el-25-de-mayo-con-una-gran-fiesta-popular\\\/#primaryimage\"},\"thumbnailUrl\":\"https:\\\/\\\/diarioprincipios.com\\\/wp-content\\\/uploads\\\/2025\\\/05\\\/BERAZATEGUI-CELEBRA-EL-25-DE-MAYO-CON-UNA-GRAN-FIESTA-POPULAR.jpg\",\"datePublished\":\"2025-05-16T12:56:15+00:00\",\"dateModified\":\"2025-05-16T12:56:16+00:00\",\"breadcrumb\":{\"@id\":\"https:\\\/\\\/diarioprincipios.com\\\/index.php\\\/2025\\\/05\\\/16\\\/berazategui-celebra-el-25-de-mayo-con-una-gran-fiesta-popular\\\/#breadcrumb\"},\"inLanguage\":\"es\",\"potentialAction\":[{\"@type\":\"ReadAction\",\"target\":[\"https:\\\/\\\/diarioprincipios.com\\\/index.php\\\/2025\\\/05\\\/16\\\/berazategui-celebra-el-25-de-mayo-con-una-gran-fiesta-popular\\\/\"]}]},{\"@type\":\"ImageObject\",\"inLanguage\":\"es\",\"@id\":\"https:\\\/\\\/diarioprincipios.com\\\/index.php\\\/2025\\\/05\\\/16\\\/berazategui-celebra-el-25-de-mayo-con-una-gran-fiesta-popular\\\/#primaryimage\",\"url\":\"https:\\\/\\\/diarioprincipios.com\\\/wp-content\\\/uploads\\\/2025\\\/05\\\/BERAZATEGUI-CELEBRA-EL-25-DE-MAYO-CON-UNA-GRAN-FIESTA-POPULAR.jpg\",\"contentUrl\":\"https:\\\/\\\/diarioprincipios.com\\\/wp-content\\\/uploads\\\/2025\\\/05\\\/BERAZATEGUI-CELEBRA-EL-25-DE-MAYO-CON-UNA-GRAN-FIESTA-POPULAR.jpg\",\"width\":1281,\"height\":1600},{\"@type\":\"BreadcrumbList\",\"@id\":\"https:\\\/\\\/diarioprincipios.com\\\/index.php\\\/2025\\\/05\\\/16\\\/berazategui-celebra-el-25-de-mayo-con-una-gran-fiesta-popular\\\/#breadcrumb\",\"itemListElement\":[{\"@type\":\"ListItem\",\"position\":1,\"name\":\"Portada\",\"item\":\"https:\\\/\\\/diarioprincipios.com\\\/\"},{\"@type\":\"ListItem\",\"position\":2,\"name\":\"Berazategui celebra el 25 de Mayo con una Gran Fiesta Popular\"}]},{\"@type\":\"WebSite\",\"@id\":\"https:\\\/\\\/diarioprincipios.com\\\/#website\",\"url\":\"https:\\\/\\\/diarioprincipios.com\\\/\",\"name\":\"Principios\",\"description\":\"Principios Diario\",\"publisher\":{\"@id\":\"https:\\\/\\\/diarioprincipios.com\\\/#organization\"},\"potentialAction\":[{\"@type\":\"SearchAction\",\"target\":{\"@type\":\"EntryPoint\",\"urlTemplate\":\"https:\\\/\\\/diarioprincipios.com\\\/?s={search_term_string}\"},\"query-input\":{\"@type\":\"PropertyValueSpecification\",\"valueRequired\":true,\"valueName\":\"search_term_string\"}}],\"inLanguage\":\"es\"},{\"@type\":\"Organization\",\"@id\":\"https:\\\/\\\/diarioprincipios.com\\\/#organization\",\"name\":\"Principios\",\"url\":\"https:\\\/\\\/diarioprincipios.com\\\/\",\"logo\":{\"@type\":\"ImageObject\",\"inLanguage\":\"es\",\"@id\":\"https:\\\/\\\/diarioprincipios.com\\\/#\\\/schema\\\/logo\\\/image\\\/\",\"url\":\"https:\\\/\\\/diarioprincipios.com\\\/wp-content\\\/uploads\\\/2024\\\/04\\\/cropped-www.diarioprincipios.com_-1.png\",\"contentUrl\":\"https:\\\/\\\/diarioprincipios.com\\\/wp-content\\\/uploads\\\/2024\\\/04\\\/cropped-www.diarioprincipios.com_-1.png\",\"width\":5325,\"height\":1454,\"caption\":\"Principios\"},\"image\":{\"@id\":\"https:\\\/\\\/diarioprincipios.com\\\/#\\\/schema\\\/logo\\\/image\\\/\"}},{\"@type\":\"Person\",\"@id\":\"https:\\\/\\\/diarioprincipios.com\\\/#\\\/schema\\\/person\\\/436d5a1fd41a5e250e23ff5a6a7cb080\",\"name\":\"Hern\u00e1n L\u00f3pez\",\"image\":{\"@type\":\"ImageObject\",\"inLanguage\":\"es\",\"@id\":\"https:\\\/\\\/diarioprincipios.com\\\/wp-content\\\/litespeed\\\/avatar\\\/11ddfe5610ff3bd100522525b2571f48.jpg?ver=1777048341\",\"url\":\"https:\\\/\\\/diarioprincipios.com\\\/wp-content\\\/litespeed\\\/avatar\\\/11ddfe5610ff3bd100522525b2571f48.jpg?ver=1777048341\",\"contentUrl\":\"https:\\\/\\\/diarioprincipios.com\\\/wp-content\\\/litespeed\\\/avatar\\\/11ddfe5610ff3bd100522525b2571f48.jpg?ver=1777048341\",\"caption\":\"Hern\u00e1n L\u00f3pez\"},\"url\":\"https:\\\/\\\/diarioprincipios.com\\\/index.php\\\/author\\\/hernan\\\/\"}]}<\/script>\n<!-- \/ Yoast SEO plugin. -->","yoast_head_json":{"title":"Berazategui celebra el 25 de Mayo con una Gran Fiesta Popular - Principios","robots":{"index":"index","follow":"follow","max-snippet":"max-snippet:-1","max-image-preview":"max-image-preview:large","max-video-preview":"max-video-preview:-1"},"canonical":"https:\/\/diarioprincipios.com\/index.php\/2025\/05\/16\/berazategui-celebra-el-25-de-mayo-con-una-gran-fiesta-popular\/","og_locale":"es_ES","og_type":"article","og_title":"Berazategui celebra el 25 de Mayo con una Gran Fiesta Popular - Principios","og_description":"La Municipalidad de Berazategui invita a todos los vecinos y vecinas al festejo por los 215 a\u00f1os de la Revoluci\u00f3n de Mayo, para disfrutar de una jornada llena de folclore, cultura y esp\u00edritu nacional. Se desarrollar\u00e1 el domingo 25\/05, desde las 10.30, en Av. 14 y 131 A, con acceso libre y gratuito.Ernesto Ponce, director...","og_url":"https:\/\/diarioprincipios.com\/index.php\/2025\/05\/16\/berazategui-celebra-el-25-de-mayo-con-una-gran-fiesta-popular\/","og_site_name":"Principios","article_published_time":"2025-05-16T12:56:15+00:00","article_modified_time":"2025-05-16T12:56:16+00:00","og_image":[{"width":1281,"height":1600,"url":"https:\/\/diarioprincipios.com\/wp-content\/uploads\/2025\/05\/BERAZATEGUI-CELEBRA-EL-25-DE-MAYO-CON-UNA-GRAN-FIESTA-POPULAR.jpg","type":"image\/jpeg"}],"author":"Hern\u00e1n L\u00f3pez","twitter_card":"summary_large_image","twitter_misc":{"Escrito por":"Hern\u00e1n L\u00f3pez","Tiempo de lectura":"2 minutos"},"schema":{"@context":"https:\/\/schema.org","@graph":[{"@type":"Article","@id":"https:\/\/diarioprincipios.com\/index.php\/2025\/05\/16\/berazategui-celebra-el-25-de-mayo-con-una-gran-fiesta-popular\/#article","isPartOf":{"@id":"https:\/\/diarioprincipios.com\/index.php\/2025\/05\/16\/berazategui-celebra-el-25-de-mayo-con-una-gran-fiesta-popular\/"},"author":{"name":"Hern\u00e1n L\u00f3pez","@id":"https:\/\/diarioprincipios.com\/#\/schema\/person\/436d5a1fd41a5e250e23ff5a6a7cb080"},"headline":"Berazategui celebra el 25 de Mayo con una Gran Fiesta Popular","datePublished":"2025-05-16T12:56:15+00:00","dateModified":"2025-05-16T12:56:16+00:00","mainEntityOfPage":{"@id":"https:\/\/diarioprincipios.com\/index.php\/2025\/05\/16\/berazategui-celebra-el-25-de-mayo-con-una-gran-fiesta-popular\/"},"wordCount":254,"commentCount":0,"publisher":{"@id":"https:\/\/diarioprincipios.com\/#organization"},"image":{"@id":"https:\/\/diarioprincipios.com\/index.php\/2025\/05\/16\/berazategui-celebra-el-25-de-mayo-con-una-gran-fiesta-popular\/#primaryimage"},"thumbnailUrl":"https:\/\/diarioprincipios.com\/wp-content\/uploads\/2025\/05\/BERAZATEGUI-CELEBRA-EL-25-DE-MAYO-CON-UNA-GRAN-FIESTA-POPULAR.jpg","articleSection":["Berazategui"],"inLanguage":"es","potentialAction":[{"@type":"CommentAction","name":"Comment","target":["https:\/\/diarioprincipios.com\/index.php\/2025\/05\/16\/berazategui-celebra-el-25-de-mayo-con-una-gran-fiesta-popular\/#respond"]}]},{"@type":"WebPage","@id":"https:\/\/diarioprincipios.com\/index.php\/2025\/05\/16\/berazategui-celebra-el-25-de-mayo-con-una-gran-fiesta-popular\/","url":"https:\/\/diarioprincipios.com\/index.php\/2025\/05\/16\/berazategui-celebra-el-25-de-mayo-con-una-gran-fiesta-popular\/","name":"Berazategui celebra el 25 de Mayo con una Gran Fiesta Popular - Principios","isPartOf":{"@id":"https:\/\/diarioprincipios.com\/#website"},"primaryImageOfPage":{"@id":"https:\/\/diarioprincipios.com\/index.php\/2025\/05\/16\/berazategui-celebra-el-25-de-mayo-con-una-gran-fiesta-popular\/#primaryimage"},"image":{"@id":"https:\/\/diarioprincipios.com\/index.php\/2025\/05\/16\/berazategui-celebra-el-25-de-mayo-con-una-gran-fiesta-popular\/#primaryimage"},"thumbnailUrl":"https:\/\/diarioprincipios.com\/wp-content\/uploads\/2025\/05\/BERAZATEGUI-CELEBRA-EL-25-DE-MAYO-CON-UNA-GRAN-FIESTA-POPULAR.jpg","datePublished":"2025-05-16T12:56:15+00:00","dateModified":"2025-05-16T12:56:16+00:00","breadcrumb":{"@id":"https:\/\/diarioprincipios.com\/index.php\/2025\/05\/16\/berazategui-celebra-el-25-de-mayo-con-una-gran-fiesta-popular\/#breadcrumb"},"inLanguage":"es","potentialAction":[{"@type":"ReadAction","target":["https:\/\/diarioprincipios.com\/index.php\/2025\/05\/16\/berazategui-celebra-el-25-de-mayo-con-una-gran-fiesta-popular\/"]}]},{"@type":"ImageObject","inLanguage":"es","@id":"https:\/\/diarioprincipios.com\/index.php\/2025\/05\/16\/berazategui-celebra-el-25-de-mayo-con-una-gran-fiesta-popular\/#primaryimage","url":"https:\/\/diarioprincipios.com\/wp-content\/uploads\/2025\/05\/BERAZATEGUI-CELEBRA-EL-25-DE-MAYO-CON-UNA-GRAN-FIESTA-POPULAR.jpg","contentUrl":"https:\/\/diarioprincipios.com\/wp-content\/uploads\/2025\/05\/BERAZATEGUI-CELEBRA-EL-25-DE-MAYO-CON-UNA-GRAN-FIESTA-POPULAR.jpg","width":1281,"height":1600},{"@type":"BreadcrumbList","@id":"https:\/\/diarioprincipios.com\/index.php\/2025\/05\/16\/berazategui-celebra-el-25-de-mayo-con-una-gran-fiesta-popular\/#breadcrumb","itemListElement":[{"@type":"ListItem","position":1,"name":"Portada","item":"https:\/\/diarioprincipios.com\/"},{"@type":"ListItem","position":2,"name":"Berazategui celebra el 25 de Mayo con una Gran Fiesta Popular"}]},{"@type":"WebSite","@id":"https:\/\/diarioprincipios.com\/#website","url":"https:\/\/diarioprincipios.com\/","name":"Principios","description":"Principios Diario","publisher":{"@id":"https:\/\/diarioprincipios.com\/#organization"},"potentialAction":[{"@type":"SearchAction","target":{"@type":"EntryPoint","urlTemplate":"https:\/\/diarioprincipios.com\/?s={search_term_string}"},"query-input":{"@type":"PropertyValueSpecification","valueRequired":true,"valueName":"search_term_string"}}],"inLanguage":"es"},{"@type":"Organization","@id":"https:\/\/diarioprincipios.com\/#organization","name":"Principios","url":"https:\/\/diarioprincipios.com\/","logo":{"@type":"ImageObject","inLanguage":"es","@id":"https:\/\/diarioprincipios.com\/#\/schema\/logo\/image\/","url":"https:\/\/diarioprincipios.com\/wp-content\/uploads\/2024\/04\/cropped-www.diarioprincipios.com_-1.png","contentUrl":"https:\/\/diarioprincipios.com\/wp-content\/uploads\/2024\/04\/cropped-www.diarioprincipios.com_-1.png","width":5325,"height":1454,"caption":"Principios"},"image":{"@id":"https:\/\/diarioprincipios.com\/#\/schema\/logo\/image\/"}},{"@type":"Person","@id":"https:\/\/diarioprincipios.com\/#\/schema\/person\/436d5a1fd41a5e250e23ff5a6a7cb080","name":"Hern\u00e1n L\u00f3pez","image":{"@type":"ImageObject","inLanguage":"es","@id":"https:\/\/diarioprincipios.com\/wp-content\/litespeed\/avatar\/11ddfe5610ff3bd100522525b2571f48.jpg?ver=1777048341","url":"https:\/\/diarioprincipios.com\/wp-content\/litespeed\/avatar\/11ddfe5610ff3bd100522525b2571f48.jpg?ver=1777048341","contentUrl":"https:\/\/diarioprincipios.com\/wp-content\/litespeed\/avatar\/11ddfe5610ff3bd100522525b2571f48.jpg?ver=1777048341","caption":"Hern\u00e1n L\u00f3pez"},"url":"https:\/\/diarioprincipios.com\/index.php\/author\/hernan\/"}]}},"jetpack_featured_media_url":"https:\/\/diarioprincipios.com\/wp-content\/uploads\/2025\/05\/BERAZATEGUI-CELEBRA-EL-25-DE-MAYO-CON-UNA-GRAN-FIESTA-POPULAR.jpg","_links":{"self":[{"href":"https:\/\/diarioprincipios.com\/index.php\/wp-json\/wp\/v2\/posts\/24669","targetHints":{"allow":["GET"]}}],"collection":[{"href":"https:\/\/diarioprincipios.com\/index.php\/wp-json\/wp\/v2\/posts"}],"about":[{"href":"https:\/\/diarioprincipios.com\/index.php\/wp-json\/wp\/v2\/types\/post"}],"author":[{"embeddable":true,"href":"https:\/\/diarioprincipios.com\/index.php\/wp-json\/wp\/v2\/users\/2"}],"replies":[{"embeddable":true,"href":"https:\/\/diarioprincipios.com\/index.php\/wp-json\/wp\/v2\/comments?post=24669"}],"version-history":[{"count":1,"href":"https:\/\/diarioprincipios.com\/index.php\/wp-json\/wp\/v2\/posts\/24669\/revisions"}],"predecessor-version":[{"id":24671,"href":"https:\/\/diarioprincipios.com\/index.php\/wp-json\/wp\/v2\/posts\/24669\/revisions\/24671"}],"wp:featuredmedia":[{"embeddable":true,"href":"https:\/\/diarioprincipios.com\/index.php\/wp-json\/wp\/v2\/media\/24670"}],"wp:attachment":[{"href":"https:\/\/diarioprincipios.com\/index.php\/wp-json\/wp\/v2\/media?parent=24669"}],"wp:term":[{"taxonomy":"category","embeddable":true,"href":"https:\/\/diarioprincipios.com\/index.php\/wp-json\/wp\/v2\/categories?post=24669"},{"taxonomy":"post_tag","embeddable":true,"href":"https:\/\/diarioprincipios.com\/index.php\/wp-json\/wp\/v2\/tags?post=24669"}],"curies":[{"name":"wp","href":"https:\/\/api.w.org\/{rel}","templated":true}]}}