{"id":24665,"date":"2025-05-16T09:52:59","date_gmt":"2025-05-16T12:52:59","guid":{"rendered":"https:\/\/diarioprincipios.com\/?p=24665"},"modified":"2025-05-16T09:53:00","modified_gmt":"2025-05-16T12:53:00","slug":"jornada-de-pintura-en-la-escuela-primaria-n-56-de-el-pato","status":"publish","type":"post","link":"https:\/\/diarioprincipios.com\/index.php\/2025\/05\/16\/jornada-de-pintura-en-la-escuela-primaria-n-56-de-el-pato\/","title":{"rendered":"Jornada de Pintura en la Escuela Primaria N\u00b0 56 de El Pato"},"content":{"rendered":"\n<p><strong>Se realiz\u00f3 una jornada de pintura en la Escuela Primaria N\u00b0 56 de El Pato, con el objetivo de embellecer el establecimiento educativo.<\/strong><br>Organizada por el Consejo Escolar de Berazategui, los trabajos estuvieron a cargo de vecinos y vecinas, docentes, consejeros escolares y el Municipio de Berazategui. Acompa\u00f1aron los secretarios municipales de Cultura y Educaci\u00f3n, Federico L\u00f3pez; de Desarrollo Social, Recreaci\u00f3n, Turismo y Deportes, Mar\u00eda Laura Lacava; y de Servicios P\u00fablicos, Sergio Faccenda. <\/p>\n\n\n\n<figure class=\"wp-block-image size-large\"><img loading=\"lazy\" decoding=\"async\" width=\"1024\" height=\"683\" src=\"https:\/\/diarioprincipios.com\/wp-content\/uploads\/2025\/05\/EMBELLECIERON-LA-PRIMARIA-N\u00b0-56-DE-EL-PATO-3-1024x683.jpg\" alt=\"\" class=\"wp-image-24666\" srcset=\"https:\/\/diarioprincipios.com\/wp-content\/uploads\/2025\/05\/EMBELLECIERON-LA-PRIMARIA-N\u00b0-56-DE-EL-PATO-3-1024x683.jpg 1024w, https:\/\/diarioprincipios.com\/wp-content\/uploads\/2025\/05\/EMBELLECIERON-LA-PRIMARIA-N\u00b0-56-DE-EL-PATO-3-300x200.jpg 300w, https:\/\/diarioprincipios.com\/wp-content\/uploads\/2025\/05\/EMBELLECIERON-LA-PRIMARIA-N\u00b0-56-DE-EL-PATO-3-768x512.jpg 768w, https:\/\/diarioprincipios.com\/wp-content\/uploads\/2025\/05\/EMBELLECIERON-LA-PRIMARIA-N\u00b0-56-DE-EL-PATO-3-1536x1024.jpg 1536w, https:\/\/diarioprincipios.com\/wp-content\/uploads\/2025\/05\/EMBELLECIERON-LA-PRIMARIA-N\u00b0-56-DE-EL-PATO-3-600x400.jpg 600w, https:\/\/diarioprincipios.com\/wp-content\/uploads\/2025\/05\/EMBELLECIERON-LA-PRIMARIA-N\u00b0-56-DE-EL-PATO-3.jpg 1920w\" sizes=\"auto, (max-width: 1024px) 100vw, 1024px\" \/><\/figure>\n\n\n\n<p>Adem\u00e1s, estuvieron el presidente del Consejo Escolar, Fernando Cardozo; y la delegada municipal de El Pato, Irma Bauche.<br>La directora de la Primaria, Damaris Ram\u00edrez, expres\u00f3: \u201cEstamos muy contentas de recibir esta jornada, porque nos permite tener una escuela m\u00e1s linda y alegre\u201d.<\/p>\n","protected":false},"excerpt":{"rendered":"<p>Se realiz\u00f3 una jornada de pintura en la Escuela Primaria N\u00b0 56 de El Pato, con el objetivo de embellecer el establecimiento educativo.Organizada por el Consejo Escolar de Berazategui, los trabajos estuvieron a cargo de vecinos y vecinas, docentes, consejeros escolares y el Municipio de Berazategui. Acompa\u00f1aron los secretarios municipales de Cultura y Educaci\u00f3n, Federico&#8230;<\/p>\n","protected":false},"author":2,"featured_media":24667,"comment_status":"open","ping_status":"open","sticky":false,"template":"","format":"standard","meta":{"footnotes":""},"categories":[3,19],"tags":[],"class_list":["post-24665","post","type-post","status-publish","format-standard","has-post-thumbnail","hentry","category-berazategui","category-cultura-educacion"],"featured_image_src":"https:\/\/diarioprincipios.com\/wp-content\/uploads\/2025\/05\/EMBELLECIERON-LA-PRIMARIA-N\u00b0-56-DE-EL-PATO-4-1024x683.jpg","blog_images":{"medium":"https:\/\/diarioprincipios.com\/wp-content\/uploads\/2025\/05\/EMBELLECIERON-LA-PRIMARIA-N\u00b0-56-DE-EL-PATO-4-300x200.jpg","large":"https:\/\/diarioprincipios.com\/wp-content\/uploads\/2025\/05\/EMBELLECIERON-LA-PRIMARIA-N\u00b0-56-DE-EL-PATO-4-1024x683.jpg"},"ams_acf":[],"yoast_head":"<!-- This site is optimized with the Yoast SEO plugin v27.3 - https:\/\/yoast.com\/product\/yoast-seo-wordpress\/ -->\n<title>Jornada de Pintura en la Escuela Primaria N\u00b0 56 de El Pato - Principios<\/title>\n<meta name=\"robots\" content=\"index, follow, max-snippet:-1, max-image-preview:large, max-video-preview:-1\" \/>\n<link rel=\"canonical\" href=\"https:\/\/diarioprincipios.com\/index.php\/2025\/05\/16\/jornada-de-pintura-en-la-escuela-primaria-n-56-de-el-pato\/\" \/>\n<meta property=\"og:locale\" content=\"es_ES\" \/>\n<meta property=\"og:type\" content=\"article\" \/>\n<meta property=\"og:title\" content=\"Jornada de Pintura en la Escuela Primaria N\u00b0 56 de El Pato - Principios\" \/>\n<meta property=\"og:description\" content=\"Se realiz\u00f3 una jornada de pintura en la Escuela Primaria N\u00b0 56 de El Pato, con el objetivo de embellecer el establecimiento educativo.Organizada por el Consejo Escolar de Berazategui, los trabajos estuvieron a cargo de vecinos y vecinas, docentes, consejeros escolares y el Municipio de Berazategui. Acompa\u00f1aron los secretarios municipales de Cultura y Educaci\u00f3n, Federico...\" \/>\n<meta property=\"og:url\" content=\"https:\/\/diarioprincipios.com\/index.php\/2025\/05\/16\/jornada-de-pintura-en-la-escuela-primaria-n-56-de-el-pato\/\" \/>\n<meta property=\"og:site_name\" content=\"Principios\" \/>\n<meta property=\"article:published_time\" content=\"2025-05-16T12:52:59+00:00\" \/>\n<meta property=\"article:modified_time\" content=\"2025-05-16T12:53:00+00:00\" \/>\n<meta property=\"og:image\" content=\"https:\/\/diarioprincipios.com\/wp-content\/uploads\/2025\/05\/EMBELLECIERON-LA-PRIMARIA-N\u00b0-56-DE-EL-PATO-4.jpg\" \/>\n\t<meta property=\"og:image:width\" content=\"1920\" \/>\n\t<meta property=\"og:image:height\" content=\"1280\" \/>\n\t<meta property=\"og:image:type\" content=\"image\/jpeg\" \/>\n<meta name=\"author\" content=\"Hern\u00e1n L\u00f3pez\" \/>\n<meta name=\"twitter:card\" content=\"summary_large_image\" \/>\n<meta name=\"twitter:label1\" content=\"Escrito por\" \/>\n\t<meta name=\"twitter:data1\" content=\"Hern\u00e1n L\u00f3pez\" \/>\n\t<meta name=\"twitter:label2\" content=\"Tiempo de lectura\" \/>\n\t<meta name=\"twitter:data2\" content=\"1 minuto\" \/>\n<script type=\"application\/ld+json\" class=\"yoast-schema-graph\">{\"@context\":\"https:\\\/\\\/schema.org\",\"@graph\":[{\"@type\":\"Article\",\"@id\":\"https:\\\/\\\/diarioprincipios.com\\\/index.php\\\/2025\\\/05\\\/16\\\/jornada-de-pintura-en-la-escuela-primaria-n-56-de-el-pato\\\/#article\",\"isPartOf\":{\"@id\":\"https:\\\/\\\/diarioprincipios.com\\\/index.php\\\/2025\\\/05\\\/16\\\/jornada-de-pintura-en-la-escuela-primaria-n-56-de-el-pato\\\/\"},\"author\":{\"name\":\"Hern\u00e1n L\u00f3pez\",\"@id\":\"https:\\\/\\\/diarioprincipios.com\\\/#\\\/schema\\\/person\\\/436d5a1fd41a5e250e23ff5a6a7cb080\"},\"headline\":\"Jornada de Pintura en la Escuela Primaria N\u00b0 56 de El Pato\",\"datePublished\":\"2025-05-16T12:52:59+00:00\",\"dateModified\":\"2025-05-16T12:53:00+00:00\",\"mainEntityOfPage\":{\"@id\":\"https:\\\/\\\/diarioprincipios.com\\\/index.php\\\/2025\\\/05\\\/16\\\/jornada-de-pintura-en-la-escuela-primaria-n-56-de-el-pato\\\/\"},\"wordCount\":135,\"commentCount\":0,\"publisher\":{\"@id\":\"https:\\\/\\\/diarioprincipios.com\\\/#organization\"},\"image\":{\"@id\":\"https:\\\/\\\/diarioprincipios.com\\\/index.php\\\/2025\\\/05\\\/16\\\/jornada-de-pintura-en-la-escuela-primaria-n-56-de-el-pato\\\/#primaryimage\"},\"thumbnailUrl\":\"https:\\\/\\\/diarioprincipios.com\\\/wp-content\\\/uploads\\\/2025\\\/05\\\/EMBELLECIERON-LA-PRIMARIA-N\u00b0-56-DE-EL-PATO-4.jpg\",\"articleSection\":[\"Berazategui\",\"Cultura y Educaci\u00f3n\"],\"inLanguage\":\"es\",\"potentialAction\":[{\"@type\":\"CommentAction\",\"name\":\"Comment\",\"target\":[\"https:\\\/\\\/diarioprincipios.com\\\/index.php\\\/2025\\\/05\\\/16\\\/jornada-de-pintura-en-la-escuela-primaria-n-56-de-el-pato\\\/#respond\"]}]},{\"@type\":\"WebPage\",\"@id\":\"https:\\\/\\\/diarioprincipios.com\\\/index.php\\\/2025\\\/05\\\/16\\\/jornada-de-pintura-en-la-escuela-primaria-n-56-de-el-pato\\\/\",\"url\":\"https:\\\/\\\/diarioprincipios.com\\\/index.php\\\/2025\\\/05\\\/16\\\/jornada-de-pintura-en-la-escuela-primaria-n-56-de-el-pato\\\/\",\"name\":\"Jornada de Pintura en la Escuela Primaria N\u00b0 56 de El Pato - Principios\",\"isPartOf\":{\"@id\":\"https:\\\/\\\/diarioprincipios.com\\\/#website\"},\"primaryImageOfPage\":{\"@id\":\"https:\\\/\\\/diarioprincipios.com\\\/index.php\\\/2025\\\/05\\\/16\\\/jornada-de-pintura-en-la-escuela-primaria-n-56-de-el-pato\\\/#primaryimage\"},\"image\":{\"@id\":\"https:\\\/\\\/diarioprincipios.com\\\/index.php\\\/2025\\\/05\\\/16\\\/jornada-de-pintura-en-la-escuela-primaria-n-56-de-el-pato\\\/#primaryimage\"},\"thumbnailUrl\":\"https:\\\/\\\/diarioprincipios.com\\\/wp-content\\\/uploads\\\/2025\\\/05\\\/EMBELLECIERON-LA-PRIMARIA-N\u00b0-56-DE-EL-PATO-4.jpg\",\"datePublished\":\"2025-05-16T12:52:59+00:00\",\"dateModified\":\"2025-05-16T12:53:00+00:00\",\"breadcrumb\":{\"@id\":\"https:\\\/\\\/diarioprincipios.com\\\/index.php\\\/2025\\\/05\\\/16\\\/jornada-de-pintura-en-la-escuela-primaria-n-56-de-el-pato\\\/#breadcrumb\"},\"inLanguage\":\"es\",\"potentialAction\":[{\"@type\":\"ReadAction\",\"target\":[\"https:\\\/\\\/diarioprincipios.com\\\/index.php\\\/2025\\\/05\\\/16\\\/jornada-de-pintura-en-la-escuela-primaria-n-56-de-el-pato\\\/\"]}]},{\"@type\":\"ImageObject\",\"inLanguage\":\"es\",\"@id\":\"https:\\\/\\\/diarioprincipios.com\\\/index.php\\\/2025\\\/05\\\/16\\\/jornada-de-pintura-en-la-escuela-primaria-n-56-de-el-pato\\\/#primaryimage\",\"url\":\"https:\\\/\\\/diarioprincipios.com\\\/wp-content\\\/uploads\\\/2025\\\/05\\\/EMBELLECIERON-LA-PRIMARIA-N\u00b0-56-DE-EL-PATO-4.jpg\",\"contentUrl\":\"https:\\\/\\\/diarioprincipios.com\\\/wp-content\\\/uploads\\\/2025\\\/05\\\/EMBELLECIERON-LA-PRIMARIA-N\u00b0-56-DE-EL-PATO-4.jpg\",\"width\":1920,\"height\":1280},{\"@type\":\"BreadcrumbList\",\"@id\":\"https:\\\/\\\/diarioprincipios.com\\\/index.php\\\/2025\\\/05\\\/16\\\/jornada-de-pintura-en-la-escuela-primaria-n-56-de-el-pato\\\/#breadcrumb\",\"itemListElement\":[{\"@type\":\"ListItem\",\"position\":1,\"name\":\"Portada\",\"item\":\"https:\\\/\\\/diarioprincipios.com\\\/\"},{\"@type\":\"ListItem\",\"position\":2,\"name\":\"Jornada de Pintura en la Escuela Primaria N\u00b0 56 de El Pato\"}]},{\"@type\":\"WebSite\",\"@id\":\"https:\\\/\\\/diarioprincipios.com\\\/#website\",\"url\":\"https:\\\/\\\/diarioprincipios.com\\\/\",\"name\":\"Principios\",\"description\":\"Principios Diario\",\"publisher\":{\"@id\":\"https:\\\/\\\/diarioprincipios.com\\\/#organization\"},\"potentialAction\":[{\"@type\":\"SearchAction\",\"target\":{\"@type\":\"EntryPoint\",\"urlTemplate\":\"https:\\\/\\\/diarioprincipios.com\\\/?s={search_term_string}\"},\"query-input\":{\"@type\":\"PropertyValueSpecification\",\"valueRequired\":true,\"valueName\":\"search_term_string\"}}],\"inLanguage\":\"es\"},{\"@type\":\"Organization\",\"@id\":\"https:\\\/\\\/diarioprincipios.com\\\/#organization\",\"name\":\"Principios\",\"url\":\"https:\\\/\\\/diarioprincipios.com\\\/\",\"logo\":{\"@type\":\"ImageObject\",\"inLanguage\":\"es\",\"@id\":\"https:\\\/\\\/diarioprincipios.com\\\/#\\\/schema\\\/logo\\\/image\\\/\",\"url\":\"https:\\\/\\\/diarioprincipios.com\\\/wp-content\\\/uploads\\\/2024\\\/04\\\/cropped-www.diarioprincipios.com_-1.png\",\"contentUrl\":\"https:\\\/\\\/diarioprincipios.com\\\/wp-content\\\/uploads\\\/2024\\\/04\\\/cropped-www.diarioprincipios.com_-1.png\",\"width\":5325,\"height\":1454,\"caption\":\"Principios\"},\"image\":{\"@id\":\"https:\\\/\\\/diarioprincipios.com\\\/#\\\/schema\\\/logo\\\/image\\\/\"}},{\"@type\":\"Person\",\"@id\":\"https:\\\/\\\/diarioprincipios.com\\\/#\\\/schema\\\/person\\\/436d5a1fd41a5e250e23ff5a6a7cb080\",\"name\":\"Hern\u00e1n L\u00f3pez\",\"image\":{\"@type\":\"ImageObject\",\"inLanguage\":\"es\",\"@id\":\"https:\\\/\\\/diarioprincipios.com\\\/wp-content\\\/litespeed\\\/avatar\\\/11ddfe5610ff3bd100522525b2571f48.jpg?ver=1777048341\",\"url\":\"https:\\\/\\\/diarioprincipios.com\\\/wp-content\\\/litespeed\\\/avatar\\\/11ddfe5610ff3bd100522525b2571f48.jpg?ver=1777048341\",\"contentUrl\":\"https:\\\/\\\/diarioprincipios.com\\\/wp-content\\\/litespeed\\\/avatar\\\/11ddfe5610ff3bd100522525b2571f48.jpg?ver=1777048341\",\"caption\":\"Hern\u00e1n L\u00f3pez\"},\"url\":\"https:\\\/\\\/diarioprincipios.com\\\/index.php\\\/author\\\/hernan\\\/\"}]}<\/script>\n<!-- \/ Yoast SEO plugin. -->","yoast_head_json":{"title":"Jornada de Pintura en la Escuela Primaria N\u00b0 56 de El Pato - Principios","robots":{"index":"index","follow":"follow","max-snippet":"max-snippet:-1","max-image-preview":"max-image-preview:large","max-video-preview":"max-video-preview:-1"},"canonical":"https:\/\/diarioprincipios.com\/index.php\/2025\/05\/16\/jornada-de-pintura-en-la-escuela-primaria-n-56-de-el-pato\/","og_locale":"es_ES","og_type":"article","og_title":"Jornada de Pintura en la Escuela Primaria N\u00b0 56 de El Pato - Principios","og_description":"Se realiz\u00f3 una jornada de pintura en la Escuela Primaria N\u00b0 56 de El Pato, con el objetivo de embellecer el establecimiento educativo.Organizada por el Consejo Escolar de Berazategui, los trabajos estuvieron a cargo de vecinos y vecinas, docentes, consejeros escolares y el Municipio de Berazategui. Acompa\u00f1aron los secretarios municipales de Cultura y Educaci\u00f3n, Federico...","og_url":"https:\/\/diarioprincipios.com\/index.php\/2025\/05\/16\/jornada-de-pintura-en-la-escuela-primaria-n-56-de-el-pato\/","og_site_name":"Principios","article_published_time":"2025-05-16T12:52:59+00:00","article_modified_time":"2025-05-16T12:53:00+00:00","og_image":[{"width":1920,"height":1280,"url":"https:\/\/diarioprincipios.com\/wp-content\/uploads\/2025\/05\/EMBELLECIERON-LA-PRIMARIA-N\u00b0-56-DE-EL-PATO-4.jpg","type":"image\/jpeg"}],"author":"Hern\u00e1n L\u00f3pez","twitter_card":"summary_large_image","twitter_misc":{"Escrito por":"Hern\u00e1n L\u00f3pez","Tiempo de lectura":"1 minuto"},"schema":{"@context":"https:\/\/schema.org","@graph":[{"@type":"Article","@id":"https:\/\/diarioprincipios.com\/index.php\/2025\/05\/16\/jornada-de-pintura-en-la-escuela-primaria-n-56-de-el-pato\/#article","isPartOf":{"@id":"https:\/\/diarioprincipios.com\/index.php\/2025\/05\/16\/jornada-de-pintura-en-la-escuela-primaria-n-56-de-el-pato\/"},"author":{"name":"Hern\u00e1n L\u00f3pez","@id":"https:\/\/diarioprincipios.com\/#\/schema\/person\/436d5a1fd41a5e250e23ff5a6a7cb080"},"headline":"Jornada de Pintura en la Escuela Primaria N\u00b0 56 de El Pato","datePublished":"2025-05-16T12:52:59+00:00","dateModified":"2025-05-16T12:53:00+00:00","mainEntityOfPage":{"@id":"https:\/\/diarioprincipios.com\/index.php\/2025\/05\/16\/jornada-de-pintura-en-la-escuela-primaria-n-56-de-el-pato\/"},"wordCount":135,"commentCount":0,"publisher":{"@id":"https:\/\/diarioprincipios.com\/#organization"},"image":{"@id":"https:\/\/diarioprincipios.com\/index.php\/2025\/05\/16\/jornada-de-pintura-en-la-escuela-primaria-n-56-de-el-pato\/#primaryimage"},"thumbnailUrl":"https:\/\/diarioprincipios.com\/wp-content\/uploads\/2025\/05\/EMBELLECIERON-LA-PRIMARIA-N\u00b0-56-DE-EL-PATO-4.jpg","articleSection":["Berazategui","Cultura y Educaci\u00f3n"],"inLanguage":"es","potentialAction":[{"@type":"CommentAction","name":"Comment","target":["https:\/\/diarioprincipios.com\/index.php\/2025\/05\/16\/jornada-de-pintura-en-la-escuela-primaria-n-56-de-el-pato\/#respond"]}]},{"@type":"WebPage","@id":"https:\/\/diarioprincipios.com\/index.php\/2025\/05\/16\/jornada-de-pintura-en-la-escuela-primaria-n-56-de-el-pato\/","url":"https:\/\/diarioprincipios.com\/index.php\/2025\/05\/16\/jornada-de-pintura-en-la-escuela-primaria-n-56-de-el-pato\/","name":"Jornada de Pintura en la Escuela Primaria N\u00b0 56 de El Pato - Principios","isPartOf":{"@id":"https:\/\/diarioprincipios.com\/#website"},"primaryImageOfPage":{"@id":"https:\/\/diarioprincipios.com\/index.php\/2025\/05\/16\/jornada-de-pintura-en-la-escuela-primaria-n-56-de-el-pato\/#primaryimage"},"image":{"@id":"https:\/\/diarioprincipios.com\/index.php\/2025\/05\/16\/jornada-de-pintura-en-la-escuela-primaria-n-56-de-el-pato\/#primaryimage"},"thumbnailUrl":"https:\/\/diarioprincipios.com\/wp-content\/uploads\/2025\/05\/EMBELLECIERON-LA-PRIMARIA-N\u00b0-56-DE-EL-PATO-4.jpg","datePublished":"2025-05-16T12:52:59+00:00","dateModified":"2025-05-16T12:53:00+00:00","breadcrumb":{"@id":"https:\/\/diarioprincipios.com\/index.php\/2025\/05\/16\/jornada-de-pintura-en-la-escuela-primaria-n-56-de-el-pato\/#breadcrumb"},"inLanguage":"es","potentialAction":[{"@type":"ReadAction","target":["https:\/\/diarioprincipios.com\/index.php\/2025\/05\/16\/jornada-de-pintura-en-la-escuela-primaria-n-56-de-el-pato\/"]}]},{"@type":"ImageObject","inLanguage":"es","@id":"https:\/\/diarioprincipios.com\/index.php\/2025\/05\/16\/jornada-de-pintura-en-la-escuela-primaria-n-56-de-el-pato\/#primaryimage","url":"https:\/\/diarioprincipios.com\/wp-content\/uploads\/2025\/05\/EMBELLECIERON-LA-PRIMARIA-N\u00b0-56-DE-EL-PATO-4.jpg","contentUrl":"https:\/\/diarioprincipios.com\/wp-content\/uploads\/2025\/05\/EMBELLECIERON-LA-PRIMARIA-N\u00b0-56-DE-EL-PATO-4.jpg","width":1920,"height":1280},{"@type":"BreadcrumbList","@id":"https:\/\/diarioprincipios.com\/index.php\/2025\/05\/16\/jornada-de-pintura-en-la-escuela-primaria-n-56-de-el-pato\/#breadcrumb","itemListElement":[{"@type":"ListItem","position":1,"name":"Portada","item":"https:\/\/diarioprincipios.com\/"},{"@type":"ListItem","position":2,"name":"Jornada de Pintura en la Escuela Primaria N\u00b0 56 de El Pato"}]},{"@type":"WebSite","@id":"https:\/\/diarioprincipios.com\/#website","url":"https:\/\/diarioprincipios.com\/","name":"Principios","description":"Principios Diario","publisher":{"@id":"https:\/\/diarioprincipios.com\/#organization"},"potentialAction":[{"@type":"SearchAction","target":{"@type":"EntryPoint","urlTemplate":"https:\/\/diarioprincipios.com\/?s={search_term_string}"},"query-input":{"@type":"PropertyValueSpecification","valueRequired":true,"valueName":"search_term_string"}}],"inLanguage":"es"},{"@type":"Organization","@id":"https:\/\/diarioprincipios.com\/#organization","name":"Principios","url":"https:\/\/diarioprincipios.com\/","logo":{"@type":"ImageObject","inLanguage":"es","@id":"https:\/\/diarioprincipios.com\/#\/schema\/logo\/image\/","url":"https:\/\/diarioprincipios.com\/wp-content\/uploads\/2024\/04\/cropped-www.diarioprincipios.com_-1.png","contentUrl":"https:\/\/diarioprincipios.com\/wp-content\/uploads\/2024\/04\/cropped-www.diarioprincipios.com_-1.png","width":5325,"height":1454,"caption":"Principios"},"image":{"@id":"https:\/\/diarioprincipios.com\/#\/schema\/logo\/image\/"}},{"@type":"Person","@id":"https:\/\/diarioprincipios.com\/#\/schema\/person\/436d5a1fd41a5e250e23ff5a6a7cb080","name":"Hern\u00e1n L\u00f3pez","image":{"@type":"ImageObject","inLanguage":"es","@id":"https:\/\/diarioprincipios.com\/wp-content\/litespeed\/avatar\/11ddfe5610ff3bd100522525b2571f48.jpg?ver=1777048341","url":"https:\/\/diarioprincipios.com\/wp-content\/litespeed\/avatar\/11ddfe5610ff3bd100522525b2571f48.jpg?ver=1777048341","contentUrl":"https:\/\/diarioprincipios.com\/wp-content\/litespeed\/avatar\/11ddfe5610ff3bd100522525b2571f48.jpg?ver=1777048341","caption":"Hern\u00e1n L\u00f3pez"},"url":"https:\/\/diarioprincipios.com\/index.php\/author\/hernan\/"}]}},"jetpack_featured_media_url":"https:\/\/diarioprincipios.com\/wp-content\/uploads\/2025\/05\/EMBELLECIERON-LA-PRIMARIA-N\u00b0-56-DE-EL-PATO-4.jpg","_links":{"self":[{"href":"https:\/\/diarioprincipios.com\/index.php\/wp-json\/wp\/v2\/posts\/24665","targetHints":{"allow":["GET"]}}],"collection":[{"href":"https:\/\/diarioprincipios.com\/index.php\/wp-json\/wp\/v2\/posts"}],"about":[{"href":"https:\/\/diarioprincipios.com\/index.php\/wp-json\/wp\/v2\/types\/post"}],"author":[{"embeddable":true,"href":"https:\/\/diarioprincipios.com\/index.php\/wp-json\/wp\/v2\/users\/2"}],"replies":[{"embeddable":true,"href":"https:\/\/diarioprincipios.com\/index.php\/wp-json\/wp\/v2\/comments?post=24665"}],"version-history":[{"count":1,"href":"https:\/\/diarioprincipios.com\/index.php\/wp-json\/wp\/v2\/posts\/24665\/revisions"}],"predecessor-version":[{"id":24668,"href":"https:\/\/diarioprincipios.com\/index.php\/wp-json\/wp\/v2\/posts\/24665\/revisions\/24668"}],"wp:featuredmedia":[{"embeddable":true,"href":"https:\/\/diarioprincipios.com\/index.php\/wp-json\/wp\/v2\/media\/24667"}],"wp:attachment":[{"href":"https:\/\/diarioprincipios.com\/index.php\/wp-json\/wp\/v2\/media?parent=24665"}],"wp:term":[{"taxonomy":"category","embeddable":true,"href":"https:\/\/diarioprincipios.com\/index.php\/wp-json\/wp\/v2\/categories?post=24665"},{"taxonomy":"post_tag","embeddable":true,"href":"https:\/\/diarioprincipios.com\/index.php\/wp-json\/wp\/v2\/tags?post=24665"}],"curies":[{"name":"wp","href":"https:\/\/api.w.org\/{rel}","templated":true}]}}