{"id":2464,"date":"2020-06-03T19:06:17","date_gmt":"2020-06-03T22:06:17","guid":{"rendered":"http:\/\/diarioprincipios.com\/?p=2464"},"modified":"2020-06-03T19:06:18","modified_gmt":"2020-06-03T22:06:18","slug":"la-unaj-y-el-sueno-del-campus-universitario-propio","status":"publish","type":"post","link":"https:\/\/diarioprincipios.com\/index.php\/2020\/06\/03\/la-unaj-y-el-sueno-del-campus-universitario-propio\/","title":{"rendered":"La UNAJ y el sue\u00f1o del campus universitario propio"},"content":{"rendered":"\n<p>La diputada Nacional Claudia Bernazza reimpulsa el Proyecto de ley para la expropiaci\u00f3n de los inmuebles de la f\u00e1brica de colchones \u201cSue\u00f1o Estelar\u201d en Florencio Varela, a favor de la Universidad Nacional Arturo Jauretche.<\/p>\n\n\n\n<p>El objetivo es utilizar este espacio para la creaci\u00f3n de un campus universitario donde se desarrollar\u00e1n y ampliar\u00e1n los servicios acad\u00e9micos que brinda la UNAJ. Adem\u00e1s se prev\u00e9 la creaci\u00f3n de un Hospital pedi\u00e1trico y para la tercera edad junto al Municipio de Florencio Varela.<\/p>\n\n\n\n<p>El proyecto fue presentado por las diputadas Nacionales Luana Volnovich y Cristina \u00c1lvarez Rodr\u00edguez y en esta nueva presentaci\u00f3n \u201cpretendemos agilizar su tratamiento por parte de la Comisi\u00f3n de Asuntos Constitucionales, entre otras\u201d se\u00f1al\u00f3 la diputada Nacional, Claudia Bernazza.<\/p>\n\n\n\n<p>\u201cComo Diputada Nacional y tambi\u00e9n como docente de esta Casa de Estudios, nos parece importante seguir ampliando aquel sue\u00f1o de nuestro querido Carlos Kunkel, los dirigentes del distrito de Florencio Varela y de las autoridades de la Universidad que todos los a\u00f1os est\u00e1n pensando c\u00f3mo mejorar su propuesta acad\u00e9mica y ampliar las posibilidades para que el estudiantado pueda cursar sus estudios\u201d remarc\u00f3.<\/p>\n\n\n\n<p>La UNAJ cuenta con distintas sedes que complementan los espacios de su sede central, \u201cHay aulas en el Hospital de Alta Complejidad El Cruce, en la escuela Agraria en el barrio de La Capilla, en el Colegio Homero Manzi, en el Colegio San Mart\u00edn, en otras escuelas de la regi\u00f3n donde logramos extender la vida universitaria pero un inmueble de las caracter\u00edsticas del que pretendemos expropiar, le dar\u00eda a la UNAJ los inmuebles que se merece, que necesita para llevar adelante su propuesta educativa en la regi\u00f3n\u201d argument\u00f3 la Diputada.<\/p>\n\n\n\n<p>La matr\u00edcula universitaria crece todos los a\u00f1os, superando todos los a\u00f1os las expectativas. Esta permanente expansi\u00f3n en cantidad de estudiantes requiere por lo tanto, un acompa\u00f1amiento en crecimiento de infraestructura para responder a la demanda. Por ello, la posibilidad de contar con nuevos espacios de la universidad resulta vital para hacer de la educaci\u00f3n superior un verdadero derecho.<\/p>\n","protected":false},"excerpt":{"rendered":"<p>La diputada Nacional Claudia Bernazza reimpulsa el Proyecto de ley para la expropiaci\u00f3n de los inmuebles de la f\u00e1brica de colchones \u201cSue\u00f1o Estelar\u201d en Florencio Varela, a favor de la Universidad Nacional Arturo Jauretche. El objetivo es utilizar este espacio para la creaci\u00f3n de un campus universitario donde se desarrollar\u00e1n y ampliar\u00e1n los servicios acad\u00e9micos&#8230;<\/p>\n","protected":false},"author":2,"featured_media":2465,"comment_status":"open","ping_status":"open","sticky":false,"template":"","format":"standard","meta":{"footnotes":""},"categories":[10],"tags":[],"class_list":["post-2464","post","type-post","status-publish","format-standard","has-post-thumbnail","hentry","category-nacion"],"featured_image_src":"https:\/\/diarioprincipios.com\/wp-content\/uploads\/2020\/06\/suenos-estelares-1.jpg","blog_images":{"medium":"https:\/\/diarioprincipios.com\/wp-content\/uploads\/2020\/06\/suenos-estelares-1-300x169.jpg","large":"https:\/\/diarioprincipios.com\/wp-content\/uploads\/2020\/06\/suenos-estelares-1.jpg"},"ams_acf":[],"yoast_head":"<!-- This site is optimized with the Yoast SEO plugin v27.3 - https:\/\/yoast.com\/product\/yoast-seo-wordpress\/ -->\n<title>La UNAJ y el sue\u00f1o del campus universitario propio - Principios<\/title>\n<meta name=\"robots\" content=\"index, follow, max-snippet:-1, max-image-preview:large, max-video-preview:-1\" \/>\n<link rel=\"canonical\" href=\"https:\/\/diarioprincipios.com\/index.php\/2020\/06\/03\/la-unaj-y-el-sueno-del-campus-universitario-propio\/\" \/>\n<meta property=\"og:locale\" content=\"es_ES\" \/>\n<meta property=\"og:type\" content=\"article\" \/>\n<meta property=\"og:title\" content=\"La UNAJ y el sue\u00f1o del campus universitario propio - Principios\" \/>\n<meta property=\"og:description\" content=\"La diputada Nacional Claudia Bernazza reimpulsa el Proyecto de ley para la expropiaci\u00f3n de los inmuebles de la f\u00e1brica de colchones \u201cSue\u00f1o Estelar\u201d en Florencio Varela, a favor de la Universidad Nacional Arturo Jauretche. El objetivo es utilizar este espacio para la creaci\u00f3n de un campus universitario donde se desarrollar\u00e1n y ampliar\u00e1n los servicios acad\u00e9micos...\" \/>\n<meta property=\"og:url\" content=\"https:\/\/diarioprincipios.com\/index.php\/2020\/06\/03\/la-unaj-y-el-sueno-del-campus-universitario-propio\/\" \/>\n<meta property=\"og:site_name\" content=\"Principios\" \/>\n<meta property=\"article:published_time\" content=\"2020-06-03T22:06:17+00:00\" \/>\n<meta property=\"article:modified_time\" content=\"2020-06-03T22:06:18+00:00\" \/>\n<meta property=\"og:image\" content=\"https:\/\/diarioprincipios.com\/wp-content\/uploads\/2020\/06\/suenos-estelares-1.jpg\" \/>\n\t<meta property=\"og:image:width\" content=\"680\" \/>\n\t<meta property=\"og:image:height\" content=\"382\" \/>\n\t<meta property=\"og:image:type\" content=\"image\/jpeg\" \/>\n<meta name=\"author\" content=\"Hern\u00e1n L\u00f3pez\" \/>\n<meta name=\"twitter:card\" content=\"summary_large_image\" \/>\n<meta name=\"twitter:label1\" content=\"Escrito por\" \/>\n\t<meta name=\"twitter:data1\" content=\"Hern\u00e1n L\u00f3pez\" \/>\n\t<meta name=\"twitter:label2\" content=\"Tiempo de lectura\" \/>\n\t<meta name=\"twitter:data2\" content=\"2 minutos\" \/>\n<script type=\"application\/ld+json\" class=\"yoast-schema-graph\">{\"@context\":\"https:\\\/\\\/schema.org\",\"@graph\":[{\"@type\":\"Article\",\"@id\":\"https:\\\/\\\/diarioprincipios.com\\\/index.php\\\/2020\\\/06\\\/03\\\/la-unaj-y-el-sueno-del-campus-universitario-propio\\\/#article\",\"isPartOf\":{\"@id\":\"https:\\\/\\\/diarioprincipios.com\\\/index.php\\\/2020\\\/06\\\/03\\\/la-unaj-y-el-sueno-del-campus-universitario-propio\\\/\"},\"author\":{\"name\":\"Hern\u00e1n L\u00f3pez\",\"@id\":\"https:\\\/\\\/diarioprincipios.com\\\/#\\\/schema\\\/person\\\/436d5a1fd41a5e250e23ff5a6a7cb080\"},\"headline\":\"La UNAJ y el sue\u00f1o del campus universitario propio\",\"datePublished\":\"2020-06-03T22:06:17+00:00\",\"dateModified\":\"2020-06-03T22:06:18+00:00\",\"mainEntityOfPage\":{\"@id\":\"https:\\\/\\\/diarioprincipios.com\\\/index.php\\\/2020\\\/06\\\/03\\\/la-unaj-y-el-sueno-del-campus-universitario-propio\\\/\"},\"wordCount\":369,\"commentCount\":0,\"publisher\":{\"@id\":\"https:\\\/\\\/diarioprincipios.com\\\/#organization\"},\"image\":{\"@id\":\"https:\\\/\\\/diarioprincipios.com\\\/index.php\\\/2020\\\/06\\\/03\\\/la-unaj-y-el-sueno-del-campus-universitario-propio\\\/#primaryimage\"},\"thumbnailUrl\":\"https:\\\/\\\/diarioprincipios.com\\\/wp-content\\\/uploads\\\/2020\\\/06\\\/suenos-estelares-1.jpg\",\"articleSection\":[\"Naci\u00f3n\"],\"inLanguage\":\"es\",\"potentialAction\":[{\"@type\":\"CommentAction\",\"name\":\"Comment\",\"target\":[\"https:\\\/\\\/diarioprincipios.com\\\/index.php\\\/2020\\\/06\\\/03\\\/la-unaj-y-el-sueno-del-campus-universitario-propio\\\/#respond\"]}]},{\"@type\":\"WebPage\",\"@id\":\"https:\\\/\\\/diarioprincipios.com\\\/index.php\\\/2020\\\/06\\\/03\\\/la-unaj-y-el-sueno-del-campus-universitario-propio\\\/\",\"url\":\"https:\\\/\\\/diarioprincipios.com\\\/index.php\\\/2020\\\/06\\\/03\\\/la-unaj-y-el-sueno-del-campus-universitario-propio\\\/\",\"name\":\"La UNAJ y el sue\u00f1o del campus universitario propio - Principios\",\"isPartOf\":{\"@id\":\"https:\\\/\\\/diarioprincipios.com\\\/#website\"},\"primaryImageOfPage\":{\"@id\":\"https:\\\/\\\/diarioprincipios.com\\\/index.php\\\/2020\\\/06\\\/03\\\/la-unaj-y-el-sueno-del-campus-universitario-propio\\\/#primaryimage\"},\"image\":{\"@id\":\"https:\\\/\\\/diarioprincipios.com\\\/index.php\\\/2020\\\/06\\\/03\\\/la-unaj-y-el-sueno-del-campus-universitario-propio\\\/#primaryimage\"},\"thumbnailUrl\":\"https:\\\/\\\/diarioprincipios.com\\\/wp-content\\\/uploads\\\/2020\\\/06\\\/suenos-estelares-1.jpg\",\"datePublished\":\"2020-06-03T22:06:17+00:00\",\"dateModified\":\"2020-06-03T22:06:18+00:00\",\"breadcrumb\":{\"@id\":\"https:\\\/\\\/diarioprincipios.com\\\/index.php\\\/2020\\\/06\\\/03\\\/la-unaj-y-el-sueno-del-campus-universitario-propio\\\/#breadcrumb\"},\"inLanguage\":\"es\",\"potentialAction\":[{\"@type\":\"ReadAction\",\"target\":[\"https:\\\/\\\/diarioprincipios.com\\\/index.php\\\/2020\\\/06\\\/03\\\/la-unaj-y-el-sueno-del-campus-universitario-propio\\\/\"]}]},{\"@type\":\"ImageObject\",\"inLanguage\":\"es\",\"@id\":\"https:\\\/\\\/diarioprincipios.com\\\/index.php\\\/2020\\\/06\\\/03\\\/la-unaj-y-el-sueno-del-campus-universitario-propio\\\/#primaryimage\",\"url\":\"https:\\\/\\\/diarioprincipios.com\\\/wp-content\\\/uploads\\\/2020\\\/06\\\/suenos-estelares-1.jpg\",\"contentUrl\":\"https:\\\/\\\/diarioprincipios.com\\\/wp-content\\\/uploads\\\/2020\\\/06\\\/suenos-estelares-1.jpg\",\"width\":680,\"height\":382},{\"@type\":\"BreadcrumbList\",\"@id\":\"https:\\\/\\\/diarioprincipios.com\\\/index.php\\\/2020\\\/06\\\/03\\\/la-unaj-y-el-sueno-del-campus-universitario-propio\\\/#breadcrumb\",\"itemListElement\":[{\"@type\":\"ListItem\",\"position\":1,\"name\":\"Portada\",\"item\":\"https:\\\/\\\/diarioprincipios.com\\\/\"},{\"@type\":\"ListItem\",\"position\":2,\"name\":\"La UNAJ y el sue\u00f1o del campus universitario propio\"}]},{\"@type\":\"WebSite\",\"@id\":\"https:\\\/\\\/diarioprincipios.com\\\/#website\",\"url\":\"https:\\\/\\\/diarioprincipios.com\\\/\",\"name\":\"Principios\",\"description\":\"Principios Diario\",\"publisher\":{\"@id\":\"https:\\\/\\\/diarioprincipios.com\\\/#organization\"},\"potentialAction\":[{\"@type\":\"SearchAction\",\"target\":{\"@type\":\"EntryPoint\",\"urlTemplate\":\"https:\\\/\\\/diarioprincipios.com\\\/?s={search_term_string}\"},\"query-input\":{\"@type\":\"PropertyValueSpecification\",\"valueRequired\":true,\"valueName\":\"search_term_string\"}}],\"inLanguage\":\"es\"},{\"@type\":\"Organization\",\"@id\":\"https:\\\/\\\/diarioprincipios.com\\\/#organization\",\"name\":\"Principios\",\"url\":\"https:\\\/\\\/diarioprincipios.com\\\/\",\"logo\":{\"@type\":\"ImageObject\",\"inLanguage\":\"es\",\"@id\":\"https:\\\/\\\/diarioprincipios.com\\\/#\\\/schema\\\/logo\\\/image\\\/\",\"url\":\"https:\\\/\\\/diarioprincipios.com\\\/wp-content\\\/uploads\\\/2024\\\/04\\\/cropped-www.diarioprincipios.com_-1.png\",\"contentUrl\":\"https:\\\/\\\/diarioprincipios.com\\\/wp-content\\\/uploads\\\/2024\\\/04\\\/cropped-www.diarioprincipios.com_-1.png\",\"width\":5325,\"height\":1454,\"caption\":\"Principios\"},\"image\":{\"@id\":\"https:\\\/\\\/diarioprincipios.com\\\/#\\\/schema\\\/logo\\\/image\\\/\"}},{\"@type\":\"Person\",\"@id\":\"https:\\\/\\\/diarioprincipios.com\\\/#\\\/schema\\\/person\\\/436d5a1fd41a5e250e23ff5a6a7cb080\",\"name\":\"Hern\u00e1n L\u00f3pez\",\"image\":{\"@type\":\"ImageObject\",\"inLanguage\":\"es\",\"@id\":\"https:\\\/\\\/diarioprincipios.com\\\/wp-content\\\/litespeed\\\/avatar\\\/11ddfe5610ff3bd100522525b2571f48.jpg?ver=1777653193\",\"url\":\"https:\\\/\\\/diarioprincipios.com\\\/wp-content\\\/litespeed\\\/avatar\\\/11ddfe5610ff3bd100522525b2571f48.jpg?ver=1777653193\",\"contentUrl\":\"https:\\\/\\\/diarioprincipios.com\\\/wp-content\\\/litespeed\\\/avatar\\\/11ddfe5610ff3bd100522525b2571f48.jpg?ver=1777653193\",\"caption\":\"Hern\u00e1n L\u00f3pez\"},\"url\":\"https:\\\/\\\/diarioprincipios.com\\\/index.php\\\/author\\\/hernan\\\/\"}]}<\/script>\n<!-- \/ Yoast SEO plugin. -->","yoast_head_json":{"title":"La UNAJ y el sue\u00f1o del campus universitario propio - Principios","robots":{"index":"index","follow":"follow","max-snippet":"max-snippet:-1","max-image-preview":"max-image-preview:large","max-video-preview":"max-video-preview:-1"},"canonical":"https:\/\/diarioprincipios.com\/index.php\/2020\/06\/03\/la-unaj-y-el-sueno-del-campus-universitario-propio\/","og_locale":"es_ES","og_type":"article","og_title":"La UNAJ y el sue\u00f1o del campus universitario propio - Principios","og_description":"La diputada Nacional Claudia Bernazza reimpulsa el Proyecto de ley para la expropiaci\u00f3n de los inmuebles de la f\u00e1brica de colchones \u201cSue\u00f1o Estelar\u201d en Florencio Varela, a favor de la Universidad Nacional Arturo Jauretche. El objetivo es utilizar este espacio para la creaci\u00f3n de un campus universitario donde se desarrollar\u00e1n y ampliar\u00e1n los servicios acad\u00e9micos...","og_url":"https:\/\/diarioprincipios.com\/index.php\/2020\/06\/03\/la-unaj-y-el-sueno-del-campus-universitario-propio\/","og_site_name":"Principios","article_published_time":"2020-06-03T22:06:17+00:00","article_modified_time":"2020-06-03T22:06:18+00:00","og_image":[{"width":680,"height":382,"url":"https:\/\/diarioprincipios.com\/wp-content\/uploads\/2020\/06\/suenos-estelares-1.jpg","type":"image\/jpeg"}],"author":"Hern\u00e1n L\u00f3pez","twitter_card":"summary_large_image","twitter_misc":{"Escrito por":"Hern\u00e1n L\u00f3pez","Tiempo de lectura":"2 minutos"},"schema":{"@context":"https:\/\/schema.org","@graph":[{"@type":"Article","@id":"https:\/\/diarioprincipios.com\/index.php\/2020\/06\/03\/la-unaj-y-el-sueno-del-campus-universitario-propio\/#article","isPartOf":{"@id":"https:\/\/diarioprincipios.com\/index.php\/2020\/06\/03\/la-unaj-y-el-sueno-del-campus-universitario-propio\/"},"author":{"name":"Hern\u00e1n L\u00f3pez","@id":"https:\/\/diarioprincipios.com\/#\/schema\/person\/436d5a1fd41a5e250e23ff5a6a7cb080"},"headline":"La UNAJ y el sue\u00f1o del campus universitario propio","datePublished":"2020-06-03T22:06:17+00:00","dateModified":"2020-06-03T22:06:18+00:00","mainEntityOfPage":{"@id":"https:\/\/diarioprincipios.com\/index.php\/2020\/06\/03\/la-unaj-y-el-sueno-del-campus-universitario-propio\/"},"wordCount":369,"commentCount":0,"publisher":{"@id":"https:\/\/diarioprincipios.com\/#organization"},"image":{"@id":"https:\/\/diarioprincipios.com\/index.php\/2020\/06\/03\/la-unaj-y-el-sueno-del-campus-universitario-propio\/#primaryimage"},"thumbnailUrl":"https:\/\/diarioprincipios.com\/wp-content\/uploads\/2020\/06\/suenos-estelares-1.jpg","articleSection":["Naci\u00f3n"],"inLanguage":"es","potentialAction":[{"@type":"CommentAction","name":"Comment","target":["https:\/\/diarioprincipios.com\/index.php\/2020\/06\/03\/la-unaj-y-el-sueno-del-campus-universitario-propio\/#respond"]}]},{"@type":"WebPage","@id":"https:\/\/diarioprincipios.com\/index.php\/2020\/06\/03\/la-unaj-y-el-sueno-del-campus-universitario-propio\/","url":"https:\/\/diarioprincipios.com\/index.php\/2020\/06\/03\/la-unaj-y-el-sueno-del-campus-universitario-propio\/","name":"La UNAJ y el sue\u00f1o del campus universitario propio - Principios","isPartOf":{"@id":"https:\/\/diarioprincipios.com\/#website"},"primaryImageOfPage":{"@id":"https:\/\/diarioprincipios.com\/index.php\/2020\/06\/03\/la-unaj-y-el-sueno-del-campus-universitario-propio\/#primaryimage"},"image":{"@id":"https:\/\/diarioprincipios.com\/index.php\/2020\/06\/03\/la-unaj-y-el-sueno-del-campus-universitario-propio\/#primaryimage"},"thumbnailUrl":"https:\/\/diarioprincipios.com\/wp-content\/uploads\/2020\/06\/suenos-estelares-1.jpg","datePublished":"2020-06-03T22:06:17+00:00","dateModified":"2020-06-03T22:06:18+00:00","breadcrumb":{"@id":"https:\/\/diarioprincipios.com\/index.php\/2020\/06\/03\/la-unaj-y-el-sueno-del-campus-universitario-propio\/#breadcrumb"},"inLanguage":"es","potentialAction":[{"@type":"ReadAction","target":["https:\/\/diarioprincipios.com\/index.php\/2020\/06\/03\/la-unaj-y-el-sueno-del-campus-universitario-propio\/"]}]},{"@type":"ImageObject","inLanguage":"es","@id":"https:\/\/diarioprincipios.com\/index.php\/2020\/06\/03\/la-unaj-y-el-sueno-del-campus-universitario-propio\/#primaryimage","url":"https:\/\/diarioprincipios.com\/wp-content\/uploads\/2020\/06\/suenos-estelares-1.jpg","contentUrl":"https:\/\/diarioprincipios.com\/wp-content\/uploads\/2020\/06\/suenos-estelares-1.jpg","width":680,"height":382},{"@type":"BreadcrumbList","@id":"https:\/\/diarioprincipios.com\/index.php\/2020\/06\/03\/la-unaj-y-el-sueno-del-campus-universitario-propio\/#breadcrumb","itemListElement":[{"@type":"ListItem","position":1,"name":"Portada","item":"https:\/\/diarioprincipios.com\/"},{"@type":"ListItem","position":2,"name":"La UNAJ y el sue\u00f1o del campus universitario propio"}]},{"@type":"WebSite","@id":"https:\/\/diarioprincipios.com\/#website","url":"https:\/\/diarioprincipios.com\/","name":"Principios","description":"Principios Diario","publisher":{"@id":"https:\/\/diarioprincipios.com\/#organization"},"potentialAction":[{"@type":"SearchAction","target":{"@type":"EntryPoint","urlTemplate":"https:\/\/diarioprincipios.com\/?s={search_term_string}"},"query-input":{"@type":"PropertyValueSpecification","valueRequired":true,"valueName":"search_term_string"}}],"inLanguage":"es"},{"@type":"Organization","@id":"https:\/\/diarioprincipios.com\/#organization","name":"Principios","url":"https:\/\/diarioprincipios.com\/","logo":{"@type":"ImageObject","inLanguage":"es","@id":"https:\/\/diarioprincipios.com\/#\/schema\/logo\/image\/","url":"https:\/\/diarioprincipios.com\/wp-content\/uploads\/2024\/04\/cropped-www.diarioprincipios.com_-1.png","contentUrl":"https:\/\/diarioprincipios.com\/wp-content\/uploads\/2024\/04\/cropped-www.diarioprincipios.com_-1.png","width":5325,"height":1454,"caption":"Principios"},"image":{"@id":"https:\/\/diarioprincipios.com\/#\/schema\/logo\/image\/"}},{"@type":"Person","@id":"https:\/\/diarioprincipios.com\/#\/schema\/person\/436d5a1fd41a5e250e23ff5a6a7cb080","name":"Hern\u00e1n L\u00f3pez","image":{"@type":"ImageObject","inLanguage":"es","@id":"https:\/\/diarioprincipios.com\/wp-content\/litespeed\/avatar\/11ddfe5610ff3bd100522525b2571f48.jpg?ver=1777653193","url":"https:\/\/diarioprincipios.com\/wp-content\/litespeed\/avatar\/11ddfe5610ff3bd100522525b2571f48.jpg?ver=1777653193","contentUrl":"https:\/\/diarioprincipios.com\/wp-content\/litespeed\/avatar\/11ddfe5610ff3bd100522525b2571f48.jpg?ver=1777653193","caption":"Hern\u00e1n L\u00f3pez"},"url":"https:\/\/diarioprincipios.com\/index.php\/author\/hernan\/"}]}},"jetpack_featured_media_url":"https:\/\/diarioprincipios.com\/wp-content\/uploads\/2020\/06\/suenos-estelares-1.jpg","_links":{"self":[{"href":"https:\/\/diarioprincipios.com\/index.php\/wp-json\/wp\/v2\/posts\/2464","targetHints":{"allow":["GET"]}}],"collection":[{"href":"https:\/\/diarioprincipios.com\/index.php\/wp-json\/wp\/v2\/posts"}],"about":[{"href":"https:\/\/diarioprincipios.com\/index.php\/wp-json\/wp\/v2\/types\/post"}],"author":[{"embeddable":true,"href":"https:\/\/diarioprincipios.com\/index.php\/wp-json\/wp\/v2\/users\/2"}],"replies":[{"embeddable":true,"href":"https:\/\/diarioprincipios.com\/index.php\/wp-json\/wp\/v2\/comments?post=2464"}],"version-history":[{"count":1,"href":"https:\/\/diarioprincipios.com\/index.php\/wp-json\/wp\/v2\/posts\/2464\/revisions"}],"predecessor-version":[{"id":2466,"href":"https:\/\/diarioprincipios.com\/index.php\/wp-json\/wp\/v2\/posts\/2464\/revisions\/2466"}],"wp:featuredmedia":[{"embeddable":true,"href":"https:\/\/diarioprincipios.com\/index.php\/wp-json\/wp\/v2\/media\/2465"}],"wp:attachment":[{"href":"https:\/\/diarioprincipios.com\/index.php\/wp-json\/wp\/v2\/media?parent=2464"}],"wp:term":[{"taxonomy":"category","embeddable":true,"href":"https:\/\/diarioprincipios.com\/index.php\/wp-json\/wp\/v2\/categories?post=2464"},{"taxonomy":"post_tag","embeddable":true,"href":"https:\/\/diarioprincipios.com\/index.php\/wp-json\/wp\/v2\/tags?post=2464"}],"curies":[{"name":"wp","href":"https:\/\/api.w.org\/{rel}","templated":true}]}}