{"id":24636,"date":"2025-05-13T11:58:50","date_gmt":"2025-05-13T14:58:50","guid":{"rendered":"https:\/\/diarioprincipios.com\/?p=24636"},"modified":"2025-05-13T11:58:51","modified_gmt":"2025-05-13T14:58:51","slug":"renuevan-el-complejo-cultural-del-golf-roberto-de-vicenzo","status":"publish","type":"post","link":"https:\/\/diarioprincipios.com\/index.php\/2025\/05\/13\/renuevan-el-complejo-cultural-del-golf-roberto-de-vicenzo\/","title":{"rendered":"Renuevan el Complejo Cultural del Golf Roberto De Vicenzo"},"content":{"rendered":"\n<p><strong>Contin\u00faan las obras de renovaci\u00f3n y puesta en valor del Museo Municipal y de las aulas del \u00e1rea educativa de este Complejo Cultural Municipal. Los trabajos ya avanzaron en un 50% y se realizan con financiamiento \u00edntegramente municipal. El objetivo es restaurar las instalaciones para brindar un servicio de mayor calidad a los vecinos y vecinas.<\/strong><br>El arquitecto Juan Glerean, director de Proyectos Arquitect\u00f3nicos de la Secretar\u00eda de Cultura y Educaci\u00f3n, inform\u00f3: \u201cSe est\u00e1n realizando las tareas de reparaci\u00f3n y pintura de mamposter\u00edas que ten\u00edan microfisuras, debido a la inestabilidad del suelo. Los trabajos se realizan en el sector del Museo y del \u00e1rea educativa, en planta baja, alta y el exterior. La obra tiene un plazo de tres meses, ya avanz\u00f3 en un 50% y se hizo por etapas. Los trabajos en la escuela est\u00e1n terminados y ya se est\u00e1n dictando las clases. Pronto se van a encontrar con un Museo totalmente pintado y renovado, tanto en su est\u00e9tica como en su museograf\u00eda. El objetivo es mejorar la calidad de los servicios que se brindan en este espacio\u201d.<\/p>\n\n\n\n<figure class=\"wp-block-image size-large\"><img loading=\"lazy\" decoding=\"async\" width=\"1024\" height=\"683\" src=\"https:\/\/diarioprincipios.com\/wp-content\/uploads\/2025\/05\/RENUEVAN-EL-COMPLEJO-CULTURAL-DEL-GOLF-ROBERTO-DE-VICENZO-3-1024x683.jpg\" alt=\"\" class=\"wp-image-24637\" srcset=\"https:\/\/diarioprincipios.com\/wp-content\/uploads\/2025\/05\/RENUEVAN-EL-COMPLEJO-CULTURAL-DEL-GOLF-ROBERTO-DE-VICENZO-3-1024x683.jpg 1024w, https:\/\/diarioprincipios.com\/wp-content\/uploads\/2025\/05\/RENUEVAN-EL-COMPLEJO-CULTURAL-DEL-GOLF-ROBERTO-DE-VICENZO-3-300x200.jpg 300w, https:\/\/diarioprincipios.com\/wp-content\/uploads\/2025\/05\/RENUEVAN-EL-COMPLEJO-CULTURAL-DEL-GOLF-ROBERTO-DE-VICENZO-3-768x512.jpg 768w, https:\/\/diarioprincipios.com\/wp-content\/uploads\/2025\/05\/RENUEVAN-EL-COMPLEJO-CULTURAL-DEL-GOLF-ROBERTO-DE-VICENZO-3-1536x1025.jpg 1536w, https:\/\/diarioprincipios.com\/wp-content\/uploads\/2025\/05\/RENUEVAN-EL-COMPLEJO-CULTURAL-DEL-GOLF-ROBERTO-DE-VICENZO-3-600x400.jpg 600w, https:\/\/diarioprincipios.com\/wp-content\/uploads\/2025\/05\/RENUEVAN-EL-COMPLEJO-CULTURAL-DEL-GOLF-ROBERTO-DE-VICENZO-3.jpg 1920w\" sizes=\"auto, (max-width: 1024px) 100vw, 1024px\" \/><\/figure>\n\n\n\n<p><br>Por su parte, Camila Bustamante, directora de Museos Municipales de Berazategui, se\u00f1al\u00f3: \u201cLa idea es estabilizar las estructuras y refuncionalizarlas para que los vecinos y vecinas puedan seguir disfrutando del espacio de cada una de las salas, compartiendo las historias de toda la comunidad y form\u00e1ndose en las aulas talleres del \u00e1rea educativa. Estas tareas se realizan con el apoyo de la Secretar\u00eda de Cultura y Educaci\u00f3n y el impulso del intendente Juan Jos\u00e9 Mussi\u201d.<br>Y afirm\u00f3: \u201cCuando finalicen, los vecinos podr\u00e1n encontrarse con una museograf\u00eda renovada, con la sala permanente donde contamos la historia de Roberto De Vicenzo y una exposici\u00f3n temporal que cuenta la historia de la casa y el barrio\u201d.<br>Para conocer m\u00e1s obras en el distrito, se puede ingresar en\u00a0<a href=\"http:\/\/berazategui.gob.ar\/obrasygestion\" target=\"_blank\" rel=\"noreferrer noopener\">berazategui.gob.ar\/obrasygestion<\/a>.<\/p>\n","protected":false},"excerpt":{"rendered":"<p>Contin\u00faan las obras de renovaci\u00f3n y puesta en valor del Museo Municipal y de las aulas del \u00e1rea educativa de este Complejo Cultural Municipal. Los trabajos ya avanzaron en un 50% y se realizan con financiamiento \u00edntegramente municipal. El objetivo es restaurar las instalaciones para brindar un servicio de mayor calidad a los vecinos y&#8230;<\/p>\n","protected":false},"author":2,"featured_media":24638,"comment_status":"open","ping_status":"open","sticky":false,"template":"","format":"standard","meta":{"footnotes":""},"categories":[3,19],"tags":[],"class_list":["post-24636","post","type-post","status-publish","format-standard","has-post-thumbnail","hentry","category-berazategui","category-cultura-educacion"],"featured_image_src":"https:\/\/diarioprincipios.com\/wp-content\/uploads\/2025\/05\/RENUEVAN-EL-COMPLEJO-CULTURAL-DEL-GOLF-ROBERTO-DE-VICENZO-4-1024x683.jpg","blog_images":{"medium":"https:\/\/diarioprincipios.com\/wp-content\/uploads\/2025\/05\/RENUEVAN-EL-COMPLEJO-CULTURAL-DEL-GOLF-ROBERTO-DE-VICENZO-4-300x200.jpg","large":"https:\/\/diarioprincipios.com\/wp-content\/uploads\/2025\/05\/RENUEVAN-EL-COMPLEJO-CULTURAL-DEL-GOLF-ROBERTO-DE-VICENZO-4-1024x683.jpg"},"ams_acf":[],"yoast_head":"<!-- This site is optimized with the Yoast SEO plugin v27.3 - https:\/\/yoast.com\/product\/yoast-seo-wordpress\/ -->\n<title>Renuevan el Complejo Cultural del Golf Roberto De Vicenzo - Principios<\/title>\n<meta name=\"robots\" content=\"index, follow, max-snippet:-1, max-image-preview:large, max-video-preview:-1\" \/>\n<link rel=\"canonical\" href=\"https:\/\/diarioprincipios.com\/index.php\/2025\/05\/13\/renuevan-el-complejo-cultural-del-golf-roberto-de-vicenzo\/\" \/>\n<meta property=\"og:locale\" content=\"es_ES\" \/>\n<meta property=\"og:type\" content=\"article\" \/>\n<meta property=\"og:title\" content=\"Renuevan el Complejo Cultural del Golf Roberto De Vicenzo - Principios\" \/>\n<meta property=\"og:description\" content=\"Contin\u00faan las obras de renovaci\u00f3n y puesta en valor del Museo Municipal y de las aulas del \u00e1rea educativa de este Complejo Cultural Municipal. Los trabajos ya avanzaron en un 50% y se realizan con financiamiento \u00edntegramente municipal. El objetivo es restaurar las instalaciones para brindar un servicio de mayor calidad a los vecinos y...\" \/>\n<meta property=\"og:url\" content=\"https:\/\/diarioprincipios.com\/index.php\/2025\/05\/13\/renuevan-el-complejo-cultural-del-golf-roberto-de-vicenzo\/\" \/>\n<meta property=\"og:site_name\" content=\"Principios\" \/>\n<meta property=\"article:published_time\" content=\"2025-05-13T14:58:50+00:00\" \/>\n<meta property=\"article:modified_time\" content=\"2025-05-13T14:58:51+00:00\" \/>\n<meta property=\"og:image\" content=\"https:\/\/diarioprincipios.com\/wp-content\/uploads\/2025\/05\/RENUEVAN-EL-COMPLEJO-CULTURAL-DEL-GOLF-ROBERTO-DE-VICENZO-4.jpg\" \/>\n\t<meta property=\"og:image:width\" content=\"1920\" \/>\n\t<meta property=\"og:image:height\" content=\"1281\" \/>\n\t<meta property=\"og:image:type\" content=\"image\/jpeg\" \/>\n<meta name=\"author\" content=\"Hern\u00e1n L\u00f3pez\" \/>\n<meta name=\"twitter:card\" content=\"summary_large_image\" \/>\n<meta name=\"twitter:label1\" content=\"Escrito por\" \/>\n\t<meta name=\"twitter:data1\" content=\"Hern\u00e1n L\u00f3pez\" \/>\n\t<meta name=\"twitter:label2\" content=\"Tiempo de lectura\" \/>\n\t<meta name=\"twitter:data2\" content=\"2 minutos\" \/>\n<script type=\"application\/ld+json\" class=\"yoast-schema-graph\">{\"@context\":\"https:\\\/\\\/schema.org\",\"@graph\":[{\"@type\":\"Article\",\"@id\":\"https:\\\/\\\/diarioprincipios.com\\\/index.php\\\/2025\\\/05\\\/13\\\/renuevan-el-complejo-cultural-del-golf-roberto-de-vicenzo\\\/#article\",\"isPartOf\":{\"@id\":\"https:\\\/\\\/diarioprincipios.com\\\/index.php\\\/2025\\\/05\\\/13\\\/renuevan-el-complejo-cultural-del-golf-roberto-de-vicenzo\\\/\"},\"author\":{\"name\":\"Hern\u00e1n L\u00f3pez\",\"@id\":\"https:\\\/\\\/diarioprincipios.com\\\/#\\\/schema\\\/person\\\/436d5a1fd41a5e250e23ff5a6a7cb080\"},\"headline\":\"Renuevan el Complejo Cultural del Golf Roberto De Vicenzo\",\"datePublished\":\"2025-05-13T14:58:50+00:00\",\"dateModified\":\"2025-05-13T14:58:51+00:00\",\"mainEntityOfPage\":{\"@id\":\"https:\\\/\\\/diarioprincipios.com\\\/index.php\\\/2025\\\/05\\\/13\\\/renuevan-el-complejo-cultural-del-golf-roberto-de-vicenzo\\\/\"},\"wordCount\":335,\"commentCount\":0,\"publisher\":{\"@id\":\"https:\\\/\\\/diarioprincipios.com\\\/#organization\"},\"image\":{\"@id\":\"https:\\\/\\\/diarioprincipios.com\\\/index.php\\\/2025\\\/05\\\/13\\\/renuevan-el-complejo-cultural-del-golf-roberto-de-vicenzo\\\/#primaryimage\"},\"thumbnailUrl\":\"https:\\\/\\\/diarioprincipios.com\\\/wp-content\\\/uploads\\\/2025\\\/05\\\/RENUEVAN-EL-COMPLEJO-CULTURAL-DEL-GOLF-ROBERTO-DE-VICENZO-4.jpg\",\"articleSection\":[\"Berazategui\",\"Cultura y Educaci\u00f3n\"],\"inLanguage\":\"es\",\"potentialAction\":[{\"@type\":\"CommentAction\",\"name\":\"Comment\",\"target\":[\"https:\\\/\\\/diarioprincipios.com\\\/index.php\\\/2025\\\/05\\\/13\\\/renuevan-el-complejo-cultural-del-golf-roberto-de-vicenzo\\\/#respond\"]}]},{\"@type\":\"WebPage\",\"@id\":\"https:\\\/\\\/diarioprincipios.com\\\/index.php\\\/2025\\\/05\\\/13\\\/renuevan-el-complejo-cultural-del-golf-roberto-de-vicenzo\\\/\",\"url\":\"https:\\\/\\\/diarioprincipios.com\\\/index.php\\\/2025\\\/05\\\/13\\\/renuevan-el-complejo-cultural-del-golf-roberto-de-vicenzo\\\/\",\"name\":\"Renuevan el Complejo Cultural del Golf Roberto De Vicenzo - Principios\",\"isPartOf\":{\"@id\":\"https:\\\/\\\/diarioprincipios.com\\\/#website\"},\"primaryImageOfPage\":{\"@id\":\"https:\\\/\\\/diarioprincipios.com\\\/index.php\\\/2025\\\/05\\\/13\\\/renuevan-el-complejo-cultural-del-golf-roberto-de-vicenzo\\\/#primaryimage\"},\"image\":{\"@id\":\"https:\\\/\\\/diarioprincipios.com\\\/index.php\\\/2025\\\/05\\\/13\\\/renuevan-el-complejo-cultural-del-golf-roberto-de-vicenzo\\\/#primaryimage\"},\"thumbnailUrl\":\"https:\\\/\\\/diarioprincipios.com\\\/wp-content\\\/uploads\\\/2025\\\/05\\\/RENUEVAN-EL-COMPLEJO-CULTURAL-DEL-GOLF-ROBERTO-DE-VICENZO-4.jpg\",\"datePublished\":\"2025-05-13T14:58:50+00:00\",\"dateModified\":\"2025-05-13T14:58:51+00:00\",\"breadcrumb\":{\"@id\":\"https:\\\/\\\/diarioprincipios.com\\\/index.php\\\/2025\\\/05\\\/13\\\/renuevan-el-complejo-cultural-del-golf-roberto-de-vicenzo\\\/#breadcrumb\"},\"inLanguage\":\"es\",\"potentialAction\":[{\"@type\":\"ReadAction\",\"target\":[\"https:\\\/\\\/diarioprincipios.com\\\/index.php\\\/2025\\\/05\\\/13\\\/renuevan-el-complejo-cultural-del-golf-roberto-de-vicenzo\\\/\"]}]},{\"@type\":\"ImageObject\",\"inLanguage\":\"es\",\"@id\":\"https:\\\/\\\/diarioprincipios.com\\\/index.php\\\/2025\\\/05\\\/13\\\/renuevan-el-complejo-cultural-del-golf-roberto-de-vicenzo\\\/#primaryimage\",\"url\":\"https:\\\/\\\/diarioprincipios.com\\\/wp-content\\\/uploads\\\/2025\\\/05\\\/RENUEVAN-EL-COMPLEJO-CULTURAL-DEL-GOLF-ROBERTO-DE-VICENZO-4.jpg\",\"contentUrl\":\"https:\\\/\\\/diarioprincipios.com\\\/wp-content\\\/uploads\\\/2025\\\/05\\\/RENUEVAN-EL-COMPLEJO-CULTURAL-DEL-GOLF-ROBERTO-DE-VICENZO-4.jpg\",\"width\":1920,\"height\":1281},{\"@type\":\"BreadcrumbList\",\"@id\":\"https:\\\/\\\/diarioprincipios.com\\\/index.php\\\/2025\\\/05\\\/13\\\/renuevan-el-complejo-cultural-del-golf-roberto-de-vicenzo\\\/#breadcrumb\",\"itemListElement\":[{\"@type\":\"ListItem\",\"position\":1,\"name\":\"Portada\",\"item\":\"https:\\\/\\\/diarioprincipios.com\\\/\"},{\"@type\":\"ListItem\",\"position\":2,\"name\":\"Renuevan el Complejo Cultural del Golf Roberto De Vicenzo\"}]},{\"@type\":\"WebSite\",\"@id\":\"https:\\\/\\\/diarioprincipios.com\\\/#website\",\"url\":\"https:\\\/\\\/diarioprincipios.com\\\/\",\"name\":\"Principios\",\"description\":\"Principios Diario\",\"publisher\":{\"@id\":\"https:\\\/\\\/diarioprincipios.com\\\/#organization\"},\"potentialAction\":[{\"@type\":\"SearchAction\",\"target\":{\"@type\":\"EntryPoint\",\"urlTemplate\":\"https:\\\/\\\/diarioprincipios.com\\\/?s={search_term_string}\"},\"query-input\":{\"@type\":\"PropertyValueSpecification\",\"valueRequired\":true,\"valueName\":\"search_term_string\"}}],\"inLanguage\":\"es\"},{\"@type\":\"Organization\",\"@id\":\"https:\\\/\\\/diarioprincipios.com\\\/#organization\",\"name\":\"Principios\",\"url\":\"https:\\\/\\\/diarioprincipios.com\\\/\",\"logo\":{\"@type\":\"ImageObject\",\"inLanguage\":\"es\",\"@id\":\"https:\\\/\\\/diarioprincipios.com\\\/#\\\/schema\\\/logo\\\/image\\\/\",\"url\":\"https:\\\/\\\/diarioprincipios.com\\\/wp-content\\\/uploads\\\/2024\\\/04\\\/cropped-www.diarioprincipios.com_-1.png\",\"contentUrl\":\"https:\\\/\\\/diarioprincipios.com\\\/wp-content\\\/uploads\\\/2024\\\/04\\\/cropped-www.diarioprincipios.com_-1.png\",\"width\":5325,\"height\":1454,\"caption\":\"Principios\"},\"image\":{\"@id\":\"https:\\\/\\\/diarioprincipios.com\\\/#\\\/schema\\\/logo\\\/image\\\/\"}},{\"@type\":\"Person\",\"@id\":\"https:\\\/\\\/diarioprincipios.com\\\/#\\\/schema\\\/person\\\/436d5a1fd41a5e250e23ff5a6a7cb080\",\"name\":\"Hern\u00e1n L\u00f3pez\",\"image\":{\"@type\":\"ImageObject\",\"inLanguage\":\"es\",\"@id\":\"https:\\\/\\\/diarioprincipios.com\\\/wp-content\\\/litespeed\\\/avatar\\\/11ddfe5610ff3bd100522525b2571f48.jpg?ver=1777048341\",\"url\":\"https:\\\/\\\/diarioprincipios.com\\\/wp-content\\\/litespeed\\\/avatar\\\/11ddfe5610ff3bd100522525b2571f48.jpg?ver=1777048341\",\"contentUrl\":\"https:\\\/\\\/diarioprincipios.com\\\/wp-content\\\/litespeed\\\/avatar\\\/11ddfe5610ff3bd100522525b2571f48.jpg?ver=1777048341\",\"caption\":\"Hern\u00e1n L\u00f3pez\"},\"url\":\"https:\\\/\\\/diarioprincipios.com\\\/index.php\\\/author\\\/hernan\\\/\"}]}<\/script>\n<!-- \/ Yoast SEO plugin. -->","yoast_head_json":{"title":"Renuevan el Complejo Cultural del Golf Roberto De Vicenzo - Principios","robots":{"index":"index","follow":"follow","max-snippet":"max-snippet:-1","max-image-preview":"max-image-preview:large","max-video-preview":"max-video-preview:-1"},"canonical":"https:\/\/diarioprincipios.com\/index.php\/2025\/05\/13\/renuevan-el-complejo-cultural-del-golf-roberto-de-vicenzo\/","og_locale":"es_ES","og_type":"article","og_title":"Renuevan el Complejo Cultural del Golf Roberto De Vicenzo - Principios","og_description":"Contin\u00faan las obras de renovaci\u00f3n y puesta en valor del Museo Municipal y de las aulas del \u00e1rea educativa de este Complejo Cultural Municipal. Los trabajos ya avanzaron en un 50% y se realizan con financiamiento \u00edntegramente municipal. El objetivo es restaurar las instalaciones para brindar un servicio de mayor calidad a los vecinos y...","og_url":"https:\/\/diarioprincipios.com\/index.php\/2025\/05\/13\/renuevan-el-complejo-cultural-del-golf-roberto-de-vicenzo\/","og_site_name":"Principios","article_published_time":"2025-05-13T14:58:50+00:00","article_modified_time":"2025-05-13T14:58:51+00:00","og_image":[{"width":1920,"height":1281,"url":"https:\/\/diarioprincipios.com\/wp-content\/uploads\/2025\/05\/RENUEVAN-EL-COMPLEJO-CULTURAL-DEL-GOLF-ROBERTO-DE-VICENZO-4.jpg","type":"image\/jpeg"}],"author":"Hern\u00e1n L\u00f3pez","twitter_card":"summary_large_image","twitter_misc":{"Escrito por":"Hern\u00e1n L\u00f3pez","Tiempo de lectura":"2 minutos"},"schema":{"@context":"https:\/\/schema.org","@graph":[{"@type":"Article","@id":"https:\/\/diarioprincipios.com\/index.php\/2025\/05\/13\/renuevan-el-complejo-cultural-del-golf-roberto-de-vicenzo\/#article","isPartOf":{"@id":"https:\/\/diarioprincipios.com\/index.php\/2025\/05\/13\/renuevan-el-complejo-cultural-del-golf-roberto-de-vicenzo\/"},"author":{"name":"Hern\u00e1n L\u00f3pez","@id":"https:\/\/diarioprincipios.com\/#\/schema\/person\/436d5a1fd41a5e250e23ff5a6a7cb080"},"headline":"Renuevan el Complejo Cultural del Golf Roberto De Vicenzo","datePublished":"2025-05-13T14:58:50+00:00","dateModified":"2025-05-13T14:58:51+00:00","mainEntityOfPage":{"@id":"https:\/\/diarioprincipios.com\/index.php\/2025\/05\/13\/renuevan-el-complejo-cultural-del-golf-roberto-de-vicenzo\/"},"wordCount":335,"commentCount":0,"publisher":{"@id":"https:\/\/diarioprincipios.com\/#organization"},"image":{"@id":"https:\/\/diarioprincipios.com\/index.php\/2025\/05\/13\/renuevan-el-complejo-cultural-del-golf-roberto-de-vicenzo\/#primaryimage"},"thumbnailUrl":"https:\/\/diarioprincipios.com\/wp-content\/uploads\/2025\/05\/RENUEVAN-EL-COMPLEJO-CULTURAL-DEL-GOLF-ROBERTO-DE-VICENZO-4.jpg","articleSection":["Berazategui","Cultura y Educaci\u00f3n"],"inLanguage":"es","potentialAction":[{"@type":"CommentAction","name":"Comment","target":["https:\/\/diarioprincipios.com\/index.php\/2025\/05\/13\/renuevan-el-complejo-cultural-del-golf-roberto-de-vicenzo\/#respond"]}]},{"@type":"WebPage","@id":"https:\/\/diarioprincipios.com\/index.php\/2025\/05\/13\/renuevan-el-complejo-cultural-del-golf-roberto-de-vicenzo\/","url":"https:\/\/diarioprincipios.com\/index.php\/2025\/05\/13\/renuevan-el-complejo-cultural-del-golf-roberto-de-vicenzo\/","name":"Renuevan el Complejo Cultural del Golf Roberto De Vicenzo - Principios","isPartOf":{"@id":"https:\/\/diarioprincipios.com\/#website"},"primaryImageOfPage":{"@id":"https:\/\/diarioprincipios.com\/index.php\/2025\/05\/13\/renuevan-el-complejo-cultural-del-golf-roberto-de-vicenzo\/#primaryimage"},"image":{"@id":"https:\/\/diarioprincipios.com\/index.php\/2025\/05\/13\/renuevan-el-complejo-cultural-del-golf-roberto-de-vicenzo\/#primaryimage"},"thumbnailUrl":"https:\/\/diarioprincipios.com\/wp-content\/uploads\/2025\/05\/RENUEVAN-EL-COMPLEJO-CULTURAL-DEL-GOLF-ROBERTO-DE-VICENZO-4.jpg","datePublished":"2025-05-13T14:58:50+00:00","dateModified":"2025-05-13T14:58:51+00:00","breadcrumb":{"@id":"https:\/\/diarioprincipios.com\/index.php\/2025\/05\/13\/renuevan-el-complejo-cultural-del-golf-roberto-de-vicenzo\/#breadcrumb"},"inLanguage":"es","potentialAction":[{"@type":"ReadAction","target":["https:\/\/diarioprincipios.com\/index.php\/2025\/05\/13\/renuevan-el-complejo-cultural-del-golf-roberto-de-vicenzo\/"]}]},{"@type":"ImageObject","inLanguage":"es","@id":"https:\/\/diarioprincipios.com\/index.php\/2025\/05\/13\/renuevan-el-complejo-cultural-del-golf-roberto-de-vicenzo\/#primaryimage","url":"https:\/\/diarioprincipios.com\/wp-content\/uploads\/2025\/05\/RENUEVAN-EL-COMPLEJO-CULTURAL-DEL-GOLF-ROBERTO-DE-VICENZO-4.jpg","contentUrl":"https:\/\/diarioprincipios.com\/wp-content\/uploads\/2025\/05\/RENUEVAN-EL-COMPLEJO-CULTURAL-DEL-GOLF-ROBERTO-DE-VICENZO-4.jpg","width":1920,"height":1281},{"@type":"BreadcrumbList","@id":"https:\/\/diarioprincipios.com\/index.php\/2025\/05\/13\/renuevan-el-complejo-cultural-del-golf-roberto-de-vicenzo\/#breadcrumb","itemListElement":[{"@type":"ListItem","position":1,"name":"Portada","item":"https:\/\/diarioprincipios.com\/"},{"@type":"ListItem","position":2,"name":"Renuevan el Complejo Cultural del Golf Roberto De Vicenzo"}]},{"@type":"WebSite","@id":"https:\/\/diarioprincipios.com\/#website","url":"https:\/\/diarioprincipios.com\/","name":"Principios","description":"Principios Diario","publisher":{"@id":"https:\/\/diarioprincipios.com\/#organization"},"potentialAction":[{"@type":"SearchAction","target":{"@type":"EntryPoint","urlTemplate":"https:\/\/diarioprincipios.com\/?s={search_term_string}"},"query-input":{"@type":"PropertyValueSpecification","valueRequired":true,"valueName":"search_term_string"}}],"inLanguage":"es"},{"@type":"Organization","@id":"https:\/\/diarioprincipios.com\/#organization","name":"Principios","url":"https:\/\/diarioprincipios.com\/","logo":{"@type":"ImageObject","inLanguage":"es","@id":"https:\/\/diarioprincipios.com\/#\/schema\/logo\/image\/","url":"https:\/\/diarioprincipios.com\/wp-content\/uploads\/2024\/04\/cropped-www.diarioprincipios.com_-1.png","contentUrl":"https:\/\/diarioprincipios.com\/wp-content\/uploads\/2024\/04\/cropped-www.diarioprincipios.com_-1.png","width":5325,"height":1454,"caption":"Principios"},"image":{"@id":"https:\/\/diarioprincipios.com\/#\/schema\/logo\/image\/"}},{"@type":"Person","@id":"https:\/\/diarioprincipios.com\/#\/schema\/person\/436d5a1fd41a5e250e23ff5a6a7cb080","name":"Hern\u00e1n L\u00f3pez","image":{"@type":"ImageObject","inLanguage":"es","@id":"https:\/\/diarioprincipios.com\/wp-content\/litespeed\/avatar\/11ddfe5610ff3bd100522525b2571f48.jpg?ver=1777048341","url":"https:\/\/diarioprincipios.com\/wp-content\/litespeed\/avatar\/11ddfe5610ff3bd100522525b2571f48.jpg?ver=1777048341","contentUrl":"https:\/\/diarioprincipios.com\/wp-content\/litespeed\/avatar\/11ddfe5610ff3bd100522525b2571f48.jpg?ver=1777048341","caption":"Hern\u00e1n L\u00f3pez"},"url":"https:\/\/diarioprincipios.com\/index.php\/author\/hernan\/"}]}},"jetpack_featured_media_url":"https:\/\/diarioprincipios.com\/wp-content\/uploads\/2025\/05\/RENUEVAN-EL-COMPLEJO-CULTURAL-DEL-GOLF-ROBERTO-DE-VICENZO-4.jpg","_links":{"self":[{"href":"https:\/\/diarioprincipios.com\/index.php\/wp-json\/wp\/v2\/posts\/24636","targetHints":{"allow":["GET"]}}],"collection":[{"href":"https:\/\/diarioprincipios.com\/index.php\/wp-json\/wp\/v2\/posts"}],"about":[{"href":"https:\/\/diarioprincipios.com\/index.php\/wp-json\/wp\/v2\/types\/post"}],"author":[{"embeddable":true,"href":"https:\/\/diarioprincipios.com\/index.php\/wp-json\/wp\/v2\/users\/2"}],"replies":[{"embeddable":true,"href":"https:\/\/diarioprincipios.com\/index.php\/wp-json\/wp\/v2\/comments?post=24636"}],"version-history":[{"count":1,"href":"https:\/\/diarioprincipios.com\/index.php\/wp-json\/wp\/v2\/posts\/24636\/revisions"}],"predecessor-version":[{"id":24639,"href":"https:\/\/diarioprincipios.com\/index.php\/wp-json\/wp\/v2\/posts\/24636\/revisions\/24639"}],"wp:featuredmedia":[{"embeddable":true,"href":"https:\/\/diarioprincipios.com\/index.php\/wp-json\/wp\/v2\/media\/24638"}],"wp:attachment":[{"href":"https:\/\/diarioprincipios.com\/index.php\/wp-json\/wp\/v2\/media?parent=24636"}],"wp:term":[{"taxonomy":"category","embeddable":true,"href":"https:\/\/diarioprincipios.com\/index.php\/wp-json\/wp\/v2\/categories?post=24636"},{"taxonomy":"post_tag","embeddable":true,"href":"https:\/\/diarioprincipios.com\/index.php\/wp-json\/wp\/v2\/tags?post=24636"}],"curies":[{"name":"wp","href":"https:\/\/api.w.org\/{rel}","templated":true}]}}